{"id":25880,"date":"2024-11-01T17:23:57","date_gmt":"2024-11-01T16:23:57","guid":{"rendered":"https:\/\/snuipp86.fr\/?p=25880"},"modified":"2024-11-03T20:42:57","modified_gmt":"2024-11-03T19:42:57","slug":"gt-redecoupage-circonscriptions-26-septembre-2024","status":"publish","type":"post","link":"https:\/\/snuipp86.fr\/index.php\/2024\/11\/01\/gt-redecoupage-circonscriptions-26-septembre-2024\/","title":{"rendered":"GT red\u00e9coupage circonscriptions &#8211; 26 septembre 2024"},"content":{"rendered":"<p>Etaient pr\u00e9sent-es : <i>M. Artaud (IENA), DOSES (Mme Pionnier, Mme Librero) 6 IEN (IEN Montmorillon, IEN Lenclo\u00eetre, IEN Poitiers Nord, IEN Poitiers Ouest, IEN Poitiers Est, IEN Poitiers Sud), <\/i><span style=\"color: #ff0000;\"><b><i>5<\/i><\/b> <b><i>FSU-CGT Educ\u2019action<\/i><\/b><\/span><i>,<\/i><i> 2 UNSA, 2 FO<\/i><\/p>\n<p>La FSU-SNUipp 86 vous propose ce retour sur les premi\u00e8res hypoth\u00e8ses et propositions de la DSDEN pour faire \u00e9voluer les circonscriptions. Selon l&rsquo;IENA, ce ne sont encore que des projets qui vont \u00e9voluer d&rsquo;ici la remont\u00e9e au minist\u00e8re pr\u00e9vue pour le 1er novembre. Un autre groupe de travail va se tenir sur ce sujet avant les vacances d&rsquo;octobre. Faites nous remonter vos analyses, commentaires et questions sur ces projets en <a href=\"https:\/\/snuipp86.fr\/index.php\/contact\/\">nous \u00e9crivant sur ce lien<\/a>.<\/p>\n<p>&nbsp;<\/p>\n<h1><span style=\"color: #0000ff;\"><b>Pistes de modifications des circos<\/b><\/span><\/h1>\n<p>Plusieurs objectifs sont annonc\u00e9s selon l\u2019IENA :<\/p>\n<ul>\n<li aria-level=\"1\">r\u00e9\u00e9quilibrer les circonscriptions en termes d\u2019effectifs, car il y 500 \u00e9l\u00e8ves en moins dans le d\u00e9partement en moyenne ces derni\u00e8res ann\u00e9es, r\u00e9partis diff\u00e9remment<\/li>\n<li aria-level=\"1\">prendre compte des p\u00e9rim\u00e8tres des EPCI de plus en plus nombreux<\/li>\n<li aria-level=\"1\">r\u00e9unir l\u2019\u00e9ducation prioritaire de la Ville de Poitiers sur une m\u00eame circonscription<\/li>\n<li aria-level=\"1\">\u00e9quilibrer circonscription de Montmorillon, d\u00e9j\u00e0 trop grande en taille mais avec peu d\u2019\u00e9l\u00e8ves<\/li>\n<\/ul>\n<p>&nbsp;<\/p>\n<p style=\"text-align: center;\"><span style=\"color: #ff0000;\"><strong>Projet pr\u00e9sent\u00e9<\/strong> <\/span><\/p>\n<p><img decoding=\"async\" class=\"alignnone size-medium wp-image-25972\" src=\"https:\/\/snuipp86.fr\/wp-content\/uploads\/2024\/09\/circo-2025-244x300.png\" alt=\"\" width=\"244\" height=\"300\" srcset=\"https:\/\/snuipp86.fr\/wp-content\/uploads\/2024\/09\/circo-2025-200x246.png 200w, https:\/\/snuipp86.fr\/wp-content\/uploads\/2024\/09\/circo-2025-244x300.png 244w, https:\/\/snuipp86.fr\/wp-content\/uploads\/2024\/09\/circo-2025.png 369w\" sizes=\"(max-width: 244px) 100vw, 244px\" \/><\/p>\n<p>&nbsp;<\/p>\n<table width=\"946\">\n<tbody>\n<tr>\n<td width=\"202\"><\/td>\n<td width=\"107\"><strong>Ch\u00e2tellerault<\/strong><\/td>\n<td style=\"text-align: center;\" width=\"100\"><strong>Lenclo\u00eetre Nord Vienne<br \/>\n<\/strong><\/td>\n<td style=\"text-align: center;\" width=\"109\"><strong>Montmorillon Sud Vienne<br \/>\n<\/strong><\/td>\n<td width=\"106\"><strong>Poitiers Est<\/strong><\/td>\n<td style=\"text-align: center;\" width=\"105\"><strong>Poitiers Ouest<\/strong><\/td>\n<td style=\"text-align: center;\" width=\"102\"><strong>Poitiers Nord<\/strong><\/td>\n<td style=\"text-align: center;\" width=\"115\"><strong>Poitiers Sud<\/strong><\/td>\n<\/tr>\n<tr>\n<td>Angles sur Anglin<\/td>\n<td style=\"text-align: center;\">part<\/td>\n<td><\/td>\n<td style=\"text-align: center;\">arrive<\/td>\n<td><\/td>\n<td><\/td>\n<td><\/td>\n<td><\/td>\n<\/tr>\n<tr>\n<td>Bignoux<\/td>\n<td><\/td>\n<td><\/td>\n<td style=\"text-align: center;\">arrive<\/td>\n<td style=\"text-align: center;\">part<\/td>\n<td><\/td>\n<td><\/td>\n<td><\/td>\n<\/tr>\n<tr>\n<td>Blanzay<\/td>\n<td><\/td>\n<td><\/td>\n<td style=\"text-align: center;\">part<\/td>\n<td><\/td>\n<td><\/td>\n<td><\/td>\n<td style=\"text-align: center;\">arrive<\/td>\n<\/tr>\n<tr>\n<td>Charroux<\/td>\n<td><\/td>\n<td><\/td>\n<td style=\"text-align: center;\">part<\/td>\n<td><\/td>\n<td><\/td>\n<td><\/td>\n<td style=\"text-align: center;\">arrive<\/td>\n<\/tr>\n<tr>\n<td>Ch\u00e2teau-Garnier<\/td>\n<td><\/td>\n<td><\/td>\n<td style=\"text-align: center;\">part<\/td>\n<td><\/td>\n<td><\/td>\n<td><\/td>\n<td style=\"text-align: center;\">arrive<\/td>\n<\/tr>\n<tr>\n<td>Civray<\/td>\n<td><\/td>\n<td><\/td>\n<td style=\"text-align: center;\">part<\/td>\n<td><\/td>\n<td><\/td>\n<td><\/td>\n<td style=\"text-align: center;\">arrive<\/td>\n<\/tr>\n<tr>\n<td>Dienn\u00e9<\/td>\n<td><\/td>\n<td><\/td>\n<td style=\"text-align: center;\">part<\/td>\n<td><\/td>\n<td><\/td>\n<td><\/td>\n<td style=\"text-align: center;\">arrive<\/td>\n<\/tr>\n<tr>\n<td>Fleur\u00e9<\/td>\n<td><\/td>\n<td><\/td>\n<td><\/td>\n<td style=\"text-align: center;\">part<\/td>\n<td><\/td>\n<td><\/td>\n<td style=\"text-align: center;\">arrive<\/td>\n<\/tr>\n<tr>\n<td>La Chapelle Mouli\u00e8re<\/td>\n<td><\/td>\n<td><\/td>\n<td style=\"text-align: center;\">arrive<\/td>\n<td><\/td>\n<td><\/td>\n<td style=\"text-align: center;\">part<\/td>\n<td><\/td>\n<\/tr>\n<tr>\n<td>Lavoux<\/td>\n<td><\/td>\n<td><\/td>\n<td style=\"text-align: center;\">arrive<\/td>\n<td style=\"text-align: center;\">part<\/td>\n<td><\/td>\n<td><\/td>\n<td><\/td>\n<\/tr>\n<tr>\n<td>Liniers<\/td>\n<td><\/td>\n<td><\/td>\n<td style=\"text-align: center;\">arrive<\/td>\n<td style=\"text-align: center;\">part<\/td>\n<td><\/td>\n<td><\/td>\n<td><\/td>\n<\/tr>\n<tr>\n<td>Lizant<\/td>\n<td><\/td>\n<td><\/td>\n<td style=\"text-align: center;\">part<\/td>\n<td><\/td>\n<td><\/td>\n<td><\/td>\n<td style=\"text-align: center;\">arrive<\/td>\n<\/tr>\n<tr>\n<td>Mignaloux-Beauvoir<\/td>\n<td><\/td>\n<td><\/td>\n<td style=\"text-align: center;\"><\/td>\n<td style=\"text-align: center;\">part<\/td>\n<td style=\"text-align: center;\">arrive<\/td>\n<td><\/td>\n<td><\/td>\n<\/tr>\n<tr>\n<td>Monthoiron<\/td>\n<td style=\"text-align: center;\">arrive<\/td>\n<td><\/td>\n<td><\/td>\n<td><\/td>\n<td><\/td>\n<td style=\"text-align: center;\">part<\/td>\n<td><\/td>\n<\/tr>\n<tr>\n<td>Nieuil l&rsquo;Espoir<\/td>\n<td><\/td>\n<td><\/td>\n<td><\/td>\n<td style=\"text-align: center;\">part<\/td>\n<td><\/td>\n<td><\/td>\n<td style=\"text-align: center;\">arrive<\/td>\n<\/tr>\n<tr>\n<td>Payroux<\/td>\n<td><\/td>\n<td><\/td>\n<td style=\"text-align: center;\">part<\/td>\n<td><\/td>\n<td><\/td>\n<td><\/td>\n<td style=\"text-align: center;\">arrive<\/td>\n<\/tr>\n<tr>\n<td>Poitiers Brel<\/td>\n<td><\/td>\n<td><\/td>\n<td><\/td>\n<td style=\"text-align: center;\">arrive<\/td>\n<td><\/td>\n<td><\/td>\n<td style=\"text-align: center;\">part<\/td>\n<\/tr>\n<tr>\n<td>Poitiers Tony Lain\u00e9<\/td>\n<td><\/td>\n<td><\/td>\n<td><\/td>\n<td style=\"text-align: center;\">arrive<\/td>\n<td><\/td>\n<td><\/td>\n<td style=\"text-align: center;\">part<\/td>\n<\/tr>\n<tr>\n<td>Quin\u00e7ay<\/td>\n<td><\/td>\n<td><\/td>\n<td><\/td>\n<td><\/td>\n<td style=\"text-align: center;\">part<\/td>\n<td style=\"text-align: center;\">arrive<\/td>\n<td><\/td>\n<\/tr>\n<tr>\n<td>St Julien l&rsquo;Ars<\/td>\n<td><\/td>\n<td><\/td>\n<td style=\"text-align: center;\">arrive<\/td>\n<td style=\"text-align: center;\">part<\/td>\n<td><\/td>\n<td><\/td>\n<td><\/td>\n<\/tr>\n<tr>\n<td>St Martin la Pallu (Vendeuvre)<\/td>\n<td><\/td>\n<td style=\"text-align: center;\">part<\/td>\n<td><\/td>\n<td><\/td>\n<td><\/td>\n<td style=\"text-align: center;\">arrive<\/td>\n<td><\/td>\n<\/tr>\n<tr>\n<td>St Pierre d&rsquo;Exideuil<\/td>\n<td><\/td>\n<td><\/td>\n<td style=\"text-align: center;\">part<\/td>\n<td><\/td>\n<td><\/td>\n<td><\/td>\n<td style=\"text-align: center;\">arrive<\/td>\n<\/tr>\n<tr>\n<td>St Romain<\/td>\n<td><\/td>\n<td><\/td>\n<td style=\"text-align: center;\">part<\/td>\n<td><\/td>\n<td><\/td>\n<td><\/td>\n<td style=\"text-align: center;\">arrive<\/td>\n<\/tr>\n<tr>\n<td>Savign\u00e9<\/td>\n<td><\/td>\n<td><\/td>\n<td style=\"text-align: center;\">part<\/td>\n<td><\/td>\n<td><\/td>\n<td><\/td>\n<td style=\"text-align: center;\">arrive<\/td>\n<\/tr>\n<tr>\n<td>Savigny l&rsquo;Evescault<\/td>\n<td><\/td>\n<td><\/td>\n<td style=\"text-align: center;\">arrive<\/td>\n<td style=\"text-align: center;\">part<\/td>\n<td><\/td>\n<td><\/td>\n<td><\/td>\n<\/tr>\n<tr>\n<td>S\u00e8vres Anxaumont<\/td>\n<td><\/td>\n<td><\/td>\n<td style=\"text-align: center;\">arrive<\/td>\n<td style=\"text-align: center;\">part<\/td>\n<td><\/td>\n<td><\/td>\n<td><\/td>\n<\/tr>\n<tr>\n<td>Thur\u00e9 Besse<\/td>\n<td style=\"text-align: center;\">part<\/td>\n<td style=\"text-align: center;\">arrive<\/td>\n<td><\/td>\n<td><\/td>\n<td><\/td>\n<td><\/td>\n<td><\/td>\n<\/tr>\n<tr>\n<td>St Macoux \/ St Saviol<\/td>\n<td><\/td>\n<td><\/td>\n<td style=\"text-align: center;\">part<\/td>\n<td><\/td>\n<td><\/td>\n<td><\/td>\n<td style=\"text-align: center;\">arrive<\/td>\n<\/tr>\n<tr>\n<td>Voul\u00e8me<\/td>\n<td><\/td>\n<\/tr>\n<\/tbody>\n<\/table>\n<p>&nbsp;<\/p>\n<p><span style=\"color: #ff0000;\">La FSU-SNUipp 86 a rappel\u00e9 ses doutes ant\u00e9rieurs sur la taille des circonscriptions de Lenclo\u00eetre et Montmorillon dont les baisses d\u2019effectifs \u00e9taient pr\u00e9visibles. La FSU-SNUipp 86 a rappel\u00e9 que la taille de ces 2 circonscriptions \u00e9taient encore trop importante pour les personnels itin\u00e9rants (Rased, CPC&#8230;) dans ce nouveau projet, et que de plus, les enveloppes de frais de d\u00e9placement n&rsquo;\u00e9taient pas du tout \u00e0 la hauteur.\u00a0<\/span><\/p>\n<p><span style=\"color: #ff0000;\">La FSU-SNUipp 86 s\u2019interroge aussi sur la volont\u00e9 de rassembler toute l\u2019\u00e9ducation prioritaire et une grande partie des \u00e9coles politique de la ville sur une seule circonscription, Poitiers Est.\u00a0<\/span><\/p>\n<p>&nbsp;<\/p>\n<h1><span style=\"color: #0000ff;\"><b>Les cons\u00e9quences pour les personnels<\/b><\/span><\/h1>\n<p>Ces changements de circonscription auront des impacts sur un certain nombre de personnel : CPC, Rased, rempla\u00e7ant-es&#8230;etc.<\/p>\n<p>L&rsquo;IENA a confirm\u00e9 que des groupes de travail auraient lieu une fois la nouvelle carte des circonscriptions arr\u00eat\u00e9e, que ce soit en termes d&rsquo;ouvertures\/fermetures de postes ou m\u00eame en situation de priorit\u00e9 au mouvement pour celles et ceux impact\u00e9-es.<\/p>\n<p><span style=\"color: #ff0000;\">La FSU-SNUipp 86 participera \u00e0 ces groupes de travail.<\/span><\/p>\n<p><span style=\"color: #ff0000;\">La FSU-SNUipp 86 a \u00e9galement fait remonter l&rsquo;inqui\u00e9tude des personnels exer\u00e7ant actuellement en REP, et qui vont avoir un changement de sectorisation du coll\u00e8ge.<\/span> L&rsquo;IENA a indiqu\u00e9 que le travail sur l&rsquo;\u00e9ducation prioritaire, qui \u00e9tait annonc\u00e9 comme un chantier pour cette ann\u00e9e, n&rsquo;\u00e9tait pas encore entam\u00e9, et que pour l&rsquo;instant, rien n&#8217;emp\u00eache ces \u00e9coles, comme c&rsquo;est le cas pour Poitiers Perrault, de rester en \u00e9ducation prioritaire.<\/p>\n<p>&nbsp;<\/p>\n<p>&nbsp;<\/p>\n<table style=\"height: 732px;\" width=\"59\">\n<tbody>\n<tr>\n<td width=\"202\"><\/td>\n<td style=\"text-align: center;\" width=\"107\"><\/td>\n<td width=\"100\"><\/td>\n<td width=\"109\"><\/td>\n<td width=\"106\"><\/td>\n<td style=\"text-align: center;\" width=\"105\"><\/td>\n<td style=\"text-align: center;\" width=\"102\"><\/td>\n<td width=\"115\"><\/td>\n<\/tr>\n<tr>\n<td><\/td>\n<td style=\"text-align: center;\"><\/td>\n<td><\/td>\n<td style=\"text-align: center;\"><\/td>\n<td><\/td>\n<td><\/td>\n<td><\/td>\n<td><\/td>\n<\/tr>\n<tr>\n<td><\/td>\n<td><\/td>\n<td><\/td>\n<td style=\"text-align: center;\"><\/td>\n<td style=\"text-align: center;\"><\/td>\n<td><\/td>\n<td><\/td>\n<td><\/td>\n<\/tr>\n<tr>\n<td><\/td>\n<td><\/td>\n<td><\/td>\n<td style=\"text-align: center;\"><\/td>\n<td><\/td>\n<td><\/td>\n<td><\/td>\n<td style=\"text-align: center;\"><\/td>\n<\/tr>\n<tr>\n<td><\/td>\n<td><\/td>\n<td><\/td>\n<td style=\"text-align: center;\"><\/td>\n<td><\/td>\n<td><\/td>\n<td><\/td>\n<td style=\"text-align: center;\"><\/td>\n<\/tr>\n<tr>\n<td><\/td>\n<td><\/td>\n<td><\/td>\n<td style=\"text-align: center;\"><\/td>\n<td><\/td>\n<td><\/td>\n<td><\/td>\n<td style=\"text-align: center;\"><\/td>\n<\/tr>\n<tr>\n<td><\/td>\n<td><\/td>\n<td><\/td>\n<td style=\"text-align: center;\"><\/td>\n<td><\/td>\n<td><\/td>\n<td><\/td>\n<td style=\"text-align: center;\"><\/td>\n<\/tr>\n<tr>\n<td><\/td>\n<td><\/td>\n<td><\/td>\n<td style=\"text-align: center;\"><\/td>\n<td><\/td>\n<td><\/td>\n<td><\/td>\n<td style=\"text-align: center;\"><\/td>\n<\/tr>\n<tr>\n<td><\/td>\n<td><\/td>\n<td><\/td>\n<td><\/td>\n<td style=\"text-align: center;\"><\/td>\n<td><\/td>\n<td><\/td>\n<td style=\"text-align: center;\"><\/td>\n<\/tr>\n<tr>\n<td><\/td>\n<td><\/td>\n<td><\/td>\n<td style=\"text-align: center;\"><\/td>\n<td><\/td>\n<td><\/td>\n<td><\/td>\n<td><\/td>\n<\/tr>\n<tr>\n<td><\/td>\n<td><\/td>\n<td><\/td>\n<td style=\"text-align: center;\"><\/td>\n<td style=\"text-align: center;\"><\/td>\n<td><\/td>\n<td><\/td>\n<td><\/td>\n<\/tr>\n<tr>\n<td><\/td>\n<td><\/td>\n<td><\/td>\n<td style=\"text-align: center;\"><\/td>\n<td style=\"text-align: center;\"><\/td>\n<td><\/td>\n<td><\/td>\n<td><\/td>\n<\/tr>\n<tr>\n<td><\/td>\n<td><\/td>\n<td><\/td>\n<td style=\"text-align: center;\"><\/td>\n<td><\/td>\n<td><\/td>\n<td><\/td>\n<td><\/td>\n<\/tr>\n<tr>\n<td><\/td>\n<td><\/td>\n<td><\/td>\n<td style=\"text-align: center;\"><\/td>\n<td style=\"text-align: center;\"><\/td>\n<td><\/td>\n<td><\/td>\n<td><\/td>\n<\/tr>\n<tr>\n<td><\/td>\n<td style=\"text-align: center;\"><\/td>\n<td><\/td>\n<td><\/td>\n<td><\/td>\n<td><\/td>\n<td style=\"text-align: center;\"><\/td>\n<td><\/td>\n<\/tr>\n<tr>\n<td><\/td>\n<td><\/td>\n<td><\/td>\n<td><\/td>\n<td style=\"text-align: center;\"><\/td>\n<td><\/td>\n<td><\/td>\n<td style=\"text-align: center;\"><\/td>\n<\/tr>\n<tr>\n<td><\/td>\n<td><\/td>\n<td><\/td>\n<td style=\"text-align: center;\"><\/td>\n<td><\/td>\n<td><\/td>\n<td><\/td>\n<td style=\"text-align: center;\"><\/td>\n<\/tr>\n<tr>\n<td><\/td>\n<td><\/td>\n<td><\/td>\n<td><\/td>\n<td style=\"text-align: center;\"><\/td>\n<td><\/td>\n<td><\/td>\n<td style=\"text-align: center;\"><\/td>\n<\/tr>\n<tr>\n<td><\/td>\n<td><\/td>\n<td><\/td>\n<td><\/td>\n<td style=\"text-align: center;\"><\/td>\n<td><\/td>\n<td><\/td>\n<td style=\"text-align: center;\"><\/td>\n<\/tr>\n<tr>\n<td><\/td>\n<td><\/td>\n<td><\/td>\n<td><\/td>\n<td><\/td>\n<td style=\"text-align: center;\"><\/td>\n<td style=\"text-align: center;\"><\/td>\n<td><\/td>\n<\/tr>\n<tr>\n<td><\/td>\n<td><\/td>\n<td><\/td>\n<td style=\"text-align: center;\"><\/td>\n<td style=\"text-align: center;\"><\/td>\n<td><\/td>\n<td><\/td>\n<td><\/td>\n<\/tr>\n<tr>\n<td><\/td>\n<td><\/td>\n<td style=\"text-align: center;\"><\/td>\n<td><\/td>\n<td><\/td>\n<td><\/td>\n<td style=\"text-align: center;\"><\/td>\n<td><\/td>\n<\/tr>\n<tr>\n<td><\/td>\n<td><\/td>\n<td><\/td>\n<td style=\"text-align: center;\"><\/td>\n<td><\/td>\n<td><\/td>\n<td><\/td>\n<td style=\"text-align: center;\"><\/td>\n<\/tr>\n<tr>\n<td><\/td>\n<td><\/td>\n<td><\/td>\n<td style=\"text-align: center;\"><\/td>\n<td><\/td>\n<td><\/td>\n<td><\/td>\n<td style=\"text-align: center;\"><\/td>\n<\/tr>\n<tr>\n<td><\/td>\n<td><\/td>\n<td><\/td>\n<td style=\"text-align: center;\"><\/td>\n<td><\/td>\n<td><\/td>\n<td><\/td>\n<td style=\"text-align: center;\"><\/td>\n<\/tr>\n<tr>\n<td><\/td>\n<td><\/td>\n<td><\/td>\n<td style=\"text-align: center;\"><\/td>\n<td style=\"text-align: center;\"><\/td>\n<td><\/td>\n<td><\/td>\n<td><\/td>\n<\/tr>\n<tr>\n<td><\/td>\n<td><\/td>\n<td><\/td>\n<td style=\"text-align: center;\"><\/td>\n<td style=\"text-align: center;\"><\/td>\n<td><\/td>\n<td><\/td>\n<td><\/td>\n<\/tr>\n<tr>\n<td><\/td>\n<td style=\"text-align: center;\"><\/td>\n<td style=\"text-align: center;\"><\/td>\n<td><\/td>\n<td><\/td>\n<td><\/td>\n<td><\/td>\n<td><\/td>\n<\/tr>\n<tr>\n<td><\/td>\n<td><\/td>\n<td><\/td>\n<td style=\"text-align: center;\"><\/td>\n<td><\/td>\n<td><\/td>\n<td><\/td>\n<td style=\"text-align: center;\"><\/td>\n<\/tr>\n<tr>\n<td><\/td>\n<td><\/td>\n<td><\/td>\n<td style=\"text-align: center;\">part<\/td>\n<td><\/td>\n<td><\/td>\n<td><\/td>\n<td style=\"text-align: center;\">arrive<\/td>\n<\/tr>\n<\/tbody>\n<\/table>\n","protected":false},"excerpt":{"rendered":"<p>Etaient pr\u00e9sent-es : M. Artaud (IENA), DOSES (Mme Pionnier, Mme Librero) 6 IEN (IEN Montmorillon, IEN Lenclo\u00eetre, IEN Poitiers Nord, IEN Poitiers Ouest, IEN Poitiers Est, IEN Poitiers Sud), 5 FSU-CGT Educ\u2019action, 2 UNSA, 2 FO La FSU-SNUipp 86 vous propose ce retour sur les premi\u00e8res hypoth\u00e8ses et propositions de la DSDEN pour faire \u00e9voluer les [&hellip;]<\/p>\n","protected":false},"author":4,"featured_media":25882,"comment_status":"closed","ping_status":"closed","sticky":false,"template":"","format":"standard","meta":{"footnotes":""},"categories":[14],"tags":[34],"class_list":["post-25880","post","type-post","status-publish","format-standard","has-post-thumbnail","hentry","category-a-la-une","tag-carte-scolaire"],"yoast_head":"<!-- This site is optimized with the Yoast SEO plugin v26.6 - https:\/\/yoast.com\/wordpress\/plugins\/seo\/ -->\n<title>GT red\u00e9coupage circonscriptions - 26 septembre 2024 - FSU-SNUipp 86<\/title>\n<meta name=\"robots\" content=\"index, follow, max-snippet:-1, max-image-preview:large, max-video-preview:-1\" \/>\n<link rel=\"canonical\" href=\"https:\/\/snuipp86.fr\/index.php\/2024\/11\/01\/gt-redecoupage-circonscriptions-26-septembre-2024\/\" \/>\n<meta property=\"og:locale\" content=\"fr_FR\" \/>\n<meta property=\"og:type\" content=\"article\" \/>\n<meta property=\"og:title\" content=\"GT red\u00e9coupage circonscriptions - 26 septembre 2024 - FSU-SNUipp 86\" \/>\n<meta property=\"og:description\" content=\"Etaient pr\u00e9sent-es : M. Artaud (IENA), DOSES (Mme Pionnier, Mme Librero) 6 IEN (IEN Montmorillon, IEN Lenclo\u00eetre, IEN Poitiers Nord, IEN Poitiers Ouest, IEN Poitiers Est, IEN Poitiers Sud), 5 FSU-CGT Educ\u2019action, 2 UNSA, 2 FO La FSU-SNUipp 86 vous propose ce retour sur les premi\u00e8res hypoth\u00e8ses et propositions de la DSDEN pour faire \u00e9voluer les [&hellip;]\" \/>\n<meta property=\"og:url\" content=\"https:\/\/snuipp86.fr\/index.php\/2024\/11\/01\/gt-redecoupage-circonscriptions-26-septembre-2024\/\" \/>\n<meta property=\"og:site_name\" content=\"FSU-SNUipp 86\" \/>\n<meta property=\"article:published_time\" content=\"2024-11-01T16:23:57+00:00\" \/>\n<meta property=\"article:modified_time\" content=\"2024-11-03T19:42:57+00:00\" \/>\n<meta property=\"og:image\" content=\"https:\/\/snuipp86.fr\/wp-content\/uploads\/2024\/09\/circo.jpg\" \/>\n\t<meta property=\"og:image:width\" content=\"600\" \/>\n\t<meta property=\"og:image:height\" content=\"768\" \/>\n\t<meta property=\"og:image:type\" content=\"image\/jpeg\" \/>\n<meta name=\"author\" content=\"Matthieu Menaut\" \/>\n<meta name=\"twitter:card\" content=\"summary_large_image\" \/>\n<meta name=\"twitter:label1\" content=\"\u00c9crit par\" \/>\n\t<meta name=\"twitter:data1\" content=\"Matthieu Menaut\" \/>\n\t<meta name=\"twitter:label2\" content=\"Dur\u00e9e de lecture estim\u00e9e\" \/>\n\t<meta name=\"twitter:data2\" content=\"4 minutes\" \/>\n<script type=\"application\/ld+json\" class=\"yoast-schema-graph\">{\"@context\":\"https:\/\/schema.org\",\"@graph\":[{\"@type\":\"WebPage\",\"@id\":\"https:\/\/snuipp86.fr\/index.php\/2024\/11\/01\/gt-redecoupage-circonscriptions-26-septembre-2024\/\",\"url\":\"https:\/\/snuipp86.fr\/index.php\/2024\/11\/01\/gt-redecoupage-circonscriptions-26-septembre-2024\/\",\"name\":\"GT red\u00e9coupage circonscriptions - 26 septembre 2024 - FSU-SNUipp 86\",\"isPartOf\":{\"@id\":\"https:\/\/snuipp86.fr\/#website\"},\"primaryImageOfPage\":{\"@id\":\"https:\/\/snuipp86.fr\/index.php\/2024\/11\/01\/gt-redecoupage-circonscriptions-26-septembre-2024\/#primaryimage\"},\"image\":{\"@id\":\"https:\/\/snuipp86.fr\/index.php\/2024\/11\/01\/gt-redecoupage-circonscriptions-26-septembre-2024\/#primaryimage\"},\"thumbnailUrl\":\"https:\/\/snuipp86.fr\/wp-content\/uploads\/2024\/09\/circo.jpg\",\"datePublished\":\"2024-11-01T16:23:57+00:00\",\"dateModified\":\"2024-11-03T19:42:57+00:00\",\"author\":{\"@id\":\"https:\/\/snuipp86.fr\/#\/schema\/person\/5a96b33672b90a1385fd0b096fd5ebcb\"},\"breadcrumb\":{\"@id\":\"https:\/\/snuipp86.fr\/index.php\/2024\/11\/01\/gt-redecoupage-circonscriptions-26-septembre-2024\/#breadcrumb\"},\"inLanguage\":\"fr-FR\",\"potentialAction\":[{\"@type\":\"ReadAction\",\"target\":[\"https:\/\/snuipp86.fr\/index.php\/2024\/11\/01\/gt-redecoupage-circonscriptions-26-septembre-2024\/\"]}]},{\"@type\":\"ImageObject\",\"inLanguage\":\"fr-FR\",\"@id\":\"https:\/\/snuipp86.fr\/index.php\/2024\/11\/01\/gt-redecoupage-circonscriptions-26-septembre-2024\/#primaryimage\",\"url\":\"https:\/\/snuipp86.fr\/wp-content\/uploads\/2024\/09\/circo.jpg\",\"contentUrl\":\"https:\/\/snuipp86.fr\/wp-content\/uploads\/2024\/09\/circo.jpg\",\"width\":600,\"height\":768},{\"@type\":\"BreadcrumbList\",\"@id\":\"https:\/\/snuipp86.fr\/index.php\/2024\/11\/01\/gt-redecoupage-circonscriptions-26-septembre-2024\/#breadcrumb\",\"itemListElement\":[{\"@type\":\"ListItem\",\"position\":1,\"name\":\"Accueil\",\"item\":\"https:\/\/snuipp86.fr\/\"},{\"@type\":\"ListItem\",\"position\":2,\"name\":\"GT red\u00e9coupage circonscriptions &#8211; 26 septembre 2024\"}]},{\"@type\":\"WebSite\",\"@id\":\"https:\/\/snuipp86.fr\/#website\",\"url\":\"https:\/\/snuipp86.fr\/\",\"name\":\"FSU-SNUipp 86\",\"description\":\"Des id\u00e9es qui font l&#039;\u00e9cole\",\"potentialAction\":[{\"@type\":\"SearchAction\",\"target\":{\"@type\":\"EntryPoint\",\"urlTemplate\":\"https:\/\/snuipp86.fr\/?s={search_term_string}\"},\"query-input\":{\"@type\":\"PropertyValueSpecification\",\"valueRequired\":true,\"valueName\":\"search_term_string\"}}],\"inLanguage\":\"fr-FR\"},{\"@type\":\"Person\",\"@id\":\"https:\/\/snuipp86.fr\/#\/schema\/person\/5a96b33672b90a1385fd0b096fd5ebcb\",\"name\":\"Matthieu Menaut\",\"image\":{\"@type\":\"ImageObject\",\"inLanguage\":\"fr-FR\",\"@id\":\"https:\/\/snuipp86.fr\/#\/schema\/person\/image\/\",\"url\":\"https:\/\/secure.gravatar.com\/avatar\/03e70f897b03256ddca91d16c3e33a876c31abbf1b31cb48e60e770f684a04d1?s=96&d=mm&r=g\",\"contentUrl\":\"https:\/\/secure.gravatar.com\/avatar\/03e70f897b03256ddca91d16c3e33a876c31abbf1b31cb48e60e770f684a04d1?s=96&d=mm&r=g\",\"caption\":\"Matthieu Menaut\"},\"url\":\"https:\/\/snuipp86.fr\/index.php\/author\/mmenaut\/\"}]}<\/script>\n<!-- \/ Yoast SEO plugin. -->","yoast_head_json":{"title":"GT red\u00e9coupage circonscriptions - 26 septembre 2024 - FSU-SNUipp 86","robots":{"index":"index","follow":"follow","max-snippet":"max-snippet:-1","max-image-preview":"max-image-preview:large","max-video-preview":"max-video-preview:-1"},"canonical":"https:\/\/snuipp86.fr\/index.php\/2024\/11\/01\/gt-redecoupage-circonscriptions-26-septembre-2024\/","og_locale":"fr_FR","og_type":"article","og_title":"GT red\u00e9coupage circonscriptions - 26 septembre 2024 - FSU-SNUipp 86","og_description":"Etaient pr\u00e9sent-es : M. Artaud (IENA), DOSES (Mme Pionnier, Mme Librero) 6 IEN (IEN Montmorillon, IEN Lenclo\u00eetre, IEN Poitiers Nord, IEN Poitiers Ouest, IEN Poitiers Est, IEN Poitiers Sud), 5 FSU-CGT Educ\u2019action, 2 UNSA, 2 FO La FSU-SNUipp 86 vous propose ce retour sur les premi\u00e8res hypoth\u00e8ses et propositions de la DSDEN pour faire \u00e9voluer les [&hellip;]","og_url":"https:\/\/snuipp86.fr\/index.php\/2024\/11\/01\/gt-redecoupage-circonscriptions-26-septembre-2024\/","og_site_name":"FSU-SNUipp 86","article_published_time":"2024-11-01T16:23:57+00:00","article_modified_time":"2024-11-03T19:42:57+00:00","og_image":[{"width":600,"height":768,"url":"https:\/\/snuipp86.fr\/wp-content\/uploads\/2024\/09\/circo.jpg","type":"image\/jpeg"}],"author":"Matthieu Menaut","twitter_card":"summary_large_image","twitter_misc":{"\u00c9crit par":"Matthieu Menaut","Dur\u00e9e de lecture estim\u00e9e":"4 minutes"},"schema":{"@context":"https:\/\/schema.org","@graph":[{"@type":"WebPage","@id":"https:\/\/snuipp86.fr\/index.php\/2024\/11\/01\/gt-redecoupage-circonscriptions-26-septembre-2024\/","url":"https:\/\/snuipp86.fr\/index.php\/2024\/11\/01\/gt-redecoupage-circonscriptions-26-septembre-2024\/","name":"GT red\u00e9coupage circonscriptions - 26 septembre 2024 - FSU-SNUipp 86","isPartOf":{"@id":"https:\/\/snuipp86.fr\/#website"},"primaryImageOfPage":{"@id":"https:\/\/snuipp86.fr\/index.php\/2024\/11\/01\/gt-redecoupage-circonscriptions-26-septembre-2024\/#primaryimage"},"image":{"@id":"https:\/\/snuipp86.fr\/index.php\/2024\/11\/01\/gt-redecoupage-circonscriptions-26-septembre-2024\/#primaryimage"},"thumbnailUrl":"https:\/\/snuipp86.fr\/wp-content\/uploads\/2024\/09\/circo.jpg","datePublished":"2024-11-01T16:23:57+00:00","dateModified":"2024-11-03T19:42:57+00:00","author":{"@id":"https:\/\/snuipp86.fr\/#\/schema\/person\/5a96b33672b90a1385fd0b096fd5ebcb"},"breadcrumb":{"@id":"https:\/\/snuipp86.fr\/index.php\/2024\/11\/01\/gt-redecoupage-circonscriptions-26-septembre-2024\/#breadcrumb"},"inLanguage":"fr-FR","potentialAction":[{"@type":"ReadAction","target":["https:\/\/snuipp86.fr\/index.php\/2024\/11\/01\/gt-redecoupage-circonscriptions-26-septembre-2024\/"]}]},{"@type":"ImageObject","inLanguage":"fr-FR","@id":"https:\/\/snuipp86.fr\/index.php\/2024\/11\/01\/gt-redecoupage-circonscriptions-26-septembre-2024\/#primaryimage","url":"https:\/\/snuipp86.fr\/wp-content\/uploads\/2024\/09\/circo.jpg","contentUrl":"https:\/\/snuipp86.fr\/wp-content\/uploads\/2024\/09\/circo.jpg","width":600,"height":768},{"@type":"BreadcrumbList","@id":"https:\/\/snuipp86.fr\/index.php\/2024\/11\/01\/gt-redecoupage-circonscriptions-26-septembre-2024\/#breadcrumb","itemListElement":[{"@type":"ListItem","position":1,"name":"Accueil","item":"https:\/\/snuipp86.fr\/"},{"@type":"ListItem","position":2,"name":"GT red\u00e9coupage circonscriptions &#8211; 26 septembre 2024"}]},{"@type":"WebSite","@id":"https:\/\/snuipp86.fr\/#website","url":"https:\/\/snuipp86.fr\/","name":"FSU-SNUipp 86","description":"Des id\u00e9es qui font l&#039;\u00e9cole","potentialAction":[{"@type":"SearchAction","target":{"@type":"EntryPoint","urlTemplate":"https:\/\/snuipp86.fr\/?s={search_term_string}"},"query-input":{"@type":"PropertyValueSpecification","valueRequired":true,"valueName":"search_term_string"}}],"inLanguage":"fr-FR"},{"@type":"Person","@id":"https:\/\/snuipp86.fr\/#\/schema\/person\/5a96b33672b90a1385fd0b096fd5ebcb","name":"Matthieu Menaut","image":{"@type":"ImageObject","inLanguage":"fr-FR","@id":"https:\/\/snuipp86.fr\/#\/schema\/person\/image\/","url":"https:\/\/secure.gravatar.com\/avatar\/03e70f897b03256ddca91d16c3e33a876c31abbf1b31cb48e60e770f684a04d1?s=96&d=mm&r=g","contentUrl":"https:\/\/secure.gravatar.com\/avatar\/03e70f897b03256ddca91d16c3e33a876c31abbf1b31cb48e60e770f684a04d1?s=96&d=mm&r=g","caption":"Matthieu Menaut"},"url":"https:\/\/snuipp86.fr\/index.php\/author\/mmenaut\/"}]}},"_links":{"self":[{"href":"https:\/\/snuipp86.fr\/index.php\/wp-json\/wp\/v2\/posts\/25880","targetHints":{"allow":["GET"]}}],"collection":[{"href":"https:\/\/snuipp86.fr\/index.php\/wp-json\/wp\/v2\/posts"}],"about":[{"href":"https:\/\/snuipp86.fr\/index.php\/wp-json\/wp\/v2\/types\/post"}],"author":[{"embeddable":true,"href":"https:\/\/snuipp86.fr\/index.php\/wp-json\/wp\/v2\/users\/4"}],"replies":[{"embeddable":true,"href":"https:\/\/snuipp86.fr\/index.php\/wp-json\/wp\/v2\/comments?post=25880"}],"version-history":[{"count":0,"href":"https:\/\/snuipp86.fr\/index.php\/wp-json\/wp\/v2\/posts\/25880\/revisions"}],"wp:featuredmedia":[{"embeddable":true,"href":"https:\/\/snuipp86.fr\/index.php\/wp-json\/wp\/v2\/media\/25882"}],"wp:attachment":[{"href":"https:\/\/snuipp86.fr\/index.php\/wp-json\/wp\/v2\/media?parent=25880"}],"wp:term":[{"taxonomy":"category","embeddable":true,"href":"https:\/\/snuipp86.fr\/index.php\/wp-json\/wp\/v2\/categories?post=25880"},{"taxonomy":"post_tag","embeddable":true,"href":"https:\/\/snuipp86.fr\/index.php\/wp-json\/wp\/v2\/tags?post=25880"}],"curies":[{"name":"wp","href":"https:\/\/api.w.org\/{rel}","templated":true}]}}