{"id":259,"date":"2017-12-06T10:40:00","date_gmt":"2017-12-06T10:40:00","guid":{"rendered":"http:\/\/localhost\/wordpress\/2017\/12\/06\/audience-rectrice-snuipp-fsu-du-6-12-17-formation-ash-cui-cpf\/"},"modified":"2017-12-06T10:40:00","modified_gmt":"2017-12-06T10:40:00","slug":"audience-rectrice-snuipp-fsu-du-6-12-17-formation-ash-cui-cpf","status":"publish","type":"post","link":"https:\/\/snuipp86.fr\/index.php\/2017\/12\/06\/audience-rectrice-snuipp-fsu-du-6-12-17-formation-ash-cui-cpf\/","title":{"rendered":"Audience Rectrice \/ SNUipp-FSU du 6\/12\/17 : formation, ASH, CUI, CPF &#8230;"},"content":{"rendered":"<p><img decoding=\"async\" src=\"https:\/\/snuipp86.fr\/wp-content\/spip\/IMG\/arton3554.jpg\" alt=\"\" align=\"right\" width=\"630\" height=\"348\" class=\"spip_logos\" \/><\/p>\n<div class='rss_texte'>\n<h3 class=\"spip\" id=\"outil_sommaire_0\"><a title=\"Sommaire\" href=\"http:\/\/86.snuipp.fr\/spip.php?page=backend&#038;id_rubrique=#outil_sommaire\" class=\"sommaire_ancre\"> <\/a>Audience SNUipp-FSU avec la Rectrice de l&rsquo;acad\u00e9mie de Poitiers<\/h3>\n<dl class='spip_document_2966 spip_documents spip_documents_center' >\n<dt><img src='https:\/\/snuipp86.fr\/wp-content\/spip\/cache-vignettes\/L520xH288\/rectrice-630x348-32dba.jpg' width='520' height='288' alt='JPEG - 31.1 ko' style='height:288px;width:520px;' class='' \/><\/dt>\n<dt class='spip_doc_titre' style='width:350px;'><strong>rectrice-630&#215;348<\/strong><\/dt>\n<\/dl>\n<h3 class=\"spip\" id=\"outil_sommaire_1\"><a title=\"Sommaire\" href=\"http:\/\/86.snuipp.fr\/spip.php?page=backend&#038;id_rubrique=#outil_sommaire\" class=\"sommaire_ancre\"> <\/a>Mercredi 6 d\u00e9cembre<\/h3>\n<p class=\"spip\"><strong class=\"spip\">Pr\u00e9sent-e-s<\/strong> : Rectrice (Mme Bisagni), Secr\u00e9taire g\u00e9n\u00e9ral (M. Diaz), Secr\u00e9taires g\u00e9n\u00e9raux adjoints (M. Guilbault, Mme Poirier, M. Siretas) Directeur de cabinet de la rectrice (M. Blugeon) Conseiller technique ASH de la rectrice (M. L\u00e9v\u00eaque) IA-IPR de lettres charg\u00e9 de la communication avec l&rsquo;ESPE ( M. Barjolle )<\/p>\n<p class=\"spip\">Cette audience a dur\u00e9 1h.<\/p>\n<h3 class=\"spip\" id=\"outil_sommaire_2\"><a title=\"Sommaire\" href=\"http:\/\/86.snuipp.fr\/spip.php?page=backend&#038;id_rubrique=#outil_sommaire\" class=\"sommaire_ancre\"> <\/a>Professeur des \u00e9coles stagiaires : maquette formation, pemf, \u00e9changes PES<\/h3>\n<dl class='spip_document_2950 spip_documents spip_documents_center' >\n<dt><img src='https:\/\/snuipp86.fr\/wp-content\/spip\/cache-vignettes\/L136xH136\/images_1_-8de11.jpg' width='136' height='136' alt='JPEG - 5 ko' style='height:136px;width:136px;' class='' \/><\/dt>\n<dt class='spip_doc_titre' style='width:136px;'><strong>images (1)<\/strong><\/dt>\n<\/dl>\n<p class=\"spip\"><img decoding=\"async\" src=\"https:\/\/snuipp86.fr\/wp-content\/spip\/cache-vignettes\/L8xH11\/puce-68c92.gif\" width='8' height='11' alt=\"-\" style='height:11px;width:8px;' class='' \/> <strong class=\"spip\">Formation des PES<\/strong> : Le SNUipp-FSU a demand\u00e9 que la maquette de formation des stagiaires soit construite avec les personnels 1er degr\u00e9 et pas seulement du c\u00f4t\u00e9 universitaire. La maquette de formation des stagiaires va \u00eatre en effet remise \u00e0 plat pour les 3 prochaines ann\u00e9es et il est important que \u00ab\u00a0le terrain\u00a0\u00bb puisse s&rsquo;exprimer. Le SNUipp-FSU porte la parole des formateurs 1er degr\u00e9, des stagiaires, des coll\u00e8gues qui accueillent les stagiaires dans les classes par exemple. Le SNUipp-FSU a demand\u00e9 que des conseils de formation (instance regroupant repr\u00e9sentants des personnels, des stagiaires, des formateurs et de l&rsquo;ESPE) soient organis\u00e9s r\u00e9guli\u00e8rement pour faire le point sur les avanc\u00e9es de la maquette. Le SNUipp-FSU souhaite notamment porter des propositions sur le d\u00e9roulement du stage, le suivi de formation, la place et les missions des personnels 1er degr\u00e9 qui interviennent \u00e0 l&rsquo;ESPE ou sur les parcours cens\u00e9s \u00eatre diff\u00e9renci\u00e9s dans le cadre de la formation. Le SNUipp-FSU sensibilise particuli\u00e8rement la rectrice sur la forte sollicitation dont les formateurs 1er degr\u00e9 intervenant \u00e0 l&rsquo;ESPE font l&rsquo;objet, certains ayant pour cette raison cesser leur fonction.<\/p>\n<p class=\"spip\">La Rectrice est favorable \u00e0 cette demande. Elle s&rsquo;interroge dans quel cadre cet \u00e9change peut avoir lieu car les textes r\u00e9gissant les conseils de formation datent de l&rsquo;IUFM et n&rsquo;ont pas \u00e9t\u00e9 r\u00e9actualis\u00e9s.<\/p>\n<p class=\"spip\"><img decoding=\"async\" src=\"https:\/\/snuipp86.fr\/wp-content\/spip\/cache-vignettes\/L8xH11\/puce-68c92.gif\" width='8' height='11' alt=\"-\" style='height:11px;width:8px;' class='' \/> <strong class=\"spip\">Echange PES<\/strong> : Le SNUipp-FSU est intervenu pour demander la publication de la circulaire concernant les \u00e9changes PES au sein de l&rsquo;acad\u00e9mie. Le SNUipp-FSU a rappel\u00e9 l&rsquo;urgence d&rsquo;une publication rapide pour que les r\u00e9sultats interviennent avant les mouvements d\u00e9partementaux.<\/p>\n<p class=\"spip\">M. Siretas a indiqu\u00e9 que la circulaire \u00e9tait r\u00e9dig\u00e9e et en attente de signature. Le SNUipp-FSU vous informera des d\u00e9lais pour candidater.<\/p>\n<h3 class=\"spip\" id=\"outil_sommaire_3\"><a title=\"Sommaire\" href=\"http:\/\/86.snuipp.fr\/spip.php?page=backend&#038;id_rubrique=#outil_sommaire\" class=\"sommaire_ancre\"> <\/a>Compte Personnel Formation : mise en place acad\u00e9mique<\/h3>\n<dl class='spip_document_2952 spip_documents spip_documents_center' >\n<dt><img src='https:\/\/snuipp86.fr\/wp-content\/spip\/cache-vignettes\/L400xH300\/cpf-37e1e.jpg' width='400' height='300' alt='JPEG - 49.7 ko' style='height:300px;width:400px;' class='' \/><\/dt>\n<dt class='spip_doc_titre' style='width:350px;'><strong>cpf<\/strong><\/dt>\n<\/dl>\n<p class=\"spip\">Le SNUipp-FSU est intervenu pour d\u00e9noncer le manque d&rsquo;informations ou de r\u00e9f\u00e9rents pour les coll\u00e8gues qui ont d\u00e9pos\u00e9 un dossier.<\/p>\n<p class=\"spip\">L&rsquo;administration a indiqu\u00e9 que tant que les textes d&rsquo;application ne seront pas parus, il n&rsquo;y a pas de traitement possible des dossiers. Par contre, la Rectrice a demand\u00e9 \u00e0 ce que tous les coll\u00e8gues ayant fait une demande soient inform\u00e9s de l&rsquo;avanc\u00e9e, ou plut\u00f4t de la non avanc\u00e9e, de leur dossier.<\/p>\n<h3 class=\"spip\" id=\"outil_sommaire_4\"><a title=\"Sommaire\" href=\"http:\/\/86.snuipp.fr\/spip.php?page=backend&#038;id_rubrique=#outil_sommaire\" class=\"sommaire_ancre\"> <\/a>Formation continue 1er degr\u00e9 et PAF<\/h3>\n<dl class='spip_document_2954 spip_documents spip_documents_center' >\n<dt><img src='https:\/\/snuipp86.fr\/wp-content\/spip\/cache-vignettes\/L291xH173\/formation_con-93a1f.jpg' width='291' height='173' alt='JPEG - 6.6 ko' style='height:173px;width:291px;' class='' \/><\/dt>\n<dt class='spip_doc_titre' style='width:291px;'><strong>formation con<\/strong><\/dt>\n<\/dl>\n<p class=\"spip\">Le SNUipp-FSU a d\u00e9nonc\u00e9 la quasi impossibilit\u00e9 pour les personnels 1er degr\u00e9 d&rsquo;acc\u00e9der au plan de formation acad\u00e9mique, qui pourtant comporte des formations sur lesquelles nous aurions pu candidater (formation 1er secours, fonctionnement du cerveau, apprentissage fran\u00e7ais langue seconde &#8230;).<\/p>\n<p class=\"spip\">La Rectrice a entendu notre demande et annonce des rectifications pour l&rsquo;ann\u00e9e prochaine. Elle nous a inform\u00e9s aussi qu&rsquo;un questionnaire \u00e9tait en pr\u00e9paration \u00e0 destination de tous les personnels de l&rsquo;acad\u00e9mie sur leurs besoins de formation. Les r\u00e9ponses leur permettraient d&rsquo;ajuster le Plan de Formation Acad\u00e9mique&#8230; Pour le SNUipp-FSU , c&rsquo;est plus qu&rsquo;un ajustement qui va \u00eatre n\u00e9cessaire !<\/p>\n<h3 class=\"spip\" id=\"outil_sommaire_5\"><a title=\"Sommaire\" href=\"http:\/\/86.snuipp.fr\/spip.php?page=backend&#038;id_rubrique=#outil_sommaire\" class=\"sommaire_ancre\"> <\/a>Temps de travail CUI<\/h3>\n<dl class='spip_document_2956 spip_documents spip_documents_center' >\n<dt><img src='https:\/\/snuipp86.fr\/wp-content\/spip\/cache-vignettes\/L217xH200\/rubon14-2-3bfc5.png' width='217' height='200' alt='PNG - 45.7 ko' style='height:200px;width:217px;' class=' format_png' \/><\/dt>\n<dt class='spip_doc_titre' style='width:217px;'><strong>rubon14<\/strong><\/dt>\n<\/dl>\n<p class=\"spip\">Le SNUipp-FSU est intervenu pour d\u00e9noncer les contrats des personnels en CUI dans l&rsquo;Acad\u00e9mie qui effectuent 24h semaine mais ne sont pay\u00e9s que 20h, comme indiqu\u00e9 dans leur contrat. En effet, l&rsquo;Acad\u00e9mie annualise le temps de travail des personnels en CUI alors que seule la modulation devrait \u00eatre possible (par exemple : 1 semaine \u00e0 25 h puis une semaine \u00e0 15h, mais pas de semaine avec 0h). Le SNUipp-FSU a rappel\u00e9 que d&rsquo;autres acad\u00e9mies s&rsquo;\u00e9taient mises en conformit\u00e9 avec le texte et que des jugements en Tribunal Administratif \u00e9taient en cours, y compris dans l&rsquo;Acad\u00e9mie (jugement \u00e0 Saintes de juin 2017)<\/p>\n<p class=\"spip\">Le Secr\u00e9taire G\u00e9n\u00e9ral de l&rsquo;Acad\u00e9mie refuse toute modification des conditions de contrat et il indique que le service juridique a valid\u00e9 leur d\u00e9cision. Ils ne bougeront que si un tribunal leur impose. Dont acte &#8230; Le SNUIpp-FSU vous propose un courrier \u00e0 envoyer : <a href=\"http:\/\/86.snuipp.fr\/spip.php?article3472\" class=\"spip_out\">http:\/\/86.snuipp.fr\/spip.php ?article3472<\/a><\/p>\n<p class=\"spip\">Au sujet de la formation des AVS, M. Diaz affirme que le cahier des charges est rempli pour tous les personnels.<\/p>\n<p class=\"spip\">M. Blugeon pr\u00e9cise qu&rsquo;une orientation est prise pour d\u00e9velopper les prises en charges mutualis\u00e9es. Les aides individualis\u00e9es \u00e9tant r\u00e9serv\u00e9es d\u00e9sormais \u00e0 des cas particuliers. On arriverait dans certains d\u00e9partement de l&rsquo;acad\u00e9mie \u00e0 50% de recrutements d&rsquo;AVSI<\/p>\n<h3 class=\"spip\" id=\"outil_sommaire_6\"><a title=\"Sommaire\" href=\"http:\/\/86.snuipp.fr\/spip.php?page=backend&#038;id_rubrique=#outil_sommaire\" class=\"sommaire_ancre\"> <\/a>Crit\u00e8res pour stage MIN ASH<\/h3>\n<dl class='spip_document_2958 spip_documents spip_documents_center' >\n<dt><img src='https:\/\/snuipp86.fr\/wp-content\/spip\/cache-vignettes\/L200xH155\/ash2-db858-5c7a6.jpg' width='200' height='155' alt='JPEG - 22.8 ko' style='height:155px;width:200px;' class='' \/><\/dt>\n<dt class='spip_doc_titre' style='width:200px;'><strong>ash2-db858<\/strong><\/dt>\n<\/dl>\n<p class=\"spip\">Le SNUipp-FSU a demand\u00e9 plus de transparence sur les d\u00e9parts, tant en terme de publications des circulaires pour candidater que sur le des choix des stagiaires retenus.<\/p>\n<p class=\"spip\">La Rectrice est all\u00e9e dans notre sens pour que le plus d&rsquo;information possible soit amen\u00e9 concernant ces stages, elle reconnait les lacunes dans le domaine de la communication de notre institution.<\/p>\n<p class=\"spip\">Concernant les d\u00e9parts en 2018-2019, M. Lev\u00eaque annonce que la feuille de route restera l&rsquo; \u00a0\u00bb inclusion \u00a0\u00bb et que les d\u00e9parts \u00ab\u00a0ultra prioritaires\u00a0\u00bb seront pour les coll\u00e8gues qui demanderont le module \u00a0\u00bb Langue des Signes \u00a0\u00bb dans le cadre d&rsquo;un CAPPEI contenant un module d&rsquo;approfondissement \u00ab\u00a0troubles auditif \u00a0\u00bb en 2019. M. L\u00e9v\u00eaque a aussi annonc\u00e9 l&rsquo;augmentation des stages MIN l&rsquo;ann\u00e9e prochaine avec des lieux de formation au sein de l&rsquo;acad\u00e9mie, mais en conservant une publication nationale.<\/p>\n<h3 class=\"spip\" id=\"outil_sommaire_7\"><a title=\"Sommaire\" href=\"http:\/\/86.snuipp.fr\/spip.php?page=backend&#038;id_rubrique=#outil_sommaire\" class=\"sommaire_ancre\"> <\/a>ASH : occupation des postes 2nd degr\u00e9 par les personnels 1er degr\u00e9<\/h3>\n<dl class='spip_document_2960 spip_documents spip_documents_center' >\n<dt><img src='https:\/\/snuipp86.fr\/wp-content\/spip\/cache-vignettes\/L285xH285\/Ulis_Pro-41d1b.png' width='285' height='285' alt='PNG - 8 ko' style='height:285px;width:285px;' class=' format_png' \/><\/dt>\n<dt class='spip_doc_titre' style='width:285px;'><strong>Ulis_Pro<\/strong><\/dt>\n<\/dl>\n<p class=\"spip\">Le SNUipp-FSU a demand\u00e9 de la transparence sur les appels \u00e0 candidature sur les ULIS en lyc\u00e9e Professionnel. Le SNUIpp-FSU revendique de l&rsquo;\u00e9quit\u00e9 envers les personnels 1er degr\u00e9 qui sont majoritairement d\u00e9favoris\u00e9s par rapport aux personnels 2nd degr\u00e9.<\/p>\n<p class=\"spip\">M. Lev\u00eaque a rappel\u00e9 que la circulaire nationale de 2016 pr\u00e9cisait qu&rsquo;en ULIS pro les enseignant-e-s du 2nd degr\u00e9 \u00e9taient prioritaires. Ce sont des postes profil\u00e9s et toutes les candidatures sont \u00e9tudi\u00e9es. La rectrice a entendu qu&rsquo;il fallait am\u00e9liorer la communication sur le sujet aupr\u00e8s des enseignants du 1er degr\u00e9.<\/p>\n<h3 class=\"spip\" id=\"outil_sommaire_8\"><a title=\"Sommaire\" href=\"http:\/\/86.snuipp.fr\/spip.php?page=backend&#038;id_rubrique=#outil_sommaire\" class=\"sommaire_ancre\"> <\/a>ERSEH : montant de l&rsquo;indemnit\u00e9<\/h3>\n<dl class='spip_document_2962 spip_documents spip_documents_center' >\n<dt><img src='https:\/\/snuipp86.fr\/wp-content\/spip\/cache-vignettes\/L300xH179\/arton486-497c3.jpg' width='300' height='179' alt='JPEG - 5.9 ko' style='height:179px;width:300px;' class='' \/><\/dt>\n<dt class='spip_doc_titre' style='width:300px;'><strong>arton486<\/strong><\/dt>\n<\/dl>\n<p class=\"spip\">Le SNUIpp-FSU a appris au Rectorat que sa revendication de l&rsquo;IMP \u00e0 2500\u20ac soit vers\u00e9e \u00e0 tous les ERSEH, avait \u00e9t\u00e9 act\u00e9e par le minist\u00e8re ce mardi 5\/12. voir article <a href=\"https:\/\/www.snuipp.fr\/actualites\/posts\/indemnite-des-referents-c-est-gagne\" class=\"spip_out\"> https:\/\/www.snuipp.fr\/actualites\/posts\/indemnite-des-referents-c-est-gagne<\/a><\/p>\n<p class=\"spip\">Le rectorat a indiqu\u00e9 que cela serait fait d\u00e8s que la circulaire arriverait en esp\u00e9rant que les budgets seront abond\u00e9s<\/p>\n<h3 class=\"spip\" id=\"outil_sommaire_9\"><a title=\"Sommaire\" href=\"http:\/\/86.snuipp.fr\/spip.php?page=backend&#038;id_rubrique=#outil_sommaire\" class=\"sommaire_ancre\"> <\/a>Rythmes scolaires<\/h3>\n<dl class='spip_document_2964 spip_documents spip_documents_center' >\n<dt><img src='https:\/\/snuipp86.fr\/wp-content\/spip\/cache-vignettes\/L462xH308\/arton2077-75d40.jpg' width='462' height='308' alt='JPEG - 93 ko' style='height:308px;width:462px;' class='' \/><\/dt>\n<dt class='spip_doc_titre' style='width:350px;'><strong>arton2077<\/strong><\/dt>\n<\/dl>\n<p class=\"spip\">Le SNUipp-FSU a mis en avant la contradiction entre le d\u00e9cret Blanquer (limitant \u00e0 24 h par semaine et 6h par jour d&rsquo;enseignement maximum pour les \u00e9l\u00e8ves par jour) et l&rsquo;obligation de mettre en \u0153uvre l&rsquo;APC. Pour le SNUIpp-FSU, l&rsquo;APC est donc en trop pour respecter les rythmes de l&rsquo;\u00e9l\u00e8ve dans le cadre d&rsquo;une semaine \u00e0 4 jours.<\/p>\n<p class=\"spip\">L&rsquo;administration se renseigne &#8230;<\/p>\n<p class=\"spip\"><i class=\"spip\">D\u00e9l\u00e9gation du SNUIpp-FSU acad\u00e9mique : Mme Moreau (16) Mme Maillet et M. Grizet (17) Mme La\u00een\u00e9 et M. Menaut (86)<\/i><\/p>\n<\/div>\n","protected":false},"excerpt":{"rendered":"<p>Audience SNUipp-FSU avec la Rectrice de l&rsquo;acad\u00e9mie de Poitiers Mercredi 6 d\u00e9cembre <br \/>Pr\u00e9sent-e-s : Rectrice (Mme Bisagni), Secr\u00e9taire g\u00e9n\u00e9ral (M. Diaz), Secr\u00e9taires g\u00e9n\u00e9raux adjoints (M. Guilbault, Mme Poirier, M. Siretas) Directeur de cabinet de la rectrice (M. Blugeon) Conseiller technique ASH de la rectrice (M. L\u00e9v\u00eaque) IA-IPR de lettres charg\u00e9 de la communication avec l&rsquo;ESPE ( M. Barjolle ) <br \/>Cette audience a dur\u00e9 1h. <br \/>Professeur des \u00e9coles stagiaires : maquette formation, pemf, \u00e9changes (&#8230;)<br \/>\n&#8211;<br \/>\n<a href=\"http:\/\/86.snuipp.fr\/spip.php?rubrique9\" rel=\"directory\">LA FORMATION <\/a><br \/>\n\/<br \/>\n<a href=\"http:\/\/86.snuipp.fr\/spip.php?mot286\" rel=\"tag\">Salaires, indemnit\u00e9s, primes .<\/a>,<br \/>\n<a href=\"http:\/\/86.snuipp.fr\/spip.php?mot289\" rel=\"tag\">Formation<\/a>,<br \/>\n<a href=\"http:\/\/86.snuipp.fr\/spip.php?mot313\" rel=\"tag\">Fonctionnaires .Stagiaires .1<\/a>,<br \/>\n<a href=\"http:\/\/86.snuipp.fr\/spip.php?mot320\" rel=\"tag\">Rythmes scolaires<\/a>,<br \/>\n<a href=\"http:\/\/86.snuipp.fr\/spip.php?mot321\" rel=\"tag\">A.S.H<\/a><\/p>\n","protected":false},"author":1,"featured_media":0,"comment_status":"open","ping_status":"open","sticky":false,"template":"","format":"standard","meta":{"footnotes":""},"categories":[14],"tags":[],"class_list":["post-259","post","type-post","status-publish","format-standard","hentry","category-a-la-une"],"yoast_head":"<!-- This site is optimized with the Yoast SEO plugin v26.6 - https:\/\/yoast.com\/wordpress\/plugins\/seo\/ -->\n<title>Audience Rectrice \/ SNUipp-FSU du 6\/12\/17 : formation, ASH, CUI, CPF ... - FSU-SNUipp 86<\/title>\n<meta name=\"robots\" content=\"index, follow, max-snippet:-1, max-image-preview:large, max-video-preview:-1\" \/>\n<link rel=\"canonical\" href=\"https:\/\/snuipp86.fr\/index.php\/2017\/12\/06\/audience-rectrice-snuipp-fsu-du-6-12-17-formation-ash-cui-cpf\/\" \/>\n<meta property=\"og:locale\" content=\"fr_FR\" \/>\n<meta property=\"og:type\" content=\"article\" \/>\n<meta property=\"og:title\" content=\"Audience Rectrice \/ SNUipp-FSU du 6\/12\/17 : formation, ASH, CUI, CPF ... - FSU-SNUipp 86\" \/>\n<meta property=\"og:description\" content=\"Audience SNUipp-FSU avec la Rectrice de l&#039;acad\u00e9mie de Poitiers Mercredi 6 d\u00e9cembre Pr\u00e9sent-e-s : Rectrice (Mme Bisagni), Secr\u00e9taire g\u00e9n\u00e9ral (M. Diaz), Secr\u00e9taires g\u00e9n\u00e9raux adjoints (M. Guilbault, Mme Poirier, M. Siretas) Directeur de cabinet de la rectrice (M. Blugeon) Conseiller technique ASH de la rectrice (M. L\u00e9v\u00eaque) IA-IPR de lettres charg\u00e9 de la communication avec l&#039;ESPE ( M. Barjolle ) Cette audience a dur\u00e9 1h. Professeur des \u00e9coles stagiaires : maquette formation, pemf, \u00e9changes (...) - LA FORMATION \/ Salaires, indemnit\u00e9s, primes ., Formation, Fonctionnaires .Stagiaires .1, Rythmes scolaires, A.S.H\" \/>\n<meta property=\"og:url\" content=\"https:\/\/snuipp86.fr\/index.php\/2017\/12\/06\/audience-rectrice-snuipp-fsu-du-6-12-17-formation-ash-cui-cpf\/\" \/>\n<meta property=\"og:site_name\" content=\"FSU-SNUipp 86\" \/>\n<meta property=\"article:published_time\" content=\"2017-12-06T10:40:00+00:00\" \/>\n<meta property=\"og:image\" content=\"http:\/\/snuipp86.fr\/wp-content\/spip\/IMG\/arton3554.jpg\" \/>\n<meta name=\"author\" content=\"WP86Admin\" \/>\n<meta name=\"twitter:card\" content=\"summary_large_image\" \/>\n<meta name=\"twitter:label1\" content=\"\u00c9crit par\" \/>\n\t<meta name=\"twitter:data1\" content=\"WP86Admin\" \/>\n\t<meta name=\"twitter:label2\" content=\"Dur\u00e9e de lecture estim\u00e9e\" \/>\n\t<meta name=\"twitter:data2\" content=\"6 minutes\" \/>\n<script type=\"application\/ld+json\" class=\"yoast-schema-graph\">{\"@context\":\"https:\/\/schema.org\",\"@graph\":[{\"@type\":\"WebPage\",\"@id\":\"https:\/\/snuipp86.fr\/index.php\/2017\/12\/06\/audience-rectrice-snuipp-fsu-du-6-12-17-formation-ash-cui-cpf\/\",\"url\":\"https:\/\/snuipp86.fr\/index.php\/2017\/12\/06\/audience-rectrice-snuipp-fsu-du-6-12-17-formation-ash-cui-cpf\/\",\"name\":\"Audience Rectrice \/ SNUipp-FSU du 6\/12\/17 : formation, ASH, CUI, CPF ... - FSU-SNUipp 86\",\"isPartOf\":{\"@id\":\"https:\/\/snuipp86.fr\/#website\"},\"primaryImageOfPage\":{\"@id\":\"https:\/\/snuipp86.fr\/index.php\/2017\/12\/06\/audience-rectrice-snuipp-fsu-du-6-12-17-formation-ash-cui-cpf\/#primaryimage\"},\"image\":{\"@id\":\"https:\/\/snuipp86.fr\/index.php\/2017\/12\/06\/audience-rectrice-snuipp-fsu-du-6-12-17-formation-ash-cui-cpf\/#primaryimage\"},\"thumbnailUrl\":\"http:\/\/snuipp86.fr\/wp-content\/spip\/IMG\/arton3554.jpg\",\"datePublished\":\"2017-12-06T10:40:00+00:00\",\"author\":{\"@id\":\"https:\/\/snuipp86.fr\/#\/schema\/person\/901b28b9ae1c7a63a6a940102e52a7a2\"},\"breadcrumb\":{\"@id\":\"https:\/\/snuipp86.fr\/index.php\/2017\/12\/06\/audience-rectrice-snuipp-fsu-du-6-12-17-formation-ash-cui-cpf\/#breadcrumb\"},\"inLanguage\":\"fr-FR\",\"potentialAction\":[{\"@type\":\"ReadAction\",\"target\":[\"https:\/\/snuipp86.fr\/index.php\/2017\/12\/06\/audience-rectrice-snuipp-fsu-du-6-12-17-formation-ash-cui-cpf\/\"]}]},{\"@type\":\"ImageObject\",\"inLanguage\":\"fr-FR\",\"@id\":\"https:\/\/snuipp86.fr\/index.php\/2017\/12\/06\/audience-rectrice-snuipp-fsu-du-6-12-17-formation-ash-cui-cpf\/#primaryimage\",\"url\":\"http:\/\/snuipp86.fr\/wp-content\/spip\/IMG\/arton3554.jpg\",\"contentUrl\":\"http:\/\/snuipp86.fr\/wp-content\/spip\/IMG\/arton3554.jpg\"},{\"@type\":\"BreadcrumbList\",\"@id\":\"https:\/\/snuipp86.fr\/index.php\/2017\/12\/06\/audience-rectrice-snuipp-fsu-du-6-12-17-formation-ash-cui-cpf\/#breadcrumb\",\"itemListElement\":[{\"@type\":\"ListItem\",\"position\":1,\"name\":\"Accueil\",\"item\":\"https:\/\/snuipp86.fr\/\"},{\"@type\":\"ListItem\",\"position\":2,\"name\":\"Audience Rectrice \/ SNUipp-FSU du 6\/12\/17 : formation, ASH, CUI, CPF &#8230;\"}]},{\"@type\":\"WebSite\",\"@id\":\"https:\/\/snuipp86.fr\/#website\",\"url\":\"https:\/\/snuipp86.fr\/\",\"name\":\"FSU-SNUipp 86\",\"description\":\"Des id\u00e9es qui font l&#039;\u00e9cole\",\"potentialAction\":[{\"@type\":\"SearchAction\",\"target\":{\"@type\":\"EntryPoint\",\"urlTemplate\":\"https:\/\/snuipp86.fr\/?s={search_term_string}\"},\"query-input\":{\"@type\":\"PropertyValueSpecification\",\"valueRequired\":true,\"valueName\":\"search_term_string\"}}],\"inLanguage\":\"fr-FR\"},{\"@type\":\"Person\",\"@id\":\"https:\/\/snuipp86.fr\/#\/schema\/person\/901b28b9ae1c7a63a6a940102e52a7a2\",\"name\":\"WP86Admin\",\"image\":{\"@type\":\"ImageObject\",\"inLanguage\":\"fr-FR\",\"@id\":\"https:\/\/snuipp86.fr\/#\/schema\/person\/image\/\",\"url\":\"https:\/\/secure.gravatar.com\/avatar\/0099845c7ec05dc10d777d8ab4f5142c5ba316283821af2459738ad469a37a1a?s=96&d=mm&r=g\",\"contentUrl\":\"https:\/\/secure.gravatar.com\/avatar\/0099845c7ec05dc10d777d8ab4f5142c5ba316283821af2459738ad469a37a1a?s=96&d=mm&r=g\",\"caption\":\"WP86Admin\"},\"url\":\"https:\/\/snuipp86.fr\/index.php\/author\/wp86admin\/\"}]}<\/script>\n<!-- \/ Yoast SEO plugin. -->","yoast_head_json":{"title":"Audience Rectrice \/ SNUipp-FSU du 6\/12\/17 : formation, ASH, CUI, CPF ... - FSU-SNUipp 86","robots":{"index":"index","follow":"follow","max-snippet":"max-snippet:-1","max-image-preview":"max-image-preview:large","max-video-preview":"max-video-preview:-1"},"canonical":"https:\/\/snuipp86.fr\/index.php\/2017\/12\/06\/audience-rectrice-snuipp-fsu-du-6-12-17-formation-ash-cui-cpf\/","og_locale":"fr_FR","og_type":"article","og_title":"Audience Rectrice \/ SNUipp-FSU du 6\/12\/17 : formation, ASH, CUI, CPF ... - FSU-SNUipp 86","og_description":"Audience SNUipp-FSU avec la Rectrice de l'acad\u00e9mie de Poitiers Mercredi 6 d\u00e9cembre Pr\u00e9sent-e-s : Rectrice (Mme Bisagni), Secr\u00e9taire g\u00e9n\u00e9ral (M. Diaz), Secr\u00e9taires g\u00e9n\u00e9raux adjoints (M. Guilbault, Mme Poirier, M. Siretas) Directeur de cabinet de la rectrice (M. Blugeon) Conseiller technique ASH de la rectrice (M. L\u00e9v\u00eaque) IA-IPR de lettres charg\u00e9 de la communication avec l'ESPE ( M. Barjolle ) Cette audience a dur\u00e9 1h. Professeur des \u00e9coles stagiaires : maquette formation, pemf, \u00e9changes (...) - LA FORMATION \/ Salaires, indemnit\u00e9s, primes ., Formation, Fonctionnaires .Stagiaires .1, Rythmes scolaires, A.S.H","og_url":"https:\/\/snuipp86.fr\/index.php\/2017\/12\/06\/audience-rectrice-snuipp-fsu-du-6-12-17-formation-ash-cui-cpf\/","og_site_name":"FSU-SNUipp 86","article_published_time":"2017-12-06T10:40:00+00:00","og_image":[{"url":"http:\/\/snuipp86.fr\/wp-content\/spip\/IMG\/arton3554.jpg","type":"","width":"","height":""}],"author":"WP86Admin","twitter_card":"summary_large_image","twitter_misc":{"\u00c9crit par":"WP86Admin","Dur\u00e9e de lecture estim\u00e9e":"6 minutes"},"schema":{"@context":"https:\/\/schema.org","@graph":[{"@type":"WebPage","@id":"https:\/\/snuipp86.fr\/index.php\/2017\/12\/06\/audience-rectrice-snuipp-fsu-du-6-12-17-formation-ash-cui-cpf\/","url":"https:\/\/snuipp86.fr\/index.php\/2017\/12\/06\/audience-rectrice-snuipp-fsu-du-6-12-17-formation-ash-cui-cpf\/","name":"Audience Rectrice \/ SNUipp-FSU du 6\/12\/17 : formation, ASH, CUI, CPF ... - FSU-SNUipp 86","isPartOf":{"@id":"https:\/\/snuipp86.fr\/#website"},"primaryImageOfPage":{"@id":"https:\/\/snuipp86.fr\/index.php\/2017\/12\/06\/audience-rectrice-snuipp-fsu-du-6-12-17-formation-ash-cui-cpf\/#primaryimage"},"image":{"@id":"https:\/\/snuipp86.fr\/index.php\/2017\/12\/06\/audience-rectrice-snuipp-fsu-du-6-12-17-formation-ash-cui-cpf\/#primaryimage"},"thumbnailUrl":"http:\/\/snuipp86.fr\/wp-content\/spip\/IMG\/arton3554.jpg","datePublished":"2017-12-06T10:40:00+00:00","author":{"@id":"https:\/\/snuipp86.fr\/#\/schema\/person\/901b28b9ae1c7a63a6a940102e52a7a2"},"breadcrumb":{"@id":"https:\/\/snuipp86.fr\/index.php\/2017\/12\/06\/audience-rectrice-snuipp-fsu-du-6-12-17-formation-ash-cui-cpf\/#breadcrumb"},"inLanguage":"fr-FR","potentialAction":[{"@type":"ReadAction","target":["https:\/\/snuipp86.fr\/index.php\/2017\/12\/06\/audience-rectrice-snuipp-fsu-du-6-12-17-formation-ash-cui-cpf\/"]}]},{"@type":"ImageObject","inLanguage":"fr-FR","@id":"https:\/\/snuipp86.fr\/index.php\/2017\/12\/06\/audience-rectrice-snuipp-fsu-du-6-12-17-formation-ash-cui-cpf\/#primaryimage","url":"http:\/\/snuipp86.fr\/wp-content\/spip\/IMG\/arton3554.jpg","contentUrl":"http:\/\/snuipp86.fr\/wp-content\/spip\/IMG\/arton3554.jpg"},{"@type":"BreadcrumbList","@id":"https:\/\/snuipp86.fr\/index.php\/2017\/12\/06\/audience-rectrice-snuipp-fsu-du-6-12-17-formation-ash-cui-cpf\/#breadcrumb","itemListElement":[{"@type":"ListItem","position":1,"name":"Accueil","item":"https:\/\/snuipp86.fr\/"},{"@type":"ListItem","position":2,"name":"Audience Rectrice \/ SNUipp-FSU du 6\/12\/17 : formation, ASH, CUI, CPF &#8230;"}]},{"@type":"WebSite","@id":"https:\/\/snuipp86.fr\/#website","url":"https:\/\/snuipp86.fr\/","name":"FSU-SNUipp 86","description":"Des id\u00e9es qui font l&#039;\u00e9cole","potentialAction":[{"@type":"SearchAction","target":{"@type":"EntryPoint","urlTemplate":"https:\/\/snuipp86.fr\/?s={search_term_string}"},"query-input":{"@type":"PropertyValueSpecification","valueRequired":true,"valueName":"search_term_string"}}],"inLanguage":"fr-FR"},{"@type":"Person","@id":"https:\/\/snuipp86.fr\/#\/schema\/person\/901b28b9ae1c7a63a6a940102e52a7a2","name":"WP86Admin","image":{"@type":"ImageObject","inLanguage":"fr-FR","@id":"https:\/\/snuipp86.fr\/#\/schema\/person\/image\/","url":"https:\/\/secure.gravatar.com\/avatar\/0099845c7ec05dc10d777d8ab4f5142c5ba316283821af2459738ad469a37a1a?s=96&d=mm&r=g","contentUrl":"https:\/\/secure.gravatar.com\/avatar\/0099845c7ec05dc10d777d8ab4f5142c5ba316283821af2459738ad469a37a1a?s=96&d=mm&r=g","caption":"WP86Admin"},"url":"https:\/\/snuipp86.fr\/index.php\/author\/wp86admin\/"}]}},"_links":{"self":[{"href":"https:\/\/snuipp86.fr\/index.php\/wp-json\/wp\/v2\/posts\/259","targetHints":{"allow":["GET"]}}],"collection":[{"href":"https:\/\/snuipp86.fr\/index.php\/wp-json\/wp\/v2\/posts"}],"about":[{"href":"https:\/\/snuipp86.fr\/index.php\/wp-json\/wp\/v2\/types\/post"}],"author":[{"embeddable":true,"href":"https:\/\/snuipp86.fr\/index.php\/wp-json\/wp\/v2\/users\/1"}],"replies":[{"embeddable":true,"href":"https:\/\/snuipp86.fr\/index.php\/wp-json\/wp\/v2\/comments?post=259"}],"version-history":[{"count":0,"href":"https:\/\/snuipp86.fr\/index.php\/wp-json\/wp\/v2\/posts\/259\/revisions"}],"wp:attachment":[{"href":"https:\/\/snuipp86.fr\/index.php\/wp-json\/wp\/v2\/media?parent=259"}],"wp:term":[{"taxonomy":"category","embeddable":true,"href":"https:\/\/snuipp86.fr\/index.php\/wp-json\/wp\/v2\/categories?post=259"},{"taxonomy":"post_tag","embeddable":true,"href":"https:\/\/snuipp86.fr\/index.php\/wp-json\/wp\/v2\/tags?post=259"}],"curies":[{"name":"wp","href":"https:\/\/api.w.org\/{rel}","templated":true}]}}