{"id":25916,"date":"2024-10-08T13:05:34","date_gmt":"2024-10-08T11:05:34","guid":{"rendered":"https:\/\/snuipp86.fr\/?p=25916"},"modified":"2024-10-08T13:05:34","modified_gmt":"2024-10-08T11:05:34","slug":"stage-aesh-le-11-decembre-droits-conditions-de-travail-actualite","status":"publish","type":"post","link":"https:\/\/snuipp86.fr\/index.php\/2024\/10\/08\/stage-aesh-le-11-decembre-droits-conditions-de-travail-actualite\/","title":{"rendered":"Stage AESH le 11 d\u00e9cembre : droits, conditions de travail, actualit\u00e9&#8230;"},"content":{"rendered":"<h1><img decoding=\"async\" class=\"size-medium wp-image-21245 aligncenter\" src=\"https:\/\/snuipp86.fr\/wp-content\/uploads\/2021\/10\/aesh-fsu-engages-300x137.jpg\" alt=\"\" width=\"300\" height=\"137\" srcset=\"https:\/\/snuipp86.fr\/wp-content\/uploads\/2021\/10\/aesh-fsu-engages-200x91.jpg 200w, https:\/\/snuipp86.fr\/wp-content\/uploads\/2021\/10\/aesh-fsu-engages-300x137.jpg 300w, https:\/\/snuipp86.fr\/wp-content\/uploads\/2021\/10\/aesh-fsu-engages-400x182.jpg 400w, https:\/\/snuipp86.fr\/wp-content\/uploads\/2021\/10\/aesh-fsu-engages-600x274.jpg 600w, https:\/\/snuipp86.fr\/wp-content\/uploads\/2021\/10\/aesh-fsu-engages-768x350.jpg 768w, https:\/\/snuipp86.fr\/wp-content\/uploads\/2021\/10\/aesh-fsu-engages-800x365.jpg 800w, https:\/\/snuipp86.fr\/wp-content\/uploads\/2021\/10\/aesh-fsu-engages.jpg 921w\" sizes=\"(max-width: 300px) 100vw, 300px\" \/><\/h1>\n<h1 style=\"text-align: center;\"><span style=\"color: #0000ff;\"><b>Stage AESH <\/b><\/span><\/h1>\n<h1 style=\"text-align: center;\"><span style=\"color: #0000ff;\"><b><span id=\"OBJ_PREFIX_DWT4231_com_zimbra_date\" class=\"Object\" role=\"link\">11 d\u00e9cembre 2024 &#8211; <\/span><\/b><\/span><b><span style=\"color: #0000ff;\">de 9h \u00e0 12h<\/span> <\/b><b><\/b><\/h1>\n<table width=\"100%\" cellpadding=\"0\">\n<tbody>\n<tr>\n<td>Pour conna\u00eetre vos droits, vos conditions de travail, dans le contexte d&rsquo;une politique de l&rsquo;\u00e9cole inclusive sans cesse remise en cause par toute la communaut\u00e9 \u00e9ducative, les repr\u00e9sentants du personnel de la FSU-Snuipp et le SNES-FSU vous proposent de r\u00e9pondre \u00e0 vos interrogations ou de vous informer sur les nouveaut\u00e9s de la rentr\u00e9e, lors d&rsquo;un temps d&rsquo;\u00e9change \u00e0 la maison syndicale de Poitiers.<\/p>\n<p><span style=\"color: #ff0000;\"><strong>Inscription avant le 11 novembre dernier d\u00e9lai pour vous permettre de demander votre autorisation d&rsquo;absence.<\/strong><\/span><\/p>\n<p style=\"text-align: center;\"><a href=\"https:\/\/docs.google.com\/forms\/d\/e\/1FAIpQLScpJFwA6KGxAELYY6IyhRXHLQNqxPJ0Tz8GSwUyZ6NXekiauQ\/viewform?usp=pp_url\">lien pour s&rsquo;inscrire<\/a><\/p>\n<p>Ce formulaire vous permet de vous inscrire au stage organis\u00e9 par les syndicats de la FSU86 le <span id=\"OBJ_PREFIX_DWT4233_com_zimbra_date\" class=\"Object\" role=\"link\">mercredi 11 d\u00e9cembre 2024<\/span> de 9h \u00e0 12h \u00e0 la maison syndicale de la FSU (16 avenue du parc d&rsquo;artillerie, Poitiers).<\/p>\n<p>&nbsp;<\/p>\n<p style=\"text-align: center;\"><span style=\"color: #0000ff;\">Isabelle et Chlo\u00e9 pour la FSU <\/span><br \/>\n<span id=\"OBJ_PREFIX_DWT4234_ZmEmailObjectHandler\" class=\"Object\" role=\"link\"><a href=\"mailto:aesh.fsu86@gmail.com\" target=\"_blank\" rel=\"nofollow noopener noreferrer\"><span style=\"color: #0000ff;\">aesh.fsu86@gmail.com<\/span><\/a><\/span><\/p>\n<\/td>\n<\/tr>\n<\/tbody>\n<\/table>\n","protected":false},"excerpt":{"rendered":"<p>Stage AESH 11 d\u00e9cembre 2024 &#8211; de 9h \u00e0 12h Pour conna\u00eetre vos droits, vos conditions de travail, dans le contexte d&rsquo;une politique de l&rsquo;\u00e9cole inclusive sans cesse remise en cause par toute la communaut\u00e9 \u00e9ducative, les repr\u00e9sentants du personnel de la FSU-Snuipp et le SNES-FSU vous proposent de r\u00e9pondre \u00e0 vos interrogations ou de vous [&hellip;]<\/p>\n","protected":false},"author":4,"featured_media":23512,"comment_status":"closed","ping_status":"closed","sticky":false,"template":"","format":"standard","meta":{"footnotes":""},"categories":[14],"tags":[38,60],"class_list":["post-25916","post","type-post","status-publish","format-standard","has-post-thumbnail","hentry","category-a-la-une","tag-aesh","tag-stage"],"yoast_head":"<!-- This site is optimized with the Yoast SEO plugin v26.6 - https:\/\/yoast.com\/wordpress\/plugins\/seo\/ -->\n<title>Stage AESH le 11 d\u00e9cembre : droits, conditions de travail, actualit\u00e9... - FSU-SNUipp 86<\/title>\n<meta name=\"robots\" content=\"index, follow, max-snippet:-1, max-image-preview:large, max-video-preview:-1\" \/>\n<link rel=\"canonical\" href=\"https:\/\/snuipp86.fr\/index.php\/2024\/10\/08\/stage-aesh-le-11-decembre-droits-conditions-de-travail-actualite\/\" \/>\n<meta property=\"og:locale\" content=\"fr_FR\" \/>\n<meta property=\"og:type\" content=\"article\" \/>\n<meta property=\"og:title\" content=\"Stage AESH le 11 d\u00e9cembre : droits, conditions de travail, actualit\u00e9... - FSU-SNUipp 86\" \/>\n<meta property=\"og:description\" content=\"Stage AESH 11 d\u00e9cembre 2024 &#8211; de 9h \u00e0 12h Pour conna\u00eetre vos droits, vos conditions de travail, dans le contexte d&rsquo;une politique de l&rsquo;\u00e9cole inclusive sans cesse remise en cause par toute la communaut\u00e9 \u00e9ducative, les repr\u00e9sentants du personnel de la FSU-Snuipp et le SNES-FSU vous proposent de r\u00e9pondre \u00e0 vos interrogations ou de vous [&hellip;]\" \/>\n<meta property=\"og:url\" content=\"https:\/\/snuipp86.fr\/index.php\/2024\/10\/08\/stage-aesh-le-11-decembre-droits-conditions-de-travail-actualite\/\" \/>\n<meta property=\"og:site_name\" content=\"FSU-SNUipp 86\" \/>\n<meta property=\"article:published_time\" content=\"2024-10-08T11:05:34+00:00\" \/>\n<meta property=\"og:image\" content=\"https:\/\/snuipp86.fr\/wp-content\/uploads\/2023\/02\/stage-177x142-1.png\" \/>\n\t<meta property=\"og:image:width\" content=\"177\" \/>\n\t<meta property=\"og:image:height\" content=\"142\" \/>\n\t<meta property=\"og:image:type\" content=\"image\/png\" \/>\n<meta name=\"author\" content=\"Matthieu Menaut\" \/>\n<meta name=\"twitter:card\" content=\"summary_large_image\" \/>\n<meta name=\"twitter:label1\" content=\"\u00c9crit par\" \/>\n\t<meta name=\"twitter:data1\" content=\"Matthieu Menaut\" \/>\n\t<meta name=\"twitter:label2\" content=\"Dur\u00e9e de lecture estim\u00e9e\" \/>\n\t<meta name=\"twitter:data2\" content=\"2 minutes\" \/>\n<script type=\"application\/ld+json\" class=\"yoast-schema-graph\">{\"@context\":\"https:\/\/schema.org\",\"@graph\":[{\"@type\":\"WebPage\",\"@id\":\"https:\/\/snuipp86.fr\/index.php\/2024\/10\/08\/stage-aesh-le-11-decembre-droits-conditions-de-travail-actualite\/\",\"url\":\"https:\/\/snuipp86.fr\/index.php\/2024\/10\/08\/stage-aesh-le-11-decembre-droits-conditions-de-travail-actualite\/\",\"name\":\"Stage AESH le 11 d\u00e9cembre : droits, conditions de travail, actualit\u00e9... - FSU-SNUipp 86\",\"isPartOf\":{\"@id\":\"https:\/\/snuipp86.fr\/#website\"},\"primaryImageOfPage\":{\"@id\":\"https:\/\/snuipp86.fr\/index.php\/2024\/10\/08\/stage-aesh-le-11-decembre-droits-conditions-de-travail-actualite\/#primaryimage\"},\"image\":{\"@id\":\"https:\/\/snuipp86.fr\/index.php\/2024\/10\/08\/stage-aesh-le-11-decembre-droits-conditions-de-travail-actualite\/#primaryimage\"},\"thumbnailUrl\":\"https:\/\/snuipp86.fr\/wp-content\/uploads\/2023\/02\/stage-177x142-1.png\",\"datePublished\":\"2024-10-08T11:05:34+00:00\",\"author\":{\"@id\":\"https:\/\/snuipp86.fr\/#\/schema\/person\/5a96b33672b90a1385fd0b096fd5ebcb\"},\"breadcrumb\":{\"@id\":\"https:\/\/snuipp86.fr\/index.php\/2024\/10\/08\/stage-aesh-le-11-decembre-droits-conditions-de-travail-actualite\/#breadcrumb\"},\"inLanguage\":\"fr-FR\",\"potentialAction\":[{\"@type\":\"ReadAction\",\"target\":[\"https:\/\/snuipp86.fr\/index.php\/2024\/10\/08\/stage-aesh-le-11-decembre-droits-conditions-de-travail-actualite\/\"]}]},{\"@type\":\"ImageObject\",\"inLanguage\":\"fr-FR\",\"@id\":\"https:\/\/snuipp86.fr\/index.php\/2024\/10\/08\/stage-aesh-le-11-decembre-droits-conditions-de-travail-actualite\/#primaryimage\",\"url\":\"https:\/\/snuipp86.fr\/wp-content\/uploads\/2023\/02\/stage-177x142-1.png\",\"contentUrl\":\"https:\/\/snuipp86.fr\/wp-content\/uploads\/2023\/02\/stage-177x142-1.png\",\"width\":177,\"height\":142},{\"@type\":\"BreadcrumbList\",\"@id\":\"https:\/\/snuipp86.fr\/index.php\/2024\/10\/08\/stage-aesh-le-11-decembre-droits-conditions-de-travail-actualite\/#breadcrumb\",\"itemListElement\":[{\"@type\":\"ListItem\",\"position\":1,\"name\":\"Accueil\",\"item\":\"https:\/\/snuipp86.fr\/\"},{\"@type\":\"ListItem\",\"position\":2,\"name\":\"Stage AESH le 11 d\u00e9cembre : droits, conditions de travail, actualit\u00e9&#8230;\"}]},{\"@type\":\"WebSite\",\"@id\":\"https:\/\/snuipp86.fr\/#website\",\"url\":\"https:\/\/snuipp86.fr\/\",\"name\":\"FSU-SNUipp 86\",\"description\":\"Des id\u00e9es qui font l&#039;\u00e9cole\",\"potentialAction\":[{\"@type\":\"SearchAction\",\"target\":{\"@type\":\"EntryPoint\",\"urlTemplate\":\"https:\/\/snuipp86.fr\/?s={search_term_string}\"},\"query-input\":{\"@type\":\"PropertyValueSpecification\",\"valueRequired\":true,\"valueName\":\"search_term_string\"}}],\"inLanguage\":\"fr-FR\"},{\"@type\":\"Person\",\"@id\":\"https:\/\/snuipp86.fr\/#\/schema\/person\/5a96b33672b90a1385fd0b096fd5ebcb\",\"name\":\"Matthieu Menaut\",\"image\":{\"@type\":\"ImageObject\",\"inLanguage\":\"fr-FR\",\"@id\":\"https:\/\/snuipp86.fr\/#\/schema\/person\/image\/\",\"url\":\"https:\/\/secure.gravatar.com\/avatar\/03e70f897b03256ddca91d16c3e33a876c31abbf1b31cb48e60e770f684a04d1?s=96&d=mm&r=g\",\"contentUrl\":\"https:\/\/secure.gravatar.com\/avatar\/03e70f897b03256ddca91d16c3e33a876c31abbf1b31cb48e60e770f684a04d1?s=96&d=mm&r=g\",\"caption\":\"Matthieu Menaut\"},\"url\":\"https:\/\/snuipp86.fr\/index.php\/author\/mmenaut\/\"}]}<\/script>\n<!-- \/ Yoast SEO plugin. -->","yoast_head_json":{"title":"Stage AESH le 11 d\u00e9cembre : droits, conditions de travail, actualit\u00e9... - FSU-SNUipp 86","robots":{"index":"index","follow":"follow","max-snippet":"max-snippet:-1","max-image-preview":"max-image-preview:large","max-video-preview":"max-video-preview:-1"},"canonical":"https:\/\/snuipp86.fr\/index.php\/2024\/10\/08\/stage-aesh-le-11-decembre-droits-conditions-de-travail-actualite\/","og_locale":"fr_FR","og_type":"article","og_title":"Stage AESH le 11 d\u00e9cembre : droits, conditions de travail, actualit\u00e9... - FSU-SNUipp 86","og_description":"Stage AESH 11 d\u00e9cembre 2024 &#8211; de 9h \u00e0 12h Pour conna\u00eetre vos droits, vos conditions de travail, dans le contexte d&rsquo;une politique de l&rsquo;\u00e9cole inclusive sans cesse remise en cause par toute la communaut\u00e9 \u00e9ducative, les repr\u00e9sentants du personnel de la FSU-Snuipp et le SNES-FSU vous proposent de r\u00e9pondre \u00e0 vos interrogations ou de vous [&hellip;]","og_url":"https:\/\/snuipp86.fr\/index.php\/2024\/10\/08\/stage-aesh-le-11-decembre-droits-conditions-de-travail-actualite\/","og_site_name":"FSU-SNUipp 86","article_published_time":"2024-10-08T11:05:34+00:00","og_image":[{"width":177,"height":142,"url":"https:\/\/snuipp86.fr\/wp-content\/uploads\/2023\/02\/stage-177x142-1.png","type":"image\/png"}],"author":"Matthieu Menaut","twitter_card":"summary_large_image","twitter_misc":{"\u00c9crit par":"Matthieu Menaut","Dur\u00e9e de lecture estim\u00e9e":"2 minutes"},"schema":{"@context":"https:\/\/schema.org","@graph":[{"@type":"WebPage","@id":"https:\/\/snuipp86.fr\/index.php\/2024\/10\/08\/stage-aesh-le-11-decembre-droits-conditions-de-travail-actualite\/","url":"https:\/\/snuipp86.fr\/index.php\/2024\/10\/08\/stage-aesh-le-11-decembre-droits-conditions-de-travail-actualite\/","name":"Stage AESH le 11 d\u00e9cembre : droits, conditions de travail, actualit\u00e9... - FSU-SNUipp 86","isPartOf":{"@id":"https:\/\/snuipp86.fr\/#website"},"primaryImageOfPage":{"@id":"https:\/\/snuipp86.fr\/index.php\/2024\/10\/08\/stage-aesh-le-11-decembre-droits-conditions-de-travail-actualite\/#primaryimage"},"image":{"@id":"https:\/\/snuipp86.fr\/index.php\/2024\/10\/08\/stage-aesh-le-11-decembre-droits-conditions-de-travail-actualite\/#primaryimage"},"thumbnailUrl":"https:\/\/snuipp86.fr\/wp-content\/uploads\/2023\/02\/stage-177x142-1.png","datePublished":"2024-10-08T11:05:34+00:00","author":{"@id":"https:\/\/snuipp86.fr\/#\/schema\/person\/5a96b33672b90a1385fd0b096fd5ebcb"},"breadcrumb":{"@id":"https:\/\/snuipp86.fr\/index.php\/2024\/10\/08\/stage-aesh-le-11-decembre-droits-conditions-de-travail-actualite\/#breadcrumb"},"inLanguage":"fr-FR","potentialAction":[{"@type":"ReadAction","target":["https:\/\/snuipp86.fr\/index.php\/2024\/10\/08\/stage-aesh-le-11-decembre-droits-conditions-de-travail-actualite\/"]}]},{"@type":"ImageObject","inLanguage":"fr-FR","@id":"https:\/\/snuipp86.fr\/index.php\/2024\/10\/08\/stage-aesh-le-11-decembre-droits-conditions-de-travail-actualite\/#primaryimage","url":"https:\/\/snuipp86.fr\/wp-content\/uploads\/2023\/02\/stage-177x142-1.png","contentUrl":"https:\/\/snuipp86.fr\/wp-content\/uploads\/2023\/02\/stage-177x142-1.png","width":177,"height":142},{"@type":"BreadcrumbList","@id":"https:\/\/snuipp86.fr\/index.php\/2024\/10\/08\/stage-aesh-le-11-decembre-droits-conditions-de-travail-actualite\/#breadcrumb","itemListElement":[{"@type":"ListItem","position":1,"name":"Accueil","item":"https:\/\/snuipp86.fr\/"},{"@type":"ListItem","position":2,"name":"Stage AESH le 11 d\u00e9cembre : droits, conditions de travail, actualit\u00e9&#8230;"}]},{"@type":"WebSite","@id":"https:\/\/snuipp86.fr\/#website","url":"https:\/\/snuipp86.fr\/","name":"FSU-SNUipp 86","description":"Des id\u00e9es qui font l&#039;\u00e9cole","potentialAction":[{"@type":"SearchAction","target":{"@type":"EntryPoint","urlTemplate":"https:\/\/snuipp86.fr\/?s={search_term_string}"},"query-input":{"@type":"PropertyValueSpecification","valueRequired":true,"valueName":"search_term_string"}}],"inLanguage":"fr-FR"},{"@type":"Person","@id":"https:\/\/snuipp86.fr\/#\/schema\/person\/5a96b33672b90a1385fd0b096fd5ebcb","name":"Matthieu Menaut","image":{"@type":"ImageObject","inLanguage":"fr-FR","@id":"https:\/\/snuipp86.fr\/#\/schema\/person\/image\/","url":"https:\/\/secure.gravatar.com\/avatar\/03e70f897b03256ddca91d16c3e33a876c31abbf1b31cb48e60e770f684a04d1?s=96&d=mm&r=g","contentUrl":"https:\/\/secure.gravatar.com\/avatar\/03e70f897b03256ddca91d16c3e33a876c31abbf1b31cb48e60e770f684a04d1?s=96&d=mm&r=g","caption":"Matthieu Menaut"},"url":"https:\/\/snuipp86.fr\/index.php\/author\/mmenaut\/"}]}},"_links":{"self":[{"href":"https:\/\/snuipp86.fr\/index.php\/wp-json\/wp\/v2\/posts\/25916","targetHints":{"allow":["GET"]}}],"collection":[{"href":"https:\/\/snuipp86.fr\/index.php\/wp-json\/wp\/v2\/posts"}],"about":[{"href":"https:\/\/snuipp86.fr\/index.php\/wp-json\/wp\/v2\/types\/post"}],"author":[{"embeddable":true,"href":"https:\/\/snuipp86.fr\/index.php\/wp-json\/wp\/v2\/users\/4"}],"replies":[{"embeddable":true,"href":"https:\/\/snuipp86.fr\/index.php\/wp-json\/wp\/v2\/comments?post=25916"}],"version-history":[{"count":0,"href":"https:\/\/snuipp86.fr\/index.php\/wp-json\/wp\/v2\/posts\/25916\/revisions"}],"wp:featuredmedia":[{"embeddable":true,"href":"https:\/\/snuipp86.fr\/index.php\/wp-json\/wp\/v2\/media\/23512"}],"wp:attachment":[{"href":"https:\/\/snuipp86.fr\/index.php\/wp-json\/wp\/v2\/media?parent=25916"}],"wp:term":[{"taxonomy":"category","embeddable":true,"href":"https:\/\/snuipp86.fr\/index.php\/wp-json\/wp\/v2\/categories?post=25916"},{"taxonomy":"post_tag","embeddable":true,"href":"https:\/\/snuipp86.fr\/index.php\/wp-json\/wp\/v2\/tags?post=25916"}],"curies":[{"name":"wp","href":"https:\/\/api.w.org\/{rel}","templated":true}]}}