{"id":261,"date":"2017-12-01T19:16:00","date_gmt":"2017-12-01T19:16:00","guid":{"rendered":"http:\/\/localhost\/wordpress\/2017\/12\/01\/classe-exceptionnelle-analyse-du-texte-par-le-snuipp-fsu-86\/"},"modified":"2017-12-01T19:16:00","modified_gmt":"2017-12-01T19:16:00","slug":"classe-exceptionnelle-analyse-du-texte-par-le-snuipp-fsu-86","status":"publish","type":"post","link":"https:\/\/snuipp86.fr\/index.php\/2017\/12\/01\/classe-exceptionnelle-analyse-du-texte-par-le-snuipp-fsu-86\/","title":{"rendered":"\u00ab\u00a0Classe exceptionnelle\u00a0\u00bb : analyse du texte par le SNUipp-FSU 86"},"content":{"rendered":"<p><img decoding=\"async\" src=\"https:\/\/snuipp86.fr\/wp-content\/spip\/IMG\/arton3540.jpg\" alt=\"\" align=\"right\" width=\"175\" height=\"186\" class=\"spip_logos\" \/><\/p>\n<div class='rss_texte'>\n<h3 class=\"spip\" id=\"outil_sommaire_0\"><a title=\"Sommaire\" href=\"http:\/\/86.snuipp.fr\/spip.php?page=backend&#038;id_rubrique=#outil_sommaire\" class=\"sommaire_ancre\"> <\/a>Classe exceptionnelle : analyse du BO<\/h3>\n<p class=\"spip\">Le texte est sorti au BOEN de ce jeudi 30 novembre : <a href=\"http:\/\/www.education.gouv.fr\/pid285\/bulletin_officiel.html?cid_bo=123284\" class=\"spip_out\">http:\/\/www.education.gouv.fr\/pid285\/bulletin_officiel.html ?cid_bo=123284<\/a><\/p>\n<p class=\"spip\"><strong class=\"spip\">Le SNUipp-FSU s&rsquo;est oppos\u00e9 au principe d&rsquo;une classe exceptionnelle excluant la grande majorit\u00e9 des coll\u00e8gues.<\/strong><\/p>\n<p class=\"spip\">Retrouvez ci-dessous l&rsquo;analyse du texte par le SNUipp-FSU 86.<br \/>\n<br \/><img decoding=\"async\" src=\"https:\/\/snuipp86.fr\/wp-content\/spip\/cache-vignettes\/L8xH11\/puce-68c92.gif\" width='8' height='11' alt=\"-\" style='height:11px;width:8px;' class='' \/> Quand auront lieu les passages ?<br \/>\n<br \/><img decoding=\"async\" src=\"https:\/\/snuipp86.fr\/wp-content\/spip\/cache-vignettes\/L8xH11\/puce-68c92.gif\" width='8' height='11' alt=\"-\" style='height:11px;width:8px;' class='' \/> Combien de passages ?<br \/>\n<br \/><img decoding=\"async\" src=\"https:\/\/snuipp86.fr\/wp-content\/spip\/cache-vignettes\/L8xH11\/puce-68c92.gif\" width='8' height='11' alt=\"-\" style='height:11px;width:8px;' class='' \/> Qui peut \u00eatre promouvable \u00e0 la classe exceptionnelle au 1er septembre 2017 ?<br \/>\n<br \/><img decoding=\"async\" src=\"https:\/\/snuipp86.fr\/wp-content\/spip\/cache-vignettes\/L8xH11\/puce-68c92.gif\" width='8' height='11' alt=\"-\" style='height:11px;width:8px;' class='' \/> Comment seront choisis les promu-e-s \u00e0 la Classe Exceptionnelle parmi les listes de promouvables \u00e0 la Classe Exceptionnelle au 1er septembre 2017 ?<br \/>\n<br \/><img decoding=\"async\" src=\"https:\/\/snuipp86.fr\/wp-content\/spip\/cache-vignettes\/L8xH11\/puce-68c92.gif\" width='8' height='11' alt=\"-\" style='height:11px;width:8px;' class='' \/> Combien cela rapporte ?<\/p>\n<p class=\"spip\">Une circulaire d\u00e9partementale devrait sortir sur le sujet la semaine prochaine.<\/p>\n<h3 class=\"spip\" id=\"outil_sommaire_1\"><a title=\"Sommaire\" href=\"http:\/\/86.snuipp.fr\/spip.php?page=backend&#038;id_rubrique=#outil_sommaire\" class=\"sommaire_ancre\"> <\/a>Quand auront lieu les passages ?<\/h3>\n<p class=\"spip\">La CAPD pour les nominations \u00e0 la Classe Exceptionnelle au 1er septembre 2017 devrait avoir lieu fin janvier\/f\u00e9vrier 2018 avec effet r\u00e9troactif. Celle pour les nominations au 1er septembre 2018 en mai 2018.<\/p>\n<p class=\"spip\">Le SNUipp-FSU 86 est le syndicat majoritairement \u00e9lu en CAPD ( 5 si\u00e8ges de titulaires sur 7 )<\/p>\n<h3 class=\"spip\" id=\"outil_sommaire_2\"><a title=\"Sommaire\" href=\"http:\/\/86.snuipp.fr\/spip.php?page=backend&#038;id_rubrique=#outil_sommaire\" class=\"sommaire_ancre\"> <\/a>Combien de passages ?<\/h3>\n<p class=\"spip\">Pour la rentr\u00e9e 2017, le volume est de 1.43% du corps. Le volume de passages affect\u00e9 par le minist\u00e8re est au niveau acad\u00e9mique. La r\u00e9partition entre d\u00e9partements est faite par la Rectrice. Pour la Vienne, cela pourrait donc correspondre entre 25 et 30 promu-e-s \u00e0 la classe exceptionnelle pour septembre 2017.<\/p>\n<p class=\"spip\">Objectif 2023 : 10 % du corps dans la classe exceptionnelle qui s&rsquo;effectuera de mani\u00e8re progressive. A l&rsquo;issue de 2023, il y aura une entr\u00e9e dans la Classe Exceptionnelle quand il y aura un d\u00e9part (retraite). Pour la DGRH, la mont\u00e9e en charge de la hors classe jusqu&rsquo;en 2020 et l&rsquo;augmentation du ratio permettront d&rsquo;alimenter les viviers. Elle a rappel\u00e9 qu&rsquo;il s&rsquo;agit d&rsquo;un 3\u00e8me grade qui a vocation \u00e0 reconna\u00eetre les parcours exceptionnels. C&rsquo;est la valeur professionnelle qui est d\u00e9terminante dans l&rsquo;acc\u00e8s \u00e0 ce grade, et non l&rsquo;anciennet\u00e9 g\u00e9n\u00e9rale des services, ni la dur\u00e9e dans les fonctions exerc\u00e9es. Le statut ne pr\u00e9voit pas de droit \u00e0 y acc\u00e9der contrairement \u00e0 la garantie d&rsquo;int\u00e9grer la hors classe qui est dans le d\u00e9cret.<\/p>\n<h3 class=\"spip\" id=\"outil_sommaire_3\"><a title=\"Sommaire\" href=\"http:\/\/86.snuipp.fr\/spip.php?page=backend&#038;id_rubrique=#outil_sommaire\" class=\"sommaire_ancre\"> <\/a>Qui peut \u00eatre promouvable \u00e0 la Classe Exceptionnelle au 1er septembre 2017 ?<\/h3>\n<p class=\"spip\">Il faut \u00eatre \u00e0 la Hors Classe avant le 1er\/09\/2017. Il faut \u00eatre : en activit\u00e9, en position de d\u00e9tachement, mis \u00e0 disposition (organise ou administration), d\u00e9charges syndicales ou CLM.<\/p>\n<p class=\"spip\">Les enseignants en cong\u00e9 parental au 1er sept 2017 : NON<\/p>\n<p class=\"spip\">Les enseignants promus \u00e0 la HC en sept 2017 : NON<\/p>\n<p class=\"spip\">ll existe 2 \u00ab viviers \u00bb de promouvables :<\/p>\n<p class=\"spip\"><img decoding=\"async\" src=\"https:\/\/snuipp86.fr\/wp-content\/spip\/cache-vignettes\/L8xH11\/puce-68c92.gif\" width='8' height='11' alt=\"-\" style='height:11px;width:8px;' class='' \/> <strong class=\"spip\">Vivier 1<\/strong> : PE ayant atteint au moins le 3\u00e8me \u00e9chelon de la Hors Classe au 1er\/09\/2017 et qui justifient de 8 ann\u00e9es d&rsquo;exercice sur la dur\u00e9e de la carri\u00e8re sur des missions particuli\u00e8res. <strong class=\"spip\">Ces coll\u00e8gues doivent candidater pour \u00eatre inscrits sur la liste des potentiels promouvables \u00e0 la Classe Exceptionnelle.<\/strong> Attention, pour les coll\u00e8gues qui n&rsquo;auront pas fait acte de candidature, leur promotion ne sera pas \u00e9tudi\u00e9e ! La proc\u00e9dure de candidature est mise en \u0153uvre pendant 4 ans \u00e0 partir de 2017. Les coll\u00e8gues devraient \u00eatre pr\u00e9venus par un message sur leur bo\u00eete i-prof et pourront faire acte de candidature en compl\u00e9tant et enrichissant leur CV sur i-prof ( attention, cela ne devrait pas durer plus de 15 jours au mois de d\u00e9cembre). Voir <a href=\"http:\/\/cache.media.education.gouv.fr\/file\/41\/04\/5\/perso802_annexe2_856045.pdf\" class=\"spip_out\">sur ce lien la feuille pour les P<\/a>E, sur <a href=\"http:\/\/cache.media.education.gouv.fr\/file\/41\/04\/3\/perso661_annexe2_856043.pdf\" class=\"spip_out\">celui-ci pour les Psychologues<\/a>.<\/p>\n<p class=\"spip\"><img decoding=\"async\" src=\"https:\/\/snuipp86.fr\/wp-content\/spip\/cache-vignettes\/L8xH11\/puce-68c92.gif\" width='8' height='11' alt=\"-\" style='height:11px;width:8px;' class='' \/> <strong class=\"spip\">Vivier 2<\/strong> : Pour 2017 Les coll\u00e8gues qui ont atteint le 6\u00e8me \u00e9chelon de la Hors Classe au 1\/09\/2017 apr\u00e8s reclassement. Apr\u00e8s 2017 les coll\u00e8gues qui auront atteint le 6\u00e8me au 31\/08\/2018. <strong class=\"spip\">Les coll\u00e8gues n&rsquo;ont pas \u00e0 faire acte de candidature.<\/strong> Si la candidature au titre du 1er vivier est recevable, ils sont examin\u00e9s au titre des 2 viviers. Si leur candidature au titre du 1er vivier n&rsquo;est pas recevable, ils sont examin\u00e9s au titre du 2\u00e8me vivier uniquement.<\/p>\n<p class=\"spip\"><img decoding=\"async\" src=\"https:\/\/snuipp86.fr\/wp-content\/spip\/cache-vignettes\/L8xH11\/puce-68c92.gif\" width='8' height='11' alt=\"-\" style='height:11px;width:8px;' class='' \/> <strong class=\"spip\">Pr\u00e9cisions pour le Vivier 1<\/strong> &#8211;<br \/>\n8 ann\u00e9es d&rsquo;exercice sur la dur\u00e9e de la carri\u00e8re sur des missions particuli\u00e8res sont sur :<\/p>\n<ul class=\"spip\">\n<li class=\"spip\"> affectation ou exercice en \u00e9ducation prioritaire. Pour les \u00e9coles sorties du dispositif REP\/REP+, ne sont pris en compte que les ann\u00e9es avant la sortie du dispositif. Pour les rempla\u00e7ants en REP\/REP+, il faut que les services soient \u00ab effectifs \u00bb. Le SNUipp-FSU 86 demandera une prise en compte de l&rsquo;affectation et non d&rsquo;un ratio exercice en \u00e9duc prio\/ hors \u00e9duc prio.<\/li>\n<li class=\"spip\"> affectation dans l&rsquo;enseignement sup\u00e9rieur<\/li>\n<li class=\"spip\"> directeur d&rsquo;\u00e9cole et charg\u00e9 d&rsquo;\u00e9cole<\/li>\n<li class=\"spip\"> directeurs de centre d&rsquo;information et d&rsquo;orientation<\/li>\n<li class=\"spip\"> directeur adjoint de SEGPA <\/li>\n<li class=\"spip\"> directeur d\u00e9l\u00e9gu\u00e9 aux formations professionnelles et technologiques<\/li>\n<li class=\"spip\"> directeur de service d\u00e9partemental ou r\u00e9gional de l&rsquo;Union nationale du sport scolaire (UNSS)<\/li>\n<li class=\"spip\"> conseiller p\u00e9dagogique aupr\u00e8s de l&rsquo;IEN<\/li>\n<li class=\"spip\"> ma\u00eetre formateur<\/li>\n<li class=\"spip\"> formateur acad\u00e9mique<\/li>\n<li class=\"spip\"> r\u00e9f\u00e9rent aupr\u00e8s des \u00e9l\u00e8ves en situation de handicap.<\/li>\n<\/ul>\n<p class=\"spip\">En cas de cumul de plusieurs fonctions, la dur\u00e9e d&rsquo;exercice n&rsquo;est comptabilis\u00e9e qu&rsquo;une fois. La dur\u00e9e d&rsquo;exercice peut \u00eatre continue ou discontinue. Seules les ann\u00e9es compl\u00e8tent sont compt\u00e9es.<br \/>\nL&rsquo;exercice \u00e0 temps partiel est compt\u00e9 comme du service \u00e0 Temps plein.<br \/>\nLes services en tant que faisant fonction ne comptent pas.<br \/>\nLes ann\u00e9es de stages ne sont pas prises en compte sauf si l&rsquo;on est d\u00e9tach\u00e9 dans un autre corps (ex PE dans le corps des certifi\u00e9s).<\/p>\n<h3 class=\"spip\" id=\"outil_sommaire_4\"><a title=\"Sommaire\" href=\"http:\/\/86.snuipp.fr\/spip.php?page=backend&#038;id_rubrique=#outil_sommaire\" class=\"sommaire_ancre\"> <\/a>Comment seront choisis les promu-e-s \u00e0 la Classe Exceptionnelle parmi les listes de promouvables \u00e0 la Classe Exceptionnelle au 1er septembre 2017 ?<\/h3>\n<p class=\"spip\">Le total des promu-e-s sera issu \u00e0 :<br \/>\n<br \/><img decoding=\"async\" src=\"https:\/\/snuipp86.fr\/wp-content\/spip\/cache-vignettes\/L8xH11\/puce-68c92.gif\" width='8' height='11' alt=\"-\" style='height:11px;width:8px;' class='' \/> 80% du \u00ab Vivier 1 \u00bb<br \/>\n<br \/><img decoding=\"async\" src=\"https:\/\/snuipp86.fr\/wp-content\/spip\/cache-vignettes\/L8xH11\/puce-68c92.gif\" width='8' height='11' alt=\"-\" style='height:11px;width:8px;' class='' \/> 20% du \u00ab Vivier 2 \u00bb.<\/p>\n<p class=\"spip\">Ceux et celles qui sont dans le Vivier 2 et qui peuvent r\u00e9pondre aux crit\u00e8res du Vivier 1, ont donc int\u00e9r\u00eat \u00e0 candidater pour le Vivier 1 pour avoir plus de chances d&rsquo;\u00eatre promu-e.<\/p>\n<p class=\"spip\">C&rsquo;est un <strong class=\"spip\">bar\u00e8me<\/strong> qui est utilis\u00e9 qui pour d\u00e9partager les candidatures :<strong class=\"spip\"> Points li\u00e9s \u00e0 l&rsquo;appr\u00e9ciation + Points li\u00e9s \u00e0 l&rsquo;anciennet\u00e9 dans la Hors Classe<\/strong><\/p>\n<p class=\"spip\">C&rsquo;est donc l&rsquo;\u00e9chelon et l&rsquo;anciennet\u00e9 dans l&rsquo;\u00e9chelon qui permettront de classer les coll\u00e8gues ayant un avis identique.<br \/>\nLe SNUipp-FSU 86 demandera qu&rsquo;\u00e0 bar\u00e8me \u00e9gal, ce soit l&rsquo;AGS qui permette de d\u00e9partager.<\/p>\n<p class=\"spip\">Une attention particuli\u00e8re devra \u00eatre accord\u00e9e \u00e0 l&rsquo;\u00e9quilibre hommes \u2013 femmes : dans notre d\u00e9partement il y a un peu plus de 80% de femmes.<\/p>\n<p class=\"spip\"><strong class=\"spip\">Points li\u00e9s \u00e0 l&rsquo;appr\u00e9ciation<\/strong><\/p>\n<p class=\"spip\">L&rsquo;IEN formule un avis via l&rsquo;application i-prof pour chaque agent promouvable. Le SNUipp-FSU a demand\u00e9 que seul l&rsquo;avis de l&rsquo;IEN soit pris en compte pour les PE exer\u00e7ant dans le second degr\u00e9 et non celui du chef d&rsquo;\u00e9tablissement, la formulation pouvant laisser un doute.<\/p>\n<p class=\"spip\">4 degr\u00e9s d&rsquo;appr\u00e9ciation sont formul\u00e9s, de \u00ab excellent \u00bb \u00e0 \u00ab insuffisant \u00bb L&rsquo;appr\u00e9ciation arr\u00eat\u00e9e par l&rsquo;IA-DASEN porte sur l&rsquo;ensemble du parcours professionnel. Elle tient compte de la dur\u00e9e des fonctions, de la richesse et de la diversit\u00e9 du parcours, de l&rsquo;investissement professionnel. Autant d&rsquo;\u00e9l\u00e9ments dont la FSU a point\u00e9 la subjectivit\u00e9.<\/p>\n<p class=\"spip\"><img decoding=\"async\" src=\"https:\/\/snuipp86.fr\/wp-content\/spip\/cache-vignettes\/L8xH11\/puce-68c92.gif\" width='8' height='11' alt=\"-\" style='height:11px;width:8px;' class='' \/> Excellent : 140 points<br \/>\n<br \/><img decoding=\"async\" src=\"https:\/\/snuipp86.fr\/wp-content\/spip\/cache-vignettes\/L8xH11\/puce-68c92.gif\" width='8' height='11' alt=\"-\" style='height:11px;width:8px;' class='' \/> Tr\u00e8s satisfaisant : 90 points<br \/>\n<br \/><img decoding=\"async\" src=\"https:\/\/snuipp86.fr\/wp-content\/spip\/cache-vignettes\/L8xH11\/puce-68c92.gif\" width='8' height='11' alt=\"-\" style='height:11px;width:8px;' class='' \/> Satisfaisant : 40 points<br \/>\n<br \/><img decoding=\"async\" src=\"https:\/\/snuipp86.fr\/wp-content\/spip\/cache-vignettes\/L8xH11\/puce-68c92.gif\" width='8' height='11' alt=\"-\" style='height:11px;width:8px;' class='' \/> Insatisfaisant : 0 point<\/p>\n<p class=\"spip\">La FSU a demand\u00e9 que l&rsquo;appr\u00e9ciation \u00ab insatisfaisant \u00bb soit retir\u00e9e mais la DGRH a refus\u00e9. Elle a \u00e9galement d\u00e9nonc\u00e9 le bar\u00e8me qui ne laisse aucune chance d&rsquo;\u00eatre promu-e en cas d&rsquo;avis \u00ab satisfaisant \u00bb.<\/p>\n<p class=\"spip\">Le pourcentage des appr\u00e9ciations en 2017 et 2018 sera :<br \/>\n<br \/><img decoding=\"async\" src=\"https:\/\/snuipp86.fr\/wp-content\/spip\/cache-vignettes\/L8xH11\/puce-68c92.gif\" width='8' height='11' alt=\"-\" style='height:11px;width:8px;' class='' \/> Excellent : 15% max des candidatures au 1er vivier, 20% maximum des \u00e9ligibles au 2\u00e8me vivier<br \/>\n<br \/><img decoding=\"async\" src=\"https:\/\/snuipp86.fr\/wp-content\/spip\/cache-vignettes\/L8xH11\/puce-68c92.gif\" width='8' height='11' alt=\"-\" style='height:11px;width:8px;' class='' \/> Tr\u00e8s satisfaisant : 20% max des candidatures au 1er vivier, 20% maximum des \u00e9ligibles au 2\u00e8me vivier<\/p>\n<p class=\"spip\">Le SNUipp-FSU 86 demandera \u00e0 l&rsquo;IA de justifier ses choix pour tous les coll\u00e8gues qui nous auront sollicit\u00e9s en cas de d\u00e9saccord.<\/p>\n<p class=\"spip\"><strong class=\"spip\">Points li\u00e9s \u00e0 l&rsquo;Anciennet\u00e9 dans la Hors Classe :<\/strong><\/p>\n<p class=\"spip\">\u00c9chelon HC pris en compte au 1er septembre pour 2017 au 31 ao\u00fbt \u00e0 partir de 2018<br \/>\n<br \/><img decoding=\"async\" src=\"https:\/\/snuipp86.fr\/wp-content\/spip\/cache-vignettes\/L8xH11\/puce-68c92.gif\" width='8' height='11' alt=\"-\" style='height:11px;width:8px;' class='' \/> 3 \u00e8me \u00e9chelon sans anciennet\u00e9 : 3 points<br \/>\n<br \/><img decoding=\"async\" src=\"https:\/\/snuipp86.fr\/wp-content\/spip\/cache-vignettes\/L8xH11\/puce-68c92.gif\" width='8' height='11' alt=\"-\" style='height:11px;width:8px;' class='' \/> 3 \u00e8me \u00e9chelon anciennet\u00e9 comprise entre 1 jour et 11 mois 29 jours : 6 points<br \/>\n<br \/><img decoding=\"async\" src=\"https:\/\/snuipp86.fr\/wp-content\/spip\/cache-vignettes\/L8xH11\/puce-68c92.gif\" width='8' height='11' alt=\"-\" style='height:11px;width:8px;' class='' \/> 3 \u00e8me \u00e9chelon anciennet\u00e9 comprise entre 1 an et 2 ans 5 mois 29 jours : 9 points<br \/>\n<br \/><img decoding=\"async\" src=\"https:\/\/snuipp86.fr\/wp-content\/spip\/cache-vignettes\/L8xH11\/puce-68c92.gif\" width='8' height='11' alt=\"-\" style='height:11px;width:8px;' class='' \/> 4 \u00e8me \u00e9chelon sans anciennet\u00e9 : 12 points<br \/>\n<br \/><img decoding=\"async\" src=\"https:\/\/snuipp86.fr\/wp-content\/spip\/cache-vignettes\/L8xH11\/puce-68c92.gif\" width='8' height='11' alt=\"-\" style='height:11px;width:8px;' class='' \/> 4 \u00e8me \u00e9chelon anciennet\u00e9 comprise entre 1 jour et 11 mois 29 jours : 15 points<br \/>\n<br \/><img decoding=\"async\" src=\"https:\/\/snuipp86.fr\/wp-content\/spip\/cache-vignettes\/L8xH11\/puce-68c92.gif\" width='8' height='11' alt=\"-\" style='height:11px;width:8px;' class='' \/> 4 \u00e8me \u00e9chelon anciennet\u00e9 comprise entre 1an et 1 an 11 mois 29 jours : 18 points<br \/>\n<br \/><img decoding=\"async\" src=\"https:\/\/snuipp86.fr\/wp-content\/spip\/cache-vignettes\/L8xH11\/puce-68c92.gif\" width='8' height='11' alt=\"-\" style='height:11px;width:8px;' class='' \/> 4 \u00e8me \u00e9chelon anciennet\u00e9 comprise entre 2 ans et 2 ans 5 mois 29 jours : 21 points<br \/>\n<br \/><img decoding=\"async\" src=\"https:\/\/snuipp86.fr\/wp-content\/spip\/cache-vignettes\/L8xH11\/puce-68c92.gif\" width='8' height='11' alt=\"-\" style='height:11px;width:8px;' class='' \/> 5 \u00e8me \u00e9chelon sans anciennet\u00e9 : 24 points<br \/>\n<br \/><img decoding=\"async\" src=\"https:\/\/snuipp86.fr\/wp-content\/spip\/cache-vignettes\/L8xH11\/puce-68c92.gif\" width='8' height='11' alt=\"-\" style='height:11px;width:8px;' class='' \/> 5 \u00e8me \u00e9chelon anciennet\u00e9 comprise entre 1 jour et 11 mois 29 jours : 27 points<br \/>\n<br \/><img decoding=\"async\" src=\"https:\/\/snuipp86.fr\/wp-content\/spip\/cache-vignettes\/L8xH11\/puce-68c92.gif\" width='8' height='11' alt=\"-\" style='height:11px;width:8px;' class='' \/> 5 \u00e8me \u00e9chelon anciennet\u00e9 comprise entre 1an et 1 an 11 mois 29 jours : 30 points<br \/>\n<br \/><img decoding=\"async\" src=\"https:\/\/snuipp86.fr\/wp-content\/spip\/cache-vignettes\/L8xH11\/puce-68c92.gif\" width='8' height='11' alt=\"-\" style='height:11px;width:8px;' class='' \/> 5 \u00e8me \u00e9chelon anciennet\u00e9 comprise entre 2 ans et 2 ans 11 mois 29 jours : 33 points<br \/>\n<br \/><img decoding=\"async\" src=\"https:\/\/snuipp86.fr\/wp-content\/spip\/cache-vignettes\/L8xH11\/puce-68c92.gif\" width='8' height='11' alt=\"-\" style='height:11px;width:8px;' class='' \/> 6 \u00e8me \u00e9chelon sans anciennet\u00e9 : 36 points<br \/>\n<br \/><img decoding=\"async\" src=\"https:\/\/snuipp86.fr\/wp-content\/spip\/cache-vignettes\/L8xH11\/puce-68c92.gif\" width='8' height='11' alt=\"-\" style='height:11px;width:8px;' class='' \/> 6 \u00e8me \u00e9chelon anciennet\u00e9 comprise entre 1 jour et 11 mois 29 jours : 39 points<br \/>\n<br \/><img decoding=\"async\" src=\"https:\/\/snuipp86.fr\/wp-content\/spip\/cache-vignettes\/L8xH11\/puce-68c92.gif\" width='8' height='11' alt=\"-\" style='height:11px;width:8px;' class='' \/> 6 \u00e8me \u00e9chelon anciennet\u00e9 comprise entre 1 an et 1 an 11 mois 29 jours : 42 points<br \/>\n<br \/><img decoding=\"async\" src=\"https:\/\/snuipp86.fr\/wp-content\/spip\/cache-vignettes\/L8xH11\/puce-68c92.gif\" width='8' height='11' alt=\"-\" style='height:11px;width:8px;' class='' \/> 6 \u00e8me \u00e9chelon anciennet\u00e9 comprise entre 2 ans et 2 ans 11 mois 29 jours : 45 points<br \/>\n<br \/><img decoding=\"async\" src=\"https:\/\/snuipp86.fr\/wp-content\/spip\/cache-vignettes\/L8xH11\/puce-68c92.gif\" width='8' height='11' alt=\"-\" style='height:11px;width:8px;' class='' \/> 6 \u00e8me \u00e9chelon anciennet\u00e9 \u00e9gale ou sup\u00e9rieure \u00e0 3 ans : 48 points<\/p>\n<p class=\"spip\">Remarque : les coll\u00e8gues ayant un avis \u00a0\u00bb Insatisfaisant \u00a0\u00bb , l&rsquo;anciennet\u00e9 ne sera pas valoris\u00e9e &#8230;<\/p>\n<h3 class=\"spip\" id=\"outil_sommaire_5\"><a title=\"Sommaire\" href=\"http:\/\/86.snuipp.fr\/spip.php?page=backend&#038;id_rubrique=#outil_sommaire\" class=\"sommaire_ancre\"> <\/a>Combien cela rapporte-t-il ?<\/h3>\n<p class=\"spip\">GRILLE DEROULEMENT DES ECHELONS ET INDICIAIRE &#8211;<\/p>\n<dl class='spip_document_2932 spip_documents spip_documents_center' >\n<dt><img src='https:\/\/snuipp86.fr\/wp-content\/spip\/cache-vignettes\/L481xH404\/duree-indices-ppcr-pe-classe-ex-e7e8e.jpg' width='481' height='404' alt='JPEG - 24.8 ko' style='height:404px;width:481px;' class='' \/><\/dt>\n<dt class='spip_doc_titre' style='width:350px;'><strong>duree-indices-ppcr-pe-classe-ex<\/strong><\/dt>\n<\/dl>\n<p class=\"spip\">GRILLE DES SALAIRES<\/p>\n<dl class='spip_document_2934 spip_documents spip_documents_center' >\n<dt><img src='https:\/\/snuipp86.fr\/wp-content\/spip\/cache-vignettes\/L520xH207\/PE-CLASSE-EX-salaires-bb5dd.jpg' width='520' height='207' alt='JPEG - 26 ko' style='height:207px;width:520px;' class='' \/><\/dt>\n<dt class='spip_doc_titre' style='width:350px;'><strong>PE-CLASSE-EX-salaires<\/strong><\/dt>\n<\/dl>\n<\/div>\n","protected":false},"excerpt":{"rendered":"<p>Classe exceptionnelle : analyse du BO <br \/>Le texte est sorti au BOEN de ce jeudi 30 novembre : http:\/\/www.education.gouv.fr\/pid285\/bulletin_officiel.html ?cid_bo=123284 <br \/>Le SNUipp-FSU s&rsquo;est oppos\u00e9 au principe d&rsquo;une classe exceptionnelle excluant la grande majorit\u00e9 des coll\u00e8gues. <br \/>Retrouvez ci-dessous l&rsquo;analyse du texte par le SNUipp-FSU 86. <br \/>Quand auront lieu les passages ? <br \/>Combien de passages ? <br \/>Qui peut \u00eatre promouvable \u00e0 la classe exceptionnelle au 1er septembre 2017 ? (&#8230;)<br \/>\n&#8211;<br \/>\n<a href=\"http:\/\/86.snuipp.fr\/spip.php?rubrique120\" rel=\"directory\">Promotions<\/a><br \/>\n\/<br \/>\n<a href=\"http:\/\/86.snuipp.fr\/spip.php?mot286\" rel=\"tag\">Salaires, indemnit\u00e9s, primes .<\/a><\/p>\n","protected":false},"author":1,"featured_media":0,"comment_status":"open","ping_status":"open","sticky":false,"template":"","format":"standard","meta":{"footnotes":""},"categories":[14],"tags":[],"class_list":["post-261","post","type-post","status-publish","format-standard","hentry","category-a-la-une"],"yoast_head":"<!-- This site is optimized with the Yoast SEO plugin v26.6 - https:\/\/yoast.com\/wordpress\/plugins\/seo\/ -->\n<title>&quot;Classe exceptionnelle&quot; : analyse du texte par le SNUipp-FSU 86 - FSU-SNUipp 86<\/title>\n<meta name=\"robots\" content=\"index, follow, max-snippet:-1, max-image-preview:large, max-video-preview:-1\" \/>\n<link rel=\"canonical\" href=\"https:\/\/snuipp86.fr\/index.php\/2017\/12\/01\/classe-exceptionnelle-analyse-du-texte-par-le-snuipp-fsu-86\/\" \/>\n<meta property=\"og:locale\" content=\"fr_FR\" \/>\n<meta property=\"og:type\" content=\"article\" \/>\n<meta property=\"og:title\" content=\"&quot;Classe exceptionnelle&quot; : analyse du texte par le SNUipp-FSU 86 - FSU-SNUipp 86\" \/>\n<meta property=\"og:description\" content=\"Classe exceptionnelle : analyse du BO Le texte est sorti au BOEN de ce jeudi 30 novembre : http:\/\/www.education.gouv.fr\/pid285\/bulletin_officiel.html ?cid_bo=123284 Le SNUipp-FSU s&#039;est oppos\u00e9 au principe d&#039;une classe exceptionnelle excluant la grande majorit\u00e9 des coll\u00e8gues. Retrouvez ci-dessous l&#039;analyse du texte par le SNUipp-FSU 86. Quand auront lieu les passages ? Combien de passages ? Qui peut \u00eatre promouvable \u00e0 la classe exceptionnelle au 1er septembre 2017 ? (...) - Promotions \/ Salaires, indemnit\u00e9s, primes .\" \/>\n<meta property=\"og:url\" content=\"https:\/\/snuipp86.fr\/index.php\/2017\/12\/01\/classe-exceptionnelle-analyse-du-texte-par-le-snuipp-fsu-86\/\" \/>\n<meta property=\"og:site_name\" content=\"FSU-SNUipp 86\" \/>\n<meta property=\"article:published_time\" content=\"2017-12-01T19:16:00+00:00\" \/>\n<meta property=\"og:image\" content=\"http:\/\/snuipp86.fr\/wp-content\/spip\/IMG\/arton3540.jpg\" \/>\n<meta name=\"author\" content=\"WP86Admin\" \/>\n<meta name=\"twitter:card\" content=\"summary_large_image\" \/>\n<meta name=\"twitter:label1\" content=\"\u00c9crit par\" \/>\n\t<meta name=\"twitter:data1\" content=\"WP86Admin\" \/>\n\t<meta name=\"twitter:label2\" content=\"Dur\u00e9e de lecture estim\u00e9e\" \/>\n\t<meta name=\"twitter:data2\" content=\"7 minutes\" \/>\n<script type=\"application\/ld+json\" class=\"yoast-schema-graph\">{\"@context\":\"https:\/\/schema.org\",\"@graph\":[{\"@type\":\"WebPage\",\"@id\":\"https:\/\/snuipp86.fr\/index.php\/2017\/12\/01\/classe-exceptionnelle-analyse-du-texte-par-le-snuipp-fsu-86\/\",\"url\":\"https:\/\/snuipp86.fr\/index.php\/2017\/12\/01\/classe-exceptionnelle-analyse-du-texte-par-le-snuipp-fsu-86\/\",\"name\":\"\\\"Classe exceptionnelle\\\" : analyse du texte par le SNUipp-FSU 86 - FSU-SNUipp 86\",\"isPartOf\":{\"@id\":\"https:\/\/snuipp86.fr\/#website\"},\"primaryImageOfPage\":{\"@id\":\"https:\/\/snuipp86.fr\/index.php\/2017\/12\/01\/classe-exceptionnelle-analyse-du-texte-par-le-snuipp-fsu-86\/#primaryimage\"},\"image\":{\"@id\":\"https:\/\/snuipp86.fr\/index.php\/2017\/12\/01\/classe-exceptionnelle-analyse-du-texte-par-le-snuipp-fsu-86\/#primaryimage\"},\"thumbnailUrl\":\"http:\/\/snuipp86.fr\/wp-content\/spip\/IMG\/arton3540.jpg\",\"datePublished\":\"2017-12-01T19:16:00+00:00\",\"author\":{\"@id\":\"https:\/\/snuipp86.fr\/#\/schema\/person\/901b28b9ae1c7a63a6a940102e52a7a2\"},\"breadcrumb\":{\"@id\":\"https:\/\/snuipp86.fr\/index.php\/2017\/12\/01\/classe-exceptionnelle-analyse-du-texte-par-le-snuipp-fsu-86\/#breadcrumb\"},\"inLanguage\":\"fr-FR\",\"potentialAction\":[{\"@type\":\"ReadAction\",\"target\":[\"https:\/\/snuipp86.fr\/index.php\/2017\/12\/01\/classe-exceptionnelle-analyse-du-texte-par-le-snuipp-fsu-86\/\"]}]},{\"@type\":\"ImageObject\",\"inLanguage\":\"fr-FR\",\"@id\":\"https:\/\/snuipp86.fr\/index.php\/2017\/12\/01\/classe-exceptionnelle-analyse-du-texte-par-le-snuipp-fsu-86\/#primaryimage\",\"url\":\"http:\/\/snuipp86.fr\/wp-content\/spip\/IMG\/arton3540.jpg\",\"contentUrl\":\"http:\/\/snuipp86.fr\/wp-content\/spip\/IMG\/arton3540.jpg\"},{\"@type\":\"BreadcrumbList\",\"@id\":\"https:\/\/snuipp86.fr\/index.php\/2017\/12\/01\/classe-exceptionnelle-analyse-du-texte-par-le-snuipp-fsu-86\/#breadcrumb\",\"itemListElement\":[{\"@type\":\"ListItem\",\"position\":1,\"name\":\"Accueil\",\"item\":\"https:\/\/snuipp86.fr\/\"},{\"@type\":\"ListItem\",\"position\":2,\"name\":\"&#8220;Classe exceptionnelle&#8221; : analyse du texte par le SNUipp-FSU 86\"}]},{\"@type\":\"WebSite\",\"@id\":\"https:\/\/snuipp86.fr\/#website\",\"url\":\"https:\/\/snuipp86.fr\/\",\"name\":\"FSU-SNUipp 86\",\"description\":\"Des id\u00e9es qui font l&#039;\u00e9cole\",\"potentialAction\":[{\"@type\":\"SearchAction\",\"target\":{\"@type\":\"EntryPoint\",\"urlTemplate\":\"https:\/\/snuipp86.fr\/?s={search_term_string}\"},\"query-input\":{\"@type\":\"PropertyValueSpecification\",\"valueRequired\":true,\"valueName\":\"search_term_string\"}}],\"inLanguage\":\"fr-FR\"},{\"@type\":\"Person\",\"@id\":\"https:\/\/snuipp86.fr\/#\/schema\/person\/901b28b9ae1c7a63a6a940102e52a7a2\",\"name\":\"WP86Admin\",\"image\":{\"@type\":\"ImageObject\",\"inLanguage\":\"fr-FR\",\"@id\":\"https:\/\/snuipp86.fr\/#\/schema\/person\/image\/\",\"url\":\"https:\/\/secure.gravatar.com\/avatar\/0099845c7ec05dc10d777d8ab4f5142c5ba316283821af2459738ad469a37a1a?s=96&d=mm&r=g\",\"contentUrl\":\"https:\/\/secure.gravatar.com\/avatar\/0099845c7ec05dc10d777d8ab4f5142c5ba316283821af2459738ad469a37a1a?s=96&d=mm&r=g\",\"caption\":\"WP86Admin\"},\"url\":\"https:\/\/snuipp86.fr\/index.php\/author\/wp86admin\/\"}]}<\/script>\n<!-- \/ Yoast SEO plugin. -->","yoast_head_json":{"title":"\"Classe exceptionnelle\" : analyse du texte par le SNUipp-FSU 86 - FSU-SNUipp 86","robots":{"index":"index","follow":"follow","max-snippet":"max-snippet:-1","max-image-preview":"max-image-preview:large","max-video-preview":"max-video-preview:-1"},"canonical":"https:\/\/snuipp86.fr\/index.php\/2017\/12\/01\/classe-exceptionnelle-analyse-du-texte-par-le-snuipp-fsu-86\/","og_locale":"fr_FR","og_type":"article","og_title":"\"Classe exceptionnelle\" : analyse du texte par le SNUipp-FSU 86 - FSU-SNUipp 86","og_description":"Classe exceptionnelle : analyse du BO Le texte est sorti au BOEN de ce jeudi 30 novembre : http:\/\/www.education.gouv.fr\/pid285\/bulletin_officiel.html ?cid_bo=123284 Le SNUipp-FSU s'est oppos\u00e9 au principe d'une classe exceptionnelle excluant la grande majorit\u00e9 des coll\u00e8gues. Retrouvez ci-dessous l'analyse du texte par le SNUipp-FSU 86. Quand auront lieu les passages ? Combien de passages ? Qui peut \u00eatre promouvable \u00e0 la classe exceptionnelle au 1er septembre 2017 ? (...) - Promotions \/ Salaires, indemnit\u00e9s, primes .","og_url":"https:\/\/snuipp86.fr\/index.php\/2017\/12\/01\/classe-exceptionnelle-analyse-du-texte-par-le-snuipp-fsu-86\/","og_site_name":"FSU-SNUipp 86","article_published_time":"2017-12-01T19:16:00+00:00","og_image":[{"url":"http:\/\/snuipp86.fr\/wp-content\/spip\/IMG\/arton3540.jpg","type":"","width":"","height":""}],"author":"WP86Admin","twitter_card":"summary_large_image","twitter_misc":{"\u00c9crit par":"WP86Admin","Dur\u00e9e de lecture estim\u00e9e":"7 minutes"},"schema":{"@context":"https:\/\/schema.org","@graph":[{"@type":"WebPage","@id":"https:\/\/snuipp86.fr\/index.php\/2017\/12\/01\/classe-exceptionnelle-analyse-du-texte-par-le-snuipp-fsu-86\/","url":"https:\/\/snuipp86.fr\/index.php\/2017\/12\/01\/classe-exceptionnelle-analyse-du-texte-par-le-snuipp-fsu-86\/","name":"\"Classe exceptionnelle\" : analyse du texte par le SNUipp-FSU 86 - FSU-SNUipp 86","isPartOf":{"@id":"https:\/\/snuipp86.fr\/#website"},"primaryImageOfPage":{"@id":"https:\/\/snuipp86.fr\/index.php\/2017\/12\/01\/classe-exceptionnelle-analyse-du-texte-par-le-snuipp-fsu-86\/#primaryimage"},"image":{"@id":"https:\/\/snuipp86.fr\/index.php\/2017\/12\/01\/classe-exceptionnelle-analyse-du-texte-par-le-snuipp-fsu-86\/#primaryimage"},"thumbnailUrl":"http:\/\/snuipp86.fr\/wp-content\/spip\/IMG\/arton3540.jpg","datePublished":"2017-12-01T19:16:00+00:00","author":{"@id":"https:\/\/snuipp86.fr\/#\/schema\/person\/901b28b9ae1c7a63a6a940102e52a7a2"},"breadcrumb":{"@id":"https:\/\/snuipp86.fr\/index.php\/2017\/12\/01\/classe-exceptionnelle-analyse-du-texte-par-le-snuipp-fsu-86\/#breadcrumb"},"inLanguage":"fr-FR","potentialAction":[{"@type":"ReadAction","target":["https:\/\/snuipp86.fr\/index.php\/2017\/12\/01\/classe-exceptionnelle-analyse-du-texte-par-le-snuipp-fsu-86\/"]}]},{"@type":"ImageObject","inLanguage":"fr-FR","@id":"https:\/\/snuipp86.fr\/index.php\/2017\/12\/01\/classe-exceptionnelle-analyse-du-texte-par-le-snuipp-fsu-86\/#primaryimage","url":"http:\/\/snuipp86.fr\/wp-content\/spip\/IMG\/arton3540.jpg","contentUrl":"http:\/\/snuipp86.fr\/wp-content\/spip\/IMG\/arton3540.jpg"},{"@type":"BreadcrumbList","@id":"https:\/\/snuipp86.fr\/index.php\/2017\/12\/01\/classe-exceptionnelle-analyse-du-texte-par-le-snuipp-fsu-86\/#breadcrumb","itemListElement":[{"@type":"ListItem","position":1,"name":"Accueil","item":"https:\/\/snuipp86.fr\/"},{"@type":"ListItem","position":2,"name":"&#8220;Classe exceptionnelle&#8221; : analyse du texte par le SNUipp-FSU 86"}]},{"@type":"WebSite","@id":"https:\/\/snuipp86.fr\/#website","url":"https:\/\/snuipp86.fr\/","name":"FSU-SNUipp 86","description":"Des id\u00e9es qui font l&#039;\u00e9cole","potentialAction":[{"@type":"SearchAction","target":{"@type":"EntryPoint","urlTemplate":"https:\/\/snuipp86.fr\/?s={search_term_string}"},"query-input":{"@type":"PropertyValueSpecification","valueRequired":true,"valueName":"search_term_string"}}],"inLanguage":"fr-FR"},{"@type":"Person","@id":"https:\/\/snuipp86.fr\/#\/schema\/person\/901b28b9ae1c7a63a6a940102e52a7a2","name":"WP86Admin","image":{"@type":"ImageObject","inLanguage":"fr-FR","@id":"https:\/\/snuipp86.fr\/#\/schema\/person\/image\/","url":"https:\/\/secure.gravatar.com\/avatar\/0099845c7ec05dc10d777d8ab4f5142c5ba316283821af2459738ad469a37a1a?s=96&d=mm&r=g","contentUrl":"https:\/\/secure.gravatar.com\/avatar\/0099845c7ec05dc10d777d8ab4f5142c5ba316283821af2459738ad469a37a1a?s=96&d=mm&r=g","caption":"WP86Admin"},"url":"https:\/\/snuipp86.fr\/index.php\/author\/wp86admin\/"}]}},"_links":{"self":[{"href":"https:\/\/snuipp86.fr\/index.php\/wp-json\/wp\/v2\/posts\/261","targetHints":{"allow":["GET"]}}],"collection":[{"href":"https:\/\/snuipp86.fr\/index.php\/wp-json\/wp\/v2\/posts"}],"about":[{"href":"https:\/\/snuipp86.fr\/index.php\/wp-json\/wp\/v2\/types\/post"}],"author":[{"embeddable":true,"href":"https:\/\/snuipp86.fr\/index.php\/wp-json\/wp\/v2\/users\/1"}],"replies":[{"embeddable":true,"href":"https:\/\/snuipp86.fr\/index.php\/wp-json\/wp\/v2\/comments?post=261"}],"version-history":[{"count":0,"href":"https:\/\/snuipp86.fr\/index.php\/wp-json\/wp\/v2\/posts\/261\/revisions"}],"wp:attachment":[{"href":"https:\/\/snuipp86.fr\/index.php\/wp-json\/wp\/v2\/media?parent=261"}],"wp:term":[{"taxonomy":"category","embeddable":true,"href":"https:\/\/snuipp86.fr\/index.php\/wp-json\/wp\/v2\/categories?post=261"},{"taxonomy":"post_tag","embeddable":true,"href":"https:\/\/snuipp86.fr\/index.php\/wp-json\/wp\/v2\/tags?post=261"}],"curies":[{"name":"wp","href":"https:\/\/api.w.org\/{rel}","templated":true}]}}