{"id":26732,"date":"2025-06-11T16:16:57","date_gmt":"2025-06-11T14:16:57","guid":{"rendered":"https:\/\/snuipp86.fr\/?p=26732"},"modified":"2025-06-11T16:16:57","modified_gmt":"2025-06-11T14:16:57","slug":"weekend-perigord-les-25-et-26-octobre-2025","status":"publish","type":"post","link":"https:\/\/snuipp86.fr\/index.php\/2025\/06\/11\/weekend-perigord-les-25-et-26-octobre-2025\/","title":{"rendered":"Weekend P\u00c9RIGORD les 25 et 26 octobre 2025"},"content":{"rendered":"<p>La <a href=\"https:\/\/www.sriasnouvelleaquitaine.fr\/post\/weekend-p%C3%A9rigord-les-25-et-26-octobre-2025\">SRIAS Nouvelle-Aquitaine<\/a> propose un weekend dans le P\u00c9RIGORD les 25 et 26 octobre 2025.<\/p>\n<h2>PROGRAMME<\/h2>\n<h3>Jour 1 :<\/h3>\n<p>D\u00e9part de Poitiers \u00e0 4h15 puis d\u2019Angoul\u00eame \u00e0 6h15 et de Bordeaux \u00e0 8h15. Pause caf\u00e9 libre en cours de route. Arriv\u00e9e \u00e0 l\u2019h\u00f4tel en fin de matin\u00e9e, accueil personnalis\u00e9 par David et Caroline, installation dans les chambres.<\/p>\n<p>D\u00e9jeuner \u00e0 l\u2019h\u00f4tel Partez \u00e0 la d\u00e9couverte du<strong> ch\u00e2teau des Milandes<\/strong>, connu pour avoir \u00e9t\u00e9 la demeure de Jos\u00e9phine Baker. D\u00e9couvrez ce lieu et le destin hors normes de son habitante la plus illustre en d\u00e9ambulant dans les nombreuses pi\u00e8ces du ch\u00e2teau. Vous pourrez \u00e9galement profiter de spectacles de rapaces dans les jardins du ch\u00e2teau. D\u00eener et logement.<\/p>\n<h3>Jour 2 :<\/h3>\n<p><img decoding=\"async\" src=\"https:\/\/cdn.pixabay.com\/photo\/2017\/01\/30\/21\/10\/castling-gageac-2022102_1280.jpg\" alt=\"https:\/\/cdn.pixabay.com\/photo\/2017\/01\/30\/21\/10\/castling-gageac-2022102_1280.jpg\" \/>Le matin, partez visiter l\u2019incontournable <strong>cit\u00e9 m\u00e9di\u00e9vale de Sarlat<\/strong> avec ses maisons aux pierres blondes et aux toits de lauze. Vous d\u00e9couvrirez aussi son <strong>traditionnel march\u00e9<\/strong> (mercredi et samedi) ou vous pourrez retrouver tous les produits typiques de la r\u00e9gion D\u00e9jeuner \u00e0 l\u2019h\u00f4tel D\u00e9couvrez les paysages de la Dordogne comme vous ne les avez jamais vus \u00e0 bord des <strong>gabarres \u00e0 La Roque-Gageac<\/strong>, bateaux traditionnels de transport fluvial. D\u00e9part apr\u00e8s la visite vers votre localit\u00e9. Pause d\u00eener libre en cours de route.<\/p>\n<p>Arriv\u00e9e \u00e0 Bordeaux vers 20h45 puis \u00e0 Angoul\u00eame vers 22h45 puis \u00e0 Poitiers vers 00h30<\/p>\n<p>&nbsp;<\/p>\n<h2>Tarif<\/h2>\n<h3>Le prix comprend :<\/h3>\n<p>1 Le transport en autocar de Grand Tourisme<\/p>\n<p>2 L&rsquo;h\u00e9bergement en h\u00f4tel 3* (h\u00f4tel auberge de la petite reine \u00e0 SIORAC), titre de Ma\u00eetre restaurateur<\/p>\n<p>3 La pension compl\u00e8te du d\u00e9jeuner du 1er jour au d\u00e9jeuner du dernier jour.<\/p>\n<p>4 Le vin au d\u00e9jeuner et d\u00eener (vin de Bergerac rouge et ros\u00e9). Le caf\u00e9 au d\u00e9jeuner uniquement.<\/p>\n<p>5 Les visites mentionn\u00e9es au programme (Sous r\u00e9serve de modifications et disponibilit\u00e9s lors de la r\u00e9servation. L&rsquo;ordre des visites peut \u00eatre invers\u00e9).<\/p>\n<p>6 Le guide-accompagnateur du J1 apr\u00e8s-midi au J2 matin.<\/p>\n<p>7 La taxe de s\u00e9jour<\/p>\n<p>8 L\u2019assurance assistance et rapatriement<\/p>\n<p>&nbsp;<\/p>\n<h3>Le prix ne comprend pas :<\/h3>\n<p>1 Les soir\u00e9es anim\u00e9es<\/p>\n<p>2 Les boissons en dehors des repas<\/p>\n<p>3 L\u2019assurance annulation : + 15\u20ac \/ personne<\/p>\n<p>4 Le suppl\u00e9ment chambre individuelle : + 30\u20ac \/ personne<\/p>\n<p>&nbsp;<\/p>\n<h3>TARIF unique PAR PERSONNE<\/h3>\n<p>pas de tarif enfant<\/p>\n<p>QF&lt;600 = <strong>100 \u20ac <\/strong><\/p>\n<p>601&lt;QF&lt;1000= <strong>150 \u20ac <\/strong><\/p>\n<p>QF&gt;1001= <strong>200 \u20ac<\/strong><\/p>\n<p>&nbsp;<\/p>\n<h2>Conditions<\/h2>\n<p>Le week-end est r\u00e9serv\u00e9 aux agents en poste en Nouvelle Aquitaine et \u00e0 leurs ascendants repris sur avis d\u2019imposition.<\/p>\n<p>Les places sont limit\u00e9es, nous tenons \u00e0 vous pr\u00e9ciser que tous les dossiers re\u00e7us avant la date limite seront \u00e9tudi\u00e9s.<\/p>\n<p>Les agents ayant d\u00e9j\u00e0 b\u00e9n\u00e9fici\u00e9 d&rsquo;une prestation SRIAS au cours des deux derni\u00e8res ann\u00e9es ne seront pas prioritaires.<\/p>\n<p>La SRIAS a vocation \u00e0 faire b\u00e9n\u00e9ficier ses actions \u00e0 un maximum d&rsquo;agents, en veillant \u00e0 une r\u00e9partition \u00e9quitable selon les minist\u00e8res et les d\u00e9partements.<\/p>\n<h2>Inscription<\/h2>\n<p>via d\u00e9marches simplifi\u00e9es : <a href=\"https:\/\/www.demarches-simplifiees.fr\/commencer\/week-end-dans-le-perigord-du-25-au-26-octobre-2025\">https:\/\/www.demarches-simplifiees.fr\/commencer\/week-end-dans-le-perigord-du-25- au-26-octobre-2025<\/a><\/p>\n<p>Renseignement : <a href=\"mailto:srias@nouvelle-aquitaine.gouv.fr\">srias@nouvelle-aquitaine.gouv.fr<\/a><\/p>\n","protected":false},"excerpt":{"rendered":"<p>La SRIAS Nouvelle-Aquitaine propose un weekend dans le P\u00c9RIGORD les 25 et 26 octobre 2025. PROGRAMME Jour 1 : D\u00e9part de Poitiers \u00e0 4h15 puis d\u2019Angoul\u00eame \u00e0 6h15 et de Bordeaux \u00e0 8h15. Pause caf\u00e9 libre en cours de route. Arriv\u00e9e \u00e0 l\u2019h\u00f4tel en fin de matin\u00e9e, accueil personnalis\u00e9 par David et Caroline, installation dans les [&hellip;]<\/p>\n","protected":false},"author":7,"featured_media":20675,"comment_status":"closed","ping_status":"closed","sticky":false,"template":"","format":"standard","meta":{"footnotes":""},"categories":[1],"tags":[],"class_list":["post-26732","post","type-post","status-publish","format-standard","has-post-thumbnail","hentry","category-non-classe"],"yoast_head":"<!-- This site is optimized with the Yoast SEO plugin v26.6 - https:\/\/yoast.com\/wordpress\/plugins\/seo\/ -->\n<title>Weekend P\u00c9RIGORD les 25 et 26 octobre 2025 - FSU-SNUipp 86<\/title>\n<meta name=\"robots\" content=\"index, follow, max-snippet:-1, max-image-preview:large, max-video-preview:-1\" \/>\n<link rel=\"canonical\" href=\"https:\/\/snuipp86.fr\/index.php\/2025\/06\/11\/weekend-perigord-les-25-et-26-octobre-2025\/\" \/>\n<meta property=\"og:locale\" content=\"fr_FR\" \/>\n<meta property=\"og:type\" content=\"article\" \/>\n<meta property=\"og:title\" content=\"Weekend P\u00c9RIGORD les 25 et 26 octobre 2025 - FSU-SNUipp 86\" \/>\n<meta property=\"og:description\" content=\"La SRIAS Nouvelle-Aquitaine propose un weekend dans le P\u00c9RIGORD les 25 et 26 octobre 2025. PROGRAMME Jour 1 : D\u00e9part de Poitiers \u00e0 4h15 puis d\u2019Angoul\u00eame \u00e0 6h15 et de Bordeaux \u00e0 8h15. Pause caf\u00e9 libre en cours de route. Arriv\u00e9e \u00e0 l\u2019h\u00f4tel en fin de matin\u00e9e, accueil personnalis\u00e9 par David et Caroline, installation dans les [&hellip;]\" \/>\n<meta property=\"og:url\" content=\"https:\/\/snuipp86.fr\/index.php\/2025\/06\/11\/weekend-perigord-les-25-et-26-octobre-2025\/\" \/>\n<meta property=\"og:site_name\" content=\"FSU-SNUipp 86\" \/>\n<meta property=\"article:published_time\" content=\"2025-06-11T14:16:57+00:00\" \/>\n<meta property=\"og:image\" content=\"https:\/\/snuipp86.fr\/wp-content\/uploads\/2021\/05\/srias.png\" \/>\n\t<meta property=\"og:image:width\" content=\"281\" \/>\n\t<meta property=\"og:image:height\" content=\"130\" \/>\n\t<meta property=\"og:image:type\" content=\"image\/png\" \/>\n<meta name=\"author\" content=\"Emilie Bordes\" \/>\n<meta name=\"twitter:card\" content=\"summary_large_image\" \/>\n<meta name=\"twitter:label1\" content=\"\u00c9crit par\" \/>\n\t<meta name=\"twitter:data1\" content=\"Emilie Bordes\" \/>\n\t<meta name=\"twitter:label2\" content=\"Dur\u00e9e de lecture estim\u00e9e\" \/>\n\t<meta name=\"twitter:data2\" content=\"3 minutes\" \/>\n<script type=\"application\/ld+json\" class=\"yoast-schema-graph\">{\"@context\":\"https:\/\/schema.org\",\"@graph\":[{\"@type\":\"WebPage\",\"@id\":\"https:\/\/snuipp86.fr\/index.php\/2025\/06\/11\/weekend-perigord-les-25-et-26-octobre-2025\/\",\"url\":\"https:\/\/snuipp86.fr\/index.php\/2025\/06\/11\/weekend-perigord-les-25-et-26-octobre-2025\/\",\"name\":\"Weekend P\u00c9RIGORD les 25 et 26 octobre 2025 - FSU-SNUipp 86\",\"isPartOf\":{\"@id\":\"https:\/\/snuipp86.fr\/#website\"},\"primaryImageOfPage\":{\"@id\":\"https:\/\/snuipp86.fr\/index.php\/2025\/06\/11\/weekend-perigord-les-25-et-26-octobre-2025\/#primaryimage\"},\"image\":{\"@id\":\"https:\/\/snuipp86.fr\/index.php\/2025\/06\/11\/weekend-perigord-les-25-et-26-octobre-2025\/#primaryimage\"},\"thumbnailUrl\":\"https:\/\/snuipp86.fr\/wp-content\/uploads\/2021\/05\/srias.png\",\"datePublished\":\"2025-06-11T14:16:57+00:00\",\"author\":{\"@id\":\"https:\/\/snuipp86.fr\/#\/schema\/person\/32551eb3043810865742a1acf011001d\"},\"breadcrumb\":{\"@id\":\"https:\/\/snuipp86.fr\/index.php\/2025\/06\/11\/weekend-perigord-les-25-et-26-octobre-2025\/#breadcrumb\"},\"inLanguage\":\"fr-FR\",\"potentialAction\":[{\"@type\":\"ReadAction\",\"target\":[\"https:\/\/snuipp86.fr\/index.php\/2025\/06\/11\/weekend-perigord-les-25-et-26-octobre-2025\/\"]}]},{\"@type\":\"ImageObject\",\"inLanguage\":\"fr-FR\",\"@id\":\"https:\/\/snuipp86.fr\/index.php\/2025\/06\/11\/weekend-perigord-les-25-et-26-octobre-2025\/#primaryimage\",\"url\":\"https:\/\/snuipp86.fr\/wp-content\/uploads\/2021\/05\/srias.png\",\"contentUrl\":\"https:\/\/snuipp86.fr\/wp-content\/uploads\/2021\/05\/srias.png\",\"width\":281,\"height\":130},{\"@type\":\"BreadcrumbList\",\"@id\":\"https:\/\/snuipp86.fr\/index.php\/2025\/06\/11\/weekend-perigord-les-25-et-26-octobre-2025\/#breadcrumb\",\"itemListElement\":[{\"@type\":\"ListItem\",\"position\":1,\"name\":\"Accueil\",\"item\":\"https:\/\/snuipp86.fr\/\"},{\"@type\":\"ListItem\",\"position\":2,\"name\":\"Weekend P\u00c9RIGORD les 25 et 26 octobre 2025\"}]},{\"@type\":\"WebSite\",\"@id\":\"https:\/\/snuipp86.fr\/#website\",\"url\":\"https:\/\/snuipp86.fr\/\",\"name\":\"FSU-SNUipp 86\",\"description\":\"Des id\u00e9es qui font l&#039;\u00e9cole\",\"potentialAction\":[{\"@type\":\"SearchAction\",\"target\":{\"@type\":\"EntryPoint\",\"urlTemplate\":\"https:\/\/snuipp86.fr\/?s={search_term_string}\"},\"query-input\":{\"@type\":\"PropertyValueSpecification\",\"valueRequired\":true,\"valueName\":\"search_term_string\"}}],\"inLanguage\":\"fr-FR\"},{\"@type\":\"Person\",\"@id\":\"https:\/\/snuipp86.fr\/#\/schema\/person\/32551eb3043810865742a1acf011001d\",\"name\":\"Emilie Bordes\",\"image\":{\"@type\":\"ImageObject\",\"inLanguage\":\"fr-FR\",\"@id\":\"https:\/\/snuipp86.fr\/#\/schema\/person\/image\/\",\"url\":\"https:\/\/secure.gravatar.com\/avatar\/571abcf3c12ab1aaba66450f3ac5c0f8355284f01f7342dd440489ae804a109e?s=96&d=mm&r=g\",\"contentUrl\":\"https:\/\/secure.gravatar.com\/avatar\/571abcf3c12ab1aaba66450f3ac5c0f8355284f01f7342dd440489ae804a109e?s=96&d=mm&r=g\",\"caption\":\"Emilie Bordes\"},\"url\":\"https:\/\/snuipp86.fr\/index.php\/author\/ebordes\/\"}]}<\/script>\n<!-- \/ Yoast SEO plugin. -->","yoast_head_json":{"title":"Weekend P\u00c9RIGORD les 25 et 26 octobre 2025 - FSU-SNUipp 86","robots":{"index":"index","follow":"follow","max-snippet":"max-snippet:-1","max-image-preview":"max-image-preview:large","max-video-preview":"max-video-preview:-1"},"canonical":"https:\/\/snuipp86.fr\/index.php\/2025\/06\/11\/weekend-perigord-les-25-et-26-octobre-2025\/","og_locale":"fr_FR","og_type":"article","og_title":"Weekend P\u00c9RIGORD les 25 et 26 octobre 2025 - FSU-SNUipp 86","og_description":"La SRIAS Nouvelle-Aquitaine propose un weekend dans le P\u00c9RIGORD les 25 et 26 octobre 2025. PROGRAMME Jour 1 : D\u00e9part de Poitiers \u00e0 4h15 puis d\u2019Angoul\u00eame \u00e0 6h15 et de Bordeaux \u00e0 8h15. Pause caf\u00e9 libre en cours de route. Arriv\u00e9e \u00e0 l\u2019h\u00f4tel en fin de matin\u00e9e, accueil personnalis\u00e9 par David et Caroline, installation dans les [&hellip;]","og_url":"https:\/\/snuipp86.fr\/index.php\/2025\/06\/11\/weekend-perigord-les-25-et-26-octobre-2025\/","og_site_name":"FSU-SNUipp 86","article_published_time":"2025-06-11T14:16:57+00:00","og_image":[{"width":281,"height":130,"url":"https:\/\/snuipp86.fr\/wp-content\/uploads\/2021\/05\/srias.png","type":"image\/png"}],"author":"Emilie Bordes","twitter_card":"summary_large_image","twitter_misc":{"\u00c9crit par":"Emilie Bordes","Dur\u00e9e de lecture estim\u00e9e":"3 minutes"},"schema":{"@context":"https:\/\/schema.org","@graph":[{"@type":"WebPage","@id":"https:\/\/snuipp86.fr\/index.php\/2025\/06\/11\/weekend-perigord-les-25-et-26-octobre-2025\/","url":"https:\/\/snuipp86.fr\/index.php\/2025\/06\/11\/weekend-perigord-les-25-et-26-octobre-2025\/","name":"Weekend P\u00c9RIGORD les 25 et 26 octobre 2025 - FSU-SNUipp 86","isPartOf":{"@id":"https:\/\/snuipp86.fr\/#website"},"primaryImageOfPage":{"@id":"https:\/\/snuipp86.fr\/index.php\/2025\/06\/11\/weekend-perigord-les-25-et-26-octobre-2025\/#primaryimage"},"image":{"@id":"https:\/\/snuipp86.fr\/index.php\/2025\/06\/11\/weekend-perigord-les-25-et-26-octobre-2025\/#primaryimage"},"thumbnailUrl":"https:\/\/snuipp86.fr\/wp-content\/uploads\/2021\/05\/srias.png","datePublished":"2025-06-11T14:16:57+00:00","author":{"@id":"https:\/\/snuipp86.fr\/#\/schema\/person\/32551eb3043810865742a1acf011001d"},"breadcrumb":{"@id":"https:\/\/snuipp86.fr\/index.php\/2025\/06\/11\/weekend-perigord-les-25-et-26-octobre-2025\/#breadcrumb"},"inLanguage":"fr-FR","potentialAction":[{"@type":"ReadAction","target":["https:\/\/snuipp86.fr\/index.php\/2025\/06\/11\/weekend-perigord-les-25-et-26-octobre-2025\/"]}]},{"@type":"ImageObject","inLanguage":"fr-FR","@id":"https:\/\/snuipp86.fr\/index.php\/2025\/06\/11\/weekend-perigord-les-25-et-26-octobre-2025\/#primaryimage","url":"https:\/\/snuipp86.fr\/wp-content\/uploads\/2021\/05\/srias.png","contentUrl":"https:\/\/snuipp86.fr\/wp-content\/uploads\/2021\/05\/srias.png","width":281,"height":130},{"@type":"BreadcrumbList","@id":"https:\/\/snuipp86.fr\/index.php\/2025\/06\/11\/weekend-perigord-les-25-et-26-octobre-2025\/#breadcrumb","itemListElement":[{"@type":"ListItem","position":1,"name":"Accueil","item":"https:\/\/snuipp86.fr\/"},{"@type":"ListItem","position":2,"name":"Weekend P\u00c9RIGORD les 25 et 26 octobre 2025"}]},{"@type":"WebSite","@id":"https:\/\/snuipp86.fr\/#website","url":"https:\/\/snuipp86.fr\/","name":"FSU-SNUipp 86","description":"Des id\u00e9es qui font l&#039;\u00e9cole","potentialAction":[{"@type":"SearchAction","target":{"@type":"EntryPoint","urlTemplate":"https:\/\/snuipp86.fr\/?s={search_term_string}"},"query-input":{"@type":"PropertyValueSpecification","valueRequired":true,"valueName":"search_term_string"}}],"inLanguage":"fr-FR"},{"@type":"Person","@id":"https:\/\/snuipp86.fr\/#\/schema\/person\/32551eb3043810865742a1acf011001d","name":"Emilie Bordes","image":{"@type":"ImageObject","inLanguage":"fr-FR","@id":"https:\/\/snuipp86.fr\/#\/schema\/person\/image\/","url":"https:\/\/secure.gravatar.com\/avatar\/571abcf3c12ab1aaba66450f3ac5c0f8355284f01f7342dd440489ae804a109e?s=96&d=mm&r=g","contentUrl":"https:\/\/secure.gravatar.com\/avatar\/571abcf3c12ab1aaba66450f3ac5c0f8355284f01f7342dd440489ae804a109e?s=96&d=mm&r=g","caption":"Emilie Bordes"},"url":"https:\/\/snuipp86.fr\/index.php\/author\/ebordes\/"}]}},"_links":{"self":[{"href":"https:\/\/snuipp86.fr\/index.php\/wp-json\/wp\/v2\/posts\/26732","targetHints":{"allow":["GET"]}}],"collection":[{"href":"https:\/\/snuipp86.fr\/index.php\/wp-json\/wp\/v2\/posts"}],"about":[{"href":"https:\/\/snuipp86.fr\/index.php\/wp-json\/wp\/v2\/types\/post"}],"author":[{"embeddable":true,"href":"https:\/\/snuipp86.fr\/index.php\/wp-json\/wp\/v2\/users\/7"}],"replies":[{"embeddable":true,"href":"https:\/\/snuipp86.fr\/index.php\/wp-json\/wp\/v2\/comments?post=26732"}],"version-history":[{"count":1,"href":"https:\/\/snuipp86.fr\/index.php\/wp-json\/wp\/v2\/posts\/26732\/revisions"}],"predecessor-version":[{"id":26734,"href":"https:\/\/snuipp86.fr\/index.php\/wp-json\/wp\/v2\/posts\/26732\/revisions\/26734"}],"wp:featuredmedia":[{"embeddable":true,"href":"https:\/\/snuipp86.fr\/index.php\/wp-json\/wp\/v2\/media\/20675"}],"wp:attachment":[{"href":"https:\/\/snuipp86.fr\/index.php\/wp-json\/wp\/v2\/media?parent=26732"}],"wp:term":[{"taxonomy":"category","embeddable":true,"href":"https:\/\/snuipp86.fr\/index.php\/wp-json\/wp\/v2\/categories?post=26732"},{"taxonomy":"post_tag","embeddable":true,"href":"https:\/\/snuipp86.fr\/index.php\/wp-json\/wp\/v2\/tags?post=26732"}],"curies":[{"name":"wp","href":"https:\/\/api.w.org\/{rel}","templated":true}]}}