{"id":269,"date":"2017-11-30T15:51:00","date_gmt":"2017-11-30T15:51:00","guid":{"rendered":"http:\/\/localhost\/wordpress\/2017\/11\/30\/dgradation-des-locaux-de-solidaires-93-la-fsu-condamne\/"},"modified":"2017-11-30T15:51:00","modified_gmt":"2017-11-30T15:51:00","slug":"dgradation-des-locaux-de-solidaires-93-la-fsu-condamne","status":"publish","type":"post","link":"https:\/\/snuipp86.fr\/index.php\/2017\/11\/30\/dgradation-des-locaux-de-solidaires-93-la-fsu-condamne\/","title":{"rendered":"D\u00e9gradation des locaux de Solidaires 93 : la FSU condamne"},"content":{"rendered":"<div class='rss_texte'>\n<h3 class=\"spip\">D\u00e9gradation des locaux de Solidaires 93 : la FSU condamne<\/h3>\n<dl class='spip_document_2924 spip_documents spip_documents_center' >\n<dt><img src='https:\/\/snuipp86.fr\/wp-content\/spip\/IMG\/jpg\/arton10080-8454b.jpg' width='520' height='305' alt='JPEG - 26.4 ko' style='height:305px;width:520px;' class='' \/><\/dt>\n<dt class='spip_doc_titre' style='width:350px;'><strong>arton10080-8454b<\/strong><\/dt>\n<\/dl>\n<p class=\"spip\">La FSU condamne vivement la d\u00e9gradation des locaux de Solidaires93 qui a eu lieu.<\/p>\n<p class=\"spip\">Le respect des organisations syndicales, chacune repr\u00e9sentant les salari-\u00e9-es selon leurs sensibilit\u00e9s et leurs choix, est essentiel.<\/p>\n<p class=\"spip\">Il s&rsquo;agit d&rsquo;un principe d\u00e9mocratique fondamental.<\/p>\n<p class=\"spip\">La FSU exprime sa solidarit\u00e9 avec Solidaires et ses militants face \u00e0 cette agression.<\/p>\n<p class=\"spip\">Les Lilas le 30 novembre 2017<\/p>\n<p class=\"spip\">voir le communiqu\u00e9 de Solidaires sur le sujet sur ce lien : <a href=\"https:\/\/solidaires.org\/Attaque-contre-les-locaux-de-Solidaires-93-nous-ne-nous-laisserons-pas\" class=\"spip_out\">https:\/\/solidaires.org\/Attaque-contre-les-locaux-de-Solidaires-93-nous-ne-nous-laisserons-pas<\/a><\/p>\n<p class=\"spip\">Pour rappel, dans son texte action issu de son Conseil F\u00e9d\u00e9ral National du 21 et 22 novembre, la FSU avait indiqu\u00e9 : \u00a0\u00bb <i class=\"spip\">La FSU d\u00e9nonce la man\u0153uvre politique du Ministre Blanquer portant plainte \u00e0 l&rsquo;encontre de Sud Education 93. Elle rappelle son attachement \u00e0 la libert\u00e9 d&rsquo;expression.<\/i>\u00ab\u00a0<\/p>\n<\/div>\n","protected":false},"excerpt":{"rendered":"<p>D\u00e9gradation des locaux de Solidaires 93 : la FSU condamne <br \/>La FSU condamne vivement la d\u00e9gradation des locaux de Solidaires93 qui a eu lieu. <br \/>Le respect des organisations syndicales, chacune repr\u00e9sentant les salari-\u00e9-es selon leurs sensibilit\u00e9s et leurs choix, est essentiel. <br \/>Il s&rsquo;agit d&rsquo;un principe d\u00e9mocratique fondamental. <br \/>La FSU exprime sa solidarit\u00e9 avec Solidaires et ses militants face \u00e0 cette agression. <br \/>Les Lilas le 30 novembre 2017 <br \/>voir le communiqu\u00e9 de Solidaires sur le (&#8230;)<br \/>\n&#8211;<br \/>\n<a href=\"http:\/\/86.snuipp.fr\/spip.php?rubrique249\" rel=\"directory\">L&rsquo;ACTUALIT\u00c9<\/a><\/p>\n","protected":false},"author":1,"featured_media":0,"comment_status":"open","ping_status":"open","sticky":false,"template":"","format":"standard","meta":{"footnotes":""},"categories":[14],"tags":[],"class_list":["post-269","post","type-post","status-publish","format-standard","hentry","category-a-la-une"],"yoast_head":"<!-- This site is optimized with the Yoast SEO plugin v26.6 - https:\/\/yoast.com\/wordpress\/plugins\/seo\/ -->\n<title>D\u00e9gradation des locaux de Solidaires 93 : la FSU condamne - FSU-SNUipp 86<\/title>\n<meta name=\"robots\" content=\"index, follow, max-snippet:-1, max-image-preview:large, max-video-preview:-1\" \/>\n<link rel=\"canonical\" href=\"https:\/\/snuipp86.fr\/index.php\/2017\/11\/30\/dgradation-des-locaux-de-solidaires-93-la-fsu-condamne\/\" \/>\n<meta property=\"og:locale\" content=\"fr_FR\" \/>\n<meta property=\"og:type\" content=\"article\" \/>\n<meta property=\"og:title\" content=\"D\u00e9gradation des locaux de Solidaires 93 : la FSU condamne - FSU-SNUipp 86\" \/>\n<meta property=\"og:description\" content=\"D\u00e9gradation des locaux de Solidaires 93 : la FSU condamne La FSU condamne vivement la d\u00e9gradation des locaux de Solidaires93 qui a eu lieu. Le respect des organisations syndicales, chacune repr\u00e9sentant les salari-\u00e9-es selon leurs sensibilit\u00e9s et leurs choix, est essentiel. Il s&#039;agit d&#039;un principe d\u00e9mocratique fondamental. La FSU exprime sa solidarit\u00e9 avec Solidaires et ses militants face \u00e0 cette agression. Les Lilas le 30 novembre 2017 voir le communiqu\u00e9 de Solidaires sur le (...) - L&#039;ACTUALIT\u00c9\" \/>\n<meta property=\"og:url\" content=\"https:\/\/snuipp86.fr\/index.php\/2017\/11\/30\/dgradation-des-locaux-de-solidaires-93-la-fsu-condamne\/\" \/>\n<meta property=\"og:site_name\" content=\"FSU-SNUipp 86\" \/>\n<meta property=\"article:published_time\" content=\"2017-11-30T15:51:00+00:00\" \/>\n<meta property=\"og:image\" content=\"http:\/\/snuipp86.fr\/wp-content\/spip\/IMG\/jpg\/arton10080-8454b.jpg\" \/>\n<meta name=\"author\" content=\"WP86Admin\" \/>\n<meta name=\"twitter:card\" content=\"summary_large_image\" \/>\n<meta name=\"twitter:label1\" content=\"\u00c9crit par\" \/>\n\t<meta name=\"twitter:data1\" content=\"WP86Admin\" \/>\n\t<meta name=\"twitter:label2\" content=\"Dur\u00e9e de lecture estim\u00e9e\" \/>\n\t<meta name=\"twitter:data2\" content=\"1 minute\" \/>\n<script type=\"application\/ld+json\" class=\"yoast-schema-graph\">{\"@context\":\"https:\/\/schema.org\",\"@graph\":[{\"@type\":\"WebPage\",\"@id\":\"https:\/\/snuipp86.fr\/index.php\/2017\/11\/30\/dgradation-des-locaux-de-solidaires-93-la-fsu-condamne\/\",\"url\":\"https:\/\/snuipp86.fr\/index.php\/2017\/11\/30\/dgradation-des-locaux-de-solidaires-93-la-fsu-condamne\/\",\"name\":\"D\u00e9gradation des locaux de Solidaires 93 : la FSU condamne - FSU-SNUipp 86\",\"isPartOf\":{\"@id\":\"https:\/\/snuipp86.fr\/#website\"},\"primaryImageOfPage\":{\"@id\":\"https:\/\/snuipp86.fr\/index.php\/2017\/11\/30\/dgradation-des-locaux-de-solidaires-93-la-fsu-condamne\/#primaryimage\"},\"image\":{\"@id\":\"https:\/\/snuipp86.fr\/index.php\/2017\/11\/30\/dgradation-des-locaux-de-solidaires-93-la-fsu-condamne\/#primaryimage\"},\"thumbnailUrl\":\"http:\/\/snuipp86.fr\/wp-content\/spip\/IMG\/jpg\/arton10080-8454b.jpg\",\"datePublished\":\"2017-11-30T15:51:00+00:00\",\"author\":{\"@id\":\"https:\/\/snuipp86.fr\/#\/schema\/person\/901b28b9ae1c7a63a6a940102e52a7a2\"},\"breadcrumb\":{\"@id\":\"https:\/\/snuipp86.fr\/index.php\/2017\/11\/30\/dgradation-des-locaux-de-solidaires-93-la-fsu-condamne\/#breadcrumb\"},\"inLanguage\":\"fr-FR\",\"potentialAction\":[{\"@type\":\"ReadAction\",\"target\":[\"https:\/\/snuipp86.fr\/index.php\/2017\/11\/30\/dgradation-des-locaux-de-solidaires-93-la-fsu-condamne\/\"]}]},{\"@type\":\"ImageObject\",\"inLanguage\":\"fr-FR\",\"@id\":\"https:\/\/snuipp86.fr\/index.php\/2017\/11\/30\/dgradation-des-locaux-de-solidaires-93-la-fsu-condamne\/#primaryimage\",\"url\":\"http:\/\/snuipp86.fr\/wp-content\/spip\/IMG\/jpg\/arton10080-8454b.jpg\",\"contentUrl\":\"http:\/\/snuipp86.fr\/wp-content\/spip\/IMG\/jpg\/arton10080-8454b.jpg\"},{\"@type\":\"BreadcrumbList\",\"@id\":\"https:\/\/snuipp86.fr\/index.php\/2017\/11\/30\/dgradation-des-locaux-de-solidaires-93-la-fsu-condamne\/#breadcrumb\",\"itemListElement\":[{\"@type\":\"ListItem\",\"position\":1,\"name\":\"Accueil\",\"item\":\"https:\/\/snuipp86.fr\/\"},{\"@type\":\"ListItem\",\"position\":2,\"name\":\"D\u00e9gradation des locaux de Solidaires 93 : la FSU condamne\"}]},{\"@type\":\"WebSite\",\"@id\":\"https:\/\/snuipp86.fr\/#website\",\"url\":\"https:\/\/snuipp86.fr\/\",\"name\":\"FSU-SNUipp 86\",\"description\":\"Des id\u00e9es qui font l&#039;\u00e9cole\",\"potentialAction\":[{\"@type\":\"SearchAction\",\"target\":{\"@type\":\"EntryPoint\",\"urlTemplate\":\"https:\/\/snuipp86.fr\/?s={search_term_string}\"},\"query-input\":{\"@type\":\"PropertyValueSpecification\",\"valueRequired\":true,\"valueName\":\"search_term_string\"}}],\"inLanguage\":\"fr-FR\"},{\"@type\":\"Person\",\"@id\":\"https:\/\/snuipp86.fr\/#\/schema\/person\/901b28b9ae1c7a63a6a940102e52a7a2\",\"name\":\"WP86Admin\",\"image\":{\"@type\":\"ImageObject\",\"inLanguage\":\"fr-FR\",\"@id\":\"https:\/\/snuipp86.fr\/#\/schema\/person\/image\/\",\"url\":\"https:\/\/secure.gravatar.com\/avatar\/0099845c7ec05dc10d777d8ab4f5142c5ba316283821af2459738ad469a37a1a?s=96&d=mm&r=g\",\"contentUrl\":\"https:\/\/secure.gravatar.com\/avatar\/0099845c7ec05dc10d777d8ab4f5142c5ba316283821af2459738ad469a37a1a?s=96&d=mm&r=g\",\"caption\":\"WP86Admin\"},\"url\":\"https:\/\/snuipp86.fr\/index.php\/author\/wp86admin\/\"}]}<\/script>\n<!-- \/ Yoast SEO plugin. -->","yoast_head_json":{"title":"D\u00e9gradation des locaux de Solidaires 93 : la FSU condamne - FSU-SNUipp 86","robots":{"index":"index","follow":"follow","max-snippet":"max-snippet:-1","max-image-preview":"max-image-preview:large","max-video-preview":"max-video-preview:-1"},"canonical":"https:\/\/snuipp86.fr\/index.php\/2017\/11\/30\/dgradation-des-locaux-de-solidaires-93-la-fsu-condamne\/","og_locale":"fr_FR","og_type":"article","og_title":"D\u00e9gradation des locaux de Solidaires 93 : la FSU condamne - FSU-SNUipp 86","og_description":"D\u00e9gradation des locaux de Solidaires 93 : la FSU condamne La FSU condamne vivement la d\u00e9gradation des locaux de Solidaires93 qui a eu lieu. Le respect des organisations syndicales, chacune repr\u00e9sentant les salari-\u00e9-es selon leurs sensibilit\u00e9s et leurs choix, est essentiel. Il s'agit d'un principe d\u00e9mocratique fondamental. La FSU exprime sa solidarit\u00e9 avec Solidaires et ses militants face \u00e0 cette agression. Les Lilas le 30 novembre 2017 voir le communiqu\u00e9 de Solidaires sur le (...) - L'ACTUALIT\u00c9","og_url":"https:\/\/snuipp86.fr\/index.php\/2017\/11\/30\/dgradation-des-locaux-de-solidaires-93-la-fsu-condamne\/","og_site_name":"FSU-SNUipp 86","article_published_time":"2017-11-30T15:51:00+00:00","og_image":[{"url":"http:\/\/snuipp86.fr\/wp-content\/spip\/IMG\/jpg\/arton10080-8454b.jpg","type":"","width":"","height":""}],"author":"WP86Admin","twitter_card":"summary_large_image","twitter_misc":{"\u00c9crit par":"WP86Admin","Dur\u00e9e de lecture estim\u00e9e":"1 minute"},"schema":{"@context":"https:\/\/schema.org","@graph":[{"@type":"WebPage","@id":"https:\/\/snuipp86.fr\/index.php\/2017\/11\/30\/dgradation-des-locaux-de-solidaires-93-la-fsu-condamne\/","url":"https:\/\/snuipp86.fr\/index.php\/2017\/11\/30\/dgradation-des-locaux-de-solidaires-93-la-fsu-condamne\/","name":"D\u00e9gradation des locaux de Solidaires 93 : la FSU condamne - FSU-SNUipp 86","isPartOf":{"@id":"https:\/\/snuipp86.fr\/#website"},"primaryImageOfPage":{"@id":"https:\/\/snuipp86.fr\/index.php\/2017\/11\/30\/dgradation-des-locaux-de-solidaires-93-la-fsu-condamne\/#primaryimage"},"image":{"@id":"https:\/\/snuipp86.fr\/index.php\/2017\/11\/30\/dgradation-des-locaux-de-solidaires-93-la-fsu-condamne\/#primaryimage"},"thumbnailUrl":"http:\/\/snuipp86.fr\/wp-content\/spip\/IMG\/jpg\/arton10080-8454b.jpg","datePublished":"2017-11-30T15:51:00+00:00","author":{"@id":"https:\/\/snuipp86.fr\/#\/schema\/person\/901b28b9ae1c7a63a6a940102e52a7a2"},"breadcrumb":{"@id":"https:\/\/snuipp86.fr\/index.php\/2017\/11\/30\/dgradation-des-locaux-de-solidaires-93-la-fsu-condamne\/#breadcrumb"},"inLanguage":"fr-FR","potentialAction":[{"@type":"ReadAction","target":["https:\/\/snuipp86.fr\/index.php\/2017\/11\/30\/dgradation-des-locaux-de-solidaires-93-la-fsu-condamne\/"]}]},{"@type":"ImageObject","inLanguage":"fr-FR","@id":"https:\/\/snuipp86.fr\/index.php\/2017\/11\/30\/dgradation-des-locaux-de-solidaires-93-la-fsu-condamne\/#primaryimage","url":"http:\/\/snuipp86.fr\/wp-content\/spip\/IMG\/jpg\/arton10080-8454b.jpg","contentUrl":"http:\/\/snuipp86.fr\/wp-content\/spip\/IMG\/jpg\/arton10080-8454b.jpg"},{"@type":"BreadcrumbList","@id":"https:\/\/snuipp86.fr\/index.php\/2017\/11\/30\/dgradation-des-locaux-de-solidaires-93-la-fsu-condamne\/#breadcrumb","itemListElement":[{"@type":"ListItem","position":1,"name":"Accueil","item":"https:\/\/snuipp86.fr\/"},{"@type":"ListItem","position":2,"name":"D\u00e9gradation des locaux de Solidaires 93 : la FSU condamne"}]},{"@type":"WebSite","@id":"https:\/\/snuipp86.fr\/#website","url":"https:\/\/snuipp86.fr\/","name":"FSU-SNUipp 86","description":"Des id\u00e9es qui font l&#039;\u00e9cole","potentialAction":[{"@type":"SearchAction","target":{"@type":"EntryPoint","urlTemplate":"https:\/\/snuipp86.fr\/?s={search_term_string}"},"query-input":{"@type":"PropertyValueSpecification","valueRequired":true,"valueName":"search_term_string"}}],"inLanguage":"fr-FR"},{"@type":"Person","@id":"https:\/\/snuipp86.fr\/#\/schema\/person\/901b28b9ae1c7a63a6a940102e52a7a2","name":"WP86Admin","image":{"@type":"ImageObject","inLanguage":"fr-FR","@id":"https:\/\/snuipp86.fr\/#\/schema\/person\/image\/","url":"https:\/\/secure.gravatar.com\/avatar\/0099845c7ec05dc10d777d8ab4f5142c5ba316283821af2459738ad469a37a1a?s=96&d=mm&r=g","contentUrl":"https:\/\/secure.gravatar.com\/avatar\/0099845c7ec05dc10d777d8ab4f5142c5ba316283821af2459738ad469a37a1a?s=96&d=mm&r=g","caption":"WP86Admin"},"url":"https:\/\/snuipp86.fr\/index.php\/author\/wp86admin\/"}]}},"_links":{"self":[{"href":"https:\/\/snuipp86.fr\/index.php\/wp-json\/wp\/v2\/posts\/269","targetHints":{"allow":["GET"]}}],"collection":[{"href":"https:\/\/snuipp86.fr\/index.php\/wp-json\/wp\/v2\/posts"}],"about":[{"href":"https:\/\/snuipp86.fr\/index.php\/wp-json\/wp\/v2\/types\/post"}],"author":[{"embeddable":true,"href":"https:\/\/snuipp86.fr\/index.php\/wp-json\/wp\/v2\/users\/1"}],"replies":[{"embeddable":true,"href":"https:\/\/snuipp86.fr\/index.php\/wp-json\/wp\/v2\/comments?post=269"}],"version-history":[{"count":0,"href":"https:\/\/snuipp86.fr\/index.php\/wp-json\/wp\/v2\/posts\/269\/revisions"}],"wp:attachment":[{"href":"https:\/\/snuipp86.fr\/index.php\/wp-json\/wp\/v2\/media?parent=269"}],"wp:term":[{"taxonomy":"category","embeddable":true,"href":"https:\/\/snuipp86.fr\/index.php\/wp-json\/wp\/v2\/categories?post=269"},{"taxonomy":"post_tag","embeddable":true,"href":"https:\/\/snuipp86.fr\/index.php\/wp-json\/wp\/v2\/tags?post=269"}],"curies":[{"name":"wp","href":"https:\/\/api.w.org\/{rel}","templated":true}]}}