{"id":26968,"date":"2025-09-09T13:11:11","date_gmt":"2025-09-09T11:11:11","guid":{"rendered":"https:\/\/snuipp86.fr\/?p=26968"},"modified":"2025-09-09T13:11:11","modified_gmt":"2025-09-09T11:11:11","slug":"pre-reservation-pour-sejour-nuit-argeles-bidart-bruges-a-partir-de-2-nuits-entre-le-26-septembre-et-11-novembre-2025","status":"publish","type":"post","link":"https:\/\/snuipp86.fr\/index.php\/2025\/09\/09\/pre-reservation-pour-sejour-nuit-argeles-bidart-bruges-a-partir-de-2-nuits-entre-le-26-septembre-et-11-novembre-2025\/","title":{"rendered":"Pr\u00e9 r\u00e9servation pour s\u00e9jour\/nuit ARGELES-BIDART-BRUGES \u00e0 partir de 2 nuits entre le 26 septembre et 11 novembre 2025"},"content":{"rendered":"<header class=\"PhCafd\">\n<div class=\"PKQ95p\">\n<div class=\"MbPQSQ\">\n<div class=\"a5JqMF\">\n<p>Gr\u00e2ce \u00e0 la <a href=\"https:\/\/www.sriasnouvelleaquitaine.fr\/\">SRIAS Nouvelle-Aquitaine<\/a>, profitez d&rsquo;une reprise en douceur et de l&rsquo;\u00e9t\u00e9 indien, vous pouvez partir sur la c\u00f4te basque, la c\u00f4te m\u00e9diterran\u00e9enne ou Bordeaux pour une visite de la ville ou des maisons de vins<\/p>\n<\/div>\n<\/div>\n<\/div>\n<\/header>\n<section class=\"VQDdIN\" data-hook=\"post-description\">\n<div class=\"moHCnT\">\n<div class=\"moHCnT\">\n<div class=\"fTEXDR\" data-rce-version=\"10.141.4\">\n<div class=\"Nb24R\" dir=\"ltr\" data-id=\"content-viewer\">\n<div class=\"AtdNU\">\n<div class=\"u05kW\">\n<div data-hook=\"rcv-block1\"><\/div>\n<div data-breakout=\"normal\">\n<div id=\"viewer-5k0qk948\" class=\"Hub1I\">\n<div class=\"UMrP3 PH6ON JhmEF\">\n<div class=\"NoTT8\" data-hook=\"file-upload-viewer\">\n<div class=\"mTWdh\">\n<div class=\"FXL5N\" data-hook=\"file-upload-name-container\"><span class=\"NcrF-\" data-hook=\"file-upload-name\">OFFRES OXYGENADES &#8211; MER &amp; GOLF APPART-HOTEL<\/span><\/div>\n<div data-hook=\"file-upload-name-container\"><a href=\"https:\/\/snuipp86.fr\/wp-content\/uploads\/2025\/09\/OFFRES-OXYGENADES-MER-GOLF-APPART-HOTEL-1.pdf\" class=\"pdfemb-viewer\" style=\"\" data-width=\"max\" data-height=\"max\" data-toolbar=\"bottom\" data-toolbar-fixed=\"off\">OFFRES OXYGENADES - MER &amp; GOLF APPART-HOTEL-1<\/a><\/div>\n<\/div>\n<div class=\"v1MHn\"><\/div>\n<\/div>\n<\/div>\n<\/div>\n<\/div>\n<div data-hook=\"rcv-block2\"><\/div>\n<div data-hook=\"rcv-block4\">Lien pour pr\u00e9-r\u00e9server :<\/div>\n<div data-hook=\"rcv-block5\"><a class=\"ZbI-- mzSg8\" href=\"https:\/\/www.demarches-simplifiees.fr\/commencer\/pre-reservation-pour-nuit-ou-sejour-a-argeles-bida\" target=\"_blank\" rel=\"noopener noreferrer\" data-hook=\"web-link\"><u>https:\/\/www.demarches-simplifiees.fr\/commencer\/pre-reservation-pour-nuit-ou-sejour-a-argeles-bida<\/u><\/a><\/div>\n<\/div>\n<\/div>\n<\/div>\n<\/div>\n<\/div>\n<\/div>\n<\/section>\n","protected":false},"excerpt":{"rendered":"<p>Gr\u00e2ce \u00e0 la SRIAS Nouvelle-Aquitaine, profitez d&rsquo;une reprise en douceur et de l&rsquo;\u00e9t\u00e9 indien, vous pouvez partir sur la c\u00f4te basque, la c\u00f4te m\u00e9diterran\u00e9enne ou Bordeaux pour une visite de la ville ou des maisons de vins OFFRES OXYGENADES &#8211; MER &amp; GOLF APPART-HOTEL Lien pour pr\u00e9-r\u00e9server : https:\/\/www.demarches-simplifiees.fr\/commencer\/pre-reservation-pour-nuit-ou-sejour-a-argeles-bida<\/p>\n","protected":false},"author":7,"featured_media":0,"comment_status":"closed","ping_status":"closed","sticky":false,"template":"","format":"standard","meta":{"footnotes":""},"categories":[62],"tags":[54],"class_list":["post-26968","post","type-post","status-publish","format-standard","hentry","category-action-sociale","tag-action-sociale"],"yoast_head":"<!-- This site is optimized with the Yoast SEO plugin v26.6 - https:\/\/yoast.com\/wordpress\/plugins\/seo\/ -->\n<title>Pr\u00e9 r\u00e9servation pour s\u00e9jour\/nuit ARGELES-BIDART-BRUGES \u00e0 partir de 2 nuits entre le 26 septembre et 11 novembre 2025 - FSU-SNUipp 86<\/title>\n<meta name=\"robots\" content=\"index, follow, max-snippet:-1, max-image-preview:large, max-video-preview:-1\" \/>\n<link rel=\"canonical\" href=\"https:\/\/snuipp86.fr\/index.php\/2025\/09\/09\/pre-reservation-pour-sejour-nuit-argeles-bidart-bruges-a-partir-de-2-nuits-entre-le-26-septembre-et-11-novembre-2025\/\" \/>\n<meta property=\"og:locale\" content=\"fr_FR\" \/>\n<meta property=\"og:type\" content=\"article\" \/>\n<meta property=\"og:title\" content=\"Pr\u00e9 r\u00e9servation pour s\u00e9jour\/nuit ARGELES-BIDART-BRUGES \u00e0 partir de 2 nuits entre le 26 septembre et 11 novembre 2025 - FSU-SNUipp 86\" \/>\n<meta property=\"og:description\" content=\"Gr\u00e2ce \u00e0 la SRIAS Nouvelle-Aquitaine, profitez d&rsquo;une reprise en douceur et de l&rsquo;\u00e9t\u00e9 indien, vous pouvez partir sur la c\u00f4te basque, la c\u00f4te m\u00e9diterran\u00e9enne ou Bordeaux pour une visite de la ville ou des maisons de vins OFFRES OXYGENADES &#8211; MER &amp; GOLF APPART-HOTEL Lien pour pr\u00e9-r\u00e9server : https:\/\/www.demarches-simplifiees.fr\/commencer\/pre-reservation-pour-nuit-ou-sejour-a-argeles-bida\" \/>\n<meta property=\"og:url\" content=\"https:\/\/snuipp86.fr\/index.php\/2025\/09\/09\/pre-reservation-pour-sejour-nuit-argeles-bidart-bruges-a-partir-de-2-nuits-entre-le-26-septembre-et-11-novembre-2025\/\" \/>\n<meta property=\"og:site_name\" content=\"FSU-SNUipp 86\" \/>\n<meta property=\"article:published_time\" content=\"2025-09-09T11:11:11+00:00\" \/>\n<meta name=\"author\" content=\"Emilie Bordes\" \/>\n<meta name=\"twitter:card\" content=\"summary_large_image\" \/>\n<meta name=\"twitter:label1\" content=\"\u00c9crit par\" \/>\n\t<meta name=\"twitter:data1\" content=\"Emilie Bordes\" \/>\n\t<meta name=\"twitter:label2\" content=\"Dur\u00e9e de lecture estim\u00e9e\" \/>\n\t<meta name=\"twitter:data2\" content=\"1 minute\" \/>\n<script type=\"application\/ld+json\" class=\"yoast-schema-graph\">{\"@context\":\"https:\/\/schema.org\",\"@graph\":[{\"@type\":\"WebPage\",\"@id\":\"https:\/\/snuipp86.fr\/index.php\/2025\/09\/09\/pre-reservation-pour-sejour-nuit-argeles-bidart-bruges-a-partir-de-2-nuits-entre-le-26-septembre-et-11-novembre-2025\/\",\"url\":\"https:\/\/snuipp86.fr\/index.php\/2025\/09\/09\/pre-reservation-pour-sejour-nuit-argeles-bidart-bruges-a-partir-de-2-nuits-entre-le-26-septembre-et-11-novembre-2025\/\",\"name\":\"Pr\u00e9 r\u00e9servation pour s\u00e9jour\/nuit ARGELES-BIDART-BRUGES \u00e0 partir de 2 nuits entre le 26 septembre et 11 novembre 2025 - FSU-SNUipp 86\",\"isPartOf\":{\"@id\":\"https:\/\/snuipp86.fr\/#website\"},\"datePublished\":\"2025-09-09T11:11:11+00:00\",\"author\":{\"@id\":\"https:\/\/snuipp86.fr\/#\/schema\/person\/32551eb3043810865742a1acf011001d\"},\"breadcrumb\":{\"@id\":\"https:\/\/snuipp86.fr\/index.php\/2025\/09\/09\/pre-reservation-pour-sejour-nuit-argeles-bidart-bruges-a-partir-de-2-nuits-entre-le-26-septembre-et-11-novembre-2025\/#breadcrumb\"},\"inLanguage\":\"fr-FR\",\"potentialAction\":[{\"@type\":\"ReadAction\",\"target\":[\"https:\/\/snuipp86.fr\/index.php\/2025\/09\/09\/pre-reservation-pour-sejour-nuit-argeles-bidart-bruges-a-partir-de-2-nuits-entre-le-26-septembre-et-11-novembre-2025\/\"]}]},{\"@type\":\"BreadcrumbList\",\"@id\":\"https:\/\/snuipp86.fr\/index.php\/2025\/09\/09\/pre-reservation-pour-sejour-nuit-argeles-bidart-bruges-a-partir-de-2-nuits-entre-le-26-septembre-et-11-novembre-2025\/#breadcrumb\",\"itemListElement\":[{\"@type\":\"ListItem\",\"position\":1,\"name\":\"Accueil\",\"item\":\"https:\/\/snuipp86.fr\/\"},{\"@type\":\"ListItem\",\"position\":2,\"name\":\"Pr\u00e9 r\u00e9servation pour s\u00e9jour\/nuit ARGELES-BIDART-BRUGES \u00e0 partir de 2 nuits entre le 26 septembre et 11 novembre 2025\"}]},{\"@type\":\"WebSite\",\"@id\":\"https:\/\/snuipp86.fr\/#website\",\"url\":\"https:\/\/snuipp86.fr\/\",\"name\":\"FSU-SNUipp 86\",\"description\":\"Des id\u00e9es qui font l&#039;\u00e9cole\",\"potentialAction\":[{\"@type\":\"SearchAction\",\"target\":{\"@type\":\"EntryPoint\",\"urlTemplate\":\"https:\/\/snuipp86.fr\/?s={search_term_string}\"},\"query-input\":{\"@type\":\"PropertyValueSpecification\",\"valueRequired\":true,\"valueName\":\"search_term_string\"}}],\"inLanguage\":\"fr-FR\"},{\"@type\":\"Person\",\"@id\":\"https:\/\/snuipp86.fr\/#\/schema\/person\/32551eb3043810865742a1acf011001d\",\"name\":\"Emilie Bordes\",\"image\":{\"@type\":\"ImageObject\",\"inLanguage\":\"fr-FR\",\"@id\":\"https:\/\/snuipp86.fr\/#\/schema\/person\/image\/\",\"url\":\"https:\/\/secure.gravatar.com\/avatar\/571abcf3c12ab1aaba66450f3ac5c0f8355284f01f7342dd440489ae804a109e?s=96&d=mm&r=g\",\"contentUrl\":\"https:\/\/secure.gravatar.com\/avatar\/571abcf3c12ab1aaba66450f3ac5c0f8355284f01f7342dd440489ae804a109e?s=96&d=mm&r=g\",\"caption\":\"Emilie Bordes\"},\"url\":\"https:\/\/snuipp86.fr\/index.php\/author\/ebordes\/\"}]}<\/script>\n<!-- \/ Yoast SEO plugin. -->","yoast_head_json":{"title":"Pr\u00e9 r\u00e9servation pour s\u00e9jour\/nuit ARGELES-BIDART-BRUGES \u00e0 partir de 2 nuits entre le 26 septembre et 11 novembre 2025 - FSU-SNUipp 86","robots":{"index":"index","follow":"follow","max-snippet":"max-snippet:-1","max-image-preview":"max-image-preview:large","max-video-preview":"max-video-preview:-1"},"canonical":"https:\/\/snuipp86.fr\/index.php\/2025\/09\/09\/pre-reservation-pour-sejour-nuit-argeles-bidart-bruges-a-partir-de-2-nuits-entre-le-26-septembre-et-11-novembre-2025\/","og_locale":"fr_FR","og_type":"article","og_title":"Pr\u00e9 r\u00e9servation pour s\u00e9jour\/nuit ARGELES-BIDART-BRUGES \u00e0 partir de 2 nuits entre le 26 septembre et 11 novembre 2025 - FSU-SNUipp 86","og_description":"Gr\u00e2ce \u00e0 la SRIAS Nouvelle-Aquitaine, profitez d&rsquo;une reprise en douceur et de l&rsquo;\u00e9t\u00e9 indien, vous pouvez partir sur la c\u00f4te basque, la c\u00f4te m\u00e9diterran\u00e9enne ou Bordeaux pour une visite de la ville ou des maisons de vins OFFRES OXYGENADES &#8211; MER &amp; GOLF APPART-HOTEL Lien pour pr\u00e9-r\u00e9server : https:\/\/www.demarches-simplifiees.fr\/commencer\/pre-reservation-pour-nuit-ou-sejour-a-argeles-bida","og_url":"https:\/\/snuipp86.fr\/index.php\/2025\/09\/09\/pre-reservation-pour-sejour-nuit-argeles-bidart-bruges-a-partir-de-2-nuits-entre-le-26-septembre-et-11-novembre-2025\/","og_site_name":"FSU-SNUipp 86","article_published_time":"2025-09-09T11:11:11+00:00","author":"Emilie Bordes","twitter_card":"summary_large_image","twitter_misc":{"\u00c9crit par":"Emilie Bordes","Dur\u00e9e de lecture estim\u00e9e":"1 minute"},"schema":{"@context":"https:\/\/schema.org","@graph":[{"@type":"WebPage","@id":"https:\/\/snuipp86.fr\/index.php\/2025\/09\/09\/pre-reservation-pour-sejour-nuit-argeles-bidart-bruges-a-partir-de-2-nuits-entre-le-26-septembre-et-11-novembre-2025\/","url":"https:\/\/snuipp86.fr\/index.php\/2025\/09\/09\/pre-reservation-pour-sejour-nuit-argeles-bidart-bruges-a-partir-de-2-nuits-entre-le-26-septembre-et-11-novembre-2025\/","name":"Pr\u00e9 r\u00e9servation pour s\u00e9jour\/nuit ARGELES-BIDART-BRUGES \u00e0 partir de 2 nuits entre le 26 septembre et 11 novembre 2025 - FSU-SNUipp 86","isPartOf":{"@id":"https:\/\/snuipp86.fr\/#website"},"datePublished":"2025-09-09T11:11:11+00:00","author":{"@id":"https:\/\/snuipp86.fr\/#\/schema\/person\/32551eb3043810865742a1acf011001d"},"breadcrumb":{"@id":"https:\/\/snuipp86.fr\/index.php\/2025\/09\/09\/pre-reservation-pour-sejour-nuit-argeles-bidart-bruges-a-partir-de-2-nuits-entre-le-26-septembre-et-11-novembre-2025\/#breadcrumb"},"inLanguage":"fr-FR","potentialAction":[{"@type":"ReadAction","target":["https:\/\/snuipp86.fr\/index.php\/2025\/09\/09\/pre-reservation-pour-sejour-nuit-argeles-bidart-bruges-a-partir-de-2-nuits-entre-le-26-septembre-et-11-novembre-2025\/"]}]},{"@type":"BreadcrumbList","@id":"https:\/\/snuipp86.fr\/index.php\/2025\/09\/09\/pre-reservation-pour-sejour-nuit-argeles-bidart-bruges-a-partir-de-2-nuits-entre-le-26-septembre-et-11-novembre-2025\/#breadcrumb","itemListElement":[{"@type":"ListItem","position":1,"name":"Accueil","item":"https:\/\/snuipp86.fr\/"},{"@type":"ListItem","position":2,"name":"Pr\u00e9 r\u00e9servation pour s\u00e9jour\/nuit ARGELES-BIDART-BRUGES \u00e0 partir de 2 nuits entre le 26 septembre et 11 novembre 2025"}]},{"@type":"WebSite","@id":"https:\/\/snuipp86.fr\/#website","url":"https:\/\/snuipp86.fr\/","name":"FSU-SNUipp 86","description":"Des id\u00e9es qui font l&#039;\u00e9cole","potentialAction":[{"@type":"SearchAction","target":{"@type":"EntryPoint","urlTemplate":"https:\/\/snuipp86.fr\/?s={search_term_string}"},"query-input":{"@type":"PropertyValueSpecification","valueRequired":true,"valueName":"search_term_string"}}],"inLanguage":"fr-FR"},{"@type":"Person","@id":"https:\/\/snuipp86.fr\/#\/schema\/person\/32551eb3043810865742a1acf011001d","name":"Emilie Bordes","image":{"@type":"ImageObject","inLanguage":"fr-FR","@id":"https:\/\/snuipp86.fr\/#\/schema\/person\/image\/","url":"https:\/\/secure.gravatar.com\/avatar\/571abcf3c12ab1aaba66450f3ac5c0f8355284f01f7342dd440489ae804a109e?s=96&d=mm&r=g","contentUrl":"https:\/\/secure.gravatar.com\/avatar\/571abcf3c12ab1aaba66450f3ac5c0f8355284f01f7342dd440489ae804a109e?s=96&d=mm&r=g","caption":"Emilie Bordes"},"url":"https:\/\/snuipp86.fr\/index.php\/author\/ebordes\/"}]}},"_links":{"self":[{"href":"https:\/\/snuipp86.fr\/index.php\/wp-json\/wp\/v2\/posts\/26968","targetHints":{"allow":["GET"]}}],"collection":[{"href":"https:\/\/snuipp86.fr\/index.php\/wp-json\/wp\/v2\/posts"}],"about":[{"href":"https:\/\/snuipp86.fr\/index.php\/wp-json\/wp\/v2\/types\/post"}],"author":[{"embeddable":true,"href":"https:\/\/snuipp86.fr\/index.php\/wp-json\/wp\/v2\/users\/7"}],"replies":[{"embeddable":true,"href":"https:\/\/snuipp86.fr\/index.php\/wp-json\/wp\/v2\/comments?post=26968"}],"version-history":[{"count":1,"href":"https:\/\/snuipp86.fr\/index.php\/wp-json\/wp\/v2\/posts\/26968\/revisions"}],"predecessor-version":[{"id":26970,"href":"https:\/\/snuipp86.fr\/index.php\/wp-json\/wp\/v2\/posts\/26968\/revisions\/26970"}],"wp:attachment":[{"href":"https:\/\/snuipp86.fr\/index.php\/wp-json\/wp\/v2\/media?parent=26968"}],"wp:term":[{"taxonomy":"category","embeddable":true,"href":"https:\/\/snuipp86.fr\/index.php\/wp-json\/wp\/v2\/categories?post=26968"},{"taxonomy":"post_tag","embeddable":true,"href":"https:\/\/snuipp86.fr\/index.php\/wp-json\/wp\/v2\/tags?post=26968"}],"curies":[{"name":"wp","href":"https:\/\/api.w.org\/{rel}","templated":true}]}}