{"id":273,"date":"2017-11-15T15:38:15","date_gmt":"2017-11-15T15:38:15","guid":{"rendered":"http:\/\/localhost\/wordpress\/2017\/11\/15\/gt-du-15-11-recrutement-de-contractuel-le-s-1er-degr\/"},"modified":"2017-11-15T15:38:15","modified_gmt":"2017-11-15T15:38:15","slug":"gt-du-15-11-recrutement-de-contractuel-le-s-1er-degr","status":"publish","type":"post","link":"https:\/\/snuipp86.fr\/index.php\/2017\/11\/15\/gt-du-15-11-recrutement-de-contractuel-le-s-1er-degr\/","title":{"rendered":"GT du 15 \/ 11 : Recrutement de contractuel-le-s 1er degr\u00e9"},"content":{"rendered":"<p><img decoding=\"async\" src=\"https:\/\/snuipp86.fr\/wp-content\/spip\/IMG\/arton3498.jpg\" alt=\"\" align=\"right\" width=\"300\" height=\"237\" class=\"spip_logos\" \/><\/p>\n<div class='rss_texte'>\n<dl class='spip_document_2892 spip_documents spip_documents_center' >\n<dt><img src='https:\/\/snuipp86.fr\/wp-content\/spip\/cache-vignettes\/L217xH200\/rubon14-9c3b8.png' width='217' height='200' alt='PNG - 45.7 ko' style='height:200px;width:217px;' class=' format_png' \/><\/dt>\n<dt class='spip_doc_titre' style='width:217px;'><strong>rubon14<\/strong><\/dt>\n<\/dl>\n<p class=\"spip\"><strong class=\"spip\">Pr\u00e9sent-e-s<\/strong> : M. Siretas ( SG), M. Artaud (IENA), Mme Picardat (DPE 5), 5 FSU-CGT ( 4 SNUipp et 1 SNES), 2 UNSA, 1 FO, 1 SNALC.<\/p>\n<h3 class=\"spip\" id=\"outil_sommaire_0\"><a title=\"Sommaire\" href=\"http:\/\/86.snuipp.fr\/spip.php?page=backend&#038;id_rubrique=#outil_sommaire\" class=\"sommaire_ancre\"> <\/a>Rappel du contexte :<\/h3>\n<p class=\"spip\">L&rsquo;administration a indiqu\u00e9 la n\u00e9cessit\u00e9 d&rsquo;avoir recours \u00e0 des contractuels dans le 1er degr\u00e9 qui est li\u00e9e \u00e0 une sous-estimation du minist\u00e8re du nombre de d\u00e9parts \u00e0 la retraite. L&rsquo;administration a organis\u00e9 un groupe de travail sur le sujet ce matin au rectorat.<\/p>\n<p class=\"spip\">La FSU\/CGT est oppos\u00e9 \u00e0 ce type recrutement qui n&rsquo;existe plus depuis 35 ans dans la Vienne. Nous demandions \u00e0 ce qu&rsquo;il soit fait appel aux inscrit-e-s sur liste compl\u00e9mentaire du CRPE 2017, seul gage permettant d&rsquo;obtenir une formation et une chance d&rsquo;\u00eatre titularis\u00e9-e. Une p\u00e9tition a \u00e9t\u00e9 mise en ce sens par le SNUIpp : <a href=\"https:\/\/petitionlc.snuipp.fr\/\" class=\"spip_out\">https:\/\/petitionlc.snuipp.fr\/<\/a><\/p>\n<p class=\"spip\">Les repr\u00e9sentant-e-s du personnel FSU\/CGT ont vot\u00e9 en contre lors du CTA de juin puis d&rsquo;octobre sur ce sujet. Suite au vote en contre de l&rsquo;ensemble des repr\u00e9sentant-e-s du personnel en juin, avec le poids majoritaire de la FSU\/CGT (5 FSU\/CGT , 2 Unsa, 1 Sgen, 1 Snalc, 1 Fo) , la Rectrice a reconnu que cela avait servi de point d&rsquo;appui aupr\u00e8s du minist\u00e8re pour un premier recrutement de 37 personnes suppl\u00e9mentaires sur liste compl\u00e9mentaire en juillet. Malgr\u00e9 le vote encore une fois de l&rsquo;ensemble des organisations syndicales en contre lors du CTA d&rsquo;octobre, la rectrice a autoris\u00e9 les recrutements par les d\u00e9partements \u2026 Le SNUipp-FSU vient encore de s&rsquo;adresser nationalement au ministre pour d\u00e9noncer cette situation : <a href=\"https:\/\/www.snuipp.fr\/actualites\/posts\/lettre-ouverte-au-ministre-sur-les-contractuels\" class=\"spip_out\">https:\/\/www.snuipp.fr\/actualites\/posts\/lettre-ouverte-au-ministre-sur-les-contractuels<\/a><\/p>\n<h3 class=\"spip\" id=\"outil_sommaire_1\"><a title=\"Sommaire\" href=\"http:\/\/86.snuipp.fr\/spip.php?page=backend&#038;id_rubrique=#outil_sommaire\" class=\"sommaire_ancre\"> <\/a>Nombre de recrutements<\/h3>\n<p class=\"spip\">Pour la Vienne, l&rsquo;IA pr\u00e9voit donc de recruter une vingtaine de contractuels et a mis en ligne une nouvelle section sur le portail acad\u00e9mique public : \u00ab l&rsquo;acad\u00e9mie recrute \u00bb lien : <a href=\"http:\/\/www.ac-poitiers.fr\/cid122564\/recrutement-de-professeurs-des-ecoles-contractuels.html\" class=\"spip_out\">http:\/\/www.ac-poitiers.fr\/cid122564\/recrutement-de-professeurs-des-ecoles-contractuels.html<\/a>. L&rsquo;information a \u00e9t\u00e9 transmise au directeur r\u00e9gional de l&rsquo;ESPE qui a d\u00fb la relayer sur les diff\u00e9rents sites.<\/p>\n<h3 class=\"spip\" id=\"outil_sommaire_2\"><a title=\"Sommaire\" href=\"http:\/\/86.snuipp.fr\/spip.php?page=backend&#038;id_rubrique=#outil_sommaire\" class=\"sommaire_ancre\"> <\/a>Recrutement\/Contrat :<\/h3>\n<p class=\"spip\"><img decoding=\"async\" src=\"https:\/\/snuipp86.fr\/wp-content\/spip\/cache-vignettes\/L8xH11\/puce-68c92.gif\" width='8' height='11' alt=\"-\" style='height:11px;width:8px;' class='' \/> <strong class=\"spip\">La priorit\u00e9 :<\/strong><\/p>\n<p class=\"spip\">1- aux titulaires d&rsquo;une MASTER 2 MEEF 1er degr\u00e9, puis aux autres Master 2 MEEF,<\/p>\n<p class=\"spip\">2- aux autres MASTER 2<\/p>\n<p class=\"spip\">3- puis aux MASTER 1.<\/p>\n<p class=\"spip\">L&rsquo;administration de la Vienne ne souhaite pas faire appel aux titulaires de licence. le texte propos\u00e9 par la Rectrice donnait la possibilit\u00e9 de recrutement au niveau Bac + 3. La FSU\/CGT s&rsquo;y est oppos\u00e9e car avec un niveau de concours \u00e0 Bac + 4, cela donne quasiment aucune chance \u00e0 ces contratuel-le-s de r\u00e9ussir le concours cette ann\u00e9e car il faudrait \u00e0 la fois enseigner \u00e0 plein temps en classe, pr\u00e9parer le concours et passer un M1.<\/p>\n<p class=\"spip\"><strong class=\"spip\">Les recrutements d\u00e9buteront au plus t\u00f4t, le 27\/11<\/strong> pour un contrat couvrant l&rsquo;ann\u00e9e scolaire jusqu&rsquo;au 6\/07\/18 (petites vacances scolaires incluses) &#8230; et donc pas de salaire pendant les vacances d&rsquo;\u00e9t\u00e9 !!! La FSU\/CGT avait r\u00e9ussi \u00e0 acter l&rsquo;ann\u00e9e derni\u00e8re en CTA, car rien n&rsquo;existait sur le sujet, que les contratuel-le-s puissent \u00eatre pay\u00e9-e-s l&rsquo;\u00e9t\u00e9 \u2026 mais si les contrats \u00e9taient sign\u00e9s au plus tard le 1er jour des vacances d&rsquo;automne \u2026<\/p>\n<p class=\"spip\"><strong class=\"spip\">L&rsquo;entretien de recrutement<\/strong> sera effectu\u00e9 par une commission regroupant IENA, CPC et IEN.<\/p>\n<p class=\"spip\">Le profil et les crit\u00e8res de recrutement n&rsquo;ont pas \u00e9t\u00e9 pr\u00e9cis\u00e9s.<\/p>\n<p class=\"spip\"><strong class=\"spip\">Le contrat propos\u00e9 sera un CDD \u00e0 temps plein 27h\/semaine (<\/strong>pas de possibilit\u00e9 de temps partiel) avec une r\u00e9mun\u00e9ration identique aux contractuels second degr\u00e9 (indice de r\u00e9mun\u00e9ration 367 (grille contractuel 1\u00e8re cat\u00e9gorie \u00e9chelon 0).<\/p>\n<p class=\"spip\">Les exp\u00e9riences professionnelles pr\u00e9c\u00e9dentes seront prises en compte pour des op\u00e9rations de reclassement dans les grilles.<\/p>\n<p class=\"spip\"><strong class=\"spip\">Un PE en position de disponibilit\u00e9<\/strong> ne peut pas postuler, y compris sur une autre acad\u00e9mie.<\/p>\n<p class=\"spip\">Ils seront g\u00e9r\u00e9s administrativement par la DPE5. dpe5@ac-poitiers.fr<\/p>\n<p class=\"spip\"><strong class=\"spip\">Les cong\u00e9s maladie seront g\u00e9r\u00e9s par la CPAM<\/strong>, avec probablement 2 jours de carence.<\/p>\n<p class=\"spip\"><strong class=\"spip\">La p\u00e9riode d&rsquo;essai<\/strong> sera d&rsquo;un 1 mois et les ruptures anticip\u00e9es de contrat seront facilit\u00e9es. Casier judiciaire \u00e0 fournir. Pas de visite m\u00e9dicale\u2026<\/p>\n<h3 class=\"spip\" id=\"outil_sommaire_3\"><a title=\"Sommaire\" href=\"http:\/\/86.snuipp.fr\/spip.php?page=backend&#038;id_rubrique=#outil_sommaire\" class=\"sommaire_ancre\"> <\/a>Formation et accompagnement :<\/h3>\n<p class=\"spip\">Ils seront accompagn\u00e9s par un \u00ab tuteurs \u00bb ( CPC ou PEMF). Les repr\u00e9sentants FSU\/CGT ont fait remarquer la charge de travail d\u00e9j\u00e0 importante sur ces personnels et la n\u00e9cessit\u00e9 de faire appel \u00e0 un nouveau vivier (PEMF dormants, MAT volontaires) en leur donnant les moyens n\u00e9cessaires ( temps de d\u00e9charge, prime).<\/p>\n<p class=\"spip\">Avant prise de fonction, 1 semaine de stage (probablement dans une classe d&rsquo;un MAT).<\/p>\n<p class=\"spip\">Durant les 4 premi\u00e8res semaines de la prise de fonction, le vendredi sera consacr\u00e9 \u00e0 un retour r\u00e9flexif sur le m\u00e9tier.<\/p>\n<h3 class=\"spip\" id=\"outil_sommaire_4\"><a title=\"Sommaire\" href=\"http:\/\/86.snuipp.fr\/spip.php?page=backend&#038;id_rubrique=#outil_sommaire\" class=\"sommaire_ancre\"> <\/a>Missions :<\/h3>\n<p class=\"spip\">Ils \/elles ne seront pas positionn\u00e9-e-s sur des remplacements longs, pas en ASH, \u00ab\u00a0autant que possible\u00a0\u00bb pas sur les CP sur les REP\/REP+.<\/p>\n<p class=\"spip\">La zone de remplacement sera d\u00e9partementale, ils\/elles seront rattach\u00e9-e-s administrativement \u00e0 une \u00e9cole. L&rsquo;administration n&rsquo;a pas pu r\u00e9pondre \u00e0 notre demande d&rsquo;une liste des \u00e9coles de rattachement, ni si ces personnels aurait droit \u00e0 percevoir l&rsquo;ISSR. Le sup\u00e9rieur hi\u00e9rarchique sera l&rsquo;IEN de l&rsquo;\u00e9cole de remplacement. Ils n&rsquo;auront pas d&rsquo;injonction sur les 108 heures, m\u00eame s&rsquo;il a \u00e9t\u00e9 rappel\u00e9 qu&rsquo;ils avaient les m\u00eames obligations qu&rsquo;un personnel titulaire.<\/p>\n<p class=\"spip\">Pour les remplacements de fin d&rsquo;ann\u00e9e, une prise en compte des dates de concours sera effectu\u00e9e pour les contractuels le demandant.<\/p>\n<p class=\"spip\"><i class=\"spip\">pour la FSU\/CGT : Yann Bailly, Fr\u00e9d\u00e9ric Belly, Emmanuel Dupuis, Fabienne La\u00een\u00e9, Gilles Tabourdeau<\/i><\/p>\n<\/div>\n","protected":false},"excerpt":{"rendered":"<p>Pr\u00e9sent-e-s : M. Siretas ( SG), M. Artaud (IENA), Mme Picardat (DPE 5), 5 FSU-CGT ( 4 SNUipp et 1 SNES), 2 UNSA, 1 FO, 1 SNALC. <br \/>Rappel du contexte : <br \/>L&rsquo;administration a indiqu\u00e9 la n\u00e9cessit\u00e9 d&rsquo;avoir recours \u00e0 des contractuels dans le 1er degr\u00e9 qui est li\u00e9e \u00e0 une sous-estimation du minist\u00e8re du nombre de d\u00e9parts \u00e0 la retraite. L&rsquo;administration a organis\u00e9 un groupe de travail sur le sujet ce matin au rectorat. <br \/>La FSU\/CGT est oppos\u00e9 \u00e0 ce type recrutement qui n&rsquo;existe plus (&#8230;)<br \/>\n&#8211;<br \/>\n<a href=\"http:\/\/86.snuipp.fr\/spip.php?rubrique125\" rel=\"directory\">Organisation de la semaine scolaire et temps de travail<\/a><br \/>\n\/<br \/>\n<a href=\"http:\/\/86.snuipp.fr\/spip.php?mot325\" rel=\"tag\">Concours CRPE<\/a><\/p>\n","protected":false},"author":1,"featured_media":0,"comment_status":"open","ping_status":"open","sticky":false,"template":"","format":"standard","meta":{"footnotes":""},"categories":[14],"tags":[],"class_list":["post-273","post","type-post","status-publish","format-standard","hentry","category-a-la-une"],"yoast_head":"<!-- This site is optimized with the Yoast SEO plugin v26.6 - https:\/\/yoast.com\/wordpress\/plugins\/seo\/ -->\n<title>GT du 15 \/ 11 : Recrutement de contractuel-le-s 1er degr\u00e9 - FSU-SNUipp 86<\/title>\n<meta name=\"robots\" content=\"index, follow, max-snippet:-1, max-image-preview:large, max-video-preview:-1\" \/>\n<link rel=\"canonical\" href=\"https:\/\/snuipp86.fr\/index.php\/2017\/11\/15\/gt-du-15-11-recrutement-de-contractuel-le-s-1er-degr\/\" \/>\n<meta property=\"og:locale\" content=\"fr_FR\" \/>\n<meta property=\"og:type\" content=\"article\" \/>\n<meta property=\"og:title\" content=\"GT du 15 \/ 11 : Recrutement de contractuel-le-s 1er degr\u00e9 - FSU-SNUipp 86\" \/>\n<meta property=\"og:description\" content=\"Pr\u00e9sent-e-s : M. Siretas ( SG), M. Artaud (IENA), Mme Picardat (DPE 5), 5 FSU-CGT ( 4 SNUipp et 1 SNES), 2 UNSA, 1 FO, 1 SNALC. Rappel du contexte : L&#039;administration a indiqu\u00e9 la n\u00e9cessit\u00e9 d&#039;avoir recours \u00e0 des contractuels dans le 1er degr\u00e9 qui est li\u00e9e \u00e0 une sous-estimation du minist\u00e8re du nombre de d\u00e9parts \u00e0 la retraite. L&#039;administration a organis\u00e9 un groupe de travail sur le sujet ce matin au rectorat. La FSU\/CGT est oppos\u00e9 \u00e0 ce type recrutement qui n&#039;existe plus (...) - Organisation de la semaine scolaire et temps de travail \/ Concours CRPE\" \/>\n<meta property=\"og:url\" content=\"https:\/\/snuipp86.fr\/index.php\/2017\/11\/15\/gt-du-15-11-recrutement-de-contractuel-le-s-1er-degr\/\" \/>\n<meta property=\"og:site_name\" content=\"FSU-SNUipp 86\" \/>\n<meta property=\"article:published_time\" content=\"2017-11-15T15:38:15+00:00\" \/>\n<meta property=\"og:image\" content=\"http:\/\/snuipp86.fr\/wp-content\/spip\/IMG\/arton3498.jpg\" \/>\n<meta name=\"author\" content=\"WP86Admin\" \/>\n<meta name=\"twitter:card\" content=\"summary_large_image\" \/>\n<meta name=\"twitter:label1\" content=\"\u00c9crit par\" \/>\n\t<meta name=\"twitter:data1\" content=\"WP86Admin\" \/>\n\t<meta name=\"twitter:label2\" content=\"Dur\u00e9e de lecture estim\u00e9e\" \/>\n\t<meta name=\"twitter:data2\" content=\"4 minutes\" \/>\n<script type=\"application\/ld+json\" class=\"yoast-schema-graph\">{\"@context\":\"https:\/\/schema.org\",\"@graph\":[{\"@type\":\"WebPage\",\"@id\":\"https:\/\/snuipp86.fr\/index.php\/2017\/11\/15\/gt-du-15-11-recrutement-de-contractuel-le-s-1er-degr\/\",\"url\":\"https:\/\/snuipp86.fr\/index.php\/2017\/11\/15\/gt-du-15-11-recrutement-de-contractuel-le-s-1er-degr\/\",\"name\":\"GT du 15 \/ 11 : Recrutement de contractuel-le-s 1er degr\u00e9 - FSU-SNUipp 86\",\"isPartOf\":{\"@id\":\"https:\/\/snuipp86.fr\/#website\"},\"primaryImageOfPage\":{\"@id\":\"https:\/\/snuipp86.fr\/index.php\/2017\/11\/15\/gt-du-15-11-recrutement-de-contractuel-le-s-1er-degr\/#primaryimage\"},\"image\":{\"@id\":\"https:\/\/snuipp86.fr\/index.php\/2017\/11\/15\/gt-du-15-11-recrutement-de-contractuel-le-s-1er-degr\/#primaryimage\"},\"thumbnailUrl\":\"http:\/\/snuipp86.fr\/wp-content\/spip\/IMG\/arton3498.jpg\",\"datePublished\":\"2017-11-15T15:38:15+00:00\",\"author\":{\"@id\":\"https:\/\/snuipp86.fr\/#\/schema\/person\/901b28b9ae1c7a63a6a940102e52a7a2\"},\"breadcrumb\":{\"@id\":\"https:\/\/snuipp86.fr\/index.php\/2017\/11\/15\/gt-du-15-11-recrutement-de-contractuel-le-s-1er-degr\/#breadcrumb\"},\"inLanguage\":\"fr-FR\",\"potentialAction\":[{\"@type\":\"ReadAction\",\"target\":[\"https:\/\/snuipp86.fr\/index.php\/2017\/11\/15\/gt-du-15-11-recrutement-de-contractuel-le-s-1er-degr\/\"]}]},{\"@type\":\"ImageObject\",\"inLanguage\":\"fr-FR\",\"@id\":\"https:\/\/snuipp86.fr\/index.php\/2017\/11\/15\/gt-du-15-11-recrutement-de-contractuel-le-s-1er-degr\/#primaryimage\",\"url\":\"http:\/\/snuipp86.fr\/wp-content\/spip\/IMG\/arton3498.jpg\",\"contentUrl\":\"http:\/\/snuipp86.fr\/wp-content\/spip\/IMG\/arton3498.jpg\"},{\"@type\":\"BreadcrumbList\",\"@id\":\"https:\/\/snuipp86.fr\/index.php\/2017\/11\/15\/gt-du-15-11-recrutement-de-contractuel-le-s-1er-degr\/#breadcrumb\",\"itemListElement\":[{\"@type\":\"ListItem\",\"position\":1,\"name\":\"Accueil\",\"item\":\"https:\/\/snuipp86.fr\/\"},{\"@type\":\"ListItem\",\"position\":2,\"name\":\"GT du 15 \/ 11 : Recrutement de contractuel-le-s 1er degr\u00e9\"}]},{\"@type\":\"WebSite\",\"@id\":\"https:\/\/snuipp86.fr\/#website\",\"url\":\"https:\/\/snuipp86.fr\/\",\"name\":\"FSU-SNUipp 86\",\"description\":\"Des id\u00e9es qui font l&#039;\u00e9cole\",\"potentialAction\":[{\"@type\":\"SearchAction\",\"target\":{\"@type\":\"EntryPoint\",\"urlTemplate\":\"https:\/\/snuipp86.fr\/?s={search_term_string}\"},\"query-input\":{\"@type\":\"PropertyValueSpecification\",\"valueRequired\":true,\"valueName\":\"search_term_string\"}}],\"inLanguage\":\"fr-FR\"},{\"@type\":\"Person\",\"@id\":\"https:\/\/snuipp86.fr\/#\/schema\/person\/901b28b9ae1c7a63a6a940102e52a7a2\",\"name\":\"WP86Admin\",\"image\":{\"@type\":\"ImageObject\",\"inLanguage\":\"fr-FR\",\"@id\":\"https:\/\/snuipp86.fr\/#\/schema\/person\/image\/\",\"url\":\"https:\/\/secure.gravatar.com\/avatar\/0099845c7ec05dc10d777d8ab4f5142c5ba316283821af2459738ad469a37a1a?s=96&d=mm&r=g\",\"contentUrl\":\"https:\/\/secure.gravatar.com\/avatar\/0099845c7ec05dc10d777d8ab4f5142c5ba316283821af2459738ad469a37a1a?s=96&d=mm&r=g\",\"caption\":\"WP86Admin\"},\"url\":\"https:\/\/snuipp86.fr\/index.php\/author\/wp86admin\/\"}]}<\/script>\n<!-- \/ Yoast SEO plugin. -->","yoast_head_json":{"title":"GT du 15 \/ 11 : Recrutement de contractuel-le-s 1er degr\u00e9 - FSU-SNUipp 86","robots":{"index":"index","follow":"follow","max-snippet":"max-snippet:-1","max-image-preview":"max-image-preview:large","max-video-preview":"max-video-preview:-1"},"canonical":"https:\/\/snuipp86.fr\/index.php\/2017\/11\/15\/gt-du-15-11-recrutement-de-contractuel-le-s-1er-degr\/","og_locale":"fr_FR","og_type":"article","og_title":"GT du 15 \/ 11 : Recrutement de contractuel-le-s 1er degr\u00e9 - FSU-SNUipp 86","og_description":"Pr\u00e9sent-e-s : M. Siretas ( SG), M. Artaud (IENA), Mme Picardat (DPE 5), 5 FSU-CGT ( 4 SNUipp et 1 SNES), 2 UNSA, 1 FO, 1 SNALC. Rappel du contexte : L'administration a indiqu\u00e9 la n\u00e9cessit\u00e9 d'avoir recours \u00e0 des contractuels dans le 1er degr\u00e9 qui est li\u00e9e \u00e0 une sous-estimation du minist\u00e8re du nombre de d\u00e9parts \u00e0 la retraite. L'administration a organis\u00e9 un groupe de travail sur le sujet ce matin au rectorat. La FSU\/CGT est oppos\u00e9 \u00e0 ce type recrutement qui n'existe plus (...) - Organisation de la semaine scolaire et temps de travail \/ Concours CRPE","og_url":"https:\/\/snuipp86.fr\/index.php\/2017\/11\/15\/gt-du-15-11-recrutement-de-contractuel-le-s-1er-degr\/","og_site_name":"FSU-SNUipp 86","article_published_time":"2017-11-15T15:38:15+00:00","og_image":[{"url":"http:\/\/snuipp86.fr\/wp-content\/spip\/IMG\/arton3498.jpg","type":"","width":"","height":""}],"author":"WP86Admin","twitter_card":"summary_large_image","twitter_misc":{"\u00c9crit par":"WP86Admin","Dur\u00e9e de lecture estim\u00e9e":"4 minutes"},"schema":{"@context":"https:\/\/schema.org","@graph":[{"@type":"WebPage","@id":"https:\/\/snuipp86.fr\/index.php\/2017\/11\/15\/gt-du-15-11-recrutement-de-contractuel-le-s-1er-degr\/","url":"https:\/\/snuipp86.fr\/index.php\/2017\/11\/15\/gt-du-15-11-recrutement-de-contractuel-le-s-1er-degr\/","name":"GT du 15 \/ 11 : Recrutement de contractuel-le-s 1er degr\u00e9 - FSU-SNUipp 86","isPartOf":{"@id":"https:\/\/snuipp86.fr\/#website"},"primaryImageOfPage":{"@id":"https:\/\/snuipp86.fr\/index.php\/2017\/11\/15\/gt-du-15-11-recrutement-de-contractuel-le-s-1er-degr\/#primaryimage"},"image":{"@id":"https:\/\/snuipp86.fr\/index.php\/2017\/11\/15\/gt-du-15-11-recrutement-de-contractuel-le-s-1er-degr\/#primaryimage"},"thumbnailUrl":"http:\/\/snuipp86.fr\/wp-content\/spip\/IMG\/arton3498.jpg","datePublished":"2017-11-15T15:38:15+00:00","author":{"@id":"https:\/\/snuipp86.fr\/#\/schema\/person\/901b28b9ae1c7a63a6a940102e52a7a2"},"breadcrumb":{"@id":"https:\/\/snuipp86.fr\/index.php\/2017\/11\/15\/gt-du-15-11-recrutement-de-contractuel-le-s-1er-degr\/#breadcrumb"},"inLanguage":"fr-FR","potentialAction":[{"@type":"ReadAction","target":["https:\/\/snuipp86.fr\/index.php\/2017\/11\/15\/gt-du-15-11-recrutement-de-contractuel-le-s-1er-degr\/"]}]},{"@type":"ImageObject","inLanguage":"fr-FR","@id":"https:\/\/snuipp86.fr\/index.php\/2017\/11\/15\/gt-du-15-11-recrutement-de-contractuel-le-s-1er-degr\/#primaryimage","url":"http:\/\/snuipp86.fr\/wp-content\/spip\/IMG\/arton3498.jpg","contentUrl":"http:\/\/snuipp86.fr\/wp-content\/spip\/IMG\/arton3498.jpg"},{"@type":"BreadcrumbList","@id":"https:\/\/snuipp86.fr\/index.php\/2017\/11\/15\/gt-du-15-11-recrutement-de-contractuel-le-s-1er-degr\/#breadcrumb","itemListElement":[{"@type":"ListItem","position":1,"name":"Accueil","item":"https:\/\/snuipp86.fr\/"},{"@type":"ListItem","position":2,"name":"GT du 15 \/ 11 : Recrutement de contractuel-le-s 1er degr\u00e9"}]},{"@type":"WebSite","@id":"https:\/\/snuipp86.fr\/#website","url":"https:\/\/snuipp86.fr\/","name":"FSU-SNUipp 86","description":"Des id\u00e9es qui font l&#039;\u00e9cole","potentialAction":[{"@type":"SearchAction","target":{"@type":"EntryPoint","urlTemplate":"https:\/\/snuipp86.fr\/?s={search_term_string}"},"query-input":{"@type":"PropertyValueSpecification","valueRequired":true,"valueName":"search_term_string"}}],"inLanguage":"fr-FR"},{"@type":"Person","@id":"https:\/\/snuipp86.fr\/#\/schema\/person\/901b28b9ae1c7a63a6a940102e52a7a2","name":"WP86Admin","image":{"@type":"ImageObject","inLanguage":"fr-FR","@id":"https:\/\/snuipp86.fr\/#\/schema\/person\/image\/","url":"https:\/\/secure.gravatar.com\/avatar\/0099845c7ec05dc10d777d8ab4f5142c5ba316283821af2459738ad469a37a1a?s=96&d=mm&r=g","contentUrl":"https:\/\/secure.gravatar.com\/avatar\/0099845c7ec05dc10d777d8ab4f5142c5ba316283821af2459738ad469a37a1a?s=96&d=mm&r=g","caption":"WP86Admin"},"url":"https:\/\/snuipp86.fr\/index.php\/author\/wp86admin\/"}]}},"_links":{"self":[{"href":"https:\/\/snuipp86.fr\/index.php\/wp-json\/wp\/v2\/posts\/273","targetHints":{"allow":["GET"]}}],"collection":[{"href":"https:\/\/snuipp86.fr\/index.php\/wp-json\/wp\/v2\/posts"}],"about":[{"href":"https:\/\/snuipp86.fr\/index.php\/wp-json\/wp\/v2\/types\/post"}],"author":[{"embeddable":true,"href":"https:\/\/snuipp86.fr\/index.php\/wp-json\/wp\/v2\/users\/1"}],"replies":[{"embeddable":true,"href":"https:\/\/snuipp86.fr\/index.php\/wp-json\/wp\/v2\/comments?post=273"}],"version-history":[{"count":0,"href":"https:\/\/snuipp86.fr\/index.php\/wp-json\/wp\/v2\/posts\/273\/revisions"}],"wp:attachment":[{"href":"https:\/\/snuipp86.fr\/index.php\/wp-json\/wp\/v2\/media?parent=273"}],"wp:term":[{"taxonomy":"category","embeddable":true,"href":"https:\/\/snuipp86.fr\/index.php\/wp-json\/wp\/v2\/categories?post=273"},{"taxonomy":"post_tag","embeddable":true,"href":"https:\/\/snuipp86.fr\/index.php\/wp-json\/wp\/v2\/tags?post=273"}],"curies":[{"name":"wp","href":"https:\/\/api.w.org\/{rel}","templated":true}]}}