{"id":27397,"date":"2026-01-04T17:07:17","date_gmt":"2026-01-04T16:07:17","guid":{"rendered":"https:\/\/snuipp86.fr\/?p=27397"},"modified":"2026-01-06T12:09:54","modified_gmt":"2026-01-06T11:09:54","slug":"quotite-saisissable-sur-salaire","status":"publish","type":"post","link":"https:\/\/snuipp86.fr\/index.php\/2026\/01\/04\/quotite-saisissable-sur-salaire\/","title":{"rendered":"Quotit\u00e9 Saisissable sur salaire ?"},"content":{"rendered":"<p><strong class=\"caractencadre-spip spip\">La \u00ab<small class=\"fine d-inline\">\u00a0<\/small>quotit\u00e9 saisissable<small class=\"fine d-inline\">\u00a0<\/small>\u00bb est la part des revenus que l\u2019administration peut pr\u00e9lever afin de corriger une erreur de trop per\u00e7u.<\/strong><\/p>\n<h2 id=\"Textes-de-Reference\" class=\"spip\"><span style=\"color: #0000ff;\">Textes de R\u00e9f\u00e9rence<\/span><\/h2>\n<ul class=\"spip\" role=\"list\">\n<li>Loi du 24\u00a0ao\u00fbt 1930\u00a0RLR 332-2c<\/li>\n<li>Code du travail articles R145<\/li>\n<li>D 74-37 du 18\u00a0janvier 1974<\/li>\n<li>C 80-476 du 5\u00a0novembre 1980\u00a0RLR 311-0<\/li>\n<li>D 92-755 du 31\u00a0juillet 1992<\/li>\n<li>Code du travail &#8211; Article L3252-3 (version applicable depuis le 01\/01\/2019)<br class=\"manualbr\" \/><a class=\"spip_url spip_out external\" title=\"https:\/\/www.legifrance.gouv.fr\/code... (nouvelle fen\u00eatre)\" href=\"https:\/\/www.legifrance.gouv.fr\/codes\/article_lc\/LEGIARTI000033812428\" target=\"_blank\" rel=\"external noopener noreferrer\">https:\/\/www.legifrance.gouv.fr\/code&#8230;<\/a><\/li>\n<li>Un d\u00e9cret annuel du minist\u00e8re de la Justice fixe le montant de la quotit\u00e9 saisissable\u00a0:<br class=\"manualbr\" \/><a class=\"spip_out external\" title=\"D\u00e9cret n\u00b0\u00a02025-1299 du 24\u00a0d\u00e9cembre 2025 r\u00e9visant le bar\u00e8me des saisies et cessions des r\u00e9mun\u00e9rations (nouvelle fen\u00eatre)\" href=\"https:\/\/www.legifrance.gouv.fr\/jorf\/id\/JORFTEXT000053165121\" target=\"_blank\" rel=\"external noopener noreferrer\">D\u00e9cret n\u00b0\u00a02025-1299 du 24\u00a0d\u00e9cembre 2025 r\u00e9visant le bar\u00e8me des saisies et cessions des r\u00e9mun\u00e9rations<\/a><\/li>\n<\/ul>\n<h2 id=\"Generalites\" class=\"spip\"><span style=\"color: #0000ff;\">G\u00e9n\u00e9ralit\u00e9s<\/span><\/h2>\n<p>Toute somme per\u00e7ue \u00e0 tort est imm\u00e9diatement exigible.<\/p>\n<p><strong>Prescription\u00a0:<\/strong><br class=\"manualbr\" \/>L\u2019administration peut r\u00e9clamer les sommes per\u00e7ues \u00e0 tort pendant 2 ans \u00e0 partir du 1<sup class=\"typo_exposants\">er<\/sup> jour du mois suivant celui de la date de mise en paiement du versement indu. <br class=\"manualbr\" \/>Peu importe que la d\u00e9cision ill\u00e9gale cr\u00e9\u00e9 un avantage financier ou r\u00e9sulte d\u2019une erreur de liquidation ou de paiement. <br class=\"manualbr\" \/>Par exemple, une NBI vers\u00e9e \u00e0 tort depuis le 1<sup class=\"typo_exposants\">er<\/sup>\u00a0mars\u00a02024 peut \u00eatre r\u00e9clam\u00e9e jusqu\u2019au 31\u00a0mars\u00a02026.<br class=\"manualbr\" \/>Le d\u00e9lai de r\u00e9clamation du trop-per\u00e7u est de 5\u00a0ans si l\u2019agent\u00a0:<\/p>\n<ul class=\"spip\" role=\"list\">\n<li>n\u2019a pas inform\u00e9 l\u2019administration du changement de sa situation<\/li>\n<li>ou a fourni des informations inexactes.<\/li>\n<\/ul>\n<p>Si le versement indu a \u00e9t\u00e9 fait en raison d\u2019une d\u00e9cision ill\u00e9gale relative \u00e0 une nomination dans un grade, l\u2019administration ne peut demander le remboursement du trop per\u00e7u que pendant 4\u00a0mois.<\/p>\n<p>La circulaire du 5\u00a0novembre 1980 rappelle les conditions de recouvrement des r\u00e9mun\u00e9rations ind\u00fbment per\u00e7ues et indique de trouver une solution au probl\u00e8me pos\u00e9 par une cr\u00e9ance qui impliquerait une retenue sup\u00e9rieure \u00e0 la quotit\u00e9 saisissable.<\/p>\n<h2 id=\"Plus-d-infos-sur-le-site-Service-public-fr\" class=\"spip\"><span style=\"color: #0000ff;\">Plus d\u2019infos sur le site Service public.fr<\/span><\/h2>\n<ul class=\"spip\" role=\"list\">\n<li>Article sur les trop-per\u00e7us de r\u00e9mun\u00e9ration :\u00a0<a class=\"spip_url spip_out external\" title=\"https:\/\/www.service-public.fr\/parti... (nouvelle fen\u00eatre)\" href=\"https:\/\/www.service-public.fr\/particuliers\/vosdroits\/F31441\" target=\"_blank\" rel=\"external noopener noreferrer\">https:\/\/www.service-public.fr\/parti&#8230;<\/a><\/li>\n<li>Article sur la quotit\u00e9 saisissable :\u00a0<a class=\"spip_url spip_out external\" title=\"https:\/\/www.service-public.fr\/parti... (nouvelle fen\u00eatre)\" href=\"https:\/\/www.service-public.fr\/particuliers\/vosdroits\/F115\" target=\"_blank\" rel=\"external noopener noreferrer\">https:\/\/www.service-public.fr\/parti&#8230;<\/a><\/li>\n<\/ul>\n<h2 id=\"Calculs\" class=\"spip\"><span style=\"color: #0000ff;\">Calculs<\/span><\/h2>\n<table class=\"table spip\">\n<thead>\n<tr class=\"row_first\">\n<th id=\"id8670_c0\" colspan=\"2\"><center>Proportion de la quotit\u00e9 saisissable <br class=\"manualbr\" \/>selon la tranche du salaire net annuel<\/center><\/th>\n<\/tr>\n<\/thead>\n<tbody>\n<tr class=\"row_odd odd\">\n<td headers=\"id8670_c0\">1\/20 pour la tranche<\/td>\n<td><center>\u2264\u00a04\u00a0480\u00a0\u20ac<\/center><\/td>\n<\/tr>\n<tr class=\"row_even even\">\n<td headers=\"id8670_c0\">1\/10 pour la tranche<\/td>\n<td><center>&gt;\u00a04\u00a0480\u00a0\u20ac\u00a0et\u00a0\u2264\u00a08\u00a0730\u00a0\u20ac<\/center><\/td>\n<\/tr>\n<tr class=\"row_odd odd\">\n<td headers=\"id8670_c0\">1\/5 pour la tranche<\/td>\n<td><center>&gt;\u00a08\u00a0730\u00a0\u20ac\u00a0et\u00a0\u2264\u00a013\u00a0000\u00a0\u20ac<\/center><\/td>\n<\/tr>\n<tr class=\"row_even even\">\n<td headers=\"id8670_c0\">1\/4 pour la tranche<\/td>\n<td><center>&gt;\u00a013\u00a0000\u00a0\u20ac\u00a0et\u00a0\u2264\u00a017\u00a0230\u00a0\u20ac<\/center><\/td>\n<\/tr>\n<tr class=\"row_odd odd\">\n<td headers=\"id8670_c0\">1\/3 pour la tranche<\/td>\n<td><center>&gt;\u00a017\u00a0230\u00a0\u20ac\u00a0et\u00a0\u2264\u00a021\u00a0470\u00a0\u20ac<\/center><\/td>\n<\/tr>\n<tr class=\"row_even even\">\n<td headers=\"id8670_c0\">2\/3 pour la tranche<\/td>\n<td><center>&gt;\u00a021\u00a0470\u00a0\u20ac\u00a0et\u00a0\u2264\u00a025\u00a0810\u00a0\u20ac<\/center><\/td>\n<\/tr>\n<tr class=\"row_odd odd\">\n<td headers=\"id8670_c0\">La totalit\u00e9 sur la tranche<\/td>\n<td><center>&gt;\u00a025\u00a0810\u00a0\u20ac<\/center><\/td>\n<\/tr>\n<\/tbody>\n<\/table>\n<p>La retenue sur salaire se calcule sur la r\u00e9mun\u00e9ration nette annuelle per\u00e7ue par le salari\u00e9 (certaines prestations ne sont pas cessibles).<\/p>\n<p><strong>Attention\u00a0: depuis le 1<sup class=\"typo_exposants\">er<\/sup>\u00a0janvier 2019, le calcul s\u2019effectue apr\u00e8s d\u00e9duction du pr\u00e9l\u00e8vement \u00e0 la source (PAS) des imp\u00f4ts sur le revenu.<\/strong><\/p>\n<p>La proportionnalit\u00e9 s\u2019applique \u00e0 des tranches successives du salaire, et non \u00e0 la globalit\u00e9 du salaire, il n\u2019y a donc pas proportionnalit\u00e9 int\u00e9grale d\u2019une valeur donn\u00e9e.<\/p>\n<p>Chaque tranche est d\u2019environ\u00a04\u00a0240\u00a0\u20ac\u00a0jusqu\u2019\u00e0 un plafond de 25\u00a0810\u00a0\u20ac.<br class=\"manualbr\" \/>Chaque tranche est major\u00e9e de 1\u00a0740\u00a0\u20ac par personne \u00e0 charge.<\/p>\n<p>Il doit \u00eatre laiss\u00e9 au salari\u00e9 saisi une somme au moins \u00e9gale au montant du RSA\u00a0: 646,52\u00a0\u20ac\/mois au 01\/04\/2025 (hors correctifs pour charges de famille).<br class=\"autobr\" \/>Voir sur le site de la CAF\u00a0: <a class=\"spip_url spip_out external\" title=\"https:\/\/www.caf.fr\/allocataires\/aid... (nouvelle fen\u00eatre)\" href=\"https:\/\/www.caf.fr\/allocataires\/aides-et-demarches\/droits-et-prestations\/vie-professionnelle\/le-revenu-de-solidarite-active-rsa\" target=\"_blank\" rel=\"external noopener noreferrer\">https:\/\/www.caf.fr\/allocataires\/aid&#8230;<\/a><\/p>\n<h2><span style=\"color: #0000ff;\">Recours possible ?<\/span><\/h2>\n<p><strong>Le trop per\u00e7u n\u2019\u00e9tant pas le fait des coll\u00e8gues, mais des carences de l\u2019administration, il est possible de demander le versement d\u2019une indemnit\u00e9 au titre du pr\u00e9judice subi, sur la base de l\u2019arr\u00eat du Conseil d\u2019Etat en date du 16 d\u00e9cembre 2009 L\u2019Anthoen (req. n\u00b0 314907), jugeant que la perception prolong\u00e9e de sommes ind\u00fbment vers\u00e9es est \u00ab principalement imputable \u00e0 la carence de l\u2019administration \u00bb.<\/strong><\/p>\n<p class=\"spip\">Vous trouverez ci-apr\u00e8s les mod\u00e8les de recours \u00e0 utiliser et la proc\u00e9dure \u00e0 suivre.<\/p>\n<p><strong>La d\u00e9marche doit se faire en deux temps\u00a0:<\/strong><\/p>\n<p><span class=\"spip-puce ltr\"><b>\u2013<\/b><\/span> a) D\u00e9poser une demande indemnitaire pr\u00e9alable, adress\u00e9e \u00e0 l&rsquo;IA-DASEN, en recommand\u00e9 avec accus\u00e9 de r\u00e9ception (mod\u00e8le de demande indemnitaire pr\u00e9alable ci-dessous) ;<\/p>\n<p><span class=\"spip-puce ltr\"><b>\u2013<\/b><\/span>\u00a0b) Apr\u00e8s accomplissement de cette premi\u00e8re formalit\u00e9, en cas de rejet de la demande pr\u00e9alable, solliciter du Tribunal administratif, l\u2019annulation de la d\u00e9cision de rejet du recours gracieux et la condamnation de l\u2019Etat \u00e0 verser une indemnisation (voir mod\u00e8le recours au TA ci-dessous).<\/p>\n<p><strong>Pour rappel\u00a0:<\/strong><\/p>\n<p><span class=\"spip-puce ltr\"><b>\u2013<\/b><\/span> En cas de d\u00e9cision expresse de refus (courrier de r\u00e9ponse n\u00e9gatif de l&rsquo;IA-DASEN), le recours devra \u00eatre form\u00e9 dans un d\u00e9lai de deux mois \u00e0 compter de sa notification ;<\/p>\n<p><span class=\"spip-puce ltr\"><b>\u2013<\/b><\/span>\u00a0En cas de non r\u00e9ponse de l\u2019administration pass\u00e9 un d\u00e9lai de deux mois suivant la r\u00e9ception de la demande pr\u00e9alable, de m\u00eame aller au Tribunal administratif dans un d\u00e9lai de 2 mois (il s\u2019agit alors d\u2019une d\u00e9cision implicite de refus n\u00e9e de ce silence).<\/p>\n<p>Le dossier complet, comprenant toutes les pi\u00e8ces, devra \u00eatre envoy\u00e9 en 4 exemplaires au tribunal administratif, avec un timbre fiscal de 35 \u20ac.<\/p>\n<h3 class=\"spip\"><span style=\"color: #ff0000;\">MODELE DE DEMANDE INDEMNITAIRE PREALABLE<\/span><\/h3>\n<p>Coordonn\u00e9es de l\u2019agent<br class=\"autobr\" \/>Nom, pr\u00e9nom, adresse<\/p>\n<p>Monsieur le directeur acad\u00e9mique<br class=\"autobr\" \/>des services de l\u2019\u00e9ducation nationale <br class=\"autobr\" \/>de<br class=\"autobr\" \/>Adresse<\/p>\n<p>Date<\/p>\n<p>Envoi par lettre recommand\u00e9e avec accus\u00e9 de r\u00e9ception n\u00b0\u00a0[\u00e0 compl\u00e9ter]<\/p>\n<p>Objet\u00a0: Demande indemnitaire pr\u00e9alable<\/p>\n<p>Monsieur le directeur acad\u00e9mique,<\/p>\n<p>Par un courrier en date du , il m\u2019a \u00e9t\u00e9 indiqu\u00e9 par que je percevais ind\u00fbment une indemnit\u00e9 d\u2019un montant mensuel de depuis le [\u00e0 compl\u00e9ter].<\/p>\n<p>Ainsi, il m\u2019a \u00e9t\u00e9 demand\u00e9 le remboursement de cette somme, par pr\u00e9l\u00e8vement mensuel de [\u00e0 compl\u00e9ter] sur mon salaire, sur la base de la quotit\u00e9 saisissable (production n\u00b0\u00a01).<\/p>\n<p>Depuis, mon salaire mensuel se trouve diminu\u00e9, chaque mois, de [\u00e0 compl\u00e9ter] (production n\u00b0\u00a02).<\/p>\n<p>Toutefois, cette situation me cause un pr\u00e9judice indemnisable et ce, \u00e0 deux titres\u00a0:<\/p>\n<p>A) une partie des cr\u00e9ances dont se pr\u00e9vaut votre Administration ne pouvait faire l\u2019objet d\u2019un titre de perception d\u00e8s lors qu\u2019elles \u00e9taient prescrites et que les pr\u00e9l\u00e8vements correspondants \u00e9taient donc ill\u00e9gaux (1),<\/p>\n<p>B) pour l\u2019autre partie des cr\u00e9ances dont se pr\u00e9vaut votre Administration, non prescrites, le titre de recettes concernant la perception des sommes indues rel\u00e8ve d\u2019une carence de l\u2019Administration dont je ne peux assumer seul les cons\u00e9quences (2).<\/p>\n<p>1. J\u2019attire tout d\u2019abord votre attention sur la circonstance que, concernant les indemnit\u00e9s ind\u00fbment per\u00e7ues du au (production n\u00b0\u00a03), vos services m\u2019ont r\u00e9clam\u00e9 le remboursement de cr\u00e9ances qui \u00e9taient en r\u00e9alit\u00e9 \u00e9teintes par le jeu de la prescription.<\/p>\n<p>En effet, l\u2019article 37-1 de la loi n\u00b02000-321 du 28 d\u00e9cembre 2011 relative aux droits des citoyens dans leurs relations avec les administrations dispose que\u00a0:<\/p>\n<p>\u00ab\u00a0Les cr\u00e9ances r\u00e9sultant de paiements indus effectu\u00e9s par les personnes publiques en mati\u00e8re de r\u00e9mun\u00e9ration de leurs agents peuvent \u00eatre r\u00e9p\u00e9t\u00e9es dans un d\u00e9lai de deux ann\u00e9es \u00e0 compter du premier jour du mois suivant celui de la date de mise en paiement du versement erron\u00e9, y compris lorsque ces cr\u00e9ances ont pour origine une d\u00e9cision cr\u00e9atrice de droits irr\u00e9guli\u00e8re devenue d\u00e9finitive.[\u2026]\u00a0\u00bb.<\/p>\n<p>Ainsi, alors qu\u2019\u00e0 la date du titre de recettes \u00e9mis par votre Administration<br class=\"autobr\" \/>(production n\u00b01), les indemnit\u00e9s concern\u00e9es m\u2019avaient \u00e9t\u00e9 vers\u00e9es depuis plus de deux ans (production n\u00b03), vos services ne pouvaient donc pas \u00e9mettre de titre sur ces sommes.<\/p>\n<p>Cette faute de vos services a entra\u00een\u00e9 un pr\u00e9judice financier et je sollicite donc le remboursement complet de ces sommes soit [\u00e0 compl\u00e9ter].<\/p>\n<p>2. Pour ce qui est des cr\u00e9ances non \u00e9teintes par le jeu de la prescription, soit celles correspondantes aux indemnit\u00e9s per\u00e7ues du au (production n\u00b03), il faut rappeler que le Conseil d\u2019Etat a jug\u00e9, par un arr\u00eat en date du 16 d\u00e9cembre 2009 L\u2019Anthoen (req. n\u00b0\u00a0314907), que la perception prolong\u00e9e de sommes ind\u00fbment vers\u00e9es est \u00ab\u00a0principalement imputable \u00e0 la carence de l\u2019administration\u00a0\u00bb.<\/p>\n<p>En cons\u00e9quence de quoi, je sollicite aujourd\u2019hui de votre part la r\u00e9paration du pr\u00e9judice que cette situation a engendr\u00e9.<\/p>\n<p>En effet, les sommes aujourd\u2019hui retenues mensuellement par l\u2019administration sur ma r\u00e9mun\u00e9ration ont pour effet de r\u00e9duire consid\u00e9rablement le niveau de vie de mon foyer.<\/p>\n<p>Cette situation n\u2019est pas sans occasionner des troubles certains dans mes conditions d\u2019existence.<\/p>\n<p>[A pr\u00e9ciser\u00a0: A l\u2019appui de cette argumentation, il conviendrait que les agents fassent part, le cas \u00e9ch\u00e9ant, des remboursements de pr\u00eats dont ils doivent s\u2019acquitter et pour lesquels les \u00e9ch\u00e9ances ont \u00e9t\u00e9 calcul\u00e9es \u00e0 partir de leurs anciens revenus, de leur nombre d\u2019enfants, du montant \u00e9ventuel de leur loyer (etc\u2026), et ceci afin de d\u00e9montrer la gravit\u00e9 de la situation caus\u00e9e.]<\/p>\n<p>C\u2019est pourquoi, cette baisse de r\u00e9mun\u00e9ration \u00e9tant directement caus\u00e9e par la carence de vos services pendant la p\u00e9riode du au (production n\u00b03), pour des cr\u00e9ances non \u00e9teintes par la prescription de deux ann\u00e9es de l\u2019article 37-1 de la loi n\u00b02000-321 du 12 avril 2000 pr\u00e9cit\u00e9, je sollicite le versement d\u2019une indemnit\u00e9 d\u2019un montant de [\u00e0 compl\u00e9ter], et ceci afin de r\u00e9parer les troubles que ce comportement a caus\u00e9 dans mes conditions d\u2019existence.<\/p>\n<p>[Pour information\u00a0: le montant de l\u2019indemnit\u00e9 r\u00e9clam\u00e9e pourrait par exemple \u00eatre fix\u00e9 aux 2\/3 des sommes r\u00e9clam\u00e9es par l\u2019Administration]<\/p>\n<p>Vous souhaitant bonne r\u00e9ception de la pr\u00e9sente et vous remerciant par avance pour la r\u00e9ponse favorable que vous voudrez bien apporter \u00e0 cette demande indemnitaire, je vous prie de recevoir, Monsieur le Ministre, mes salutations les plus respectueuses.<\/p>\n<p>Signature de l\u2019agent<\/p>\n<p>PRODUCTIONS\u00a0:<\/p>\n<p>I- D\u00e9cision imposant le remboursement des sommes trop per\u00e7ues (courrier notifiant le trop per\u00e7u et la d\u00e9cision imposant le pr\u00e9l\u00e8vement)\u00a0;<\/p>\n<p>II- Bulletin de salaires depuis le mois pr\u00e9c\u00e9dant la premi\u00e8re retenue\u00a0;<\/p>\n<p>III- Bulletin de salaires comportant les avantages ind\u00fbment per\u00e7us.<\/p>\n<h3 class=\"spip\"><span style=\"color: #ff0000;\">MODELE DE RECOURS<\/span><\/h3>\n<p>TRIBUNAL ADMINISTRATIF DE [\u00e0 compl\u00e9ter]<\/p>\n<p>REQUETE ET MEMOIRE<\/p>\n<p>&nbsp;<\/p>\n<p><i>Pour\u00a0: NOM, pr\u00e9nom, adresse\u00a0;<\/i><\/p>\n<p>Contre\u00a0: la d\u00e9cision en date du du Directeur acad\u00e9mique du d\u00e9partement de \u2026&#8230;&#8230;&#8230;&#8230;&#8230;&#8230;&#8230;., me refusant le versement d\u2019une somme de en r\u00e9paration des pr\u00e9judices caus\u00e9s par les fautes de l\u2019administration du fait de l\u2019\u00e9mission d\u2019un titre de perception en date du \u00a0;<\/p>\n<p>EXPOSE<\/p>\n<p>1- RAPPEL DES FAITS<\/p>\n<p>Par un courrier en date du , il m\u2019a \u00e9t\u00e9 indiqu\u00e9 par que je percevais ind\u00fbment une indemnit\u00e9 d\u2019un montant mensuel de .<\/p>\n<p>Ainsi, il m\u2019a \u00e9t\u00e9 demand\u00e9 le remboursement de cette somme, par pr\u00e9l\u00e8vements mensuels de [\u00e0 compl\u00e9ter] sur mon salaire, sur la base de la quotit\u00e9 saisissable (production n\u00b0\u00a01).<\/p>\n<p>Depuis, mon salaire mensuel se trouve diminu\u00e9, chaque mois, de [\u00e0 compl\u00e9ter] (production n\u00b0\u00a02).<\/p>\n<p>Compte tenu de ce que cette diminution mensuelle de ma r\u00e9mun\u00e9ration a \u00e9t\u00e9 caus\u00e9e, d\u2019une part, par une erreur de droit de l\u2019Administration dans l\u2019application des r\u00e8gles de prescription de ses cr\u00e9ances sur la p\u00e9riode du au et, d\u2019autre part, par l\u2019erreur de liquidation commise par les services de l\u2019Etat, pendant la p\u00e9riode du au , j\u2019ai sollicit\u00e9 du Directeur acad\u00e9mique du d\u00e9partement de \u2026&#8230;&#8230;&#8230;&#8230;&#8230;&#8230;&#8230;., par une demande indemnitaire pr\u00e9alable en date du (production n\u00b0\u00a04) re\u00e7ue le (production n\u00b0\u00a05) le versement d\u2019une somme de [\u00e0 compl\u00e9ter] visant \u00e0 la r\u00e9paration de mon pr\u00e9judice.<\/p>\n<p>Toutefois, par une d\u00e9cision du , cette demande a \u00e9t\u00e9 rejet\u00e9e.<\/p>\n<p>Dans ces conditions, je sollicite du Tribunal de c\u00e9ans, par la pr\u00e9sente requ\u00eate\u00a0:<\/p>\n<p>A. d\u2019une part, l\u2019annulation de la d\u00e9cision de rejet du \u00a0;<\/p>\n<p>B. d\u2019autre part, la condamnation de l\u2019Etat \u00e0 me verser la somme de [\u00e0 compl\u00e9ter] en r\u00e9paration des pr\u00e9judices subis.<\/p>\n<p>2- DISCUSSION<\/p>\n<p>Compte tenu de ce que le comportement des services de l\u2019Etat s\u2019agissant de la liquidation de ma r\u00e9mun\u00e9ration constitue une faute de nature \u00e0 engager sa responsabilit\u00e9 (A), le pr\u00e9judice financier que j\u2019ai subi ainsi que les troubles caus\u00e9s dans mes conditions d\u2019existence devront \u00eatre r\u00e9par\u00e9s (B).<\/p>\n<p>Sur la responsabilit\u00e9 de l\u2019Etat<\/p>\n<p>Pendant , il m\u2019a \u00e9t\u00e9 vers\u00e9, chaque mois, une somme de , au titre de [pr\u00e9ciser selon les affaires] (production n\u00b0\u00a01).<\/p>\n<p>Toutefois, j\u2019ai \u00e9t\u00e9 inform\u00e9 le [date] de ce que, durant cette p\u00e9riode, cette somme m\u2019aurait \u00e9t\u00e9 indument vers\u00e9e.<\/p>\n<p>C\u2019est ainsi que, comme expos\u00e9 pr\u00e9c\u00e9demment, il a \u00e9t\u00e9 d\u00e9cid\u00e9 par l\u2019Administration du remboursement d\u2019une somme totale de [\u00e0 compl\u00e9ter], selon les modalit\u00e9s suivantes\u00a0:<\/p>\n<p>[\u00e0 compl\u00e9ter selon les agents] (production n\u00b0\u00a01).<\/p>\n<p>Ce faisant, les services de l\u2019Etat ont commis deux fautes susceptibles d\u2019engager la responsabilit\u00e9 de l\u2019Etat.<\/p>\n<p>A. une partie des cr\u00e9ances dont se pr\u00e9vaut l\u2019Administration ne pouvaient faire l\u2019objet d\u2019un titre de perception d\u00e8s lors qu\u2019elles \u00e9taient prescrites et que les pr\u00e9l\u00e8vements correspondants \u00e9taient donc ill\u00e9gaux (A-1),<\/p>\n<p>B. quant \u00e0 l\u2019autre partie, non prescrite, le titre de recettes concernant la perception des sommes indues rel\u00e8ve d\u2019une carence de l\u2019Administration dont elle doit assumer les cons\u00e9quences (A-2).<\/p>\n<p>A-1) Sur la m\u00e9connaissance de r\u00e8gles relatives \u00e0 la prescription des cr\u00e9ances de l\u2019Administration<\/p>\n<p>Il faut tout d\u2019abord souligner que concernant les indemnit\u00e9s indument per\u00e7ues du au (production n\u00b0\u00a03), les services de l\u2019Etat ont en r\u00e9alit\u00e9 r\u00e9clam\u00e9 le remboursement de cr\u00e9ances qui \u00e9taient atteintes par la prescription.<\/p>\n<p>En effet, l\u2019article 37-1 de la loi n\u00b02000-321 du 28 d\u00e9cembre 2011 relative aux droits des citoyens dans leurs relations avec les administrations dispose que\u00a0:<\/p>\n<p>\u00ab\u00a0Les cr\u00e9ances r\u00e9sultant de paiements indus effectu\u00e9s par les personnes publiques en mati\u00e8re de r\u00e9mun\u00e9ration de leurs agents peuvent \u00eatre r\u00e9p\u00e9t\u00e9es dans un d\u00e9lai de deux ann\u00e9es \u00e0 compter du premier jour du mois suivant celui de la date de mise en paiement du versement erron\u00e9, y compris lorsque ces cr\u00e9ances ont pour origine une d\u00e9cision cr\u00e9atrice de droits irr\u00e9guli\u00e8re devenue d\u00e9finitive.[\u2026]\u00a0\u00bb.<\/p>\n<p>Ainsi, alors qu\u2019\u00e0 la date du titre de perception \u00e9mis par l\u2019Administration<br class=\"autobr\" \/>(production n\u00b01), les indemnit\u00e9s concern\u00e9es avaient d\u00e9j\u00e0 \u00e9t\u00e9 pay\u00e9es depuis plus de deux ans (production n\u00b03), les services de l\u2019Etat ne pouvaient donc pas \u00e9mettre de titre sur ces sommes.<\/p>\n<p>Cette faute est de nature \u00e0 engager la responsabilit\u00e9 de l\u2019Etat.<\/p>\n<p>A-2) Sur la carence des services de l\u2019Etat<\/p>\n<p>En outre et pour ce qui est des cr\u00e9ances non atteintes par la prescription, soit celles correspondant aux indemnit\u00e9s per\u00e7us du au (production n\u00b03), il faut rappeler que bien que le versement des indemnit\u00e9s en cause ait proc\u00e9d\u00e9 d\u2019une erreur de liquidation, celle-ci ne m\u2019est toutefois pas imputable, et ceci dans la mesure o\u00f9 la ma\u00eetrise du versement de ma r\u00e9mun\u00e9ration appartient \u00e0 mon employeur.<\/p>\n<p>A cet \u00e9gard, le Conseil d\u2019Etat, dans un arr\u00eat L\u2019Anthoen (req. n\u00b0\u00a0314907) en date du 16 d\u00e9cembre 2009, a d\u2019ailleurs jug\u00e9 que\u00a0la perception prolong\u00e9e de sommes indument vers\u00e9es au requ\u00e9rant dans cette affaire \u00e9tait \u00ab\u00a0principalement imputable \u00e0 la carence de l\u2019administration\u00a0\u00bb, et ceci nonobstant le fait que, en l\u2019esp\u00e8ce, l\u2019agent avait \u00e9t\u00e9 inform\u00e9 neuf ans avant de cesser de percevoir l\u2019indemnit\u00e9 qui lui a \u00e9t\u00e9 indument vers\u00e9e jusqu\u2019en 2006, de ce qu\u2019il ne saurait pr\u00e9tendre \u00e0 son b\u00e9n\u00e9fice.<\/p>\n<p>D\u00e8s lors, parce qu\u2019un tel comportement est constitutif d\u2019une faute de l\u2019administration de nature \u00e0 engager sa responsabilit\u00e9, le Conseil d\u2019Etat, dans ce m\u00eame arr\u00eat, a consid\u00e9r\u00e9 que\u00a0:<\/p>\n<p>\u00ab\u00a0il sera fait une juste appr\u00e9ciation du pr\u00e9judice subi par le requ\u00e9rant en ramenant le montant du titre de perception \u00e9mis \u00e0 son encontre au tiers de la somme r\u00e9clam\u00e9e\u00a0\u00bb.<\/p>\n<p>Il r\u00e9sulte de cette jurisprudence que, dans pareille situation, le comportement de l\u2019administration qui n\u2019a pas d\u00e9cel\u00e9 sa propre erreur de liquidation alors pourtant que le versement des traitements rel\u00e8ve de sa comp\u00e9tence, doit \u00eatre regard\u00e9 comme une faute de nature \u00e0 engager sa responsabilit\u00e9.<\/p>\n<p>D\u00e8s lors, en l\u2019esp\u00e8ce, le Tribunal ne pourra que relever que les services de l\u2019Etat, en me versant chaque mois pendant , ont, de par leur carence, commis une faute de nature \u00e0 entra\u00eener r\u00e9paration de mon pr\u00e9judice.<\/p>\n<p>D\u2019o\u00f9 il suit \u00e9galement que c\u2019est \u00e0 tort que le Ministre de l\u2019Education nationale, de la jeunesse et de la vie associative a rejet\u00e9 ma demande indemnitaire pr\u00e9alable.<\/p>\n<p>Sur la r\u00e9paration de mon pr\u00e9judice<\/p>\n<p>L\u2019attitude fautive de l\u2019Administration a engendr\u00e9 deux chefs de pr\u00e9judice qui devront \u00eatre indemnis\u00e9s.<\/p>\n<p>Tout d\u2019abord, en m\u00e9connaissant les r\u00e8gles relatives \u00e0 la prescription, les services de l\u2019Etat ont r\u00e9clam\u00e9 le remboursement de la somme de [\u00e0 compl\u00e9ter] pour des cr\u00e9ances qui \u00e9taient pourtant prescrites.<\/p>\n<p>Cette faute des services de l\u2019Etat a entra\u00een\u00e9 un pr\u00e9judice financier et je sollicite donc le remboursement complet de ces sommes soit la somme de [\u00e0 compl\u00e9ter].<\/p>\n<p>Ensuite, et concernant les cr\u00e9ances non prescrites,une somme de [\u00e0 compl\u00e9ter]\u00a0est d\u00e9sormais d\u00e9duite chaque mois de ma r\u00e9mun\u00e9ration du fait de la carence des services de l\u2019Etat.<\/p>\n<p>Il s\u2019agit l\u00e0 d\u2019un montant important qui a pour effet de r\u00e9duire consid\u00e9rablement les revenus dont dispose mon foyer.<\/p>\n<p>Cette situation n\u2019est pas sans occasionner des troubles certains dans mes conditions d\u2019existence.<\/p>\n<p>A pr\u00e9ciser\u00a0: A l\u2019appui de cette argumentation, il conviendrait que les agents fassent part, le cas \u00e9ch\u00e9ant, des remboursements de pr\u00eats dont ils doivent s\u2019acquitter et pour lesquels les \u00e9ch\u00e9ances ont \u00e9t\u00e9 calcul\u00e9es \u00e0 partir de leurs anciens revenus, de leur nombre d\u2019enfants, du montant \u00e9ventuel de leur loyer (etc\u2026), et ceci afin de d\u00e9montrer la gravit\u00e9 de la situation caus\u00e9e.<\/p>\n<p>D\u00e8s lors, il sera fait une juste appr\u00e9ciation de mon pr\u00e9judice en condamnant l\u2019Etat \u00e0 me verser la somme de , laquelle correspond .<\/p>\n<p>********************<\/p>\n<p>PAR CES MOTIFS<\/p>\n<p>Et tous autres \u00e0 produire, d\u00e9duire ou suppl\u00e9er, au besoin d\u2019office,<\/p>\n<p>Je conclus qu\u2019il plaise au Tribunal administratif de c\u00e9ans de bien vouloir\u00a0:<\/p>\n<p>ANNULER la d\u00e9cision du me refusant le versement d\u2019une somme de en r\u00e9paration des pr\u00e9judices subis du fait du comportement fautif de l\u2019Administration\u00a0;<br class=\"autobr\" \/>CONDAMNER l\u2019Etat \u00e0 me verser la somme de [\u00e0 compl\u00e9ter] en r\u00e9paration des troubles caus\u00e9s par l\u2019administration dans mes conditions d\u2019existence\u00a0et de mon pr\u00e9judice financier\u00a0;<\/p>\n<p>Fait \u00e0 , le<\/p>\n<p>Signature de l\u2019agent<\/p>\n<p>PRODUCTIONS\u00a0:<\/p>\n<p>D\u00e9cision imposant le remboursement des sommes trop per\u00e7ues (courrier notifiant le trop per\u00e7u et la d\u00e9cision imposant le pr\u00e9l\u00e8vement)\u00a0;<\/p>\n<p>Bulletin de salaires depuis le mois pr\u00e9c\u00e9dent la premi\u00e8re retenue\u00a0;<br class=\"autobr\" \/><br class=\"autobr\" \/>Bulletins de salaires comportant les avantages ind\u00fbment per\u00e7us\u00a0;<\/p>\n<p>Demande indemnitaire pr\u00e9alable en date du [\u00e0 compl\u00e9ter]\u00a0;<\/p>\n<p>Copie de l\u2019accus\u00e9 de r\u00e9ception de la demande indemnitaire pr\u00e9alable\u00a0;<\/p>\n<p>Le cas \u00e9ch\u00e9ant\u00a0: copie de la d\u00e9cision expresse de rejet<\/p>\n","protected":false},"excerpt":{"rendered":"<p>La \u00ab\u00a0quotit\u00e9 saisissable\u00a0\u00bb est la part des revenus que l\u2019administration peut pr\u00e9lever afin de corriger une erreur de trop per\u00e7u. Textes de R\u00e9f\u00e9rence Loi du 24\u00a0ao\u00fbt 1930\u00a0RLR 332-2c Code du travail articles R145 D 74-37 du 18\u00a0janvier 1974 C 80-476 du 5\u00a0novembre 1980\u00a0RLR 311-0 D 92-755 du 31\u00a0juillet 1992 Code du travail &#8211; Article L3252-3 (version [&hellip;]<\/p>\n","protected":false},"author":4,"featured_media":0,"comment_status":"closed","ping_status":"closed","sticky":false,"template":"","format":"standard","meta":{"footnotes":""},"categories":[14],"tags":[22,30],"class_list":["post-27397","post","type-post","status-publish","format-standard","hentry","category-a-la-une","tag-droits-des-personnels","tag-salaire"],"yoast_head":"<!-- This site is optimized with the Yoast SEO plugin v26.6 - https:\/\/yoast.com\/wordpress\/plugins\/seo\/ -->\n<title>Quotit\u00e9 Saisissable sur salaire ? - FSU-SNUipp 86<\/title>\n<meta name=\"robots\" content=\"index, follow, max-snippet:-1, max-image-preview:large, max-video-preview:-1\" \/>\n<link rel=\"canonical\" href=\"https:\/\/snuipp86.fr\/index.php\/2026\/01\/04\/quotite-saisissable-sur-salaire\/\" \/>\n<meta property=\"og:locale\" content=\"fr_FR\" \/>\n<meta property=\"og:type\" content=\"article\" \/>\n<meta property=\"og:title\" content=\"Quotit\u00e9 Saisissable sur salaire ? - FSU-SNUipp 86\" \/>\n<meta property=\"og:description\" content=\"La \u00ab\u00a0quotit\u00e9 saisissable\u00a0\u00bb est la part des revenus que l\u2019administration peut pr\u00e9lever afin de corriger une erreur de trop per\u00e7u. Textes de R\u00e9f\u00e9rence Loi du 24\u00a0ao\u00fbt 1930\u00a0RLR 332-2c Code du travail articles R145 D 74-37 du 18\u00a0janvier 1974 C 80-476 du 5\u00a0novembre 1980\u00a0RLR 311-0 D 92-755 du 31\u00a0juillet 1992 Code du travail &#8211; Article L3252-3 (version [&hellip;]\" \/>\n<meta property=\"og:url\" content=\"https:\/\/snuipp86.fr\/index.php\/2026\/01\/04\/quotite-saisissable-sur-salaire\/\" \/>\n<meta property=\"og:site_name\" content=\"FSU-SNUipp 86\" \/>\n<meta property=\"article:published_time\" content=\"2026-01-04T16:07:17+00:00\" \/>\n<meta property=\"article:modified_time\" content=\"2026-01-06T11:09:54+00:00\" \/>\n<meta property=\"og:image\" content=\"https:\/\/snuipp86.fr\/wp-content\/uploads\/2021\/06\/Fiche-de-paye.jpg\" \/>\n\t<meta property=\"og:image:width\" content=\"450\" \/>\n\t<meta property=\"og:image:height\" content=\"300\" \/>\n\t<meta property=\"og:image:type\" content=\"image\/jpeg\" \/>\n<meta name=\"author\" content=\"Matthieu Menaut\" \/>\n<meta name=\"twitter:card\" content=\"summary_large_image\" \/>\n<meta name=\"twitter:label1\" content=\"\u00c9crit par\" \/>\n\t<meta name=\"twitter:data1\" content=\"Matthieu Menaut\" \/>\n\t<meta name=\"twitter:label2\" content=\"Dur\u00e9e de lecture estim\u00e9e\" \/>\n\t<meta name=\"twitter:data2\" content=\"15 minutes\" \/>\n<script type=\"application\/ld+json\" class=\"yoast-schema-graph\">{\"@context\":\"https:\/\/schema.org\",\"@graph\":[{\"@type\":\"WebPage\",\"@id\":\"https:\/\/snuipp86.fr\/index.php\/2026\/01\/04\/quotite-saisissable-sur-salaire\/\",\"url\":\"https:\/\/snuipp86.fr\/index.php\/2026\/01\/04\/quotite-saisissable-sur-salaire\/\",\"name\":\"Quotit\u00e9 Saisissable sur salaire ? - FSU-SNUipp 86\",\"isPartOf\":{\"@id\":\"https:\/\/snuipp86.fr\/#website\"},\"datePublished\":\"2026-01-04T16:07:17+00:00\",\"dateModified\":\"2026-01-06T11:09:54+00:00\",\"author\":{\"@id\":\"https:\/\/snuipp86.fr\/#\/schema\/person\/5a96b33672b90a1385fd0b096fd5ebcb\"},\"breadcrumb\":{\"@id\":\"https:\/\/snuipp86.fr\/index.php\/2026\/01\/04\/quotite-saisissable-sur-salaire\/#breadcrumb\"},\"inLanguage\":\"fr-FR\",\"potentialAction\":[{\"@type\":\"ReadAction\",\"target\":[\"https:\/\/snuipp86.fr\/index.php\/2026\/01\/04\/quotite-saisissable-sur-salaire\/\"]}]},{\"@type\":\"BreadcrumbList\",\"@id\":\"https:\/\/snuipp86.fr\/index.php\/2026\/01\/04\/quotite-saisissable-sur-salaire\/#breadcrumb\",\"itemListElement\":[{\"@type\":\"ListItem\",\"position\":1,\"name\":\"Accueil\",\"item\":\"https:\/\/snuipp86.fr\/\"},{\"@type\":\"ListItem\",\"position\":2,\"name\":\"Quotit\u00e9 Saisissable sur salaire ?\"}]},{\"@type\":\"WebSite\",\"@id\":\"https:\/\/snuipp86.fr\/#website\",\"url\":\"https:\/\/snuipp86.fr\/\",\"name\":\"FSU-SNUipp 86\",\"description\":\"Des id\u00e9es qui font l&#039;\u00e9cole\",\"potentialAction\":[{\"@type\":\"SearchAction\",\"target\":{\"@type\":\"EntryPoint\",\"urlTemplate\":\"https:\/\/snuipp86.fr\/?s={search_term_string}\"},\"query-input\":{\"@type\":\"PropertyValueSpecification\",\"valueRequired\":true,\"valueName\":\"search_term_string\"}}],\"inLanguage\":\"fr-FR\"},{\"@type\":\"Person\",\"@id\":\"https:\/\/snuipp86.fr\/#\/schema\/person\/5a96b33672b90a1385fd0b096fd5ebcb\",\"name\":\"Matthieu Menaut\",\"image\":{\"@type\":\"ImageObject\",\"inLanguage\":\"fr-FR\",\"@id\":\"https:\/\/snuipp86.fr\/#\/schema\/person\/image\/\",\"url\":\"https:\/\/secure.gravatar.com\/avatar\/03e70f897b03256ddca91d16c3e33a876c31abbf1b31cb48e60e770f684a04d1?s=96&d=mm&r=g\",\"contentUrl\":\"https:\/\/secure.gravatar.com\/avatar\/03e70f897b03256ddca91d16c3e33a876c31abbf1b31cb48e60e770f684a04d1?s=96&d=mm&r=g\",\"caption\":\"Matthieu Menaut\"},\"url\":\"https:\/\/snuipp86.fr\/index.php\/author\/mmenaut\/\"}]}<\/script>\n<!-- \/ Yoast SEO plugin. -->","yoast_head_json":{"title":"Quotit\u00e9 Saisissable sur salaire ? - FSU-SNUipp 86","robots":{"index":"index","follow":"follow","max-snippet":"max-snippet:-1","max-image-preview":"max-image-preview:large","max-video-preview":"max-video-preview:-1"},"canonical":"https:\/\/snuipp86.fr\/index.php\/2026\/01\/04\/quotite-saisissable-sur-salaire\/","og_locale":"fr_FR","og_type":"article","og_title":"Quotit\u00e9 Saisissable sur salaire ? - FSU-SNUipp 86","og_description":"La \u00ab\u00a0quotit\u00e9 saisissable\u00a0\u00bb est la part des revenus que l\u2019administration peut pr\u00e9lever afin de corriger une erreur de trop per\u00e7u. Textes de R\u00e9f\u00e9rence Loi du 24\u00a0ao\u00fbt 1930\u00a0RLR 332-2c Code du travail articles R145 D 74-37 du 18\u00a0janvier 1974 C 80-476 du 5\u00a0novembre 1980\u00a0RLR 311-0 D 92-755 du 31\u00a0juillet 1992 Code du travail &#8211; Article L3252-3 (version [&hellip;]","og_url":"https:\/\/snuipp86.fr\/index.php\/2026\/01\/04\/quotite-saisissable-sur-salaire\/","og_site_name":"FSU-SNUipp 86","article_published_time":"2026-01-04T16:07:17+00:00","article_modified_time":"2026-01-06T11:09:54+00:00","og_image":[{"width":450,"height":300,"url":"https:\/\/snuipp86.fr\/wp-content\/uploads\/2021\/06\/Fiche-de-paye.jpg","type":"image\/jpeg"}],"author":"Matthieu Menaut","twitter_card":"summary_large_image","twitter_misc":{"\u00c9crit par":"Matthieu Menaut","Dur\u00e9e de lecture estim\u00e9e":"15 minutes"},"schema":{"@context":"https:\/\/schema.org","@graph":[{"@type":"WebPage","@id":"https:\/\/snuipp86.fr\/index.php\/2026\/01\/04\/quotite-saisissable-sur-salaire\/","url":"https:\/\/snuipp86.fr\/index.php\/2026\/01\/04\/quotite-saisissable-sur-salaire\/","name":"Quotit\u00e9 Saisissable sur salaire ? - FSU-SNUipp 86","isPartOf":{"@id":"https:\/\/snuipp86.fr\/#website"},"datePublished":"2026-01-04T16:07:17+00:00","dateModified":"2026-01-06T11:09:54+00:00","author":{"@id":"https:\/\/snuipp86.fr\/#\/schema\/person\/5a96b33672b90a1385fd0b096fd5ebcb"},"breadcrumb":{"@id":"https:\/\/snuipp86.fr\/index.php\/2026\/01\/04\/quotite-saisissable-sur-salaire\/#breadcrumb"},"inLanguage":"fr-FR","potentialAction":[{"@type":"ReadAction","target":["https:\/\/snuipp86.fr\/index.php\/2026\/01\/04\/quotite-saisissable-sur-salaire\/"]}]},{"@type":"BreadcrumbList","@id":"https:\/\/snuipp86.fr\/index.php\/2026\/01\/04\/quotite-saisissable-sur-salaire\/#breadcrumb","itemListElement":[{"@type":"ListItem","position":1,"name":"Accueil","item":"https:\/\/snuipp86.fr\/"},{"@type":"ListItem","position":2,"name":"Quotit\u00e9 Saisissable sur salaire ?"}]},{"@type":"WebSite","@id":"https:\/\/snuipp86.fr\/#website","url":"https:\/\/snuipp86.fr\/","name":"FSU-SNUipp 86","description":"Des id\u00e9es qui font l&#039;\u00e9cole","potentialAction":[{"@type":"SearchAction","target":{"@type":"EntryPoint","urlTemplate":"https:\/\/snuipp86.fr\/?s={search_term_string}"},"query-input":{"@type":"PropertyValueSpecification","valueRequired":true,"valueName":"search_term_string"}}],"inLanguage":"fr-FR"},{"@type":"Person","@id":"https:\/\/snuipp86.fr\/#\/schema\/person\/5a96b33672b90a1385fd0b096fd5ebcb","name":"Matthieu Menaut","image":{"@type":"ImageObject","inLanguage":"fr-FR","@id":"https:\/\/snuipp86.fr\/#\/schema\/person\/image\/","url":"https:\/\/secure.gravatar.com\/avatar\/03e70f897b03256ddca91d16c3e33a876c31abbf1b31cb48e60e770f684a04d1?s=96&d=mm&r=g","contentUrl":"https:\/\/secure.gravatar.com\/avatar\/03e70f897b03256ddca91d16c3e33a876c31abbf1b31cb48e60e770f684a04d1?s=96&d=mm&r=g","caption":"Matthieu Menaut"},"url":"https:\/\/snuipp86.fr\/index.php\/author\/mmenaut\/"}]}},"_links":{"self":[{"href":"https:\/\/snuipp86.fr\/index.php\/wp-json\/wp\/v2\/posts\/27397","targetHints":{"allow":["GET"]}}],"collection":[{"href":"https:\/\/snuipp86.fr\/index.php\/wp-json\/wp\/v2\/posts"}],"about":[{"href":"https:\/\/snuipp86.fr\/index.php\/wp-json\/wp\/v2\/types\/post"}],"author":[{"embeddable":true,"href":"https:\/\/snuipp86.fr\/index.php\/wp-json\/wp\/v2\/users\/4"}],"replies":[{"embeddable":true,"href":"https:\/\/snuipp86.fr\/index.php\/wp-json\/wp\/v2\/comments?post=27397"}],"version-history":[{"count":1,"href":"https:\/\/snuipp86.fr\/index.php\/wp-json\/wp\/v2\/posts\/27397\/revisions"}],"predecessor-version":[{"id":27399,"href":"https:\/\/snuipp86.fr\/index.php\/wp-json\/wp\/v2\/posts\/27397\/revisions\/27399"}],"wp:attachment":[{"href":"https:\/\/snuipp86.fr\/index.php\/wp-json\/wp\/v2\/media?parent=27397"}],"wp:term":[{"taxonomy":"category","embeddable":true,"href":"https:\/\/snuipp86.fr\/index.php\/wp-json\/wp\/v2\/categories?post=27397"},{"taxonomy":"post_tag","embeddable":true,"href":"https:\/\/snuipp86.fr\/index.php\/wp-json\/wp\/v2\/tags?post=27397"}],"curies":[{"name":"wp","href":"https:\/\/api.w.org\/{rel}","templated":true}]}}