{"id":28051,"date":"2026-04-30T12:26:05","date_gmt":"2026-04-30T10:26:05","guid":{"rendered":"https:\/\/snuipp86.fr\/?p=28051"},"modified":"2026-04-30T12:33:36","modified_gmt":"2026-04-30T10:33:36","slug":"offres-srias-surf-handball-festivals-colo-vacances-handicap","status":"publish","type":"post","link":"https:\/\/snuipp86.fr\/index.php\/2026\/04\/30\/offres-srias-surf-handball-festivals-colo-vacances-handicap\/","title":{"rendered":"Offres SRIAS : surf, handball, festivals, colo, vacances, handicap"},"content":{"rendered":"<div><a href=\"https:\/\/www.sriasnouvelleaquitaine.fr\/\" target=\"_blank\" rel=\"noopener\"><img decoding=\"async\" class=\"alignnone size-full wp-image-26856\" src=\"https:\/\/snuipp86.fr\/wp-content\/uploads\/2025\/07\/srias.png\" alt=\"\" width=\"279\" height=\"140\" srcset=\"https:\/\/snuipp86.fr\/wp-content\/uploads\/2025\/07\/srias-200x100.png 200w, https:\/\/snuipp86.fr\/wp-content\/uploads\/2025\/07\/srias.png 279w\" sizes=\"(max-width: 279px) 100vw, 279px\" \/><\/a><\/div>\n<div>La <a href=\"https:\/\/www.sriasnouvelleaquitaine.fr\/\" target=\"_blank\" rel=\"noopener\">SRIAS Nouvelle-Aquitaine<\/a> propose aux agents de la fonction publique d&rsquo;\u00e9tat de la r\u00e9gion des offres n\u00e9goci\u00e9es ou subventionn\u00e9es :<\/div>\n<div><\/div>\n<h2><u><b>LOISIRS ET CULTURE<\/b><\/u><\/h2>\n<h3>\u00a0\u00a0\u00a0\u00a0&#8211; Actions Sports :<\/h3>\n<ul>\n<li><a href=\"https:\/\/www.sriasnouvelleaquitaine.fr\/post\/surf-club-de-la-presqu-ile\" target=\"_blank\" rel=\"noopener\">Cours de surf \u00e0 L\u00e8ge Cap-Ferret<\/a><\/li>\n<\/ul>\n<p><a href=\"https:\/\/www.sriasnouvelleaquitaine.fr\/post\/surf-club-de-la-presqu-ile\"><img decoding=\"async\" class=\"\" src=\"https:\/\/static.wixstatic.com\/media\/11062b_5d5225cf34ed496482755ce28b1e9fb3~mv2.jpg\/v1\/fill\/w_518,h_345,al_c,q_80,usm_0.66_1.00_0.01,enc_avif,quality_auto\/11062b_5d5225cf34ed496482755ce28b1e9fb3~mv2.jpg\" alt=\"surf\" width=\"401\" height=\"267\" \/><\/a><\/p>\n<p id=\"viewer-2ozwb14638\" class=\"wH46u FvsWF rcl0D SSmro\" dir=\"auto\"><span class=\"WhDDP\">Samedi 2 mai 2026,<\/span><span class=\"WhDDP\">\u00a010h00\/12h00<\/span><\/p>\n<p id=\"viewer-yqwdx14650\" class=\"wH46u FvsWF rcl0D SSmro\" dir=\"auto\"><span class=\"WhDDP\">Samedi 9 mai 2026, <\/span><span class=\"WhDDP\">15h00\u00a0\/ 17h00<\/span><\/p>\n<p id=\"viewer-ncv5v14662\" class=\"wH46u FvsWF rcl0D SSmro\" dir=\"auto\"><span class=\"WhDDP\">Samedi 23 mai 2026, <\/span><span class=\"WhDDP\">15h00\/17h00<\/span><\/p>\n<p dir=\"auto\">de 5\u20ac \u00e0 15\u20ac par personne, d\u00e8s 12 ans<\/p>\n<div data-breakout=\"normal\">\n<p id=\"viewer-9wxwv14737\" class=\"wH46u FvsWF rcl0D SSmro\" dir=\"auto\"><span class=\"WhDDP\"><strong>Inscription uniquement via d\u00e9marches simplifi\u00e9es : <\/strong><\/span><a class=\"duSU- _89jf7\" href=\"https:\/\/demarche.numerique.gouv.fr\/commencer\/cours-surf-samedi-en-mai-2026\" target=\"_blank\" rel=\"noopener noreferrer\" data-hook=\"web-link\"><u>https:\/\/demarche.numerique.gouv.fr\/commencer\/cours-surf-samedi-en-mai-2026<\/u><\/a><\/p>\n<p dir=\"auto\">\n<\/div>\n<ul>\n<li><a href=\"https:\/\/www.sriasnouvelleaquitaine.fr\/post\/handball-limogesla-srias-nouvelle-aquitaine-vous-propose-de-participer-%C3%A0-l-achat-de-places-pour-les\" target=\"_blank\" rel=\"noopener\">Places pour les matchs de handball \u00e0 Limoges<\/a><\/li>\n<\/ul>\n<p><a href=\"https:\/\/www.sriasnouvelleaquitaine.fr\/post\/handball-limogesla-srias-nouvelle-aquitaine-vous-propose-de-participer-%C3%A0-l-achat-de-places-pour-les\"><img decoding=\"async\" src=\"https:\/\/static.wixstatic.com\/media\/45e13c_a0b213d6057d475e936d9a207af1c16a~mv2.png\/v1\/fill\/w_443,h_333,fp_0.50_0.50,q_95,enc_avif,quality_auto\/45e13c_a0b213d6057d475e936d9a207af1c16a~mv2.png\" alt=\"handball Limoges\" \/><\/a><\/p>\n<div>\n<div data-breakout=\"normal\">\n<p id=\"viewer-pzejy7485\" class=\"wH46u FvsWF rcl0D SSmro\" dir=\"auto\"><span class=\"WhDDP\">30 places pour PARIS le Samedi 18 Avril 2026<\/span><\/p>\n<p class=\"wH46u FvsWF rcl0D SSmro\" dir=\"auto\">15 places pour AIX le Samedi 2 mai 2026 .<\/p>\n<\/div>\n<div data-hook=\"rcv-block9\">30 Places pour CHAMB\u00c9RY le Mardi 26 mai 2026<\/div>\n<div data-breakout=\"normal\"><\/div>\n<div data-breakout=\"normal\">\n<p id=\"viewer-g4niu67\" class=\"wH46u FvsWF rcl0D SSmro\" dir=\"auto\"><span class=\"WhDDP\">Limit\u00e9 \u00e0 1 place par personne au foyer mentionn\u00e9 sur avis d\u2019imposition. <\/span>Tarif unique SRIAS\u00a0: 10\u00a0\u20ac la place pour 1 match<\/p>\n<\/div>\n<div data-hook=\"rcv-block21\"><span class=\"WhDDP\"><strong><u>Lien pour dossier : <\/u><\/strong><\/span><a class=\"duSU- _89jf7\" href=\"https:\/\/demarche.numerique.gouv.fr\/commencer\/matchs-handball-limoges-annee-2026\" target=\"_blank\" rel=\"noopener noreferrer\" data-hook=\"web-link\"><u>https:\/\/demarche.numerique.gouv.fr\/commencer\/matchs-handball-limoges-annee-2026<\/u><\/a><\/div>\n<div data-hook=\"rcv-block24\"><\/div>\n<div data-breakout=\"normal\">\n<div id=\"viewer-bb29286\" class=\"wH46u FvsWF rcl0D SSmro\" dir=\"auto\"><\/div>\n<\/div>\n<\/div>\n<h3>\u00a0\u00a0\u00a0\u00a0&#8211; Actions culturelles :<\/h3>\n<div>Tarifs pr\u00e9f\u00e9rentiels pour les spectacles et festivals de la r\u00e9gion (programmations et liens d&rsquo;inscriptions ci-dessous)<\/div>\n<ul>\n<li><a href=\"https:\/\/www.sriasnouvelleaquitaine.fr\/post\/la-bataille-de-castillon\" target=\"_blank\" rel=\"noopener\">Bataille de Castillon<\/a><\/li>\n<\/ul>\n<p><a href=\"https:\/\/www.sriasnouvelleaquitaine.fr\/post\/la-bataille-de-castillon\"><img decoding=\"async\" class=\"\" src=\"https:\/\/static.wixstatic.com\/media\/56b338_0cea2f19c45946a2a983c42195698f52~mv2.png\/v1\/fill\/w_740,h_912,al_c,q_90,usm_0.66_1.00_0.01,enc_avif,quality_auto\/56b338_0cea2f19c45946a2a983c42195698f52~mv2.png\" alt=\"castillon\" width=\"269\" height=\"332\" \/><\/a><\/p>\n<ul>\n<li><a href=\"https:\/\/www.sriasnouvelleaquitaine.fr\/post\/garorock-%C3%A0-marmande-47\" target=\"_blank\" rel=\"noopener\">GAROROCK du 25 au 28\/06 \u00e0 Marmande (47)<\/a><\/li>\n<\/ul>\n<p><a href=\"https:\/\/www.sriasnouvelleaquitaine.fr\/post\/garorock-%C3%A0-marmande-47\"><img decoding=\"async\" class=\"\" src=\"https:\/\/www.valdegaronne-tourisme.com\/app\/uploads\/2024\/10\/IMG_8101-825x1024.jpg\" alt=\"garorock 2026\" width=\"339\" height=\"421\" \/><\/a><\/p>\n<ul>\n<li><a href=\"https:\/\/www.sriasnouvelleaquitaine.fr\/post\/festival-au-fil-du-son-2025\" target=\"_blank\" rel=\"noopener\"><strong><em>Au fil du son<\/em><\/strong> du 23 au 25\/07 \u00e0 Civray (86)<\/a><\/li>\n<\/ul>\n<p><a href=\"https:\/\/www.sriasnouvelleaquitaine.fr\/post\/festival-au-fil-du-son-2025\"><img decoding=\"async\" class=\"\" src=\"https:\/\/scontent-cdg4-2.xx.fbcdn.net\/v\/t39.30808-6\/645935243_1464297161728788_2145799985490366713_n.jpg?_nc_cat=107&amp;ccb=1-7&amp;_nc_sid=13d280&amp;_nc_ohc=rCnr9LgWAfkQ7kNvwFInfVo&amp;_nc_oc=Adq5FUMNekNjRp_S47srlkz6fsWsS1sIyYIzkAjkQzFqRJSqpbhIw752Mkh-q2K9mvQyRC9RLRlyvTSX4wbQMUNU&amp;_nc_zt=23&amp;_nc_ht=scontent-cdg4-2.xx&amp;_nc_gid=-1fSohFpXgGYvCKZOWtvAg&amp;_nc_ss=7b289&amp;oh=00_Af0Nn8lIzodz77yrBrVWBV1cDLVlHkmqbxCJjviYPyjJCw&amp;oe=69F8DC0A\" alt=\"au fil du son 2026\" width=\"297\" height=\"371\" \/><\/a><\/p>\n<ul>\n<li><a href=\"https:\/\/www.sriasnouvelleaquitaine.fr\/post\/la-srias-nouvelle-aquitaine-vous-propose\" target=\"_blank\" rel=\"noopener\">MUSICALARUE du 31\/07 au 02\/03 \u00e0 Luxey (40)<\/a><\/li>\n<\/ul>\n<p><a href=\"https:\/\/www.sriasnouvelleaquitaine.fr\/post\/la-srias-nouvelle-aquitaine-vous-propose\"><img decoding=\"async\" class=\"\" src=\"https:\/\/static.wixstatic.com\/media\/56b338_6021bd88ace048c88e1ec631fa523660~mv2.jpg\/v1\/fill\/w_740,h_386,al_c,q_80,usm_0.66_1.00_0.01,enc_avif,quality_auto\/56b338_6021bd88ace048c88e1ec631fa523660~mv2.jpg\" alt=\"musicalarue\" width=\"544\" height=\"284\" \/><\/a><\/p>\n<p>&nbsp;<\/p>\n<p>&nbsp;<\/p>\n<h2><u><b>VACANCES<\/b><\/u><\/h2>\n<header class=\"PhCafd\">\n<div class=\"PKQ95p\">\n<div class=\"MbPQSQ\">\n<div class=\"apmiGT\" data-hook=\"post-title\">\n<h3 class=\"H3vOVf\" data-hook=\"post-title\">\u00a0 \u00a0 \u21d2 pour l&rsquo;\u00e9t\u00e9 2026, l<span style=\"font-size: 16px;\">a SRIAS Nouvelle Aquitaine <em>ne subventionne pas les s\u00e9jours du 1er juillet au 31 aout avec les partenaires : APV, MONDIAPIC ou ODALYS.<\/em><\/span><\/h3>\n<\/div>\n<\/div>\n<\/div>\n<\/header>\n<h3>\u00a0\u00a0\u00a0\u00a0&#8211;<a href=\"https:\/\/www.sriasnouvelleaquitaine.fr\/blank-19-1-1\" target=\"_blank\" rel=\"noopener\"> Offres pr\u00e9f\u00e9rentielles de partenaires non subventionn\u00e9s<\/a><\/h3>\n<p><a href=\"https:\/\/www.sriasnouvelleaquitaine.fr\/blank-19-1-1\" target=\"_blank\" rel=\"noopener\">https:\/\/www.sriasnouvelleaquitaine.fr\/blank-19-1-1<\/a><\/p>\n<p><a href=\"https:\/\/www.sriasnouvelleaquitaine.fr\/post\/partenariat-avec-mer-et-golf\" target=\"_blank\" rel=\"noopener\"><img decoding=\"async\" src=\"https:\/\/static.wixstatic.com\/media\/56b338_37c7ed23be5e4bafbd789482f64181ac~mv2.jpg\/v1\/fill\/w_289,h_162,al_c,lg_1,q_80,enc_avif,quality_auto\/56b338_37c7ed23be5e4bafbd789482f64181ac~mv2.jpg\" alt=\"mer&amp;golf\" \/> <\/a><a href=\"https:\/\/www.sriasnouvelleaquitaine.fr\/post\/trouvez-le-meilleur-camping-pour-vos-vacances-avec-notre-partenaire-campings-com\" target=\"_blank\" rel=\"noopener\"><img decoding=\"async\" src=\"https:\/\/static.wixstatic.com\/media\/56b338_88e774b28fd64c60a4ddce0f642985d4~mv2.jpg\/v1\/fill\/w_289,h_162,al_c,q_80,usm_0.66_1.00_0.01,enc_avif,quality_auto\/56b338_88e774b28fd64c60a4ddce0f642985d4~mv2.jpg\" alt=\"\" \/> <\/a>\u00a0<a href=\"https:\/\/www.sriasnouvelleaquitaine.fr\/post\/la-srias-nouvelle-aquitaine-vous-propose-2-nouveaux-prestataires\"><img decoding=\"async\" class=\"\" src=\"https:\/\/fr.camping-and-co.com\/blog\/wp-content\/uploads\/2025\/12\/logo-CCO-JPEG-scaled-e1766136760450.jpg\" alt=\"\" width=\"308\" height=\"83\" \/><\/a> <a href=\"https:\/\/www.sriasnouvelleaquitaine.fr\/post\/la-srias-nouvelle-aquitaine-vous-propose-un-nouveau-partenaire-camping-and-co-et-trip-and-co\"><img decoding=\"async\" class=\"\" src=\"https:\/\/toody.fr\/wp-content\/uploads\/2024\/11\/logo-2.png\" alt=\"\" width=\"320\" height=\"86\" \/><\/a>\u00a0<a href=\"https:\/\/www.sriasnouvelleaquitaine.fr\/post\/la-srias-nouvelle-aquitaine-vous-propose-un-nouveau-partenaire-sunelia\" target=\"_blank\" rel=\"noopener\"><img decoding=\"async\" class=\"\" src=\"https:\/\/static.wixstatic.com\/media\/56b338_fc446aea2ce744269372d3a25554dc8e~mv2.png\/v1\/fill\/w_436,h_327,fp_0.50_0.50,q_95,enc_avif,quality_auto\/56b338_fc446aea2ce744269372d3a25554dc8e~mv2.png\" alt=\"sunelia\" width=\"212\" height=\"159\" \/> <\/a><a href=\"https:\/\/www.sriasnouvelleaquitaine.fr\/post\/la-srias-nouvelle-aquitaine-vous-propose-un-nouveau-partenaire-yelloh-village\" target=\"_blank\" rel=\"noopener\"><img decoding=\"async\" class=\"\" src=\"https:\/\/upload.wikimedia.org\/wikipedia\/commons\/b\/b8\/2013_yelloh_logo_quadri.png\" alt=\"yelloh\" width=\"321\" height=\"146\" \/> <\/a><a href=\"https:\/\/www.sriasnouvelleaquitaine.fr\/post\/nouveau-partenaire-goelia-ex-nemea-l-o\" target=\"_blank\" rel=\"noopener\"><img decoding=\"async\" class=\"\" src=\"https:\/\/static.wixstatic.com\/media\/56b338_9b065aa3d53442aa91757ed6a8699f84~mv2.png\/v1\/fill\/w_436,h_327,fp_0.50_0.50,q_95,enc_avif,quality_auto\/56b338_9b065aa3d53442aa91757ed6a8699f84~mv2.png\" alt=\"g\u00e9olia\" width=\"240\" height=\"180\" \/>\u00a0<\/a><a href=\"https:\/\/www.sriasnouvelleaquitaine.fr\/post\/partenariat-avec-l-ucpa\" target=\"_blank\" rel=\"noopener\"> \u00a0<img decoding=\"async\" class=\"\" src=\"https:\/\/static.wixstatic.com\/media\/56b338_24b31011c9e64642a6a4a41752e4d7e0~mv2.png\/v1\/fill\/w_740,h_324,al_c,q_85,usm_0.66_1.00_0.01,enc_avif,quality_auto\/56b338_24b31011c9e64642a6a4a41752e4d7e0~mv2.png\" alt=\"ucpa\" width=\"445\" height=\"195\" \/><\/a> <a href=\"https:\/\/www.sriasnouvelleaquitaine.fr\/post\/partenariat-avec-homair\" target=\"_blank\" rel=\"noopener\"><img decoding=\"async\" src=\"image\/png;base64,iVBORw0KGgoAAAANSUhEUgAAAP0AAADHCAMAAADlCqUFAAABI1BMVEX\/\/\/\/\/rgAhcbP\/rQAic7L\/\/v\/+sAL\/qwAkcbXD0uYicbH8rQARbbH2+fz\/sAAicrewyuHp8viVuNn\/\/vlQiL38sgBOj8W0x9fj7fb5sgASbbX\/9N\/\/pwD\/\/\/z\/+\/P\/+ev\/xWP\/4q5ChMBPkdD\/8NX\/57vw9fpBhrmvzur\/tR3\/uC\/\/u0T\/zoj\/14z\/05D\/7Mz\/5LMye7vR4fEfda4fdqfL1+Nnmsb\/25z\/zXz\/wFv\/zHT81Hj5xUz546H9wTD8sS73yF7\/xWj3vjr5zF\/93JP+uE3805n97MH81IP6yUr7wFP9vjT\/vRz\/353313r4vkFjmMuDrtFJfsR0o8gGZ74seMVDjrQGYLVyptTA0PCUwdyMsNCNrNU2fLVKlM12odVZoNFjYaKIAAAPi0lEQVR4nO2bi1\/ixhbH8yKJSUgQDCVjDMIiFlgfwK4o2u26u61e0Su+ut7dte3\/\/1fcc2YSCJpsbx+K2Tu\/ftqSTAj5zpw5j5koCFxcXFxcXFxcXFxcXFxcXFxcXFxcXFxcXFxcXFxcXFxcXFxcXFxcXFxcXFxcXFxcXN+IcjP\/++YUVJdR1dJfaM24GoPdvU671Wq1O3u7Zw1hdpAbZ7HWQWNeD\/koCraGsq\/5miyiZM2WfXd4FA1ysDZ0VdPUTGyTNU3zfW9\/K5jrE\/9zCgYd2TRF0xQnkqEf3IMfVqC1NOjYsm2iaAM2qaqoHtS+Bf6V2qmtaZ4neqoYkyraqvumVqqNfA1o4\/SaJtqa7Jmn2yvzfvi\/q8a555pIb7oqNXxVdVVRFlVNk23P\/dH04DNAmypcgO1o+apnwiyR1ZOMO4Cay2a66QEuAGuy6Xouo1fVcMxVGGrVNVXaC7RXPOgp2xZttzZvgL+h4K1H7Z2as9s5PB7UarXBy8OOrKqeG7IDvQufO4cvBz9A6\/HqO89Et+DiFeJqZmd\/9b13ivS2atrtjUY1Or9SbWy0GDtaBljDmw+N6sq09WUbDECFwTdF\/zCj+MHI9Gzm61bXHrTWIkcnyu42npjJ8db20F7oJe8yiR+cqJ6s4RxvQ2i\/n78Gq3JEL7qr9\/O7nFBaa2smXuKab7OIP\/Qxbtu+dpz09PuyrJph7FfNYcIVwS44RhHs3zx+7Ef95zXQGNxp6LaD5cbytBt+8ESa\/mgYEGRRm\/p2dh01ldopSxHMzHn+ZVdl7j6c8WcdGOqfIozlFrp6CGsbGgZ4zTtdDltq56Lvd8Lr1lhqrMnL92\/\/vFU6QDpw91vs8K0ru67oa8MVOqptH5tN8UhYcym9945etzI0MS8QtdATHEHMR\/yTbBV+NWCDvEUesMMPEL9EmuPRE9s+ZvYutegzHwbYNlVqI5saZgaQ+kRfHJgw9VVZ3Z4LxV\/UiguzGlx26K9CQweJZiknVNvUnt19Or3fQu4Hk78DTiGwozAgtpixr+y7EPlN0Zsfy59XjYYz8zQ02G0xhAfBGJ9Rj6B1WPpTfcfyezCEbZvmQHhoh\/4icGX8lpyhwQ8OTBs0sdef\/YheRNN\/Q+n9KAPalkVo1Tpg5zD2NCsGhaYPlQLkfKL5tpSZFa8tSG5hvPYiXwXRD2o4Ci\/WhCOo+iDInUwuP8dlD1neggxvNdJe1DelA3B8sullp9yjiY46GVxhDUbURnqo6RvCBpvZU1vexuJP8zeTb7aNOYGoZiblKbWR3m5Hx7nSie\/LGN9l719C8IbCd6ZBLOhQc28HOcxx8R8hF7PzFrb6bSEj2hJpkrsZP2PCP+DZWw3IgzD8aRuxLxzD5RDlU3KalxgGfTMrpl+D1B1q9q3Yqa22j0lMGxAGdP5rcZgtGe1CTkloj2gOkBmvv2viykW7Gj8X1A5Xh9uY6O9T5\/cmXvoEp5j1uslTO1f9EUKAaW4ktj47lfZsXJU5SWzMCe81yN\/EUZy+OsIe8VYT93FywgmuiHlvs7HGGYyQ3t5Pae1otK5tbYYlX7C80aKlvt1JyeaH6PXl82zk+oHneUD\/IbExVx3JMlvpPH3\/cnA2OD5pRescnWpyRnMMCTI4zGwscgSuh44txYcttxk929MAd2ZGya3YTnH6Z5gCam5G6E1Xk+00Dx6jF8ONGzs8HKXQY6oIhV9G6F1VE9UU+txye0Irg8mrMfrUsZdh6LWs0LegQPdOk+c9+nfTDu1eVtn2Fd299P1RNfkrxzDtfe00I\/QjpHL\/ndJ6jltZYkv02ZTHis5sQUzztVSfD1WR5r3Lhs8vnWDNIr9PbMwJB3Qj7zDY3l09H7XbndXjtWAVI7q8lxLvz7FmOs1IvBd2gUQ00+x4SHcr22DHperychXf1QhauHcjp+V6bRvDQkZyPcjzXRsm\/lZy6xnmwZjnRwOdgzxfFF1PS8vzsTJWM7O0t4UB33UHya0Ntko9U+Oh83fNFJe\/IcLQ22pWarxS28WlnZSKPGhrrL6fTPKgQ1d+RslOfeUUDd8ePcqjPob26Uqk9nDrkuole39n2rqNV7tqytrOmoZLnWJK2fAMtUXXKeXVZC99pJryzLpeBxe9XPco8erSHsZP003xIs9QwQGuY9lpjmpEl7Cna7rsLY7z5Iu3Xbo4nqXdnDMEcr128uCfsUT\/gIbEXLVDazw12eOXWnK02p8ZrXgm0mu7ia1BmxKF+9Zv6Ta92Un2efueTFcDHu1RH0M1unuRNmQ19PpQt+HMqEF4NMPPDzUw6ZteaQXjM1VwgvC2piU7qxHge55v4h6uiy9qmu8SrzuC2ge390+ys5ND1UAvbsuml4jfwI1Jz5NbH0ykM81WYqaz5uJre6JsZ2z\/Hm3WVm0odZMd\/wBf3HNxaQP4VFdLzAtrLt3+8tKyxuernDD0ZXzlTPMT39s5BOpoVUNVH6YyOSHYpfthEAt3M\/jOfvUnTNJEcOidBOsPTrQIXpQfvLMFUWOtQ\/sFvMdeNpY17gkCOVouLl\/MvK\/HBpL6fSb74eRYW9U0Bm+eZxIe8E80SFFxSU7TOpvL8bcxB6NT3Ndlm9quNzqLty5vdGy69InwqynLBM9fwR5MXRm3ofA93dFwc1Dbrg02DzuQ4Lj4ajKjh+LWVs9p6\/bPm8ORZmt0vQ8a\/ey+pyvgSypo+OESNn6iO5Ji+EcYWAuEjs8WJ+dlXOs18fVeOSX9zYy2Rv6EflYyTnx12kSZZabwTxVGWVnRSNVKreUn0ZuQB49qK4M2e21lVrSse5PxgWeqDtriQ37ZPR\/gnA6gVQuhxei\/UPKNBpl1d\/dUWhuqmo37Np5K+VztdLhWmra6mmlrkU1AmPB21zJUz\/+BIMKXGoPhSWd0in9xdzI8a8zClbbODn+if4\/35vxk\/0Pj20GfqlRdbjQaaX9t+fXWb1257CXz\/3\/KLzZR836MOWmh263X7+4W5\/X7+bn2\/AKxdN0w5kVf+OWuXMzP6ceRXtd1SZkTfZEQopPx3PAXLAk0J\/pmlxCp3+8X5vLrAtIbhiTNyfJ7hDiG0rcu5vLrAqMH\/LnRU32e11rfgqUoyrzom3UK7yzM5deFaOydOXm9112kL87nx4WQXp8XvdD7Uh\/PzefNed7PXYye+fw\/43r+lpvK5aIqKCdMKqLpyacTpe\/3KX2l9\/p1L8EKmrShMnMuTyWwr\/V6lWnCsph8F7hHr9ecfpWS5mK3iZ1u9l4\/Tf4L9JKE9PnCzuWNpNxcjnszQ5BfuFq\/UySl231RnDJVxkugOjjr3m1XJzfOUpF+K\/\/9i7s+RJHL25nOyhfG3a6idOtXFSG\/tI7fpX6+sA6f16\/oJVf0jp+g+y4uHeP1o5OjaK5nKM1enRjkhkg6MfoXscyzULdeOcRxHKWvEGeSklfuANEghdyFRYhhEGIZZeDt1a+vpT4kz4TcfD+9Se8Xizj9vqKT6+tiHgKsZRHq64oG3maJ0v\/S14kE\/r\/Qt66vyRPSS04RQo\/eB0YFM8+raPTzO4T0X0kOpe9L19eXlYgeLutLxbEBNRJwKYZilfMF6Aa4EP5VHPJx4ssLXeg55RVeBe0XXeyckJ4ohmFdMnro3b5SLCgGNj8dPcx8eHpJVxxHMiQYDSVMP\/K3BDxi\/9WrPvLr0AtWneFX6o5u6EYXvqv0X\/WRX5J2uniV0tclCcN4PZwo\/zH6kFE4OtxcQVjsbimih496nf5WWYJySyp38YwkPS29Ylj4xDqFV8rMwm8Ja1OwDZ4fnsrp5kN6egjsiiHhTEd7dmCOwCQAy3emWUzvBr+KlxqWBcU0Bli4ltFjV+hLIT1i6xLTE9MrS1fFizKlh6Hs0eeG3sCnvanfQpNDa2GJlSSMXgf49YvirUMkpNeRflz8vG5BE3ymVMIY4AHKkspw5Z0V0iXTs6aupVtPSS9Jd2yWLnTB9MGO8Si\/ZBEcqS6bB5UlotORqVB6+IgLA59o04uQntRpt31CfJi9i+A\/eh91bCNj2iIU8R56In3YMbpVH9\/uPCm9gYT4R7MFHG7F+AyHPQu8lGQwIFBzTJDeKjJ6NGYwBOoge0pIH15bRnzi4NFngtHCGgthhlSwwAek0BsQFWAcmlEK8CT08CxX0fHitW44hrWDj0YM\/ZpI0zS8gsauW\/iwSA8j3w1DQH4H545ObsMcsECpCHRps4zBgtxNw\/8VRL80+r5z3Z3Nqh5XLN4b0xrzDjgkHenH4MFvyHpsGL7g1Nfx+dDnw1y+ZclpTviMhbJDotv0lGhuVzAyKs7n6U16aCYplg\/OIpYmPL5C+t7kRBkoHDDUXL6OUZ58iV\/M6HuMPkJAFXDsncm4VepwUxrVetggXccr+LsYPblHf3PZfMpkn1l+bGXrVwU8PVr+YhcitDJTfPeo6WM2gD4\/Tv8dhawvho8O9FA3Iz2roD\/GzXlHT6Un1789IutDMfpYhfsrhGopogdLjFffPSNOD5Y\/MVNKb0T5DaOnhAsYNnQyQy99hf5pl\/ge0oPJGtIOLjvpOO8\/xy\/GlM8xQnrQLL2yPqUHy1BwrfY1nSxWL3aX9b6SRq8\/8TrPA\/oXmLwaO+DJyoDXj9I+gT0sprJs3mPeK\/0xfUXCpMiIQVWIkTr2hvVM6AXhAgszhUyHLb9O6527PPN6X6fHhB8IF+u0xyZ9mMPK5hnTO9HYLxCardcnc\/aqb6AnwKnJLP+r9I6BGWPuli7bWl+i5aDejZMJ+iYigP9fYvj5K4wGYT73x\/MeZH0HHwtY4ziThdte\/cYhegbo8cGxNFOsncLCwoVEJJzBzm85IczzpZmxh6\/F6HHRgMWLLnGgwNWtu+LCQmFMnSCmwSE9fozo4fbPiB7KM1rvQmnqEMti\/osWOf8TfUhYkHRW1DoWSH9Irz8veihLGH1zyQrxJXx+NPtw34Xi3ac3YvS4XhImQxdoQjSnknQ9Q\/RQ1hkMn9WeErlZiPBof6TT4zKBwejB8YWVOw39O+N0y5eeA31k+fBMRbB4OKbrGhbZmSbydANsSo9Lw0A\/yXSxy6JEOFe0SLRmQ8r5HTyIrWxZE\/qn93p11PqU\/vfuXf2yezvZrmgWx11CPn4kzouLaeiv\/Ipf607pu3B0V56MfXkdmye1TbNYVjDwdcsAfdvFNkr\/if76GH8s\/zs+x\/rT0ucrVNMTi\/R4ceaSXuH7wsLMDkWOfS1\/7za5lGbcoFgowD2ak1+gbc3Yj7HT\/6\/vT3FxcXFxcXFxcXFxcXFxcXFxcXFxcXFxcXFxcXFxcXFxcXFxcXFxcXFxcXFxcXFxcc1Z\/wWnjpfLcbAhyAAAAABJRU5ErkJggg==\" alt=\"homair\" \/><\/a> <a href=\"https:\/\/www.sriasnouvelleaquitaine.fr\/post\/partenariat-avec-sandaya\" target=\"_blank\" rel=\"noopener\"><img decoding=\"async\" src=\"https:\/\/static.wixstatic.com\/media\/56b338_165c41db8bc34b4bb6a01b02e2e44474~mv2.jpg\/v1\/fill\/w_200,h_200,fp_0.50_0.50,q_90,enc_avif,quality_auto\/56b338_165c41db8bc34b4bb6a01b02e2e44474~mv2.jpg\" alt=\"sandaya\" \/><\/a> <a href=\"https:\/\/www.sriasnouvelleaquitaine.fr\/post\/vtf-partenaire-de-la-srias-nouvelle-aquitaine\" target=\"_blank\" rel=\"noopener\"><img decoding=\"async\" class=\"\" src=\"https:\/\/static.wixstatic.com\/media\/56b338_67aa5b040da44474abdf2dee1c0645ad~mv2.png\/v1\/fill\/w_126,h_126,fp_0.50_0.50,q_95,enc_avif,quality_auto\/56b338_67aa5b040da44474abdf2dee1c0645ad~mv2.png\" alt=\"vtf\" width=\"196\" height=\"196\" \/><\/a> \u00a0<a href=\"https:\/\/www.sriasnouvelleaquitaine.fr\/post\/nouveau-partenariat-avec-ms-vacances\" target=\"_blank\" rel=\"noopener\"><img decoding=\"async\" class=\"\" src=\"https:\/\/static.wixstatic.com\/media\/56b338_a2b124ccf24546d28c794a43b51f787e~mv2.png\/v1\/fill\/w_225,h_225,fp_0.50_0.50,q_95,enc_avif,quality_auto\/56b338_a2b124ccf24546d28c794a43b51f787e~mv2.png\" alt=\"MS\" width=\"208\" height=\"208\" \/><\/a> <a href=\"https:\/\/www.sriasnouvelleaquitaine.fr\/post\/offre-2026-apv-basse-saison\" target=\"_blank\" rel=\"noopener\"><img decoding=\"async\" src=\"https:\/\/static.wixstatic.com\/media\/45e13c_f289f6d27a7341a0ab8cef68f406c268~mv2.png\/v1\/fill\/w_225,h_225,fp_0.50_0.50,q_95,enc_avif,quality_auto\/45e13c_f289f6d27a7341a0ab8cef68f406c268~mv2.png\" alt=\"\" \/><\/a> <a href=\"https:\/\/www.sriasnouvelleaquitaine.fr\/post\/offre-2026-mondiapic-basse-saison\" target=\"_blank\" rel=\"noopener\"><img decoding=\"async\" src=\"https:\/\/static.wixstatic.com\/media\/56b338_ee77320cf14543f1b51e4e6da7496e90~mv2.jpg\/v1\/fill\/w_200,h_200,fp_0.50_0.50,q_90,enc_avif,quality_auto\/56b338_ee77320cf14543f1b51e4e6da7496e90~mv2.jpg\" alt=\"\" \/><\/a><img decoding=\"async\" src=\"https:\/\/www.sriasnouvelleaquitaine.fr\/post\/partenariat-avec-sandaya\" alt=\"\" \/><\/p>\n<p>&nbsp;<\/p>\n<h3>\u00a0\u00a0\u00a0\u00a0&#8211; Colonies de vacances enfants et ados<\/h3>\n<p><a style=\"font-size: 16px;\" href=\"https:\/\/www.sriasnouvelleaquitaine.fr\/post\/remise-5-colonie-ucpa\" target=\"_blank\" rel=\"noopener\"><img decoding=\"async\" class=\"\" src=\"https:\/\/upload.wikimedia.org\/wikipedia\/commons\/9\/95\/Logo-UCPA-2015.jpg\" alt=\"ucpa\" width=\"284\" height=\"112\" \/><\/a> <a style=\"font-size: 16px;\" href=\"https:\/\/www.sriasnouvelleaquitaine.fr\/post\/s%C3%A9jours-pour-adolescents\" target=\"_blank\" rel=\"noopener\"><img decoding=\"async\" class=\"\" src=\"https:\/\/static.wixstatic.com\/media\/56b338_95c309922def43449ca965f62d0c4139~mv2.jpg\/v1\/fill\/w_436,h_327,fp_0.50_0.50,q_90,enc_avif,quality_auto\/56b338_95c309922def43449ca965f62d0c4139~mv2.jpg\" alt=\"vacances pour tous\" width=\"209\" height=\"157\" \/><\/a><a style=\"font-size: 16px;\" href=\"https:\/\/www.sriasnouvelleaquitaine.fr\/post\/s%C3%A9jours-linguistiques-et-colonies-de-vacances-pour-enfants-et-adolescents-de-4-%C3%A0-17-ans-avec-action\" target=\"_blank\" rel=\"noopener\"><img decoding=\"async\" class=\"\" src=\"https:\/\/www.ce-multiavantages.com\/images\/Image\/Action-Sejours.jpg\" alt=\"\" width=\"166\" height=\"166\" \/><\/a><a style=\"font-size: 16px;\" href=\"https:\/\/www.sriasnouvelleaquitaine.fr\/post\/la-srias-nouvelle-aquitaine-vous-propose-des-s%C3%A9jours-hors-france-avec-cgcv\" target=\"_blank\" rel=\"noopener\"><img decoding=\"async\" src=\"https:\/\/srias.paca.gouv.fr\/wp-content\/uploads\/2024\/02\/logo6.png\" alt=\"\" \/><\/a><\/p>\n<div>\n<p><a href=\"https:\/\/www.sriasnouvelleaquitaine.fr\/post\/s%C3%A9jours-vacances-des-4-17-ans-%C3%A9t%C3%A9-2025\" target=\"_blank\" rel=\"noopener\"><img decoding=\"async\" class=\"\" src=\"https:\/\/static.wixstatic.com\/media\/56b338_9faf9d4de75a4ec89f787eda59be851a~mv2.png\/v1\/fill\/w_436,h_327,fp_0.50_0.50,q_95,enc_avif,quality_auto\/56b338_9faf9d4de75a4ec89f787eda59be851a~mv2.png\" alt=\"\" width=\"321\" height=\"241\" \/><\/a><a href=\"https:\/\/www.sriasnouvelleaquitaine.fr\/post\/s%C3%A9jours-enfants-avec-aroeven\" target=\"_blank\" rel=\"noopener\"><img decoding=\"async\" src=\"https:\/\/static.wixstatic.com\/media\/56b338_e82b25b0d18842cea3258975cbe6cf13~mv2.png\/v1\/fill\/w_365,h_162,fp_0.50_0.50,q_95,enc_avif,quality_auto\/56b338_e82b25b0d18842cea3258975cbe6cf13~mv2.png\" alt=\"\" \/><\/a><\/p>\n<p>&nbsp;<\/p>\n<p>&nbsp;<\/p>\n<h2><u><b>ACCOMPAGNEMENT<\/b><\/u><\/h2>\n<h3>\u00a0\u00a0\u00a0\u00a0&#8211; <a href=\"https:\/\/www.sriasnouvelleaquitaine.fr\/post\/la-srias-nouvelle-aquitaine-vous-propose-un-partenariat-avec-vsa-corr%C3%A8ze-pour-des-s%C3%A9jours-aidants-ai\" target=\"_blank\" rel=\"noopener\">Handicap : Partenariat pour des s\u00e9jours aidants\/aid\u00e9s<\/a><\/h3>\n<p><img decoding=\"async\" class=\"\" src=\"https:\/\/static.wixstatic.com\/media\/45e13c_cdbea77f7ba349e785ecaea32a26637b~mv2.jpg\/v1\/fill\/w_426,h_320,fp_0.50_0.50,q_90,enc_avif,quality_auto\/45e13c_cdbea77f7ba349e785ecaea32a26637b~mv2.jpg\" alt=\"\" width=\"355\" height=\"266\" \/><\/p>\n<p id=\"viewer-tp73a12905\" class=\"wH46u FvsWF rcl0D SSmro\" dir=\"\"><span class=\"WhDDP\">du 23 mai au 30 mai 2026<\/span><\/p>\n<p id=\"viewer-cxkq712907\" class=\"wH46u FvsWF rcl0D SSmro\" dir=\"\"><span class=\"WhDDP\">du 6 juin au 13 juin 2026<\/span><\/p>\n<p id=\"viewer-kwa2v12909\" class=\"wH46u FvsWF rcl0D SSmro\" dir=\"\"><span class=\"WhDDP\">du 10 octobre au 17 octobre 2026<\/span><\/p>\n<p id=\"viewer-wjf9i12911\" class=\"wH46u FvsWF rcl0D SSmro\" dir=\"\"><span class=\"WhDDP\">du 24 octobre au 31octobre 2026<\/span><\/p>\n<div data-breakout=\"normal\">\n<p id=\"viewer-iqnuf4266\" class=\"wH46u FvsWF rcl0D SSmro\" dir=\"auto\"><span class=\"WhDDP\"><strong>TARIFS SRIAS pour la semaine :<\/strong><\/span><\/p>\n<\/div>\n<div data-breakout=\"normal\">\n<ul class=\"eJ7iO rcl0D\">\n<li class=\"QlBGv\" dir=\"auto\">\n<p id=\"viewer-p9g2h141\" class=\"wH46u FvsWF rcl0D SSmro\" dir=\"\"><span class=\"WhDDP\">500 \u20ac\/adulte pour pension compl\u00e8te<\/span><\/p>\n<\/li>\n<li class=\"QlBGv\" dir=\"auto\">\n<p id=\"viewer-8dvzp143\" class=\"wH46u FvsWF rcl0D SSmro\" dir=\"\"><span class=\"WhDDP\">400 \u20ac\/adulte en demi-pension<\/span><\/p>\n<\/li>\n<li class=\"QlBGv\" dir=\"auto\">\n<p id=\"viewer-nf5lv145\" class=\"wH46u FvsWF rcl0D SSmro\" dir=\"\"><span class=\"WhDDP\">de 8 ans \u00e0 15 ans : 300 \u20ac\/personne en pension compl\u00e8te<\/span><\/p>\n<\/li>\n<li class=\"QlBGv\" dir=\"auto\">\n<p id=\"viewer-3jni2147\" class=\"wH46u FvsWF rcl0D SSmro\" dir=\"\"><span class=\"WhDDP\">200 \u20ac\/personne en demi-pension<\/span><\/p>\n<\/li>\n<li class=\"QlBGv\" dir=\"auto\">\n<p id=\"viewer-4xoxb149\" class=\"wH46u FvsWF rcl0D SSmro\" dir=\"\"><span class=\"WhDDP\">gratuit pour les moins de 8 ans<\/span><\/p>\n<\/li>\n<\/ul>\n<\/div>\n<div data-hook=\"rcv-block24\"><strong>Inscriptions via d\u00e9marches simplifi\u00e9es :\u00a0<\/strong><a class=\"duSU- _89jf7\" href=\"https:\/\/demarche.numerique.gouv.fr\/commencer\/sejour-aidant-aide-vsa-correze-annee-2026\" target=\"_blank\" rel=\"noopener noreferrer\" data-hook=\"web-link\"><u>https:\/\/demarche.numerique.gouv.fr\/commencer\/sejour-aidant-aide-vsa-correze-annee-2026<\/u><\/a><\/div>\n<div data-hook=\"rcv-block27\">Site Internet : <a class=\"duSU- _89jf7\" href=\"https:\/\/www.vsa-correze.com\/\" target=\"_blank\" rel=\"noopener\" data-hook=\"web-link\"><u>https:\/\/www.vsa-correze.com<\/u><\/a><\/div>\n<p>&nbsp;<\/p>\n<h3>\u00a0&#8211;<a href=\"https:\/\/www.sriasnouvelleaquitaine.fr\/post\/aide-aux-agents-de-l-%C3%A9tat-pour-la-r%C3%A9mun%C3%A9ration-de-services-%C3%A0-la-personne-2024\" target=\"_blank\" rel=\"noopener\"> CESU Aide \u00e0 la personne<\/a><\/h3>\n<div>\n<div data-breakout=\"normal\">\n<p id=\"viewer-ryqqc111\" class=\"wH46u FvsWF rcl0D SSmro\" dir=\"auto\"><a href=\"https:\/\/www.sriasnouvelleaquitaine.fr\/post\/aide-aux-agents-de-l-%C3%A9tat-pour-la-r%C3%A9mun%C3%A9ration-de-services-%C3%A0-la-personne-2024\"><span class=\"WhDDP\"><img decoding=\"async\" class=\"\" src=\"https:\/\/static.wixstatic.com\/media\/56b338_7af63b8764ff461488d8433fc050da28~mv2.png\/v1\/fill\/w_426,h_320,fp_0.50_0.50,q_95,enc_avif,quality_auto\/56b338_7af63b8764ff461488d8433fc050da28~mv2.png\" alt=\"\" width=\"218\" height=\"164\" \/> de 120\u20ac \u00e0 440\u20ac<\/span><\/a><\/p>\n<p class=\"wH46u FvsWF rcl0D SSmro\" dir=\"auto\"><span class=\"WhDDP\">entretien du domicile (m\u00e9nage, repassage)<\/span><span class=\"WhDDP\"> \/<\/span> alimentation (courses, cuisine) \/ garde d\u2019enfant\u00b7s, aide aux devoirs, accompagnements aux soins \/ accomplissement de formalit\u00e9s ou accompagnement pour des d\u00e9placements<\/p>\n<div data-breakout=\"normal\"><\/div>\n<div data-hook=\"rcv-block24\"><strong>lien pour d\u00e9poser un dossier :<a href=\"https:\/\/demarche.numerique.gouv.fr\/commencer\/aide-aux-agents-de-l-etat-pour-la-remuneration-de--2\" target=\"_blank\" rel=\"noopener\"> https:\/\/www.demarches-simplifiees.fr\/commencer\/aide-aux-agents-de-l-etat-pour-la-remuneration-de-<\/a><\/strong><\/div>\n<\/div>\n<div data-hook=\"rcv-block20\"><\/div>\n<div data-breakout=\"normal\">\n<div dir=\"auto\"><\/div>\n<div dir=\"auto\"><\/div>\n<h2 id=\"viewer-tfp61301\" class=\"wH46u FvsWF rcl0D SSmro\" dir=\"auto\"><b><u>PETITE ENFANCE<\/u><\/b><\/h2>\n<\/div>\n<\/div>\n<h3>\u00a0\u00a0\u00a0\u00a0&#8211; <a href=\"https:\/\/www.sriasnouvelleaquitaine.fr\/post\/kinougarde-garde-d-enfants\" target=\"_blank\" rel=\"noopener\">Partenariat subventionn\u00e9 avec KINOUGARDE<\/a><\/h3>\n<p><a href=\"https:\/\/www.sriasnouvelleaquitaine.fr\/post\/kinougarde-garde-d-enfants\" target=\"_blank\" rel=\"noopener\"><img decoding=\"async\" class=\"\" src=\"https:\/\/static.wixstatic.com\/media\/56b338_25632195d87f4314ac1d859ad572dd85~mv2.png\/v1\/fill\/w_740,h_261,al_c,q_85,usm_0.66_1.00_0.01,enc_avif,quality_auto\/56b338_25632195d87f4314ac1d859ad572dd85~mv2.png\" alt=\"\" width=\"494\" height=\"174\" \/><\/a><\/p>\n<p id=\"viewer-6cmr519192\" class=\"wH46u FvsWF rcl0D SSmro\" dir=\"\"><span class=\"WhDDP\"><strong>Cotisation OFFERTE <\/strong>au lieu de 96\u20ac, <\/span><strong>CESU<\/strong> pr\u00e9financ\u00e9 accept\u00e9, <strong>Aides CAF\/MSA<\/strong> pour les moins de 6 ans, <strong>50% de cr\u00e9dit d\u2019imp\u00f4t<\/strong> pour tous<\/p>\n<div data-hook=\"rcv-block19\"><u>La SRIAS Nouvelle-Aquitaine s\u2019engage aupr\u00e8s de vos enfants en participant au financement de la garde d\u2019enfants \u00e0 domicile avec un montant de <strong>200\u20ac par agent<\/strong> (dans la limite de l\u2019enveloppe disponible). <\/u>Obtenez un devis personnalis\u00e9 en quelques clics :\u00a0<a class=\"duSU- _89jf7\" href=\"https:\/\/www.kinougarde.com\/sriasnouvelleaquitaine\" target=\"_blank\" rel=\"noopener noreferrer\" data-hook=\"web-link\"><u>https:\/\/www.kinougarde.com\/sriasnouvelleaquitaine<\/u><\/a><\/div>\n<div data-breakout=\"normal\"><\/div>\n<div data-hook=\"rcv-block24\">ou appelez une des agences en Nouvelle-Aquitaine : Bordeaux : 05 56 23 03 99<strong>; Poitiers : 05 49 52 52 70 <\/strong>; Limoges : 05 55 43 19 11 ; Pau : 05 59 90 29 70 ; La Rochelle\u00a0: 05 46 03 30 77<\/div>\n<div data-hook=\"rcv-block30\"><\/div>\n<div data-breakout=\"normal\">\n<div id=\"viewer-bgf3v19240\" class=\"wH46u FvsWF rcl0D SSmro\" dir=\"auto\"><u>Proc\u00e9dure pour b\u00e9n\u00e9ficier de la subvention<\/u><\/div>\n<\/div>\n<div data-breakout=\"normal\">\n<ul class=\"eJ7iO rcl0D\">\n<li class=\"QlBGv\" dir=\"auto\">\n<p id=\"viewer-zuqak19247\" class=\"wH46u FvsWF rcl0D SSmro\" dir=\"\"><span class=\"WhDDP\">Prendre contact avec Kinougarde sur leur site internet (<u>https:\/<\/u><a class=\"duSU- _89jf7\" href=\"http:\/\/www.kinougarde.com\/sriasnouvelleaquitaine\" target=\"_blank\" rel=\"noopener noreferrer\" data-hook=\"web-link\"><u>www.kinougarde.com\/sriasnouvelleaquitaine<\/u><\/a>) ou par t\u00e9l\u00e9phone (en pr\u00e9cisant venir de la part de la SRIAS Nouvelle-Aquitaine)\u00a0;<\/span><\/p>\n<\/li>\n<li class=\"QlBGv\" dir=\"auto\">\n<p id=\"viewer-gyolv19252\" class=\"wH46u FvsWF rcl0D SSmro\" dir=\"\"><span class=\"WhDDP\">Remplir le dossier via d\u00e9marches simplifi\u00e9es :\u00a0<\/span><strong><span class=\"WhDDP\"><a class=\"duSU- _89jf7\" href=\"https:\/\/demarche.numerique.gouv.fr\/commencer\/pre-inscription-kinougarde-2026\" target=\"_blank\" rel=\"noopener noreferrer\" data-hook=\"web-link\"><u>https:\/\/demarche.numerique.gouv.fr\/commencer\/pre-inscription-kinougarde-2026<\/u><\/a><\/span><\/strong><\/p>\n<\/li>\n<li class=\"QlBGv\" dir=\"auto\">\n<p id=\"viewer-tt4j919258\" class=\"wH46u FvsWF rcl0D SSmro\" dir=\"\"><span class=\"WhDDP\">Envoyer son en t\u00eate de fiche de paie avec le code minist\u00e8re \u00e0 Kinougarde pour valider son appartenance \u00e0 un minist\u00e8re de la r\u00e9gion Nouvelle-Aquitaine\u00a0;<\/span><\/p>\n<\/li>\n<li class=\"QlBGv\" dir=\"auto\">\n<p id=\"viewer-l934y19261\" class=\"wH46u FvsWF rcl0D SSmro\" dir=\"\"><span class=\"WhDDP\">Apr\u00e8s validation du profil de l\u2019Intervenant(e) chez Kinougarde, votre subvention est cr\u00e9dit\u00e9e chez l\u2019organisme, vous n\u2019avez pas \u00e0 avancer cette somme.<\/span><\/p>\n<\/li>\n<\/ul>\n<\/div>\n<\/div>\n","protected":false},"excerpt":{"rendered":"<p>La SRIAS Nouvelle-Aquitaine propose aux agents de la fonction publique d&rsquo;\u00e9tat de la r\u00e9gion des offres n\u00e9goci\u00e9es ou subventionn\u00e9es : LOISIRS ET CULTURE \u00a0\u00a0\u00a0\u00a0&#8211; Actions Sports : Cours de surf \u00e0 L\u00e8ge Cap-Ferret Samedi 2 mai 2026,\u00a010h00\/12h00 Samedi 9 mai 2026, 15h00\u00a0\/ 17h00 Samedi 23 mai 2026, 15h00\/17h00 de 5\u20ac \u00e0 15\u20ac par personne, d\u00e8s 12 [&hellip;]<\/p>\n","protected":false},"author":7,"featured_media":26856,"comment_status":"closed","ping_status":"closed","sticky":false,"template":"","format":"standard","meta":{"footnotes":""},"categories":[14,62],"tags":[54,38,10,11],"class_list":["post-28051","post","type-post","status-publish","format-standard","has-post-thumbnail","hentry","category-a-la-une","category-action-sociale","tag-action-sociale","tag-aesh","tag-neo","tag-retraite"],"yoast_head":"<!-- This site is optimized with the Yoast SEO plugin v26.6 - https:\/\/yoast.com\/wordpress\/plugins\/seo\/ -->\n<title>Offres SRIAS : surf, handball, festivals, colo, vacances, handicap - FSU-SNUipp 86<\/title>\n<meta name=\"robots\" content=\"index, follow, max-snippet:-1, max-image-preview:large, max-video-preview:-1\" \/>\n<link rel=\"canonical\" href=\"https:\/\/snuipp86.fr\/index.php\/2026\/04\/30\/offres-srias-surf-handball-festivals-colo-vacances-handicap\/\" \/>\n<meta property=\"og:locale\" content=\"fr_FR\" \/>\n<meta property=\"og:type\" content=\"article\" \/>\n<meta property=\"og:title\" content=\"Offres SRIAS : surf, handball, festivals, colo, vacances, handicap - FSU-SNUipp 86\" \/>\n<meta property=\"og:description\" content=\"La SRIAS Nouvelle-Aquitaine propose aux agents de la fonction publique d&rsquo;\u00e9tat de la r\u00e9gion des offres n\u00e9goci\u00e9es ou subventionn\u00e9es : LOISIRS ET CULTURE \u00a0\u00a0\u00a0\u00a0&#8211; Actions Sports : Cours de surf \u00e0 L\u00e8ge Cap-Ferret Samedi 2 mai 2026,\u00a010h00\/12h00 Samedi 9 mai 2026, 15h00\u00a0\/ 17h00 Samedi 23 mai 2026, 15h00\/17h00 de 5\u20ac \u00e0 15\u20ac par personne, d\u00e8s 12 [&hellip;]\" \/>\n<meta property=\"og:url\" content=\"https:\/\/snuipp86.fr\/index.php\/2026\/04\/30\/offres-srias-surf-handball-festivals-colo-vacances-handicap\/\" \/>\n<meta property=\"og:site_name\" content=\"FSU-SNUipp 86\" \/>\n<meta property=\"article:published_time\" content=\"2026-04-30T10:26:05+00:00\" \/>\n<meta property=\"article:modified_time\" content=\"2026-04-30T10:33:36+00:00\" \/>\n<meta property=\"og:image\" content=\"https:\/\/snuipp86.fr\/wp-content\/uploads\/2025\/07\/srias.png\" \/>\n\t<meta property=\"og:image:width\" content=\"279\" \/>\n\t<meta property=\"og:image:height\" content=\"140\" \/>\n\t<meta property=\"og:image:type\" content=\"image\/png\" \/>\n<meta name=\"author\" content=\"Emilie Bordes\" \/>\n<meta name=\"twitter:card\" content=\"summary_large_image\" \/>\n<meta name=\"twitter:label1\" content=\"\u00c9crit par\" \/>\n\t<meta name=\"twitter:data1\" content=\"Emilie Bordes\" \/>\n\t<meta name=\"twitter:label2\" content=\"Dur\u00e9e de lecture estim\u00e9e\" \/>\n\t<meta name=\"twitter:data2\" content=\"10 minutes\" \/>\n<script type=\"application\/ld+json\" class=\"yoast-schema-graph\">{\"@context\":\"https:\/\/schema.org\",\"@graph\":[{\"@type\":\"WebPage\",\"@id\":\"https:\/\/snuipp86.fr\/index.php\/2026\/04\/30\/offres-srias-surf-handball-festivals-colo-vacances-handicap\/\",\"url\":\"https:\/\/snuipp86.fr\/index.php\/2026\/04\/30\/offres-srias-surf-handball-festivals-colo-vacances-handicap\/\",\"name\":\"Offres SRIAS : surf, handball, festivals, colo, vacances, handicap - FSU-SNUipp 86\",\"isPartOf\":{\"@id\":\"https:\/\/snuipp86.fr\/#website\"},\"primaryImageOfPage\":{\"@id\":\"https:\/\/snuipp86.fr\/index.php\/2026\/04\/30\/offres-srias-surf-handball-festivals-colo-vacances-handicap\/#primaryimage\"},\"image\":{\"@id\":\"https:\/\/snuipp86.fr\/index.php\/2026\/04\/30\/offres-srias-surf-handball-festivals-colo-vacances-handicap\/#primaryimage\"},\"thumbnailUrl\":\"https:\/\/snuipp86.fr\/wp-content\/uploads\/2025\/07\/srias.png\",\"datePublished\":\"2026-04-30T10:26:05+00:00\",\"dateModified\":\"2026-04-30T10:33:36+00:00\",\"author\":{\"@id\":\"https:\/\/snuipp86.fr\/#\/schema\/person\/32551eb3043810865742a1acf011001d\"},\"breadcrumb\":{\"@id\":\"https:\/\/snuipp86.fr\/index.php\/2026\/04\/30\/offres-srias-surf-handball-festivals-colo-vacances-handicap\/#breadcrumb\"},\"inLanguage\":\"fr-FR\",\"potentialAction\":[{\"@type\":\"ReadAction\",\"target\":[\"https:\/\/snuipp86.fr\/index.php\/2026\/04\/30\/offres-srias-surf-handball-festivals-colo-vacances-handicap\/\"]}]},{\"@type\":\"ImageObject\",\"inLanguage\":\"fr-FR\",\"@id\":\"https:\/\/snuipp86.fr\/index.php\/2026\/04\/30\/offres-srias-surf-handball-festivals-colo-vacances-handicap\/#primaryimage\",\"url\":\"https:\/\/snuipp86.fr\/wp-content\/uploads\/2025\/07\/srias.png\",\"contentUrl\":\"https:\/\/snuipp86.fr\/wp-content\/uploads\/2025\/07\/srias.png\",\"width\":279,\"height\":140},{\"@type\":\"BreadcrumbList\",\"@id\":\"https:\/\/snuipp86.fr\/index.php\/2026\/04\/30\/offres-srias-surf-handball-festivals-colo-vacances-handicap\/#breadcrumb\",\"itemListElement\":[{\"@type\":\"ListItem\",\"position\":1,\"name\":\"Accueil\",\"item\":\"https:\/\/snuipp86.fr\/\"},{\"@type\":\"ListItem\",\"position\":2,\"name\":\"Offres SRIAS : surf, handball, festivals, colo, vacances, handicap\"}]},{\"@type\":\"WebSite\",\"@id\":\"https:\/\/snuipp86.fr\/#website\",\"url\":\"https:\/\/snuipp86.fr\/\",\"name\":\"FSU-SNUipp 86\",\"description\":\"Des id\u00e9es qui font l&#039;\u00e9cole\",\"potentialAction\":[{\"@type\":\"SearchAction\",\"target\":{\"@type\":\"EntryPoint\",\"urlTemplate\":\"https:\/\/snuipp86.fr\/?s={search_term_string}\"},\"query-input\":{\"@type\":\"PropertyValueSpecification\",\"valueRequired\":true,\"valueName\":\"search_term_string\"}}],\"inLanguage\":\"fr-FR\"},{\"@type\":\"Person\",\"@id\":\"https:\/\/snuipp86.fr\/#\/schema\/person\/32551eb3043810865742a1acf011001d\",\"name\":\"Emilie Bordes\",\"image\":{\"@type\":\"ImageObject\",\"inLanguage\":\"fr-FR\",\"@id\":\"https:\/\/snuipp86.fr\/#\/schema\/person\/image\/\",\"url\":\"https:\/\/secure.gravatar.com\/avatar\/571abcf3c12ab1aaba66450f3ac5c0f8355284f01f7342dd440489ae804a109e?s=96&d=mm&r=g\",\"contentUrl\":\"https:\/\/secure.gravatar.com\/avatar\/571abcf3c12ab1aaba66450f3ac5c0f8355284f01f7342dd440489ae804a109e?s=96&d=mm&r=g\",\"caption\":\"Emilie Bordes\"},\"url\":\"https:\/\/snuipp86.fr\/index.php\/author\/ebordes\/\"}]}<\/script>\n<!-- \/ Yoast SEO plugin. -->","yoast_head_json":{"title":"Offres SRIAS : surf, handball, festivals, colo, vacances, handicap - FSU-SNUipp 86","robots":{"index":"index","follow":"follow","max-snippet":"max-snippet:-1","max-image-preview":"max-image-preview:large","max-video-preview":"max-video-preview:-1"},"canonical":"https:\/\/snuipp86.fr\/index.php\/2026\/04\/30\/offres-srias-surf-handball-festivals-colo-vacances-handicap\/","og_locale":"fr_FR","og_type":"article","og_title":"Offres SRIAS : surf, handball, festivals, colo, vacances, handicap - FSU-SNUipp 86","og_description":"La SRIAS Nouvelle-Aquitaine propose aux agents de la fonction publique d&rsquo;\u00e9tat de la r\u00e9gion des offres n\u00e9goci\u00e9es ou subventionn\u00e9es : LOISIRS ET CULTURE \u00a0\u00a0\u00a0\u00a0&#8211; Actions Sports : Cours de surf \u00e0 L\u00e8ge Cap-Ferret Samedi 2 mai 2026,\u00a010h00\/12h00 Samedi 9 mai 2026, 15h00\u00a0\/ 17h00 Samedi 23 mai 2026, 15h00\/17h00 de 5\u20ac \u00e0 15\u20ac par personne, d\u00e8s 12 [&hellip;]","og_url":"https:\/\/snuipp86.fr\/index.php\/2026\/04\/30\/offres-srias-surf-handball-festivals-colo-vacances-handicap\/","og_site_name":"FSU-SNUipp 86","article_published_time":"2026-04-30T10:26:05+00:00","article_modified_time":"2026-04-30T10:33:36+00:00","og_image":[{"width":279,"height":140,"url":"https:\/\/snuipp86.fr\/wp-content\/uploads\/2025\/07\/srias.png","type":"image\/png"}],"author":"Emilie Bordes","twitter_card":"summary_large_image","twitter_misc":{"\u00c9crit par":"Emilie Bordes","Dur\u00e9e de lecture estim\u00e9e":"10 minutes"},"schema":{"@context":"https:\/\/schema.org","@graph":[{"@type":"WebPage","@id":"https:\/\/snuipp86.fr\/index.php\/2026\/04\/30\/offres-srias-surf-handball-festivals-colo-vacances-handicap\/","url":"https:\/\/snuipp86.fr\/index.php\/2026\/04\/30\/offres-srias-surf-handball-festivals-colo-vacances-handicap\/","name":"Offres SRIAS : surf, handball, festivals, colo, vacances, handicap - FSU-SNUipp 86","isPartOf":{"@id":"https:\/\/snuipp86.fr\/#website"},"primaryImageOfPage":{"@id":"https:\/\/snuipp86.fr\/index.php\/2026\/04\/30\/offres-srias-surf-handball-festivals-colo-vacances-handicap\/#primaryimage"},"image":{"@id":"https:\/\/snuipp86.fr\/index.php\/2026\/04\/30\/offres-srias-surf-handball-festivals-colo-vacances-handicap\/#primaryimage"},"thumbnailUrl":"https:\/\/snuipp86.fr\/wp-content\/uploads\/2025\/07\/srias.png","datePublished":"2026-04-30T10:26:05+00:00","dateModified":"2026-04-30T10:33:36+00:00","author":{"@id":"https:\/\/snuipp86.fr\/#\/schema\/person\/32551eb3043810865742a1acf011001d"},"breadcrumb":{"@id":"https:\/\/snuipp86.fr\/index.php\/2026\/04\/30\/offres-srias-surf-handball-festivals-colo-vacances-handicap\/#breadcrumb"},"inLanguage":"fr-FR","potentialAction":[{"@type":"ReadAction","target":["https:\/\/snuipp86.fr\/index.php\/2026\/04\/30\/offres-srias-surf-handball-festivals-colo-vacances-handicap\/"]}]},{"@type":"ImageObject","inLanguage":"fr-FR","@id":"https:\/\/snuipp86.fr\/index.php\/2026\/04\/30\/offres-srias-surf-handball-festivals-colo-vacances-handicap\/#primaryimage","url":"https:\/\/snuipp86.fr\/wp-content\/uploads\/2025\/07\/srias.png","contentUrl":"https:\/\/snuipp86.fr\/wp-content\/uploads\/2025\/07\/srias.png","width":279,"height":140},{"@type":"BreadcrumbList","@id":"https:\/\/snuipp86.fr\/index.php\/2026\/04\/30\/offres-srias-surf-handball-festivals-colo-vacances-handicap\/#breadcrumb","itemListElement":[{"@type":"ListItem","position":1,"name":"Accueil","item":"https:\/\/snuipp86.fr\/"},{"@type":"ListItem","position":2,"name":"Offres SRIAS : surf, handball, festivals, colo, vacances, handicap"}]},{"@type":"WebSite","@id":"https:\/\/snuipp86.fr\/#website","url":"https:\/\/snuipp86.fr\/","name":"FSU-SNUipp 86","description":"Des id\u00e9es qui font l&#039;\u00e9cole","potentialAction":[{"@type":"SearchAction","target":{"@type":"EntryPoint","urlTemplate":"https:\/\/snuipp86.fr\/?s={search_term_string}"},"query-input":{"@type":"PropertyValueSpecification","valueRequired":true,"valueName":"search_term_string"}}],"inLanguage":"fr-FR"},{"@type":"Person","@id":"https:\/\/snuipp86.fr\/#\/schema\/person\/32551eb3043810865742a1acf011001d","name":"Emilie Bordes","image":{"@type":"ImageObject","inLanguage":"fr-FR","@id":"https:\/\/snuipp86.fr\/#\/schema\/person\/image\/","url":"https:\/\/secure.gravatar.com\/avatar\/571abcf3c12ab1aaba66450f3ac5c0f8355284f01f7342dd440489ae804a109e?s=96&d=mm&r=g","contentUrl":"https:\/\/secure.gravatar.com\/avatar\/571abcf3c12ab1aaba66450f3ac5c0f8355284f01f7342dd440489ae804a109e?s=96&d=mm&r=g","caption":"Emilie Bordes"},"url":"https:\/\/snuipp86.fr\/index.php\/author\/ebordes\/"}]}},"_links":{"self":[{"href":"https:\/\/snuipp86.fr\/index.php\/wp-json\/wp\/v2\/posts\/28051","targetHints":{"allow":["GET"]}}],"collection":[{"href":"https:\/\/snuipp86.fr\/index.php\/wp-json\/wp\/v2\/posts"}],"about":[{"href":"https:\/\/snuipp86.fr\/index.php\/wp-json\/wp\/v2\/types\/post"}],"author":[{"embeddable":true,"href":"https:\/\/snuipp86.fr\/index.php\/wp-json\/wp\/v2\/users\/7"}],"replies":[{"embeddable":true,"href":"https:\/\/snuipp86.fr\/index.php\/wp-json\/wp\/v2\/comments?post=28051"}],"version-history":[{"count":8,"href":"https:\/\/snuipp86.fr\/index.php\/wp-json\/wp\/v2\/posts\/28051\/revisions"}],"predecessor-version":[{"id":28074,"href":"https:\/\/snuipp86.fr\/index.php\/wp-json\/wp\/v2\/posts\/28051\/revisions\/28074"}],"wp:featuredmedia":[{"embeddable":true,"href":"https:\/\/snuipp86.fr\/index.php\/wp-json\/wp\/v2\/media\/26856"}],"wp:attachment":[{"href":"https:\/\/snuipp86.fr\/index.php\/wp-json\/wp\/v2\/media?parent=28051"}],"wp:term":[{"taxonomy":"category","embeddable":true,"href":"https:\/\/snuipp86.fr\/index.php\/wp-json\/wp\/v2\/categories?post=28051"},{"taxonomy":"post_tag","embeddable":true,"href":"https:\/\/snuipp86.fr\/index.php\/wp-json\/wp\/v2\/tags?post=28051"}],"curies":[{"name":"wp","href":"https:\/\/api.w.org\/{rel}","templated":true}]}}