{"id":28060,"date":"2026-04-30T12:24:58","date_gmt":"2026-04-30T10:24:58","guid":{"rendered":"https:\/\/snuipp86.fr\/?p=28060"},"modified":"2026-04-30T12:24:58","modified_gmt":"2026-04-30T10:24:58","slug":"offres-preau-legendia-parc-privatise-compagnies-maritimes-colos-vacances","status":"publish","type":"post","link":"https:\/\/snuipp86.fr\/index.php\/2026\/04\/30\/offres-preau-legendia-parc-privatise-compagnies-maritimes-colos-vacances\/","title":{"rendered":"Offres Pr\u00e9au : L\u00c9GENDIA PARC privatis\u00e9, compagnies maritimes, colos, vacances"},"content":{"rendered":"<p><a href=\"https:\/\/www.preau.education.fr\/\" target=\"_blank\" rel=\"noopener\"><img decoding=\"async\" class=\"\" src=\"https:\/\/www.preau.education.fr\/media\/logo\/stores\/1\/Pre_au_soutenu_par_1.png\" alt=\"\" width=\"392\" height=\"94\" \/><\/a><\/p>\n<p>&nbsp;<\/p>\n<h1 data-content-type=\"heading\" data-appearance=\"default\" data-element=\"main\"><a href=\"https:\/\/www.preau.education.fr\/legendia-parc\">\ud83d\udce3 \ud83c\udf89 L\u00e9gendia Parc privatis\u00e9 : une journ\u00e9e unique rien que pour vous !<\/a><a href=\"https:\/\/www.preau.education.fr\/legendia-parc\">\ud83c\udf89<\/a><\/h1>\n<p><a href=\"https:\/\/www.preau.education.fr\/legendia-parc\" target=\"_blank\" rel=\"noopener\"><img decoding=\"async\" class=\"alignnone\" src=\"https:\/\/legendiaparc.com\/wp-content\/uploads\/2025\/02\/logo-png.webp\" alt=\"\" width=\"502\" height=\"251\" \/><\/a><a href=\"https:\/\/www.preau.education.fr\/legendia-parc\"><img decoding=\"async\" class=\"\" src=\"https:\/\/media.ulule.com\/cache\/a\/2\/51964acd87171681fdba3fcd45c47b.jpg\" alt=\"\" width=\"244\" height=\"345\" \/><\/a><\/p>\n<p>Profitez de Legendia Parc comme vous ne l\u2019avez jamais v\u00e9cu : une exp\u00e9rience immersive et inoubliable en compagnie de vos proches, au c\u0153ur d\u2019un univers f\u00e9erique, o\u00f9 les animaux et les l\u00e9gendes prennent vie sous vos yeux. Rendez-vous le samedi 6 juin 2026 pour une journ\u00e9e 100% privatis\u00e9e pour vous \u00e0 Legendia Parc \u2014 une exp\u00e9rience exclusive r\u00e9serv\u00e9e aux adh\u00e9rents Pr\u00e9au !<\/p>\n<p style=\"text-align: center;\">Date de l\u2019\u00e9v\u00e9nement : <strong>Samedi 6 juin 2026, de 10h \u00e0 19h<\/strong><\/p>\n<p style=\"text-align: center;\">Lieu : <strong>Legendia Parc, 4, La Poitevini\u00e8re 44320 FROSSAY (pr\u00e8s de Nantes)<\/strong><\/p>\n<p style=\"text-align: center;\">Tarif r\u00e9duit :\u00a0<strong>10\u20ac par personne <\/strong>(gratuit pour les -3 ans)<\/p>\n<p style=\"text-align: center;\">Parking gratuit<\/p>\n<p style=\"text-align: center;\"><span style=\"color: #0000ff;\"><em><strong><a style=\"color: #0000ff;\" href=\"https:\/\/www.preau.education.fr\/legendia-parc\">R\u00c9SERVATION<\/a><\/strong><\/em><\/span><\/p>\n<p>Une journ\u00e9e \u00e0 Legendia Parc, c\u2019est une immersion dans un monde r\u00eaves et de L\u00e9gendes. Arpentez les all\u00e9es ombrag\u00e9es du parc et partez \u00e0 la rencontre de plus de 500 animaux de 60 esp\u00e8ces diff\u00e9rentes : ours, lynx, loups, puma&#8230; au c\u0153ur d\u2019un \u00e9crin de verdure.<\/p>\n<p>Traversez des univers oniriques et immersifs, tels que le Camp des Orcs, le Peuple des Na\u00efades et la For\u00eat des Ents.<\/p>\n<p>Tout au long de la journ\u00e9e, \u00e9merveillez-vous devant de fabuleux spectacles vivants, ancr\u00e9s au c\u0153ur des l\u00e9gendes du beau Pays de Retz. En salle ou en plein-air, les cr\u00e9ations artistiques raviront petits et grands.<\/p>\n<p>Nouveaut\u00e9s 2026 : d\u00e9couvrez 2 nouveaux univers \u00ab Le For\u00eat des Ents \u00bb et \u00ab Dragonia \u00bb : immersion, attractions, man\u00e8ge, aire de jeux, animations\u2026 et nouveaux shows !<\/p>\n<p>&nbsp;<\/p>\n<h1>Transports maritimes<\/h1>\n<p>Offres partenaires<\/p>\n<p><a class=\"product photo product-item-photo block mx-auto mb-3 \" title=\"Corsica Lin\u00e9a\" href=\"https:\/\/www.preau.education.fr\/partenaire-corsica-linea.html\"><img decoding=\"async\" class=\"hover:shadow-sm object-contain product-image-photo\" title=\"Corsica Lin\u00e9a\" src=\"https:\/\/www.preau.education.fr\/media\/catalog\/product\/e\/7\/e7ac281f-7b87-44fe-b509-4a264b5c361e.jpg?optimize=medium&amp;bg-color=255,255,255&amp;fit=bounds&amp;height=360&amp;width=360&amp;canvas=360:360\" alt=\"Corsica Lin\u00e9a\" width=\"188\" height=\"188\" \/><\/a><a class=\"product photo product-item-photo block mx-auto mb-3 \" title=\"La M\u00e9ridionale\" href=\"https:\/\/www.preau.education.fr\/partenaire-lameridionale.html\"><img decoding=\"async\" class=\"hover:shadow-sm object-contain product-image-photo\" title=\"La M\u00e9ridionale\" src=\"https:\/\/www.preau.education.fr\/media\/catalog\/product\/2\/2\/22c8c1ab-2c7f-4576-9aaf-09db666984c1.jpg?optimize=medium&amp;bg-color=255,255,255&amp;fit=bounds&amp;height=360&amp;width=360&amp;canvas=360:360\" alt=\"La M\u00e9ridionale\" width=\"188\" height=\"188\" \/><\/a><a class=\"product photo product-item-photo block mx-auto mb-3 \" title=\"Manche \u00eeles Express\" href=\"https:\/\/www.preau.education.fr\/partenaire-manche-iles.html\"><img decoding=\"async\" class=\"hover:shadow-sm object-contain product-image-photo\" title=\"Manche \u00eeles Express\" src=\"https:\/\/www.preau.education.fr\/media\/catalog\/product\/8\/7\/87fc140b-2af9-497d-bc3c-d6fcc7e03768.jpg?optimize=medium&amp;bg-color=255,255,255&amp;fit=bounds&amp;height=360&amp;width=360&amp;canvas=360:360\" alt=\"Manche \u00eeles Express\" width=\"188\" height=\"188\" \/><\/a><\/p>\n<p><a class=\"product photo product-item-photo block mx-auto mb-3 \" title=\"Navix\" href=\"https:\/\/www.preau.education.fr\/navix.html\"><img decoding=\"async\" class=\"hover:shadow-sm object-contain product-image-photo\" title=\"Navix\" src=\"https:\/\/www.preau.education.fr\/media\/catalog\/product\/n\/a\/navix_1.jpg?optimize=medium&amp;bg-color=255,255,255&amp;fit=bounds&amp;height=360&amp;width=360&amp;canvas=360:360\" alt=\"Navix\" width=\"188\" height=\"188\" \/><\/a><a class=\"product photo product-item-photo block mx-auto mb-3 \" title=\"Vedettes Odet\" href=\"https:\/\/www.preau.education.fr\/vedettes-odet.html\"><img decoding=\"async\" class=\"hover:shadow-sm object-contain product-image-photo\" title=\"Vedettes Odet\" src=\"https:\/\/www.preau.education.fr\/media\/catalog\/product\/v\/i\/vignette-vedettes-odet.png?optimize=medium&amp;bg-color=255,255,255&amp;fit=bounds&amp;height=360&amp;width=360&amp;canvas=360:360\" alt=\"Vedettes Odet\" width=\"188\" height=\"188\" \/><\/a><\/p>\n<p>&nbsp;<\/p>\n<h1 class=\"text-gray-900 page-title title-font\"><a href=\"https:\/\/www.preau.education.fr\/partenaire-les-fauvettes.html\"><span class=\"base\" data-ui-id=\"page-title-wrapper\">COLOS : Association les Fauvettes<\/span><\/a><\/h1>\n<div class=\"mb-4 leading-relaxed product-description prose\"><img decoding=\"async\" class=\"\" src=\"https:\/\/www.preau.education.fr\/media\/catalog\/product\/l\/p\/lpa011.jpg?optimize=medium&amp;bg-color=255,255,255&amp;fit=bounds&amp;height=&amp;width=&amp;canvas=:\" alt=\"\" width=\"191\" height=\"191\" \/><\/div>\n<div class=\"mb-4 leading-relaxed product-description prose\">Fond\u00e9e en 1960 par le minist\u00e8re de l&rsquo;\u00c9ducation nationale, l&rsquo;association Les Fauvettes est le principal op\u00e9rateur d&rsquo;aide aux vacances pour les enfants des personnels de l&rsquo;\u00c9ducation nationale. Les Fauvettes propose des colonies de vacances vari\u00e9es en France et \u00e0 l&rsquo;\u00e9tranger, ainsi que des s\u00e9jours linguistiques.<\/div>\n<div class=\"\">\n<div class=\"flex mt-5 w-full justify-end\"><a class=\"btn btn-primary w-full text-center no-underline\" title=\"D\u00e9couvrir\" href=\"https:\/\/www.les-fauvettes.fr\/?utm_source=web&amp;utm_medium=preau\" target=\"_blank\" rel=\"noopener noreferrer\"><span class=\"w-full text-center\">D\u00e9couvrir<\/span><\/a><\/div>\n<\/div>\n<div><\/div>\n<div>\n<div class=\"container flex flex-col md:flex-row flex-wrap my-6 font-bold lg:mt-8 mt-0 product text-3xl font-semibold text-center md:px-0 md:mt-10 md:mb-3\">\n<h1 class=\"text-gray-900 page-title title-font\"><a href=\"https:\/\/www.preau.education.fr\/mileade.html\"><span class=\"base\" data-ui-id=\"page-title-wrapper\">Mil\u00e9ade<\/span><\/a><\/h1>\n<\/div>\n<div id=\"gallery\" class=\"w-full pt-6 md:pt-0 md:h-auto md:row-start-1 md:row-span-2 md:col-start-1\">\n<div>\n<div class=\"relative self-center w-full\">\n<div class=\"relative mb-6\" aria-live=\"polite\"><a href=\"https:\/\/www.preau.education.fr\/mileade.html\"><img decoding=\"async\" class=\"absolute inset-0 object-contain object-center w-full m-auto max-w-max max-h-screen-75 rounded-2xl\" title=\"Mil\u00e9ade\" src=\"https:\/\/www.preau.education.fr\/media\/catalog\/product\/f\/r\/frambulleblanc.jpg?optimize=medium&amp;bg-color=255,255,255&amp;fit=bounds&amp;height=700&amp;width=700&amp;canvas=700:700\" alt=\"Mil\u00e9ade\" width=\"197\" height=\"197\" \/><\/a><button class=\"absolute inset-0 w-full outline-offset-2\" type=\"button\" aria-label=\"Click to view image in fullscreen\"><\/button><\/div>\n<\/div>\n<div class=\"absolute top-0 right-0 pt-4 pr-4\">Mil\u00e9ade est un organisme de tourisme issu de l\u2019\u00e9conomie sociale et solidaire, qui g\u00e8re plus de 35 villages vacances et h\u00f4tels 3 \u00e9toiles en France et propose diff\u00e9rentes formules de s\u00e9jour avec des activit\u00e9s pour tous les \u00e2ges.<\/div>\n<\/div>\n<\/div>\n<div class=\"w-full mb-6\">\n<div class=\"\">\n<div class=\"flex mt-5 w-full justify-end\"><a class=\"btn btn-primary w-full text-center no-underline\" title=\"D\u00e9couvrir\" href=\"https:\/\/www.preau.education.fr\/customer\/account\/login\/referer\/aHR0cHM6Ly93d3cucHJlYXUuZWR1Y2F0aW9uLmZyL2N1c3RvbWVyL2FjY291bnQvaW5kZXgvZm9ybV9rZXkvSHVYbkp5OURta1B5SnpUdS8~\/\" target=\"_blank\" rel=\"noopener noreferrer\"><span class=\"w-full text-center\">D\u00e9couvrir<\/span><\/a><\/div>\n<\/div>\n<\/div>\n<\/div>\n<div class=\"product-info flex flex-col grow text-center\"><\/div>\n<div><\/div>\n<div><\/div>\n<p>&nbsp;<\/p>\n<div class=\"product-info flex flex-col grow text-center\">\n<div class=\"py-1 mx-auto \"><\/div>\n<\/div>\n<p>&nbsp;<\/p>\n","protected":false},"excerpt":{"rendered":"<p>&nbsp; \ud83d\udce3 \ud83c\udf89 L\u00e9gendia Parc privatis\u00e9 : une journ\u00e9e unique rien que pour vous !\ud83c\udf89 Profitez de Legendia Parc comme vous ne l\u2019avez jamais v\u00e9cu : une exp\u00e9rience immersive et inoubliable en compagnie de vos proches, au c\u0153ur d\u2019un univers f\u00e9erique, o\u00f9 les animaux et les l\u00e9gendes prennent vie sous vos yeux. Rendez-vous le samedi 6 [&hellip;]<\/p>\n","protected":false},"author":7,"featured_media":27004,"comment_status":"closed","ping_status":"closed","sticky":false,"template":"","format":"standard","meta":{"footnotes":""},"categories":[14,62],"tags":[54,38,10,11],"class_list":["post-28060","post","type-post","status-publish","format-standard","has-post-thumbnail","hentry","category-a-la-une","category-action-sociale","tag-action-sociale","tag-aesh","tag-neo","tag-retraite"],"yoast_head":"<!-- This site is optimized with the Yoast SEO plugin v26.6 - https:\/\/yoast.com\/wordpress\/plugins\/seo\/ -->\n<title>Offres Pr\u00e9au : L\u00c9GENDIA PARC privatis\u00e9, compagnies maritimes, colos, vacances - FSU-SNUipp 86<\/title>\n<meta name=\"robots\" content=\"index, follow, max-snippet:-1, max-image-preview:large, max-video-preview:-1\" \/>\n<link rel=\"canonical\" href=\"https:\/\/snuipp86.fr\/index.php\/2026\/04\/30\/offres-preau-legendia-parc-privatise-compagnies-maritimes-colos-vacances\/\" \/>\n<meta property=\"og:locale\" content=\"fr_FR\" \/>\n<meta property=\"og:type\" content=\"article\" \/>\n<meta property=\"og:title\" content=\"Offres Pr\u00e9au : L\u00c9GENDIA PARC privatis\u00e9, compagnies maritimes, colos, vacances - FSU-SNUipp 86\" \/>\n<meta property=\"og:description\" content=\"&nbsp; \ud83d\udce3 \ud83c\udf89 L\u00e9gendia Parc privatis\u00e9 : une journ\u00e9e unique rien que pour vous !\ud83c\udf89 Profitez de Legendia Parc comme vous ne l\u2019avez jamais v\u00e9cu : une exp\u00e9rience immersive et inoubliable en compagnie de vos proches, au c\u0153ur d\u2019un univers f\u00e9erique, o\u00f9 les animaux et les l\u00e9gendes prennent vie sous vos yeux. Rendez-vous le samedi 6 [&hellip;]\" \/>\n<meta property=\"og:url\" content=\"https:\/\/snuipp86.fr\/index.php\/2026\/04\/30\/offres-preau-legendia-parc-privatise-compagnies-maritimes-colos-vacances\/\" \/>\n<meta property=\"og:site_name\" content=\"FSU-SNUipp 86\" \/>\n<meta property=\"article:published_time\" content=\"2026-04-30T10:24:58+00:00\" \/>\n<meta property=\"og:image\" content=\"https:\/\/snuipp86.fr\/wp-content\/uploads\/2025\/09\/PREAU-logo.png\" \/>\n\t<meta property=\"og:image:width\" content=\"557\" \/>\n\t<meta property=\"og:image:height\" content=\"200\" \/>\n\t<meta property=\"og:image:type\" content=\"image\/png\" \/>\n<meta name=\"author\" content=\"Emilie Bordes\" \/>\n<meta name=\"twitter:card\" content=\"summary_large_image\" \/>\n<meta name=\"twitter:label1\" content=\"\u00c9crit par\" \/>\n\t<meta name=\"twitter:data1\" content=\"Emilie Bordes\" \/>\n\t<meta name=\"twitter:label2\" content=\"Dur\u00e9e de lecture estim\u00e9e\" \/>\n\t<meta name=\"twitter:data2\" content=\"4 minutes\" \/>\n<script type=\"application\/ld+json\" class=\"yoast-schema-graph\">{\"@context\":\"https:\/\/schema.org\",\"@graph\":[{\"@type\":\"WebPage\",\"@id\":\"https:\/\/snuipp86.fr\/index.php\/2026\/04\/30\/offres-preau-legendia-parc-privatise-compagnies-maritimes-colos-vacances\/\",\"url\":\"https:\/\/snuipp86.fr\/index.php\/2026\/04\/30\/offres-preau-legendia-parc-privatise-compagnies-maritimes-colos-vacances\/\",\"name\":\"Offres Pr\u00e9au : L\u00c9GENDIA PARC privatis\u00e9, compagnies maritimes, colos, vacances - FSU-SNUipp 86\",\"isPartOf\":{\"@id\":\"https:\/\/snuipp86.fr\/#website\"},\"primaryImageOfPage\":{\"@id\":\"https:\/\/snuipp86.fr\/index.php\/2026\/04\/30\/offres-preau-legendia-parc-privatise-compagnies-maritimes-colos-vacances\/#primaryimage\"},\"image\":{\"@id\":\"https:\/\/snuipp86.fr\/index.php\/2026\/04\/30\/offres-preau-legendia-parc-privatise-compagnies-maritimes-colos-vacances\/#primaryimage\"},\"thumbnailUrl\":\"https:\/\/snuipp86.fr\/wp-content\/uploads\/2025\/09\/PREAU-logo.png\",\"datePublished\":\"2026-04-30T10:24:58+00:00\",\"author\":{\"@id\":\"https:\/\/snuipp86.fr\/#\/schema\/person\/32551eb3043810865742a1acf011001d\"},\"breadcrumb\":{\"@id\":\"https:\/\/snuipp86.fr\/index.php\/2026\/04\/30\/offres-preau-legendia-parc-privatise-compagnies-maritimes-colos-vacances\/#breadcrumb\"},\"inLanguage\":\"fr-FR\",\"potentialAction\":[{\"@type\":\"ReadAction\",\"target\":[\"https:\/\/snuipp86.fr\/index.php\/2026\/04\/30\/offres-preau-legendia-parc-privatise-compagnies-maritimes-colos-vacances\/\"]}]},{\"@type\":\"ImageObject\",\"inLanguage\":\"fr-FR\",\"@id\":\"https:\/\/snuipp86.fr\/index.php\/2026\/04\/30\/offres-preau-legendia-parc-privatise-compagnies-maritimes-colos-vacances\/#primaryimage\",\"url\":\"https:\/\/snuipp86.fr\/wp-content\/uploads\/2025\/09\/PREAU-logo.png\",\"contentUrl\":\"https:\/\/snuipp86.fr\/wp-content\/uploads\/2025\/09\/PREAU-logo.png\",\"width\":557,\"height\":200},{\"@type\":\"BreadcrumbList\",\"@id\":\"https:\/\/snuipp86.fr\/index.php\/2026\/04\/30\/offres-preau-legendia-parc-privatise-compagnies-maritimes-colos-vacances\/#breadcrumb\",\"itemListElement\":[{\"@type\":\"ListItem\",\"position\":1,\"name\":\"Accueil\",\"item\":\"https:\/\/snuipp86.fr\/\"},{\"@type\":\"ListItem\",\"position\":2,\"name\":\"Offres Pr\u00e9au : L\u00c9GENDIA PARC privatis\u00e9, compagnies maritimes, colos, vacances\"}]},{\"@type\":\"WebSite\",\"@id\":\"https:\/\/snuipp86.fr\/#website\",\"url\":\"https:\/\/snuipp86.fr\/\",\"name\":\"FSU-SNUipp 86\",\"description\":\"Des id\u00e9es qui font l&#039;\u00e9cole\",\"potentialAction\":[{\"@type\":\"SearchAction\",\"target\":{\"@type\":\"EntryPoint\",\"urlTemplate\":\"https:\/\/snuipp86.fr\/?s={search_term_string}\"},\"query-input\":{\"@type\":\"PropertyValueSpecification\",\"valueRequired\":true,\"valueName\":\"search_term_string\"}}],\"inLanguage\":\"fr-FR\"},{\"@type\":\"Person\",\"@id\":\"https:\/\/snuipp86.fr\/#\/schema\/person\/32551eb3043810865742a1acf011001d\",\"name\":\"Emilie Bordes\",\"image\":{\"@type\":\"ImageObject\",\"inLanguage\":\"fr-FR\",\"@id\":\"https:\/\/snuipp86.fr\/#\/schema\/person\/image\/\",\"url\":\"https:\/\/secure.gravatar.com\/avatar\/571abcf3c12ab1aaba66450f3ac5c0f8355284f01f7342dd440489ae804a109e?s=96&d=mm&r=g\",\"contentUrl\":\"https:\/\/secure.gravatar.com\/avatar\/571abcf3c12ab1aaba66450f3ac5c0f8355284f01f7342dd440489ae804a109e?s=96&d=mm&r=g\",\"caption\":\"Emilie Bordes\"},\"url\":\"https:\/\/snuipp86.fr\/index.php\/author\/ebordes\/\"}]}<\/script>\n<!-- \/ Yoast SEO plugin. -->","yoast_head_json":{"title":"Offres Pr\u00e9au : L\u00c9GENDIA PARC privatis\u00e9, compagnies maritimes, colos, vacances - FSU-SNUipp 86","robots":{"index":"index","follow":"follow","max-snippet":"max-snippet:-1","max-image-preview":"max-image-preview:large","max-video-preview":"max-video-preview:-1"},"canonical":"https:\/\/snuipp86.fr\/index.php\/2026\/04\/30\/offres-preau-legendia-parc-privatise-compagnies-maritimes-colos-vacances\/","og_locale":"fr_FR","og_type":"article","og_title":"Offres Pr\u00e9au : L\u00c9GENDIA PARC privatis\u00e9, compagnies maritimes, colos, vacances - FSU-SNUipp 86","og_description":"&nbsp; \ud83d\udce3 \ud83c\udf89 L\u00e9gendia Parc privatis\u00e9 : une journ\u00e9e unique rien que pour vous !\ud83c\udf89 Profitez de Legendia Parc comme vous ne l\u2019avez jamais v\u00e9cu : une exp\u00e9rience immersive et inoubliable en compagnie de vos proches, au c\u0153ur d\u2019un univers f\u00e9erique, o\u00f9 les animaux et les l\u00e9gendes prennent vie sous vos yeux. Rendez-vous le samedi 6 [&hellip;]","og_url":"https:\/\/snuipp86.fr\/index.php\/2026\/04\/30\/offres-preau-legendia-parc-privatise-compagnies-maritimes-colos-vacances\/","og_site_name":"FSU-SNUipp 86","article_published_time":"2026-04-30T10:24:58+00:00","og_image":[{"width":557,"height":200,"url":"https:\/\/snuipp86.fr\/wp-content\/uploads\/2025\/09\/PREAU-logo.png","type":"image\/png"}],"author":"Emilie Bordes","twitter_card":"summary_large_image","twitter_misc":{"\u00c9crit par":"Emilie Bordes","Dur\u00e9e de lecture estim\u00e9e":"4 minutes"},"schema":{"@context":"https:\/\/schema.org","@graph":[{"@type":"WebPage","@id":"https:\/\/snuipp86.fr\/index.php\/2026\/04\/30\/offres-preau-legendia-parc-privatise-compagnies-maritimes-colos-vacances\/","url":"https:\/\/snuipp86.fr\/index.php\/2026\/04\/30\/offres-preau-legendia-parc-privatise-compagnies-maritimes-colos-vacances\/","name":"Offres Pr\u00e9au : L\u00c9GENDIA PARC privatis\u00e9, compagnies maritimes, colos, vacances - FSU-SNUipp 86","isPartOf":{"@id":"https:\/\/snuipp86.fr\/#website"},"primaryImageOfPage":{"@id":"https:\/\/snuipp86.fr\/index.php\/2026\/04\/30\/offres-preau-legendia-parc-privatise-compagnies-maritimes-colos-vacances\/#primaryimage"},"image":{"@id":"https:\/\/snuipp86.fr\/index.php\/2026\/04\/30\/offres-preau-legendia-parc-privatise-compagnies-maritimes-colos-vacances\/#primaryimage"},"thumbnailUrl":"https:\/\/snuipp86.fr\/wp-content\/uploads\/2025\/09\/PREAU-logo.png","datePublished":"2026-04-30T10:24:58+00:00","author":{"@id":"https:\/\/snuipp86.fr\/#\/schema\/person\/32551eb3043810865742a1acf011001d"},"breadcrumb":{"@id":"https:\/\/snuipp86.fr\/index.php\/2026\/04\/30\/offres-preau-legendia-parc-privatise-compagnies-maritimes-colos-vacances\/#breadcrumb"},"inLanguage":"fr-FR","potentialAction":[{"@type":"ReadAction","target":["https:\/\/snuipp86.fr\/index.php\/2026\/04\/30\/offres-preau-legendia-parc-privatise-compagnies-maritimes-colos-vacances\/"]}]},{"@type":"ImageObject","inLanguage":"fr-FR","@id":"https:\/\/snuipp86.fr\/index.php\/2026\/04\/30\/offres-preau-legendia-parc-privatise-compagnies-maritimes-colos-vacances\/#primaryimage","url":"https:\/\/snuipp86.fr\/wp-content\/uploads\/2025\/09\/PREAU-logo.png","contentUrl":"https:\/\/snuipp86.fr\/wp-content\/uploads\/2025\/09\/PREAU-logo.png","width":557,"height":200},{"@type":"BreadcrumbList","@id":"https:\/\/snuipp86.fr\/index.php\/2026\/04\/30\/offres-preau-legendia-parc-privatise-compagnies-maritimes-colos-vacances\/#breadcrumb","itemListElement":[{"@type":"ListItem","position":1,"name":"Accueil","item":"https:\/\/snuipp86.fr\/"},{"@type":"ListItem","position":2,"name":"Offres Pr\u00e9au : L\u00c9GENDIA PARC privatis\u00e9, compagnies maritimes, colos, vacances"}]},{"@type":"WebSite","@id":"https:\/\/snuipp86.fr\/#website","url":"https:\/\/snuipp86.fr\/","name":"FSU-SNUipp 86","description":"Des id\u00e9es qui font l&#039;\u00e9cole","potentialAction":[{"@type":"SearchAction","target":{"@type":"EntryPoint","urlTemplate":"https:\/\/snuipp86.fr\/?s={search_term_string}"},"query-input":{"@type":"PropertyValueSpecification","valueRequired":true,"valueName":"search_term_string"}}],"inLanguage":"fr-FR"},{"@type":"Person","@id":"https:\/\/snuipp86.fr\/#\/schema\/person\/32551eb3043810865742a1acf011001d","name":"Emilie Bordes","image":{"@type":"ImageObject","inLanguage":"fr-FR","@id":"https:\/\/snuipp86.fr\/#\/schema\/person\/image\/","url":"https:\/\/secure.gravatar.com\/avatar\/571abcf3c12ab1aaba66450f3ac5c0f8355284f01f7342dd440489ae804a109e?s=96&d=mm&r=g","contentUrl":"https:\/\/secure.gravatar.com\/avatar\/571abcf3c12ab1aaba66450f3ac5c0f8355284f01f7342dd440489ae804a109e?s=96&d=mm&r=g","caption":"Emilie Bordes"},"url":"https:\/\/snuipp86.fr\/index.php\/author\/ebordes\/"}]}},"_links":{"self":[{"href":"https:\/\/snuipp86.fr\/index.php\/wp-json\/wp\/v2\/posts\/28060","targetHints":{"allow":["GET"]}}],"collection":[{"href":"https:\/\/snuipp86.fr\/index.php\/wp-json\/wp\/v2\/posts"}],"about":[{"href":"https:\/\/snuipp86.fr\/index.php\/wp-json\/wp\/v2\/types\/post"}],"author":[{"embeddable":true,"href":"https:\/\/snuipp86.fr\/index.php\/wp-json\/wp\/v2\/users\/7"}],"replies":[{"embeddable":true,"href":"https:\/\/snuipp86.fr\/index.php\/wp-json\/wp\/v2\/comments?post=28060"}],"version-history":[{"count":7,"href":"https:\/\/snuipp86.fr\/index.php\/wp-json\/wp\/v2\/posts\/28060\/revisions"}],"predecessor-version":[{"id":28073,"href":"https:\/\/snuipp86.fr\/index.php\/wp-json\/wp\/v2\/posts\/28060\/revisions\/28073"}],"wp:featuredmedia":[{"embeddable":true,"href":"https:\/\/snuipp86.fr\/index.php\/wp-json\/wp\/v2\/media\/27004"}],"wp:attachment":[{"href":"https:\/\/snuipp86.fr\/index.php\/wp-json\/wp\/v2\/media?parent=28060"}],"wp:term":[{"taxonomy":"category","embeddable":true,"href":"https:\/\/snuipp86.fr\/index.php\/wp-json\/wp\/v2\/categories?post=28060"},{"taxonomy":"post_tag","embeddable":true,"href":"https:\/\/snuipp86.fr\/index.php\/wp-json\/wp\/v2\/tags?post=28060"}],"curies":[{"name":"wp","href":"https:\/\/api.w.org\/{rel}","templated":true}]}}