{"id":28079,"date":"2026-04-30T17:04:01","date_gmt":"2026-04-30T15:04:01","guid":{"rendered":"https:\/\/snuipp86.fr\/?p=28079"},"modified":"2026-04-30T17:28:08","modified_gmt":"2026-04-30T15:28:08","slug":"accident-de-service-comment-ca-marche","status":"publish","type":"post","link":"https:\/\/snuipp86.fr\/index.php\/2026\/04\/30\/accident-de-service-comment-ca-marche\/","title":{"rendered":"Accident de service, de trajet : comment \u00e7a marche ?"},"content":{"rendered":"<p>Dans un contexte o\u00f9 nos conditions de travail se d\u00e9gradent, il est essentiel de conna\u00eetre ses droits. La FSU-SNUipp 86 fait le point avec vous sur l&rsquo;accident de service. Cet article ne concerne que les fonctionnaires.<\/p>\n<h1><span style=\"color: #0000ff;\">Qu&rsquo;est ce qu&rsquo;un accident de service ?<\/span><\/h1>\n<p>\u00ab\u00a0Est pr\u00e9sum\u00e9 imputable au service tout accident survenu \u00e0 un fonctionnaire, quelle qu&rsquo;en soit la cause, dans le temps et le lieu du service, dans l&rsquo;exercice ou \u00e0 l&rsquo;occasion de l&rsquo;exercice par le fonctionnaire de ses fonctions ou d&rsquo;une activit\u00e9 qui en constitue le prolongement normal, en l&rsquo;absence de faute personnelle ou de toute autre circonstance particuli\u00e8re d\u00e9tachant l&rsquo;accident du service\u00a0\u00bb. <strong>La l\u00e9sion peut \u00eatre physique et\/ou psychologique.<\/strong><\/p>\n<h1><span style=\"color: #0000ff;\">Que dois-je faire ?<\/span><\/h1>\n<ul>\n<li>Je vais chez mon m\u00e9decin, m\u00eame si l&rsquo;accident ne n\u00e9cessite pas forc\u00e9ment un arr\u00eat de travail. Je demande \u00e0 mon m\u00e9decin de compl\u00e9ter le Cerfa relatif aux accidents de travail. J&rsquo;ai <span style=\"color: #ff0000;\"><strong>48h<\/strong> <\/span>pour l&rsquo;envoyer \u00e0 mon IEN + \u00e0 l&rsquo;adresse <a href=\"mailto:conges-speciaux@ac-poitiers.fr\">conges-speciaux@ac-poitiers.fr\u00a0<\/a><\/li>\n<li>Si cela donne lieu \u00e0 un arr\u00eat de travail, je transmets aussi celui-ci \u00e0 mon IEN.<\/li>\n<li>Je remplis la d\u00e9claration d&rsquo;accident de service. Si j&rsquo;ai un ou plusieurs t\u00e9moin-s, je peux leur faire compl\u00e9ter la partie d\u00e9di\u00e9e. <a href=\"https:\/\/intranet.ac-poitiers.fr\/article\/accidents-de-travail-maladies-professionnelles\">D\u00e9claration accident de service<\/a><\/li>\n<li>Je transmets cette d\u00e9claration dans les <strong><span style=\"color: #ff0000;\">15 jours<\/span><\/strong> \u00e0 mon IEN + \u00e0 l&rsquo;adresse <a href=\"mailto:conges-speciaux@ac-poitiers.fr\">conges-speciaux@ac-poitiers.fr<\/a><\/li>\n<\/ul>\n<h1><span style=\"color: #0000ff;\">Et ensuite ?<\/span><\/h1>\n<p>La proc\u00e9dure de reconnaissance peut \u00eatre longue. C&rsquo;est la cellule cong\u00e9s sp\u00e9ciaux du rectorat qui revient vers moi.\u00a0Celle-ci peut solliciter l&rsquo;examen de la situation par le m\u00e9decin expert.<\/p>\n<p><span style=\"color: #ff0000;\"><strong>Si l&rsquo;accident est bien reconnu comme imputable au service,<\/strong><\/span> mon \u00e9ventuel arr\u00eat de travail (CITIS) est pris en charge \u00e0 100% d\u00e8s le 1er jour (pas de jour de carence) sans limite de dur\u00e9e. Les frais engag\u00e9s seront rembours\u00e9s.<\/p>\n<p><strong><span style=\"color: #ff0000;\">Si l&rsquo;accident n&rsquo;est pas reconnu comme imputable au service,<\/span><\/strong> je peux faire un recours gracieux en \u00e9tant accompagn\u00e9 par la FSU-SNUipp 86. Si le recours gracieux n&rsquo;aboutie pas, je peux engager des d\u00e9marches aupr\u00e8s du Tribunal administratif.<\/p>\n<h1><span style=\"color: #0000ff;\">Pourquoi et quand d\u00e9clarer un accident de service ?<\/span><\/h1>\n<ul>\n<li>C&rsquo;est l&rsquo;administration qui prend en charge les frais si l&rsquo;accident est reconnu comme relevant d&rsquo;un accident de service.<\/li>\n<li>La prise en charge est de 100% d\u00e8s le premier jour (pas de jour de carence, pas de passage \u00e0 90%).<\/li>\n<li>Sur le moment, je peux avoir l&rsquo;impression que cela n&rsquo;est pas n\u00e9cessaire, mais les cons\u00e9quences physiques et\/ou psychologiques peuvent intervenir ou avoir des r\u00e9percussions plus tard.<\/li>\n<\/ul>\n<h1><span style=\"color: #0000ff;\">L&rsquo;accident de trajet<\/span><\/h1>\n<p>\u00ab\u00a0Est reconnu imputable au service , l&rsquo;accident de trajet dont est victime le fonctionnaire qui se produit sur le parcours habituel entre le lieu o\u00f9 s&rsquo;accomplit son service et sa r\u00e9sidence ou son lieu de restauration et pendant la dur\u00e9e normale pour l&rsquo;effectuer\u00a0\u00bb.<\/p>\n<p><strong>Je suis la m\u00eame proc\u00e9dure que l&rsquo;accident de service.\u00a0<\/strong><\/p>\n<p style=\"text-align: center;\"><span style=\"color: #ff0000;\"><strong>Dans toutes ces \u00e9tapes, contactez vos repr\u00e9sentant-es de la FSU-SNUipp 86 !<\/strong><\/span><\/p>\n<p>&nbsp;<\/p>\n<p>&nbsp;<\/p>\n","protected":false},"excerpt":{"rendered":"<p>Dans un contexte o\u00f9 nos conditions de travail se d\u00e9gradent, il est essentiel de conna\u00eetre ses droits. La FSU-SNUipp 86 fait le point avec vous sur l&rsquo;accident de service. Cet article ne concerne que les fonctionnaires. Qu&rsquo;est ce qu&rsquo;un accident de service ? \u00ab\u00a0Est pr\u00e9sum\u00e9 imputable au service tout accident survenu \u00e0 un fonctionnaire, quelle qu&rsquo;en [&hellip;]<\/p>\n","protected":false},"author":5,"featured_media":28080,"comment_status":"closed","ping_status":"closed","sticky":false,"template":"","format":"standard","meta":{"footnotes":""},"categories":[14],"tags":[],"class_list":["post-28079","post","type-post","status-publish","format-standard","has-post-thumbnail","hentry","category-a-la-une"],"yoast_head":"<!-- This site is optimized with the Yoast SEO plugin v26.6 - https:\/\/yoast.com\/wordpress\/plugins\/seo\/ -->\n<title>Accident de service, de trajet : comment \u00e7a marche ? - FSU-SNUipp 86<\/title>\n<meta name=\"robots\" content=\"index, follow, max-snippet:-1, max-image-preview:large, max-video-preview:-1\" \/>\n<link rel=\"canonical\" href=\"https:\/\/snuipp86.fr\/index.php\/2026\/04\/30\/accident-de-service-comment-ca-marche\/\" \/>\n<meta property=\"og:locale\" content=\"fr_FR\" \/>\n<meta property=\"og:type\" content=\"article\" \/>\n<meta property=\"og:title\" content=\"Accident de service, de trajet : comment \u00e7a marche ? - FSU-SNUipp 86\" \/>\n<meta property=\"og:description\" content=\"Dans un contexte o\u00f9 nos conditions de travail se d\u00e9gradent, il est essentiel de conna\u00eetre ses droits. La FSU-SNUipp 86 fait le point avec vous sur l&rsquo;accident de service. Cet article ne concerne que les fonctionnaires. Qu&rsquo;est ce qu&rsquo;un accident de service ? \u00ab\u00a0Est pr\u00e9sum\u00e9 imputable au service tout accident survenu \u00e0 un fonctionnaire, quelle qu&rsquo;en [&hellip;]\" \/>\n<meta property=\"og:url\" content=\"https:\/\/snuipp86.fr\/index.php\/2026\/04\/30\/accident-de-service-comment-ca-marche\/\" \/>\n<meta property=\"og:site_name\" content=\"FSU-SNUipp 86\" \/>\n<meta property=\"article:published_time\" content=\"2026-04-30T15:04:01+00:00\" \/>\n<meta property=\"article:modified_time\" content=\"2026-04-30T15:28:08+00:00\" \/>\n<meta property=\"og:image\" content=\"https:\/\/snuipp86.fr\/wp-content\/uploads\/2026\/04\/Visio-mouvement-1.png\" \/>\n\t<meta property=\"og:image:width\" content=\"940\" \/>\n\t<meta property=\"og:image:height\" content=\"788\" \/>\n\t<meta property=\"og:image:type\" content=\"image\/png\" \/>\n<meta name=\"author\" content=\"N\u00e9oSnu86\" \/>\n<meta name=\"twitter:card\" content=\"summary_large_image\" \/>\n<meta name=\"twitter:label1\" content=\"\u00c9crit par\" \/>\n\t<meta name=\"twitter:data1\" content=\"N\u00e9oSnu86\" \/>\n\t<meta name=\"twitter:label2\" content=\"Dur\u00e9e de lecture estim\u00e9e\" \/>\n\t<meta name=\"twitter:data2\" content=\"3 minutes\" \/>\n<script type=\"application\/ld+json\" class=\"yoast-schema-graph\">{\"@context\":\"https:\/\/schema.org\",\"@graph\":[{\"@type\":\"WebPage\",\"@id\":\"https:\/\/snuipp86.fr\/index.php\/2026\/04\/30\/accident-de-service-comment-ca-marche\/\",\"url\":\"https:\/\/snuipp86.fr\/index.php\/2026\/04\/30\/accident-de-service-comment-ca-marche\/\",\"name\":\"Accident de service, de trajet : comment \u00e7a marche ? - FSU-SNUipp 86\",\"isPartOf\":{\"@id\":\"https:\/\/snuipp86.fr\/#website\"},\"primaryImageOfPage\":{\"@id\":\"https:\/\/snuipp86.fr\/index.php\/2026\/04\/30\/accident-de-service-comment-ca-marche\/#primaryimage\"},\"image\":{\"@id\":\"https:\/\/snuipp86.fr\/index.php\/2026\/04\/30\/accident-de-service-comment-ca-marche\/#primaryimage\"},\"thumbnailUrl\":\"https:\/\/snuipp86.fr\/wp-content\/uploads\/2026\/04\/Visio-mouvement-1.png\",\"datePublished\":\"2026-04-30T15:04:01+00:00\",\"dateModified\":\"2026-04-30T15:28:08+00:00\",\"author\":{\"@id\":\"https:\/\/snuipp86.fr\/#\/schema\/person\/f407ef30edeadbbecdeeccc916f46b3f\"},\"breadcrumb\":{\"@id\":\"https:\/\/snuipp86.fr\/index.php\/2026\/04\/30\/accident-de-service-comment-ca-marche\/#breadcrumb\"},\"inLanguage\":\"fr-FR\",\"potentialAction\":[{\"@type\":\"ReadAction\",\"target\":[\"https:\/\/snuipp86.fr\/index.php\/2026\/04\/30\/accident-de-service-comment-ca-marche\/\"]}]},{\"@type\":\"ImageObject\",\"inLanguage\":\"fr-FR\",\"@id\":\"https:\/\/snuipp86.fr\/index.php\/2026\/04\/30\/accident-de-service-comment-ca-marche\/#primaryimage\",\"url\":\"https:\/\/snuipp86.fr\/wp-content\/uploads\/2026\/04\/Visio-mouvement-1.png\",\"contentUrl\":\"https:\/\/snuipp86.fr\/wp-content\/uploads\/2026\/04\/Visio-mouvement-1.png\",\"width\":940,\"height\":788},{\"@type\":\"BreadcrumbList\",\"@id\":\"https:\/\/snuipp86.fr\/index.php\/2026\/04\/30\/accident-de-service-comment-ca-marche\/#breadcrumb\",\"itemListElement\":[{\"@type\":\"ListItem\",\"position\":1,\"name\":\"Accueil\",\"item\":\"https:\/\/snuipp86.fr\/\"},{\"@type\":\"ListItem\",\"position\":2,\"name\":\"Accident de service, de trajet : comment \u00e7a marche ?\"}]},{\"@type\":\"WebSite\",\"@id\":\"https:\/\/snuipp86.fr\/#website\",\"url\":\"https:\/\/snuipp86.fr\/\",\"name\":\"FSU-SNUipp 86\",\"description\":\"Des id\u00e9es qui font l&#039;\u00e9cole\",\"potentialAction\":[{\"@type\":\"SearchAction\",\"target\":{\"@type\":\"EntryPoint\",\"urlTemplate\":\"https:\/\/snuipp86.fr\/?s={search_term_string}\"},\"query-input\":{\"@type\":\"PropertyValueSpecification\",\"valueRequired\":true,\"valueName\":\"search_term_string\"}}],\"inLanguage\":\"fr-FR\"},{\"@type\":\"Person\",\"@id\":\"https:\/\/snuipp86.fr\/#\/schema\/person\/f407ef30edeadbbecdeeccc916f46b3f\",\"name\":\"N\u00e9oSnu86\",\"image\":{\"@type\":\"ImageObject\",\"inLanguage\":\"fr-FR\",\"@id\":\"https:\/\/snuipp86.fr\/#\/schema\/person\/image\/\",\"url\":\"https:\/\/secure.gravatar.com\/avatar\/4c97140d88f7341fdf04c5b751ee58f4976096205cf4572e8dfedb852288d12c?s=96&d=mm&r=g\",\"contentUrl\":\"https:\/\/secure.gravatar.com\/avatar\/4c97140d88f7341fdf04c5b751ee58f4976096205cf4572e8dfedb852288d12c?s=96&d=mm&r=g\",\"caption\":\"N\u00e9oSnu86\"},\"url\":\"https:\/\/snuipp86.fr\/index.php\/author\/neosnu86\/\"}]}<\/script>\n<!-- \/ Yoast SEO plugin. -->","yoast_head_json":{"title":"Accident de service, de trajet : comment \u00e7a marche ? - FSU-SNUipp 86","robots":{"index":"index","follow":"follow","max-snippet":"max-snippet:-1","max-image-preview":"max-image-preview:large","max-video-preview":"max-video-preview:-1"},"canonical":"https:\/\/snuipp86.fr\/index.php\/2026\/04\/30\/accident-de-service-comment-ca-marche\/","og_locale":"fr_FR","og_type":"article","og_title":"Accident de service, de trajet : comment \u00e7a marche ? - FSU-SNUipp 86","og_description":"Dans un contexte o\u00f9 nos conditions de travail se d\u00e9gradent, il est essentiel de conna\u00eetre ses droits. La FSU-SNUipp 86 fait le point avec vous sur l&rsquo;accident de service. Cet article ne concerne que les fonctionnaires. Qu&rsquo;est ce qu&rsquo;un accident de service ? \u00ab\u00a0Est pr\u00e9sum\u00e9 imputable au service tout accident survenu \u00e0 un fonctionnaire, quelle qu&rsquo;en [&hellip;]","og_url":"https:\/\/snuipp86.fr\/index.php\/2026\/04\/30\/accident-de-service-comment-ca-marche\/","og_site_name":"FSU-SNUipp 86","article_published_time":"2026-04-30T15:04:01+00:00","article_modified_time":"2026-04-30T15:28:08+00:00","og_image":[{"width":940,"height":788,"url":"https:\/\/snuipp86.fr\/wp-content\/uploads\/2026\/04\/Visio-mouvement-1.png","type":"image\/png"}],"author":"N\u00e9oSnu86","twitter_card":"summary_large_image","twitter_misc":{"\u00c9crit par":"N\u00e9oSnu86","Dur\u00e9e de lecture estim\u00e9e":"3 minutes"},"schema":{"@context":"https:\/\/schema.org","@graph":[{"@type":"WebPage","@id":"https:\/\/snuipp86.fr\/index.php\/2026\/04\/30\/accident-de-service-comment-ca-marche\/","url":"https:\/\/snuipp86.fr\/index.php\/2026\/04\/30\/accident-de-service-comment-ca-marche\/","name":"Accident de service, de trajet : comment \u00e7a marche ? - FSU-SNUipp 86","isPartOf":{"@id":"https:\/\/snuipp86.fr\/#website"},"primaryImageOfPage":{"@id":"https:\/\/snuipp86.fr\/index.php\/2026\/04\/30\/accident-de-service-comment-ca-marche\/#primaryimage"},"image":{"@id":"https:\/\/snuipp86.fr\/index.php\/2026\/04\/30\/accident-de-service-comment-ca-marche\/#primaryimage"},"thumbnailUrl":"https:\/\/snuipp86.fr\/wp-content\/uploads\/2026\/04\/Visio-mouvement-1.png","datePublished":"2026-04-30T15:04:01+00:00","dateModified":"2026-04-30T15:28:08+00:00","author":{"@id":"https:\/\/snuipp86.fr\/#\/schema\/person\/f407ef30edeadbbecdeeccc916f46b3f"},"breadcrumb":{"@id":"https:\/\/snuipp86.fr\/index.php\/2026\/04\/30\/accident-de-service-comment-ca-marche\/#breadcrumb"},"inLanguage":"fr-FR","potentialAction":[{"@type":"ReadAction","target":["https:\/\/snuipp86.fr\/index.php\/2026\/04\/30\/accident-de-service-comment-ca-marche\/"]}]},{"@type":"ImageObject","inLanguage":"fr-FR","@id":"https:\/\/snuipp86.fr\/index.php\/2026\/04\/30\/accident-de-service-comment-ca-marche\/#primaryimage","url":"https:\/\/snuipp86.fr\/wp-content\/uploads\/2026\/04\/Visio-mouvement-1.png","contentUrl":"https:\/\/snuipp86.fr\/wp-content\/uploads\/2026\/04\/Visio-mouvement-1.png","width":940,"height":788},{"@type":"BreadcrumbList","@id":"https:\/\/snuipp86.fr\/index.php\/2026\/04\/30\/accident-de-service-comment-ca-marche\/#breadcrumb","itemListElement":[{"@type":"ListItem","position":1,"name":"Accueil","item":"https:\/\/snuipp86.fr\/"},{"@type":"ListItem","position":2,"name":"Accident de service, de trajet : comment \u00e7a marche ?"}]},{"@type":"WebSite","@id":"https:\/\/snuipp86.fr\/#website","url":"https:\/\/snuipp86.fr\/","name":"FSU-SNUipp 86","description":"Des id\u00e9es qui font l&#039;\u00e9cole","potentialAction":[{"@type":"SearchAction","target":{"@type":"EntryPoint","urlTemplate":"https:\/\/snuipp86.fr\/?s={search_term_string}"},"query-input":{"@type":"PropertyValueSpecification","valueRequired":true,"valueName":"search_term_string"}}],"inLanguage":"fr-FR"},{"@type":"Person","@id":"https:\/\/snuipp86.fr\/#\/schema\/person\/f407ef30edeadbbecdeeccc916f46b3f","name":"N\u00e9oSnu86","image":{"@type":"ImageObject","inLanguage":"fr-FR","@id":"https:\/\/snuipp86.fr\/#\/schema\/person\/image\/","url":"https:\/\/secure.gravatar.com\/avatar\/4c97140d88f7341fdf04c5b751ee58f4976096205cf4572e8dfedb852288d12c?s=96&d=mm&r=g","contentUrl":"https:\/\/secure.gravatar.com\/avatar\/4c97140d88f7341fdf04c5b751ee58f4976096205cf4572e8dfedb852288d12c?s=96&d=mm&r=g","caption":"N\u00e9oSnu86"},"url":"https:\/\/snuipp86.fr\/index.php\/author\/neosnu86\/"}]}},"_links":{"self":[{"href":"https:\/\/snuipp86.fr\/index.php\/wp-json\/wp\/v2\/posts\/28079","targetHints":{"allow":["GET"]}}],"collection":[{"href":"https:\/\/snuipp86.fr\/index.php\/wp-json\/wp\/v2\/posts"}],"about":[{"href":"https:\/\/snuipp86.fr\/index.php\/wp-json\/wp\/v2\/types\/post"}],"author":[{"embeddable":true,"href":"https:\/\/snuipp86.fr\/index.php\/wp-json\/wp\/v2\/users\/5"}],"replies":[{"embeddable":true,"href":"https:\/\/snuipp86.fr\/index.php\/wp-json\/wp\/v2\/comments?post=28079"}],"version-history":[{"count":2,"href":"https:\/\/snuipp86.fr\/index.php\/wp-json\/wp\/v2\/posts\/28079\/revisions"}],"predecessor-version":[{"id":28082,"href":"https:\/\/snuipp86.fr\/index.php\/wp-json\/wp\/v2\/posts\/28079\/revisions\/28082"}],"wp:featuredmedia":[{"embeddable":true,"href":"https:\/\/snuipp86.fr\/index.php\/wp-json\/wp\/v2\/media\/28080"}],"wp:attachment":[{"href":"https:\/\/snuipp86.fr\/index.php\/wp-json\/wp\/v2\/media?parent=28079"}],"wp:term":[{"taxonomy":"category","embeddable":true,"href":"https:\/\/snuipp86.fr\/index.php\/wp-json\/wp\/v2\/categories?post=28079"},{"taxonomy":"post_tag","embeddable":true,"href":"https:\/\/snuipp86.fr\/index.php\/wp-json\/wp\/v2\/tags?post=28079"}],"curies":[{"name":"wp","href":"https:\/\/api.w.org\/{rel}","templated":true}]}}