{"id":282,"date":"2017-10-10T20:53:21","date_gmt":"2017-10-10T20:53:21","guid":{"rendered":"http:\/\/localhost\/wordpress\/2017\/10\/10\/rforme-de-la-csg\/"},"modified":"2017-10-10T20:53:21","modified_gmt":"2017-10-10T20:53:21","slug":"rforme-de-la-csg","status":"publish","type":"post","link":"https:\/\/snuipp86.fr\/index.php\/2017\/10\/10\/rforme-de-la-csg\/","title":{"rendered":"R\u00e9forme de la CSG"},"content":{"rendered":"<p><img decoding=\"async\" src=\"https:\/\/snuipp86.fr\/wp-content\/spip\/IMG\/arton3460.png\" alt=\"\" align=\"right\" width=\"300\" height=\"331\" class=\"spip_logos\" \/><\/p>\n<div class='rss_texte'>\n<p class=\"spip\">Le gouvernement a pr\u00e9vu d&rsquo;augmenter, au 1er janvier 2018, de 1,7 point le taux normal de la CSG (contribution sociale g\u00e9n\u00e9ralis\u00e9e), utilis\u00e9e pour financer la protection sociale. Tous les revenus sont concern\u00e9s. Il a annonc\u00e9 que \u00ab pour les actifs cela se traduirait par une augmentation du pouvoir d&rsquo;achat \u00bb.<\/p>\n<p class=\"spip\">Pour les salari\u00e9-es du priv\u00e9, la suppression des cotisations ch\u00f4mage et maladie se traduira effectivement par une augmentation de leur pouvoir d&rsquo;achat (+ 21 euros pour un-e salari\u00e9-e gagnant le SMIC par mois).<\/p>\n<p class=\"spip\">Pour les retrait\u00e9-es au-del\u00e0 de 1 200 Euros de pensions, l&rsquo;augmentation de la CSG s&rsquo;applique pleinement et n&rsquo;est m\u00eame pas d\u00e9ductible des imp\u00f4ts. Cela se traduira par une baisse du montant des pensions.<\/p>\n<p class=\"spip\">Pour les fonctionnaires, le sc\u00e9nario qui a \u00e9t\u00e9 d\u00e9clin\u00e9 par l&rsquo;administration permet tout juste de maintenir le traitement.<\/p>\n<p class=\"spip\">L&rsquo;augmentation de 1,7 % de la CSG est compens\u00e9e d&rsquo;une part, par la suppression de la cotisation exceptionnelle de solidarit\u00e9 (CES) de 1% et d&rsquo;autre part, par une indemnit\u00e9 compensatoire correspondant \u00e0 0,7 % du traitement. Le gouvernement pr\u00e9cise que cette op\u00e9ration est neutre sur le pouvoir d&rsquo;achat.<\/p>\n<p class=\"spip\">Plusieurs probl\u00e8mes se posent :<br \/>\n<br \/> cette \u00ab\u00a0indemnit\u00e9 compensatoire\u00a0\u00bb de 0,7% ne s&rsquo;appliquerait pas aux nouveaux et nouvelles entrants-es dans la Fonction publique \u00e0 partir du 1er janvier 2018 ;<br \/>\n<br \/> elle serait fix\u00e9e pour l&rsquo;ann\u00e9e et mensualis\u00e9e ;<br \/>\n<br \/> l&rsquo;assiette de r\u00e9f\u00e9rence serait calcul\u00e9e sur la moyenne annuelle du traitement de l&rsquo;ann\u00e9e pr\u00e9c\u00e9dente ou sur la r\u00e9mun\u00e9ration de d\u00e9cembre. Ce qui signifie qu&rsquo;en cas de promotion ou d&rsquo;augmentation de salaire, la compensation serait incompl\u00e8te ; <br \/> elle exclurait \u00e9galement de l&rsquo;assiette de calcul, les heures suppl\u00e9mentaires, les astreintes, certaines indemnit\u00e9s exceptionnelles.<\/p>\n<p class=\"spip\"><strong class=\"spip\">La FSU et les autres organisations ont rejet\u00e9 de fa\u00e7on unanime le sc\u00e9nario du gouvernement et attendent les nouvelles propositions de l&rsquo;administration pour compenser la hausse de la CSG pour les fonctionnaires.<\/strong><\/p>\n<p class=\"spip\">La FSU a rappel\u00e9 son opposition au dispositif dans son ensemble qui fait peser une menace sur la protection sociale en raison de la suppression des cotisations maladie et ch\u00f4mage et qui introduit un syst\u00e8me \u00e0 deux vitesses entre actifs-ves et retrait\u00e9-es qui n&rsquo;auront aucune compensation. L&rsquo;aust\u00e9rit\u00e9 salariale se poursuit en d\u00e9pit des promesses de Macron qui pr\u00e9tendait, dans sa campagne \u00e9lectorale, redonner du pouvoir d&rsquo;achat \u00e0 l&rsquo;ensemble des actif-ves, y compris aux fonctionnaires.<\/p>\n<\/div>\n","protected":false},"excerpt":{"rendered":"<p>Le gouvernement a pr\u00e9vu d&rsquo;augmenter, au 1er janvier 2018, de 1,7 point le taux normal de la CSG (contribution sociale g\u00e9n\u00e9ralis\u00e9e), utilis\u00e9e pour financer la protection sociale. Tous les revenus sont concern\u00e9s. Il a annonc\u00e9 que \u00ab pour les actifs cela se traduirait par une augmentation du pouvoir d&rsquo;achat \u00bb. <br \/>Pour les salari\u00e9-es du priv\u00e9, la suppression des cotisations ch\u00f4mage et maladie se traduira effectivement par une augmentation de leur pouvoir d&rsquo;achat (+ 21 euros pour un-e (&#8230;)<br \/>\n&#8211;<br \/>\n<a href=\"http:\/\/86.snuipp.fr\/spip.php?rubrique86\" rel=\"directory\">Salaires, Indices, Indemnit\u00e9s, Primes, GIPA<\/a><br \/>\n\/<br \/>\n<a href=\"http:\/\/86.snuipp.fr\/spip.php?mot286\" rel=\"tag\">Salaires, indemnit\u00e9s, primes .<\/a><\/p>\n","protected":false},"author":1,"featured_media":0,"comment_status":"open","ping_status":"open","sticky":false,"template":"","format":"standard","meta":{"footnotes":""},"categories":[14],"tags":[],"class_list":["post-282","post","type-post","status-publish","format-standard","hentry","category-a-la-une"],"yoast_head":"<!-- This site is optimized with the Yoast SEO plugin v26.6 - https:\/\/yoast.com\/wordpress\/plugins\/seo\/ -->\n<title>R\u00e9forme de la CSG - FSU-SNUipp 86<\/title>\n<meta name=\"robots\" content=\"index, follow, max-snippet:-1, max-image-preview:large, max-video-preview:-1\" \/>\n<link rel=\"canonical\" href=\"https:\/\/snuipp86.fr\/index.php\/2017\/10\/10\/rforme-de-la-csg\/\" \/>\n<meta property=\"og:locale\" content=\"fr_FR\" \/>\n<meta property=\"og:type\" content=\"article\" \/>\n<meta property=\"og:title\" content=\"R\u00e9forme de la CSG - FSU-SNUipp 86\" \/>\n<meta property=\"og:description\" content=\"Le gouvernement a pr\u00e9vu d&#039;augmenter, au 1er janvier 2018, de 1,7 point le taux normal de la CSG (contribution sociale g\u00e9n\u00e9ralis\u00e9e), utilis\u00e9e pour financer la protection sociale. Tous les revenus sont concern\u00e9s. Il a annonc\u00e9 que \u00ab pour les actifs cela se traduirait par une augmentation du pouvoir d&#039;achat \u00bb. Pour les salari\u00e9-es du priv\u00e9, la suppression des cotisations ch\u00f4mage et maladie se traduira effectivement par une augmentation de leur pouvoir d&#039;achat (+ 21 euros pour un-e (...) - Salaires, Indices, Indemnit\u00e9s, Primes, GIPA \/ Salaires, indemnit\u00e9s, primes .\" \/>\n<meta property=\"og:url\" content=\"https:\/\/snuipp86.fr\/index.php\/2017\/10\/10\/rforme-de-la-csg\/\" \/>\n<meta property=\"og:site_name\" content=\"FSU-SNUipp 86\" \/>\n<meta property=\"article:published_time\" content=\"2017-10-10T20:53:21+00:00\" \/>\n<meta property=\"og:image\" content=\"http:\/\/snuipp86.fr\/wp-content\/spip\/IMG\/arton3460.png\" \/>\n<meta name=\"author\" content=\"WP86Admin\" \/>\n<meta name=\"twitter:card\" content=\"summary_large_image\" \/>\n<meta name=\"twitter:label1\" content=\"\u00c9crit par\" \/>\n\t<meta name=\"twitter:data1\" content=\"WP86Admin\" \/>\n\t<meta name=\"twitter:label2\" content=\"Dur\u00e9e de lecture estim\u00e9e\" \/>\n\t<meta name=\"twitter:data2\" content=\"2 minutes\" \/>\n<script type=\"application\/ld+json\" class=\"yoast-schema-graph\">{\"@context\":\"https:\/\/schema.org\",\"@graph\":[{\"@type\":\"WebPage\",\"@id\":\"https:\/\/snuipp86.fr\/index.php\/2017\/10\/10\/rforme-de-la-csg\/\",\"url\":\"https:\/\/snuipp86.fr\/index.php\/2017\/10\/10\/rforme-de-la-csg\/\",\"name\":\"R\u00e9forme de la CSG - FSU-SNUipp 86\",\"isPartOf\":{\"@id\":\"https:\/\/snuipp86.fr\/#website\"},\"primaryImageOfPage\":{\"@id\":\"https:\/\/snuipp86.fr\/index.php\/2017\/10\/10\/rforme-de-la-csg\/#primaryimage\"},\"image\":{\"@id\":\"https:\/\/snuipp86.fr\/index.php\/2017\/10\/10\/rforme-de-la-csg\/#primaryimage\"},\"thumbnailUrl\":\"http:\/\/snuipp86.fr\/wp-content\/spip\/IMG\/arton3460.png\",\"datePublished\":\"2017-10-10T20:53:21+00:00\",\"author\":{\"@id\":\"https:\/\/snuipp86.fr\/#\/schema\/person\/901b28b9ae1c7a63a6a940102e52a7a2\"},\"breadcrumb\":{\"@id\":\"https:\/\/snuipp86.fr\/index.php\/2017\/10\/10\/rforme-de-la-csg\/#breadcrumb\"},\"inLanguage\":\"fr-FR\",\"potentialAction\":[{\"@type\":\"ReadAction\",\"target\":[\"https:\/\/snuipp86.fr\/index.php\/2017\/10\/10\/rforme-de-la-csg\/\"]}]},{\"@type\":\"ImageObject\",\"inLanguage\":\"fr-FR\",\"@id\":\"https:\/\/snuipp86.fr\/index.php\/2017\/10\/10\/rforme-de-la-csg\/#primaryimage\",\"url\":\"http:\/\/snuipp86.fr\/wp-content\/spip\/IMG\/arton3460.png\",\"contentUrl\":\"http:\/\/snuipp86.fr\/wp-content\/spip\/IMG\/arton3460.png\"},{\"@type\":\"BreadcrumbList\",\"@id\":\"https:\/\/snuipp86.fr\/index.php\/2017\/10\/10\/rforme-de-la-csg\/#breadcrumb\",\"itemListElement\":[{\"@type\":\"ListItem\",\"position\":1,\"name\":\"Accueil\",\"item\":\"https:\/\/snuipp86.fr\/\"},{\"@type\":\"ListItem\",\"position\":2,\"name\":\"R\u00e9forme de la CSG\"}]},{\"@type\":\"WebSite\",\"@id\":\"https:\/\/snuipp86.fr\/#website\",\"url\":\"https:\/\/snuipp86.fr\/\",\"name\":\"FSU-SNUipp 86\",\"description\":\"Des id\u00e9es qui font l&#039;\u00e9cole\",\"potentialAction\":[{\"@type\":\"SearchAction\",\"target\":{\"@type\":\"EntryPoint\",\"urlTemplate\":\"https:\/\/snuipp86.fr\/?s={search_term_string}\"},\"query-input\":{\"@type\":\"PropertyValueSpecification\",\"valueRequired\":true,\"valueName\":\"search_term_string\"}}],\"inLanguage\":\"fr-FR\"},{\"@type\":\"Person\",\"@id\":\"https:\/\/snuipp86.fr\/#\/schema\/person\/901b28b9ae1c7a63a6a940102e52a7a2\",\"name\":\"WP86Admin\",\"image\":{\"@type\":\"ImageObject\",\"inLanguage\":\"fr-FR\",\"@id\":\"https:\/\/snuipp86.fr\/#\/schema\/person\/image\/\",\"url\":\"https:\/\/secure.gravatar.com\/avatar\/0099845c7ec05dc10d777d8ab4f5142c5ba316283821af2459738ad469a37a1a?s=96&d=mm&r=g\",\"contentUrl\":\"https:\/\/secure.gravatar.com\/avatar\/0099845c7ec05dc10d777d8ab4f5142c5ba316283821af2459738ad469a37a1a?s=96&d=mm&r=g\",\"caption\":\"WP86Admin\"},\"url\":\"https:\/\/snuipp86.fr\/index.php\/author\/wp86admin\/\"}]}<\/script>\n<!-- \/ Yoast SEO plugin. -->","yoast_head_json":{"title":"R\u00e9forme de la CSG - FSU-SNUipp 86","robots":{"index":"index","follow":"follow","max-snippet":"max-snippet:-1","max-image-preview":"max-image-preview:large","max-video-preview":"max-video-preview:-1"},"canonical":"https:\/\/snuipp86.fr\/index.php\/2017\/10\/10\/rforme-de-la-csg\/","og_locale":"fr_FR","og_type":"article","og_title":"R\u00e9forme de la CSG - FSU-SNUipp 86","og_description":"Le gouvernement a pr\u00e9vu d'augmenter, au 1er janvier 2018, de 1,7 point le taux normal de la CSG (contribution sociale g\u00e9n\u00e9ralis\u00e9e), utilis\u00e9e pour financer la protection sociale. Tous les revenus sont concern\u00e9s. Il a annonc\u00e9 que \u00ab pour les actifs cela se traduirait par une augmentation du pouvoir d'achat \u00bb. Pour les salari\u00e9-es du priv\u00e9, la suppression des cotisations ch\u00f4mage et maladie se traduira effectivement par une augmentation de leur pouvoir d'achat (+ 21 euros pour un-e (...) - Salaires, Indices, Indemnit\u00e9s, Primes, GIPA \/ Salaires, indemnit\u00e9s, primes .","og_url":"https:\/\/snuipp86.fr\/index.php\/2017\/10\/10\/rforme-de-la-csg\/","og_site_name":"FSU-SNUipp 86","article_published_time":"2017-10-10T20:53:21+00:00","og_image":[{"url":"http:\/\/snuipp86.fr\/wp-content\/spip\/IMG\/arton3460.png","type":"","width":"","height":""}],"author":"WP86Admin","twitter_card":"summary_large_image","twitter_misc":{"\u00c9crit par":"WP86Admin","Dur\u00e9e de lecture estim\u00e9e":"2 minutes"},"schema":{"@context":"https:\/\/schema.org","@graph":[{"@type":"WebPage","@id":"https:\/\/snuipp86.fr\/index.php\/2017\/10\/10\/rforme-de-la-csg\/","url":"https:\/\/snuipp86.fr\/index.php\/2017\/10\/10\/rforme-de-la-csg\/","name":"R\u00e9forme de la CSG - FSU-SNUipp 86","isPartOf":{"@id":"https:\/\/snuipp86.fr\/#website"},"primaryImageOfPage":{"@id":"https:\/\/snuipp86.fr\/index.php\/2017\/10\/10\/rforme-de-la-csg\/#primaryimage"},"image":{"@id":"https:\/\/snuipp86.fr\/index.php\/2017\/10\/10\/rforme-de-la-csg\/#primaryimage"},"thumbnailUrl":"http:\/\/snuipp86.fr\/wp-content\/spip\/IMG\/arton3460.png","datePublished":"2017-10-10T20:53:21+00:00","author":{"@id":"https:\/\/snuipp86.fr\/#\/schema\/person\/901b28b9ae1c7a63a6a940102e52a7a2"},"breadcrumb":{"@id":"https:\/\/snuipp86.fr\/index.php\/2017\/10\/10\/rforme-de-la-csg\/#breadcrumb"},"inLanguage":"fr-FR","potentialAction":[{"@type":"ReadAction","target":["https:\/\/snuipp86.fr\/index.php\/2017\/10\/10\/rforme-de-la-csg\/"]}]},{"@type":"ImageObject","inLanguage":"fr-FR","@id":"https:\/\/snuipp86.fr\/index.php\/2017\/10\/10\/rforme-de-la-csg\/#primaryimage","url":"http:\/\/snuipp86.fr\/wp-content\/spip\/IMG\/arton3460.png","contentUrl":"http:\/\/snuipp86.fr\/wp-content\/spip\/IMG\/arton3460.png"},{"@type":"BreadcrumbList","@id":"https:\/\/snuipp86.fr\/index.php\/2017\/10\/10\/rforme-de-la-csg\/#breadcrumb","itemListElement":[{"@type":"ListItem","position":1,"name":"Accueil","item":"https:\/\/snuipp86.fr\/"},{"@type":"ListItem","position":2,"name":"R\u00e9forme de la CSG"}]},{"@type":"WebSite","@id":"https:\/\/snuipp86.fr\/#website","url":"https:\/\/snuipp86.fr\/","name":"FSU-SNUipp 86","description":"Des id\u00e9es qui font l&#039;\u00e9cole","potentialAction":[{"@type":"SearchAction","target":{"@type":"EntryPoint","urlTemplate":"https:\/\/snuipp86.fr\/?s={search_term_string}"},"query-input":{"@type":"PropertyValueSpecification","valueRequired":true,"valueName":"search_term_string"}}],"inLanguage":"fr-FR"},{"@type":"Person","@id":"https:\/\/snuipp86.fr\/#\/schema\/person\/901b28b9ae1c7a63a6a940102e52a7a2","name":"WP86Admin","image":{"@type":"ImageObject","inLanguage":"fr-FR","@id":"https:\/\/snuipp86.fr\/#\/schema\/person\/image\/","url":"https:\/\/secure.gravatar.com\/avatar\/0099845c7ec05dc10d777d8ab4f5142c5ba316283821af2459738ad469a37a1a?s=96&d=mm&r=g","contentUrl":"https:\/\/secure.gravatar.com\/avatar\/0099845c7ec05dc10d777d8ab4f5142c5ba316283821af2459738ad469a37a1a?s=96&d=mm&r=g","caption":"WP86Admin"},"url":"https:\/\/snuipp86.fr\/index.php\/author\/wp86admin\/"}]}},"_links":{"self":[{"href":"https:\/\/snuipp86.fr\/index.php\/wp-json\/wp\/v2\/posts\/282","targetHints":{"allow":["GET"]}}],"collection":[{"href":"https:\/\/snuipp86.fr\/index.php\/wp-json\/wp\/v2\/posts"}],"about":[{"href":"https:\/\/snuipp86.fr\/index.php\/wp-json\/wp\/v2\/types\/post"}],"author":[{"embeddable":true,"href":"https:\/\/snuipp86.fr\/index.php\/wp-json\/wp\/v2\/users\/1"}],"replies":[{"embeddable":true,"href":"https:\/\/snuipp86.fr\/index.php\/wp-json\/wp\/v2\/comments?post=282"}],"version-history":[{"count":0,"href":"https:\/\/snuipp86.fr\/index.php\/wp-json\/wp\/v2\/posts\/282\/revisions"}],"wp:attachment":[{"href":"https:\/\/snuipp86.fr\/index.php\/wp-json\/wp\/v2\/media?parent=282"}],"wp:term":[{"taxonomy":"category","embeddable":true,"href":"https:\/\/snuipp86.fr\/index.php\/wp-json\/wp\/v2\/categories?post=282"},{"taxonomy":"post_tag","embeddable":true,"href":"https:\/\/snuipp86.fr\/index.php\/wp-json\/wp\/v2\/tags?post=282"}],"curies":[{"name":"wp","href":"https:\/\/api.w.org\/{rel}","templated":true}]}}