{"id":284,"date":"2017-09-30T06:35:38","date_gmt":"2017-09-30T06:35:38","guid":{"rendered":"http:\/\/localhost\/wordpress\/2017\/09\/30\/budget-2018-priorit-au-rabais-pour-lcole-primaire\/"},"modified":"2017-09-30T06:35:38","modified_gmt":"2017-09-30T06:35:38","slug":"budget-2018-priorit-au-rabais-pour-lcole-primaire","status":"publish","type":"post","link":"https:\/\/snuipp86.fr\/index.php\/2017\/09\/30\/budget-2018-priorit-au-rabais-pour-lcole-primaire\/","title":{"rendered":"Budget 2018 : priorit\u00e9 au rabais pour l&rsquo;\u00e9cole primaire"},"content":{"rendered":"<p><img decoding=\"async\" src=\"https:\/\/snuipp86.fr\/wp-content\/spip\/IMG\/arton3444.jpg\" alt=\"\" align=\"right\" width=\"275\" height=\"183\" class=\"spip_logos\" \/><\/p>\n<div class='rss_texte'>\n<p class=\"spip\"><strong class=\"spip\">Le communiqu\u00e9<\/strong><\/p>\n<p class=\"spip\">Pour la premi\u00e8re fois depuis six ans, le budget de l&rsquo;\u00c9ducation nationale ne b\u00e9n\u00e9ficiera d&rsquo;aucune cr\u00e9ation de postes. Avec l&rsquo;ajout notable de la mission \u00ab jeunesse et vie associative \u00bb, il franchit certes la barre symbolique des 50 milliards hors pensions, mais les acrobaties de pr\u00e9sentation peinent \u00e0 masquer un manque cruel d&rsquo;ambition.<\/p>\n<p class=\"spip\">Si 3 881 cr\u00e9ations de postes devant \u00e9l\u00e8ves sont bien annonc\u00e9es pour le premier degr\u00e9, ces cr\u00e9ations proviennent des recrutements effectu\u00e9s en 2017. Elles seront financ\u00e9es au d\u00e9triment des coll\u00e8ges et des lyc\u00e9es qui vont subir la suppression de 2 600 postes d&rsquo;enseignants et de 200 postes de personnels administratifs. Ce budget en trompe l&rsquo;\u0153il camoufle l&rsquo;absence globale de cr\u00e9ation de postes.<\/p>\n<p class=\"spip\">La priorit\u00e9 au primaire claironn\u00e9e par le ministre aura donc bien du mal \u00e0 se concr\u00e9tiser et se concentrerait sur le seul d\u00e9doublement des CP en REP qui co\u00fbtera 3 400 postes. Les \u00e9l\u00e8ves de REP+ en CP d\u00e9doubl\u00e9 cette ann\u00e9e se retrouveraient ainsi dans un CE1 \u00ab ordinaire \u00bb \u00e0 la rentr\u00e9e prochaine, alors que l&rsquo;efficacit\u00e9 des effectifs r\u00e9duits suppose de la continuit\u00e9. L&rsquo;absence de locaux disponibles, bien r\u00e9elle par ailleurs, sert de pr\u00e9texte \u00e0 l&rsquo;insuffisance des moyens cr\u00e9\u00e9s pour d\u00e9doubler l&rsquo;ensemble des 12 000 classes de CP et CE1 en \u00e9ducation prioritaire.<\/p>\n<p class=\"spip\">L&rsquo;essentiel des cr\u00e9ations \u00e9tant consacr\u00e9 au d\u00e9doublement, comment d\u00e8s lors abaisser le nombre d&rsquo;\u00e9l\u00e8ves dans les autres classes, enrayer les probl\u00e8mes de remplacement, abonder les postes de Rased, poursuivre le dispositif prometteur du \u00ab plus de ma\u00eetres \u00bb, d\u00e9velopper la scolarisation des moins de trois ans et remettre en place une v\u00e9ritable formation des enseignants ?<\/p>\n<p class=\"spip\">Cerise sur le g\u00e2teau et pour la premi\u00e8re fois depuis 2011, le nombre de postes offert au concours 2018 du premier degr\u00e9 baisserait de 2161. C&rsquo;est un changement de cap majeur qui hypoth\u00e8que des recrutements en nombre suffisant pour la rentr\u00e9e suivante.<\/p>\n<p class=\"spip\">Par ailleurs ce projet de budget acte la suppression de plusieurs dizaines de milliers d&#8217;emplois aid\u00e9s, renvoyant ces salari\u00e9s au ch\u00f4mage sans apporter aucune solution \u00e0 la poursuite des missions qu&rsquo;ils exer\u00e7aient. Cette suppression va d\u00e9grader l&rsquo;accompagnement des \u00e9l\u00e8ves en situation de handicap et confirme la fin annonc\u00e9e de l&rsquo;aide administrative \u00e0 la direction d&rsquo;\u00e9cole.<\/p>\n<p class=\"spip\">La priorit\u00e9 au primaire ne peut se payer de mots, elle a un co\u00fbt. Comme l&rsquo;a soulign\u00e9 le dernier rapport de l&rsquo;Ocde, l&rsquo;\u00e9cole primaire fran\u00e7aise est largement sous-investie, elle doit faire l&rsquo;objet d&rsquo;un engagement financier massif pour engager les transformations n\u00e9cessaires d&rsquo;une \u00e9cole toujours marqu\u00e9e par des in\u00e9galit\u00e9s insupportables. Le projet de budget ne r\u00e9pond pas \u00e0 cet enjeu de soci\u00e9t\u00e9.<\/p>\n<p class=\"spip\">Paris, le 29 septembre 2017<\/p>\n<\/div>\n","protected":false},"excerpt":{"rendered":"<p>Derri\u00e8re l&rsquo;augmentation annonc\u00e9e, le budget de l&rsquo;\u00e9ducation n&rsquo;am\u00e9liorera pas les conditions d&rsquo;enseignement dans le primaire. Le d\u00e9doublement des CP n&rsquo;est pas financ\u00e9, le nombre de postes au concours diminue et la suppression des emplois aid\u00e9s se confirme.<br \/>\n&#8211;<br \/>\n<a href=\"http:\/\/86.snuipp.fr\/spip.php?rubrique249\" rel=\"directory\">L&rsquo;ACTUALIT\u00c9<\/a><\/p>\n","protected":false},"author":1,"featured_media":0,"comment_status":"open","ping_status":"open","sticky":false,"template":"","format":"standard","meta":{"footnotes":""},"categories":[14],"tags":[],"class_list":["post-284","post","type-post","status-publish","format-standard","hentry","category-a-la-une"],"yoast_head":"<!-- This site is optimized with the Yoast SEO plugin v26.6 - https:\/\/yoast.com\/wordpress\/plugins\/seo\/ -->\n<title>Budget 2018 : priorit\u00e9 au rabais pour l&#039;\u00e9cole primaire - FSU-SNUipp 86<\/title>\n<meta name=\"robots\" content=\"index, follow, max-snippet:-1, max-image-preview:large, max-video-preview:-1\" \/>\n<link rel=\"canonical\" href=\"https:\/\/snuipp86.fr\/index.php\/2017\/09\/30\/budget-2018-priorit-au-rabais-pour-lcole-primaire\/\" \/>\n<meta property=\"og:locale\" content=\"fr_FR\" \/>\n<meta property=\"og:type\" content=\"article\" \/>\n<meta property=\"og:title\" content=\"Budget 2018 : priorit\u00e9 au rabais pour l&#039;\u00e9cole primaire - FSU-SNUipp 86\" \/>\n<meta property=\"og:description\" content=\"Derri\u00e8re l&#039;augmentation annonc\u00e9e, le budget de l&#039;\u00e9ducation n&#039;am\u00e9liorera pas les conditions d&#039;enseignement dans le primaire. Le d\u00e9doublement des CP n&#039;est pas financ\u00e9, le nombre de postes au concours diminue et la suppression des emplois aid\u00e9s se confirme. - L&#039;ACTUALIT\u00c9\" \/>\n<meta property=\"og:url\" content=\"https:\/\/snuipp86.fr\/index.php\/2017\/09\/30\/budget-2018-priorit-au-rabais-pour-lcole-primaire\/\" \/>\n<meta property=\"og:site_name\" content=\"FSU-SNUipp 86\" \/>\n<meta property=\"article:published_time\" content=\"2017-09-30T06:35:38+00:00\" \/>\n<meta property=\"og:image\" content=\"http:\/\/snuipp86.fr\/wp-content\/spip\/IMG\/arton3444.jpg\" \/>\n<meta name=\"author\" content=\"WP86Admin\" \/>\n<meta name=\"twitter:card\" content=\"summary_large_image\" \/>\n<meta name=\"twitter:label1\" content=\"\u00c9crit par\" \/>\n\t<meta name=\"twitter:data1\" content=\"WP86Admin\" \/>\n\t<meta name=\"twitter:label2\" content=\"Dur\u00e9e de lecture estim\u00e9e\" \/>\n\t<meta name=\"twitter:data2\" content=\"2 minutes\" \/>\n<script type=\"application\/ld+json\" class=\"yoast-schema-graph\">{\"@context\":\"https:\/\/schema.org\",\"@graph\":[{\"@type\":\"WebPage\",\"@id\":\"https:\/\/snuipp86.fr\/index.php\/2017\/09\/30\/budget-2018-priorit-au-rabais-pour-lcole-primaire\/\",\"url\":\"https:\/\/snuipp86.fr\/index.php\/2017\/09\/30\/budget-2018-priorit-au-rabais-pour-lcole-primaire\/\",\"name\":\"Budget 2018 : priorit\u00e9 au rabais pour l'\u00e9cole primaire - FSU-SNUipp 86\",\"isPartOf\":{\"@id\":\"https:\/\/snuipp86.fr\/#website\"},\"primaryImageOfPage\":{\"@id\":\"https:\/\/snuipp86.fr\/index.php\/2017\/09\/30\/budget-2018-priorit-au-rabais-pour-lcole-primaire\/#primaryimage\"},\"image\":{\"@id\":\"https:\/\/snuipp86.fr\/index.php\/2017\/09\/30\/budget-2018-priorit-au-rabais-pour-lcole-primaire\/#primaryimage\"},\"thumbnailUrl\":\"http:\/\/snuipp86.fr\/wp-content\/spip\/IMG\/arton3444.jpg\",\"datePublished\":\"2017-09-30T06:35:38+00:00\",\"author\":{\"@id\":\"https:\/\/snuipp86.fr\/#\/schema\/person\/901b28b9ae1c7a63a6a940102e52a7a2\"},\"breadcrumb\":{\"@id\":\"https:\/\/snuipp86.fr\/index.php\/2017\/09\/30\/budget-2018-priorit-au-rabais-pour-lcole-primaire\/#breadcrumb\"},\"inLanguage\":\"fr-FR\",\"potentialAction\":[{\"@type\":\"ReadAction\",\"target\":[\"https:\/\/snuipp86.fr\/index.php\/2017\/09\/30\/budget-2018-priorit-au-rabais-pour-lcole-primaire\/\"]}]},{\"@type\":\"ImageObject\",\"inLanguage\":\"fr-FR\",\"@id\":\"https:\/\/snuipp86.fr\/index.php\/2017\/09\/30\/budget-2018-priorit-au-rabais-pour-lcole-primaire\/#primaryimage\",\"url\":\"http:\/\/snuipp86.fr\/wp-content\/spip\/IMG\/arton3444.jpg\",\"contentUrl\":\"http:\/\/snuipp86.fr\/wp-content\/spip\/IMG\/arton3444.jpg\"},{\"@type\":\"BreadcrumbList\",\"@id\":\"https:\/\/snuipp86.fr\/index.php\/2017\/09\/30\/budget-2018-priorit-au-rabais-pour-lcole-primaire\/#breadcrumb\",\"itemListElement\":[{\"@type\":\"ListItem\",\"position\":1,\"name\":\"Accueil\",\"item\":\"https:\/\/snuipp86.fr\/\"},{\"@type\":\"ListItem\",\"position\":2,\"name\":\"Budget 2018 : priorit\u00e9 au rabais pour l&#8217;\u00e9cole primaire\"}]},{\"@type\":\"WebSite\",\"@id\":\"https:\/\/snuipp86.fr\/#website\",\"url\":\"https:\/\/snuipp86.fr\/\",\"name\":\"FSU-SNUipp 86\",\"description\":\"Des id\u00e9es qui font l&#039;\u00e9cole\",\"potentialAction\":[{\"@type\":\"SearchAction\",\"target\":{\"@type\":\"EntryPoint\",\"urlTemplate\":\"https:\/\/snuipp86.fr\/?s={search_term_string}\"},\"query-input\":{\"@type\":\"PropertyValueSpecification\",\"valueRequired\":true,\"valueName\":\"search_term_string\"}}],\"inLanguage\":\"fr-FR\"},{\"@type\":\"Person\",\"@id\":\"https:\/\/snuipp86.fr\/#\/schema\/person\/901b28b9ae1c7a63a6a940102e52a7a2\",\"name\":\"WP86Admin\",\"image\":{\"@type\":\"ImageObject\",\"inLanguage\":\"fr-FR\",\"@id\":\"https:\/\/snuipp86.fr\/#\/schema\/person\/image\/\",\"url\":\"https:\/\/secure.gravatar.com\/avatar\/0099845c7ec05dc10d777d8ab4f5142c5ba316283821af2459738ad469a37a1a?s=96&d=mm&r=g\",\"contentUrl\":\"https:\/\/secure.gravatar.com\/avatar\/0099845c7ec05dc10d777d8ab4f5142c5ba316283821af2459738ad469a37a1a?s=96&d=mm&r=g\",\"caption\":\"WP86Admin\"},\"url\":\"https:\/\/snuipp86.fr\/index.php\/author\/wp86admin\/\"}]}<\/script>\n<!-- \/ Yoast SEO plugin. -->","yoast_head_json":{"title":"Budget 2018 : priorit\u00e9 au rabais pour l'\u00e9cole primaire - FSU-SNUipp 86","robots":{"index":"index","follow":"follow","max-snippet":"max-snippet:-1","max-image-preview":"max-image-preview:large","max-video-preview":"max-video-preview:-1"},"canonical":"https:\/\/snuipp86.fr\/index.php\/2017\/09\/30\/budget-2018-priorit-au-rabais-pour-lcole-primaire\/","og_locale":"fr_FR","og_type":"article","og_title":"Budget 2018 : priorit\u00e9 au rabais pour l'\u00e9cole primaire - FSU-SNUipp 86","og_description":"Derri\u00e8re l'augmentation annonc\u00e9e, le budget de l'\u00e9ducation n'am\u00e9liorera pas les conditions d'enseignement dans le primaire. Le d\u00e9doublement des CP n'est pas financ\u00e9, le nombre de postes au concours diminue et la suppression des emplois aid\u00e9s se confirme. - L'ACTUALIT\u00c9","og_url":"https:\/\/snuipp86.fr\/index.php\/2017\/09\/30\/budget-2018-priorit-au-rabais-pour-lcole-primaire\/","og_site_name":"FSU-SNUipp 86","article_published_time":"2017-09-30T06:35:38+00:00","og_image":[{"url":"http:\/\/snuipp86.fr\/wp-content\/spip\/IMG\/arton3444.jpg","type":"","width":"","height":""}],"author":"WP86Admin","twitter_card":"summary_large_image","twitter_misc":{"\u00c9crit par":"WP86Admin","Dur\u00e9e de lecture estim\u00e9e":"2 minutes"},"schema":{"@context":"https:\/\/schema.org","@graph":[{"@type":"WebPage","@id":"https:\/\/snuipp86.fr\/index.php\/2017\/09\/30\/budget-2018-priorit-au-rabais-pour-lcole-primaire\/","url":"https:\/\/snuipp86.fr\/index.php\/2017\/09\/30\/budget-2018-priorit-au-rabais-pour-lcole-primaire\/","name":"Budget 2018 : priorit\u00e9 au rabais pour l'\u00e9cole primaire - FSU-SNUipp 86","isPartOf":{"@id":"https:\/\/snuipp86.fr\/#website"},"primaryImageOfPage":{"@id":"https:\/\/snuipp86.fr\/index.php\/2017\/09\/30\/budget-2018-priorit-au-rabais-pour-lcole-primaire\/#primaryimage"},"image":{"@id":"https:\/\/snuipp86.fr\/index.php\/2017\/09\/30\/budget-2018-priorit-au-rabais-pour-lcole-primaire\/#primaryimage"},"thumbnailUrl":"http:\/\/snuipp86.fr\/wp-content\/spip\/IMG\/arton3444.jpg","datePublished":"2017-09-30T06:35:38+00:00","author":{"@id":"https:\/\/snuipp86.fr\/#\/schema\/person\/901b28b9ae1c7a63a6a940102e52a7a2"},"breadcrumb":{"@id":"https:\/\/snuipp86.fr\/index.php\/2017\/09\/30\/budget-2018-priorit-au-rabais-pour-lcole-primaire\/#breadcrumb"},"inLanguage":"fr-FR","potentialAction":[{"@type":"ReadAction","target":["https:\/\/snuipp86.fr\/index.php\/2017\/09\/30\/budget-2018-priorit-au-rabais-pour-lcole-primaire\/"]}]},{"@type":"ImageObject","inLanguage":"fr-FR","@id":"https:\/\/snuipp86.fr\/index.php\/2017\/09\/30\/budget-2018-priorit-au-rabais-pour-lcole-primaire\/#primaryimage","url":"http:\/\/snuipp86.fr\/wp-content\/spip\/IMG\/arton3444.jpg","contentUrl":"http:\/\/snuipp86.fr\/wp-content\/spip\/IMG\/arton3444.jpg"},{"@type":"BreadcrumbList","@id":"https:\/\/snuipp86.fr\/index.php\/2017\/09\/30\/budget-2018-priorit-au-rabais-pour-lcole-primaire\/#breadcrumb","itemListElement":[{"@type":"ListItem","position":1,"name":"Accueil","item":"https:\/\/snuipp86.fr\/"},{"@type":"ListItem","position":2,"name":"Budget 2018 : priorit\u00e9 au rabais pour l&#8217;\u00e9cole primaire"}]},{"@type":"WebSite","@id":"https:\/\/snuipp86.fr\/#website","url":"https:\/\/snuipp86.fr\/","name":"FSU-SNUipp 86","description":"Des id\u00e9es qui font l&#039;\u00e9cole","potentialAction":[{"@type":"SearchAction","target":{"@type":"EntryPoint","urlTemplate":"https:\/\/snuipp86.fr\/?s={search_term_string}"},"query-input":{"@type":"PropertyValueSpecification","valueRequired":true,"valueName":"search_term_string"}}],"inLanguage":"fr-FR"},{"@type":"Person","@id":"https:\/\/snuipp86.fr\/#\/schema\/person\/901b28b9ae1c7a63a6a940102e52a7a2","name":"WP86Admin","image":{"@type":"ImageObject","inLanguage":"fr-FR","@id":"https:\/\/snuipp86.fr\/#\/schema\/person\/image\/","url":"https:\/\/secure.gravatar.com\/avatar\/0099845c7ec05dc10d777d8ab4f5142c5ba316283821af2459738ad469a37a1a?s=96&d=mm&r=g","contentUrl":"https:\/\/secure.gravatar.com\/avatar\/0099845c7ec05dc10d777d8ab4f5142c5ba316283821af2459738ad469a37a1a?s=96&d=mm&r=g","caption":"WP86Admin"},"url":"https:\/\/snuipp86.fr\/index.php\/author\/wp86admin\/"}]}},"_links":{"self":[{"href":"https:\/\/snuipp86.fr\/index.php\/wp-json\/wp\/v2\/posts\/284","targetHints":{"allow":["GET"]}}],"collection":[{"href":"https:\/\/snuipp86.fr\/index.php\/wp-json\/wp\/v2\/posts"}],"about":[{"href":"https:\/\/snuipp86.fr\/index.php\/wp-json\/wp\/v2\/types\/post"}],"author":[{"embeddable":true,"href":"https:\/\/snuipp86.fr\/index.php\/wp-json\/wp\/v2\/users\/1"}],"replies":[{"embeddable":true,"href":"https:\/\/snuipp86.fr\/index.php\/wp-json\/wp\/v2\/comments?post=284"}],"version-history":[{"count":0,"href":"https:\/\/snuipp86.fr\/index.php\/wp-json\/wp\/v2\/posts\/284\/revisions"}],"wp:attachment":[{"href":"https:\/\/snuipp86.fr\/index.php\/wp-json\/wp\/v2\/media?parent=284"}],"wp:term":[{"taxonomy":"category","embeddable":true,"href":"https:\/\/snuipp86.fr\/index.php\/wp-json\/wp\/v2\/categories?post=284"},{"taxonomy":"post_tag","embeddable":true,"href":"https:\/\/snuipp86.fr\/index.php\/wp-json\/wp\/v2\/tags?post=284"}],"curies":[{"name":"wp","href":"https:\/\/api.w.org\/{rel}","templated":true}]}}