{"id":285,"date":"2017-09-26T17:08:59","date_gmt":"2017-09-26T17:08:59","guid":{"rendered":"http:\/\/localhost\/wordpress\/2017\/09\/26\/groupe-de-travail-ash-du-26-septembre-dparts-en-stage-modules-nationaux-ash\/"},"modified":"2017-09-26T17:08:59","modified_gmt":"2017-09-26T17:08:59","slug":"groupe-de-travail-ash-du-26-septembre-dparts-en-stage-modules-nationaux-ash","status":"publish","type":"post","link":"https:\/\/snuipp86.fr\/index.php\/2017\/09\/26\/groupe-de-travail-ash-du-26-septembre-dparts-en-stage-modules-nationaux-ash\/","title":{"rendered":"Groupe de travail ASH du 26 septembre : D\u00e9parts en stage \u00ab\u00a0Modules Nationaux ASH\u00a0\u00bb"},"content":{"rendered":"<p><img decoding=\"async\" src=\"https:\/\/snuipp86.fr\/wp-content\/spip\/IMG\/arton3442.jpg\" alt=\"\" align=\"right\" width=\"112\" height=\"110\" class=\"spip_logos\" \/><\/p>\n<div class='rss_texte'>\n<dl class='spip_document_2820 spip_documents spip_documents_center' >\n<dt><img src='https:\/\/snuipp86.fr\/wp-content\/spip\/cache-vignettes\/L300xH277\/representants-4-e7ee6.jpg' width='300' height='277' alt='JPEG - 16.4 ko' style='height:277px;width:300px;' class='' \/><\/dt>\n<dt class='spip_doc_titre' style='width:300px;'><strong>repr\u00e9sentants<\/strong><\/dt>\n<\/dl>\n<p class=\"spip\">\u00c9taient pr\u00e9sent(e)s : Mme Odermatt (DPE5), M. Desport ( IEN ASH), M. Artaud (IENA), Fr\u00e9d\u00e9rique Delage, Fabienne La\u00een\u00e9 et Matthieu Menaut (SNUipp-FSU 86) C\u00e9cile Capy et Alice Gautron (SE-Unsa)<\/p>\n<p class=\"spip\"><strong class=\"spip\">Info<\/strong> : Mme Odermatt change de fonction et donc le mail florence.odermatt@ac-poitiers.fr ne doit plus \u00eatre utilis\u00e9, mais dpe5@ac-poitiers.fr<\/p>\n<p class=\"spip\">Un recrutement est en cours pour la remplacer.<\/p>\n<p class=\"spip\"><strong class=\"spip\">Info Ulis \u00e9cole<\/strong> : l&rsquo;IENA a indiqu\u00e9 que le dispositif Ulis ne comptait pas dans le nombre de classes de l&rsquo;\u00e9cole, contrairement \u00e0 la CLIS, normalement il ne fallait donc pas compter l&rsquo;ULIS pour faire le calcul du nombre de d\u00e9l\u00e9gu\u00e9-e-s de parents d&rsquo;\u00e9l\u00e8ves. Le SNUipp-FSU 86 a indiqu\u00e9 que ce n&rsquo;\u00e9tait pas la r\u00e9alit\u00e9 dans beaucoup d&rsquo;\u00e9coles. Dans Onde, l&rsquo;IEN ASH a indiqu\u00e9 que l&rsquo;entit\u00e9 \u00ab\u00a0classe ULIS\u00a0\u00bb \u00e9tait cr\u00e9\u00e9e pour le constat de rentr\u00e9e ou remont\u00e9e des effectifs, mais qu&rsquo;ensuite les \u00e9l\u00e8ves d&rsquo;ULIS doivent \u00eatre inscrit-e-s dans les classes ordinaires pour pouvoir appara\u00eetre dans le LSU. L&rsquo;IENA a indiqu\u00e9 qu&rsquo;il avait fait remonter une demande de simplification de la proc\u00e9dure aupr\u00e8s de la Direction g\u00e9n\u00e9rale pour soulager les directeurs-rices !<\/p>\n<hr class=\"spip\" \/>\n<p class=\"spip\">Ce groupe de travail avait pour but de classer les candidatures pour les d\u00e9parts en Modules Nationaux ASH (lien). 47 stages sont programm\u00e9s (31 l&rsquo;an pass\u00e9, 22 il y a 2 ans) autour de 18 th\u00e8mes<\/p>\n<p class=\"spip\">26 coll\u00e8gues (contre 22 en 2016\/2017, 18 en 2015\/16, 7 en 2014\/15, 13 en 2013\/14) ont effectu\u00e9 des candidatures. Le SNUipp-FSU 86 a fait remonter 2 candidatures oubli\u00e9es par l&rsquo;administration. Rappel : n&rsquo;oubliez jamais de faire la copie de vos demandes au SNUipp-FSU 86 !<\/p>\n<p class=\"spip\">Le SNUipp-FSU 86 a fait remonter l&rsquo;augmentation du nombre de demandes ( + 371 % en 4 ans ), preuve des besoins en formation dans la profession et de l&rsquo;insuffisance chronique de l&rsquo;offre d\u00e9partementale et acad\u00e9mique.<\/p>\n<p class=\"spip\">Les demandes sont r\u00e9parties ainsi :<\/p>\n<p class=\"spip\"><img decoding=\"async\" src=\"https:\/\/snuipp86.fr\/wp-content\/spip\/cache-vignettes\/L8xH11\/puce-68c92.gif\" width='8' height='11' alt=\"-\" style='height:11px;width:8px;' class='' \/> 14 premi\u00e8res demandes<br \/>\n<br \/><img decoding=\"async\" src=\"https:\/\/snuipp86.fr\/wp-content\/spip\/cache-vignettes\/L8xH11\/puce-68c92.gif\" width='8' height='11' alt=\"-\" style='height:11px;width:8px;' class='' \/> 14 renouvellements de demandes<\/p>\n<p class=\"spip\"><strong class=\"spip\">Nombre de d\u00e9parts :<\/strong><\/p>\n<p class=\"spip\">L&rsquo;Inspection indique ne pas conna\u00eetre le nombre de d\u00e9parts &#8230;. comme d&rsquo;habitude.<\/p>\n<p class=\"spip\">L&rsquo;administration estime que le nombre de d\u00e9parts pourrait \u00eatre \u00e9quivalent \u00e0 celui de l&rsquo;ann\u00e9e derni\u00e8re (4).<\/p>\n<p class=\"spip\">Le SNUipp-FSU 86 d\u00e9nonce ce nombre de d\u00e9parts insuffisant et demande que plus de coll\u00e8gues puissent partir.<\/p>\n<p class=\"spip\"><strong class=\"spip\"><br \/>\nClassement des candidatures<\/strong><\/p>\n<p class=\"spip\">L&rsquo;Inspection avait class\u00e9 les candidatures en 3 groupes, avec des changements de crit\u00e8res par rapport aux derni\u00e8res ann\u00e9es, en fonction de 3 priorit\u00e9s<\/p>\n<p class=\"spip\"><img decoding=\"async\" src=\"https:\/\/snuipp86.fr\/wp-content\/spip\/cache-vignettes\/L8xH11\/puce-68c92.gif\" width='8' height='11' alt=\"-\" style='height:11px;width:8px;' class='' \/> P1 : priorit\u00e9 de service en lien direct avec les missions de l&rsquo;\u00e9cole inclusive<br \/>\n<br \/><img decoding=\"async\" src=\"https:\/\/snuipp86.fr\/wp-content\/spip\/cache-vignettes\/L8xH11\/puce-68c92.gif\" width='8' height='11' alt=\"-\" style='height:11px;width:8px;' class='' \/> P2 : priorit\u00e9 de service en lien direct avec les priorit\u00e9s d\u00e9partementales (TCC, TED, DYS)<br \/>\n<br \/><img decoding=\"async\" src=\"https:\/\/snuipp86.fr\/wp-content\/spip\/cache-vignettes\/L8xH11\/puce-68c92.gif\" width='8' height='11' alt=\"-\" style='height:11px;width:8px;' class='' \/> P3 : priorit\u00e9 de service en lien direct avec la mission de personne ressource<\/p>\n<p class=\"spip\">Les candidat-e-s retenu-e-s ont ensuite \u00e9t\u00e9 class\u00e9-e-s en fonction du crit\u00e8re \u00ab\u00a0candidature ant\u00e9rieure\u00a0\u00bb (oui\/non) et du crit\u00e8re de l&rsquo;anciennet\u00e9 de service \u00e0 l&rsquo;int\u00e9rieur de chaque groupe P1, P2 et P3.<\/p>\n<p class=\"spip\">Enfin, l&rsquo;administration classait ces candidatures selon un algorithme : 2 candidat-e-s P1, 2 candidat-e-s P2, 1 candidat-e P3<\/p>\n<p class=\"spip\">Cons\u00e9quence : certaines demandes se retrouvaient donc non prioritaires car ne relevant pas \u00a0\u00bb selon l&rsquo;administration \u00a0\u00bb d&rsquo; un de ces 3 groupes ( LSF, troubles de l&rsquo;attention et des fonctions ex\u00e9cutives, &#8230;)<\/p>\n<p class=\"spip\">Pour le SNUipp-FSU 86 toutes les demandes sont justifi\u00e9es, comme cela est \u00e9crit dans les textes, ce qu&rsquo;a convenu l&rsquo;administration. Le SNUipp-FSU 86 a demand\u00e9 que ces 3 groupes de priorit\u00e9 soient supprim\u00e9s et que les 2 crit\u00e8res de l&rsquo;ann\u00e9e derni\u00e8re soient r\u00e9tablis :<\/p>\n<p class=\"spip\"><img decoding=\"async\" src=\"https:\/\/snuipp86.fr\/wp-content\/spip\/cache-vignettes\/L8xH11\/puce-68c92.gif\" width='8' height='11' alt=\"-\" style='height:11px;width:8px;' class='' \/> \u00ab\u00a0besoin des enseignants et efficacit\u00e9 des services\u00a0\u00bb : priorit\u00e9s de l&rsquo;IA.<br \/>\n<br \/><img decoding=\"async\" src=\"https:\/\/snuipp86.fr\/wp-content\/spip\/cache-vignettes\/L8xH11\/puce-68c92.gif\" width='8' height='11' alt=\"-\" style='height:11px;width:8px;' class='' \/> le renouvellement de la demande et l&rsquo;anciennet\u00e9 des services.<\/p>\n<p class=\"spip\">L&rsquo;administration a refus\u00e9 notre demande mais a act\u00e9 la cr\u00e9ation du 4\u00e8me groupe \u00a0\u00bb Autre \u00a0\u00bb o\u00f9 les demandes non class\u00e9es ont \u00e9t\u00e9 ainsi regroup\u00e9es. L&rsquo;algorithme de l&rsquo;administration se transformant, gr\u00e2ce au SNUipp-FSU 86, en : 2 P1, 2 P2, 1 P3, 1 \u00ab\u00a0autre\u00a0\u00bb<\/p>\n<p class=\"spip\">Le SNUipp-FSU 86 a demand\u00e9 que le nombre de renouvellement de demandes soit pris en compte ( par exemple : ceux ayant fait 4 demandes pr\u00e9c\u00e9demment passent avant celui qui n&rsquo;en a fait qu&rsquo;une). L&rsquo;inspection a accept\u00e9.<\/p>\n<p class=\"spip\">L&rsquo;administration a \u00e9tabli la liste suivante :<\/p>\n<p class=\"spip\"><img decoding=\"async\" src=\"https:\/\/snuipp86.fr\/wp-content\/spip\/cache-vignettes\/L8xH11\/puce-68c92.gif\" width='8' height='11' alt=\"-\" style='height:11px;width:8px;' class='' \/> Baranger Sylvie &#8211; P1<br \/>\n<br \/><img decoding=\"async\" src=\"https:\/\/snuipp86.fr\/wp-content\/spip\/cache-vignettes\/L8xH11\/puce-68c92.gif\" width='8' height='11' alt=\"-\" style='height:11px;width:8px;' class='' \/> Sarrazin Didier &#8211; P1<br \/>\n<br \/><img decoding=\"async\" src=\"https:\/\/snuipp86.fr\/wp-content\/spip\/cache-vignettes\/L8xH11\/puce-68c92.gif\" width='8' height='11' alt=\"-\" style='height:11px;width:8px;' class='' \/> Constant Gr\u00e9gory &#8211; P2<br \/>\n<br \/><img decoding=\"async\" src=\"https:\/\/snuipp86.fr\/wp-content\/spip\/cache-vignettes\/L8xH11\/puce-68c92.gif\" width='8' height='11' alt=\"-\" style='height:11px;width:8px;' class='' \/> Devanne Fabrice &#8211; P2<br \/>\n<br \/><img decoding=\"async\" src=\"https:\/\/snuipp86.fr\/wp-content\/spip\/cache-vignettes\/L8xH11\/puce-68c92.gif\" width='8' height='11' alt=\"-\" style='height:11px;width:8px;' class='' \/> Talbot Delphine &#8211; P3<br \/>\n<br \/><img decoding=\"async\" src=\"https:\/\/snuipp86.fr\/wp-content\/spip\/cache-vignettes\/L8xH11\/puce-68c92.gif\" width='8' height='11' alt=\"-\" style='height:11px;width:8px;' class='' \/> Herpe S\u00e9verine &#8211; Autre<br \/>\n<br \/><img decoding=\"async\" src=\"https:\/\/snuipp86.fr\/wp-content\/spip\/cache-vignettes\/L8xH11\/puce-68c92.gif\" width='8' height='11' alt=\"-\" style='height:11px;width:8px;' class='' \/> Forsse Ariane &#8211; P1<br \/>\n<br \/><img decoding=\"async\" src=\"https:\/\/snuipp86.fr\/wp-content\/spip\/cache-vignettes\/L8xH11\/puce-68c92.gif\" width='8' height='11' alt=\"-\" style='height:11px;width:8px;' class='' \/> Eymery Marie &#8211; P1<br \/>\n<br \/><img decoding=\"async\" src=\"https:\/\/snuipp86.fr\/wp-content\/spip\/cache-vignettes\/L8xH11\/puce-68c92.gif\" width='8' height='11' alt=\"-\" style='height:11px;width:8px;' class='' \/> Delahaye Clarisse &#8211; P2<br \/>\n<br \/><img decoding=\"async\" src=\"https:\/\/snuipp86.fr\/wp-content\/spip\/cache-vignettes\/L8xH11\/puce-68c92.gif\" width='8' height='11' alt=\"-\" style='height:11px;width:8px;' class='' \/> Bellec Fourre Caroline &#8211; P2<br \/>\n<br \/><img decoding=\"async\" src=\"https:\/\/snuipp86.fr\/wp-content\/spip\/cache-vignettes\/L8xH11\/puce-68c92.gif\" width='8' height='11' alt=\"-\" style='height:11px;width:8px;' class='' \/> Barnas Axelle &#8211; Autre<\/p>\n<p class=\"spip\">Le nombre final de candidat-e-s retenu-e-s de la Vienne devrait \u00eatre connu la semaine prochaine apr\u00e8s une concertation acad\u00e9mique.<\/p>\n<p class=\"spip\">N&rsquo;h\u00e9sitez pas \u00e0 nous contacter pour plus d&rsquo;infos ou des pr\u00e9cisions.<\/p>\n<h3 class=\"spip\">\nLe bon r\u00e9flexe de la rentr\u00e9e ? se syndiquer au SNUipp-FSU 86 bien s\u00fbr !<br \/>\n3 modalit\u00e9s pour rejoindre les 600 coll\u00e8gues de la Vienne : par ch\u00e8que, en ligne ( 1 \u00e0 4 pr\u00e9l\u00e8vements) ou par RIB ( 8 pr\u00e9l\u00e8vements)<br \/>\nRetrouvez en pi\u00e8ce jointe la feuille de syndicalisation <a href=\"http:\/\/86.snuipp.fr\/spip.php?article1906\" class=\"spip_out\">ou cliquez sur ce lien<\/a><br \/>\n<\/h3>\n<dl class='spip_document_2818 spip_documents spip_documents_center' >\n<dt><a href=\"https:\/\/snuipp86.fr\/wp-content\/spip\/IMG\/pdf\/bulletin_adhesion_2017-2018_SNUipp_FSU_86-3.pdf\" title='PDF - 930 ko' type=\"application\/pdf\"><img src='https:\/\/snuipp86.fr\/wp-content\/spip\/cache-vignettes\/L52xH52\/pdf-d7486.png' width='52' height='52' alt='PDF - 930 ko' style='height:52px;width:52px;' class=' format_png' \/><\/a><\/dt>\n<dt class='spip_doc_titre' style='width:120px;'><strong>bulletin adh\u00e9sion 2017-2018 SNUipp FSU 86<\/strong><\/dt>\n<\/dl>\n<\/div>\n","protected":false},"excerpt":{"rendered":"<p>\u00c9taient pr\u00e9sent(e)s : Mme Odermatt (DPE5), M. Desport ( IEN ASH), M. Artaud (IENA), Fr\u00e9d\u00e9rique Delage, Fabienne La\u00een\u00e9 et Matthieu Menaut (SNUipp-FSU 86) C\u00e9cile Capy et Alice Gautron (SE-Unsa) <br \/>Info : Mme Odermatt change de fonction et donc le mail florence.odermatt@ac-poitiers.fr ne doit plus \u00eatre utilis\u00e9, mais dpe5@ac-poitiers.fr <br \/>Un recrutement est en cours pour la remplacer. <br \/>Info Ulis \u00e9cole : l&rsquo;IENA a indiqu\u00e9 que le dispositif Ulis ne comptait pas dans le nombre de classes de l&rsquo;\u00e9cole, (&#8230;)<br \/>\n&#8211;<br \/>\n<a href=\"http:\/\/86.snuipp.fr\/spip.php?rubrique60\" rel=\"directory\">ASH <\/a><br \/>\n\/<br \/>\n<a href=\"http:\/\/86.snuipp.fr\/spip.php?mot289\" rel=\"tag\">Formation<\/a>,<br \/>\n<a href=\"http:\/\/86.snuipp.fr\/spip.php?mot321\" rel=\"tag\">A.S.H<\/a><\/p>\n","protected":false},"author":1,"featured_media":0,"comment_status":"open","ping_status":"open","sticky":false,"template":"","format":"standard","meta":{"footnotes":""},"categories":[14],"tags":[],"class_list":["post-285","post","type-post","status-publish","format-standard","hentry","category-a-la-une"],"yoast_head":"<!-- This site is optimized with the Yoast SEO plugin v26.6 - https:\/\/yoast.com\/wordpress\/plugins\/seo\/ -->\n<title>Groupe de travail ASH du 26 septembre : D\u00e9parts en stage &quot;Modules Nationaux ASH&quot; - FSU-SNUipp 86<\/title>\n<meta name=\"robots\" content=\"index, follow, max-snippet:-1, max-image-preview:large, max-video-preview:-1\" \/>\n<link rel=\"canonical\" href=\"https:\/\/snuipp86.fr\/index.php\/2017\/09\/26\/groupe-de-travail-ash-du-26-septembre-dparts-en-stage-modules-nationaux-ash\/\" \/>\n<meta property=\"og:locale\" content=\"fr_FR\" \/>\n<meta property=\"og:type\" content=\"article\" \/>\n<meta property=\"og:title\" content=\"Groupe de travail ASH du 26 septembre : D\u00e9parts en stage &quot;Modules Nationaux ASH&quot; - FSU-SNUipp 86\" \/>\n<meta property=\"og:description\" content=\"\u00c9taient pr\u00e9sent(e)s : Mme Odermatt (DPE5), M. Desport ( IEN ASH), M. Artaud (IENA), Fr\u00e9d\u00e9rique Delage, Fabienne La\u00een\u00e9 et Matthieu Menaut (SNUipp-FSU 86) C\u00e9cile Capy et Alice Gautron (SE-Unsa) Info : Mme Odermatt change de fonction et donc le mail florence.odermatt@ac-poitiers.fr ne doit plus \u00eatre utilis\u00e9, mais dpe5@ac-poitiers.fr Un recrutement est en cours pour la remplacer. Info Ulis \u00e9cole : l&#039;IENA a indiqu\u00e9 que le dispositif Ulis ne comptait pas dans le nombre de classes de l&#039;\u00e9cole, (...) - ASH \/ Formation, A.S.H\" \/>\n<meta property=\"og:url\" content=\"https:\/\/snuipp86.fr\/index.php\/2017\/09\/26\/groupe-de-travail-ash-du-26-septembre-dparts-en-stage-modules-nationaux-ash\/\" \/>\n<meta property=\"og:site_name\" content=\"FSU-SNUipp 86\" \/>\n<meta property=\"article:published_time\" content=\"2017-09-26T17:08:59+00:00\" \/>\n<meta property=\"og:image\" content=\"http:\/\/snuipp86.fr\/wp-content\/spip\/IMG\/arton3442.jpg\" \/>\n<meta name=\"author\" content=\"WP86Admin\" \/>\n<meta name=\"twitter:card\" content=\"summary_large_image\" \/>\n<meta name=\"twitter:label1\" content=\"\u00c9crit par\" \/>\n\t<meta name=\"twitter:data1\" content=\"WP86Admin\" \/>\n\t<meta name=\"twitter:label2\" content=\"Dur\u00e9e de lecture estim\u00e9e\" \/>\n\t<meta name=\"twitter:data2\" content=\"4 minutes\" \/>\n<script type=\"application\/ld+json\" class=\"yoast-schema-graph\">{\"@context\":\"https:\/\/schema.org\",\"@graph\":[{\"@type\":\"WebPage\",\"@id\":\"https:\/\/snuipp86.fr\/index.php\/2017\/09\/26\/groupe-de-travail-ash-du-26-septembre-dparts-en-stage-modules-nationaux-ash\/\",\"url\":\"https:\/\/snuipp86.fr\/index.php\/2017\/09\/26\/groupe-de-travail-ash-du-26-septembre-dparts-en-stage-modules-nationaux-ash\/\",\"name\":\"Groupe de travail ASH du 26 septembre : D\u00e9parts en stage \\\"Modules Nationaux ASH\\\" - FSU-SNUipp 86\",\"isPartOf\":{\"@id\":\"https:\/\/snuipp86.fr\/#website\"},\"primaryImageOfPage\":{\"@id\":\"https:\/\/snuipp86.fr\/index.php\/2017\/09\/26\/groupe-de-travail-ash-du-26-septembre-dparts-en-stage-modules-nationaux-ash\/#primaryimage\"},\"image\":{\"@id\":\"https:\/\/snuipp86.fr\/index.php\/2017\/09\/26\/groupe-de-travail-ash-du-26-septembre-dparts-en-stage-modules-nationaux-ash\/#primaryimage\"},\"thumbnailUrl\":\"http:\/\/snuipp86.fr\/wp-content\/spip\/IMG\/arton3442.jpg\",\"datePublished\":\"2017-09-26T17:08:59+00:00\",\"author\":{\"@id\":\"https:\/\/snuipp86.fr\/#\/schema\/person\/901b28b9ae1c7a63a6a940102e52a7a2\"},\"breadcrumb\":{\"@id\":\"https:\/\/snuipp86.fr\/index.php\/2017\/09\/26\/groupe-de-travail-ash-du-26-septembre-dparts-en-stage-modules-nationaux-ash\/#breadcrumb\"},\"inLanguage\":\"fr-FR\",\"potentialAction\":[{\"@type\":\"ReadAction\",\"target\":[\"https:\/\/snuipp86.fr\/index.php\/2017\/09\/26\/groupe-de-travail-ash-du-26-septembre-dparts-en-stage-modules-nationaux-ash\/\"]}]},{\"@type\":\"ImageObject\",\"inLanguage\":\"fr-FR\",\"@id\":\"https:\/\/snuipp86.fr\/index.php\/2017\/09\/26\/groupe-de-travail-ash-du-26-septembre-dparts-en-stage-modules-nationaux-ash\/#primaryimage\",\"url\":\"http:\/\/snuipp86.fr\/wp-content\/spip\/IMG\/arton3442.jpg\",\"contentUrl\":\"http:\/\/snuipp86.fr\/wp-content\/spip\/IMG\/arton3442.jpg\"},{\"@type\":\"BreadcrumbList\",\"@id\":\"https:\/\/snuipp86.fr\/index.php\/2017\/09\/26\/groupe-de-travail-ash-du-26-septembre-dparts-en-stage-modules-nationaux-ash\/#breadcrumb\",\"itemListElement\":[{\"@type\":\"ListItem\",\"position\":1,\"name\":\"Accueil\",\"item\":\"https:\/\/snuipp86.fr\/\"},{\"@type\":\"ListItem\",\"position\":2,\"name\":\"Groupe de travail ASH du 26 septembre : D\u00e9parts en stage &#8220;Modules Nationaux ASH&#8221;\"}]},{\"@type\":\"WebSite\",\"@id\":\"https:\/\/snuipp86.fr\/#website\",\"url\":\"https:\/\/snuipp86.fr\/\",\"name\":\"FSU-SNUipp 86\",\"description\":\"Des id\u00e9es qui font l&#039;\u00e9cole\",\"potentialAction\":[{\"@type\":\"SearchAction\",\"target\":{\"@type\":\"EntryPoint\",\"urlTemplate\":\"https:\/\/snuipp86.fr\/?s={search_term_string}\"},\"query-input\":{\"@type\":\"PropertyValueSpecification\",\"valueRequired\":true,\"valueName\":\"search_term_string\"}}],\"inLanguage\":\"fr-FR\"},{\"@type\":\"Person\",\"@id\":\"https:\/\/snuipp86.fr\/#\/schema\/person\/901b28b9ae1c7a63a6a940102e52a7a2\",\"name\":\"WP86Admin\",\"image\":{\"@type\":\"ImageObject\",\"inLanguage\":\"fr-FR\",\"@id\":\"https:\/\/snuipp86.fr\/#\/schema\/person\/image\/\",\"url\":\"https:\/\/secure.gravatar.com\/avatar\/0099845c7ec05dc10d777d8ab4f5142c5ba316283821af2459738ad469a37a1a?s=96&d=mm&r=g\",\"contentUrl\":\"https:\/\/secure.gravatar.com\/avatar\/0099845c7ec05dc10d777d8ab4f5142c5ba316283821af2459738ad469a37a1a?s=96&d=mm&r=g\",\"caption\":\"WP86Admin\"},\"url\":\"https:\/\/snuipp86.fr\/index.php\/author\/wp86admin\/\"}]}<\/script>\n<!-- \/ Yoast SEO plugin. -->","yoast_head_json":{"title":"Groupe de travail ASH du 26 septembre : D\u00e9parts en stage \"Modules Nationaux ASH\" - FSU-SNUipp 86","robots":{"index":"index","follow":"follow","max-snippet":"max-snippet:-1","max-image-preview":"max-image-preview:large","max-video-preview":"max-video-preview:-1"},"canonical":"https:\/\/snuipp86.fr\/index.php\/2017\/09\/26\/groupe-de-travail-ash-du-26-septembre-dparts-en-stage-modules-nationaux-ash\/","og_locale":"fr_FR","og_type":"article","og_title":"Groupe de travail ASH du 26 septembre : D\u00e9parts en stage \"Modules Nationaux ASH\" - FSU-SNUipp 86","og_description":"\u00c9taient pr\u00e9sent(e)s : Mme Odermatt (DPE5), M. Desport ( IEN ASH), M. Artaud (IENA), Fr\u00e9d\u00e9rique Delage, Fabienne La\u00een\u00e9 et Matthieu Menaut (SNUipp-FSU 86) C\u00e9cile Capy et Alice Gautron (SE-Unsa) Info : Mme Odermatt change de fonction et donc le mail florence.odermatt@ac-poitiers.fr ne doit plus \u00eatre utilis\u00e9, mais dpe5@ac-poitiers.fr Un recrutement est en cours pour la remplacer. Info Ulis \u00e9cole : l'IENA a indiqu\u00e9 que le dispositif Ulis ne comptait pas dans le nombre de classes de l'\u00e9cole, (...) - ASH \/ Formation, A.S.H","og_url":"https:\/\/snuipp86.fr\/index.php\/2017\/09\/26\/groupe-de-travail-ash-du-26-septembre-dparts-en-stage-modules-nationaux-ash\/","og_site_name":"FSU-SNUipp 86","article_published_time":"2017-09-26T17:08:59+00:00","og_image":[{"url":"http:\/\/snuipp86.fr\/wp-content\/spip\/IMG\/arton3442.jpg","type":"","width":"","height":""}],"author":"WP86Admin","twitter_card":"summary_large_image","twitter_misc":{"\u00c9crit par":"WP86Admin","Dur\u00e9e de lecture estim\u00e9e":"4 minutes"},"schema":{"@context":"https:\/\/schema.org","@graph":[{"@type":"WebPage","@id":"https:\/\/snuipp86.fr\/index.php\/2017\/09\/26\/groupe-de-travail-ash-du-26-septembre-dparts-en-stage-modules-nationaux-ash\/","url":"https:\/\/snuipp86.fr\/index.php\/2017\/09\/26\/groupe-de-travail-ash-du-26-septembre-dparts-en-stage-modules-nationaux-ash\/","name":"Groupe de travail ASH du 26 septembre : D\u00e9parts en stage \"Modules Nationaux ASH\" - FSU-SNUipp 86","isPartOf":{"@id":"https:\/\/snuipp86.fr\/#website"},"primaryImageOfPage":{"@id":"https:\/\/snuipp86.fr\/index.php\/2017\/09\/26\/groupe-de-travail-ash-du-26-septembre-dparts-en-stage-modules-nationaux-ash\/#primaryimage"},"image":{"@id":"https:\/\/snuipp86.fr\/index.php\/2017\/09\/26\/groupe-de-travail-ash-du-26-septembre-dparts-en-stage-modules-nationaux-ash\/#primaryimage"},"thumbnailUrl":"http:\/\/snuipp86.fr\/wp-content\/spip\/IMG\/arton3442.jpg","datePublished":"2017-09-26T17:08:59+00:00","author":{"@id":"https:\/\/snuipp86.fr\/#\/schema\/person\/901b28b9ae1c7a63a6a940102e52a7a2"},"breadcrumb":{"@id":"https:\/\/snuipp86.fr\/index.php\/2017\/09\/26\/groupe-de-travail-ash-du-26-septembre-dparts-en-stage-modules-nationaux-ash\/#breadcrumb"},"inLanguage":"fr-FR","potentialAction":[{"@type":"ReadAction","target":["https:\/\/snuipp86.fr\/index.php\/2017\/09\/26\/groupe-de-travail-ash-du-26-septembre-dparts-en-stage-modules-nationaux-ash\/"]}]},{"@type":"ImageObject","inLanguage":"fr-FR","@id":"https:\/\/snuipp86.fr\/index.php\/2017\/09\/26\/groupe-de-travail-ash-du-26-septembre-dparts-en-stage-modules-nationaux-ash\/#primaryimage","url":"http:\/\/snuipp86.fr\/wp-content\/spip\/IMG\/arton3442.jpg","contentUrl":"http:\/\/snuipp86.fr\/wp-content\/spip\/IMG\/arton3442.jpg"},{"@type":"BreadcrumbList","@id":"https:\/\/snuipp86.fr\/index.php\/2017\/09\/26\/groupe-de-travail-ash-du-26-septembre-dparts-en-stage-modules-nationaux-ash\/#breadcrumb","itemListElement":[{"@type":"ListItem","position":1,"name":"Accueil","item":"https:\/\/snuipp86.fr\/"},{"@type":"ListItem","position":2,"name":"Groupe de travail ASH du 26 septembre : D\u00e9parts en stage &#8220;Modules Nationaux ASH&#8221;"}]},{"@type":"WebSite","@id":"https:\/\/snuipp86.fr\/#website","url":"https:\/\/snuipp86.fr\/","name":"FSU-SNUipp 86","description":"Des id\u00e9es qui font l&#039;\u00e9cole","potentialAction":[{"@type":"SearchAction","target":{"@type":"EntryPoint","urlTemplate":"https:\/\/snuipp86.fr\/?s={search_term_string}"},"query-input":{"@type":"PropertyValueSpecification","valueRequired":true,"valueName":"search_term_string"}}],"inLanguage":"fr-FR"},{"@type":"Person","@id":"https:\/\/snuipp86.fr\/#\/schema\/person\/901b28b9ae1c7a63a6a940102e52a7a2","name":"WP86Admin","image":{"@type":"ImageObject","inLanguage":"fr-FR","@id":"https:\/\/snuipp86.fr\/#\/schema\/person\/image\/","url":"https:\/\/secure.gravatar.com\/avatar\/0099845c7ec05dc10d777d8ab4f5142c5ba316283821af2459738ad469a37a1a?s=96&d=mm&r=g","contentUrl":"https:\/\/secure.gravatar.com\/avatar\/0099845c7ec05dc10d777d8ab4f5142c5ba316283821af2459738ad469a37a1a?s=96&d=mm&r=g","caption":"WP86Admin"},"url":"https:\/\/snuipp86.fr\/index.php\/author\/wp86admin\/"}]}},"_links":{"self":[{"href":"https:\/\/snuipp86.fr\/index.php\/wp-json\/wp\/v2\/posts\/285","targetHints":{"allow":["GET"]}}],"collection":[{"href":"https:\/\/snuipp86.fr\/index.php\/wp-json\/wp\/v2\/posts"}],"about":[{"href":"https:\/\/snuipp86.fr\/index.php\/wp-json\/wp\/v2\/types\/post"}],"author":[{"embeddable":true,"href":"https:\/\/snuipp86.fr\/index.php\/wp-json\/wp\/v2\/users\/1"}],"replies":[{"embeddable":true,"href":"https:\/\/snuipp86.fr\/index.php\/wp-json\/wp\/v2\/comments?post=285"}],"version-history":[{"count":0,"href":"https:\/\/snuipp86.fr\/index.php\/wp-json\/wp\/v2\/posts\/285\/revisions"}],"wp:attachment":[{"href":"https:\/\/snuipp86.fr\/index.php\/wp-json\/wp\/v2\/media?parent=285"}],"wp:term":[{"taxonomy":"category","embeddable":true,"href":"https:\/\/snuipp86.fr\/index.php\/wp-json\/wp\/v2\/categories?post=285"},{"taxonomy":"post_tag","embeddable":true,"href":"https:\/\/snuipp86.fr\/index.php\/wp-json\/wp\/v2\/tags?post=285"}],"curies":[{"name":"wp","href":"https:\/\/api.w.org\/{rel}","templated":true}]}}