{"id":289,"date":"2017-09-15T09:53:48","date_gmt":"2017-09-15T09:53:48","guid":{"rendered":"http:\/\/localhost\/wordpress\/2017\/09\/15\/21-septembre-communiqu-intersyndical-cgt-cnt-so-fsu-solidaires-unef-et-unl\/"},"modified":"2017-09-15T09:53:48","modified_gmt":"2017-09-15T09:53:48","slug":"21-septembre-communiqu-intersyndical-cgt-cnt-so-fsu-solidaires-unef-et-unl","status":"publish","type":"post","link":"https:\/\/snuipp86.fr\/index.php\/2017\/09\/15\/21-septembre-communiqu-intersyndical-cgt-cnt-so-fsu-solidaires-unef-et-unl\/","title":{"rendered":"21 septembre : communiqu\u00e9 intersyndical CGT, CNT-SO, FSU, Solidaires, UNEF et UNL"},"content":{"rendered":"<p><img decoding=\"async\" src=\"https:\/\/snuipp86.fr\/wp-content\/spip\/IMG\/arton3426.jpg\" alt=\"\" align=\"right\" width=\"532\" height=\"532\" class=\"spip_logos\" \/><\/p>\n<div class='rss_texte'>\n<h3 class=\"spip\" id=\"outil_sommaire_0\"><a title=\"Sommaire\" href=\"http:\/\/86.snuipp.fr\/spip.php?page=backend&#038;id_rubrique=#outil_sommaire\" class=\"sommaire_ancre\"> <\/a>Les droits des salari\u00e9-es ne sont pas un probl\u00e8me\u2026 \u2026mais leur am\u00e9lioration est la solution<\/h3>\n<p class=\"spip\">Apr\u00e8s les mobilisations du 12, le SNUipp-FSU sera de nouveau dans l&rsquo;action le 21 aux c\u00f4t\u00e9s des salari\u00e9s du public et du priv\u00e9 contre le d\u00e9mant\u00e8lement du code du travail.<\/p>\n<p class=\"spip\">Vous trouverez ci-joint l&rsquo;appel et le tract du d\u00e9partement pour la journ\u00e9e du 21 septembre contre les ordonnances Macron \u00e0 l&rsquo;appel de CGT, CNT-SO, <strong class=\"spip\">FSU<\/strong>, Solidaires, UNEF et UNL .<\/p>\n<dl class='spip_document_2788 spip_documents spip_documents_center' >\n<dt><a href=\"https:\/\/snuipp86.fr\/wp-content\/spip\/IMG\/pdf\/Communique_intersyndicale_21_septembre.pdf\" title='PDF - 420.6 ko' type=\"application\/pdf\"><img src='https:\/\/snuipp86.fr\/wp-content\/spip\/cache-vignettes\/L52xH52\/pdf-d7486.png' width='52' height='52' alt='PDF - 420.6 ko' style='height:52px;width:52px;' class=' format_png' \/><\/a><\/dt>\n<dt class='spip_doc_titre' style='width:120px;'><strong>Communiqu\u00e9 intersyndicale 21 septembre<\/strong><\/dt>\n<\/dl>\n<h3 class=\"spip\" id=\"outil_sommaire_1\"><a title=\"Sommaire\" href=\"http:\/\/86.snuipp.fr\/spip.php?page=backend&#038;id_rubrique=#outil_sommaire\" class=\"sommaire_ancre\"> <\/a>Ch\u00e2tellerault, 10h00 au KIOSQUE<br \/>\nPoitiers, RASSEMBLEMENT Stade R\u00e9beilleau \u00e0 partir de 13h30, d\u00e9part 14h00 ( parcours : aller-retour R\u00e9beilleau &#8211; place de France &#8211; R\u00e9beilleau<\/h3>\n<p class=\"spip\"><strong class=\"spip\"><br \/>\nAttention, l&rsquo;intention de gr\u00e8ve est \u00e0 envoyer lundi 18 soir au plus tard<\/strong> \u00e0 sa circonscription si vous \u00eates en responsabilit\u00e9 de classe jeudi 21 : <a href=\"https:\/\/www.intra.ac-poitiers.fr\/medias\/fichier\/20150126-intention-greve-form_1441699364740.doc\" class=\"spip_out\">lien vers l&rsquo;intention de faire gr\u00e8ve.<\/a><\/p>\n<p class=\"spip\">Par ailleurs, le 21 au matin aura lieu une AG \u00e0 la maison syndicale FSU de 10h30 \u00e0 11h30 sur les questions li\u00e9es aux actions du moment destin\u00e9es \u00e0 toutes et tous.<\/p>\n<p class=\"spip\"><strong class=\"spip\">Communiqu\u00e9 national SNUipp <\/strong><\/p>\n<p class=\"spip\">Apr\u00e8s la mobilisation r\u00e9ussie du 12 et face \u00e0 l&rsquo;absence de r\u00e9ponses du gouvernement , le 21 septembre verra une nouvelle journ\u00e9e d&rsquo;actions, de gr\u00e8ves et de manifestations pour obtenir un Code du travail protecteur et des cr\u00e9ations d&#8217;emploi de qualit\u00e9.<\/p>\n<p class=\"spip\"><img decoding=\"async\" src=\"https:\/\/snuipp86.fr\/wp-content\/spip\/cache-vignettes\/L8xH11\/puce-68c92.gif\" width='8' height='11' alt=\"-\" style='height:11px;width:8px;' class='' \/> <strong class=\"spip\">Une remise en cause des droits sociaux<\/strong><\/p>\n<p class=\"spip\">La nouvelle r\u00e9forme du Code du Travail, sous couvert de flexibilit\u00e9 et d&rsquo;adaptabilit\u00e9 du march\u00e9 du travail, signe une remise en cause des droits sociaux . Sa mise en place constituerait une nouvelle \u00e9tape dans le d\u00e9mant\u00e8lement des garanties des salari\u00e9s : facilit\u00e9s plus grandes de licencier, diminution des droits en mati\u00e8re de sant\u00e9 et de s\u00e9curit\u00e9 au travail, mise en cause des droits syndicaux. La r\u00e9forme dessine un avenir particuli\u00e8rement inqui\u00e9tant pour la jeunesse et sa philosophie g\u00e9n\u00e9rale ne manquerait pas de servir de r\u00e9f\u00e9rence \u00e0 d&rsquo;autres d\u00e9gradations , y compris pour les salari\u00e9s du public<\/p>\n<p class=\"spip\"><img decoding=\"async\" src=\"https:\/\/snuipp86.fr\/wp-content\/spip\/cache-vignettes\/L8xH11\/puce-68c92.gif\" width='8' height='11' alt=\"-\" style='height:11px;width:8px;' class='' \/> <strong class=\"spip\">Aust\u00e9rit\u00e9 et mise \u00e0 mal des solidarit\u00e9s<\/strong><\/p>\n<p class=\"spip\">Au del\u00e0 de la r\u00e9forme du code du travail, les annonces et les d\u00e9cisions prises par le gouvernement pendant l&rsquo;\u00e9t\u00e9 sont guid\u00e9es par l&rsquo;aust\u00e9rit\u00e9 et mettent \u00e0 mal les solidarit\u00e9s : r\u00e9duction des d\u00e9penses publiques, suppression des contrats aid\u00e9s, baisse des APL etc.. Le gouvernement poursuit une politique lourde de cons\u00e9quences pour les salari\u00e9s et les retrait\u00e9s et s&rsquo;attaque \u00e0 notre mod\u00e8le social<\/p>\n<p class=\"spip\"><img decoding=\"async\" src=\"https:\/\/snuipp86.fr\/wp-content\/spip\/cache-vignettes\/L8xH11\/puce-68c92.gif\" width='8' height='11' alt=\"-\" style='height:11px;width:8px;' class='' \/> <strong class=\"spip\">Les fonctionnaires en ligne de mire<\/strong><\/p>\n<p class=\"spip\">Gel du point d&rsquo;indice, pr\u00e9vision de 120 000 suppressions d&#8217;emplois, r\u00e9tablissement de la journ\u00e9e de carence, augmentation de la CSG, baisses des dotations aux collectivit\u00e9s locales&#8230; La Fonction publique est aussi en premi\u00e8re ligne et sert de variable d&rsquo;ajustement \u00e0 des arbitrages budg\u00e9taires et fiscaux en faveur des plus riches. Pour 10 millions de retrait\u00e9s , dont la pension nette est sup\u00e9rieure \u00e0 1200 euros par mois, c&rsquo;est une amputation nette du pouvoir d&rsquo;achat qui est programm\u00e9e. D&rsquo;ores et d\u00e9j\u00e0, les neuf f\u00e9d\u00e9rations de fonctionnaires annoncent <a href=\"http:\/\/86.snuipp.fr\/spip.php?article3430\" class=\"spip_out\">une journ\u00e9e d&rsquo;action le 10 octobre<\/a> prochain. Une unit\u00e9 qui annonce de fortes mobilisations.<\/p>\n<p class=\"spip\"><img decoding=\"async\" src=\"https:\/\/snuipp86.fr\/wp-content\/spip\/cache-vignettes\/L8xH11\/puce-68c92.gif\" width='8' height='11' alt=\"-\" style='height:11px;width:8px;' class='' \/> <strong class=\"spip\">Dans l&rsquo;action le 21 septembre et apr\u00e8s&#8230;<\/strong><\/p>\n<p class=\"spip\">Pour maintenir un code du travail protecteur et des emplois de qualit\u00e9 mais aussi pour refuser la logique d&rsquo;aust\u00e9rit\u00e9 et sauvegarder notre syst\u00e8me de solidarit\u00e9s, le SNUipp, avec la FSU, appelle les personnels \u00e0 participer massivement \u00e0 la journ\u00e9e d&rsquo;action du 21 septembre sous des formes diverses d\u00e9clin\u00e9es localement (gr\u00e8ves, manifestations&#8230;) . Toutes les mobilisations, sur la loi travail comme sur la fonction publique, participent du refus de ce nouveau mod\u00e8le social que le gouvernement souhaite imposer<\/p>\n<dl class='spip_document_2800 spip_documents spip_documents_center' >\n<dt><a href=\"https:\/\/snuipp86.fr\/wp-content\/spip\/IMG\/pdf\/argumentaire_21_septembre.pdf\" title='PDF - 499.3 ko' type=\"application\/pdf\"><img src='https:\/\/snuipp86.fr\/wp-content\/spip\/cache-vignettes\/L52xH52\/pdf-d7486.png' width='52' height='52' alt='PDF - 499.3 ko' style='height:52px;width:52px;' class=' format_png' \/><\/a><\/dt>\n<dt class='spip_doc_titre' style='width:120px;'><strong>argumentaire_21_septembre<\/strong><\/dt>\n<\/dl>\n<\/div>\n","protected":false},"excerpt":{"rendered":"<p>Les droits des salari\u00e9-es ne sont pas un probl\u00e8me\u2026 \u2026mais leur am\u00e9lioration est la solution <br \/>Apr\u00e8s les mobilisations du 12, le SNUipp-FSU sera de nouveau dans l&rsquo;action le 21 aux c\u00f4t\u00e9s des salari\u00e9s du public et du priv\u00e9 contre le d\u00e9mant\u00e8lement du code du travail. <br \/>Vous trouverez ci-joint l&rsquo;appel et le tract du d\u00e9partement pour la journ\u00e9e du 21 septembre contre les ordonnances Macron \u00e0 l&rsquo;appel de CGT, CNT-SO, FSU, Solidaires, UNEF et UNL . <br \/>Ch\u00e2tellerault, 10h00 au KIOSQUE (&#8230;)<br \/>\n&#8211;<br \/>\n<a href=\"http:\/\/86.snuipp.fr\/spip.php?rubrique294\" rel=\"directory\">Gr\u00e8ves- Actions<\/a><br \/>\n\/<br \/>\n<a href=\"http:\/\/86.snuipp.fr\/spip.php?mot290\" rel=\"tag\">Actions<\/a><\/p>\n","protected":false},"author":1,"featured_media":0,"comment_status":"open","ping_status":"open","sticky":false,"template":"","format":"standard","meta":{"footnotes":""},"categories":[14],"tags":[],"class_list":["post-289","post","type-post","status-publish","format-standard","hentry","category-a-la-une"],"yoast_head":"<!-- This site is optimized with the Yoast SEO plugin v26.6 - https:\/\/yoast.com\/wordpress\/plugins\/seo\/ -->\n<title>21 septembre : communiqu\u00e9 intersyndical CGT, CNT-SO, FSU, Solidaires, UNEF et UNL - FSU-SNUipp 86<\/title>\n<meta name=\"robots\" content=\"index, follow, max-snippet:-1, max-image-preview:large, max-video-preview:-1\" \/>\n<link rel=\"canonical\" href=\"https:\/\/snuipp86.fr\/index.php\/2017\/09\/15\/21-septembre-communiqu-intersyndical-cgt-cnt-so-fsu-solidaires-unef-et-unl\/\" \/>\n<meta property=\"og:locale\" content=\"fr_FR\" \/>\n<meta property=\"og:type\" content=\"article\" \/>\n<meta property=\"og:title\" content=\"21 septembre : communiqu\u00e9 intersyndical CGT, CNT-SO, FSU, Solidaires, UNEF et UNL - FSU-SNUipp 86\" \/>\n<meta property=\"og:description\" content=\"Les droits des salari\u00e9-es ne sont pas un probl\u00e8me\u2026 \u2026mais leur am\u00e9lioration est la solution Apr\u00e8s les mobilisations du 12, le SNUipp-FSU sera de nouveau dans l&#039;action le 21 aux c\u00f4t\u00e9s des salari\u00e9s du public et du priv\u00e9 contre le d\u00e9mant\u00e8lement du code du travail. Vous trouverez ci-joint l&#039;appel et le tract du d\u00e9partement pour la journ\u00e9e du 21 septembre contre les ordonnances Macron \u00e0 l&#039;appel de CGT, CNT-SO, FSU, Solidaires, UNEF et UNL . Ch\u00e2tellerault, 10h00 au KIOSQUE (...) - Gr\u00e8ves- Actions \/ Actions\" \/>\n<meta property=\"og:url\" content=\"https:\/\/snuipp86.fr\/index.php\/2017\/09\/15\/21-septembre-communiqu-intersyndical-cgt-cnt-so-fsu-solidaires-unef-et-unl\/\" \/>\n<meta property=\"og:site_name\" content=\"FSU-SNUipp 86\" \/>\n<meta property=\"article:published_time\" content=\"2017-09-15T09:53:48+00:00\" \/>\n<meta property=\"og:image\" content=\"http:\/\/snuipp86.fr\/wp-content\/spip\/IMG\/arton3426.jpg\" \/>\n<meta name=\"author\" content=\"WP86Admin\" \/>\n<meta name=\"twitter:card\" content=\"summary_large_image\" \/>\n<meta name=\"twitter:label1\" content=\"\u00c9crit par\" \/>\n\t<meta name=\"twitter:data1\" content=\"WP86Admin\" \/>\n\t<meta name=\"twitter:label2\" content=\"Dur\u00e9e de lecture estim\u00e9e\" \/>\n\t<meta name=\"twitter:data2\" content=\"3 minutes\" \/>\n<script type=\"application\/ld+json\" class=\"yoast-schema-graph\">{\"@context\":\"https:\/\/schema.org\",\"@graph\":[{\"@type\":\"WebPage\",\"@id\":\"https:\/\/snuipp86.fr\/index.php\/2017\/09\/15\/21-septembre-communiqu-intersyndical-cgt-cnt-so-fsu-solidaires-unef-et-unl\/\",\"url\":\"https:\/\/snuipp86.fr\/index.php\/2017\/09\/15\/21-septembre-communiqu-intersyndical-cgt-cnt-so-fsu-solidaires-unef-et-unl\/\",\"name\":\"21 septembre : communiqu\u00e9 intersyndical CGT, CNT-SO, FSU, Solidaires, UNEF et UNL - FSU-SNUipp 86\",\"isPartOf\":{\"@id\":\"https:\/\/snuipp86.fr\/#website\"},\"primaryImageOfPage\":{\"@id\":\"https:\/\/snuipp86.fr\/index.php\/2017\/09\/15\/21-septembre-communiqu-intersyndical-cgt-cnt-so-fsu-solidaires-unef-et-unl\/#primaryimage\"},\"image\":{\"@id\":\"https:\/\/snuipp86.fr\/index.php\/2017\/09\/15\/21-septembre-communiqu-intersyndical-cgt-cnt-so-fsu-solidaires-unef-et-unl\/#primaryimage\"},\"thumbnailUrl\":\"http:\/\/snuipp86.fr\/wp-content\/spip\/IMG\/arton3426.jpg\",\"datePublished\":\"2017-09-15T09:53:48+00:00\",\"author\":{\"@id\":\"https:\/\/snuipp86.fr\/#\/schema\/person\/901b28b9ae1c7a63a6a940102e52a7a2\"},\"breadcrumb\":{\"@id\":\"https:\/\/snuipp86.fr\/index.php\/2017\/09\/15\/21-septembre-communiqu-intersyndical-cgt-cnt-so-fsu-solidaires-unef-et-unl\/#breadcrumb\"},\"inLanguage\":\"fr-FR\",\"potentialAction\":[{\"@type\":\"ReadAction\",\"target\":[\"https:\/\/snuipp86.fr\/index.php\/2017\/09\/15\/21-septembre-communiqu-intersyndical-cgt-cnt-so-fsu-solidaires-unef-et-unl\/\"]}]},{\"@type\":\"ImageObject\",\"inLanguage\":\"fr-FR\",\"@id\":\"https:\/\/snuipp86.fr\/index.php\/2017\/09\/15\/21-septembre-communiqu-intersyndical-cgt-cnt-so-fsu-solidaires-unef-et-unl\/#primaryimage\",\"url\":\"http:\/\/snuipp86.fr\/wp-content\/spip\/IMG\/arton3426.jpg\",\"contentUrl\":\"http:\/\/snuipp86.fr\/wp-content\/spip\/IMG\/arton3426.jpg\"},{\"@type\":\"BreadcrumbList\",\"@id\":\"https:\/\/snuipp86.fr\/index.php\/2017\/09\/15\/21-septembre-communiqu-intersyndical-cgt-cnt-so-fsu-solidaires-unef-et-unl\/#breadcrumb\",\"itemListElement\":[{\"@type\":\"ListItem\",\"position\":1,\"name\":\"Accueil\",\"item\":\"https:\/\/snuipp86.fr\/\"},{\"@type\":\"ListItem\",\"position\":2,\"name\":\"21 septembre : communiqu\u00e9 intersyndical CGT, CNT-SO, FSU, Solidaires, UNEF et UNL\"}]},{\"@type\":\"WebSite\",\"@id\":\"https:\/\/snuipp86.fr\/#website\",\"url\":\"https:\/\/snuipp86.fr\/\",\"name\":\"FSU-SNUipp 86\",\"description\":\"Des id\u00e9es qui font l&#039;\u00e9cole\",\"potentialAction\":[{\"@type\":\"SearchAction\",\"target\":{\"@type\":\"EntryPoint\",\"urlTemplate\":\"https:\/\/snuipp86.fr\/?s={search_term_string}\"},\"query-input\":{\"@type\":\"PropertyValueSpecification\",\"valueRequired\":true,\"valueName\":\"search_term_string\"}}],\"inLanguage\":\"fr-FR\"},{\"@type\":\"Person\",\"@id\":\"https:\/\/snuipp86.fr\/#\/schema\/person\/901b28b9ae1c7a63a6a940102e52a7a2\",\"name\":\"WP86Admin\",\"image\":{\"@type\":\"ImageObject\",\"inLanguage\":\"fr-FR\",\"@id\":\"https:\/\/snuipp86.fr\/#\/schema\/person\/image\/\",\"url\":\"https:\/\/secure.gravatar.com\/avatar\/0099845c7ec05dc10d777d8ab4f5142c5ba316283821af2459738ad469a37a1a?s=96&d=mm&r=g\",\"contentUrl\":\"https:\/\/secure.gravatar.com\/avatar\/0099845c7ec05dc10d777d8ab4f5142c5ba316283821af2459738ad469a37a1a?s=96&d=mm&r=g\",\"caption\":\"WP86Admin\"},\"url\":\"https:\/\/snuipp86.fr\/index.php\/author\/wp86admin\/\"}]}<\/script>\n<!-- \/ Yoast SEO plugin. -->","yoast_head_json":{"title":"21 septembre : communiqu\u00e9 intersyndical CGT, CNT-SO, FSU, Solidaires, UNEF et UNL - FSU-SNUipp 86","robots":{"index":"index","follow":"follow","max-snippet":"max-snippet:-1","max-image-preview":"max-image-preview:large","max-video-preview":"max-video-preview:-1"},"canonical":"https:\/\/snuipp86.fr\/index.php\/2017\/09\/15\/21-septembre-communiqu-intersyndical-cgt-cnt-so-fsu-solidaires-unef-et-unl\/","og_locale":"fr_FR","og_type":"article","og_title":"21 septembre : communiqu\u00e9 intersyndical CGT, CNT-SO, FSU, Solidaires, UNEF et UNL - FSU-SNUipp 86","og_description":"Les droits des salari\u00e9-es ne sont pas un probl\u00e8me\u2026 \u2026mais leur am\u00e9lioration est la solution Apr\u00e8s les mobilisations du 12, le SNUipp-FSU sera de nouveau dans l'action le 21 aux c\u00f4t\u00e9s des salari\u00e9s du public et du priv\u00e9 contre le d\u00e9mant\u00e8lement du code du travail. Vous trouverez ci-joint l'appel et le tract du d\u00e9partement pour la journ\u00e9e du 21 septembre contre les ordonnances Macron \u00e0 l'appel de CGT, CNT-SO, FSU, Solidaires, UNEF et UNL . Ch\u00e2tellerault, 10h00 au KIOSQUE (...) - Gr\u00e8ves- Actions \/ Actions","og_url":"https:\/\/snuipp86.fr\/index.php\/2017\/09\/15\/21-septembre-communiqu-intersyndical-cgt-cnt-so-fsu-solidaires-unef-et-unl\/","og_site_name":"FSU-SNUipp 86","article_published_time":"2017-09-15T09:53:48+00:00","og_image":[{"url":"http:\/\/snuipp86.fr\/wp-content\/spip\/IMG\/arton3426.jpg","type":"","width":"","height":""}],"author":"WP86Admin","twitter_card":"summary_large_image","twitter_misc":{"\u00c9crit par":"WP86Admin","Dur\u00e9e de lecture estim\u00e9e":"3 minutes"},"schema":{"@context":"https:\/\/schema.org","@graph":[{"@type":"WebPage","@id":"https:\/\/snuipp86.fr\/index.php\/2017\/09\/15\/21-septembre-communiqu-intersyndical-cgt-cnt-so-fsu-solidaires-unef-et-unl\/","url":"https:\/\/snuipp86.fr\/index.php\/2017\/09\/15\/21-septembre-communiqu-intersyndical-cgt-cnt-so-fsu-solidaires-unef-et-unl\/","name":"21 septembre : communiqu\u00e9 intersyndical CGT, CNT-SO, FSU, Solidaires, UNEF et UNL - FSU-SNUipp 86","isPartOf":{"@id":"https:\/\/snuipp86.fr\/#website"},"primaryImageOfPage":{"@id":"https:\/\/snuipp86.fr\/index.php\/2017\/09\/15\/21-septembre-communiqu-intersyndical-cgt-cnt-so-fsu-solidaires-unef-et-unl\/#primaryimage"},"image":{"@id":"https:\/\/snuipp86.fr\/index.php\/2017\/09\/15\/21-septembre-communiqu-intersyndical-cgt-cnt-so-fsu-solidaires-unef-et-unl\/#primaryimage"},"thumbnailUrl":"http:\/\/snuipp86.fr\/wp-content\/spip\/IMG\/arton3426.jpg","datePublished":"2017-09-15T09:53:48+00:00","author":{"@id":"https:\/\/snuipp86.fr\/#\/schema\/person\/901b28b9ae1c7a63a6a940102e52a7a2"},"breadcrumb":{"@id":"https:\/\/snuipp86.fr\/index.php\/2017\/09\/15\/21-septembre-communiqu-intersyndical-cgt-cnt-so-fsu-solidaires-unef-et-unl\/#breadcrumb"},"inLanguage":"fr-FR","potentialAction":[{"@type":"ReadAction","target":["https:\/\/snuipp86.fr\/index.php\/2017\/09\/15\/21-septembre-communiqu-intersyndical-cgt-cnt-so-fsu-solidaires-unef-et-unl\/"]}]},{"@type":"ImageObject","inLanguage":"fr-FR","@id":"https:\/\/snuipp86.fr\/index.php\/2017\/09\/15\/21-septembre-communiqu-intersyndical-cgt-cnt-so-fsu-solidaires-unef-et-unl\/#primaryimage","url":"http:\/\/snuipp86.fr\/wp-content\/spip\/IMG\/arton3426.jpg","contentUrl":"http:\/\/snuipp86.fr\/wp-content\/spip\/IMG\/arton3426.jpg"},{"@type":"BreadcrumbList","@id":"https:\/\/snuipp86.fr\/index.php\/2017\/09\/15\/21-septembre-communiqu-intersyndical-cgt-cnt-so-fsu-solidaires-unef-et-unl\/#breadcrumb","itemListElement":[{"@type":"ListItem","position":1,"name":"Accueil","item":"https:\/\/snuipp86.fr\/"},{"@type":"ListItem","position":2,"name":"21 septembre : communiqu\u00e9 intersyndical CGT, CNT-SO, FSU, Solidaires, UNEF et UNL"}]},{"@type":"WebSite","@id":"https:\/\/snuipp86.fr\/#website","url":"https:\/\/snuipp86.fr\/","name":"FSU-SNUipp 86","description":"Des id\u00e9es qui font l&#039;\u00e9cole","potentialAction":[{"@type":"SearchAction","target":{"@type":"EntryPoint","urlTemplate":"https:\/\/snuipp86.fr\/?s={search_term_string}"},"query-input":{"@type":"PropertyValueSpecification","valueRequired":true,"valueName":"search_term_string"}}],"inLanguage":"fr-FR"},{"@type":"Person","@id":"https:\/\/snuipp86.fr\/#\/schema\/person\/901b28b9ae1c7a63a6a940102e52a7a2","name":"WP86Admin","image":{"@type":"ImageObject","inLanguage":"fr-FR","@id":"https:\/\/snuipp86.fr\/#\/schema\/person\/image\/","url":"https:\/\/secure.gravatar.com\/avatar\/0099845c7ec05dc10d777d8ab4f5142c5ba316283821af2459738ad469a37a1a?s=96&d=mm&r=g","contentUrl":"https:\/\/secure.gravatar.com\/avatar\/0099845c7ec05dc10d777d8ab4f5142c5ba316283821af2459738ad469a37a1a?s=96&d=mm&r=g","caption":"WP86Admin"},"url":"https:\/\/snuipp86.fr\/index.php\/author\/wp86admin\/"}]}},"_links":{"self":[{"href":"https:\/\/snuipp86.fr\/index.php\/wp-json\/wp\/v2\/posts\/289","targetHints":{"allow":["GET"]}}],"collection":[{"href":"https:\/\/snuipp86.fr\/index.php\/wp-json\/wp\/v2\/posts"}],"about":[{"href":"https:\/\/snuipp86.fr\/index.php\/wp-json\/wp\/v2\/types\/post"}],"author":[{"embeddable":true,"href":"https:\/\/snuipp86.fr\/index.php\/wp-json\/wp\/v2\/users\/1"}],"replies":[{"embeddable":true,"href":"https:\/\/snuipp86.fr\/index.php\/wp-json\/wp\/v2\/comments?post=289"}],"version-history":[{"count":0,"href":"https:\/\/snuipp86.fr\/index.php\/wp-json\/wp\/v2\/posts\/289\/revisions"}],"wp:attachment":[{"href":"https:\/\/snuipp86.fr\/index.php\/wp-json\/wp\/v2\/media?parent=289"}],"wp:term":[{"taxonomy":"category","embeddable":true,"href":"https:\/\/snuipp86.fr\/index.php\/wp-json\/wp\/v2\/categories?post=289"},{"taxonomy":"post_tag","embeddable":true,"href":"https:\/\/snuipp86.fr\/index.php\/wp-json\/wp\/v2\/tags?post=289"}],"curies":[{"name":"wp","href":"https:\/\/api.w.org\/{rel}","templated":true}]}}