{"id":290,"date":"2017-09-15T05:36:48","date_gmt":"2017-09-15T05:36:48","guid":{"rendered":"http:\/\/localhost\/wordpress\/2017\/09\/15\/ppcr-et-reclassement-chelon-pensez-vrifier-i-prof\/"},"modified":"2017-09-15T05:36:48","modified_gmt":"2017-09-15T05:36:48","slug":"ppcr-et-reclassement-chelon-pensez-vrifier-i-prof","status":"publish","type":"post","link":"https:\/\/snuipp86.fr\/index.php\/2017\/09\/15\/ppcr-et-reclassement-chelon-pensez-vrifier-i-prof\/","title":{"rendered":"PPCR et reclassement \u00e9chelon : Pensez \u00e0 v\u00e9rifier i-prof"},"content":{"rendered":"<p><img decoding=\"async\" src=\"https:\/\/snuipp86.fr\/wp-content\/spip\/IMG\/arton3422.png\" alt=\"\" align=\"right\" width=\"361\" height=\"210\" class=\"spip_logos\" \/><\/p>\n<div class='rss_texte'>\n<p class=\"spip\">Comme pr\u00e9vu dans les accords PPCR, dont la FSU a \u00e9t\u00e9 signataire, tous les agents ont \u00e9t\u00e9 reclass\u00e9s \u00e0 la date du 01\/09\/17 selon les modalit\u00e9s du d\u00e9cret n\u00b02017-786 du 5 mai 2017 modifiant divers d\u00e9crets portant statut particulier des personnels enseignants et d&rsquo;\u00e9ducation du minist\u00e8re charg\u00e9 de l&rsquo;\u00e9ducation nationale.<\/p>\n<p class=\"spip\">En clair et en d\u00e9crypt\u00e9, nous invitons tous les enseignants \u00e0 aller v\u00e9rifier les donn\u00e9es concernant ce reclassement dans i-prof, et \u00e0 nous contacter si des anomalies sont d\u00e9tect\u00e9es.<\/p>\n<p class=\"spip\"><a href=\"http:\/\/nouvelle-carriere.snuipp.fr\/le-reclassement-9\" class=\"spip_out\">Retrouvez sur ce lien les modalit\u00e9s de reclassement<\/a><\/p>\n<p class=\"spip\">Les repr\u00e9sentant-e-s des personnels du SNUipp-FSU interviendront le cas \u00e9ch\u00e9ant aupr\u00e8s de l&rsquo;administration.<\/p>\n<\/div>\n","protected":false},"excerpt":{"rendered":"<p>Comme pr\u00e9vu dans les accords PPCR, dont la FSU a \u00e9t\u00e9 signataire, tous les agents ont \u00e9t\u00e9 reclass\u00e9s \u00e0 la date du 01\/09\/17 selon les modalit\u00e9s du d\u00e9cret n\u00b02017-786 du 5 mai 2017 modifiant divers d\u00e9crets portant statut particulier des personnels enseignants et d&rsquo;\u00e9ducation du minist\u00e8re charg\u00e9 de l&rsquo;\u00e9ducation nationale. <br \/>En clair et en d\u00e9crypt\u00e9, nous invitons tous les enseignants \u00e0 aller v\u00e9rifier les donn\u00e9es concernant ce reclassement dans i-prof, et \u00e0 nous contacter si des anomalies sont (&#8230;)<br \/>\n&#8211;<br \/>\n<a href=\"http:\/\/86.snuipp.fr\/spip.php?rubrique120\" rel=\"directory\">Promotions<\/a><br \/>\n\/<br \/>\n<a href=\"http:\/\/86.snuipp.fr\/spip.php?mot283\" rel=\"tag\">Promotions<\/a><\/p>\n","protected":false},"author":1,"featured_media":0,"comment_status":"open","ping_status":"open","sticky":false,"template":"","format":"standard","meta":{"footnotes":""},"categories":[14],"tags":[],"class_list":["post-290","post","type-post","status-publish","format-standard","hentry","category-a-la-une"],"yoast_head":"<!-- This site is optimized with the Yoast SEO plugin v26.6 - https:\/\/yoast.com\/wordpress\/plugins\/seo\/ -->\n<title>PPCR et reclassement \u00e9chelon : Pensez \u00e0 v\u00e9rifier i-prof - FSU-SNUipp 86<\/title>\n<meta name=\"robots\" content=\"index, follow, max-snippet:-1, max-image-preview:large, max-video-preview:-1\" \/>\n<link rel=\"canonical\" href=\"https:\/\/snuipp86.fr\/index.php\/2017\/09\/15\/ppcr-et-reclassement-chelon-pensez-vrifier-i-prof\/\" \/>\n<meta property=\"og:locale\" content=\"fr_FR\" \/>\n<meta property=\"og:type\" content=\"article\" \/>\n<meta property=\"og:title\" content=\"PPCR et reclassement \u00e9chelon : Pensez \u00e0 v\u00e9rifier i-prof - FSU-SNUipp 86\" \/>\n<meta property=\"og:description\" content=\"Comme pr\u00e9vu dans les accords PPCR, dont la FSU a \u00e9t\u00e9 signataire, tous les agents ont \u00e9t\u00e9 reclass\u00e9s \u00e0 la date du 01\/09\/17 selon les modalit\u00e9s du d\u00e9cret n\u00b02017-786 du 5 mai 2017 modifiant divers d\u00e9crets portant statut particulier des personnels enseignants et d&#039;\u00e9ducation du minist\u00e8re charg\u00e9 de l&#039;\u00e9ducation nationale. En clair et en d\u00e9crypt\u00e9, nous invitons tous les enseignants \u00e0 aller v\u00e9rifier les donn\u00e9es concernant ce reclassement dans i-prof, et \u00e0 nous contacter si des anomalies sont (...) - Promotions \/ Promotions\" \/>\n<meta property=\"og:url\" content=\"https:\/\/snuipp86.fr\/index.php\/2017\/09\/15\/ppcr-et-reclassement-chelon-pensez-vrifier-i-prof\/\" \/>\n<meta property=\"og:site_name\" content=\"FSU-SNUipp 86\" \/>\n<meta property=\"article:published_time\" content=\"2017-09-15T05:36:48+00:00\" \/>\n<meta property=\"og:image\" content=\"http:\/\/snuipp86.fr\/wp-content\/spip\/IMG\/arton3422.png\" \/>\n<meta name=\"author\" content=\"WP86Admin\" \/>\n<meta name=\"twitter:card\" content=\"summary_large_image\" \/>\n<meta name=\"twitter:label1\" content=\"\u00c9crit par\" \/>\n\t<meta name=\"twitter:data1\" content=\"WP86Admin\" \/>\n\t<meta name=\"twitter:label2\" content=\"Dur\u00e9e de lecture estim\u00e9e\" \/>\n\t<meta name=\"twitter:data2\" content=\"1 minute\" \/>\n<script type=\"application\/ld+json\" class=\"yoast-schema-graph\">{\"@context\":\"https:\/\/schema.org\",\"@graph\":[{\"@type\":\"WebPage\",\"@id\":\"https:\/\/snuipp86.fr\/index.php\/2017\/09\/15\/ppcr-et-reclassement-chelon-pensez-vrifier-i-prof\/\",\"url\":\"https:\/\/snuipp86.fr\/index.php\/2017\/09\/15\/ppcr-et-reclassement-chelon-pensez-vrifier-i-prof\/\",\"name\":\"PPCR et reclassement \u00e9chelon : Pensez \u00e0 v\u00e9rifier i-prof - FSU-SNUipp 86\",\"isPartOf\":{\"@id\":\"https:\/\/snuipp86.fr\/#website\"},\"primaryImageOfPage\":{\"@id\":\"https:\/\/snuipp86.fr\/index.php\/2017\/09\/15\/ppcr-et-reclassement-chelon-pensez-vrifier-i-prof\/#primaryimage\"},\"image\":{\"@id\":\"https:\/\/snuipp86.fr\/index.php\/2017\/09\/15\/ppcr-et-reclassement-chelon-pensez-vrifier-i-prof\/#primaryimage\"},\"thumbnailUrl\":\"http:\/\/snuipp86.fr\/wp-content\/spip\/IMG\/arton3422.png\",\"datePublished\":\"2017-09-15T05:36:48+00:00\",\"author\":{\"@id\":\"https:\/\/snuipp86.fr\/#\/schema\/person\/901b28b9ae1c7a63a6a940102e52a7a2\"},\"breadcrumb\":{\"@id\":\"https:\/\/snuipp86.fr\/index.php\/2017\/09\/15\/ppcr-et-reclassement-chelon-pensez-vrifier-i-prof\/#breadcrumb\"},\"inLanguage\":\"fr-FR\",\"potentialAction\":[{\"@type\":\"ReadAction\",\"target\":[\"https:\/\/snuipp86.fr\/index.php\/2017\/09\/15\/ppcr-et-reclassement-chelon-pensez-vrifier-i-prof\/\"]}]},{\"@type\":\"ImageObject\",\"inLanguage\":\"fr-FR\",\"@id\":\"https:\/\/snuipp86.fr\/index.php\/2017\/09\/15\/ppcr-et-reclassement-chelon-pensez-vrifier-i-prof\/#primaryimage\",\"url\":\"http:\/\/snuipp86.fr\/wp-content\/spip\/IMG\/arton3422.png\",\"contentUrl\":\"http:\/\/snuipp86.fr\/wp-content\/spip\/IMG\/arton3422.png\"},{\"@type\":\"BreadcrumbList\",\"@id\":\"https:\/\/snuipp86.fr\/index.php\/2017\/09\/15\/ppcr-et-reclassement-chelon-pensez-vrifier-i-prof\/#breadcrumb\",\"itemListElement\":[{\"@type\":\"ListItem\",\"position\":1,\"name\":\"Accueil\",\"item\":\"https:\/\/snuipp86.fr\/\"},{\"@type\":\"ListItem\",\"position\":2,\"name\":\"PPCR et reclassement \u00e9chelon : Pensez \u00e0 v\u00e9rifier i-prof\"}]},{\"@type\":\"WebSite\",\"@id\":\"https:\/\/snuipp86.fr\/#website\",\"url\":\"https:\/\/snuipp86.fr\/\",\"name\":\"FSU-SNUipp 86\",\"description\":\"Des id\u00e9es qui font l&#039;\u00e9cole\",\"potentialAction\":[{\"@type\":\"SearchAction\",\"target\":{\"@type\":\"EntryPoint\",\"urlTemplate\":\"https:\/\/snuipp86.fr\/?s={search_term_string}\"},\"query-input\":{\"@type\":\"PropertyValueSpecification\",\"valueRequired\":true,\"valueName\":\"search_term_string\"}}],\"inLanguage\":\"fr-FR\"},{\"@type\":\"Person\",\"@id\":\"https:\/\/snuipp86.fr\/#\/schema\/person\/901b28b9ae1c7a63a6a940102e52a7a2\",\"name\":\"WP86Admin\",\"image\":{\"@type\":\"ImageObject\",\"inLanguage\":\"fr-FR\",\"@id\":\"https:\/\/snuipp86.fr\/#\/schema\/person\/image\/\",\"url\":\"https:\/\/secure.gravatar.com\/avatar\/0099845c7ec05dc10d777d8ab4f5142c5ba316283821af2459738ad469a37a1a?s=96&d=mm&r=g\",\"contentUrl\":\"https:\/\/secure.gravatar.com\/avatar\/0099845c7ec05dc10d777d8ab4f5142c5ba316283821af2459738ad469a37a1a?s=96&d=mm&r=g\",\"caption\":\"WP86Admin\"},\"url\":\"https:\/\/snuipp86.fr\/index.php\/author\/wp86admin\/\"}]}<\/script>\n<!-- \/ Yoast SEO plugin. -->","yoast_head_json":{"title":"PPCR et reclassement \u00e9chelon : Pensez \u00e0 v\u00e9rifier i-prof - FSU-SNUipp 86","robots":{"index":"index","follow":"follow","max-snippet":"max-snippet:-1","max-image-preview":"max-image-preview:large","max-video-preview":"max-video-preview:-1"},"canonical":"https:\/\/snuipp86.fr\/index.php\/2017\/09\/15\/ppcr-et-reclassement-chelon-pensez-vrifier-i-prof\/","og_locale":"fr_FR","og_type":"article","og_title":"PPCR et reclassement \u00e9chelon : Pensez \u00e0 v\u00e9rifier i-prof - FSU-SNUipp 86","og_description":"Comme pr\u00e9vu dans les accords PPCR, dont la FSU a \u00e9t\u00e9 signataire, tous les agents ont \u00e9t\u00e9 reclass\u00e9s \u00e0 la date du 01\/09\/17 selon les modalit\u00e9s du d\u00e9cret n\u00b02017-786 du 5 mai 2017 modifiant divers d\u00e9crets portant statut particulier des personnels enseignants et d'\u00e9ducation du minist\u00e8re charg\u00e9 de l'\u00e9ducation nationale. En clair et en d\u00e9crypt\u00e9, nous invitons tous les enseignants \u00e0 aller v\u00e9rifier les donn\u00e9es concernant ce reclassement dans i-prof, et \u00e0 nous contacter si des anomalies sont (...) - Promotions \/ Promotions","og_url":"https:\/\/snuipp86.fr\/index.php\/2017\/09\/15\/ppcr-et-reclassement-chelon-pensez-vrifier-i-prof\/","og_site_name":"FSU-SNUipp 86","article_published_time":"2017-09-15T05:36:48+00:00","og_image":[{"url":"http:\/\/snuipp86.fr\/wp-content\/spip\/IMG\/arton3422.png","type":"","width":"","height":""}],"author":"WP86Admin","twitter_card":"summary_large_image","twitter_misc":{"\u00c9crit par":"WP86Admin","Dur\u00e9e de lecture estim\u00e9e":"1 minute"},"schema":{"@context":"https:\/\/schema.org","@graph":[{"@type":"WebPage","@id":"https:\/\/snuipp86.fr\/index.php\/2017\/09\/15\/ppcr-et-reclassement-chelon-pensez-vrifier-i-prof\/","url":"https:\/\/snuipp86.fr\/index.php\/2017\/09\/15\/ppcr-et-reclassement-chelon-pensez-vrifier-i-prof\/","name":"PPCR et reclassement \u00e9chelon : Pensez \u00e0 v\u00e9rifier i-prof - FSU-SNUipp 86","isPartOf":{"@id":"https:\/\/snuipp86.fr\/#website"},"primaryImageOfPage":{"@id":"https:\/\/snuipp86.fr\/index.php\/2017\/09\/15\/ppcr-et-reclassement-chelon-pensez-vrifier-i-prof\/#primaryimage"},"image":{"@id":"https:\/\/snuipp86.fr\/index.php\/2017\/09\/15\/ppcr-et-reclassement-chelon-pensez-vrifier-i-prof\/#primaryimage"},"thumbnailUrl":"http:\/\/snuipp86.fr\/wp-content\/spip\/IMG\/arton3422.png","datePublished":"2017-09-15T05:36:48+00:00","author":{"@id":"https:\/\/snuipp86.fr\/#\/schema\/person\/901b28b9ae1c7a63a6a940102e52a7a2"},"breadcrumb":{"@id":"https:\/\/snuipp86.fr\/index.php\/2017\/09\/15\/ppcr-et-reclassement-chelon-pensez-vrifier-i-prof\/#breadcrumb"},"inLanguage":"fr-FR","potentialAction":[{"@type":"ReadAction","target":["https:\/\/snuipp86.fr\/index.php\/2017\/09\/15\/ppcr-et-reclassement-chelon-pensez-vrifier-i-prof\/"]}]},{"@type":"ImageObject","inLanguage":"fr-FR","@id":"https:\/\/snuipp86.fr\/index.php\/2017\/09\/15\/ppcr-et-reclassement-chelon-pensez-vrifier-i-prof\/#primaryimage","url":"http:\/\/snuipp86.fr\/wp-content\/spip\/IMG\/arton3422.png","contentUrl":"http:\/\/snuipp86.fr\/wp-content\/spip\/IMG\/arton3422.png"},{"@type":"BreadcrumbList","@id":"https:\/\/snuipp86.fr\/index.php\/2017\/09\/15\/ppcr-et-reclassement-chelon-pensez-vrifier-i-prof\/#breadcrumb","itemListElement":[{"@type":"ListItem","position":1,"name":"Accueil","item":"https:\/\/snuipp86.fr\/"},{"@type":"ListItem","position":2,"name":"PPCR et reclassement \u00e9chelon : Pensez \u00e0 v\u00e9rifier i-prof"}]},{"@type":"WebSite","@id":"https:\/\/snuipp86.fr\/#website","url":"https:\/\/snuipp86.fr\/","name":"FSU-SNUipp 86","description":"Des id\u00e9es qui font l&#039;\u00e9cole","potentialAction":[{"@type":"SearchAction","target":{"@type":"EntryPoint","urlTemplate":"https:\/\/snuipp86.fr\/?s={search_term_string}"},"query-input":{"@type":"PropertyValueSpecification","valueRequired":true,"valueName":"search_term_string"}}],"inLanguage":"fr-FR"},{"@type":"Person","@id":"https:\/\/snuipp86.fr\/#\/schema\/person\/901b28b9ae1c7a63a6a940102e52a7a2","name":"WP86Admin","image":{"@type":"ImageObject","inLanguage":"fr-FR","@id":"https:\/\/snuipp86.fr\/#\/schema\/person\/image\/","url":"https:\/\/secure.gravatar.com\/avatar\/0099845c7ec05dc10d777d8ab4f5142c5ba316283821af2459738ad469a37a1a?s=96&d=mm&r=g","contentUrl":"https:\/\/secure.gravatar.com\/avatar\/0099845c7ec05dc10d777d8ab4f5142c5ba316283821af2459738ad469a37a1a?s=96&d=mm&r=g","caption":"WP86Admin"},"url":"https:\/\/snuipp86.fr\/index.php\/author\/wp86admin\/"}]}},"_links":{"self":[{"href":"https:\/\/snuipp86.fr\/index.php\/wp-json\/wp\/v2\/posts\/290","targetHints":{"allow":["GET"]}}],"collection":[{"href":"https:\/\/snuipp86.fr\/index.php\/wp-json\/wp\/v2\/posts"}],"about":[{"href":"https:\/\/snuipp86.fr\/index.php\/wp-json\/wp\/v2\/types\/post"}],"author":[{"embeddable":true,"href":"https:\/\/snuipp86.fr\/index.php\/wp-json\/wp\/v2\/users\/1"}],"replies":[{"embeddable":true,"href":"https:\/\/snuipp86.fr\/index.php\/wp-json\/wp\/v2\/comments?post=290"}],"version-history":[{"count":0,"href":"https:\/\/snuipp86.fr\/index.php\/wp-json\/wp\/v2\/posts\/290\/revisions"}],"wp:attachment":[{"href":"https:\/\/snuipp86.fr\/index.php\/wp-json\/wp\/v2\/media?parent=290"}],"wp:term":[{"taxonomy":"category","embeddable":true,"href":"https:\/\/snuipp86.fr\/index.php\/wp-json\/wp\/v2\/categories?post=290"},{"taxonomy":"post_tag","embeddable":true,"href":"https:\/\/snuipp86.fr\/index.php\/wp-json\/wp\/v2\/tags?post=290"}],"curies":[{"name":"wp","href":"https:\/\/api.w.org\/{rel}","templated":true}]}}