{"id":303,"date":"2017-09-06T16:38:47","date_gmt":"2017-09-06T16:38:47","guid":{"rendered":"http:\/\/localhost\/wordpress\/2017\/09\/06\/mobilisations-loi-travail-2-action-fonction-publique\/"},"modified":"2017-09-06T16:38:47","modified_gmt":"2017-09-06T16:38:47","slug":"mobilisations-loi-travail-2-action-fonction-publique","status":"publish","type":"post","link":"https:\/\/snuipp86.fr\/index.php\/2017\/09\/06\/mobilisations-loi-travail-2-action-fonction-publique\/","title":{"rendered":"Mobilisations : loi travail 2, action fonction publique"},"content":{"rendered":"<p><img decoding=\"async\" src=\"https:\/\/snuipp86.fr\/wp-content\/spip\/IMG\/arton3370.jpg\" alt=\"\" align=\"right\" width=\"90\" height=\"114\" class=\"spip_logos\" \/><\/p>\n<div class='rss_texte'>\n<h3 class=\"spip\" id=\"outil_sommaire_0\"><a title=\"Sommaire\" href=\"http:\/\/86.snuipp.fr\/spip.php?page=backend&#038;id_rubrique=#outil_sommaire\" class=\"sommaire_ancre\"> <\/a>Les droits des<br \/>\nsalari\u00e9-es ne sont<br \/>\npas un probl\u00e8me\u2026<br \/>\n\u2026mais<br \/>\nleur am\u00e9lioration<br \/>\nest la solution<\/h3>\n<h3 class=\"spip\" id=\"outil_sommaire_1\"><a title=\"Sommaire\" href=\"http:\/\/86.snuipp.fr\/spip.php?page=backend&#038;id_rubrique=#outil_sommaire\" class=\"sommaire_ancre\"> <\/a>Loi Travail<\/h3>\n<p class=\"spip\">La FSU soutient le mouvement de lutte de nos camarades du priv\u00e9 sur la Loi travail 2, qui est beaucoup plus avantageuse pour le patronat que pour le salariat.<\/p>\n<p class=\"spip\">Retrouvez le tract FSU<\/p>\n<dl class='spip_document_2774 spip_documents spip_documents_center' >\n<dt><a href=\"https:\/\/snuipp86.fr\/wp-content\/spip\/IMG\/pdf\/tract_12_septembre_.pdf\" title='PDF - 482.5 ko' type=\"application\/pdf\"><img src='https:\/\/snuipp86.fr\/wp-content\/spip\/cache-vignettes\/L52xH52\/pdf-d7486.png' width='52' height='52' alt='PDF - 482.5 ko' style='height:52px;width:52px;' class=' format_png' \/><\/a><\/dt>\n<dt class='spip_doc_titre' style='width:120px;'><strong>tract_12_septembre_<\/strong><\/dt>\n<\/dl>\n<p class=\"spip\">Un rassemblement \u00e0 l&rsquo;appel de CGT, Solidaires, UNEF et CNT a lieu \u00e0<\/p>\n<p class=\"spip\"><strong class=\"spip\">Poitiers \u00e0 15h place du march\u00e9 et \u00e0 10h \u00e0 Ch\u00e2tellerault au kiosque,<\/strong><\/p>\n<p class=\"spip\">contre la Loi Travail 2 mais plus g\u00e9n\u00e9ralement contre un certain nombre de choix gouvernementaux ( APL, CSG, projets de r\u00e9forme retraite &#8230;)<\/p>\n<p class=\"spip\"><strong class=\"spip\">La FSU 86 appelle ses militant-e-s disponibles \u00e0 soutenir ces rassemblements.<\/strong> Un pr\u00e9avis de gr\u00e8ve a \u00e9t\u00e9 d\u00e9pos\u00e9 par la FSU pour permettre \u00e0 ceux et celles qui veulent y participer d&rsquo;en \u00eatre.<\/p>\n<p class=\"spip\"><strong class=\"spip\">Attention, l&rsquo;intention de gr\u00e8ve est \u00e0 envoyer vendredi 8 soir au plus tard \u00e0 sa circonscription si vous \u00eates en responsabilit\u00e9 de classe mardi 12<\/strong> :<a href=\"https:\/\/www.intra.ac-poitiers.fr\/mes-rubriques\/declaration-d-intention-prealable-de-faire-greve-86\u2014191297.kjsp?RH=1265891033186\" class=\"spip_out\"> lien vers l&rsquo;intention de faire gr\u00e8ve.<\/a><\/p>\n<p class=\"spip\">en pj, un mod\u00e8le de lettre pour les parents ( \u00e0 ne pas coller dans les cahiers de liaison et transmettre \u00ab\u00a0non lisible\u00a0\u00bb par les \u00e9l\u00e8ves : enveloppe, &#8230;)<\/p>\n<dl class='spip_document_2772 spip_documents spip_documents_center' >\n<dt><a href=\"https:\/\/snuipp86.fr\/wp-content\/spip\/IMG\/doc\/Lettre_aux_parents_greve_du_12_septembre_2017.doc\" title='Word - 26 ko' type=\"application\/msword\"><img src='https:\/\/snuipp86.fr\/wp-content\/spip\/cache-vignettes\/L52xH52\/doc-50de0.png' width='52' height='52' alt='Word - 26 ko' style='height:52px;width:52px;' class=' format_png' \/><\/a><\/dt>\n<dt class='spip_doc_titre' style='width:120px;'><strong>Lettre_aux_parents_greve_du_12 septembre 2017<\/strong><\/dt>\n<\/dl>\n<p class=\"spip\"><strong class=\"spip\">Soir\u00e9e d\u00e9cryptage de la r\u00e9forme du code du travail le 13 septembre<\/strong> : L&rsquo;IEPop (Institut d&rsquo;\u00c9tudes Populaires) de Poitiers propose le 13 septembre une soir\u00e9e participative pour comprendre et se mobiliser intitul\u00e9e : \u00ab\u00a0R\u00e9forme du code du travail : d\u00e9cryptage et implications concr\u00e8tes\u00a0\u00bb avec Vincent Bonnin, ma\u00eetre de conf\u00e9rences \u00e0 la facult\u00e9 de droit de Poitiers et co-auteur d&rsquo;une proposition de code du travail alternatif, simplifi\u00e9, protecteur des salari\u00e9-es. Salle Timbaud de la Maison du Peuple de Poitiers \u00e0 20h30<\/p>\n<h3 class=\"spip\" id=\"outil_sommaire_2\"><a title=\"Sommaire\" href=\"http:\/\/86.snuipp.fr\/spip.php?page=backend&#038;id_rubrique=#outil_sommaire\" class=\"sommaire_ancre\"> <\/a>Action fonction publique en octobre<\/h3>\n<p class=\"spip\">Pour les agents de la Fonction publique, la p\u00e9riode est particuli\u00e8rement brutale : gel du point d&rsquo;indice, pr\u00e9vision de 120 000 suppressions d&#8217;emplois (dont 70 000 dans la seule FPT), r\u00e9tablissement de la journ\u00e9e de carence, augmentation de la CSG sans garantie d&rsquo;am\u00e9lioration du pouvoir d&rsquo;achat et toujours avec la menace d&rsquo;une possible remise en cause du calendrier des mesures PPCR &#8211; ce qui constituerait une trahison des engagements de l&rsquo;\u00c9tat et du dialogue social &#8211; baisse des dotations aux collectivit\u00e9s locales. C&rsquo;est pourquoi la Fsu a propos\u00e9 \u00e0 l&rsquo;ensemble des f\u00e9d\u00e9rations de fonctionnaires la construction d&rsquo;une journ\u00e9e d&rsquo;action au mois d&rsquo;octobre, la plus unitaire possible, afin d&rsquo;exprimer le d\u00e9saccord des agents avec ces mesures, en exiger la r\u00e9orientation et porter les revendications pour les personnels.<\/p>\n<\/div>\n","protected":false},"excerpt":{"rendered":"<p>Les droits des salari\u00e9-es ne sont pas un probl\u00e8me\u2026 \u2026mais leur am\u00e9lioration est la solution <br \/>Loi Travail <br \/>La FSU soutient le mouvement de lutte de nos camarades du priv\u00e9 sur la Loi travail 2, qui est beaucoup plus avantageuse pour le patronat que pour le salariat. <br \/>Retrouvez le tract FSU <br \/>Un rassemblement \u00e0 l&rsquo;appel de CGT, Solidaires, UNEF et CNT a lieu \u00e0 <br \/>Poitiers \u00e0 15h place du march\u00e9 et \u00e0 10h \u00e0 Ch\u00e2tellerault au kiosque, <br \/>contre la Loi Travail 2 mais plus g\u00e9n\u00e9ralement contre un (&#8230;)<br \/>\n&#8211;<br \/>\n<a href=\"http:\/\/86.snuipp.fr\/spip.php?rubrique294\" rel=\"directory\">Gr\u00e8ves- Actions<\/a><\/p>\n","protected":false},"author":1,"featured_media":0,"comment_status":"open","ping_status":"open","sticky":false,"template":"","format":"standard","meta":{"footnotes":""},"categories":[14],"tags":[],"class_list":["post-303","post","type-post","status-publish","format-standard","hentry","category-a-la-une"],"yoast_head":"<!-- This site is optimized with the Yoast SEO plugin v26.6 - https:\/\/yoast.com\/wordpress\/plugins\/seo\/ -->\n<title>Mobilisations : loi travail 2, action fonction publique - FSU-SNUipp 86<\/title>\n<meta name=\"robots\" content=\"index, follow, max-snippet:-1, max-image-preview:large, max-video-preview:-1\" \/>\n<link rel=\"canonical\" href=\"https:\/\/snuipp86.fr\/index.php\/2017\/09\/06\/mobilisations-loi-travail-2-action-fonction-publique\/\" \/>\n<meta property=\"og:locale\" content=\"fr_FR\" \/>\n<meta property=\"og:type\" content=\"article\" \/>\n<meta property=\"og:title\" content=\"Mobilisations : loi travail 2, action fonction publique - FSU-SNUipp 86\" \/>\n<meta property=\"og:description\" content=\"Les droits des salari\u00e9-es ne sont pas un probl\u00e8me\u2026 \u2026mais leur am\u00e9lioration est la solution Loi Travail La FSU soutient le mouvement de lutte de nos camarades du priv\u00e9 sur la Loi travail 2, qui est beaucoup plus avantageuse pour le patronat que pour le salariat. Retrouvez le tract FSU Un rassemblement \u00e0 l&#039;appel de CGT, Solidaires, UNEF et CNT a lieu \u00e0 Poitiers \u00e0 15h place du march\u00e9 et \u00e0 10h \u00e0 Ch\u00e2tellerault au kiosque, contre la Loi Travail 2 mais plus g\u00e9n\u00e9ralement contre un (...) - Gr\u00e8ves- Actions\" \/>\n<meta property=\"og:url\" content=\"https:\/\/snuipp86.fr\/index.php\/2017\/09\/06\/mobilisations-loi-travail-2-action-fonction-publique\/\" \/>\n<meta property=\"og:site_name\" content=\"FSU-SNUipp 86\" \/>\n<meta property=\"article:published_time\" content=\"2017-09-06T16:38:47+00:00\" \/>\n<meta property=\"og:image\" content=\"http:\/\/snuipp86.fr\/wp-content\/spip\/IMG\/arton3370.jpg\" \/>\n<meta name=\"author\" content=\"WP86Admin\" \/>\n<meta name=\"twitter:card\" content=\"summary_large_image\" \/>\n<meta name=\"twitter:label1\" content=\"\u00c9crit par\" \/>\n\t<meta name=\"twitter:data1\" content=\"WP86Admin\" \/>\n\t<meta name=\"twitter:label2\" content=\"Dur\u00e9e de lecture estim\u00e9e\" \/>\n\t<meta name=\"twitter:data2\" content=\"2 minutes\" \/>\n<script type=\"application\/ld+json\" class=\"yoast-schema-graph\">{\"@context\":\"https:\/\/schema.org\",\"@graph\":[{\"@type\":\"WebPage\",\"@id\":\"https:\/\/snuipp86.fr\/index.php\/2017\/09\/06\/mobilisations-loi-travail-2-action-fonction-publique\/\",\"url\":\"https:\/\/snuipp86.fr\/index.php\/2017\/09\/06\/mobilisations-loi-travail-2-action-fonction-publique\/\",\"name\":\"Mobilisations : loi travail 2, action fonction publique - FSU-SNUipp 86\",\"isPartOf\":{\"@id\":\"https:\/\/snuipp86.fr\/#website\"},\"primaryImageOfPage\":{\"@id\":\"https:\/\/snuipp86.fr\/index.php\/2017\/09\/06\/mobilisations-loi-travail-2-action-fonction-publique\/#primaryimage\"},\"image\":{\"@id\":\"https:\/\/snuipp86.fr\/index.php\/2017\/09\/06\/mobilisations-loi-travail-2-action-fonction-publique\/#primaryimage\"},\"thumbnailUrl\":\"http:\/\/snuipp86.fr\/wp-content\/spip\/IMG\/arton3370.jpg\",\"datePublished\":\"2017-09-06T16:38:47+00:00\",\"author\":{\"@id\":\"https:\/\/snuipp86.fr\/#\/schema\/person\/901b28b9ae1c7a63a6a940102e52a7a2\"},\"breadcrumb\":{\"@id\":\"https:\/\/snuipp86.fr\/index.php\/2017\/09\/06\/mobilisations-loi-travail-2-action-fonction-publique\/#breadcrumb\"},\"inLanguage\":\"fr-FR\",\"potentialAction\":[{\"@type\":\"ReadAction\",\"target\":[\"https:\/\/snuipp86.fr\/index.php\/2017\/09\/06\/mobilisations-loi-travail-2-action-fonction-publique\/\"]}]},{\"@type\":\"ImageObject\",\"inLanguage\":\"fr-FR\",\"@id\":\"https:\/\/snuipp86.fr\/index.php\/2017\/09\/06\/mobilisations-loi-travail-2-action-fonction-publique\/#primaryimage\",\"url\":\"http:\/\/snuipp86.fr\/wp-content\/spip\/IMG\/arton3370.jpg\",\"contentUrl\":\"http:\/\/snuipp86.fr\/wp-content\/spip\/IMG\/arton3370.jpg\"},{\"@type\":\"BreadcrumbList\",\"@id\":\"https:\/\/snuipp86.fr\/index.php\/2017\/09\/06\/mobilisations-loi-travail-2-action-fonction-publique\/#breadcrumb\",\"itemListElement\":[{\"@type\":\"ListItem\",\"position\":1,\"name\":\"Accueil\",\"item\":\"https:\/\/snuipp86.fr\/\"},{\"@type\":\"ListItem\",\"position\":2,\"name\":\"Mobilisations : loi travail 2, action fonction publique\"}]},{\"@type\":\"WebSite\",\"@id\":\"https:\/\/snuipp86.fr\/#website\",\"url\":\"https:\/\/snuipp86.fr\/\",\"name\":\"FSU-SNUipp 86\",\"description\":\"Des id\u00e9es qui font l&#039;\u00e9cole\",\"potentialAction\":[{\"@type\":\"SearchAction\",\"target\":{\"@type\":\"EntryPoint\",\"urlTemplate\":\"https:\/\/snuipp86.fr\/?s={search_term_string}\"},\"query-input\":{\"@type\":\"PropertyValueSpecification\",\"valueRequired\":true,\"valueName\":\"search_term_string\"}}],\"inLanguage\":\"fr-FR\"},{\"@type\":\"Person\",\"@id\":\"https:\/\/snuipp86.fr\/#\/schema\/person\/901b28b9ae1c7a63a6a940102e52a7a2\",\"name\":\"WP86Admin\",\"image\":{\"@type\":\"ImageObject\",\"inLanguage\":\"fr-FR\",\"@id\":\"https:\/\/snuipp86.fr\/#\/schema\/person\/image\/\",\"url\":\"https:\/\/secure.gravatar.com\/avatar\/0099845c7ec05dc10d777d8ab4f5142c5ba316283821af2459738ad469a37a1a?s=96&d=mm&r=g\",\"contentUrl\":\"https:\/\/secure.gravatar.com\/avatar\/0099845c7ec05dc10d777d8ab4f5142c5ba316283821af2459738ad469a37a1a?s=96&d=mm&r=g\",\"caption\":\"WP86Admin\"},\"url\":\"https:\/\/snuipp86.fr\/index.php\/author\/wp86admin\/\"}]}<\/script>\n<!-- \/ Yoast SEO plugin. -->","yoast_head_json":{"title":"Mobilisations : loi travail 2, action fonction publique - FSU-SNUipp 86","robots":{"index":"index","follow":"follow","max-snippet":"max-snippet:-1","max-image-preview":"max-image-preview:large","max-video-preview":"max-video-preview:-1"},"canonical":"https:\/\/snuipp86.fr\/index.php\/2017\/09\/06\/mobilisations-loi-travail-2-action-fonction-publique\/","og_locale":"fr_FR","og_type":"article","og_title":"Mobilisations : loi travail 2, action fonction publique - FSU-SNUipp 86","og_description":"Les droits des salari\u00e9-es ne sont pas un probl\u00e8me\u2026 \u2026mais leur am\u00e9lioration est la solution Loi Travail La FSU soutient le mouvement de lutte de nos camarades du priv\u00e9 sur la Loi travail 2, qui est beaucoup plus avantageuse pour le patronat que pour le salariat. Retrouvez le tract FSU Un rassemblement \u00e0 l'appel de CGT, Solidaires, UNEF et CNT a lieu \u00e0 Poitiers \u00e0 15h place du march\u00e9 et \u00e0 10h \u00e0 Ch\u00e2tellerault au kiosque, contre la Loi Travail 2 mais plus g\u00e9n\u00e9ralement contre un (...) - Gr\u00e8ves- Actions","og_url":"https:\/\/snuipp86.fr\/index.php\/2017\/09\/06\/mobilisations-loi-travail-2-action-fonction-publique\/","og_site_name":"FSU-SNUipp 86","article_published_time":"2017-09-06T16:38:47+00:00","og_image":[{"url":"http:\/\/snuipp86.fr\/wp-content\/spip\/IMG\/arton3370.jpg","type":"","width":"","height":""}],"author":"WP86Admin","twitter_card":"summary_large_image","twitter_misc":{"\u00c9crit par":"WP86Admin","Dur\u00e9e de lecture estim\u00e9e":"2 minutes"},"schema":{"@context":"https:\/\/schema.org","@graph":[{"@type":"WebPage","@id":"https:\/\/snuipp86.fr\/index.php\/2017\/09\/06\/mobilisations-loi-travail-2-action-fonction-publique\/","url":"https:\/\/snuipp86.fr\/index.php\/2017\/09\/06\/mobilisations-loi-travail-2-action-fonction-publique\/","name":"Mobilisations : loi travail 2, action fonction publique - FSU-SNUipp 86","isPartOf":{"@id":"https:\/\/snuipp86.fr\/#website"},"primaryImageOfPage":{"@id":"https:\/\/snuipp86.fr\/index.php\/2017\/09\/06\/mobilisations-loi-travail-2-action-fonction-publique\/#primaryimage"},"image":{"@id":"https:\/\/snuipp86.fr\/index.php\/2017\/09\/06\/mobilisations-loi-travail-2-action-fonction-publique\/#primaryimage"},"thumbnailUrl":"http:\/\/snuipp86.fr\/wp-content\/spip\/IMG\/arton3370.jpg","datePublished":"2017-09-06T16:38:47+00:00","author":{"@id":"https:\/\/snuipp86.fr\/#\/schema\/person\/901b28b9ae1c7a63a6a940102e52a7a2"},"breadcrumb":{"@id":"https:\/\/snuipp86.fr\/index.php\/2017\/09\/06\/mobilisations-loi-travail-2-action-fonction-publique\/#breadcrumb"},"inLanguage":"fr-FR","potentialAction":[{"@type":"ReadAction","target":["https:\/\/snuipp86.fr\/index.php\/2017\/09\/06\/mobilisations-loi-travail-2-action-fonction-publique\/"]}]},{"@type":"ImageObject","inLanguage":"fr-FR","@id":"https:\/\/snuipp86.fr\/index.php\/2017\/09\/06\/mobilisations-loi-travail-2-action-fonction-publique\/#primaryimage","url":"http:\/\/snuipp86.fr\/wp-content\/spip\/IMG\/arton3370.jpg","contentUrl":"http:\/\/snuipp86.fr\/wp-content\/spip\/IMG\/arton3370.jpg"},{"@type":"BreadcrumbList","@id":"https:\/\/snuipp86.fr\/index.php\/2017\/09\/06\/mobilisations-loi-travail-2-action-fonction-publique\/#breadcrumb","itemListElement":[{"@type":"ListItem","position":1,"name":"Accueil","item":"https:\/\/snuipp86.fr\/"},{"@type":"ListItem","position":2,"name":"Mobilisations : loi travail 2, action fonction publique"}]},{"@type":"WebSite","@id":"https:\/\/snuipp86.fr\/#website","url":"https:\/\/snuipp86.fr\/","name":"FSU-SNUipp 86","description":"Des id\u00e9es qui font l&#039;\u00e9cole","potentialAction":[{"@type":"SearchAction","target":{"@type":"EntryPoint","urlTemplate":"https:\/\/snuipp86.fr\/?s={search_term_string}"},"query-input":{"@type":"PropertyValueSpecification","valueRequired":true,"valueName":"search_term_string"}}],"inLanguage":"fr-FR"},{"@type":"Person","@id":"https:\/\/snuipp86.fr\/#\/schema\/person\/901b28b9ae1c7a63a6a940102e52a7a2","name":"WP86Admin","image":{"@type":"ImageObject","inLanguage":"fr-FR","@id":"https:\/\/snuipp86.fr\/#\/schema\/person\/image\/","url":"https:\/\/secure.gravatar.com\/avatar\/0099845c7ec05dc10d777d8ab4f5142c5ba316283821af2459738ad469a37a1a?s=96&d=mm&r=g","contentUrl":"https:\/\/secure.gravatar.com\/avatar\/0099845c7ec05dc10d777d8ab4f5142c5ba316283821af2459738ad469a37a1a?s=96&d=mm&r=g","caption":"WP86Admin"},"url":"https:\/\/snuipp86.fr\/index.php\/author\/wp86admin\/"}]}},"_links":{"self":[{"href":"https:\/\/snuipp86.fr\/index.php\/wp-json\/wp\/v2\/posts\/303","targetHints":{"allow":["GET"]}}],"collection":[{"href":"https:\/\/snuipp86.fr\/index.php\/wp-json\/wp\/v2\/posts"}],"about":[{"href":"https:\/\/snuipp86.fr\/index.php\/wp-json\/wp\/v2\/types\/post"}],"author":[{"embeddable":true,"href":"https:\/\/snuipp86.fr\/index.php\/wp-json\/wp\/v2\/users\/1"}],"replies":[{"embeddable":true,"href":"https:\/\/snuipp86.fr\/index.php\/wp-json\/wp\/v2\/comments?post=303"}],"version-history":[{"count":0,"href":"https:\/\/snuipp86.fr\/index.php\/wp-json\/wp\/v2\/posts\/303\/revisions"}],"wp:attachment":[{"href":"https:\/\/snuipp86.fr\/index.php\/wp-json\/wp\/v2\/media?parent=303"}],"wp:term":[{"taxonomy":"category","embeddable":true,"href":"https:\/\/snuipp86.fr\/index.php\/wp-json\/wp\/v2\/categories?post=303"},{"taxonomy":"post_tag","embeddable":true,"href":"https:\/\/snuipp86.fr\/index.php\/wp-json\/wp\/v2\/tags?post=303"}],"curies":[{"name":"wp","href":"https:\/\/api.w.org\/{rel}","templated":true}]}}