{"id":304,"date":"2017-09-06T05:36:08","date_gmt":"2017-09-06T05:36:08","guid":{"rendered":"http:\/\/localhost\/wordpress\/2017\/09\/06\/capd-du-5-septembre-pes-mouvement-ash-ppcr\/"},"modified":"2017-09-06T05:36:08","modified_gmt":"2017-09-06T05:36:08","slug":"capd-du-5-septembre-pes-mouvement-ash-ppcr","status":"publish","type":"post","link":"https:\/\/snuipp86.fr\/index.php\/2017\/09\/06\/capd-du-5-septembre-pes-mouvement-ash-ppcr\/","title":{"rendered":"CAPD du 5 septembre : PES, mouvement, ASH, PPCR&#8230;"},"content":{"rendered":"<p><img decoding=\"async\" src=\"https:\/\/snuipp86.fr\/wp-content\/spip\/IMG\/arton3367.jpg\" alt=\"\" align=\"right\" width=\"256\" height=\"197\" class=\"spip_logos\" \/><\/p>\n<div class='rss_texte'>\n<dl class='spip_document_2756 spip_documents spip_documents_center' >\n<dt><img src='https:\/\/snuipp86.fr\/wp-content\/spip\/cache-vignettes\/L256xH197\/capd-7-ae768.jpg' width='256' height='197' alt='JPEG - 7.9 ko' style='height:197px;width:256px;' class='' \/><\/dt>\n<dt class='spip_doc_titre' style='width:256px;'><strong>capd<\/strong><\/dt>\n<\/dl>\n<h3 class=\"spip\" id=\"outil_sommaire_0\"><a title=\"Sommaire\" href=\"http:\/\/86.snuipp.fr\/spip.php?page=backend&#038;id_rubrique=#outil_sommaire\" class=\"sommaire_ancre\"> <\/a>CAPD du 5 septembre 2017<\/h3>\n<p class=\"spip\">1 &#8211; PES : nominations des 16 appel\u00e9-e-s liste compl\u00e9mentaire CRPE<\/p>\n<p class=\"spip\">2 &#8211; Derni\u00e8res nominations de titulaires : 4 affectations, 17 postes vacants &#8230;<\/p>\n<p class=\"spip\">3 &#8211; Appels \u00e0 candidatures ASH<\/p>\n<p class=\"spip\">4 &#8211; Questions diverses : indemnit\u00e9s ASH, formation ASH, entretiens de carri\u00e8re<\/p>\n<p class=\"spip\"><a href=\"http:\/\/86.snuipp.fr\/spip.php?article1906\" class=\"spip_out\">Le bon r\u00e9flexe de la rentr\u00e9e ? se syndiquer au SNUipp-FSU 86 bien s\u00fbr !<\/a><\/p>\n<p class=\"spip\">\u00c9taient pr\u00e9sent-e-s : M. Claverie (IA) , M. Siretas (SG), M. Artaud (IENA), 8 IEN (Ch\u00e2tellerault, Lenclo\u00eetre, Montmorillon, Poitiers Est, Poitiers Nord Maternelle, Poitiers Ouest, Poitiers Sud, Centre Vienne ASH), 2 DPE5 (Mme Odermatt, Mme Picardat), <strong class=\"spip\">7 SNUipp-FSU<\/strong> , 4 SE-Unsa,<\/p>\n<hr class=\"spip\" \/>\n<h3 class=\"spip\" id=\"outil_sommaire_1\"><a title=\"Sommaire\" href=\"http:\/\/86.snuipp.fr\/spip.php?page=backend&#038;id_rubrique=#outil_sommaire\" class=\"sommaire_ancre\"> <\/a>PES : nominations liste compl\u00e9mentaire<\/h3>\n<dl class='spip_document_2758 spip_documents spip_documents_center' >\n<dt><img src='https:\/\/snuipp86.fr\/wp-content\/spip\/cache-vignettes\/L300xH260\/logo_PES-b286a-3-7901e.jpg' width='300' height='260' alt='JPEG - 17.4 ko' style='height:260px;width:300px;' class='' \/><\/dt>\n<dt class='spip_doc_titre' style='width:300px;'><strong>logo_PES-b286a<\/strong><\/dt>\n<\/dl>\n<p class=\"spip\">Notre d\u00e9partement a b\u00e9n\u00e9fici\u00e9, comme le demandait le SNUIpp-FSU 86, de l&rsquo;int\u00e9gration fin juillet de stagiaires inscrit-e-s sur liste compl\u00e9mentaire. Le SNUipp-FSU 86 continue \u00e0 demander l&rsquo;int\u00e9gration d&rsquo;autres inscrit-e-s sur liste compl\u00e9mentaire du CRPE 2017 pour faire face aux besoins en personnel de la Vienne.<\/p>\n<p class=\"spip\">Ces 16 stagiaires ont \u00e9t\u00e9 affect\u00e9-e-s le 30 ao\u00fbt sauf 4 PES.<br \/>\n2 ouvertures act\u00e9es au CTSD de ce matin ont servi de supports :Vouneuil sous Biard Cousteau \u00e9l\u00e9mentaire et Civaux primaire<\/p>\n<p class=\"spip\">Voici l&rsquo;ensemble des nominations des PES issu-e-s de la liste compl\u00e9mentaire<br \/>\n<br \/><img decoding=\"async\" src=\"https:\/\/snuipp86.fr\/wp-content\/spip\/cache-vignettes\/L8xH11\/puce-68c92.gif\" width='8' height='11' alt=\"-\" style='height:11px;width:8px;' class='' \/> EEPU La Rose des Vents &#8211; Avanton MOREAU David<br \/>\n<br \/><img decoding=\"async\" src=\"https:\/\/snuipp86.fr\/wp-content\/spip\/cache-vignettes\/L8xH11\/puce-68c92.gif\" width='8' height='11' alt=\"-\" style='height:11px;width:8px;' class='' \/> EEPU F. Rabelais &#8211; Saint Gervais les Trois Clochers BRIVAIN Audrey<br \/>\n<br \/><img decoding=\"async\" src=\"https:\/\/snuipp86.fr\/wp-content\/spip\/cache-vignettes\/L8xH11\/puce-68c92.gif\" width='8' height='11' alt=\"-\" style='height:11px;width:8px;' class='' \/> EPPU J-Y Cousteau &#8211; Vouneuil s\/s Biard MERLIERE Mariette<br \/>\n<br \/><img decoding=\"async\" src=\"https:\/\/snuipp86.fr\/wp-content\/spip\/cache-vignettes\/L8xH11\/puce-68c92.gif\" width='8' height='11' alt=\"-\" style='height:11px;width:8px;' class='' \/> EPPU J-Y Cousteau &#8211; Vouneuil s\/s Biard PAVERNE Guillaume<br \/>\n<br \/><img decoding=\"async\" src=\"https:\/\/snuipp86.fr\/wp-content\/spip\/cache-vignettes\/L8xH11\/puce-68c92.gif\" width='8' height='11' alt=\"-\" style='height:11px;width:8px;' class='' \/> EMPU J-Y Cousteau &#8211; Vouneuil s\/s Biard FAUPIN Justine<br \/>\n<br \/><img decoding=\"async\" src=\"https:\/\/snuipp86.fr\/wp-content\/spip\/cache-vignettes\/L8xH11\/puce-68c92.gif\" width='8' height='11' alt=\"-\" style='height:11px;width:8px;' class='' \/> EMPU J-Y Cousteau &#8211; Vouneuil s\/s Biard DIEU Alicia<br \/>\n<br \/><img decoding=\"async\" src=\"https:\/\/snuipp86.fr\/wp-content\/spip\/cache-vignettes\/L8xH11\/puce-68c92.gif\" width='8' height='11' alt=\"-\" style='height:11px;width:8px;' class='' \/> EMPU E. P\u00e9rochon &#8211; Poitiers ROBY Ga\u00ebtan<br \/>\n<br \/><img decoding=\"async\" src=\"https:\/\/snuipp86.fr\/wp-content\/spip\/cache-vignettes\/L8xH11\/puce-68c92.gif\" width='8' height='11' alt=\"-\" style='height:11px;width:8px;' class='' \/> EMPU E. P\u00e9rochon &#8211; Poitiers BONNEAU Cl\u00e9ment<br \/>\n<br \/><img decoding=\"async\" src=\"https:\/\/snuipp86.fr\/wp-content\/spip\/cache-vignettes\/L8xH11\/puce-68c92.gif\" width='8' height='11' alt=\"-\" style='height:11px;width:8px;' class='' \/> EEPU Civray DROUILLARD Deborah<br \/>\n<br \/><img decoding=\"async\" src=\"https:\/\/snuipp86.fr\/wp-content\/spip\/cache-vignettes\/L8xH11\/puce-68c92.gif\" width='8' height='11' alt=\"-\" style='height:11px;width:8px;' class='' \/> EEPU L. Wallon &#8211; Vivonne ROTH Estelle<br \/>\n<br \/><img decoding=\"async\" src=\"https:\/\/snuipp86.fr\/wp-content\/spip\/cache-vignettes\/L8xH11\/puce-68c92.gif\" width='8' height='11' alt=\"-\" style='height:11px;width:8px;' class='' \/> EEPU L. Wallon &#8211; Vivonne GALMIER Oph\u00e9lie<br \/>\n<br \/><img decoding=\"async\" src=\"https:\/\/snuipp86.fr\/wp-content\/spip\/cache-vignettes\/L8xH11\/puce-68c92.gif\" width='8' height='11' alt=\"-\" style='height:11px;width:8px;' class='' \/> EMPU Vivonne CORCAUD Marion<br \/>\n<br \/><img decoding=\"async\" src=\"https:\/\/snuipp86.fr\/wp-content\/spip\/cache-vignettes\/L8xH11\/puce-68c92.gif\" width='8' height='11' alt=\"-\" style='height:11px;width:8px;' class='' \/> EEPU R. Pain &#8211; Smarves CHANEMOUGAME Pryia<br \/>\n<br \/><img decoding=\"async\" src=\"https:\/\/snuipp86.fr\/wp-content\/spip\/cache-vignettes\/L8xH11\/puce-68c92.gif\" width='8' height='11' alt=\"-\" style='height:11px;width:8px;' class='' \/> EPPU P. C\u00e9zanne &#8211; Civaux PASTOR Elodie<br \/>\n<br \/><img decoding=\"async\" src=\"https:\/\/snuipp86.fr\/wp-content\/spip\/cache-vignettes\/L8xH11\/puce-68c92.gif\" width='8' height='11' alt=\"-\" style='height:11px;width:8px;' class='' \/> EPPU P. C\u00e9zanne &#8211; Civaux THORIN Oc\u00e9ane<br \/>\n<br \/><img decoding=\"async\" src=\"https:\/\/snuipp86.fr\/wp-content\/spip\/cache-vignettes\/L8xH11\/puce-68c92.gif\" width='8' height='11' alt=\"-\" style='height:11px;width:8px;' class='' \/> EEPU GS des Gen\u00eats &#8211; Valdivienne BACHELIER Chlo\u00e9<\/p>\n<hr class=\"spip\" \/>\n<h3 class=\"spip\" id=\"outil_sommaire_2\"><a title=\"Sommaire\" href=\"http:\/\/86.snuipp.fr\/spip.php?page=backend&#038;id_rubrique=#outil_sommaire\" class=\"sommaire_ancre\"> <\/a>Derni\u00e8res nominations de titulaires : 4 affectations, 17 postes vacants &#8230;<\/h3>\n<p class=\"spip\">Seulement 4 nominations ont \u00e9t\u00e9 possibles &#8230; faute de personnels ! un seul INEAT a pu \u00eatre accord\u00e9 pendant ces vacances : Madame Sylviane Sartor arrive de Guyane.<\/p>\n<p class=\"spip\">Les nominations de ce mardi 5 septembre :<\/p>\n<p class=\"spip\"><img decoding=\"async\" src=\"https:\/\/snuipp86.fr\/wp-content\/spip\/cache-vignettes\/L8xH11\/puce-68c92.gif\" width='8' height='11' alt=\"-\" style='height:11px;width:8px;' class='' \/> Aurore TABUTEAU &#8211; Brigade Poitiers Perochon mat<br \/>\n<br \/><img decoding=\"async\" src=\"https:\/\/snuipp86.fr\/wp-content\/spip\/cache-vignettes\/L8xH11\/puce-68c92.gif\" width='8' height='11' alt=\"-\" style='height:11px;width:8px;' class='' \/> Sylviane SARTOR &#8211; adj \u00e9l\u00e9m Poitiers Perochon<br \/>\n<br \/><img decoding=\"async\" src=\"https:\/\/snuipp86.fr\/wp-content\/spip\/cache-vignettes\/L8xH11\/puce-68c92.gif\" width='8' height='11' alt=\"-\" style='height:11px;width:8px;' class='' \/> Jade LE GAYAN &#8211; 0.50 Poitiers Allard Ferry \u00e9l\u00e9m + 0.20 Poitiers Microm\u00e9gas mat<br \/>\n<br \/><img decoding=\"async\" src=\"https:\/\/snuipp86.fr\/wp-content\/spip\/cache-vignettes\/L8xH11\/puce-68c92.gif\" width='8' height='11' alt=\"-\" style='height:11px;width:8px;' class='' \/> Luiza LEMAURE &#8211; adj mat Tony Lain\u00e9 mat<\/p>\n<p class=\"spip\">17 postes se retrouvent sans coll\u00e8gue nomm\u00e9-e \u00e0 l&rsquo;ann\u00e9e. Sur tous les postes devant \u00e9l\u00e8ves, des \u00a0\u00bb brigades \u00a0\u00bb sont donc nomm\u00e9-e-s \u00e0 l&rsquo;ann\u00e9e. Autant dire que le d\u00e9partement risque de rencontrer d&rsquo;\u00e9normes difficult\u00e9s cette ann\u00e9e pour le remplacement. Sans recrutement sur liste compl\u00e9mentaire, cela risque d&rsquo;\u00eatre des contractuels qui seront recrut\u00e9s pour exercer sur les postes de remplacement.<\/p>\n<hr class=\"spip\" \/>\n<h3 class=\"spip\" id=\"outil_sommaire_3\"><a title=\"Sommaire\" href=\"http:\/\/86.snuipp.fr\/spip.php?page=backend&#038;id_rubrique=#outil_sommaire\" class=\"sommaire_ancre\"> <\/a>Recrutement sur les postes \u00e0 condition particuli\u00e8re d&rsquo;exercice :<\/h3>\n<p class=\"spip\"><img decoding=\"async\" src=\"https:\/\/snuipp86.fr\/wp-content\/spip\/cache-vignettes\/L8xH11\/puce-68c92.gif\" width='8' height='11' alt=\"-\" style='height:11px;width:8px;' class='' \/> 2 postes \u00ab Enseignant r\u00e9f\u00e9rent \u00bb : 3 candidatures, 2 avis favorable, 1 avis d\u00e9favorable. M. Julien Dion (Poitiers Nord) et Mme S\u00e9verine Barc (Poitiers Sud) sont nomm\u00e9-e-s \u00e0 titre provisoire.<br \/>\n<br \/><img decoding=\"async\" src=\"https:\/\/snuipp86.fr\/wp-content\/spip\/cache-vignettes\/L8xH11\/puce-68c92.gif\" width='8' height='11' alt=\"-\" style='height:11px;width:8px;' class='' \/> Conseiller p\u00e9dagogique ASH : 3 candidatures, 3 avis favorables. Mme Christelle Gu\u00e9rinet est nomm\u00e9e \u00e0 titre provisoire.<br \/>\n<br \/><img decoding=\"async\" src=\"https:\/\/snuipp86.fr\/wp-content\/spip\/cache-vignettes\/L8xH11\/puce-68c92.gif\" width='8' height='11' alt=\"-\" style='height:11px;width:8px;' class='' \/> \u00bd SAVISCOL \u2013 \u00bd SAPAD : 7 candidatures, 4 avis favorables, 3 d\u00e9favorables. M. Ludovic Marchand est nomm\u00e9 \u00e0 titre provisoire.<br \/>\n<br \/><img decoding=\"async\" src=\"https:\/\/snuipp86.fr\/wp-content\/spip\/cache-vignettes\/L8xH11\/puce-68c92.gif\" width='8' height='11' alt=\"-\" style='height:11px;width:8px;' class='' \/> Enseignant-e en milieu p\u00e9nitentiaire : 2 candidatures, 2 avis favorables. M. Matthieu Deflandre est nomm\u00e9 \u00e0 titre provisoire.<\/p>\n<p class=\"spip\">Monsieur Desport, membre de la commission de recrutement pr\u00e9cise qu&rsquo;\u00e0 comp\u00e9tences \u00e9gales, c&rsquo;est l&rsquo;anciennet\u00e9 d&rsquo;exercice et la diversit\u00e9 des exp\u00e9riences qui font la diff\u00e9rence.<\/p>\n<p class=\"spip\">Poste toujours pas couvert : Charg\u00e9-e de mission aupr\u00e8s de l&rsquo;IENA<\/p>\n<hr class=\"spip\" \/>\n<h3 class=\"spip\" id=\"outil_sommaire_4\"><a title=\"Sommaire\" href=\"http:\/\/86.snuipp.fr\/spip.php?page=backend&#038;id_rubrique=#outil_sommaire\" class=\"sommaire_ancre\"> <\/a>Questions diverses du SNUipp-FSU 86<\/h3>\n<p class=\"spip\"><img decoding=\"async\" src=\"https:\/\/snuipp86.fr\/wp-content\/spip\/cache-vignettes\/L8xH11\/puce-68c92.gif\" width='8' height='11' alt=\"-\" style='height:11px;width:8px;' class='' \/> <strong class=\"spip\">Modules nationaux ASH et DDEEAS : quelle proc\u00e9dure d\u00e9partementale pour recueillir les candidatures ?<\/strong><\/p>\n<dl class='spip_document_2764 spip_documents spip_documents_center' >\n<dt><img src='https:\/\/snuipp86.fr\/wp-content\/spip\/cache-vignettes\/L112xH110\/arton913-aa2d3-2-9b06a.jpg' width='112' height='110' alt='JPEG - 3.4 ko' style='height:110px;width:112px;' class='' \/><\/dt>\n<dt class='spip_doc_titre' style='width:120px;'><strong>arton913-aa2d3<\/strong><\/dt>\n<\/dl>\n<p class=\"spip\">Les circulaires nationales sont parues, l&rsquo;administration va relayer par mail ces informations. Les candidat-e-s doivent envoyer leur demande \u00e0 l&rsquo;IEN-ASH sous couvert de leur IEN de circonscription avec copie au SNUipp-FSU 86.<\/p>\n<ul class=\"spip\">\n<li class=\"spip\"> Pour les modules nationaux les candidatures doivent \u00eatre remont\u00e9es rapidement. Un groupe de travail sur ce sujet, o\u00f9 si\u00e9gera le SNUipp, aura lieu avant le 1er octobre pour examiner les candidatures.<\/li>\n<\/ul>\n<ul class=\"spip\">\n<li class=\"spip\"> Pour les formations DDEEAS, l&rsquo;IA indique qu&rsquo;il ne faut pas h\u00e9siter \u00e0 candidater malgr\u00e9 l&rsquo;inconnu des quotas nationaux &#8230; cela fait plusieurs ann\u00e9es que l&rsquo;acad\u00e9mie n&rsquo;a envoy\u00e9 personne en formation.<\/li>\n<\/ul>\n<p class=\"spip\"><a href=\"http:\/\/86.snuipp.fr\/spip.php?article3345\" class=\"spip_out\">Retrouvez sur ce lien l&rsquo;ensemble des textes et des formations propos\u00e9es.<\/a><\/p>\n<p class=\"spip\"><img decoding=\"async\" src=\"https:\/\/snuipp86.fr\/wp-content\/spip\/cache-vignettes\/L8xH11\/puce-68c92.gif\" width='8' height='11' alt=\"-\" style='height:11px;width:8px;' class='' \/> <strong class=\"spip\">Nouvelles indemnit\u00e9s ASH au 1er septembre : calendrier de mise en \u0153uvre ?<\/strong><\/p>\n<dl class='spip_document_2763 spip_documents spip_documents_center' >\n<dt><img src='https:\/\/snuipp86.fr\/wp-content\/spip\/cache-vignettes\/L385xH90\/arton1724-a0644.png' width='385' height='90' alt='PNG - 29.2 ko' style='height:90px;width:385px;' class=' format_png' \/><\/dt>\n<dt class='spip_doc_titre' style='width:350px;'><strong>arton1724<\/strong><\/dt>\n<\/dl>\n<p class=\"spip\">L&rsquo;administration n&rsquo;a pas encore les informations techniques n\u00e9cessaires \u00e0 la mise en place de ces nouvelles indemnit\u00e9s, qui remplacent les heures de coordination et de synth\u00e8se . Celles-ci ne seront donc pas sur la paie de septembre.<\/p>\n<p class=\"spip\">Le SNUipp-FSU 86 a rappel\u00e9 que les coordonnateurs\/trices ESMS ont une indemnit\u00e9 augment\u00e9e de 20%. L&rsquo;administration a indiqu\u00e9 qu&rsquo;elle ne connaissait pas le nom de tous les coordonnateurs\/trices. Renvoyez \u00e0 la DPE5 avec copie \u00e0 la circonscription ASH cette information.<\/p>\n<p class=\"spip\"><a href=\"http:\/\/86.snuipp.fr\/spip.php?article3139&#038;var_recherche=ash\" class=\"spip_out\">Retrouvez le tableau de ces indemnit\u00e9s ASH sur ce lien<\/a><\/p>\n<p class=\"spip\"><img decoding=\"async\" src=\"https:\/\/snuipp86.fr\/wp-content\/spip\/cache-vignettes\/L8xH11\/puce-68c92.gif\" width='8' height='11' alt=\"-\" style='height:11px;width:8px;' class='' \/> <strong class=\"spip\">PPCR et rendez vous de carri\u00e8re : \u00e0 quel moment les coll\u00e8gues seront ils inform\u00e9-e-s ?<\/strong><\/p>\n<dl class='spip_document_2766 spip_documents spip_documents_center' >\n<dt><img src='https:\/\/snuipp86.fr\/wp-content\/spip\/cache-vignettes\/L361xH210\/arton565-54db3.png' width='361' height='210' alt='PNG - 31.6 ko' style='height:210px;width:361px;' class=' format_png' \/><\/dt>\n<dt class='spip_doc_titre' style='width:350px;'><strong>arton565<\/strong><\/dt>\n<\/dl>\n<p class=\"spip\">Face \u00e0 des probl\u00e8mes de logiciel sur la mise \u00e0 jour des listes de coll\u00e8gues concern\u00e9-e-s, l&rsquo;administration ne pourra s\u00fbrement commencer cette campagne avant les vacances d&rsquo;Automne. L&rsquo;IEN devra pr\u00e9venir le\/la coll\u00e8gue un mois avant son entretien.<\/p>\n<p class=\"spip\">Retrouvez sur notre bulletin d\u00e9partemental de rentr\u00e9e, notre article sur les entretiens de carri\u00e8re : quels \u00e9chelons, quelle proc\u00e9dure &#8230; etc<\/p>\n<p class=\"spip\"><i class=\"spip\">Vos repr\u00e9sentant-e-s du personnel SNUipp-FSU 86 :<br \/>\nSt\u00e9phanie Barrau, Fr\u00e9d\u00e9rique Delage, Fr\u00e9d\u00e9ric Gautreau, Fabienne La\u00een\u00e9, Matthieu Menaut, Gilles Tabourdeau<\/i><\/p>\n<dl class='spip_document_2761 spip_documents spip_documents_center' >\n<dt><img src='https:\/\/snuipp86.fr\/wp-content\/spip\/cache-vignettes\/L300xH277\/elus-person-informent-2-4-3-0f3d1.jpg' width='300' height='277' alt='JPEG - 27.6 ko' style='height:277px;width:300px;' class='' \/><\/dt>\n<dt class='spip_doc_titre' style='width:300px;'><strong>elus-person-informent-2-4<\/strong><\/dt>\n<\/dl>\n<\/div>\n","protected":false},"excerpt":{"rendered":"<p>CAPD du 5 septembre 2017 <br \/>1 &#8211; PES : nominations des 16 appel\u00e9-e-s liste compl\u00e9mentaire CRPE <br \/>2 &#8211; Derni\u00e8res nominations de titulaires : 4 affectations, 17 postes vacants &#8230; <br \/>3 &#8211; Appels \u00e0 candidatures ASH <br \/>4 &#8211; Questions diverses : indemnit\u00e9s ASH, formation ASH, entretiens de carri\u00e8re <br \/>Le bon r\u00e9flexe de la rentr\u00e9e ? se syndiquer au SNUipp-FSU 86 bien s\u00fbr ! <br \/>\u00c9taient pr\u00e9sent-e-s : M. Claverie (IA) , M. Siretas (SG), M. Artaud (IENA), 8 IEN (Ch\u00e2tellerault, Lenclo\u00eetre, Montmorillon, Poitiers (&#8230;)<br \/>\n&#8211;<br \/>\n<a href=\"http:\/\/86.snuipp.fr\/spip.php?rubrique79\" rel=\"directory\">CAPD : Compte-Rendu et D\u00e9clarations du SNUipp<\/a><br \/>\n\/<br \/>\n<a href=\"http:\/\/86.snuipp.fr\/spip.php?mot296\" rel=\"tag\">CAPD<\/a>,<br \/>\n<a href=\"http:\/\/86.snuipp.fr\/spip.php?mot321\" rel=\"tag\">A.S.H<\/a><\/p>\n","protected":false},"author":1,"featured_media":0,"comment_status":"open","ping_status":"open","sticky":false,"template":"","format":"standard","meta":{"footnotes":""},"categories":[14],"tags":[],"class_list":["post-304","post","type-post","status-publish","format-standard","hentry","category-a-la-une"],"yoast_head":"<!-- This site is optimized with the Yoast SEO plugin v26.6 - https:\/\/yoast.com\/wordpress\/plugins\/seo\/ -->\n<title>CAPD du 5 septembre : PES, mouvement, ASH, PPCR... - FSU-SNUipp 86<\/title>\n<meta name=\"robots\" content=\"index, follow, max-snippet:-1, max-image-preview:large, max-video-preview:-1\" \/>\n<link rel=\"canonical\" href=\"https:\/\/snuipp86.fr\/index.php\/2017\/09\/06\/capd-du-5-septembre-pes-mouvement-ash-ppcr\/\" \/>\n<meta property=\"og:locale\" content=\"fr_FR\" \/>\n<meta property=\"og:type\" content=\"article\" \/>\n<meta property=\"og:title\" content=\"CAPD du 5 septembre : PES, mouvement, ASH, PPCR... - FSU-SNUipp 86\" \/>\n<meta property=\"og:description\" content=\"CAPD du 5 septembre 2017 1 - PES : nominations des 16 appel\u00e9-e-s liste compl\u00e9mentaire CRPE 2 - Derni\u00e8res nominations de titulaires : 4 affectations, 17 postes vacants ... 3 - Appels \u00e0 candidatures ASH 4 - Questions diverses : indemnit\u00e9s ASH, formation ASH, entretiens de carri\u00e8re Le bon r\u00e9flexe de la rentr\u00e9e ? se syndiquer au SNUipp-FSU 86 bien s\u00fbr ! \u00c9taient pr\u00e9sent-e-s : M. Claverie (IA) , M. Siretas (SG), M. Artaud (IENA), 8 IEN (Ch\u00e2tellerault, Lenclo\u00eetre, Montmorillon, Poitiers (...) - CAPD : Compte-Rendu et D\u00e9clarations du SNUipp \/ CAPD, A.S.H\" \/>\n<meta property=\"og:url\" content=\"https:\/\/snuipp86.fr\/index.php\/2017\/09\/06\/capd-du-5-septembre-pes-mouvement-ash-ppcr\/\" \/>\n<meta property=\"og:site_name\" content=\"FSU-SNUipp 86\" \/>\n<meta property=\"article:published_time\" content=\"2017-09-06T05:36:08+00:00\" \/>\n<meta property=\"og:image\" content=\"http:\/\/snuipp86.fr\/wp-content\/spip\/IMG\/arton3367.jpg\" \/>\n<meta name=\"author\" content=\"WP86Admin\" \/>\n<meta name=\"twitter:card\" content=\"summary_large_image\" \/>\n<meta name=\"twitter:label1\" content=\"\u00c9crit par\" \/>\n\t<meta name=\"twitter:data1\" content=\"WP86Admin\" \/>\n\t<meta name=\"twitter:label2\" content=\"Dur\u00e9e de lecture estim\u00e9e\" \/>\n\t<meta name=\"twitter:data2\" content=\"5 minutes\" \/>\n<script type=\"application\/ld+json\" class=\"yoast-schema-graph\">{\"@context\":\"https:\/\/schema.org\",\"@graph\":[{\"@type\":\"WebPage\",\"@id\":\"https:\/\/snuipp86.fr\/index.php\/2017\/09\/06\/capd-du-5-septembre-pes-mouvement-ash-ppcr\/\",\"url\":\"https:\/\/snuipp86.fr\/index.php\/2017\/09\/06\/capd-du-5-septembre-pes-mouvement-ash-ppcr\/\",\"name\":\"CAPD du 5 septembre : PES, mouvement, ASH, PPCR... - FSU-SNUipp 86\",\"isPartOf\":{\"@id\":\"https:\/\/snuipp86.fr\/#website\"},\"primaryImageOfPage\":{\"@id\":\"https:\/\/snuipp86.fr\/index.php\/2017\/09\/06\/capd-du-5-septembre-pes-mouvement-ash-ppcr\/#primaryimage\"},\"image\":{\"@id\":\"https:\/\/snuipp86.fr\/index.php\/2017\/09\/06\/capd-du-5-septembre-pes-mouvement-ash-ppcr\/#primaryimage\"},\"thumbnailUrl\":\"http:\/\/snuipp86.fr\/wp-content\/spip\/IMG\/arton3367.jpg\",\"datePublished\":\"2017-09-06T05:36:08+00:00\",\"author\":{\"@id\":\"https:\/\/snuipp86.fr\/#\/schema\/person\/901b28b9ae1c7a63a6a940102e52a7a2\"},\"breadcrumb\":{\"@id\":\"https:\/\/snuipp86.fr\/index.php\/2017\/09\/06\/capd-du-5-septembre-pes-mouvement-ash-ppcr\/#breadcrumb\"},\"inLanguage\":\"fr-FR\",\"potentialAction\":[{\"@type\":\"ReadAction\",\"target\":[\"https:\/\/snuipp86.fr\/index.php\/2017\/09\/06\/capd-du-5-septembre-pes-mouvement-ash-ppcr\/\"]}]},{\"@type\":\"ImageObject\",\"inLanguage\":\"fr-FR\",\"@id\":\"https:\/\/snuipp86.fr\/index.php\/2017\/09\/06\/capd-du-5-septembre-pes-mouvement-ash-ppcr\/#primaryimage\",\"url\":\"http:\/\/snuipp86.fr\/wp-content\/spip\/IMG\/arton3367.jpg\",\"contentUrl\":\"http:\/\/snuipp86.fr\/wp-content\/spip\/IMG\/arton3367.jpg\"},{\"@type\":\"BreadcrumbList\",\"@id\":\"https:\/\/snuipp86.fr\/index.php\/2017\/09\/06\/capd-du-5-septembre-pes-mouvement-ash-ppcr\/#breadcrumb\",\"itemListElement\":[{\"@type\":\"ListItem\",\"position\":1,\"name\":\"Accueil\",\"item\":\"https:\/\/snuipp86.fr\/\"},{\"@type\":\"ListItem\",\"position\":2,\"name\":\"CAPD du 5 septembre : PES, mouvement, ASH, PPCR&#8230;\"}]},{\"@type\":\"WebSite\",\"@id\":\"https:\/\/snuipp86.fr\/#website\",\"url\":\"https:\/\/snuipp86.fr\/\",\"name\":\"FSU-SNUipp 86\",\"description\":\"Des id\u00e9es qui font l&#039;\u00e9cole\",\"potentialAction\":[{\"@type\":\"SearchAction\",\"target\":{\"@type\":\"EntryPoint\",\"urlTemplate\":\"https:\/\/snuipp86.fr\/?s={search_term_string}\"},\"query-input\":{\"@type\":\"PropertyValueSpecification\",\"valueRequired\":true,\"valueName\":\"search_term_string\"}}],\"inLanguage\":\"fr-FR\"},{\"@type\":\"Person\",\"@id\":\"https:\/\/snuipp86.fr\/#\/schema\/person\/901b28b9ae1c7a63a6a940102e52a7a2\",\"name\":\"WP86Admin\",\"image\":{\"@type\":\"ImageObject\",\"inLanguage\":\"fr-FR\",\"@id\":\"https:\/\/snuipp86.fr\/#\/schema\/person\/image\/\",\"url\":\"https:\/\/secure.gravatar.com\/avatar\/0099845c7ec05dc10d777d8ab4f5142c5ba316283821af2459738ad469a37a1a?s=96&d=mm&r=g\",\"contentUrl\":\"https:\/\/secure.gravatar.com\/avatar\/0099845c7ec05dc10d777d8ab4f5142c5ba316283821af2459738ad469a37a1a?s=96&d=mm&r=g\",\"caption\":\"WP86Admin\"},\"url\":\"https:\/\/snuipp86.fr\/index.php\/author\/wp86admin\/\"}]}<\/script>\n<!-- \/ Yoast SEO plugin. -->","yoast_head_json":{"title":"CAPD du 5 septembre : PES, mouvement, ASH, PPCR... - FSU-SNUipp 86","robots":{"index":"index","follow":"follow","max-snippet":"max-snippet:-1","max-image-preview":"max-image-preview:large","max-video-preview":"max-video-preview:-1"},"canonical":"https:\/\/snuipp86.fr\/index.php\/2017\/09\/06\/capd-du-5-septembre-pes-mouvement-ash-ppcr\/","og_locale":"fr_FR","og_type":"article","og_title":"CAPD du 5 septembre : PES, mouvement, ASH, PPCR... - FSU-SNUipp 86","og_description":"CAPD du 5 septembre 2017 1 - PES : nominations des 16 appel\u00e9-e-s liste compl\u00e9mentaire CRPE 2 - Derni\u00e8res nominations de titulaires : 4 affectations, 17 postes vacants ... 3 - Appels \u00e0 candidatures ASH 4 - Questions diverses : indemnit\u00e9s ASH, formation ASH, entretiens de carri\u00e8re Le bon r\u00e9flexe de la rentr\u00e9e ? se syndiquer au SNUipp-FSU 86 bien s\u00fbr ! \u00c9taient pr\u00e9sent-e-s : M. Claverie (IA) , M. Siretas (SG), M. Artaud (IENA), 8 IEN (Ch\u00e2tellerault, Lenclo\u00eetre, Montmorillon, Poitiers (...) - CAPD : Compte-Rendu et D\u00e9clarations du SNUipp \/ CAPD, A.S.H","og_url":"https:\/\/snuipp86.fr\/index.php\/2017\/09\/06\/capd-du-5-septembre-pes-mouvement-ash-ppcr\/","og_site_name":"FSU-SNUipp 86","article_published_time":"2017-09-06T05:36:08+00:00","og_image":[{"url":"http:\/\/snuipp86.fr\/wp-content\/spip\/IMG\/arton3367.jpg","type":"","width":"","height":""}],"author":"WP86Admin","twitter_card":"summary_large_image","twitter_misc":{"\u00c9crit par":"WP86Admin","Dur\u00e9e de lecture estim\u00e9e":"5 minutes"},"schema":{"@context":"https:\/\/schema.org","@graph":[{"@type":"WebPage","@id":"https:\/\/snuipp86.fr\/index.php\/2017\/09\/06\/capd-du-5-septembre-pes-mouvement-ash-ppcr\/","url":"https:\/\/snuipp86.fr\/index.php\/2017\/09\/06\/capd-du-5-septembre-pes-mouvement-ash-ppcr\/","name":"CAPD du 5 septembre : PES, mouvement, ASH, PPCR... - FSU-SNUipp 86","isPartOf":{"@id":"https:\/\/snuipp86.fr\/#website"},"primaryImageOfPage":{"@id":"https:\/\/snuipp86.fr\/index.php\/2017\/09\/06\/capd-du-5-septembre-pes-mouvement-ash-ppcr\/#primaryimage"},"image":{"@id":"https:\/\/snuipp86.fr\/index.php\/2017\/09\/06\/capd-du-5-septembre-pes-mouvement-ash-ppcr\/#primaryimage"},"thumbnailUrl":"http:\/\/snuipp86.fr\/wp-content\/spip\/IMG\/arton3367.jpg","datePublished":"2017-09-06T05:36:08+00:00","author":{"@id":"https:\/\/snuipp86.fr\/#\/schema\/person\/901b28b9ae1c7a63a6a940102e52a7a2"},"breadcrumb":{"@id":"https:\/\/snuipp86.fr\/index.php\/2017\/09\/06\/capd-du-5-septembre-pes-mouvement-ash-ppcr\/#breadcrumb"},"inLanguage":"fr-FR","potentialAction":[{"@type":"ReadAction","target":["https:\/\/snuipp86.fr\/index.php\/2017\/09\/06\/capd-du-5-septembre-pes-mouvement-ash-ppcr\/"]}]},{"@type":"ImageObject","inLanguage":"fr-FR","@id":"https:\/\/snuipp86.fr\/index.php\/2017\/09\/06\/capd-du-5-septembre-pes-mouvement-ash-ppcr\/#primaryimage","url":"http:\/\/snuipp86.fr\/wp-content\/spip\/IMG\/arton3367.jpg","contentUrl":"http:\/\/snuipp86.fr\/wp-content\/spip\/IMG\/arton3367.jpg"},{"@type":"BreadcrumbList","@id":"https:\/\/snuipp86.fr\/index.php\/2017\/09\/06\/capd-du-5-septembre-pes-mouvement-ash-ppcr\/#breadcrumb","itemListElement":[{"@type":"ListItem","position":1,"name":"Accueil","item":"https:\/\/snuipp86.fr\/"},{"@type":"ListItem","position":2,"name":"CAPD du 5 septembre : PES, mouvement, ASH, PPCR&#8230;"}]},{"@type":"WebSite","@id":"https:\/\/snuipp86.fr\/#website","url":"https:\/\/snuipp86.fr\/","name":"FSU-SNUipp 86","description":"Des id\u00e9es qui font l&#039;\u00e9cole","potentialAction":[{"@type":"SearchAction","target":{"@type":"EntryPoint","urlTemplate":"https:\/\/snuipp86.fr\/?s={search_term_string}"},"query-input":{"@type":"PropertyValueSpecification","valueRequired":true,"valueName":"search_term_string"}}],"inLanguage":"fr-FR"},{"@type":"Person","@id":"https:\/\/snuipp86.fr\/#\/schema\/person\/901b28b9ae1c7a63a6a940102e52a7a2","name":"WP86Admin","image":{"@type":"ImageObject","inLanguage":"fr-FR","@id":"https:\/\/snuipp86.fr\/#\/schema\/person\/image\/","url":"https:\/\/secure.gravatar.com\/avatar\/0099845c7ec05dc10d777d8ab4f5142c5ba316283821af2459738ad469a37a1a?s=96&d=mm&r=g","contentUrl":"https:\/\/secure.gravatar.com\/avatar\/0099845c7ec05dc10d777d8ab4f5142c5ba316283821af2459738ad469a37a1a?s=96&d=mm&r=g","caption":"WP86Admin"},"url":"https:\/\/snuipp86.fr\/index.php\/author\/wp86admin\/"}]}},"_links":{"self":[{"href":"https:\/\/snuipp86.fr\/index.php\/wp-json\/wp\/v2\/posts\/304","targetHints":{"allow":["GET"]}}],"collection":[{"href":"https:\/\/snuipp86.fr\/index.php\/wp-json\/wp\/v2\/posts"}],"about":[{"href":"https:\/\/snuipp86.fr\/index.php\/wp-json\/wp\/v2\/types\/post"}],"author":[{"embeddable":true,"href":"https:\/\/snuipp86.fr\/index.php\/wp-json\/wp\/v2\/users\/1"}],"replies":[{"embeddable":true,"href":"https:\/\/snuipp86.fr\/index.php\/wp-json\/wp\/v2\/comments?post=304"}],"version-history":[{"count":0,"href":"https:\/\/snuipp86.fr\/index.php\/wp-json\/wp\/v2\/posts\/304\/revisions"}],"wp:attachment":[{"href":"https:\/\/snuipp86.fr\/index.php\/wp-json\/wp\/v2\/media?parent=304"}],"wp:term":[{"taxonomy":"category","embeddable":true,"href":"https:\/\/snuipp86.fr\/index.php\/wp-json\/wp\/v2\/categories?post=304"},{"taxonomy":"post_tag","embeddable":true,"href":"https:\/\/snuipp86.fr\/index.php\/wp-json\/wp\/v2\/tags?post=304"}],"curies":[{"name":"wp","href":"https:\/\/api.w.org\/{rel}","templated":true}]}}