{"id":309,"date":"2017-08-31T10:42:16","date_gmt":"2017-08-31T10:42:16","guid":{"rendered":"http:\/\/localhost\/wordpress\/2017\/08\/31\/ors-et-108-h-quelle-est-la-composition-la-rentre-2017-en-vienne\/"},"modified":"2017-08-31T10:42:16","modified_gmt":"2017-08-31T10:42:16","slug":"ors-et-108-h-quelle-est-la-composition-la-rentre-2017-en-vienne","status":"publish","type":"post","link":"https:\/\/snuipp86.fr\/index.php\/2017\/08\/31\/ors-et-108-h-quelle-est-la-composition-la-rentre-2017-en-vienne\/","title":{"rendered":"ORS et 108 h : quelle est la composition \u00e0 la rentr\u00e9e 2017 en Vienne ?"},"content":{"rendered":"<p><img decoding=\"async\" src=\"https:\/\/snuipp86.fr\/wp-content\/spip\/IMG\/arton3357.jpg\" alt=\"\" align=\"right\" width=\"104\" height=\"54\" class=\"spip_logos\" \/><\/p>\n<div class='rss_texte'>\n<p class=\"spip\">Le nouveau d\u00e9cret du 29 mars 2017 sur les ORS ( obligations r\u00e9glementaires de services) dans le 1er degr\u00e9 entre en vigueur \u00e0 cette rentr\u00e9e.<\/p>\n<p class=\"spip\">Le SNUipp-FSU a vot\u00e9 contre ce d\u00e9cret et propos\u00e9 plusieurs modifications :<br \/>\n<br \/><img decoding=\"async\" src=\"https:\/\/snuipp86.fr\/wp-content\/spip\/cache-vignettes\/L8xH11\/puce-68c92.gif\" width='8' height='11' alt=\"-\" style='height:11px;width:8px;' class='' \/> suppression des heures d&rsquo;APC (<a href=\"https:\/\/www.snuipp.fr\/actualites\/posts\/apc-ors-temps-de-travail-a-la\" class=\"spip_out\">voir action APC<\/a>) ; <br \/><img decoding=\"async\" src=\"https:\/\/snuipp86.fr\/wp-content\/spip\/cache-vignettes\/L8xH11\/puce-68c92.gif\" width='8' height='11' alt=\"-\" style='height:11px;width:8px;' class='' \/> all\u00e8gement de service pour les enseignant-e-s du premier degr\u00e9 affect\u00e9s sur plusieurs postes, \u00e0 l&rsquo;instar de leurs homologues du second degr\u00e9 ; <br \/><img decoding=\"async\" src=\"https:\/\/snuipp86.fr\/wp-content\/spip\/cache-vignettes\/L8xH11\/puce-68c92.gif\" width='8' height='11' alt=\"-\" style='height:11px;width:8px;' class='' \/> r\u00e9tablissement pour les coordonnateurs p\u00e9dagogiques en \u00e9tablissement sp\u00e9cialis\u00e9 de d\u00e9charges de direction<\/p>\n<p class=\"spip\">Retrouvez <a href=\"http:\/\/86.snuipp.fr\/spip.php?article3081&#038;var_recherche=ors\" class=\"spip_out\">sur ce lien<\/a> le compte rendu et les votes des organisations syndicales sur les propositions du SNUIpp-FSU<\/p>\n<h3 class=\"spip\" id=\"outil_sommaire_0\"><a title=\"Sommaire\" href=\"http:\/\/86.snuipp.fr\/spip.php?page=backend&#038;id_rubrique=#outil_sommaire\" class=\"sommaire_ancre\"> <\/a>R\u00e9partition des 108h<\/h3>\n<table class=\"spip\">\n<tbody>\n<tr class=\"row_even\">\n<td><strong class=\"spip\">36h<\/strong><\/td>\n<td> <strong class=\"spip\">D&rsquo;activit\u00e9s p\u00e9dagogiques compl\u00e9mentaires (APC).<\/strong> <br \/>\nLes directeurs\/trices b\u00e9n\u00e9ficient d&rsquo;une d\u00e9charge sur le service de trente-six heures d&rsquo;APC, d\u00e9finie comme suit : <br \/><img decoding=\"async\" src=\"https:\/\/snuipp86.fr\/wp-content\/spip\/cache-vignettes\/L8xH11\/puce-68c92.gif\" width='8' height='11' alt=\"-\" style='height:11px;width:8px;' class='' \/> \u00e9coles de 1 et 2 classes : d\u00e9charge de 6 heures d&rsquo;APC ; <br \/><img decoding=\"async\" src=\"https:\/\/snuipp86.fr\/wp-content\/spip\/cache-vignettes\/L8xH11\/puce-68c92.gif\" width='8' height='11' alt=\"-\" style='height:11px;width:8px;' class='' \/> \u00e9coles de 3 et 4 classes : d\u00e9charge de 18 heures d&rsquo;APC ; <br \/><img decoding=\"async\" src=\"https:\/\/snuipp86.fr\/wp-content\/spip\/cache-vignettes\/L8xH11\/puce-68c92.gif\" width='8' height='11' alt=\"-\" style='height:11px;width:8px;' class='' \/> \u00e9coles de 5 classes et + : d\u00e9charge des 36 heures d&rsquo;APC.<\/td>\n<\/tr>\n<tr class=\"row_odd\">\n<td><strong class=\"spip\">48h<\/strong><\/td>\n<td> <strong class=\"spip\">pour les travaux en \u00e9quipes p\u00e9dagogiques, aux relations avec les parents, \u00e0 l&rsquo;\u00e9laboration et au suivi des projets personnalis\u00e9s de scolarisation pour les \u00e9l\u00e8ves handicap\u00e9s<\/strong><\/td>\n<\/tr>\n<tr class=\"row_even\">\n<td><strong class=\"spip\">18h<\/strong><\/td>\n<td> <strong class=\"spip\">Pour des actions de formation continue<\/strong> ( en Vienne cela correspond uniquement aux formations M@gist\u00e8re) , pour au moins la moiti\u00e9 d&rsquo;entre elles, <strong class=\"spip\">et \u00e0 de l&rsquo;animation p\u00e9dagogique<\/strong> <br \/>\nLes directeurs\/trices sont dispens\u00e9es des 9h de M@gist\u00e8re s&rsquo;ils\/elles le souhaitent.<\/p>\n<p class=\"spip\">Nouveau : Les coll\u00e8gues en cycle 3 ont pour 2017\/2018 seulement 6h ( sur les 9h) de M@gist\u00e8re car 3h sont consacr\u00e9es aux conseils \u00e9cole-coll\u00e8ge.<\/p>\n<\/td>\n<\/tr>\n<tr class=\"row_odd\">\n<td><strong class=\"spip\">6h<\/strong><\/td>\n<td> pour la participation aux <strong class=\"spip\">c<\/strong><strong class=\"spip\">onseils d&rsquo;\u00e9cole obligatoires.<\/strong><\/td>\n<\/tr>\n<\/tbody>\n<\/table>\n<p class=\"spip\"><img decoding=\"async\" src=\"https:\/\/snuipp86.fr\/wp-content\/spip\/cache-vignettes\/L8xH11\/puce-68c92.gif\" width='8' height='11' alt=\"-\" style='height:11px;width:8px;' class='' \/> Les nouvelles obligations r\u00e9glementaires des <strong class=\"spip\">personnels exer\u00e7ant en p\u00e9nitentiaire<\/strong> leur font perdre le b\u00e9n\u00e9fice des heures de coordination et de synth\u00e8se jusqu&rsquo;\u00e0 pr\u00e9sent r\u00e9mun\u00e9r\u00e9es en heures suppl\u00e9mentaires.<\/p>\n<p class=\"spip\"><img decoding=\"async\" src=\"https:\/\/snuipp86.fr\/wp-content\/spip\/cache-vignettes\/L8xH11\/puce-68c92.gif\" width='8' height='11' alt=\"-\" style='height:11px;width:8px;' class='' \/> Si les enseignant-e- s exer\u00e7ant en <strong class=\"spip\">ESMS, ULIS \u00e9cole et en RASED<\/strong> ont depuis la parution du d\u00e9cret les m\u00eames ORS (24h+108 heures), un arr\u00eat\u00e9 est attendu concernant la d\u00e9clinaison du contenu des 108 h.<\/p>\n<h3 class=\"spip\" id=\"outil_sommaire_1\"><a title=\"Sommaire\" href=\"http:\/\/86.snuipp.fr\/spip.php?page=backend&#038;id_rubrique=#outil_sommaire\" class=\"sommaire_ancre\"> <\/a>108 h et exercice \u00e0 temps partiel<\/h3>\n<p class=\"spip\">Pour les enseignant-e-s effectuant un service \u00e0 temps partiel, les 108h sont au prorata de leur quotit\u00e9 de service. exemple : un coll\u00e8gue \u00e0 mi-temps doit effectuer 54h.<\/p>\n<p class=\"spip\">Attention : pour les 18h de \u00a0\u00bb formation \u00ab\u00a0, la r\u00e9partition 9h M@gist\u00e8re\/ 9h Animations p\u00e9dagogiques est parfois changeante selon les circos<\/p>\n<ul class=\"spip\">\n<li class=\"spip\"> <strong class=\"spip\">Poitiers Est, Poitiers Sud<\/strong> : <\/li>\n<\/ul>\n<p class=\"spip\">Pour les enseignants qui exercent \u00e0 temps partiel (de 70 \u00e0 80%), les quotit\u00e9s de service correspondent \u00e0 un temps de formation voisin de 14 h annuelles qui seront organis\u00e9es pour cette ann\u00e9e comme suit :<br \/>\n<br \/><img decoding=\"async\" src=\"https:\/\/snuipp86.fr\/wp-content\/spip\/cache-vignettes\/L8xH11\/puce-68c92.gif\" width='8' height='11' alt=\"-\" style='height:11px;width:8px;' class='' \/> m@gist\u00e8re, 9h, (inscription au choix)<br \/>\n<br \/><img decoding=\"async\" src=\"https:\/\/snuipp86.fr\/wp-content\/spip\/cache-vignettes\/L8xH11\/puce-68c92.gif\" width='8' height='11' alt=\"-\" style='height:11px;width:8px;' class='' \/> module obligatoire des animations p\u00e9dagogiques ( \u00e0 hauteur 5 heures maximum ) \u2013 (inscription au choix)<\/p>\n<p class=\"spip\">Ceux qui exercent \u00e0 mi-temps (50%) participeront aux formations M@gist\u00e8re.<\/p>\n<\/div>\n","protected":false},"excerpt":{"rendered":"<p>Le nouveau d\u00e9cret du 29 mars 2017 sur les ORS ( obligations r\u00e9glementaires de services) dans le 1er degr\u00e9 entre en vigueur \u00e0 cette rentr\u00e9e. <br \/>Le SNUipp-FSU a vot\u00e9 contre ce d\u00e9cret et propos\u00e9 plusieurs modifications : <br \/>suppression des heures d&rsquo;APC (voir action APC) ; <br \/>all\u00e8gement de service pour les enseignant-e-s du premier degr\u00e9 affect\u00e9s sur plusieurs postes, \u00e0 l&rsquo;instar de leurs homologues du second degr\u00e9 ; <br \/>r\u00e9tablissement pour les coordonnateurs p\u00e9dagogiques en \u00e9tablissement (&#8230;)<br \/>\n&#8211;<br \/>\n<a href=\"http:\/\/86.snuipp.fr\/spip.php?rubrique218\" rel=\"directory\">Le service des enseignants<\/a><br \/>\n\/<br \/>\n<a href=\"http:\/\/86.snuipp.fr\/spip.php?mot300\" rel=\"tag\">Aide personnalis\u00e9e<\/a>,<br \/>\n<a href=\"http:\/\/86.snuipp.fr\/spip.php?mot309\" rel=\"tag\">Les textes disent&#8230;<\/a>,<br \/>\n<a href=\"http:\/\/86.snuipp.fr\/spip.php?mot310\" rel=\"tag\">Les r\u00e9formes<\/a>,<br \/>\n<a href=\"http:\/\/86.snuipp.fr\/spip.php?mot320\" rel=\"tag\">Rythmes scolaires<\/a><\/p>\n","protected":false},"author":1,"featured_media":0,"comment_status":"open","ping_status":"open","sticky":false,"template":"","format":"standard","meta":{"footnotes":""},"categories":[14],"tags":[],"class_list":["post-309","post","type-post","status-publish","format-standard","hentry","category-a-la-une"],"yoast_head":"<!-- This site is optimized with the Yoast SEO plugin v26.6 - https:\/\/yoast.com\/wordpress\/plugins\/seo\/ -->\n<title>ORS et 108 h : quelle est la composition \u00e0 la rentr\u00e9e 2017 en Vienne ? - FSU-SNUipp 86<\/title>\n<meta name=\"robots\" content=\"index, follow, max-snippet:-1, max-image-preview:large, max-video-preview:-1\" \/>\n<link rel=\"canonical\" href=\"https:\/\/snuipp86.fr\/index.php\/2017\/08\/31\/ors-et-108-h-quelle-est-la-composition-la-rentre-2017-en-vienne\/\" \/>\n<meta property=\"og:locale\" content=\"fr_FR\" \/>\n<meta property=\"og:type\" content=\"article\" \/>\n<meta property=\"og:title\" content=\"ORS et 108 h : quelle est la composition \u00e0 la rentr\u00e9e 2017 en Vienne ? - FSU-SNUipp 86\" \/>\n<meta property=\"og:description\" content=\"Le nouveau d\u00e9cret du 29 mars 2017 sur les ORS ( obligations r\u00e9glementaires de services) dans le 1er degr\u00e9 entre en vigueur \u00e0 cette rentr\u00e9e. Le SNUipp-FSU a vot\u00e9 contre ce d\u00e9cret et propos\u00e9 plusieurs modifications : suppression des heures d&#039;APC (voir action APC) ; all\u00e8gement de service pour les enseignant-e-s du premier degr\u00e9 affect\u00e9s sur plusieurs postes, \u00e0 l&#039;instar de leurs homologues du second degr\u00e9 ; r\u00e9tablissement pour les coordonnateurs p\u00e9dagogiques en \u00e9tablissement (...) - Le service des enseignants \/ Aide personnalis\u00e9e, Les textes disent..., Les r\u00e9formes, Rythmes scolaires\" \/>\n<meta property=\"og:url\" content=\"https:\/\/snuipp86.fr\/index.php\/2017\/08\/31\/ors-et-108-h-quelle-est-la-composition-la-rentre-2017-en-vienne\/\" \/>\n<meta property=\"og:site_name\" content=\"FSU-SNUipp 86\" \/>\n<meta property=\"article:published_time\" content=\"2017-08-31T10:42:16+00:00\" \/>\n<meta property=\"og:image\" content=\"http:\/\/snuipp86.fr\/wp-content\/spip\/IMG\/arton3357.jpg\" \/>\n<meta name=\"author\" content=\"WP86Admin\" \/>\n<meta name=\"twitter:card\" content=\"summary_large_image\" \/>\n<meta name=\"twitter:label1\" content=\"\u00c9crit par\" \/>\n\t<meta name=\"twitter:data1\" content=\"WP86Admin\" \/>\n\t<meta name=\"twitter:label2\" content=\"Dur\u00e9e de lecture estim\u00e9e\" \/>\n\t<meta name=\"twitter:data2\" content=\"2 minutes\" \/>\n<script type=\"application\/ld+json\" class=\"yoast-schema-graph\">{\"@context\":\"https:\/\/schema.org\",\"@graph\":[{\"@type\":\"WebPage\",\"@id\":\"https:\/\/snuipp86.fr\/index.php\/2017\/08\/31\/ors-et-108-h-quelle-est-la-composition-la-rentre-2017-en-vienne\/\",\"url\":\"https:\/\/snuipp86.fr\/index.php\/2017\/08\/31\/ors-et-108-h-quelle-est-la-composition-la-rentre-2017-en-vienne\/\",\"name\":\"ORS et 108 h : quelle est la composition \u00e0 la rentr\u00e9e 2017 en Vienne ? - FSU-SNUipp 86\",\"isPartOf\":{\"@id\":\"https:\/\/snuipp86.fr\/#website\"},\"primaryImageOfPage\":{\"@id\":\"https:\/\/snuipp86.fr\/index.php\/2017\/08\/31\/ors-et-108-h-quelle-est-la-composition-la-rentre-2017-en-vienne\/#primaryimage\"},\"image\":{\"@id\":\"https:\/\/snuipp86.fr\/index.php\/2017\/08\/31\/ors-et-108-h-quelle-est-la-composition-la-rentre-2017-en-vienne\/#primaryimage\"},\"thumbnailUrl\":\"http:\/\/snuipp86.fr\/wp-content\/spip\/IMG\/arton3357.jpg\",\"datePublished\":\"2017-08-31T10:42:16+00:00\",\"author\":{\"@id\":\"https:\/\/snuipp86.fr\/#\/schema\/person\/901b28b9ae1c7a63a6a940102e52a7a2\"},\"breadcrumb\":{\"@id\":\"https:\/\/snuipp86.fr\/index.php\/2017\/08\/31\/ors-et-108-h-quelle-est-la-composition-la-rentre-2017-en-vienne\/#breadcrumb\"},\"inLanguage\":\"fr-FR\",\"potentialAction\":[{\"@type\":\"ReadAction\",\"target\":[\"https:\/\/snuipp86.fr\/index.php\/2017\/08\/31\/ors-et-108-h-quelle-est-la-composition-la-rentre-2017-en-vienne\/\"]}]},{\"@type\":\"ImageObject\",\"inLanguage\":\"fr-FR\",\"@id\":\"https:\/\/snuipp86.fr\/index.php\/2017\/08\/31\/ors-et-108-h-quelle-est-la-composition-la-rentre-2017-en-vienne\/#primaryimage\",\"url\":\"http:\/\/snuipp86.fr\/wp-content\/spip\/IMG\/arton3357.jpg\",\"contentUrl\":\"http:\/\/snuipp86.fr\/wp-content\/spip\/IMG\/arton3357.jpg\"},{\"@type\":\"BreadcrumbList\",\"@id\":\"https:\/\/snuipp86.fr\/index.php\/2017\/08\/31\/ors-et-108-h-quelle-est-la-composition-la-rentre-2017-en-vienne\/#breadcrumb\",\"itemListElement\":[{\"@type\":\"ListItem\",\"position\":1,\"name\":\"Accueil\",\"item\":\"https:\/\/snuipp86.fr\/\"},{\"@type\":\"ListItem\",\"position\":2,\"name\":\"ORS et 108 h : quelle est la composition \u00e0 la rentr\u00e9e 2017 en Vienne ?\"}]},{\"@type\":\"WebSite\",\"@id\":\"https:\/\/snuipp86.fr\/#website\",\"url\":\"https:\/\/snuipp86.fr\/\",\"name\":\"FSU-SNUipp 86\",\"description\":\"Des id\u00e9es qui font l&#039;\u00e9cole\",\"potentialAction\":[{\"@type\":\"SearchAction\",\"target\":{\"@type\":\"EntryPoint\",\"urlTemplate\":\"https:\/\/snuipp86.fr\/?s={search_term_string}\"},\"query-input\":{\"@type\":\"PropertyValueSpecification\",\"valueRequired\":true,\"valueName\":\"search_term_string\"}}],\"inLanguage\":\"fr-FR\"},{\"@type\":\"Person\",\"@id\":\"https:\/\/snuipp86.fr\/#\/schema\/person\/901b28b9ae1c7a63a6a940102e52a7a2\",\"name\":\"WP86Admin\",\"image\":{\"@type\":\"ImageObject\",\"inLanguage\":\"fr-FR\",\"@id\":\"https:\/\/snuipp86.fr\/#\/schema\/person\/image\/\",\"url\":\"https:\/\/secure.gravatar.com\/avatar\/0099845c7ec05dc10d777d8ab4f5142c5ba316283821af2459738ad469a37a1a?s=96&d=mm&r=g\",\"contentUrl\":\"https:\/\/secure.gravatar.com\/avatar\/0099845c7ec05dc10d777d8ab4f5142c5ba316283821af2459738ad469a37a1a?s=96&d=mm&r=g\",\"caption\":\"WP86Admin\"},\"url\":\"https:\/\/snuipp86.fr\/index.php\/author\/wp86admin\/\"}]}<\/script>\n<!-- \/ Yoast SEO plugin. -->","yoast_head_json":{"title":"ORS et 108 h : quelle est la composition \u00e0 la rentr\u00e9e 2017 en Vienne ? - FSU-SNUipp 86","robots":{"index":"index","follow":"follow","max-snippet":"max-snippet:-1","max-image-preview":"max-image-preview:large","max-video-preview":"max-video-preview:-1"},"canonical":"https:\/\/snuipp86.fr\/index.php\/2017\/08\/31\/ors-et-108-h-quelle-est-la-composition-la-rentre-2017-en-vienne\/","og_locale":"fr_FR","og_type":"article","og_title":"ORS et 108 h : quelle est la composition \u00e0 la rentr\u00e9e 2017 en Vienne ? - FSU-SNUipp 86","og_description":"Le nouveau d\u00e9cret du 29 mars 2017 sur les ORS ( obligations r\u00e9glementaires de services) dans le 1er degr\u00e9 entre en vigueur \u00e0 cette rentr\u00e9e. Le SNUipp-FSU a vot\u00e9 contre ce d\u00e9cret et propos\u00e9 plusieurs modifications : suppression des heures d'APC (voir action APC) ; all\u00e8gement de service pour les enseignant-e-s du premier degr\u00e9 affect\u00e9s sur plusieurs postes, \u00e0 l'instar de leurs homologues du second degr\u00e9 ; r\u00e9tablissement pour les coordonnateurs p\u00e9dagogiques en \u00e9tablissement (...) - Le service des enseignants \/ Aide personnalis\u00e9e, Les textes disent..., Les r\u00e9formes, Rythmes scolaires","og_url":"https:\/\/snuipp86.fr\/index.php\/2017\/08\/31\/ors-et-108-h-quelle-est-la-composition-la-rentre-2017-en-vienne\/","og_site_name":"FSU-SNUipp 86","article_published_time":"2017-08-31T10:42:16+00:00","og_image":[{"url":"http:\/\/snuipp86.fr\/wp-content\/spip\/IMG\/arton3357.jpg","type":"","width":"","height":""}],"author":"WP86Admin","twitter_card":"summary_large_image","twitter_misc":{"\u00c9crit par":"WP86Admin","Dur\u00e9e de lecture estim\u00e9e":"2 minutes"},"schema":{"@context":"https:\/\/schema.org","@graph":[{"@type":"WebPage","@id":"https:\/\/snuipp86.fr\/index.php\/2017\/08\/31\/ors-et-108-h-quelle-est-la-composition-la-rentre-2017-en-vienne\/","url":"https:\/\/snuipp86.fr\/index.php\/2017\/08\/31\/ors-et-108-h-quelle-est-la-composition-la-rentre-2017-en-vienne\/","name":"ORS et 108 h : quelle est la composition \u00e0 la rentr\u00e9e 2017 en Vienne ? - FSU-SNUipp 86","isPartOf":{"@id":"https:\/\/snuipp86.fr\/#website"},"primaryImageOfPage":{"@id":"https:\/\/snuipp86.fr\/index.php\/2017\/08\/31\/ors-et-108-h-quelle-est-la-composition-la-rentre-2017-en-vienne\/#primaryimage"},"image":{"@id":"https:\/\/snuipp86.fr\/index.php\/2017\/08\/31\/ors-et-108-h-quelle-est-la-composition-la-rentre-2017-en-vienne\/#primaryimage"},"thumbnailUrl":"http:\/\/snuipp86.fr\/wp-content\/spip\/IMG\/arton3357.jpg","datePublished":"2017-08-31T10:42:16+00:00","author":{"@id":"https:\/\/snuipp86.fr\/#\/schema\/person\/901b28b9ae1c7a63a6a940102e52a7a2"},"breadcrumb":{"@id":"https:\/\/snuipp86.fr\/index.php\/2017\/08\/31\/ors-et-108-h-quelle-est-la-composition-la-rentre-2017-en-vienne\/#breadcrumb"},"inLanguage":"fr-FR","potentialAction":[{"@type":"ReadAction","target":["https:\/\/snuipp86.fr\/index.php\/2017\/08\/31\/ors-et-108-h-quelle-est-la-composition-la-rentre-2017-en-vienne\/"]}]},{"@type":"ImageObject","inLanguage":"fr-FR","@id":"https:\/\/snuipp86.fr\/index.php\/2017\/08\/31\/ors-et-108-h-quelle-est-la-composition-la-rentre-2017-en-vienne\/#primaryimage","url":"http:\/\/snuipp86.fr\/wp-content\/spip\/IMG\/arton3357.jpg","contentUrl":"http:\/\/snuipp86.fr\/wp-content\/spip\/IMG\/arton3357.jpg"},{"@type":"BreadcrumbList","@id":"https:\/\/snuipp86.fr\/index.php\/2017\/08\/31\/ors-et-108-h-quelle-est-la-composition-la-rentre-2017-en-vienne\/#breadcrumb","itemListElement":[{"@type":"ListItem","position":1,"name":"Accueil","item":"https:\/\/snuipp86.fr\/"},{"@type":"ListItem","position":2,"name":"ORS et 108 h : quelle est la composition \u00e0 la rentr\u00e9e 2017 en Vienne ?"}]},{"@type":"WebSite","@id":"https:\/\/snuipp86.fr\/#website","url":"https:\/\/snuipp86.fr\/","name":"FSU-SNUipp 86","description":"Des id\u00e9es qui font l&#039;\u00e9cole","potentialAction":[{"@type":"SearchAction","target":{"@type":"EntryPoint","urlTemplate":"https:\/\/snuipp86.fr\/?s={search_term_string}"},"query-input":{"@type":"PropertyValueSpecification","valueRequired":true,"valueName":"search_term_string"}}],"inLanguage":"fr-FR"},{"@type":"Person","@id":"https:\/\/snuipp86.fr\/#\/schema\/person\/901b28b9ae1c7a63a6a940102e52a7a2","name":"WP86Admin","image":{"@type":"ImageObject","inLanguage":"fr-FR","@id":"https:\/\/snuipp86.fr\/#\/schema\/person\/image\/","url":"https:\/\/secure.gravatar.com\/avatar\/0099845c7ec05dc10d777d8ab4f5142c5ba316283821af2459738ad469a37a1a?s=96&d=mm&r=g","contentUrl":"https:\/\/secure.gravatar.com\/avatar\/0099845c7ec05dc10d777d8ab4f5142c5ba316283821af2459738ad469a37a1a?s=96&d=mm&r=g","caption":"WP86Admin"},"url":"https:\/\/snuipp86.fr\/index.php\/author\/wp86admin\/"}]}},"_links":{"self":[{"href":"https:\/\/snuipp86.fr\/index.php\/wp-json\/wp\/v2\/posts\/309","targetHints":{"allow":["GET"]}}],"collection":[{"href":"https:\/\/snuipp86.fr\/index.php\/wp-json\/wp\/v2\/posts"}],"about":[{"href":"https:\/\/snuipp86.fr\/index.php\/wp-json\/wp\/v2\/types\/post"}],"author":[{"embeddable":true,"href":"https:\/\/snuipp86.fr\/index.php\/wp-json\/wp\/v2\/users\/1"}],"replies":[{"embeddable":true,"href":"https:\/\/snuipp86.fr\/index.php\/wp-json\/wp\/v2\/comments?post=309"}],"version-history":[{"count":0,"href":"https:\/\/snuipp86.fr\/index.php\/wp-json\/wp\/v2\/posts\/309\/revisions"}],"wp:attachment":[{"href":"https:\/\/snuipp86.fr\/index.php\/wp-json\/wp\/v2\/media?parent=309"}],"wp:term":[{"taxonomy":"category","embeddable":true,"href":"https:\/\/snuipp86.fr\/index.php\/wp-json\/wp\/v2\/categories?post=309"},{"taxonomy":"post_tag","embeddable":true,"href":"https:\/\/snuipp86.fr\/index.php\/wp-json\/wp\/v2\/tags?post=309"}],"curies":[{"name":"wp","href":"https:\/\/api.w.org\/{rel}","templated":true}]}}