{"id":310,"date":"2017-08-30T13:40:05","date_gmt":"2017-08-30T13:40:05","guid":{"rendered":"http:\/\/localhost\/wordpress\/2017\/08\/30\/communiqu-fsu-rentre-sociale-prserver-notre-modle-social\/"},"modified":"2017-08-30T13:40:05","modified_gmt":"2017-08-30T13:40:05","slug":"communiqu-fsu-rentre-sociale-prserver-notre-modle-social","status":"publish","type":"post","link":"https:\/\/snuipp86.fr\/index.php\/2017\/08\/30\/communiqu-fsu-rentre-sociale-prserver-notre-modle-social\/","title":{"rendered":"Communiqu\u00e9 FSU &#8211; \u00a0\u00bb Rentr\u00e9e sociale : pr\u00e9server notre mod\u00e8le social \u00ab\u00a0"},"content":{"rendered":"<p><img decoding=\"async\" src=\"https:\/\/snuipp86.fr\/wp-content\/spip\/IMG\/arton3349.jpg\" alt=\"\" align=\"right\" width=\"694\" height=\"213\" class=\"spip_logos\" \/><\/p>\n<div class='rss_texte'>\n<h3 class=\"spip\">Rentr\u00e9e sociale : pr\u00e9server notre mod\u00e8le social<\/h3>\n<p class=\"spip\">La rentr\u00e9e remet sur le devant de la sc\u00e8ne les pr\u00e9occupations d&#8217;emploi, de conditions de travail, de pouvoir d&rsquo;achat, de sant\u00e9, de logement, de retraite\u2026Et les annonces et d\u00e9cisions prises par le gouvernement durant l&rsquo;\u00e9t\u00e9 sont guid\u00e9es par l&rsquo;aust\u00e9rit\u00e9 mettant ainsi \u00e0 mal les solidarit\u00e9s, s&rsquo;attaquant brutalement aux droits sociaux : nouvelle r\u00e9duction des d\u00e9penses publiques, suppressions de contrats aid\u00e9s, baisse des APL, multiplication inacceptable de mesures concernant les agents publics, r\u00e9forme du Code du travail sans r\u00e9el d\u00e9bat d\u00e9mocratique&#8230;<\/p>\n<p class=\"spip\">La rentr\u00e9e scolaire ne se pr\u00e9sente pas non plus sous de meilleurs auspices : entre le devenir des personnes en contrats aid\u00e9s et leurs missions laiss\u00e9es vacantes, un discours r\u00e9trograde du Ministre sur l&rsquo;\u00e9ducation, comme par exemple sur la lecture, des d\u00e9cisions pr\u00e9cipit\u00e9es qui s&rsquo;appliquent \u00e0 moyens constants, par red\u00e9ploiement, et risquent d&rsquo;accentuer les in\u00e9galit\u00e9s sur le territoire\u2026Pour la FSU, il est imp\u00e9ratif de mettre en \u0153uvre un projet \u00e9ducatif ayant pour objectif la r\u00e9ussite de tous les jeunes de l&rsquo;\u00e9cole maternelle \u00e0 l&rsquo;enseignement sup\u00e9rieur. Il est pour cela urgent de conforter le service public d&rsquo;\u00e9ducation.<\/p>\n<p class=\"spip\">En ce qui concerne le projet d&rsquo;ordonnances sur le Code du travail, la FSU partage les inqui\u00e9tudes et pr\u00e9occupations des organisations qui condamnent les remises en cause des droits sociaux des salari\u00e9s que cette r\u00e9forme g\u00e9n\u00e8re sous couvert de flexibilit\u00e9 et d&rsquo;adaptabilit\u00e9 du march\u00e9 du travail. Elle s&rsquo;associe \u00e0 l&rsquo;indignation des salari\u00e9s du secteur priv\u00e9 en lutte pour obtenir un code du travail protecteur et des cr\u00e9ations d&#8217;emplois de qualit\u00e9. Elle appelle \u00e0 participer aux mobilisations engag\u00e9es le 12 septembre prochain selon des modalit\u00e9s choisies localement et d\u00e9pose pour cela un pr\u00e9avis de gr\u00e8ve.<\/p>\n<p class=\"spip\">Le gouvernement poursuit une politique lib\u00e9rale lourde de cons\u00e9quences pour les salari\u00e9s du priv\u00e9 comme du public ainsi que pour les retrait\u00e9s et remettant en cause notre mod\u00e8le social.<\/p>\n<p class=\"spip\">Pour les agents de la Fonction publique, la p\u00e9riode est particuli\u00e8rement brutale : gel du point d&rsquo;indice, pr\u00e9vision de 120 000 suppressions d&#8217;emplois (dont 70 000 dans la seule FPT), r\u00e9tablissement de la journ\u00e9e de carence, augmentation de la CSG sans garantie d&rsquo;am\u00e9lioration du pouvoir d&rsquo;achat et toujours avec la menace d&rsquo;une possible remise en cause du calendrier des mesures PPCR &#8211; ce qui constituerait une trahison des engagements de l&rsquo;\u00c9tat et du dialogue social &#8211; baisse des dotations aux collectivit\u00e9s locales.<\/p>\n<p class=\"spip\">C&rsquo;est pourquoi la Fsu propose \u00e0 l&rsquo;ensemble des f\u00e9d\u00e9rations de fonctionnaires la construction d&rsquo;une journ\u00e9e d&rsquo;action au mois d&rsquo;octobre, la plus unitaire possible, afin d&rsquo;exprimer le d\u00e9saccord des agents avec ces mesures, en exiger la r\u00e9orientation et porter les revendications pour les personnels.<\/p>\n<dl class='spip_document_2735 spip_documents spip_documents_center' >\n<dt><img src='https:\/\/snuipp86.fr\/wp-content\/spip\/cache-vignettes\/L520xH93\/fsu_services_publics-3-45b5a.jpg' width='520' height='93' alt='JPEG - 12.4 ko' style='height:93px;width:520px;' class='' \/><\/dt>\n<dt class='spip_doc_titre' style='width:350px;'><strong>fsu services publics<\/strong><\/dt>\n<\/dl>\n<\/div>\n","protected":false},"excerpt":{"rendered":"<p>Vous trouverez ci-dessous le communiqu\u00e9 de presse diffus\u00e9 hier par la FSU et qui aborde les questions d&rsquo;actualit\u00e9 : conditions de la rentr\u00e9e, mobilisations contre la loi travail, mesures Fonction Publique et proposition d&rsquo;une journ\u00e9e d&rsquo;action aux f\u00e9d\u00e9rations de fonctionnaires.<br \/>\n&#8211;<br \/>\n<a href=\"http:\/\/86.snuipp.fr\/spip.php?rubrique294\" rel=\"directory\">Gr\u00e8ves- Actions<\/a><br \/>\n\/<br \/>\n<a href=\"http:\/\/86.snuipp.fr\/spip.php?mot278\" rel=\"tag\">Gr\u00e8ve<\/a><\/p>\n","protected":false},"author":1,"featured_media":0,"comment_status":"open","ping_status":"open","sticky":false,"template":"","format":"standard","meta":{"footnotes":""},"categories":[14],"tags":[],"class_list":["post-310","post","type-post","status-publish","format-standard","hentry","category-a-la-une"],"yoast_head":"<!-- This site is optimized with the Yoast SEO plugin v26.6 - https:\/\/yoast.com\/wordpress\/plugins\/seo\/ -->\n<title>Communiqu\u00e9 FSU - &quot; Rentr\u00e9e sociale : pr\u00e9server notre mod\u00e8le social &quot; - FSU-SNUipp 86<\/title>\n<meta name=\"robots\" content=\"index, follow, max-snippet:-1, max-image-preview:large, max-video-preview:-1\" \/>\n<link rel=\"canonical\" href=\"https:\/\/snuipp86.fr\/index.php\/2017\/08\/30\/communiqu-fsu-rentre-sociale-prserver-notre-modle-social\/\" \/>\n<meta property=\"og:locale\" content=\"fr_FR\" \/>\n<meta property=\"og:type\" content=\"article\" \/>\n<meta property=\"og:title\" content=\"Communiqu\u00e9 FSU - &quot; Rentr\u00e9e sociale : pr\u00e9server notre mod\u00e8le social &quot; - FSU-SNUipp 86\" \/>\n<meta property=\"og:description\" content=\"Vous trouverez ci-dessous le communiqu\u00e9 de presse diffus\u00e9 hier par la FSU et qui aborde les questions d&#039;actualit\u00e9 : conditions de la rentr\u00e9e, mobilisations contre la loi travail, mesures Fonction Publique et proposition d&#039;une journ\u00e9e d&#039;action aux f\u00e9d\u00e9rations de fonctionnaires. - Gr\u00e8ves- Actions \/ Gr\u00e8ve\" \/>\n<meta property=\"og:url\" content=\"https:\/\/snuipp86.fr\/index.php\/2017\/08\/30\/communiqu-fsu-rentre-sociale-prserver-notre-modle-social\/\" \/>\n<meta property=\"og:site_name\" content=\"FSU-SNUipp 86\" \/>\n<meta property=\"article:published_time\" content=\"2017-08-30T13:40:05+00:00\" \/>\n<meta property=\"og:image\" content=\"http:\/\/snuipp86.fr\/wp-content\/spip\/IMG\/arton3349.jpg\" \/>\n<meta name=\"author\" content=\"WP86Admin\" \/>\n<meta name=\"twitter:card\" content=\"summary_large_image\" \/>\n<meta name=\"twitter:label1\" content=\"\u00c9crit par\" \/>\n\t<meta name=\"twitter:data1\" content=\"WP86Admin\" \/>\n\t<meta name=\"twitter:label2\" content=\"Dur\u00e9e de lecture estim\u00e9e\" \/>\n\t<meta name=\"twitter:data2\" content=\"2 minutes\" \/>\n<script type=\"application\/ld+json\" class=\"yoast-schema-graph\">{\"@context\":\"https:\/\/schema.org\",\"@graph\":[{\"@type\":\"WebPage\",\"@id\":\"https:\/\/snuipp86.fr\/index.php\/2017\/08\/30\/communiqu-fsu-rentre-sociale-prserver-notre-modle-social\/\",\"url\":\"https:\/\/snuipp86.fr\/index.php\/2017\/08\/30\/communiqu-fsu-rentre-sociale-prserver-notre-modle-social\/\",\"name\":\"Communiqu\u00e9 FSU - \\\" Rentr\u00e9e sociale : pr\u00e9server notre mod\u00e8le social \\\" - FSU-SNUipp 86\",\"isPartOf\":{\"@id\":\"https:\/\/snuipp86.fr\/#website\"},\"primaryImageOfPage\":{\"@id\":\"https:\/\/snuipp86.fr\/index.php\/2017\/08\/30\/communiqu-fsu-rentre-sociale-prserver-notre-modle-social\/#primaryimage\"},\"image\":{\"@id\":\"https:\/\/snuipp86.fr\/index.php\/2017\/08\/30\/communiqu-fsu-rentre-sociale-prserver-notre-modle-social\/#primaryimage\"},\"thumbnailUrl\":\"http:\/\/snuipp86.fr\/wp-content\/spip\/IMG\/arton3349.jpg\",\"datePublished\":\"2017-08-30T13:40:05+00:00\",\"author\":{\"@id\":\"https:\/\/snuipp86.fr\/#\/schema\/person\/901b28b9ae1c7a63a6a940102e52a7a2\"},\"breadcrumb\":{\"@id\":\"https:\/\/snuipp86.fr\/index.php\/2017\/08\/30\/communiqu-fsu-rentre-sociale-prserver-notre-modle-social\/#breadcrumb\"},\"inLanguage\":\"fr-FR\",\"potentialAction\":[{\"@type\":\"ReadAction\",\"target\":[\"https:\/\/snuipp86.fr\/index.php\/2017\/08\/30\/communiqu-fsu-rentre-sociale-prserver-notre-modle-social\/\"]}]},{\"@type\":\"ImageObject\",\"inLanguage\":\"fr-FR\",\"@id\":\"https:\/\/snuipp86.fr\/index.php\/2017\/08\/30\/communiqu-fsu-rentre-sociale-prserver-notre-modle-social\/#primaryimage\",\"url\":\"http:\/\/snuipp86.fr\/wp-content\/spip\/IMG\/arton3349.jpg\",\"contentUrl\":\"http:\/\/snuipp86.fr\/wp-content\/spip\/IMG\/arton3349.jpg\"},{\"@type\":\"BreadcrumbList\",\"@id\":\"https:\/\/snuipp86.fr\/index.php\/2017\/08\/30\/communiqu-fsu-rentre-sociale-prserver-notre-modle-social\/#breadcrumb\",\"itemListElement\":[{\"@type\":\"ListItem\",\"position\":1,\"name\":\"Accueil\",\"item\":\"https:\/\/snuipp86.fr\/\"},{\"@type\":\"ListItem\",\"position\":2,\"name\":\"Communiqu\u00e9 FSU &#8211; &#8221; Rentr\u00e9e sociale : pr\u00e9server notre mod\u00e8le social &#8220;\"}]},{\"@type\":\"WebSite\",\"@id\":\"https:\/\/snuipp86.fr\/#website\",\"url\":\"https:\/\/snuipp86.fr\/\",\"name\":\"FSU-SNUipp 86\",\"description\":\"Des id\u00e9es qui font l&#039;\u00e9cole\",\"potentialAction\":[{\"@type\":\"SearchAction\",\"target\":{\"@type\":\"EntryPoint\",\"urlTemplate\":\"https:\/\/snuipp86.fr\/?s={search_term_string}\"},\"query-input\":{\"@type\":\"PropertyValueSpecification\",\"valueRequired\":true,\"valueName\":\"search_term_string\"}}],\"inLanguage\":\"fr-FR\"},{\"@type\":\"Person\",\"@id\":\"https:\/\/snuipp86.fr\/#\/schema\/person\/901b28b9ae1c7a63a6a940102e52a7a2\",\"name\":\"WP86Admin\",\"image\":{\"@type\":\"ImageObject\",\"inLanguage\":\"fr-FR\",\"@id\":\"https:\/\/snuipp86.fr\/#\/schema\/person\/image\/\",\"url\":\"https:\/\/secure.gravatar.com\/avatar\/0099845c7ec05dc10d777d8ab4f5142c5ba316283821af2459738ad469a37a1a?s=96&d=mm&r=g\",\"contentUrl\":\"https:\/\/secure.gravatar.com\/avatar\/0099845c7ec05dc10d777d8ab4f5142c5ba316283821af2459738ad469a37a1a?s=96&d=mm&r=g\",\"caption\":\"WP86Admin\"},\"url\":\"https:\/\/snuipp86.fr\/index.php\/author\/wp86admin\/\"}]}<\/script>\n<!-- \/ Yoast SEO plugin. -->","yoast_head_json":{"title":"Communiqu\u00e9 FSU - \" Rentr\u00e9e sociale : pr\u00e9server notre mod\u00e8le social \" - FSU-SNUipp 86","robots":{"index":"index","follow":"follow","max-snippet":"max-snippet:-1","max-image-preview":"max-image-preview:large","max-video-preview":"max-video-preview:-1"},"canonical":"https:\/\/snuipp86.fr\/index.php\/2017\/08\/30\/communiqu-fsu-rentre-sociale-prserver-notre-modle-social\/","og_locale":"fr_FR","og_type":"article","og_title":"Communiqu\u00e9 FSU - \" Rentr\u00e9e sociale : pr\u00e9server notre mod\u00e8le social \" - FSU-SNUipp 86","og_description":"Vous trouverez ci-dessous le communiqu\u00e9 de presse diffus\u00e9 hier par la FSU et qui aborde les questions d'actualit\u00e9 : conditions de la rentr\u00e9e, mobilisations contre la loi travail, mesures Fonction Publique et proposition d'une journ\u00e9e d'action aux f\u00e9d\u00e9rations de fonctionnaires. - Gr\u00e8ves- Actions \/ Gr\u00e8ve","og_url":"https:\/\/snuipp86.fr\/index.php\/2017\/08\/30\/communiqu-fsu-rentre-sociale-prserver-notre-modle-social\/","og_site_name":"FSU-SNUipp 86","article_published_time":"2017-08-30T13:40:05+00:00","og_image":[{"url":"http:\/\/snuipp86.fr\/wp-content\/spip\/IMG\/arton3349.jpg","type":"","width":"","height":""}],"author":"WP86Admin","twitter_card":"summary_large_image","twitter_misc":{"\u00c9crit par":"WP86Admin","Dur\u00e9e de lecture estim\u00e9e":"2 minutes"},"schema":{"@context":"https:\/\/schema.org","@graph":[{"@type":"WebPage","@id":"https:\/\/snuipp86.fr\/index.php\/2017\/08\/30\/communiqu-fsu-rentre-sociale-prserver-notre-modle-social\/","url":"https:\/\/snuipp86.fr\/index.php\/2017\/08\/30\/communiqu-fsu-rentre-sociale-prserver-notre-modle-social\/","name":"Communiqu\u00e9 FSU - \" Rentr\u00e9e sociale : pr\u00e9server notre mod\u00e8le social \" - FSU-SNUipp 86","isPartOf":{"@id":"https:\/\/snuipp86.fr\/#website"},"primaryImageOfPage":{"@id":"https:\/\/snuipp86.fr\/index.php\/2017\/08\/30\/communiqu-fsu-rentre-sociale-prserver-notre-modle-social\/#primaryimage"},"image":{"@id":"https:\/\/snuipp86.fr\/index.php\/2017\/08\/30\/communiqu-fsu-rentre-sociale-prserver-notre-modle-social\/#primaryimage"},"thumbnailUrl":"http:\/\/snuipp86.fr\/wp-content\/spip\/IMG\/arton3349.jpg","datePublished":"2017-08-30T13:40:05+00:00","author":{"@id":"https:\/\/snuipp86.fr\/#\/schema\/person\/901b28b9ae1c7a63a6a940102e52a7a2"},"breadcrumb":{"@id":"https:\/\/snuipp86.fr\/index.php\/2017\/08\/30\/communiqu-fsu-rentre-sociale-prserver-notre-modle-social\/#breadcrumb"},"inLanguage":"fr-FR","potentialAction":[{"@type":"ReadAction","target":["https:\/\/snuipp86.fr\/index.php\/2017\/08\/30\/communiqu-fsu-rentre-sociale-prserver-notre-modle-social\/"]}]},{"@type":"ImageObject","inLanguage":"fr-FR","@id":"https:\/\/snuipp86.fr\/index.php\/2017\/08\/30\/communiqu-fsu-rentre-sociale-prserver-notre-modle-social\/#primaryimage","url":"http:\/\/snuipp86.fr\/wp-content\/spip\/IMG\/arton3349.jpg","contentUrl":"http:\/\/snuipp86.fr\/wp-content\/spip\/IMG\/arton3349.jpg"},{"@type":"BreadcrumbList","@id":"https:\/\/snuipp86.fr\/index.php\/2017\/08\/30\/communiqu-fsu-rentre-sociale-prserver-notre-modle-social\/#breadcrumb","itemListElement":[{"@type":"ListItem","position":1,"name":"Accueil","item":"https:\/\/snuipp86.fr\/"},{"@type":"ListItem","position":2,"name":"Communiqu\u00e9 FSU &#8211; &#8221; Rentr\u00e9e sociale : pr\u00e9server notre mod\u00e8le social &#8220;"}]},{"@type":"WebSite","@id":"https:\/\/snuipp86.fr\/#website","url":"https:\/\/snuipp86.fr\/","name":"FSU-SNUipp 86","description":"Des id\u00e9es qui font l&#039;\u00e9cole","potentialAction":[{"@type":"SearchAction","target":{"@type":"EntryPoint","urlTemplate":"https:\/\/snuipp86.fr\/?s={search_term_string}"},"query-input":{"@type":"PropertyValueSpecification","valueRequired":true,"valueName":"search_term_string"}}],"inLanguage":"fr-FR"},{"@type":"Person","@id":"https:\/\/snuipp86.fr\/#\/schema\/person\/901b28b9ae1c7a63a6a940102e52a7a2","name":"WP86Admin","image":{"@type":"ImageObject","inLanguage":"fr-FR","@id":"https:\/\/snuipp86.fr\/#\/schema\/person\/image\/","url":"https:\/\/secure.gravatar.com\/avatar\/0099845c7ec05dc10d777d8ab4f5142c5ba316283821af2459738ad469a37a1a?s=96&d=mm&r=g","contentUrl":"https:\/\/secure.gravatar.com\/avatar\/0099845c7ec05dc10d777d8ab4f5142c5ba316283821af2459738ad469a37a1a?s=96&d=mm&r=g","caption":"WP86Admin"},"url":"https:\/\/snuipp86.fr\/index.php\/author\/wp86admin\/"}]}},"_links":{"self":[{"href":"https:\/\/snuipp86.fr\/index.php\/wp-json\/wp\/v2\/posts\/310","targetHints":{"allow":["GET"]}}],"collection":[{"href":"https:\/\/snuipp86.fr\/index.php\/wp-json\/wp\/v2\/posts"}],"about":[{"href":"https:\/\/snuipp86.fr\/index.php\/wp-json\/wp\/v2\/types\/post"}],"author":[{"embeddable":true,"href":"https:\/\/snuipp86.fr\/index.php\/wp-json\/wp\/v2\/users\/1"}],"replies":[{"embeddable":true,"href":"https:\/\/snuipp86.fr\/index.php\/wp-json\/wp\/v2\/comments?post=310"}],"version-history":[{"count":0,"href":"https:\/\/snuipp86.fr\/index.php\/wp-json\/wp\/v2\/posts\/310\/revisions"}],"wp:attachment":[{"href":"https:\/\/snuipp86.fr\/index.php\/wp-json\/wp\/v2\/media?parent=310"}],"wp:term":[{"taxonomy":"category","embeddable":true,"href":"https:\/\/snuipp86.fr\/index.php\/wp-json\/wp\/v2\/categories?post=310"},{"taxonomy":"post_tag","embeddable":true,"href":"https:\/\/snuipp86.fr\/index.php\/wp-json\/wp\/v2\/tags?post=310"}],"curies":[{"name":"wp","href":"https:\/\/api.w.org\/{rel}","templated":true}]}}