{"id":319,"date":"2017-08-18T06:03:43","date_gmt":"2017-08-18T06:03:43","guid":{"rendered":"http:\/\/localhost\/wordpress\/2017\/08\/18\/audiences-fsu-la-dgafp-et-au-ministre-de-laction-et-des-comptes-publics\/"},"modified":"2017-08-18T06:03:43","modified_gmt":"2017-08-18T06:03:43","slug":"audiences-fsu-la-dgafp-et-au-ministre-de-laction-et-des-comptes-publics","status":"publish","type":"post","link":"https:\/\/snuipp86.fr\/index.php\/2017\/08\/18\/audiences-fsu-la-dgafp-et-au-ministre-de-laction-et-des-comptes-publics\/","title":{"rendered":"Audiences FSU \u00e0 la DGAFP et au minist\u00e8re de l&rsquo;Action et des Comptes publics"},"content":{"rendered":"<p><img decoding=\"async\" src=\"https:\/\/snuipp86.fr\/wp-content\/spip\/IMG\/arton3321.jpg\" alt=\"\" align=\"right\" width=\"640\" height=\"358\" class=\"spip_logos\" \/><\/p>\n<div class='rss_texte'>\n<dl class='spip_document_2713 spip_documents spip_documents_center' >\n<dt><img src='https:\/\/snuipp86.fr\/wp-content\/spip\/cache-vignettes\/L520xH291\/le-ministre-des-comptes-publics-gerald-darmanin-quittant-l-elysee-apres-le-conseil-des-ministres-du-28-juin-2017_5908214-2-e73f5.jpg' width='520' height='291' alt='JPEG - 27.3 ko' style='height:291px;width:520px;' class='' \/><\/dt>\n<dt class='spip_doc_titre' style='width:350px;'><strong>le-ministre-des-comptes-publics-gerald-darmanin-quittant-l-elysee-apres-le-conseil-des-ministres-du-28-juin-2017_5908214<\/strong><\/dt>\n<\/dl>\n<p class=\"spip\">La FSU a \u00e9t\u00e9 re\u00e7ue \u00e0 la direction g\u00e9n\u00e9rale de l&rsquo;administration et de la fonction publique (DGAFP) le 19 juillet puis au minist\u00e8re de l&rsquo;Action et des comptes publics le 21 juillet dernier.<\/p>\n<p class=\"spip\">Cette audience \u00e0 la DGAFP a largement confirm\u00e9 les inqui\u00e9tudes de la FSU. Toutes les annonces (gel du point, jour de carence, suppressions d&#8217;emplois, \u00e9talement de PPCR\u2026) sont confirm\u00e9es et l&rsquo;administration travaille d&rsquo;ores et d\u00e9j\u00e0 sur des pistes pour les mettre en \u0153uvre. La FSU a redit ses d\u00e9saccords avec ces mesures et son inqui\u00e9tude suite aux propos du Pr\u00e9sident de la r\u00e9publique lors de la Conf\u00e9rence des Territoires, concernant l&rsquo;id\u00e9e d&rsquo;un point d&rsquo;indice non uniforme mettant ainsi \u00e0 mal l&rsquo;unicit\u00e9 de la Fonction publique.<\/p>\n<p class=\"spip\">Le rendez-vous salarial aura lieu \u00e0 la mi-octobre. Il int\u00e9grera diff\u00e9rents sujets : compensation de la hausse de la CSG de 1,7% au 1er janvier prochain, GIPA\u2026 La FSU y ajoutera bien \u00e9videmment la question de la valeur du point d&rsquo;indice !<\/p>\n<p class=\"spip\"><img decoding=\"async\" src=\"https:\/\/snuipp86.fr\/wp-content\/spip\/cache-vignettes\/L8xH11\/puce-68c92.gif\" width='8' height='11' alt=\"-\" style='height:11px;width:8px;' class='' \/> <strong class=\"spip\">Sur les mesures de compensation de la CSG<\/strong>, un groupe de travail avec les organisations syndicales est pr\u00e9vu d\u00e9but septembre. L&rsquo;administration s&rsquo;orienterait vers une suppression du 1% solidarit\u00e9 pour ceux qui paient cette cotisation et d&rsquo;un compl\u00e9ment indemnitaire, pour le reste.<\/p>\n<p class=\"spip\"><img decoding=\"async\" src=\"https:\/\/snuipp86.fr\/wp-content\/spip\/cache-vignettes\/L8xH11\/puce-68c92.gif\" width='8' height='11' alt=\"-\" style='height:11px;width:8px;' class='' \/> L&rsquo;administration travaille sur une hypoth\u00e8se pour d\u00e9caler<strong class=\"spip\"> les mesures PPCR<\/strong> d&rsquo;un an \u00e0 compter de janvier 2018, \u00ab moins pire \u00bb selon elle que l&rsquo;hypoth\u00e8se de blocage de tous les avancements pendant un an pr\u00e9conis\u00e9 par la Cour des Comptes. Il semble que ce report toucherait pour 2018 essentiellement les cat\u00e9gories C et B. Pour la cat\u00e9gorie A, en janvier 2018, il n&rsquo;y a de pr\u00e9vu \u00ab que \u00bb du transfert primes points. Un groupe de travail avec les organisations syndicales sur les questions salariales autres que la compensation de la CSG devrait avoir lieu mi-octobre, c&rsquo;est donc \u00e0 ce moment-l\u00e0 que des choses devraient \u00eatre mises sur la table.<\/p>\n<p class=\"spip\"><img decoding=\"async\" src=\"https:\/\/snuipp86.fr\/wp-content\/spip\/cache-vignettes\/L8xH11\/puce-68c92.gif\" width='8' height='11' alt=\"-\" style='height:11px;width:8px;' class='' \/> <strong class=\"spip\">Sur la GIPA,<\/strong> l&rsquo;administration maintient sa volont\u00e9 de ne prendre les textes qu&rsquo;\u00e0 la rentr\u00e9e car elle tient \u00e0 l&rsquo;affichage de mesures qui ne soient pas que n\u00e9gatives (sic). Les versements devraient \u00eatre effectu\u00e9s au plus tard fin d\u00e9cembre.<\/p>\n<p class=\"spip\"><img decoding=\"async\" src=\"https:\/\/snuipp86.fr\/wp-content\/spip\/cache-vignettes\/L8xH11\/puce-68c92.gif\" width='8' height='11' alt=\"-\" style='height:11px;width:8px;' class='' \/> Le <strong class=\"spip\">gel du point<\/strong> est confirm\u00e9.<\/p>\n<p class=\"spip\"><img decoding=\"async\" src=\"https:\/\/snuipp86.fr\/wp-content\/spip\/cache-vignettes\/L8xH11\/puce-68c92.gif\" width='8' height='11' alt=\"-\" style='height:11px;width:8px;' class='' \/> La FSU a dit sa surprise et son m\u00e9contentement de ne pas voir la question des <strong class=\"spip\">non titulaires<\/strong> mise \u00e0 l&rsquo;ordre du jour.<\/p>\n<p class=\"spip\"><img decoding=\"async\" src=\"https:\/\/snuipp86.fr\/wp-content\/spip\/cache-vignettes\/L8xH11\/puce-68c92.gif\" width='8' height='11' alt=\"-\" style='height:11px;width:8px;' class='' \/> Le minist\u00e8re envisage aussi l&rsquo;organisation d&rsquo;<strong class=\"spip\">assises de la Fonction Publique<\/strong> d&rsquo;octobre \u00e0 d\u00e9cembre. Il y serait question de permettre l&rsquo;expression des agents sur leurs m\u00e9tiers et leurs conditions de travail et d&rsquo;autre part d&rsquo;aborder la question du p\u00e9rim\u00e8tre du service public.<\/p>\n<p class=\"spip\">Suite \u00e0 son entrevue avec le ministre, la FSU a publi\u00e9 un communiqu\u00e9 de presse que vous trouverez ci-dessous et <a href=\"http:\/\/www.fsu.fr\/Rencontre-FSU-Ministre-de-l-Action-et-des-Comptes-publics.html\" class=\"spip_out\">sur ce lien<\/a><\/p>\n<hr class=\"spip\" \/>\n<p class=\"spip\">Les Lilas le 21 juillet 2017<\/p>\n<p class=\"spip\"><i class=\"spip\">La FSU a rencontr\u00e9 ce jour le Ministre de l&rsquo;Action et des Comptes publics.<br \/>\nElle a redit au Ministre son profond d\u00e9saccord sur les mesures annonc\u00e9es par le gouvernement concernant les plus de cinq millions d&rsquo;agent-es de la Fonction Publique.<\/p>\n<p class=\"spip\">Pour la FSU, il est inadmissible de geler leurs salaires, de r\u00e9tablir une journ\u00e9e de carence qui ne sera jamais compens\u00e9e contrairement \u00e0 une grande partie du secteur priv\u00e9, tout cela dans un contexte de restriction budg\u00e9taire. La FSU n&rsquo;acceptera pas non plus que soit remis en cause le calendrier de mise en \u0153uvre des mesures du protocole \u00ab PPCR \u00bb, seules avanc\u00e9es \u00e0 ce jour dans le d\u00e9roulement de carri\u00e8re des agents. Enfin, les d\u00e9clarations d&rsquo;Emmanuel Macron devant le S\u00e9nat faisant \u00e9tat d&rsquo;une volont\u00e9 de s\u00e9parer le calcul du point d&rsquo;indice des diff\u00e9rents versants de la Fonction publique renforcent les inqui\u00e9tudes de la FSU qui rappelle son attachement \u00e0 l&rsquo;unit\u00e9 de la Fonction Publique. Elle s&rsquo;opposera \u00e0 tout ce qui pourrait la remettre en cause.<br \/>\nPour faire fonctionner des services au public, il faut des femmes et des hommes en nombre suffisant, form\u00e9-es, qualifi\u00e9-es et reconnu-es dans leur travail. La Fonction publique a toujours su s&rsquo;adapter aux \u00e9volutions notamment lorsque les r\u00e9formes sont pens\u00e9es en fonction des besoins et que les investissements sont faits en cons\u00e9quence. Et non pas selon une doxa affirmant que le \u00ab moins \u00bb est \u00e9gal au \u00ab mieux \u00bb. Il s&rsquo;agit l\u00e0 d&rsquo;une grave erreur pour l&rsquo;avenir ! Le gouvernement doit de mani\u00e8re urgente en prendre la mesure.<\/p>\n<p class=\"spip\">Le Pr\u00e9sident de la R\u00e9publique s&rsquo;est engag\u00e9 lors de sa campagne \u00e0 am\u00e9liorer le pouvoir d&rsquo;achat des salari\u00e9-es. Il ne peut donc pas commencer par le d\u00e9grader. C&rsquo;est pourquoi la FSU pr\u00e9pare d&rsquo;ores et d\u00e9j\u00e0 avec d\u00e9termination le rendez-vous salarial pr\u00e9vu au mois d&rsquo;octobre.<\/p>\n<p class=\"spip\">Tout comme elle fera des \u00ab assises \u00bb sur la Fonction publique pr\u00e9vues par le gouvernement \u00e0 l&rsquo;automne un temps fort d&rsquo;expression des besoins et des propositions pour que les services publics r\u00e9pondent bien aux exigences des usagers et aux besoins du pays.<\/i><\/p>\n<dl class='spip_document_2709 spip_documents spip_documents_center' >\n<dt><img src='https:\/\/snuipp86.fr\/wp-content\/spip\/cache-vignettes\/L520xH93\/fsu_services_publics-2-f9eeb.jpg' width='520' height='93' alt='JPEG - 12.4 ko' style='height:93px;width:520px;' class='' \/><\/dt>\n<dt class='spip_doc_titre' style='width:350px;'><strong>fsu services publics<\/strong><\/dt>\n<\/dl>\n<\/div>\n","protected":false},"excerpt":{"rendered":"<p>La FSU a \u00e9t\u00e9 re\u00e7ue \u00e0 la direction g\u00e9n\u00e9rale de l&rsquo;administration et de la fonction publique (DGAFP) le 19 juillet puis au minist\u00e8re de l&rsquo;Action et des comptes publics le 21 juillet dernier. <br \/>Cette audience \u00e0 la DGAFP a largement confirm\u00e9 les inqui\u00e9tudes de la FSU. Toutes les annonces (gel du point, jour de carence, suppressions d&#8217;emplois, \u00e9talement de PPCR\u2026) sont confirm\u00e9es et l&rsquo;administration travaille d&rsquo;ores et d\u00e9j\u00e0 sur des pistes pour les mettre en \u0153uvre. La FSU a (&#8230;)<br \/>\n&#8211;<br \/>\n<a href=\"http:\/\/86.snuipp.fr\/spip.php?rubrique249\" rel=\"directory\">L&rsquo;ACTUALIT\u00c9<\/a><br \/>\n\/<br \/>\n<a href=\"http:\/\/86.snuipp.fr\/spip.php?mot286\" rel=\"tag\">Salaires, indemnit\u00e9s, primes .<\/a><\/p>\n","protected":false},"author":1,"featured_media":0,"comment_status":"open","ping_status":"open","sticky":false,"template":"","format":"standard","meta":{"footnotes":""},"categories":[14],"tags":[],"class_list":["post-319","post","type-post","status-publish","format-standard","hentry","category-a-la-une"],"yoast_head":"<!-- This site is optimized with the Yoast SEO plugin v26.6 - https:\/\/yoast.com\/wordpress\/plugins\/seo\/ -->\n<title>Audiences FSU \u00e0 la DGAFP et au minist\u00e8re de l&#039;Action et des Comptes publics - FSU-SNUipp 86<\/title>\n<meta name=\"robots\" content=\"index, follow, max-snippet:-1, max-image-preview:large, max-video-preview:-1\" \/>\n<link rel=\"canonical\" href=\"https:\/\/snuipp86.fr\/index.php\/2017\/08\/18\/audiences-fsu-la-dgafp-et-au-ministre-de-laction-et-des-comptes-publics\/\" \/>\n<meta property=\"og:locale\" content=\"fr_FR\" \/>\n<meta property=\"og:type\" content=\"article\" \/>\n<meta property=\"og:title\" content=\"Audiences FSU \u00e0 la DGAFP et au minist\u00e8re de l&#039;Action et des Comptes publics - FSU-SNUipp 86\" \/>\n<meta property=\"og:description\" content=\"La FSU a \u00e9t\u00e9 re\u00e7ue \u00e0 la direction g\u00e9n\u00e9rale de l&#039;administration et de la fonction publique (DGAFP) le 19 juillet puis au minist\u00e8re de l&#039;Action et des comptes publics le 21 juillet dernier. Cette audience \u00e0 la DGAFP a largement confirm\u00e9 les inqui\u00e9tudes de la FSU. Toutes les annonces (gel du point, jour de carence, suppressions d&#039;emplois, \u00e9talement de PPCR\u2026) sont confirm\u00e9es et l&#039;administration travaille d&#039;ores et d\u00e9j\u00e0 sur des pistes pour les mettre en \u0153uvre. La FSU a (...) - L&#039;ACTUALIT\u00c9 \/ Salaires, indemnit\u00e9s, primes .\" \/>\n<meta property=\"og:url\" content=\"https:\/\/snuipp86.fr\/index.php\/2017\/08\/18\/audiences-fsu-la-dgafp-et-au-ministre-de-laction-et-des-comptes-publics\/\" \/>\n<meta property=\"og:site_name\" content=\"FSU-SNUipp 86\" \/>\n<meta property=\"article:published_time\" content=\"2017-08-18T06:03:43+00:00\" \/>\n<meta property=\"og:image\" content=\"http:\/\/snuipp86.fr\/wp-content\/spip\/IMG\/arton3321.jpg\" \/>\n<meta name=\"author\" content=\"WP86Admin\" \/>\n<meta name=\"twitter:card\" content=\"summary_large_image\" \/>\n<meta name=\"twitter:label1\" content=\"\u00c9crit par\" \/>\n\t<meta name=\"twitter:data1\" content=\"WP86Admin\" \/>\n\t<meta name=\"twitter:label2\" content=\"Dur\u00e9e de lecture estim\u00e9e\" \/>\n\t<meta name=\"twitter:data2\" content=\"4 minutes\" \/>\n<script type=\"application\/ld+json\" class=\"yoast-schema-graph\">{\"@context\":\"https:\/\/schema.org\",\"@graph\":[{\"@type\":\"WebPage\",\"@id\":\"https:\/\/snuipp86.fr\/index.php\/2017\/08\/18\/audiences-fsu-la-dgafp-et-au-ministre-de-laction-et-des-comptes-publics\/\",\"url\":\"https:\/\/snuipp86.fr\/index.php\/2017\/08\/18\/audiences-fsu-la-dgafp-et-au-ministre-de-laction-et-des-comptes-publics\/\",\"name\":\"Audiences FSU \u00e0 la DGAFP et au minist\u00e8re de l'Action et des Comptes publics - FSU-SNUipp 86\",\"isPartOf\":{\"@id\":\"https:\/\/snuipp86.fr\/#website\"},\"primaryImageOfPage\":{\"@id\":\"https:\/\/snuipp86.fr\/index.php\/2017\/08\/18\/audiences-fsu-la-dgafp-et-au-ministre-de-laction-et-des-comptes-publics\/#primaryimage\"},\"image\":{\"@id\":\"https:\/\/snuipp86.fr\/index.php\/2017\/08\/18\/audiences-fsu-la-dgafp-et-au-ministre-de-laction-et-des-comptes-publics\/#primaryimage\"},\"thumbnailUrl\":\"http:\/\/snuipp86.fr\/wp-content\/spip\/IMG\/arton3321.jpg\",\"datePublished\":\"2017-08-18T06:03:43+00:00\",\"author\":{\"@id\":\"https:\/\/snuipp86.fr\/#\/schema\/person\/901b28b9ae1c7a63a6a940102e52a7a2\"},\"breadcrumb\":{\"@id\":\"https:\/\/snuipp86.fr\/index.php\/2017\/08\/18\/audiences-fsu-la-dgafp-et-au-ministre-de-laction-et-des-comptes-publics\/#breadcrumb\"},\"inLanguage\":\"fr-FR\",\"potentialAction\":[{\"@type\":\"ReadAction\",\"target\":[\"https:\/\/snuipp86.fr\/index.php\/2017\/08\/18\/audiences-fsu-la-dgafp-et-au-ministre-de-laction-et-des-comptes-publics\/\"]}]},{\"@type\":\"ImageObject\",\"inLanguage\":\"fr-FR\",\"@id\":\"https:\/\/snuipp86.fr\/index.php\/2017\/08\/18\/audiences-fsu-la-dgafp-et-au-ministre-de-laction-et-des-comptes-publics\/#primaryimage\",\"url\":\"http:\/\/snuipp86.fr\/wp-content\/spip\/IMG\/arton3321.jpg\",\"contentUrl\":\"http:\/\/snuipp86.fr\/wp-content\/spip\/IMG\/arton3321.jpg\"},{\"@type\":\"BreadcrumbList\",\"@id\":\"https:\/\/snuipp86.fr\/index.php\/2017\/08\/18\/audiences-fsu-la-dgafp-et-au-ministre-de-laction-et-des-comptes-publics\/#breadcrumb\",\"itemListElement\":[{\"@type\":\"ListItem\",\"position\":1,\"name\":\"Accueil\",\"item\":\"https:\/\/snuipp86.fr\/\"},{\"@type\":\"ListItem\",\"position\":2,\"name\":\"Audiences FSU \u00e0 la DGAFP et au minist\u00e8re de l&#8217;Action et des Comptes publics\"}]},{\"@type\":\"WebSite\",\"@id\":\"https:\/\/snuipp86.fr\/#website\",\"url\":\"https:\/\/snuipp86.fr\/\",\"name\":\"FSU-SNUipp 86\",\"description\":\"Des id\u00e9es qui font l&#039;\u00e9cole\",\"potentialAction\":[{\"@type\":\"SearchAction\",\"target\":{\"@type\":\"EntryPoint\",\"urlTemplate\":\"https:\/\/snuipp86.fr\/?s={search_term_string}\"},\"query-input\":{\"@type\":\"PropertyValueSpecification\",\"valueRequired\":true,\"valueName\":\"search_term_string\"}}],\"inLanguage\":\"fr-FR\"},{\"@type\":\"Person\",\"@id\":\"https:\/\/snuipp86.fr\/#\/schema\/person\/901b28b9ae1c7a63a6a940102e52a7a2\",\"name\":\"WP86Admin\",\"image\":{\"@type\":\"ImageObject\",\"inLanguage\":\"fr-FR\",\"@id\":\"https:\/\/snuipp86.fr\/#\/schema\/person\/image\/\",\"url\":\"https:\/\/secure.gravatar.com\/avatar\/0099845c7ec05dc10d777d8ab4f5142c5ba316283821af2459738ad469a37a1a?s=96&d=mm&r=g\",\"contentUrl\":\"https:\/\/secure.gravatar.com\/avatar\/0099845c7ec05dc10d777d8ab4f5142c5ba316283821af2459738ad469a37a1a?s=96&d=mm&r=g\",\"caption\":\"WP86Admin\"},\"url\":\"https:\/\/snuipp86.fr\/index.php\/author\/wp86admin\/\"}]}<\/script>\n<!-- \/ Yoast SEO plugin. -->","yoast_head_json":{"title":"Audiences FSU \u00e0 la DGAFP et au minist\u00e8re de l'Action et des Comptes publics - FSU-SNUipp 86","robots":{"index":"index","follow":"follow","max-snippet":"max-snippet:-1","max-image-preview":"max-image-preview:large","max-video-preview":"max-video-preview:-1"},"canonical":"https:\/\/snuipp86.fr\/index.php\/2017\/08\/18\/audiences-fsu-la-dgafp-et-au-ministre-de-laction-et-des-comptes-publics\/","og_locale":"fr_FR","og_type":"article","og_title":"Audiences FSU \u00e0 la DGAFP et au minist\u00e8re de l'Action et des Comptes publics - FSU-SNUipp 86","og_description":"La FSU a \u00e9t\u00e9 re\u00e7ue \u00e0 la direction g\u00e9n\u00e9rale de l'administration et de la fonction publique (DGAFP) le 19 juillet puis au minist\u00e8re de l'Action et des comptes publics le 21 juillet dernier. Cette audience \u00e0 la DGAFP a largement confirm\u00e9 les inqui\u00e9tudes de la FSU. Toutes les annonces (gel du point, jour de carence, suppressions d'emplois, \u00e9talement de PPCR\u2026) sont confirm\u00e9es et l'administration travaille d'ores et d\u00e9j\u00e0 sur des pistes pour les mettre en \u0153uvre. La FSU a (...) - L'ACTUALIT\u00c9 \/ Salaires, indemnit\u00e9s, primes .","og_url":"https:\/\/snuipp86.fr\/index.php\/2017\/08\/18\/audiences-fsu-la-dgafp-et-au-ministre-de-laction-et-des-comptes-publics\/","og_site_name":"FSU-SNUipp 86","article_published_time":"2017-08-18T06:03:43+00:00","og_image":[{"url":"http:\/\/snuipp86.fr\/wp-content\/spip\/IMG\/arton3321.jpg","type":"","width":"","height":""}],"author":"WP86Admin","twitter_card":"summary_large_image","twitter_misc":{"\u00c9crit par":"WP86Admin","Dur\u00e9e de lecture estim\u00e9e":"4 minutes"},"schema":{"@context":"https:\/\/schema.org","@graph":[{"@type":"WebPage","@id":"https:\/\/snuipp86.fr\/index.php\/2017\/08\/18\/audiences-fsu-la-dgafp-et-au-ministre-de-laction-et-des-comptes-publics\/","url":"https:\/\/snuipp86.fr\/index.php\/2017\/08\/18\/audiences-fsu-la-dgafp-et-au-ministre-de-laction-et-des-comptes-publics\/","name":"Audiences FSU \u00e0 la DGAFP et au minist\u00e8re de l'Action et des Comptes publics - FSU-SNUipp 86","isPartOf":{"@id":"https:\/\/snuipp86.fr\/#website"},"primaryImageOfPage":{"@id":"https:\/\/snuipp86.fr\/index.php\/2017\/08\/18\/audiences-fsu-la-dgafp-et-au-ministre-de-laction-et-des-comptes-publics\/#primaryimage"},"image":{"@id":"https:\/\/snuipp86.fr\/index.php\/2017\/08\/18\/audiences-fsu-la-dgafp-et-au-ministre-de-laction-et-des-comptes-publics\/#primaryimage"},"thumbnailUrl":"http:\/\/snuipp86.fr\/wp-content\/spip\/IMG\/arton3321.jpg","datePublished":"2017-08-18T06:03:43+00:00","author":{"@id":"https:\/\/snuipp86.fr\/#\/schema\/person\/901b28b9ae1c7a63a6a940102e52a7a2"},"breadcrumb":{"@id":"https:\/\/snuipp86.fr\/index.php\/2017\/08\/18\/audiences-fsu-la-dgafp-et-au-ministre-de-laction-et-des-comptes-publics\/#breadcrumb"},"inLanguage":"fr-FR","potentialAction":[{"@type":"ReadAction","target":["https:\/\/snuipp86.fr\/index.php\/2017\/08\/18\/audiences-fsu-la-dgafp-et-au-ministre-de-laction-et-des-comptes-publics\/"]}]},{"@type":"ImageObject","inLanguage":"fr-FR","@id":"https:\/\/snuipp86.fr\/index.php\/2017\/08\/18\/audiences-fsu-la-dgafp-et-au-ministre-de-laction-et-des-comptes-publics\/#primaryimage","url":"http:\/\/snuipp86.fr\/wp-content\/spip\/IMG\/arton3321.jpg","contentUrl":"http:\/\/snuipp86.fr\/wp-content\/spip\/IMG\/arton3321.jpg"},{"@type":"BreadcrumbList","@id":"https:\/\/snuipp86.fr\/index.php\/2017\/08\/18\/audiences-fsu-la-dgafp-et-au-ministre-de-laction-et-des-comptes-publics\/#breadcrumb","itemListElement":[{"@type":"ListItem","position":1,"name":"Accueil","item":"https:\/\/snuipp86.fr\/"},{"@type":"ListItem","position":2,"name":"Audiences FSU \u00e0 la DGAFP et au minist\u00e8re de l&#8217;Action et des Comptes publics"}]},{"@type":"WebSite","@id":"https:\/\/snuipp86.fr\/#website","url":"https:\/\/snuipp86.fr\/","name":"FSU-SNUipp 86","description":"Des id\u00e9es qui font l&#039;\u00e9cole","potentialAction":[{"@type":"SearchAction","target":{"@type":"EntryPoint","urlTemplate":"https:\/\/snuipp86.fr\/?s={search_term_string}"},"query-input":{"@type":"PropertyValueSpecification","valueRequired":true,"valueName":"search_term_string"}}],"inLanguage":"fr-FR"},{"@type":"Person","@id":"https:\/\/snuipp86.fr\/#\/schema\/person\/901b28b9ae1c7a63a6a940102e52a7a2","name":"WP86Admin","image":{"@type":"ImageObject","inLanguage":"fr-FR","@id":"https:\/\/snuipp86.fr\/#\/schema\/person\/image\/","url":"https:\/\/secure.gravatar.com\/avatar\/0099845c7ec05dc10d777d8ab4f5142c5ba316283821af2459738ad469a37a1a?s=96&d=mm&r=g","contentUrl":"https:\/\/secure.gravatar.com\/avatar\/0099845c7ec05dc10d777d8ab4f5142c5ba316283821af2459738ad469a37a1a?s=96&d=mm&r=g","caption":"WP86Admin"},"url":"https:\/\/snuipp86.fr\/index.php\/author\/wp86admin\/"}]}},"_links":{"self":[{"href":"https:\/\/snuipp86.fr\/index.php\/wp-json\/wp\/v2\/posts\/319","targetHints":{"allow":["GET"]}}],"collection":[{"href":"https:\/\/snuipp86.fr\/index.php\/wp-json\/wp\/v2\/posts"}],"about":[{"href":"https:\/\/snuipp86.fr\/index.php\/wp-json\/wp\/v2\/types\/post"}],"author":[{"embeddable":true,"href":"https:\/\/snuipp86.fr\/index.php\/wp-json\/wp\/v2\/users\/1"}],"replies":[{"embeddable":true,"href":"https:\/\/snuipp86.fr\/index.php\/wp-json\/wp\/v2\/comments?post=319"}],"version-history":[{"count":0,"href":"https:\/\/snuipp86.fr\/index.php\/wp-json\/wp\/v2\/posts\/319\/revisions"}],"wp:attachment":[{"href":"https:\/\/snuipp86.fr\/index.php\/wp-json\/wp\/v2\/media?parent=319"}],"wp:term":[{"taxonomy":"category","embeddable":true,"href":"https:\/\/snuipp86.fr\/index.php\/wp-json\/wp\/v2\/categories?post=319"},{"taxonomy":"post_tag","embeddable":true,"href":"https:\/\/snuipp86.fr\/index.php\/wp-json\/wp\/v2\/tags?post=319"}],"curies":[{"name":"wp","href":"https:\/\/api.w.org\/{rel}","templated":true}]}}