{"id":324,"date":"2017-07-12T12:08:52","date_gmt":"2017-07-12T12:08:52","guid":{"rendered":"http:\/\/localhost\/wordpress\/2017\/07\/12\/cui-cae-un-coup-darrt-aux-contrats-aids\/"},"modified":"2017-07-12T12:08:52","modified_gmt":"2017-07-12T12:08:52","slug":"cui-cae-un-coup-darrt-aux-contrats-aids","status":"publish","type":"post","link":"https:\/\/snuipp86.fr\/index.php\/2017\/07\/12\/cui-cae-un-coup-darrt-aux-contrats-aids\/","title":{"rendered":"CUI-CAE : Un coup d&rsquo;arr\u00eat aux contrats aid\u00e9s !"},"content":{"rendered":"<p><img decoding=\"async\" src=\"https:\/\/snuipp86.fr\/wp-content\/spip\/IMG\/arton3313.jpg\" alt=\"\" align=\"right\" width=\"695\" height=\"600\" class=\"spip_logos\" \/><\/p>\n<div class='rss_texte'>\n<p class=\"spip\"><strong class=\"spip\">Communiqu\u00e9 national SNUipp-FSU<\/strong><\/p>\n<p class=\"spip\">\u00c0 la rentr\u00e9e prochaine dans de nombreux d\u00e9partements, des personnels en contrat aid\u00e9 ne seront pas reconduits. Leurs missions, tant d&rsquo;accompagnement des \u00e9l\u00e8ves en situation de handicap que d&rsquo;aide administrative \u00e0 la direction d&rsquo;\u00e9cole vont s&rsquo;achever du jour au lendemain. Comment d\u00e8s lors pr\u00e9parer la rentr\u00e9e dans de bonnes conditions ? Quelles r\u00e9percussions sur les \u00e9l\u00e8ves b\u00e9n\u00e9ficiant d&rsquo;une notification d&rsquo;aide ? C&rsquo;est le cas dans les Bouches-du-Rh\u00f4ne, le Var, la Gironde ou le Cher par exemple, o\u00f9 les rectorats mettent en avant une directive du minist\u00e8re du Travail qui demande de suspendre tout renouvellement et tout nouveau recrutement.<\/p>\n<p class=\"spip\">Pourtant le m\u00e9diateur de l&rsquo;\u00c9ducation nationale et de l&rsquo;Enseignement sup\u00e9rieur, dans son rapport pour l&rsquo;ann\u00e9e 2016, a point\u00e9 d\u00e9j\u00e0 la difficult\u00e9 \u00e0 mettre en \u0153uvre les aides d\u00e9cid\u00e9es par la MDPH aupr\u00e8s des \u00e9l\u00e8ves en situation de handicap.<\/p>\n<p class=\"spip\">Pourquoi ce coup d&rsquo;arr\u00eat ? Parce que pr\u00e8s de 70% des aides destin\u00e9es \u00e0 l&#8217;embauche des 280 000 contrats aid\u00e9s ont \u00e9t\u00e9 utilis\u00e9es au premier semestre 2017, a annonc\u00e9 jeudi dernier le ministre de l&rsquo;Action et des Comptes publics. Cela signifie que, sans rallonge budg\u00e9taire, les personnes actuellement embauch\u00e9es en CUI-CAE et dont la situation est d\u00e9j\u00e0 bien fragilis\u00e9e, vont se retrouver sans emploi. Cela n&rsquo;est pas acceptable.<\/p>\n<p class=\"spip\">Pour le SNUipp-FSU, les personnels en contrat aid\u00e9 doivent pouvoir b\u00e9n\u00e9ficier de la dur\u00e9e maximale de contrat pr\u00e9vue et avoir des garanties de retour \u00e0 l&#8217;emploi, quelles que soient les missions exerc\u00e9es dans les \u00e9coles.<\/p>\n<p class=\"spip\">Le Premier ministre a d\u00e9clar\u00e9 dans son discours de politique g\u00e9n\u00e9rale devant l&rsquo;Assembl\u00e9e nationale que \u00ab l&rsquo;inclusion des personnes en situation de handicap constituera une des priorit\u00e9s du quinquennat \u00bb et qu&rsquo;\u00ab un enfant handicap\u00e9 scolaris\u00e9 ce n&rsquo;est pas simplement une histoire d&rsquo;argent ni m\u00eame de justice, c&rsquo;est une chance pour l&rsquo;ensemble de ses camarades. \u00bb<\/p>\n<p class=\"spip\">Il est donc essentiel de renouveler et de recruter dans un premier temps les CUI-CAE n\u00e9cessaires \u00e0 l&rsquo;accompagnement des \u00e9l\u00e8ves et au bon fonctionnement de l&rsquo;\u00e9cole. Et surtout de les faire \u00e9voluer vers de vrais m\u00e9tiers de la Fonction publique, stables et p\u00e9rennes.<\/p>\n<p class=\"spip\">Paris, le 12 juillet 2017.<\/p>\n<\/div>\n","protected":false},"excerpt":{"rendered":"<p>Communiqu\u00e9 national SNUipp-FSU <br \/>\u00c0 la rentr\u00e9e prochaine dans de nombreux d\u00e9partements, des personnels en contrat aid\u00e9 ne seront pas reconduits. Leurs missions, tant d&rsquo;accompagnement des \u00e9l\u00e8ves en situation de handicap que d&rsquo;aide administrative \u00e0 la direction d&rsquo;\u00e9cole vont s&rsquo;achever du jour au lendemain. Comment d\u00e8s lors pr\u00e9parer la rentr\u00e9e dans de bonnes conditions ? Quelles r\u00e9percussions sur les \u00e9l\u00e8ves b\u00e9n\u00e9ficiant d&rsquo;une notification d&rsquo;aide ? C&rsquo;est le (&#8230;)<br \/>\n&#8211;<br \/>\n<a href=\"http:\/\/86.snuipp.fr\/spip.php?rubrique111\" rel=\"directory\">LES ASSISTANTS D&rsquo;\u00c9DUCATION<\/a><br \/>\n\/<br \/>\n<a href=\"http:\/\/86.snuipp.fr\/spip.php?mot307\" rel=\"tag\">A.V.S<\/a><\/p>\n","protected":false},"author":1,"featured_media":0,"comment_status":"open","ping_status":"open","sticky":false,"template":"","format":"standard","meta":{"footnotes":""},"categories":[14],"tags":[],"class_list":["post-324","post","type-post","status-publish","format-standard","hentry","category-a-la-une"],"yoast_head":"<!-- This site is optimized with the Yoast SEO plugin v26.6 - https:\/\/yoast.com\/wordpress\/plugins\/seo\/ -->\n<title>CUI-CAE : Un coup d&#039;arr\u00eat aux contrats aid\u00e9s ! - FSU-SNUipp 86<\/title>\n<meta name=\"robots\" content=\"index, follow, max-snippet:-1, max-image-preview:large, max-video-preview:-1\" \/>\n<link rel=\"canonical\" href=\"https:\/\/snuipp86.fr\/index.php\/2017\/07\/12\/cui-cae-un-coup-darrt-aux-contrats-aids\/\" \/>\n<meta property=\"og:locale\" content=\"fr_FR\" \/>\n<meta property=\"og:type\" content=\"article\" \/>\n<meta property=\"og:title\" content=\"CUI-CAE : Un coup d&#039;arr\u00eat aux contrats aid\u00e9s ! - FSU-SNUipp 86\" \/>\n<meta property=\"og:description\" content=\"Communiqu\u00e9 national SNUipp-FSU \u00c0 la rentr\u00e9e prochaine dans de nombreux d\u00e9partements, des personnels en contrat aid\u00e9 ne seront pas reconduits. Leurs missions, tant d&#039;accompagnement des \u00e9l\u00e8ves en situation de handicap que d&#039;aide administrative \u00e0 la direction d&#039;\u00e9cole vont s&#039;achever du jour au lendemain. Comment d\u00e8s lors pr\u00e9parer la rentr\u00e9e dans de bonnes conditions ? Quelles r\u00e9percussions sur les \u00e9l\u00e8ves b\u00e9n\u00e9ficiant d&#039;une notification d&#039;aide ? C&#039;est le (...) - LES ASSISTANTS D&#039;\u00c9DUCATION \/ A.V.S\" \/>\n<meta property=\"og:url\" content=\"https:\/\/snuipp86.fr\/index.php\/2017\/07\/12\/cui-cae-un-coup-darrt-aux-contrats-aids\/\" \/>\n<meta property=\"og:site_name\" content=\"FSU-SNUipp 86\" \/>\n<meta property=\"article:published_time\" content=\"2017-07-12T12:08:52+00:00\" \/>\n<meta property=\"og:image\" content=\"http:\/\/snuipp86.fr\/wp-content\/spip\/IMG\/arton3313.jpg\" \/>\n<meta name=\"author\" content=\"WP86Admin\" \/>\n<meta name=\"twitter:card\" content=\"summary_large_image\" \/>\n<meta name=\"twitter:label1\" content=\"\u00c9crit par\" \/>\n\t<meta name=\"twitter:data1\" content=\"WP86Admin\" \/>\n\t<meta name=\"twitter:label2\" content=\"Dur\u00e9e de lecture estim\u00e9e\" \/>\n\t<meta name=\"twitter:data2\" content=\"2 minutes\" \/>\n<script type=\"application\/ld+json\" class=\"yoast-schema-graph\">{\"@context\":\"https:\/\/schema.org\",\"@graph\":[{\"@type\":\"WebPage\",\"@id\":\"https:\/\/snuipp86.fr\/index.php\/2017\/07\/12\/cui-cae-un-coup-darrt-aux-contrats-aids\/\",\"url\":\"https:\/\/snuipp86.fr\/index.php\/2017\/07\/12\/cui-cae-un-coup-darrt-aux-contrats-aids\/\",\"name\":\"CUI-CAE : Un coup d'arr\u00eat aux contrats aid\u00e9s ! - FSU-SNUipp 86\",\"isPartOf\":{\"@id\":\"https:\/\/snuipp86.fr\/#website\"},\"primaryImageOfPage\":{\"@id\":\"https:\/\/snuipp86.fr\/index.php\/2017\/07\/12\/cui-cae-un-coup-darrt-aux-contrats-aids\/#primaryimage\"},\"image\":{\"@id\":\"https:\/\/snuipp86.fr\/index.php\/2017\/07\/12\/cui-cae-un-coup-darrt-aux-contrats-aids\/#primaryimage\"},\"thumbnailUrl\":\"http:\/\/snuipp86.fr\/wp-content\/spip\/IMG\/arton3313.jpg\",\"datePublished\":\"2017-07-12T12:08:52+00:00\",\"author\":{\"@id\":\"https:\/\/snuipp86.fr\/#\/schema\/person\/901b28b9ae1c7a63a6a940102e52a7a2\"},\"breadcrumb\":{\"@id\":\"https:\/\/snuipp86.fr\/index.php\/2017\/07\/12\/cui-cae-un-coup-darrt-aux-contrats-aids\/#breadcrumb\"},\"inLanguage\":\"fr-FR\",\"potentialAction\":[{\"@type\":\"ReadAction\",\"target\":[\"https:\/\/snuipp86.fr\/index.php\/2017\/07\/12\/cui-cae-un-coup-darrt-aux-contrats-aids\/\"]}]},{\"@type\":\"ImageObject\",\"inLanguage\":\"fr-FR\",\"@id\":\"https:\/\/snuipp86.fr\/index.php\/2017\/07\/12\/cui-cae-un-coup-darrt-aux-contrats-aids\/#primaryimage\",\"url\":\"http:\/\/snuipp86.fr\/wp-content\/spip\/IMG\/arton3313.jpg\",\"contentUrl\":\"http:\/\/snuipp86.fr\/wp-content\/spip\/IMG\/arton3313.jpg\"},{\"@type\":\"BreadcrumbList\",\"@id\":\"https:\/\/snuipp86.fr\/index.php\/2017\/07\/12\/cui-cae-un-coup-darrt-aux-contrats-aids\/#breadcrumb\",\"itemListElement\":[{\"@type\":\"ListItem\",\"position\":1,\"name\":\"Accueil\",\"item\":\"https:\/\/snuipp86.fr\/\"},{\"@type\":\"ListItem\",\"position\":2,\"name\":\"CUI-CAE : Un coup d&#8217;arr\u00eat aux contrats aid\u00e9s !\"}]},{\"@type\":\"WebSite\",\"@id\":\"https:\/\/snuipp86.fr\/#website\",\"url\":\"https:\/\/snuipp86.fr\/\",\"name\":\"FSU-SNUipp 86\",\"description\":\"Des id\u00e9es qui font l&#039;\u00e9cole\",\"potentialAction\":[{\"@type\":\"SearchAction\",\"target\":{\"@type\":\"EntryPoint\",\"urlTemplate\":\"https:\/\/snuipp86.fr\/?s={search_term_string}\"},\"query-input\":{\"@type\":\"PropertyValueSpecification\",\"valueRequired\":true,\"valueName\":\"search_term_string\"}}],\"inLanguage\":\"fr-FR\"},{\"@type\":\"Person\",\"@id\":\"https:\/\/snuipp86.fr\/#\/schema\/person\/901b28b9ae1c7a63a6a940102e52a7a2\",\"name\":\"WP86Admin\",\"image\":{\"@type\":\"ImageObject\",\"inLanguage\":\"fr-FR\",\"@id\":\"https:\/\/snuipp86.fr\/#\/schema\/person\/image\/\",\"url\":\"https:\/\/secure.gravatar.com\/avatar\/0099845c7ec05dc10d777d8ab4f5142c5ba316283821af2459738ad469a37a1a?s=96&d=mm&r=g\",\"contentUrl\":\"https:\/\/secure.gravatar.com\/avatar\/0099845c7ec05dc10d777d8ab4f5142c5ba316283821af2459738ad469a37a1a?s=96&d=mm&r=g\",\"caption\":\"WP86Admin\"},\"url\":\"https:\/\/snuipp86.fr\/index.php\/author\/wp86admin\/\"}]}<\/script>\n<!-- \/ Yoast SEO plugin. -->","yoast_head_json":{"title":"CUI-CAE : Un coup d'arr\u00eat aux contrats aid\u00e9s ! - FSU-SNUipp 86","robots":{"index":"index","follow":"follow","max-snippet":"max-snippet:-1","max-image-preview":"max-image-preview:large","max-video-preview":"max-video-preview:-1"},"canonical":"https:\/\/snuipp86.fr\/index.php\/2017\/07\/12\/cui-cae-un-coup-darrt-aux-contrats-aids\/","og_locale":"fr_FR","og_type":"article","og_title":"CUI-CAE : Un coup d'arr\u00eat aux contrats aid\u00e9s ! - FSU-SNUipp 86","og_description":"Communiqu\u00e9 national SNUipp-FSU \u00c0 la rentr\u00e9e prochaine dans de nombreux d\u00e9partements, des personnels en contrat aid\u00e9 ne seront pas reconduits. Leurs missions, tant d'accompagnement des \u00e9l\u00e8ves en situation de handicap que d'aide administrative \u00e0 la direction d'\u00e9cole vont s'achever du jour au lendemain. Comment d\u00e8s lors pr\u00e9parer la rentr\u00e9e dans de bonnes conditions ? Quelles r\u00e9percussions sur les \u00e9l\u00e8ves b\u00e9n\u00e9ficiant d'une notification d'aide ? C'est le (...) - LES ASSISTANTS D'\u00c9DUCATION \/ A.V.S","og_url":"https:\/\/snuipp86.fr\/index.php\/2017\/07\/12\/cui-cae-un-coup-darrt-aux-contrats-aids\/","og_site_name":"FSU-SNUipp 86","article_published_time":"2017-07-12T12:08:52+00:00","og_image":[{"url":"http:\/\/snuipp86.fr\/wp-content\/spip\/IMG\/arton3313.jpg","type":"","width":"","height":""}],"author":"WP86Admin","twitter_card":"summary_large_image","twitter_misc":{"\u00c9crit par":"WP86Admin","Dur\u00e9e de lecture estim\u00e9e":"2 minutes"},"schema":{"@context":"https:\/\/schema.org","@graph":[{"@type":"WebPage","@id":"https:\/\/snuipp86.fr\/index.php\/2017\/07\/12\/cui-cae-un-coup-darrt-aux-contrats-aids\/","url":"https:\/\/snuipp86.fr\/index.php\/2017\/07\/12\/cui-cae-un-coup-darrt-aux-contrats-aids\/","name":"CUI-CAE : Un coup d'arr\u00eat aux contrats aid\u00e9s ! - FSU-SNUipp 86","isPartOf":{"@id":"https:\/\/snuipp86.fr\/#website"},"primaryImageOfPage":{"@id":"https:\/\/snuipp86.fr\/index.php\/2017\/07\/12\/cui-cae-un-coup-darrt-aux-contrats-aids\/#primaryimage"},"image":{"@id":"https:\/\/snuipp86.fr\/index.php\/2017\/07\/12\/cui-cae-un-coup-darrt-aux-contrats-aids\/#primaryimage"},"thumbnailUrl":"http:\/\/snuipp86.fr\/wp-content\/spip\/IMG\/arton3313.jpg","datePublished":"2017-07-12T12:08:52+00:00","author":{"@id":"https:\/\/snuipp86.fr\/#\/schema\/person\/901b28b9ae1c7a63a6a940102e52a7a2"},"breadcrumb":{"@id":"https:\/\/snuipp86.fr\/index.php\/2017\/07\/12\/cui-cae-un-coup-darrt-aux-contrats-aids\/#breadcrumb"},"inLanguage":"fr-FR","potentialAction":[{"@type":"ReadAction","target":["https:\/\/snuipp86.fr\/index.php\/2017\/07\/12\/cui-cae-un-coup-darrt-aux-contrats-aids\/"]}]},{"@type":"ImageObject","inLanguage":"fr-FR","@id":"https:\/\/snuipp86.fr\/index.php\/2017\/07\/12\/cui-cae-un-coup-darrt-aux-contrats-aids\/#primaryimage","url":"http:\/\/snuipp86.fr\/wp-content\/spip\/IMG\/arton3313.jpg","contentUrl":"http:\/\/snuipp86.fr\/wp-content\/spip\/IMG\/arton3313.jpg"},{"@type":"BreadcrumbList","@id":"https:\/\/snuipp86.fr\/index.php\/2017\/07\/12\/cui-cae-un-coup-darrt-aux-contrats-aids\/#breadcrumb","itemListElement":[{"@type":"ListItem","position":1,"name":"Accueil","item":"https:\/\/snuipp86.fr\/"},{"@type":"ListItem","position":2,"name":"CUI-CAE : Un coup d&#8217;arr\u00eat aux contrats aid\u00e9s !"}]},{"@type":"WebSite","@id":"https:\/\/snuipp86.fr\/#website","url":"https:\/\/snuipp86.fr\/","name":"FSU-SNUipp 86","description":"Des id\u00e9es qui font l&#039;\u00e9cole","potentialAction":[{"@type":"SearchAction","target":{"@type":"EntryPoint","urlTemplate":"https:\/\/snuipp86.fr\/?s={search_term_string}"},"query-input":{"@type":"PropertyValueSpecification","valueRequired":true,"valueName":"search_term_string"}}],"inLanguage":"fr-FR"},{"@type":"Person","@id":"https:\/\/snuipp86.fr\/#\/schema\/person\/901b28b9ae1c7a63a6a940102e52a7a2","name":"WP86Admin","image":{"@type":"ImageObject","inLanguage":"fr-FR","@id":"https:\/\/snuipp86.fr\/#\/schema\/person\/image\/","url":"https:\/\/secure.gravatar.com\/avatar\/0099845c7ec05dc10d777d8ab4f5142c5ba316283821af2459738ad469a37a1a?s=96&d=mm&r=g","contentUrl":"https:\/\/secure.gravatar.com\/avatar\/0099845c7ec05dc10d777d8ab4f5142c5ba316283821af2459738ad469a37a1a?s=96&d=mm&r=g","caption":"WP86Admin"},"url":"https:\/\/snuipp86.fr\/index.php\/author\/wp86admin\/"}]}},"_links":{"self":[{"href":"https:\/\/snuipp86.fr\/index.php\/wp-json\/wp\/v2\/posts\/324","targetHints":{"allow":["GET"]}}],"collection":[{"href":"https:\/\/snuipp86.fr\/index.php\/wp-json\/wp\/v2\/posts"}],"about":[{"href":"https:\/\/snuipp86.fr\/index.php\/wp-json\/wp\/v2\/types\/post"}],"author":[{"embeddable":true,"href":"https:\/\/snuipp86.fr\/index.php\/wp-json\/wp\/v2\/users\/1"}],"replies":[{"embeddable":true,"href":"https:\/\/snuipp86.fr\/index.php\/wp-json\/wp\/v2\/comments?post=324"}],"version-history":[{"count":0,"href":"https:\/\/snuipp86.fr\/index.php\/wp-json\/wp\/v2\/posts\/324\/revisions"}],"wp:attachment":[{"href":"https:\/\/snuipp86.fr\/index.php\/wp-json\/wp\/v2\/media?parent=324"}],"wp:term":[{"taxonomy":"category","embeddable":true,"href":"https:\/\/snuipp86.fr\/index.php\/wp-json\/wp\/v2\/categories?post=324"},{"taxonomy":"post_tag","embeddable":true,"href":"https:\/\/snuipp86.fr\/index.php\/wp-json\/wp\/v2\/tags?post=324"}],"curies":[{"name":"wp","href":"https:\/\/api.w.org\/{rel}","templated":true}]}}