{"id":328,"date":"2017-07-10T19:30:08","date_gmt":"2017-07-10T19:30:08","guid":{"rendered":"http:\/\/localhost\/wordpress\/2017\/07\/10\/rfrencement-ducation-nationale-le-ministre-fait-entrer-les-assurances-dans-le-jeu\/"},"modified":"2017-07-10T19:30:08","modified_gmt":"2017-07-10T19:30:08","slug":"rfrencement-ducation-nationale-le-ministre-fait-entrer-les-assurances-dans-le-jeu","status":"publish","type":"post","link":"https:\/\/snuipp86.fr\/index.php\/2017\/07\/10\/rfrencement-ducation-nationale-le-ministre-fait-entrer-les-assurances-dans-le-jeu\/","title":{"rendered":"R\u00e9f\u00e9rencement \u00c9ducation nationale : le minist\u00e8re fait entrer les assurances dans le jeu"},"content":{"rendered":"<div class='rss_texte'>\n<p class=\"spip\">Le 6 juillet, le minist\u00e8re de l&rsquo;\u00c9ducation nationale a annonc\u00e9 pour ses personnels, pour ceux des minist\u00e8res de l&rsquo;enseignement sup\u00e9rieur, de la recherche et de l&rsquo;innovation, de la culture et des sports, le r\u00e9f\u00e9rencement de trois organismes de protection sociale compl\u00e9mentaire.<\/p>\n<p class=\"spip\">Ce dispositif, mis en place au milieu des ann\u00e9es 2000, permet \u00e0 l&#8217;employeur public de participer au financement de la protection sociale compl\u00e9mentaire de ses agents tout en ob\u00e9issant aux principes concurrentiels impos\u00e9s par la Commission europ\u00e9enne.<\/p>\n<p class=\"spip\">Dans ce syst\u00e8me, les agents restent libre de leur choix, y compris de ne pas souscrire de couverture sant\u00e9 et\/ou pr\u00e9voyance compl\u00e9mentaire.<\/p>\n<p class=\"spip\">Lors de la premi\u00e8re phase, la MGEN, mutuelle professionnelle historique du monde \u00e9ducatif avait \u00e9t\u00e9 seule \u00e0 \u00eatre r\u00e9f\u00e9renc\u00e9e.<\/p>\n<p class=\"spip\">Aujourd&rsquo;hui, aux c\u00f4t\u00e9 de la MGEN qui reste r\u00e9f\u00e9renc\u00e9e, AXA-Interial et la CNP-assurances font leur entr\u00e9e et pourront proposer aux agents de ces minist\u00e8res une couverture compl\u00e9mentaire dite r\u00e9f\u00e9renc\u00e9e en sant\u00e9 et pr\u00e9voyance. Certes la MGEN conserve la gestion de l&rsquo;assurance maladie obligatoire, mais le financement de l&rsquo;\u00c9tat sur les offres r\u00e9f\u00e9renc\u00e9es est d\u00e9risoire. La possibilit\u00e9 pour deux op\u00e9rateurs venus du monde de l&rsquo;assurance de se pr\u00e9valoir du r\u00e9f\u00e9rencement de l&#8217;employeur risque d&rsquo;ouvrir une nouvelle phase de recul du mutualisme.<\/p>\n<p class=\"spip\">La volont\u00e9 annonc\u00e9e par le minist\u00e8re de r\u00e9f\u00e9rencer plusieurs organismes a \u00e9t\u00e9 d\u00e9nonc\u00e9e par la FSU. Le choix du minist\u00e8re pour un r\u00e9f\u00e9rencement multiple est lourd de cons\u00e9quences et pourrait aboutir \u00e0 un profond recul des solidarit\u00e9s inter-g\u00e9n\u00e9rationnelles en segmentant la population couverte entre op\u00e9rateurs diff\u00e9rents. La marchandisation de la protection sociale compl\u00e9mentaire est renforc\u00e9e et la concurrence entre les op\u00e9rateurs risque d&rsquo;\u00eatre exacerb\u00e9e, accroissant ainsi les frais de gestion et de communication.<\/p>\n<p class=\"spip\">Cette d\u00e9cision conclut un processus qui a \u00e9t\u00e9 men\u00e9 sans r\u00e9elle n\u00e9gociation et sans que les organisations syndicales repr\u00e9sentatives aient eu la possibilit\u00e9 d&rsquo;agir sur un cahier des charges qui en d\u00e9finitive organise un recul de la couverture r\u00e9f\u00e9renc\u00e9e en sant\u00e9 et pr\u00e9voyance des personnels de ces minist\u00e8res.<\/p>\n<p class=\"spip\">La FSU ne peut \u00eatre que constern\u00e9e et scandalis\u00e9e par le peu de cas qui est fait de la protection sociale compl\u00e9mentaire de 1,5 millions d&rsquo;agents et de leurs ayants droits.<\/p>\n<p class=\"spip\">La FSU continuera de porter l&rsquo;exigence d&rsquo;une protection sociale de haut niveau et solidaire.<\/p>\n<\/div>\n","protected":false},"excerpt":{"rendered":"<p>Le 6 juillet, le minist\u00e8re de l&rsquo;\u00c9ducation nationale a annonc\u00e9 pour ses personnels, pour ceux des minist\u00e8res de l&rsquo;enseignement sup\u00e9rieur, de la recherche et de l&rsquo;innovation, de la culture et des sports, le r\u00e9f\u00e9rencement de trois organismes de protection sociale compl\u00e9mentaire. <br \/>Ce dispositif, mis en place au milieu des ann\u00e9es 2000, permet \u00e0 l&#8217;employeur public de participer au financement de la protection sociale compl\u00e9mentaire de ses agents tout en ob\u00e9issant aux (&#8230;)<br \/>\n&#8211;<br \/>\n<a href=\"http:\/\/86.snuipp.fr\/spip.php?rubrique249\" rel=\"directory\">L&rsquo;ACTUALIT\u00c9<\/a><\/p>\n","protected":false},"author":1,"featured_media":0,"comment_status":"open","ping_status":"open","sticky":false,"template":"","format":"standard","meta":{"footnotes":""},"categories":[14],"tags":[],"class_list":["post-328","post","type-post","status-publish","format-standard","hentry","category-a-la-une"],"yoast_head":"<!-- This site is optimized with the Yoast SEO plugin v26.6 - https:\/\/yoast.com\/wordpress\/plugins\/seo\/ -->\n<title>R\u00e9f\u00e9rencement \u00c9ducation nationale : le minist\u00e8re fait entrer les assurances dans le jeu - FSU-SNUipp 86<\/title>\n<meta name=\"robots\" content=\"index, follow, max-snippet:-1, max-image-preview:large, max-video-preview:-1\" \/>\n<link rel=\"canonical\" href=\"https:\/\/snuipp86.fr\/index.php\/2017\/07\/10\/rfrencement-ducation-nationale-le-ministre-fait-entrer-les-assurances-dans-le-jeu\/\" \/>\n<meta property=\"og:locale\" content=\"fr_FR\" \/>\n<meta property=\"og:type\" content=\"article\" \/>\n<meta property=\"og:title\" content=\"R\u00e9f\u00e9rencement \u00c9ducation nationale : le minist\u00e8re fait entrer les assurances dans le jeu - FSU-SNUipp 86\" \/>\n<meta property=\"og:description\" content=\"Le 6 juillet, le minist\u00e8re de l&#039;\u00c9ducation nationale a annonc\u00e9 pour ses personnels, pour ceux des minist\u00e8res de l&#039;enseignement sup\u00e9rieur, de la recherche et de l&#039;innovation, de la culture et des sports, le r\u00e9f\u00e9rencement de trois organismes de protection sociale compl\u00e9mentaire. Ce dispositif, mis en place au milieu des ann\u00e9es 2000, permet \u00e0 l&#039;employeur public de participer au financement de la protection sociale compl\u00e9mentaire de ses agents tout en ob\u00e9issant aux (...) - L&#039;ACTUALIT\u00c9\" \/>\n<meta property=\"og:url\" content=\"https:\/\/snuipp86.fr\/index.php\/2017\/07\/10\/rfrencement-ducation-nationale-le-ministre-fait-entrer-les-assurances-dans-le-jeu\/\" \/>\n<meta property=\"og:site_name\" content=\"FSU-SNUipp 86\" \/>\n<meta property=\"article:published_time\" content=\"2017-07-10T19:30:08+00:00\" \/>\n<meta name=\"author\" content=\"WP86Admin\" \/>\n<meta name=\"twitter:card\" content=\"summary_large_image\" \/>\n<meta name=\"twitter:label1\" content=\"\u00c9crit par\" \/>\n\t<meta name=\"twitter:data1\" content=\"WP86Admin\" \/>\n\t<meta name=\"twitter:label2\" content=\"Dur\u00e9e de lecture estim\u00e9e\" \/>\n\t<meta name=\"twitter:data2\" content=\"2 minutes\" \/>\n<script type=\"application\/ld+json\" class=\"yoast-schema-graph\">{\"@context\":\"https:\/\/schema.org\",\"@graph\":[{\"@type\":\"WebPage\",\"@id\":\"https:\/\/snuipp86.fr\/index.php\/2017\/07\/10\/rfrencement-ducation-nationale-le-ministre-fait-entrer-les-assurances-dans-le-jeu\/\",\"url\":\"https:\/\/snuipp86.fr\/index.php\/2017\/07\/10\/rfrencement-ducation-nationale-le-ministre-fait-entrer-les-assurances-dans-le-jeu\/\",\"name\":\"R\u00e9f\u00e9rencement \u00c9ducation nationale : le minist\u00e8re fait entrer les assurances dans le jeu - FSU-SNUipp 86\",\"isPartOf\":{\"@id\":\"https:\/\/snuipp86.fr\/#website\"},\"datePublished\":\"2017-07-10T19:30:08+00:00\",\"author\":{\"@id\":\"https:\/\/snuipp86.fr\/#\/schema\/person\/901b28b9ae1c7a63a6a940102e52a7a2\"},\"breadcrumb\":{\"@id\":\"https:\/\/snuipp86.fr\/index.php\/2017\/07\/10\/rfrencement-ducation-nationale-le-ministre-fait-entrer-les-assurances-dans-le-jeu\/#breadcrumb\"},\"inLanguage\":\"fr-FR\",\"potentialAction\":[{\"@type\":\"ReadAction\",\"target\":[\"https:\/\/snuipp86.fr\/index.php\/2017\/07\/10\/rfrencement-ducation-nationale-le-ministre-fait-entrer-les-assurances-dans-le-jeu\/\"]}]},{\"@type\":\"BreadcrumbList\",\"@id\":\"https:\/\/snuipp86.fr\/index.php\/2017\/07\/10\/rfrencement-ducation-nationale-le-ministre-fait-entrer-les-assurances-dans-le-jeu\/#breadcrumb\",\"itemListElement\":[{\"@type\":\"ListItem\",\"position\":1,\"name\":\"Accueil\",\"item\":\"https:\/\/snuipp86.fr\/\"},{\"@type\":\"ListItem\",\"position\":2,\"name\":\"R\u00e9f\u00e9rencement \u00c9ducation nationale : le minist\u00e8re fait entrer les assurances dans le jeu\"}]},{\"@type\":\"WebSite\",\"@id\":\"https:\/\/snuipp86.fr\/#website\",\"url\":\"https:\/\/snuipp86.fr\/\",\"name\":\"FSU-SNUipp 86\",\"description\":\"Des id\u00e9es qui font l&#039;\u00e9cole\",\"potentialAction\":[{\"@type\":\"SearchAction\",\"target\":{\"@type\":\"EntryPoint\",\"urlTemplate\":\"https:\/\/snuipp86.fr\/?s={search_term_string}\"},\"query-input\":{\"@type\":\"PropertyValueSpecification\",\"valueRequired\":true,\"valueName\":\"search_term_string\"}}],\"inLanguage\":\"fr-FR\"},{\"@type\":\"Person\",\"@id\":\"https:\/\/snuipp86.fr\/#\/schema\/person\/901b28b9ae1c7a63a6a940102e52a7a2\",\"name\":\"WP86Admin\",\"image\":{\"@type\":\"ImageObject\",\"inLanguage\":\"fr-FR\",\"@id\":\"https:\/\/snuipp86.fr\/#\/schema\/person\/image\/\",\"url\":\"https:\/\/secure.gravatar.com\/avatar\/0099845c7ec05dc10d777d8ab4f5142c5ba316283821af2459738ad469a37a1a?s=96&d=mm&r=g\",\"contentUrl\":\"https:\/\/secure.gravatar.com\/avatar\/0099845c7ec05dc10d777d8ab4f5142c5ba316283821af2459738ad469a37a1a?s=96&d=mm&r=g\",\"caption\":\"WP86Admin\"},\"url\":\"https:\/\/snuipp86.fr\/index.php\/author\/wp86admin\/\"}]}<\/script>\n<!-- \/ Yoast SEO plugin. -->","yoast_head_json":{"title":"R\u00e9f\u00e9rencement \u00c9ducation nationale : le minist\u00e8re fait entrer les assurances dans le jeu - FSU-SNUipp 86","robots":{"index":"index","follow":"follow","max-snippet":"max-snippet:-1","max-image-preview":"max-image-preview:large","max-video-preview":"max-video-preview:-1"},"canonical":"https:\/\/snuipp86.fr\/index.php\/2017\/07\/10\/rfrencement-ducation-nationale-le-ministre-fait-entrer-les-assurances-dans-le-jeu\/","og_locale":"fr_FR","og_type":"article","og_title":"R\u00e9f\u00e9rencement \u00c9ducation nationale : le minist\u00e8re fait entrer les assurances dans le jeu - FSU-SNUipp 86","og_description":"Le 6 juillet, le minist\u00e8re de l'\u00c9ducation nationale a annonc\u00e9 pour ses personnels, pour ceux des minist\u00e8res de l'enseignement sup\u00e9rieur, de la recherche et de l'innovation, de la culture et des sports, le r\u00e9f\u00e9rencement de trois organismes de protection sociale compl\u00e9mentaire. Ce dispositif, mis en place au milieu des ann\u00e9es 2000, permet \u00e0 l'employeur public de participer au financement de la protection sociale compl\u00e9mentaire de ses agents tout en ob\u00e9issant aux (...) - L'ACTUALIT\u00c9","og_url":"https:\/\/snuipp86.fr\/index.php\/2017\/07\/10\/rfrencement-ducation-nationale-le-ministre-fait-entrer-les-assurances-dans-le-jeu\/","og_site_name":"FSU-SNUipp 86","article_published_time":"2017-07-10T19:30:08+00:00","author":"WP86Admin","twitter_card":"summary_large_image","twitter_misc":{"\u00c9crit par":"WP86Admin","Dur\u00e9e de lecture estim\u00e9e":"2 minutes"},"schema":{"@context":"https:\/\/schema.org","@graph":[{"@type":"WebPage","@id":"https:\/\/snuipp86.fr\/index.php\/2017\/07\/10\/rfrencement-ducation-nationale-le-ministre-fait-entrer-les-assurances-dans-le-jeu\/","url":"https:\/\/snuipp86.fr\/index.php\/2017\/07\/10\/rfrencement-ducation-nationale-le-ministre-fait-entrer-les-assurances-dans-le-jeu\/","name":"R\u00e9f\u00e9rencement \u00c9ducation nationale : le minist\u00e8re fait entrer les assurances dans le jeu - FSU-SNUipp 86","isPartOf":{"@id":"https:\/\/snuipp86.fr\/#website"},"datePublished":"2017-07-10T19:30:08+00:00","author":{"@id":"https:\/\/snuipp86.fr\/#\/schema\/person\/901b28b9ae1c7a63a6a940102e52a7a2"},"breadcrumb":{"@id":"https:\/\/snuipp86.fr\/index.php\/2017\/07\/10\/rfrencement-ducation-nationale-le-ministre-fait-entrer-les-assurances-dans-le-jeu\/#breadcrumb"},"inLanguage":"fr-FR","potentialAction":[{"@type":"ReadAction","target":["https:\/\/snuipp86.fr\/index.php\/2017\/07\/10\/rfrencement-ducation-nationale-le-ministre-fait-entrer-les-assurances-dans-le-jeu\/"]}]},{"@type":"BreadcrumbList","@id":"https:\/\/snuipp86.fr\/index.php\/2017\/07\/10\/rfrencement-ducation-nationale-le-ministre-fait-entrer-les-assurances-dans-le-jeu\/#breadcrumb","itemListElement":[{"@type":"ListItem","position":1,"name":"Accueil","item":"https:\/\/snuipp86.fr\/"},{"@type":"ListItem","position":2,"name":"R\u00e9f\u00e9rencement \u00c9ducation nationale : le minist\u00e8re fait entrer les assurances dans le jeu"}]},{"@type":"WebSite","@id":"https:\/\/snuipp86.fr\/#website","url":"https:\/\/snuipp86.fr\/","name":"FSU-SNUipp 86","description":"Des id\u00e9es qui font l&#039;\u00e9cole","potentialAction":[{"@type":"SearchAction","target":{"@type":"EntryPoint","urlTemplate":"https:\/\/snuipp86.fr\/?s={search_term_string}"},"query-input":{"@type":"PropertyValueSpecification","valueRequired":true,"valueName":"search_term_string"}}],"inLanguage":"fr-FR"},{"@type":"Person","@id":"https:\/\/snuipp86.fr\/#\/schema\/person\/901b28b9ae1c7a63a6a940102e52a7a2","name":"WP86Admin","image":{"@type":"ImageObject","inLanguage":"fr-FR","@id":"https:\/\/snuipp86.fr\/#\/schema\/person\/image\/","url":"https:\/\/secure.gravatar.com\/avatar\/0099845c7ec05dc10d777d8ab4f5142c5ba316283821af2459738ad469a37a1a?s=96&d=mm&r=g","contentUrl":"https:\/\/secure.gravatar.com\/avatar\/0099845c7ec05dc10d777d8ab4f5142c5ba316283821af2459738ad469a37a1a?s=96&d=mm&r=g","caption":"WP86Admin"},"url":"https:\/\/snuipp86.fr\/index.php\/author\/wp86admin\/"}]}},"_links":{"self":[{"href":"https:\/\/snuipp86.fr\/index.php\/wp-json\/wp\/v2\/posts\/328","targetHints":{"allow":["GET"]}}],"collection":[{"href":"https:\/\/snuipp86.fr\/index.php\/wp-json\/wp\/v2\/posts"}],"about":[{"href":"https:\/\/snuipp86.fr\/index.php\/wp-json\/wp\/v2\/types\/post"}],"author":[{"embeddable":true,"href":"https:\/\/snuipp86.fr\/index.php\/wp-json\/wp\/v2\/users\/1"}],"replies":[{"embeddable":true,"href":"https:\/\/snuipp86.fr\/index.php\/wp-json\/wp\/v2\/comments?post=328"}],"version-history":[{"count":0,"href":"https:\/\/snuipp86.fr\/index.php\/wp-json\/wp\/v2\/posts\/328\/revisions"}],"wp:attachment":[{"href":"https:\/\/snuipp86.fr\/index.php\/wp-json\/wp\/v2\/media?parent=328"}],"wp:term":[{"taxonomy":"category","embeddable":true,"href":"https:\/\/snuipp86.fr\/index.php\/wp-json\/wp\/v2\/categories?post=328"},{"taxonomy":"post_tag","embeddable":true,"href":"https:\/\/snuipp86.fr\/index.php\/wp-json\/wp\/v2\/tags?post=328"}],"curies":[{"name":"wp","href":"https:\/\/api.w.org\/{rel}","templated":true}]}}