{"id":352,"date":"2017-06-08T10:56:00","date_gmt":"2017-06-08T10:56:00","guid":{"rendered":"http:\/\/localhost\/wordpress\/2017\/06\/08\/mouvement-2017-le-snuipp-fsu-86-vous-aide\/"},"modified":"2017-06-08T10:56:00","modified_gmt":"2017-06-08T10:56:00","slug":"mouvement-2017-le-snuipp-fsu-86-vous-aide","status":"publish","type":"post","link":"https:\/\/snuipp86.fr\/index.php\/2017\/06\/08\/mouvement-2017-le-snuipp-fsu-86-vous-aide\/","title":{"rendered":"Mouvement 2017 : le SNUipp-FSU 86 vous aide"},"content":{"rendered":"<p><img decoding=\"async\" src=\"https:\/\/snuipp86.fr\/wp-content\/spip\/IMG\/arton3238.jpg\" alt=\"\" align=\"right\" width=\"150\" height=\"153\" class=\"spip_logos\" \/><\/p>\n<div class='rss_texte'>\n<h3 class=\"spip\" id=\"outil_sommaire_0\"><a title=\"Sommaire\" href=\"http:\/\/86.snuipp.fr\/spip.php?page=backend&#038;id_rubrique=#outil_sommaire\" class=\"sommaire_ancre\"> <\/a>Mouvement 2017 en Vienne (86) : les aides du SNUipp-FSU 86<\/h3>\n<dl class='spip_document_2598 spip_documents spip_documents_center' >\n<dt><img src='https:\/\/snuipp86.fr\/wp-content\/spip\/cache-vignettes\/L300xH218\/Perdu_pour_le_mouvement_NON_grace_au_SNUipp-2-fa15a.jpg' width='300' height='218' alt='JPEG - 91.6 ko' style='height:218px;width:300px;' class='' \/><\/dt>\n<dt class='spip_doc_titre' style='width:300px;'><strong>Perdu_pour_le_mouvement_NON_grace_au_SNUipp<\/strong><\/dt>\n<\/dl>\n<p class=\"spip\">La circulaire est parue , <a href=\"https:\/\/www.intra.ac-poitiers.fr\/mes-rubriques\/mouvement-departemental-1er-degre-86-2017-238397.kjsp?RH=1192696847494\" class=\"spip_out\">retrouvez l\u00e0 sur ce lien<\/a><\/p>\n<p class=\"spip\">Un bulletin sp\u00e9cifique est arriv\u00e9 dans les \u00e9coles pendant les vacances<br \/>\n<strong class=\"spip\">La saisie des v\u0153ux s&rsquo;effectuera du lundi 27 mars au mercredi 5 avril.<\/strong><\/p>\n<p class=\"spip\"><img decoding=\"async\" src=\"https:\/\/snuipp86.fr\/wp-content\/spip\/cache-vignettes\/L8xH11\/puce-68c92.gif\" width='8' height='11' alt=\"-\" style='height:11px;width:8px;' class='' \/> Le site e-mouvement<br \/>\n<br \/><img decoding=\"async\" src=\"https:\/\/snuipp86.fr\/wp-content\/spip\/cache-vignettes\/L8xH11\/puce-68c92.gif\" width='8' height='11' alt=\"-\" style='height:11px;width:8px;' class='' \/> Op\u00e9ration transparence et <strong class=\"spip\">liste des postes indiqu\u00e9s par les coll\u00e8gues susceptibles d&rsquo;\u00eatre vacants<\/strong><br \/>\n<br \/><img decoding=\"async\" src=\"https:\/\/snuipp86.fr\/wp-content\/spip\/cache-vignettes\/L8xH11\/puce-68c92.gif\" width='8' height='11' alt=\"-\" style='height:11px;width:8px;' class='' \/> Les permanences mouvement<br \/>\n<br \/><img decoding=\"async\" src=\"https:\/\/snuipp86.fr\/wp-content\/spip\/cache-vignettes\/L8xH11\/puce-68c92.gif\" width='8' height='11' alt=\"-\" style='height:11px;width:8px;' class='' \/> Le calendrier<\/p>\n<hr class=\"spip\" \/>\n<h3 class=\"spip\" id=\"outil_sommaire_1\"><a title=\"Sommaire\" href=\"http:\/\/86.snuipp.fr\/spip.php?page=backend&#038;id_rubrique=#outil_sommaire\" class=\"sommaire_ancre\"> <\/a>Le site e-mouvement 86<\/h3>\n<p class=\"spip\">Retrouvez sur le lien suivant notre site e-mouvement avec toutes les r\u00e8gles, les circulaires, un calculateur de bar\u00e8me, les r\u00e9sultats et statistiques des ann\u00e9es pr\u00e9c\u00e9dentes, les adresses des communes, les calendriers, les fiches de contr\u00f4le (aussi ci-dessous)<\/p>\n<p class=\"spip\"><a href=\"http:\/\/e-mouvement.snuipp.fr\/86\/accueil\" class=\"spip_out\">LIEN VERS LE SITE E-MOUVEMENT 86<\/a><\/p>\n<p class=\"spip\"><img decoding=\"async\" src=\"https:\/\/snuipp86.fr\/wp-content\/spip\/cache-vignettes\/L8xH11\/puce-68c92.gif\" width='8' height='11' alt=\"-\" style='height:11px;width:8px;' class='' \/> fiche de contr\u00f4le<\/p>\n<dl class='spip_document_2601 spip_documents spip_documents_center' >\n<dt><a href=\"https:\/\/snuipp86.fr\/wp-content\/spip\/IMG\/pdf\/fiche_MVT_2017-2.pdf\" title='PDF - 1 Mo' type=\"application\/pdf\"><img src='https:\/\/snuipp86.fr\/wp-content\/spip\/cache-vignettes\/L52xH52\/pdf-d7486.png' width='52' height='52' alt='PDF - 1 Mo' style='height:52px;width:52px;' class=' format_png' \/><\/a><\/dt>\n<dt class='spip_doc_titre' style='width:120px;'><strong>fiche MVT 2017<\/strong><\/dt>\n<\/dl>\n<p class=\"spip\"><img decoding=\"async\" src=\"https:\/\/snuipp86.fr\/wp-content\/spip\/cache-vignettes\/L8xH11\/puce-68c92.gif\" width='8' height='11' alt=\"-\" style='height:11px;width:8px;' class='' \/> fiche de contr\u00f4le de ceux\/celles qui int\u00e8grent la Vienne :<\/p>\n<dl class='spip_document_2599 spip_documents spip_documents_center' >\n<dt><a href=\"https:\/\/snuipp86.fr\/wp-content\/spip\/IMG\/pdf\/fiche_entrants_2017-2.pdf\" title='PDF - 897.3 ko' type=\"application\/pdf\"><img src='https:\/\/snuipp86.fr\/wp-content\/spip\/cache-vignettes\/L52xH52\/pdf-d7486.png' width='52' height='52' alt='PDF - 897.3 ko' style='height:52px;width:52px;' class=' format_png' \/><\/a><\/dt>\n<dt class='spip_doc_titre' style='width:120px;'><strong>fiche entrants 2017<\/strong><\/dt>\n<\/dl>\n<p class=\"spip\"><img decoding=\"async\" src=\"https:\/\/snuipp86.fr\/wp-content\/spip\/cache-vignettes\/L8xH11\/puce-68c92.gif\" width='8' height='11' alt=\"-\" style='height:11px;width:8px;' class='' \/> fiche de contr\u00f4le des PES :<\/p>\n<dl class='spip_document_2600 spip_documents spip_documents_center' >\n<dt><a href=\"https:\/\/snuipp86.fr\/wp-content\/spip\/IMG\/pdf\/fiche_PES_2017_-2.pdf\" title='PDF - 498.3 ko' type=\"application\/pdf\"><img src='https:\/\/snuipp86.fr\/wp-content\/spip\/cache-vignettes\/L52xH52\/pdf-d7486.png' width='52' height='52' alt='PDF - 498.3 ko' style='height:52px;width:52px;' class=' format_png' \/><\/a><\/dt>\n<dt class='spip_doc_titre' style='width:120px;'><strong>fiche PES 2017 <\/strong><\/dt>\n<\/dl>\n<hr class=\"spip\" \/>\n<h3 class=\"spip\" id=\"outil_sommaire_2\"><a title=\"Sommaire\" href=\"http:\/\/86.snuipp.fr\/spip.php?page=backend&#038;id_rubrique=#outil_sommaire\" class=\"sommaire_ancre\"> <\/a>Op\u00e9ration transparence<\/h3>\n<p class=\"spip\">Les postes vacants pour le mouvement seront publi\u00e9s par l&rsquo;administration le 27 mars. D&rsquo;ici l\u00e0, le SNUipp-FSU 86 propose aux coll\u00e8gues affect\u00e9s \u00e0 TD dans une \u00e9cole d&rsquo;indiquer leur intention de muter. L&rsquo;objectif est bien de dresser ensemble une liste de postes susceptibles d&rsquo;\u00eatre vacants, liste que nous souhaitons \u00eatre la plus fiable possible. C&rsquo;est donc \u00e0 un exercice de solidarit\u00e9 que le SNUipp\/FSU 86, qui n&rsquo;a de cesse de pr\u00e9server le maximum de transparence et d&rsquo;\u00e9quit\u00e9 pour tous, propose aux coll\u00e8gues titulaires d&rsquo;un poste et souhaitant participer au mouvement de s&rsquo;inscrire sur notre site.<\/p>\n<p class=\"spip\"><strong class=\"spip\"><br \/>\nLES POSTES SERONT ANONYMES<\/strong><\/p>\n<p class=\"spip\">De plus, vous pourrez, si vous le souhaitez, commenter votre poste et donner des indications pratiques sur votre \u00e9cole (horaires &#8230;)<\/p>\n<p class=\"spip\">cliquez sur le lien suivant<\/p>\n<p class=\"spip\"><strong class=\"spip\"><a href=\"http:\/\/86mouvement.snuipp.fr\/mouvements\" class=\"spip_out\"> http:\/\/86mouvement.snuipp.fr\/mouvements<\/a><br \/>\n<\/strong><\/p>\n<p class=\"spip\"><img decoding=\"async\" src=\"https:\/\/snuipp86.fr\/wp-content\/spip\/cache-vignettes\/L8xH11\/puce-68c92.gif\" width='8' height='11' alt=\"-\" style='height:11px;width:8px;' class='' \/> pour publier : menu publier mon poste<br \/>\n<br \/><img decoding=\"async\" src=\"https:\/\/snuipp86.fr\/wp-content\/spip\/cache-vignettes\/L8xH11\/puce-68c92.gif\" width='8' height='11' alt=\"-\" style='height:11px;width:8px;' class='' \/> <strong class=\"spip\">pour consulter : menu tableau des postes<\/strong><\/p>\n<p class=\"spip\">Vous pouvez inciter les coll\u00e8gues qui pensent participer au mouvement \u00e0 publier leur poste dans cet outil. Le SNUipp\/FSU 86 vous remercie de participer \u00e0 cette initiative.<\/p>\n<p class=\"spip\">&#8212;&#8212;&#8212;&#8212;&#8212;&#8212;&#8212;&#8212;&#8212;-<\/p>\n<h3 class=\"spip\" id=\"outil_sommaire_3\"><a title=\"Sommaire\" href=\"http:\/\/86.snuipp.fr\/spip.php?page=backend&#038;id_rubrique=#outil_sommaire\" class=\"sommaire_ancre\"> <\/a>PERMANENCES DU SNUIPP-FSU 86<\/h3>\n<p class=\"spip\"><strong class=\"spip\"><br \/>\nESPE Poitiers &#8211; sp\u00e9cial PES<\/strong> &#8211;<\/p>\n<p class=\"spip\"><img decoding=\"async\" src=\"https:\/\/snuipp86.fr\/wp-content\/spip\/cache-vignettes\/L8xH11\/puce-68c92.gif\" width='8' height='11' alt=\"-\" style='height:11px;width:8px;' class='' \/> mardi 21 mars, \u00e0 15:45 Salle 005<\/p>\n<p class=\"spip\"><img decoding=\"async\" src=\"https:\/\/snuipp86.fr\/wp-content\/spip\/cache-vignettes\/L8xH11\/puce-68c92.gif\" width='8' height='11' alt=\"-\" style='height:11px;width:8px;' class='' \/> jeudi 23 mars, \u00e0 10:15 Salle 005<\/p>\n<p class=\"spip\"><strong class=\"spip\">Poitiers , \u00e0 la maison syndicale 16 avenue du parc d&rsquo;artillerie<\/strong><\/p>\n<p class=\"spip\"><img decoding=\"async\" src=\"https:\/\/snuipp86.fr\/wp-content\/spip\/cache-vignettes\/L8xH11\/puce-68c92.gif\" width='8' height='11' alt=\"-\" style='height:11px;width:8px;' class='' \/> Lundi 27 , mardi 28 et jeudi 30, vendredi 31 mars, lundi 3 et mardi 4 avril jusqu&rsquo;\u00e0 18h.<\/p>\n<p class=\"spip\"><img decoding=\"async\" src=\"https:\/\/snuipp86.fr\/wp-content\/spip\/cache-vignettes\/L8xH11\/puce-68c92.gif\" width='8' height='11' alt=\"-\" style='height:11px;width:8px;' class='' \/> Mercredis 29 mars et 5 avril de 13h30 \u00e0 17h30<\/p>\n<p class=\"spip\"><strong class=\"spip\"><br \/>\nNaintr\u00e9<\/strong><\/p>\n<p class=\"spip\">A Franck : \u00e9cole \u00e9l\u00e9mentaire<br \/>\nLundi 27 mars \u00e0 16h30<\/p>\n<p class=\"spip\"><strong class=\"spip\">Lenclo\u00eetre<\/strong><\/p>\n<p class=\"spip\">\u00c9cole \u00e9l\u00e9mentaire Mardi 28 mars \u00e0 16h00<\/p>\n<p class=\"spip\"><strong class=\"spip\"><br \/>\nLussac<\/strong><\/p>\n<p class=\"spip\">\u00e9cole \u00e9l\u00e9mentaire, Lundi 3 Avril \u00e0 16h00<\/p>\n<p class=\"spip\"><strong class=\"spip\">Vivonne<\/strong><\/p>\n<p class=\"spip\">\u00e9cole \u00e9l\u00e9mentaire , Mardi 4 avril \u00e0 16h15<\/p>\n<hr class=\"spip\" \/>\n<h3 class=\"spip\" id=\"outil_sommaire_4\"><a title=\"Sommaire\" href=\"http:\/\/86.snuipp.fr\/spip.php?page=backend&#038;id_rubrique=#outil_sommaire\" class=\"sommaire_ancre\"> <\/a>Calendrier du mouvement<\/h3>\n<p class=\"spip\"><img decoding=\"async\" src=\"https:\/\/snuipp86.fr\/wp-content\/spip\/cache-vignettes\/L8xH11\/puce-68c92.gif\" width='8' height='11' alt=\"-\" style='height:11px;width:8px;' class='' \/> Publication des listes : des postes vacants, des postes susceptibles d&rsquo;\u00eatre vacants, des postes \u00e0 conditions particuli\u00e8res d&rsquo;exercice. Lundi 27 mars 2017<\/p>\n<p class=\"spip\"><img decoding=\"async\" src=\"https:\/\/snuipp86.fr\/wp-content\/spip\/cache-vignettes\/L8xH11\/puce-68c92.gif\" width='8' height='11' alt=\"-\" style='height:11px;width:8px;' class='' \/> Saisie des v\u0153ux de mutation sur SIAM Du lundi 27 mars matin au mercredi 5 avril \u00e0 minuit<\/p>\n<p class=\"spip\"><img decoding=\"async\" src=\"https:\/\/snuipp86.fr\/wp-content\/spip\/cache-vignettes\/L8xH11\/puce-68c92.gif\" width='8' height='11' alt=\"-\" style='height:11px;width:8px;' class='' \/> Entretiens pr\u00e9alables pour les postes \u00e0 responsabilit\u00e9s particuli\u00e8res Avril &#8211; Mai 2017<\/p>\n<p class=\"spip\"><img decoding=\"async\" src=\"https:\/\/snuipp86.fr\/wp-content\/spip\/cache-vignettes\/L8xH11\/puce-68c92.gif\" width='8' height='11' alt=\"-\" style='height:11px;width:8px;' class='' \/> Envoi des accus\u00e9s de r\u00e9ception avec les \u00e9l\u00e9ments de bar\u00e8me Mercredi 12 avril 2017<\/p>\n<p class=\"spip\"><img decoding=\"async\" src=\"https:\/\/snuipp86.fr\/wp-content\/spip\/cache-vignettes\/L8xH11\/puce-68c92.gif\" width='8' height='11' alt=\"-\" style='height:11px;width:8px;' class='' \/> Date limite de r\u00e9ception des demandes de v\u00e9rification de bar\u00e8me Mercredi 19 avril 2017<\/p>\n<p class=\"spip\"><img decoding=\"async\" src=\"https:\/\/snuipp86.fr\/wp-content\/spip\/cache-vignettes\/L8xH11\/puce-68c92.gif\" width='8' height='11' alt=\"-\" style='height:11px;width:8px;' class='' \/> CAPD \u2013 Modifications de bar\u00e8mes &#8211; Etude des situations particuli\u00e8res et des demandes au titre du handicap Vendredi 5 mai 2017<\/p>\n<p class=\"spip\"><img decoding=\"async\" src=\"https:\/\/snuipp86.fr\/wp-content\/spip\/cache-vignettes\/L8xH11\/puce-68c92.gif\" width='8' height='11' alt=\"-\" style='height:11px;width:8px;' class='' \/> Groupe de travail pr\u00e9paratoire \u00e0 la CAPD Vendredi 12 mai 2017<\/p>\n<p class=\"spip\"><img decoding=\"async\" src=\"https:\/\/snuipp86.fr\/wp-content\/spip\/cache-vignettes\/L8xH11\/puce-68c92.gif\" width='8' height='11' alt=\"-\" style='height:11px;width:8px;' class='' \/> CAPD \u2013 1\u00e8re phase du mouvement d\u00e9partemental Vendredi 19 mai 2017<\/p>\n<p class=\"spip\"><img decoding=\"async\" src=\"https:\/\/snuipp86.fr\/wp-content\/spip\/cache-vignettes\/L8xH11\/puce-68c92.gif\" width='8' height='11' alt=\"-\" style='height:11px;width:8px;' class='' \/> Groupe de travail : postes fractionn\u00e9s Jeudi 1er juin 2017 , Vendredi 2 juin 2017<\/p>\n<p class=\"spip\"><img decoding=\"async\" src=\"https:\/\/snuipp86.fr\/wp-content\/spip\/cache-vignettes\/L8xH11\/puce-68c92.gif\" width='8' height='11' alt=\"-\" style='height:11px;width:8px;' class='' \/> CAPD interm\u00e9diaire \u2013 affectations provisoires Mardi 6 juin 2017<\/p>\n<p class=\"spip\"><img decoding=\"async\" src=\"https:\/\/snuipp86.fr\/wp-content\/spip\/cache-vignettes\/L8xH11\/puce-68c92.gif\" width='8' height='11' alt=\"-\" style='height:11px;width:8px;' class='' \/> Publication de la liste des postes vacants Mardi 13 juin 2017<\/p>\n<p class=\"spip\"><img decoding=\"async\" src=\"https:\/\/snuipp86.fr\/wp-content\/spip\/cache-vignettes\/L8xH11\/puce-68c92.gif\" width='8' height='11' alt=\"-\" style='height:11px;width:8px;' class='' \/> Saisie des v\u0153ux de mutation sur SIAM Du mardi 13 juin 2017 au jeudi 15 juin 2017<\/p>\n<p class=\"spip\"><img decoding=\"async\" src=\"https:\/\/snuipp86.fr\/wp-content\/spip\/cache-vignettes\/L8xH11\/puce-68c92.gif\" width='8' height='11' alt=\"-\" style='height:11px;width:8px;' class='' \/> CAPD \u2013 2\u00e8me phase du mouvement d\u00e9partemental Mardi 27 juin 2017<\/p>\n<p class=\"spip\"><img decoding=\"async\" src=\"https:\/\/snuipp86.fr\/wp-content\/spip\/cache-vignettes\/L8xH11\/puce-68c92.gif\" width='8' height='11' alt=\"-\" style='height:11px;width:8px;' class='' \/> CAPD \u2013 phase ajustement &#8211; R\u00e9visions d&rsquo;affectation \u2013 PES en renouvellement de stage Mardi 4 juillet 2017<\/p>\n<p class=\"spip\"><img decoding=\"async\" src=\"https:\/\/snuipp86.fr\/wp-content\/spip\/cache-vignettes\/L8xH11\/puce-68c92.gif\" width='8' height='11' alt=\"-\" style='height:11px;width:8px;' class='' \/> CAPD \u2013 Affectations de rentr\u00e9e Mardi 5 septembre 2017<\/p>\n<p class=\"spip\"><i class=\"spip\"><\/p>\n<h3 class=\"spip\" id=\"outil_sommaire_5\"><a title=\"Sommaire\" href=\"http:\/\/86.snuipp.fr\/spip.php?page=backend&#038;id_rubrique=#outil_sommaire\" class=\"sommaire_ancre\"> <\/a>N&rsquo;h\u00e9sitez pas \u00e0 nous contacter pour toutes questions ou interrogations.<br \/>\nA bient\u00f4t Vos repr\u00e9sentant-e-s du SNUipp-FSU 86<\/h3>\n<p class=\"spip\"><\/i><\/p>\n<\/div>\n","protected":false},"excerpt":{"rendered":"<p>Mouvement 2017 en Vienne (86) : les aides du SNUipp-FSU 86 <br \/>La circulaire est parue , retrouvez l\u00e0 sur ce lien <br \/>Un bulletin sp\u00e9cifique est arriv\u00e9 dans les \u00e9coles pendant les vacances La saisie des v\u0153ux s&rsquo;effectuera du lundi 27 mars au mercredi 5 avril. <br \/>Le site e-mouvement <br \/>Op\u00e9ration transparence et liste des postes indiqu\u00e9s par les coll\u00e8gues susceptibles d&rsquo;\u00eatre vacants <br \/>Les permanences mouvement <br \/>Le calendrier <br \/>Le site e-mouvement 86 <br \/>Retrouvez sur le lien suivant notre site (&#8230;)<br \/>\n&#8211;<br \/>\n<a href=\"http:\/\/86.snuipp.fr\/spip.php?rubrique117\" rel=\"directory\">Mouvement des personnels &#8211; <\/a><br \/>\n\/<br \/>\n<a href=\"http:\/\/86.snuipp.fr\/spip.php?mot306\" rel=\"tag\">Mouvement<\/a><\/p>\n","protected":false},"author":1,"featured_media":0,"comment_status":"open","ping_status":"open","sticky":false,"template":"","format":"standard","meta":{"footnotes":""},"categories":[14],"tags":[],"class_list":["post-352","post","type-post","status-publish","format-standard","hentry","category-a-la-une"],"yoast_head":"<!-- This site is optimized with the Yoast SEO plugin v26.6 - https:\/\/yoast.com\/wordpress\/plugins\/seo\/ -->\n<title>Mouvement 2017 : le SNUipp-FSU 86 vous aide - FSU-SNUipp 86<\/title>\n<meta name=\"robots\" content=\"index, follow, max-snippet:-1, max-image-preview:large, max-video-preview:-1\" \/>\n<link rel=\"canonical\" href=\"https:\/\/snuipp86.fr\/index.php\/2017\/06\/08\/mouvement-2017-le-snuipp-fsu-86-vous-aide\/\" \/>\n<meta property=\"og:locale\" content=\"fr_FR\" \/>\n<meta property=\"og:type\" content=\"article\" \/>\n<meta property=\"og:title\" content=\"Mouvement 2017 : le SNUipp-FSU 86 vous aide - FSU-SNUipp 86\" \/>\n<meta property=\"og:description\" content=\"Mouvement 2017 en Vienne (86) : les aides du SNUipp-FSU 86 La circulaire est parue , retrouvez l\u00e0 sur ce lien Un bulletin sp\u00e9cifique est arriv\u00e9 dans les \u00e9coles pendant les vacances La saisie des v\u0153ux s&#039;effectuera du lundi 27 mars au mercredi 5 avril. Le site e-mouvement Op\u00e9ration transparence et liste des postes indiqu\u00e9s par les coll\u00e8gues susceptibles d&#039;\u00eatre vacants Les permanences mouvement Le calendrier Le site e-mouvement 86 Retrouvez sur le lien suivant notre site (...) - Mouvement des personnels - \/ Mouvement\" \/>\n<meta property=\"og:url\" content=\"https:\/\/snuipp86.fr\/index.php\/2017\/06\/08\/mouvement-2017-le-snuipp-fsu-86-vous-aide\/\" \/>\n<meta property=\"og:site_name\" content=\"FSU-SNUipp 86\" \/>\n<meta property=\"article:published_time\" content=\"2017-06-08T10:56:00+00:00\" \/>\n<meta property=\"og:image\" content=\"http:\/\/snuipp86.fr\/wp-content\/spip\/IMG\/arton3238.jpg\" \/>\n<meta name=\"author\" content=\"WP86Admin\" \/>\n<meta name=\"twitter:card\" content=\"summary_large_image\" \/>\n<meta name=\"twitter:label1\" content=\"\u00c9crit par\" \/>\n\t<meta name=\"twitter:data1\" content=\"WP86Admin\" \/>\n\t<meta name=\"twitter:label2\" content=\"Dur\u00e9e de lecture estim\u00e9e\" \/>\n\t<meta name=\"twitter:data2\" content=\"3 minutes\" \/>\n<script type=\"application\/ld+json\" class=\"yoast-schema-graph\">{\"@context\":\"https:\/\/schema.org\",\"@graph\":[{\"@type\":\"WebPage\",\"@id\":\"https:\/\/snuipp86.fr\/index.php\/2017\/06\/08\/mouvement-2017-le-snuipp-fsu-86-vous-aide\/\",\"url\":\"https:\/\/snuipp86.fr\/index.php\/2017\/06\/08\/mouvement-2017-le-snuipp-fsu-86-vous-aide\/\",\"name\":\"Mouvement 2017 : le SNUipp-FSU 86 vous aide - FSU-SNUipp 86\",\"isPartOf\":{\"@id\":\"https:\/\/snuipp86.fr\/#website\"},\"primaryImageOfPage\":{\"@id\":\"https:\/\/snuipp86.fr\/index.php\/2017\/06\/08\/mouvement-2017-le-snuipp-fsu-86-vous-aide\/#primaryimage\"},\"image\":{\"@id\":\"https:\/\/snuipp86.fr\/index.php\/2017\/06\/08\/mouvement-2017-le-snuipp-fsu-86-vous-aide\/#primaryimage\"},\"thumbnailUrl\":\"http:\/\/snuipp86.fr\/wp-content\/spip\/IMG\/arton3238.jpg\",\"datePublished\":\"2017-06-08T10:56:00+00:00\",\"author\":{\"@id\":\"https:\/\/snuipp86.fr\/#\/schema\/person\/901b28b9ae1c7a63a6a940102e52a7a2\"},\"breadcrumb\":{\"@id\":\"https:\/\/snuipp86.fr\/index.php\/2017\/06\/08\/mouvement-2017-le-snuipp-fsu-86-vous-aide\/#breadcrumb\"},\"inLanguage\":\"fr-FR\",\"potentialAction\":[{\"@type\":\"ReadAction\",\"target\":[\"https:\/\/snuipp86.fr\/index.php\/2017\/06\/08\/mouvement-2017-le-snuipp-fsu-86-vous-aide\/\"]}]},{\"@type\":\"ImageObject\",\"inLanguage\":\"fr-FR\",\"@id\":\"https:\/\/snuipp86.fr\/index.php\/2017\/06\/08\/mouvement-2017-le-snuipp-fsu-86-vous-aide\/#primaryimage\",\"url\":\"http:\/\/snuipp86.fr\/wp-content\/spip\/IMG\/arton3238.jpg\",\"contentUrl\":\"http:\/\/snuipp86.fr\/wp-content\/spip\/IMG\/arton3238.jpg\"},{\"@type\":\"BreadcrumbList\",\"@id\":\"https:\/\/snuipp86.fr\/index.php\/2017\/06\/08\/mouvement-2017-le-snuipp-fsu-86-vous-aide\/#breadcrumb\",\"itemListElement\":[{\"@type\":\"ListItem\",\"position\":1,\"name\":\"Accueil\",\"item\":\"https:\/\/snuipp86.fr\/\"},{\"@type\":\"ListItem\",\"position\":2,\"name\":\"Mouvement 2017 : le SNUipp-FSU 86 vous aide\"}]},{\"@type\":\"WebSite\",\"@id\":\"https:\/\/snuipp86.fr\/#website\",\"url\":\"https:\/\/snuipp86.fr\/\",\"name\":\"FSU-SNUipp 86\",\"description\":\"Des id\u00e9es qui font l&#039;\u00e9cole\",\"potentialAction\":[{\"@type\":\"SearchAction\",\"target\":{\"@type\":\"EntryPoint\",\"urlTemplate\":\"https:\/\/snuipp86.fr\/?s={search_term_string}\"},\"query-input\":{\"@type\":\"PropertyValueSpecification\",\"valueRequired\":true,\"valueName\":\"search_term_string\"}}],\"inLanguage\":\"fr-FR\"},{\"@type\":\"Person\",\"@id\":\"https:\/\/snuipp86.fr\/#\/schema\/person\/901b28b9ae1c7a63a6a940102e52a7a2\",\"name\":\"WP86Admin\",\"image\":{\"@type\":\"ImageObject\",\"inLanguage\":\"fr-FR\",\"@id\":\"https:\/\/snuipp86.fr\/#\/schema\/person\/image\/\",\"url\":\"https:\/\/secure.gravatar.com\/avatar\/0099845c7ec05dc10d777d8ab4f5142c5ba316283821af2459738ad469a37a1a?s=96&d=mm&r=g\",\"contentUrl\":\"https:\/\/secure.gravatar.com\/avatar\/0099845c7ec05dc10d777d8ab4f5142c5ba316283821af2459738ad469a37a1a?s=96&d=mm&r=g\",\"caption\":\"WP86Admin\"},\"url\":\"https:\/\/snuipp86.fr\/index.php\/author\/wp86admin\/\"}]}<\/script>\n<!-- \/ Yoast SEO plugin. -->","yoast_head_json":{"title":"Mouvement 2017 : le SNUipp-FSU 86 vous aide - FSU-SNUipp 86","robots":{"index":"index","follow":"follow","max-snippet":"max-snippet:-1","max-image-preview":"max-image-preview:large","max-video-preview":"max-video-preview:-1"},"canonical":"https:\/\/snuipp86.fr\/index.php\/2017\/06\/08\/mouvement-2017-le-snuipp-fsu-86-vous-aide\/","og_locale":"fr_FR","og_type":"article","og_title":"Mouvement 2017 : le SNUipp-FSU 86 vous aide - FSU-SNUipp 86","og_description":"Mouvement 2017 en Vienne (86) : les aides du SNUipp-FSU 86 La circulaire est parue , retrouvez l\u00e0 sur ce lien Un bulletin sp\u00e9cifique est arriv\u00e9 dans les \u00e9coles pendant les vacances La saisie des v\u0153ux s'effectuera du lundi 27 mars au mercredi 5 avril. Le site e-mouvement Op\u00e9ration transparence et liste des postes indiqu\u00e9s par les coll\u00e8gues susceptibles d'\u00eatre vacants Les permanences mouvement Le calendrier Le site e-mouvement 86 Retrouvez sur le lien suivant notre site (...) - Mouvement des personnels - \/ Mouvement","og_url":"https:\/\/snuipp86.fr\/index.php\/2017\/06\/08\/mouvement-2017-le-snuipp-fsu-86-vous-aide\/","og_site_name":"FSU-SNUipp 86","article_published_time":"2017-06-08T10:56:00+00:00","og_image":[{"url":"http:\/\/snuipp86.fr\/wp-content\/spip\/IMG\/arton3238.jpg","type":"","width":"","height":""}],"author":"WP86Admin","twitter_card":"summary_large_image","twitter_misc":{"\u00c9crit par":"WP86Admin","Dur\u00e9e de lecture estim\u00e9e":"3 minutes"},"schema":{"@context":"https:\/\/schema.org","@graph":[{"@type":"WebPage","@id":"https:\/\/snuipp86.fr\/index.php\/2017\/06\/08\/mouvement-2017-le-snuipp-fsu-86-vous-aide\/","url":"https:\/\/snuipp86.fr\/index.php\/2017\/06\/08\/mouvement-2017-le-snuipp-fsu-86-vous-aide\/","name":"Mouvement 2017 : le SNUipp-FSU 86 vous aide - FSU-SNUipp 86","isPartOf":{"@id":"https:\/\/snuipp86.fr\/#website"},"primaryImageOfPage":{"@id":"https:\/\/snuipp86.fr\/index.php\/2017\/06\/08\/mouvement-2017-le-snuipp-fsu-86-vous-aide\/#primaryimage"},"image":{"@id":"https:\/\/snuipp86.fr\/index.php\/2017\/06\/08\/mouvement-2017-le-snuipp-fsu-86-vous-aide\/#primaryimage"},"thumbnailUrl":"http:\/\/snuipp86.fr\/wp-content\/spip\/IMG\/arton3238.jpg","datePublished":"2017-06-08T10:56:00+00:00","author":{"@id":"https:\/\/snuipp86.fr\/#\/schema\/person\/901b28b9ae1c7a63a6a940102e52a7a2"},"breadcrumb":{"@id":"https:\/\/snuipp86.fr\/index.php\/2017\/06\/08\/mouvement-2017-le-snuipp-fsu-86-vous-aide\/#breadcrumb"},"inLanguage":"fr-FR","potentialAction":[{"@type":"ReadAction","target":["https:\/\/snuipp86.fr\/index.php\/2017\/06\/08\/mouvement-2017-le-snuipp-fsu-86-vous-aide\/"]}]},{"@type":"ImageObject","inLanguage":"fr-FR","@id":"https:\/\/snuipp86.fr\/index.php\/2017\/06\/08\/mouvement-2017-le-snuipp-fsu-86-vous-aide\/#primaryimage","url":"http:\/\/snuipp86.fr\/wp-content\/spip\/IMG\/arton3238.jpg","contentUrl":"http:\/\/snuipp86.fr\/wp-content\/spip\/IMG\/arton3238.jpg"},{"@type":"BreadcrumbList","@id":"https:\/\/snuipp86.fr\/index.php\/2017\/06\/08\/mouvement-2017-le-snuipp-fsu-86-vous-aide\/#breadcrumb","itemListElement":[{"@type":"ListItem","position":1,"name":"Accueil","item":"https:\/\/snuipp86.fr\/"},{"@type":"ListItem","position":2,"name":"Mouvement 2017 : le SNUipp-FSU 86 vous aide"}]},{"@type":"WebSite","@id":"https:\/\/snuipp86.fr\/#website","url":"https:\/\/snuipp86.fr\/","name":"FSU-SNUipp 86","description":"Des id\u00e9es qui font l&#039;\u00e9cole","potentialAction":[{"@type":"SearchAction","target":{"@type":"EntryPoint","urlTemplate":"https:\/\/snuipp86.fr\/?s={search_term_string}"},"query-input":{"@type":"PropertyValueSpecification","valueRequired":true,"valueName":"search_term_string"}}],"inLanguage":"fr-FR"},{"@type":"Person","@id":"https:\/\/snuipp86.fr\/#\/schema\/person\/901b28b9ae1c7a63a6a940102e52a7a2","name":"WP86Admin","image":{"@type":"ImageObject","inLanguage":"fr-FR","@id":"https:\/\/snuipp86.fr\/#\/schema\/person\/image\/","url":"https:\/\/secure.gravatar.com\/avatar\/0099845c7ec05dc10d777d8ab4f5142c5ba316283821af2459738ad469a37a1a?s=96&d=mm&r=g","contentUrl":"https:\/\/secure.gravatar.com\/avatar\/0099845c7ec05dc10d777d8ab4f5142c5ba316283821af2459738ad469a37a1a?s=96&d=mm&r=g","caption":"WP86Admin"},"url":"https:\/\/snuipp86.fr\/index.php\/author\/wp86admin\/"}]}},"_links":{"self":[{"href":"https:\/\/snuipp86.fr\/index.php\/wp-json\/wp\/v2\/posts\/352","targetHints":{"allow":["GET"]}}],"collection":[{"href":"https:\/\/snuipp86.fr\/index.php\/wp-json\/wp\/v2\/posts"}],"about":[{"href":"https:\/\/snuipp86.fr\/index.php\/wp-json\/wp\/v2\/types\/post"}],"author":[{"embeddable":true,"href":"https:\/\/snuipp86.fr\/index.php\/wp-json\/wp\/v2\/users\/1"}],"replies":[{"embeddable":true,"href":"https:\/\/snuipp86.fr\/index.php\/wp-json\/wp\/v2\/comments?post=352"}],"version-history":[{"count":0,"href":"https:\/\/snuipp86.fr\/index.php\/wp-json\/wp\/v2\/posts\/352\/revisions"}],"wp:attachment":[{"href":"https:\/\/snuipp86.fr\/index.php\/wp-json\/wp\/v2\/media?parent=352"}],"wp:term":[{"taxonomy":"category","embeddable":true,"href":"https:\/\/snuipp86.fr\/index.php\/wp-json\/wp\/v2\/categories?post=352"},{"taxonomy":"post_tag","embeddable":true,"href":"https:\/\/snuipp86.fr\/index.php\/wp-json\/wp\/v2\/tags?post=352"}],"curies":[{"name":"wp","href":"https:\/\/api.w.org\/{rel}","templated":true}]}}