{"id":44,"date":"2019-04-09T13:08:12","date_gmt":"2019-04-09T13:08:12","guid":{"rendered":"http:\/\/localhost\/wordpress\/2019\/04\/09\/le-rapport-de-ligen-sur-les-segpa-est-une-sorte-de-guide-pour-leur-dmantlement\/"},"modified":"2019-04-09T13:08:12","modified_gmt":"2019-04-09T13:08:12","slug":"le-rapport-de-ligen-sur-les-segpa-est-une-sorte-de-guide-pour-leur-dmantlement","status":"publish","type":"post","link":"https:\/\/snuipp86.fr\/index.php\/2019\/04\/09\/le-rapport-de-ligen-sur-les-segpa-est-une-sorte-de-guide-pour-leur-dmantlement\/","title":{"rendered":"Le rapport de l&rsquo;IGEN sur les SEGPA est une sorte de guide pour leur d\u00e9mant\u00e8lement"},"content":{"rendered":"<div class='rss_texte'>\n<p class=\"spip\">Le <a href=\"https:\/\/www.google.com\/url?sa=t&#038;rct=j&#038;q=&#038;esrc=s&#038;source=web&#038;cd=1&#038;ved=2ahUKEwjX9a20isPhAhUCUhoKHcAMA4cQFjAAegQIAhAC&#038;url=http%3A%2F%2Fcache.media.education.gouv.fr%2Ffile%2F2018%2F14%2F7%2FIGEN-Rapport-2018-076-Bilan-sections-enseignement-general-professionnel-adapte-SEGPA_1002147.pdf&#038;usg=AOvVaw01CDXBrqk2njaLGNK36Uwp\" class=\"spip_out\">rapport n\u00b02018-076 de l&rsquo;Inspection g\u00e9n\u00e9rale<\/a> (dat\u00e9 de juillet 2018 mais publi\u00e9 seulement maintenant) sur les SEGPA se base sur une mission r\u00e9alis\u00e9e sur l&rsquo;ann\u00e9e scolaire 2017-2018 dans le cadre de la circulaire 2015, pour observer comment la structure SEGPA s&rsquo;organise pour mettre en \u0153uvre le principe d&rsquo;inclusion \u00e9nonc\u00e9 dans la loi d&rsquo;orientation 2013.<\/p>\n<p class=\"spip\">Ce rapport d\u00e9veloppe 43 pr\u00e9conisations \u00e0 partir de 5 th\u00e8mes cens\u00e9s favoriser l&rsquo;inclusion des \u00e9l\u00e8ves en grande difficult\u00e9 en classe ordinaire : mieux cerner la difficult\u00e9 des \u00e9l\u00e8ves, confirmer les SEGPA dans leur capacit\u00e9 \u00e0 r\u00e9pondre au principe d&rsquo;une \u00e9cole inclusive, la mise en \u0153uvre d&rsquo;un pilotage renforc\u00e9e, conforter les SEGPA dans la capacit\u00e9 de traiter la grande difficult\u00e9 scolaire et agir sur les enseignements professionnels en les articulant aux autres enseignements.<\/p>\n<p class=\"spip\">Pour les inspecteurs, \u00ab \u2026sans une implication de tous les acteurs, le principe d&rsquo;inclusion peine \u00e0 \u00e9voluer au sein de la structure Segpa&#8230;la construction des modalit\u00e9s mises en \u0153uvre au cycle 3 doit \u00eatre poursuivie, prolong\u00e9e au cycle 4, en r\u00e9ponse \u00e0 la loi et aux enjeux de l&rsquo;\u00e9cole inclusive \u00bb. Il s&rsquo;agit de consid\u00e9rer la SEGPA non comme une structure \u00e0 part enti\u00e8re mais plut\u00f4t comme un \u00ab p\u00f4le ressource de la difficult\u00e9 scolaire \u00bb favorisant l&rsquo;individualisation au sein du coll\u00e8ge.<\/p>\n<p class=\"spip\">Pour permettre cette fusion dans le coll\u00e8ge, le rapport propose \u00ab d&rsquo;envisager une dotation horaire globalis\u00e9e (DHG) unique coll\u00e8ge-SEGPA pour simplifier le pilotage des deux structures administratives \u00bb. Il renvoie \u00e9galement aux principaux de coll\u00e8ge et aux principaux adjoints de SEGPA, devenus \u00ab personnel de direction \u00bb par un nouveau recrutement, la responsabilit\u00e9 de la modularit\u00e9 des enseignements envisag\u00e9e qui structureront et organiseront les services des enseignants. Les ateliers seraient externalis\u00e9s et les missions des enseignants sp\u00e9cialis\u00e9s red\u00e9finies pour \u00ab apparenter les missions des professeurs sp\u00e9cialis\u00e9s aux missions des coordonnateurs d&rsquo;ULIS \u00bb.<\/p>\n<h3 class=\"spip\">Un diagnostic erron\u00e9 pour de mauvaises solutions<\/h3>\n<p class=\"spip\">Le terrain d&rsquo;observation est essentiellement concentr\u00e9 sur des d\u00e9partements o\u00f9 la 6\u00e8me inclusive a \u00e9t\u00e9 mise en \u0153uvre pr\u00e9cipitamment, sans concertation et au d\u00e9triment de la Segpa. Les constats et recommandations sont ainsi guid\u00e9s par ce parti-pris que la suppression de la classe de 6e SEGPA favoriserait l&rsquo;inclusion dans les classes ordinaires et serait un progr\u00e8s et une r\u00e8gle \u00e0 suivre.<\/p>\n<p class=\"spip\">Ce bilan ne s&rsquo;appuie pas sur la diversit\u00e9 des SEGPA et tout ce qui fait la sp\u00e9cificit\u00e9 de cette structure.<\/p>\n<p class=\"spip\">Il est question de mettre en place une modularit\u00e9 des enseignements, de renforcer les pilotages par les corps d&rsquo;inspection, de modifier les objectifs de l&rsquo;enseignement pr\u00e9-professionnel en SEGPA vers de l&rsquo;enseignement de technologie ax\u00e9e sur l&rsquo;obtention du DNB pro compl\u00e9t\u00e9 d&rsquo;une culture g\u00e9n\u00e9rale du monde de l&rsquo;entreprise.<\/p>\n<p class=\"spip\">Les rapporteurs souhaitent aller vers une individualisation des parcours, mais en inscrivant tout le monde au DNB pro, en fusionnant la DHG de la SEGPA avec celle du coll\u00e8ge sous couvert d&rsquo;une \u00ab simplification de la gestion administrative \u00bb et un changement de statut des DACS pour les transformer en personnels de direction.<\/p>\n<p class=\"spip\">Les solutions propos\u00e9es donnent un sentiment de saupoudrage des moyens pour traiter la grande difficult\u00e9 scolaire. Le risque d&rsquo;accro\u00eetre le sentiment d&rsquo;exclusion des \u00e9l\u00e8ves et la stigmatisation de leur difficult\u00e9 est grand. Les pr\u00e9conisations de ce rapport interrogent sur l&rsquo;avenir de la SEGPA Il pr\u00e9conise une dilution des moyens de prise en charge des \u00e9l\u00e8ves en difficult\u00e9s scolaires en assignant aux enseignant.es sp\u00e9cialis\u00e9.es une mission de coordination dans un p\u00f4le ressources de la difficult\u00e9 scolaire, plut\u00f4t que d&rsquo;enseignement. Voudrait-on prendre le chemin d&rsquo;un d\u00e9mant\u00e8lement de la SEGPA ?<\/p>\n<p class=\"spip\">Le SNUipp-FSU d\u00e9fend la conception d\u00e9velopp\u00e9e par les personnels de l&rsquo;enseignement adapt\u00e9 et des SEGPA lors des derniers \u00e9tats g\u00e9n\u00e9raux des SEGPA, un outil efficace contre l&rsquo;\u00e9chec scolaire qui produit des parcours de r\u00e9ussite, notamment vers la voie professionnelle, et permet de lutter efficacement contre le d\u00e9crochage scolaire en s&rsquo;appuyant sur des p\u00e9dagogies positives et exigeantes du \u00ab toutes et tous capable \u00bb. Par ailleurs, l&rsquo;inclusion ne peut se faire sans moyens, sans concertation et en remettant en question tout ce qui fait la sp\u00e9cificit\u00e9 de cette structure.<\/p>\n<\/div>\n","protected":false},"excerpt":{"rendered":"<p>Le rapport n\u00b02018-076 de l&rsquo;Inspection g\u00e9n\u00e9rale (dat\u00e9 de juillet 2018 mais publi\u00e9 seulement maintenant) sur les SEGPA se base sur une mission r\u00e9alis\u00e9e sur l&rsquo;ann\u00e9e scolaire 2017-2018 dans le cadre de la circulaire 2015, pour observer comment la structure SEGPA s&rsquo;organise pour mettre en \u0153uvre le principe d&rsquo;inclusion \u00e9nonc\u00e9 dans la loi d&rsquo;orientation 2013. <br \/>Ce rapport d\u00e9veloppe 43 pr\u00e9conisations \u00e0 partir de 5 th\u00e8mes cens\u00e9s favoriser l&rsquo;inclusion des (&#8230;)<br \/>\n&#8211;<br \/>\n<a href=\"http:\/\/86.snuipp.fr\/spip.php?rubrique152\" rel=\"directory\">SEGPA &#8211; EREA<\/a><br \/>\n\/<br \/>\n<a href=\"http:\/\/86.snuipp.fr\/spip.php?mot321\" rel=\"tag\">A.S.H<\/a><\/p>\n","protected":false},"author":1,"featured_media":0,"comment_status":"open","ping_status":"open","sticky":false,"template":"","format":"standard","meta":{"footnotes":""},"categories":[14],"tags":[],"class_list":["post-44","post","type-post","status-publish","format-standard","hentry","category-a-la-une"],"yoast_head":"<!-- This site is optimized with the Yoast SEO plugin v26.6 - https:\/\/yoast.com\/wordpress\/plugins\/seo\/ -->\n<title>Le rapport de l&#039;IGEN sur les SEGPA est une sorte de guide pour leur d\u00e9mant\u00e8lement - FSU-SNUipp 86<\/title>\n<meta name=\"robots\" content=\"index, follow, max-snippet:-1, max-image-preview:large, max-video-preview:-1\" \/>\n<link rel=\"canonical\" href=\"https:\/\/snuipp86.fr\/index.php\/2019\/04\/09\/le-rapport-de-ligen-sur-les-segpa-est-une-sorte-de-guide-pour-leur-dmantlement\/\" \/>\n<meta property=\"og:locale\" content=\"fr_FR\" \/>\n<meta property=\"og:type\" content=\"article\" \/>\n<meta property=\"og:title\" content=\"Le rapport de l&#039;IGEN sur les SEGPA est une sorte de guide pour leur d\u00e9mant\u00e8lement - FSU-SNUipp 86\" \/>\n<meta property=\"og:description\" content=\"Le rapport n\u00b02018-076 de l&#039;Inspection g\u00e9n\u00e9rale (dat\u00e9 de juillet 2018 mais publi\u00e9 seulement maintenant) sur les SEGPA se base sur une mission r\u00e9alis\u00e9e sur l&#039;ann\u00e9e scolaire 2017-2018 dans le cadre de la circulaire 2015, pour observer comment la structure SEGPA s&#039;organise pour mettre en \u0153uvre le principe d&#039;inclusion \u00e9nonc\u00e9 dans la loi d&#039;orientation 2013. Ce rapport d\u00e9veloppe 43 pr\u00e9conisations \u00e0 partir de 5 th\u00e8mes cens\u00e9s favoriser l&#039;inclusion des (...) - SEGPA - EREA \/ A.S.H\" \/>\n<meta property=\"og:url\" content=\"https:\/\/snuipp86.fr\/index.php\/2019\/04\/09\/le-rapport-de-ligen-sur-les-segpa-est-une-sorte-de-guide-pour-leur-dmantlement\/\" \/>\n<meta property=\"og:site_name\" content=\"FSU-SNUipp 86\" \/>\n<meta property=\"article:published_time\" content=\"2019-04-09T13:08:12+00:00\" \/>\n<meta name=\"author\" content=\"WP86Admin\" \/>\n<meta name=\"twitter:card\" content=\"summary_large_image\" \/>\n<meta name=\"twitter:label1\" content=\"\u00c9crit par\" \/>\n\t<meta name=\"twitter:data1\" content=\"WP86Admin\" \/>\n\t<meta name=\"twitter:label2\" content=\"Dur\u00e9e de lecture estim\u00e9e\" \/>\n\t<meta name=\"twitter:data2\" content=\"4 minutes\" \/>\n<script type=\"application\/ld+json\" class=\"yoast-schema-graph\">{\"@context\":\"https:\/\/schema.org\",\"@graph\":[{\"@type\":\"WebPage\",\"@id\":\"https:\/\/snuipp86.fr\/index.php\/2019\/04\/09\/le-rapport-de-ligen-sur-les-segpa-est-une-sorte-de-guide-pour-leur-dmantlement\/\",\"url\":\"https:\/\/snuipp86.fr\/index.php\/2019\/04\/09\/le-rapport-de-ligen-sur-les-segpa-est-une-sorte-de-guide-pour-leur-dmantlement\/\",\"name\":\"Le rapport de l'IGEN sur les SEGPA est une sorte de guide pour leur d\u00e9mant\u00e8lement - FSU-SNUipp 86\",\"isPartOf\":{\"@id\":\"https:\/\/snuipp86.fr\/#website\"},\"datePublished\":\"2019-04-09T13:08:12+00:00\",\"author\":{\"@id\":\"https:\/\/snuipp86.fr\/#\/schema\/person\/901b28b9ae1c7a63a6a940102e52a7a2\"},\"breadcrumb\":{\"@id\":\"https:\/\/snuipp86.fr\/index.php\/2019\/04\/09\/le-rapport-de-ligen-sur-les-segpa-est-une-sorte-de-guide-pour-leur-dmantlement\/#breadcrumb\"},\"inLanguage\":\"fr-FR\",\"potentialAction\":[{\"@type\":\"ReadAction\",\"target\":[\"https:\/\/snuipp86.fr\/index.php\/2019\/04\/09\/le-rapport-de-ligen-sur-les-segpa-est-une-sorte-de-guide-pour-leur-dmantlement\/\"]}]},{\"@type\":\"BreadcrumbList\",\"@id\":\"https:\/\/snuipp86.fr\/index.php\/2019\/04\/09\/le-rapport-de-ligen-sur-les-segpa-est-une-sorte-de-guide-pour-leur-dmantlement\/#breadcrumb\",\"itemListElement\":[{\"@type\":\"ListItem\",\"position\":1,\"name\":\"Accueil\",\"item\":\"https:\/\/snuipp86.fr\/\"},{\"@type\":\"ListItem\",\"position\":2,\"name\":\"Le rapport de l&#8217;IGEN sur les SEGPA est une sorte de guide pour leur d\u00e9mant\u00e8lement\"}]},{\"@type\":\"WebSite\",\"@id\":\"https:\/\/snuipp86.fr\/#website\",\"url\":\"https:\/\/snuipp86.fr\/\",\"name\":\"FSU-SNUipp 86\",\"description\":\"Des id\u00e9es qui font l&#039;\u00e9cole\",\"potentialAction\":[{\"@type\":\"SearchAction\",\"target\":{\"@type\":\"EntryPoint\",\"urlTemplate\":\"https:\/\/snuipp86.fr\/?s={search_term_string}\"},\"query-input\":{\"@type\":\"PropertyValueSpecification\",\"valueRequired\":true,\"valueName\":\"search_term_string\"}}],\"inLanguage\":\"fr-FR\"},{\"@type\":\"Person\",\"@id\":\"https:\/\/snuipp86.fr\/#\/schema\/person\/901b28b9ae1c7a63a6a940102e52a7a2\",\"name\":\"WP86Admin\",\"image\":{\"@type\":\"ImageObject\",\"inLanguage\":\"fr-FR\",\"@id\":\"https:\/\/snuipp86.fr\/#\/schema\/person\/image\/\",\"url\":\"https:\/\/secure.gravatar.com\/avatar\/0099845c7ec05dc10d777d8ab4f5142c5ba316283821af2459738ad469a37a1a?s=96&d=mm&r=g\",\"contentUrl\":\"https:\/\/secure.gravatar.com\/avatar\/0099845c7ec05dc10d777d8ab4f5142c5ba316283821af2459738ad469a37a1a?s=96&d=mm&r=g\",\"caption\":\"WP86Admin\"},\"url\":\"https:\/\/snuipp86.fr\/index.php\/author\/wp86admin\/\"}]}<\/script>\n<!-- \/ Yoast SEO plugin. -->","yoast_head_json":{"title":"Le rapport de l'IGEN sur les SEGPA est une sorte de guide pour leur d\u00e9mant\u00e8lement - FSU-SNUipp 86","robots":{"index":"index","follow":"follow","max-snippet":"max-snippet:-1","max-image-preview":"max-image-preview:large","max-video-preview":"max-video-preview:-1"},"canonical":"https:\/\/snuipp86.fr\/index.php\/2019\/04\/09\/le-rapport-de-ligen-sur-les-segpa-est-une-sorte-de-guide-pour-leur-dmantlement\/","og_locale":"fr_FR","og_type":"article","og_title":"Le rapport de l'IGEN sur les SEGPA est une sorte de guide pour leur d\u00e9mant\u00e8lement - FSU-SNUipp 86","og_description":"Le rapport n\u00b02018-076 de l'Inspection g\u00e9n\u00e9rale (dat\u00e9 de juillet 2018 mais publi\u00e9 seulement maintenant) sur les SEGPA se base sur une mission r\u00e9alis\u00e9e sur l'ann\u00e9e scolaire 2017-2018 dans le cadre de la circulaire 2015, pour observer comment la structure SEGPA s'organise pour mettre en \u0153uvre le principe d'inclusion \u00e9nonc\u00e9 dans la loi d'orientation 2013. Ce rapport d\u00e9veloppe 43 pr\u00e9conisations \u00e0 partir de 5 th\u00e8mes cens\u00e9s favoriser l'inclusion des (...) - SEGPA - EREA \/ A.S.H","og_url":"https:\/\/snuipp86.fr\/index.php\/2019\/04\/09\/le-rapport-de-ligen-sur-les-segpa-est-une-sorte-de-guide-pour-leur-dmantlement\/","og_site_name":"FSU-SNUipp 86","article_published_time":"2019-04-09T13:08:12+00:00","author":"WP86Admin","twitter_card":"summary_large_image","twitter_misc":{"\u00c9crit par":"WP86Admin","Dur\u00e9e de lecture estim\u00e9e":"4 minutes"},"schema":{"@context":"https:\/\/schema.org","@graph":[{"@type":"WebPage","@id":"https:\/\/snuipp86.fr\/index.php\/2019\/04\/09\/le-rapport-de-ligen-sur-les-segpa-est-une-sorte-de-guide-pour-leur-dmantlement\/","url":"https:\/\/snuipp86.fr\/index.php\/2019\/04\/09\/le-rapport-de-ligen-sur-les-segpa-est-une-sorte-de-guide-pour-leur-dmantlement\/","name":"Le rapport de l'IGEN sur les SEGPA est une sorte de guide pour leur d\u00e9mant\u00e8lement - FSU-SNUipp 86","isPartOf":{"@id":"https:\/\/snuipp86.fr\/#website"},"datePublished":"2019-04-09T13:08:12+00:00","author":{"@id":"https:\/\/snuipp86.fr\/#\/schema\/person\/901b28b9ae1c7a63a6a940102e52a7a2"},"breadcrumb":{"@id":"https:\/\/snuipp86.fr\/index.php\/2019\/04\/09\/le-rapport-de-ligen-sur-les-segpa-est-une-sorte-de-guide-pour-leur-dmantlement\/#breadcrumb"},"inLanguage":"fr-FR","potentialAction":[{"@type":"ReadAction","target":["https:\/\/snuipp86.fr\/index.php\/2019\/04\/09\/le-rapport-de-ligen-sur-les-segpa-est-une-sorte-de-guide-pour-leur-dmantlement\/"]}]},{"@type":"BreadcrumbList","@id":"https:\/\/snuipp86.fr\/index.php\/2019\/04\/09\/le-rapport-de-ligen-sur-les-segpa-est-une-sorte-de-guide-pour-leur-dmantlement\/#breadcrumb","itemListElement":[{"@type":"ListItem","position":1,"name":"Accueil","item":"https:\/\/snuipp86.fr\/"},{"@type":"ListItem","position":2,"name":"Le rapport de l&#8217;IGEN sur les SEGPA est une sorte de guide pour leur d\u00e9mant\u00e8lement"}]},{"@type":"WebSite","@id":"https:\/\/snuipp86.fr\/#website","url":"https:\/\/snuipp86.fr\/","name":"FSU-SNUipp 86","description":"Des id\u00e9es qui font l&#039;\u00e9cole","potentialAction":[{"@type":"SearchAction","target":{"@type":"EntryPoint","urlTemplate":"https:\/\/snuipp86.fr\/?s={search_term_string}"},"query-input":{"@type":"PropertyValueSpecification","valueRequired":true,"valueName":"search_term_string"}}],"inLanguage":"fr-FR"},{"@type":"Person","@id":"https:\/\/snuipp86.fr\/#\/schema\/person\/901b28b9ae1c7a63a6a940102e52a7a2","name":"WP86Admin","image":{"@type":"ImageObject","inLanguage":"fr-FR","@id":"https:\/\/snuipp86.fr\/#\/schema\/person\/image\/","url":"https:\/\/secure.gravatar.com\/avatar\/0099845c7ec05dc10d777d8ab4f5142c5ba316283821af2459738ad469a37a1a?s=96&d=mm&r=g","contentUrl":"https:\/\/secure.gravatar.com\/avatar\/0099845c7ec05dc10d777d8ab4f5142c5ba316283821af2459738ad469a37a1a?s=96&d=mm&r=g","caption":"WP86Admin"},"url":"https:\/\/snuipp86.fr\/index.php\/author\/wp86admin\/"}]}},"_links":{"self":[{"href":"https:\/\/snuipp86.fr\/index.php\/wp-json\/wp\/v2\/posts\/44","targetHints":{"allow":["GET"]}}],"collection":[{"href":"https:\/\/snuipp86.fr\/index.php\/wp-json\/wp\/v2\/posts"}],"about":[{"href":"https:\/\/snuipp86.fr\/index.php\/wp-json\/wp\/v2\/types\/post"}],"author":[{"embeddable":true,"href":"https:\/\/snuipp86.fr\/index.php\/wp-json\/wp\/v2\/users\/1"}],"replies":[{"embeddable":true,"href":"https:\/\/snuipp86.fr\/index.php\/wp-json\/wp\/v2\/comments?post=44"}],"version-history":[{"count":0,"href":"https:\/\/snuipp86.fr\/index.php\/wp-json\/wp\/v2\/posts\/44\/revisions"}],"wp:attachment":[{"href":"https:\/\/snuipp86.fr\/index.php\/wp-json\/wp\/v2\/media?parent=44"}],"wp:term":[{"taxonomy":"category","embeddable":true,"href":"https:\/\/snuipp86.fr\/index.php\/wp-json\/wp\/v2\/categories?post=44"},{"taxonomy":"post_tag","embeddable":true,"href":"https:\/\/snuipp86.fr\/index.php\/wp-json\/wp\/v2\/tags?post=44"}],"curies":[{"name":"wp","href":"https:\/\/api.w.org\/{rel}","templated":true}]}}