{"id":46,"date":"2019-04-03T04:59:30","date_gmt":"2019-04-03T04:59:30","guid":{"rendered":"http:\/\/localhost\/wordpress\/2019\/04\/03\/mouvement-compte-rendu-du-groupe-de-travail-ctsd-du-29-mars\/"},"modified":"2019-04-03T04:59:30","modified_gmt":"2019-04-03T04:59:30","slug":"mouvement-compte-rendu-du-groupe-de-travail-ctsd-du-29-mars","status":"publish","type":"post","link":"https:\/\/snuipp86.fr\/index.php\/2019\/04\/03\/mouvement-compte-rendu-du-groupe-de-travail-ctsd-du-29-mars\/","title":{"rendered":"Mouvement : compte rendu du groupe de travail CTSD du 29 mars !"},"content":{"rendered":"<p><img decoding=\"async\" src=\"https:\/\/snuipp86.fr\/wp-content\/spip\/IMG\/arton4318.jpg\" alt=\"\" align=\"right\" width=\"234\" height=\"216\" class=\"spip_logos\" \/><\/p>\n<div class='rss_texte'>\n<h3 class=\"spip\" id=\"outil_sommaire_0\"><a title=\"Sommaire\" href=\"http:\/\/86.snuipp.fr\/spip.php?page=backend&#038;id_rubrique=#outil_sommaire\" class=\"sommaire_ancre\"> <\/a>Groupe de travail CTSD du 29 mars : Mouvement 2019<\/h3>\n<hr class=\"spip\" \/>\n<p class=\"spip\"><img decoding=\"async\" src=\"https:\/\/snuipp86.fr\/wp-content\/spip\/cache-vignettes\/L8xH11\/puce-68c92.gif\" width='8' height='11' alt=\"-\" style='height:11px;width:8px;' class='' \/> 1- Fonctionnement du nouveau logiciel : voeu \u00e9largi, MUG, PA et postes fractionn\u00e9s<br \/>\n<br \/><img decoding=\"async\" src=\"https:\/\/snuipp86.fr\/wp-content\/spip\/cache-vignettes\/L8xH11\/puce-68c92.gif\" width='8' height='11' alt=\"-\" style='height:11px;width:8px;' class='' \/> 2 &#8211; Indiquez votre intention de participer !<br \/>\n<br \/><img decoding=\"async\" src=\"https:\/\/snuipp86.fr\/wp-content\/spip\/cache-vignettes\/L8xH11\/puce-68c92.gif\" width='8' height='11' alt=\"-\" style='height:11px;width:8px;' class='' \/> 3 &#8211; Les autres points Mouvement : nouvelles modifications de bar\u00e8me, ordre des v\u0153ux, permut\u00e9-es, Ulis coll\u00e8ge, Verger s\/ Dive, nouvelles communes, IME<\/p>\n<p class=\"spip\"><span style=\"background-color:yellow;\"><strong class=\"spip\">Note d&rsquo;ambiance<\/strong> : Ce vendredi avait lieu donc un nouveau groupe de travail d\u00e9partemental CTSD sur le mouvement &#8230;. si des nouvelles infos ont \u00e9t\u00e9 donn\u00e9es, comme des modifications de points ou le fonctionnement du logiciel d&rsquo;affection, d&rsquo;autres incertitudes restent comme le r\u00f4le du rang de classement des voeux ou la proc\u00e9dure d&rsquo;affectation d&rsquo;office lors de la phase d&rsquo;ajustement ! Concernant le logiciel du mouvement, la confirmation est enfin tomb\u00e9e : des coll\u00e8gues seront affect\u00e9-es en dehors des zones demand\u00e9es en v\u00e9ritable loterie ! Autre confirmation, le logiciel ne fonctionne pas bien ! Ce lundi 1er avril, pour les d\u00e9partements dont le mouvement commen\u00e7ait ce jour l\u00e0, les \u00ab\u00a0plantages\u00a0\u00bb se sont encha\u00een\u00e9s avec un message d&rsquo;erreur (error 401) <a href=\"https:\/\/www.snuipp.fr\/actualites\/posts\/bug-sur-le-mouvement\" class=\"spip_out\">lien<\/a>&#8230; et ce n&rsquo;\u00e9tait pas un poisson d&rsquo;avril ! Le minist\u00e8re vient d&rsquo;envoyer un message sur toutes les boites professionnelles \u00e0 ce sujet !<br \/>\nLe 22 mars, le SNUipp-FSU, le Se-Unsa, la CGT Educ&rsquo;Action et Sud Education ont d\u00e9pos\u00e9 une alerte sociale sur ce sujet du mouvement. <\/span style=\"background-color:yellow;\"><\/p>\n<p class=\"spip\"><strong class=\"spip\">Etaient pr\u00e9sent-es<\/strong> : M. Monlun (SG) , M. Artaud (IENA) , DPE5 (Mme Boutet, M Path\u00e9) , Doses (Mme Lienart, Mme Librero ), 4 IEN (ASH, Ch\u00e2tellerault, Poitiers Nord, Poitiers Sud), 5 FSU\/CGT, 2 Unsa, 2 FO, 1 SNALC<br \/>\nLe SNUipp si\u00e8ge au sein de la d\u00e9l\u00e9gation FSU\/CGT.<\/p>\n<p class=\"spip\">Le Mouvement \u00ab\u00a0devrait\u00a0\u00bb commencer vendredi 12 avril<\/p>\n<p class=\"spip\"><strong class=\"spip\">Premi\u00e8res permanences du SNUipp-FSU 86 ?<\/strong> Pendant les vacances : lundi 15, mardi 16 de 9h00 \u00e0 17h30 \u00e0 la maison syndicale<\/p>\n<hr class=\"spip\" \/>\n<h3 class=\"spip\" id=\"outil_sommaire_1\"><a title=\"Sommaire\" href=\"http:\/\/86.snuipp.fr\/spip.php?page=backend&#038;id_rubrique=#outil_sommaire\" class=\"sommaire_ancre\"> <\/a>Fonctionnement du nouveau logiciel : voeu \u00e9largi, MUG, PA et postes fractionn\u00e9s<\/h3>\n<p class=\"spip\">Un logiciel qui agirait en 3 \u00e9tapes<\/p>\n<p class=\"spip\"><img decoding=\"async\" src=\"https:\/\/snuipp86.fr\/wp-content\/spip\/cache-vignettes\/L8xH11\/puce-68c92.gif\" width='8' height='11' alt=\"-\" style='height:11px;width:8px;' class='' \/> <strong class=\"spip\">\u00e9tape 1<\/strong> : m\u00eame chose que les ann\u00e9es pr\u00e9c\u00e9dentes, le logiciel \u00e9tudie les affectations sur les v\u0153ux d&rsquo;\u00e9cole demand\u00e9s par les coll\u00e8gues qui peuvent \u00eatre jusqu&rsquo;\u00e0 40. Parmi ces 40 v\u0153ux, vous pouvez aussi faire des v\u0153ux zones ( ex : enseignant en \u00e9cole maternelle zone 5)<\/p>\n<p class=\"spip\"><strong class=\"spip\">Conclusion \u00e9tape 1<\/strong> : Soit vous obtenez le poste que vous souhaitez, soit vous n&rsquo;obtenez rien. Dans ce dernier cas, si vous \u00eates d\u00e9j\u00e0 titulaire de votre poste, vous y restez, pour les autres, le logiciel \u00e9tudie vos v\u0153ux dans le cadre de la phase 2 .<\/p>\n<p class=\"spip\"><img decoding=\"async\" src=\"https:\/\/snuipp86.fr\/wp-content\/spip\/cache-vignettes\/L8xH11\/puce-68c92.gif\" width='8' height='11' alt=\"-\" style='height:11px;width:8px;' class='' \/> <strong class=\"spip\">\u00e9tape 2<\/strong> : si vous \u00eates \u00e0 titre provisoire, le logiciel vous demande, avant de faire votre saisie de v\u0153ux pr\u00e9cis(\u00e9tape 1), d&rsquo;indiquer au moins un voeu \u00a0\u00bb \u00e9largi \u00ab\u00a0, c&rsquo;est \u00e0 dire de choisir une combinaison comprenant une zone g\u00e9ographique (il y en a 16) et un type de poste appel\u00e9 MUG ! Il y a 7 MUG : \u00ab\u00a0enseignant\u00a0\u00bb, \u00ab\u00a0rempla\u00e7ant\u00a0\u00bb, \u00ab\u00a0ASH\u00a0\u00bb, \u00ab\u00a0direction 2 \u00e0 7 cl\u00a0\u00bb, \u00ab\u00a0direction 8 \u00e0 9cl\u00a0\u00bb, \u00ab\u00a0direction 10 \u00e0 13 cl\u00a0\u00bb, \u00ab\u00a0direction 14 cl et +\u00a0\u00bb. Si vous \u00eates nomm\u00e9-e avec ce v\u0153u \u00a0\u00bb \u00e9largi \u00ab\u00a0, vous serez nomm\u00e9-e \u00e0 titre d\u00e9finitif (sauf dans le cas o\u00f9 vous n&rsquo;avez pas la certification n\u00e9cessaire : direction , ASH). Chaque coll\u00e8gue peut faire jusqu&rsquo;\u00e0 40 v\u0153ux \u00a0\u00bb \u00e9largis \u00ab\u00a0. Attention, ces MUG fonctionnent selon un ordre pr\u00e9cis que l&rsquo;on ne peut pas changer : le MUG \u00ab\u00a0enseignant\u00a0\u00bb cherche d&rsquo;abord les postes \u00e9l\u00e9mentaires avant les maternelles, le MUG \u00a0\u00bb remplacement \u00a0\u00bb cherche d&rsquo;abord les postes de brigade avant les ZIL, le MUG \u00a0\u00bb direction 2 \u00e0 7 cl \u00a0\u00bb cherche d&rsquo;abord les directions 2cl \u00e9l\u00e9m, puis 2 cl mat, puis 3 cl \u00e9l\u00e9m &#8230; etc. jusqu&rsquo;\u00e0 7 cl mat., le MUG ASH recouvre 41 supports diff\u00e9rents &#8230;<\/p>\n<p class=\"spip\"><strong class=\"spip\">Conclusion \u00e9tape 2<\/strong> : soit vous obtenez un poste que vous ne souhaitez pas forc\u00e9ment mais qui est dans votre zone et votre MUG demand\u00e9s, soit le logiciel vous \u00e9tudie dans le cadre de la phase 3 .<\/p>\n<p class=\"spip\"><img decoding=\"async\" src=\"https:\/\/snuipp86.fr\/wp-content\/spip\/cache-vignettes\/L8xH11\/puce-68c92.gif\" width='8' height='11' alt=\"-\" style='height:11px;width:8px;' class='' \/> <strong class=\"spip\">\u00e9tape 3<\/strong> : le logiciel va \u00e9tendre votre voeu \u00ab\u00a0\u00e9largi\u00a0\u00bb \u00e0 d&rsquo;autres zones ! Ainsi, il partira de la localisation de votre v\u0153u 1 de l&rsquo;\u00e9tape 1, puis il cherchera des postes de plus en plus lointains qui r\u00e9pondent \u00e0 la d\u00e9finition du MUG que vous avez choisi pour l&rsquo;\u00e9tape 2. Si vous avez choisi plusieurs MUG pour l&rsquo;\u00e9tape 2, le logiciel va \u00e9largir sa recherche cons\u00e9cutivement pour tous ces MUG demand\u00e9s mais n&rsquo;ira pas chercher des MUG non demand\u00e9s (exemple : j&rsquo;ai demand\u00e9 les MUG ASH et rempla\u00e7ant, je n&rsquo;aurai pas de direction ou de poste d&rsquo;adjoint). Vous serez nomm\u00e9-e \u00e0 titre provisoire.<\/p>\n<p class=\"spip\"><strong class=\"spip\">Conclusion \u00e9tape 3<\/strong> : Soit vous obtenez un poste qui n&rsquo;est pas dans votre zone demand\u00e9e, soit votre situation sera \u00e9tudi\u00e9e \u00e0 la CAPD phase d&rsquo;ajustement du 27 juin.<\/p>\n<p class=\"spip\"><strong class=\"spip\">Qui seraient impact\u00e9-es ?<\/strong><\/p>\n<p class=\"spip\">Pour la phase 2, difficile de dire l&rsquo;ampleur des cons\u00e9quences. Des coll\u00e8gues vont \u00eatre nomm\u00e9-es \u00e0 travers ce v\u0153u \u00e9largi sur des postes qu&rsquo;ils\/elles ne souhaitent pas, \u00e0 la place de coll\u00e8gues qui ont un bar\u00e8me inf\u00e9rieur et qui auront mis ce v\u0153u parmi leurs choix &#8230; une aberration au niveau de la gestion humaine et p\u00e9dagogique des \u00e9quipes !<\/p>\n<p class=\"spip\">Pour la phase 3, peu de coll\u00e8gues seraient touch\u00e9-es en nombre car le logiciel n&rsquo;affecterait que sur les postes rest\u00e9s vacants. L&rsquo;ann\u00e9e derni\u00e8re, cela repr\u00e9sentait 31 postes : 3 postes de charg\u00e9-es d&rsquo;\u00e9cole, 3 postes fractionn\u00e9s \u00e0 titre d\u00e9finitif, 9 postes de directions de 2 \u00e0 7 cl, 2 postes de direction de 8 \u00e0 9 cl, 7 postes de rempla\u00e7ant-es, 17 postes ASH (dont 6 brigades ASH, 3 Ulis \u00e9cole, 4 Adjoint-es ASH en \u00e9tablissements sp\u00e9cialis\u00e9s, 4 rased.) &#8230; donc cela pourrait faire 31 nominations par le logiciel. Les personnels qui seraient affect\u00e9-es les premiers par le logiciel seront celles et ceux avec le bar\u00e8me le plus important &#8230; donc g\u00e9n\u00e9ralement les coll\u00e8gues en priorit\u00e9 d&rsquo;affectation depuis plusieurs ann\u00e9es et les coll\u00e8gues qui ont perdu leur poste en carte scolaire.<\/p>\n<p class=\"spip\"><strong class=\"spip\">Quoi faire ?<\/p>\n<p class=\"spip\"><\/strong><\/p>\n<p class=\"spip\">Vos repr\u00e9sentant-es du personnel SNUipp-FSU vous aideront et vous d\u00e9fendront en cas de nomination non demand\u00e9e. Des proc\u00e9dures de r\u00e9vision d&rsquo;affectation sont pr\u00e9vues \u00e0 chaque \u00e9tape du mouvement.<\/p>\n<p class=\"spip\">Le SNUipp-FSU a fait acter la cr\u00e9ation de nouveaux postes fractionn\u00e9s (PFTD) pour qu&rsquo;ils soient propos\u00e9s d\u00e8s la 1ere phase du mouvement et que des bonifications soient cr\u00e9\u00e9es pour les coll\u00e8gues qui seraient actuellement en priorit\u00e9 d&rsquo;affectation dessus. Le SNUipp-FSU a consult\u00e9 les \u00e9coles pour effectuer des propositions \u00e0 l&rsquo;administration en ce sens. Celle-ci n&rsquo;a toujours pas indiqu\u00e9 quels postes seraient cr\u00e9\u00e9s.<\/p>\n<p class=\"spip\">Le SNUipp-FSU a fait acter que tous les postes PES ne soient pas r\u00e9serv\u00e9s en amont du mouvement. L&rsquo;administration n&rsquo;a toujours pas fourni la liste de ces postes.<\/p>\n<p class=\"spip\">Le SNUipp-FSU remet en place son logiciel pour indiquer sa participation au mouvement et donc permettre aux coll\u00e8gues d&rsquo;avoir plus de visibilit\u00e9 sur des postes qui se lib\u00e9reraient.( voir ci-dessous).<\/p>\n<hr class=\"spip\" \/>\n<h3 class=\"spip\" id=\"outil_sommaire_2\"><a title=\"Sommaire\" href=\"http:\/\/86.snuipp.fr\/spip.php?page=backend&#038;id_rubrique=#outil_sommaire\" class=\"sommaire_ancre\"> <\/a>Indiquez votre intention de participer !<\/h3>\n<p class=\"spip\">Les postes vacants pour le mouvement seront publi\u00e9s par l&rsquo;administration le 27 mars. D&rsquo;ici l\u00e0, le SNUipp-FSU 86 propose aux coll\u00e8gues affect\u00e9-es \u00e0 TD dans une \u00e9cole d&rsquo;indiquer leur intention de muter. L&rsquo;objectif est bien de dresser ensemble une liste de postes susceptibles d&rsquo;\u00eatre vacants, liste que nous souhaitons \u00eatre la plus fiable possible. C&rsquo;est donc un exercice de solidarit\u00e9 que le SNUipp\/FSU 86, qui n&rsquo;a de cesse de pr\u00e9server le maximum de transparence et d&rsquo;\u00e9quit\u00e9 pour toutes et tous, propose aux coll\u00e8gues titulaires d&rsquo;un poste et souhaitant participer au mouvement.<\/p>\n<p class=\"spip\">LES POSTES SERONT ANONYMES<\/p>\n<p class=\"spip\">De plus, vous pourrez, si vous le souhaitez, commenter votre poste et donner des indications pratiques sur votre \u00e9cole (horaires &#8230;)<\/p>\n<p class=\"spip\">Pour publier votre poste ou les consulter, cliquez sur le lien suivant <strong class=\"spip\"><a href=\"http:\/\/86mouvement.snuipp.fr\/\" class=\"spip_out\">http:\/\/86mouvement.snuipp.fr\/<\/a><\/strong><\/p>\n<p class=\"spip\">Le SNUipp-FSU vous proposera des outils pour comprendre le mouvement, des fiches de contr\u00f4les et des permanences !<\/p>\n<hr class=\"spip\" \/>\n<h3 class=\"spip\" id=\"outil_sommaire_3\"><a title=\"Sommaire\" href=\"http:\/\/86.snuipp.fr\/spip.php?page=backend&#038;id_rubrique=#outil_sommaire\" class=\"sommaire_ancre\"> <\/a>Les autres points Mouvement : nouvelles modifications de bar\u00e8me, ordre des voeux permut\u00e9-es, Ulis coll\u00e8ge, Verger s\/ Dive, nouvelles communes<\/h3>\n<p class=\"spip\"><img decoding=\"async\" src=\"https:\/\/snuipp86.fr\/wp-content\/spip\/cache-vignettes\/L8xH11\/puce-68c92.gif\" width='8' height='11' alt=\"-\" style='height:11px;width:8px;' class='' \/> <strong class=\"spip\">Augmentation des points pour un certain nombre d&rsquo;\u00e9l\u00e9ments dans le bar\u00e8me<\/strong> : la circulaire mouvement nationale a cr\u00e9\u00e9 des priorit\u00e9s nationales dans le bar\u00e8me et celles-ci doivent compter davantage que les priorit\u00e9s choisies par le d\u00e9partement. Ainsi, les points pour enfants, qui ne sont pas une priorit\u00e9 nationale, doivent compter moins que l&rsquo;\u00e9chelon, le rapprochement de conjoint-es ou les points pour pr\u00e9sence parentale. Donc pour ces 3 derni\u00e8res bonifications, les points commenceront \u00e0 3 et les points pour enfants seront limit\u00e9s \u00e0 2.5 pts soit 5 enfants. Ainsi l&rsquo;\u00e9chelon 1 vaudra 3 pts, l&rsquo;\u00e9chelon 2 vaudra 4 pts &#8230;etc. Une ann\u00e9e de rapprochement de conjoint-e ou de pr\u00e9sence parentale vaudra 3 +1 pts, 2 ann\u00e9es vaudront 3 + 2 pts &#8230;<\/p>\n<p class=\"spip\"><img decoding=\"async\" src=\"https:\/\/snuipp86.fr\/wp-content\/spip\/cache-vignettes\/L8xH11\/puce-68c92.gif\" width='8' height='11' alt=\"-\" style='height:11px;width:8px;' class='' \/> <strong class=\"spip\">Les bonifications de bar\u00e8me pour rapprochement de conjoint-es et de garde altern\u00e9e seront limit\u00e9es<\/strong> \u00e0 des v\u0153ux en lien avec ces priorit\u00e9s ( ex : rapprochement de conjoint-e, les bonifications ne sont que sur la commune d&rsquo;exercice du conjoint&#8230;) Ces bonifications, les stagiaires y auront droit alors qu&rsquo;avant non.<\/p>\n<p class=\"spip\"><img decoding=\"async\" src=\"https:\/\/snuipp86.fr\/wp-content\/spip\/cache-vignettes\/L8xH11\/puce-68c92.gif\" width='8' height='11' alt=\"-\" style='height:11px;width:8px;' class='' \/> <strong class=\"spip\">Ordre des voeux<\/strong> : La note du minist\u00e8re \u00e0 ses services indique qu&rsquo;en cas d&rsquo;\u00e9galit\u00e9 de bar\u00e8me, le rang de classement des voeux serait regard\u00e9 &#8230; Ainsi si des coll\u00e8gues ont le m\u00eame bar\u00e8me, celui qui aurait plac\u00e9 le poste le plus haut dans sa liste l&rsquo;obtiendrait, les autres discriminants arrivant apr\u00e8s : AGS, \u00e2ge &#8230; La DPE 5 nous a dit lors de ce groupe de travail que le rang des voeux ne serait pas utilis\u00e9 en cas d&rsquo;\u00e9galit\u00e9 &#8230; \u00e0 suivre<\/p>\n<p class=\"spip\"><img decoding=\"async\" src=\"https:\/\/snuipp86.fr\/wp-content\/spip\/cache-vignettes\/L8xH11\/puce-68c92.gif\" width='8' height='11' alt=\"-\" style='height:11px;width:8px;' class='' \/> <strong class=\"spip\">Des communes sur 2 zones<\/strong> : Certaines communes ont 2 secteurs de rattachement coll\u00e8ge et sont sur 2 circonscriptions &#8230; pour les voeux zones ou \u00e9largis dans le cadre du mouvement, il faut que les communes soient sur une seule zone. Ainsi Thur\u00e9 sera sur la zone 12 (Danger\/Archigny) et St Martin la Pallu sur la zone 2 (Lencloitre)<\/p>\n<p class=\"spip\"><img decoding=\"async\" src=\"https:\/\/snuipp86.fr\/wp-content\/spip\/cache-vignettes\/L8xH11\/puce-68c92.gif\" width='8' height='11' alt=\"-\" style='height:11px;width:8px;' class='' \/> <strong class=\"spip\">Entrant-es par les permutations :<\/strong> L&rsquo;administration indique que la connexion I-prof se fera avec leur Mot De Passe d&rsquo;origine quand l&rsquo;ouverture du serveur se fera &#8230; le SNUipp-FSU incite les coll\u00e8gues \u00e0 v\u00e9rifier d\u00e8s le 12 avril la bonne mise en place de cette annonce pour pouvoir rapidement interpeller l&rsquo;administration en cas de probl\u00e8me.<\/p>\n<p class=\"spip\"><img decoding=\"async\" src=\"https:\/\/snuipp86.fr\/wp-content\/spip\/cache-vignettes\/L8xH11\/puce-68c92.gif\" width='8' height='11' alt=\"-\" style='height:11px;width:8px;' class='' \/> <strong class=\"spip\">Ulis coll\u00e8ge Chauvigny<\/strong> : le SNUIpp-FSU a d\u00e9nonc\u00e9 les conditions de l&rsquo;appel \u00e0 candidatures. C&rsquo;est la premi\u00e8re fois qu&rsquo;un poste Ulis coll\u00e8ge est propos\u00e9 ainsi, suite \u00e0 un entretien, aux 1er et 2nd degr\u00e9s. Mme Meyer a rappel\u00e9 que la circulaire ASH de d\u00e9cembre le permettait et que si aucun-e candidat-e du 2nd degr\u00e9 ne convenait, le poste serait attribu\u00e9 au 1er degr\u00e9 dans les conditions du bar\u00e8me du mouvement d\u00e9partemental. Suite au questionnement du SNUIpp-FSU, Mme Meyer a indiqu\u00e9 qu&rsquo;aucun autre poste ne serait ainsi attribu\u00e9 au mouvement. Le SNUipp-FSU a d\u00e9nonc\u00e9 aussi l&rsquo;obligation indiqu\u00e9e de ne pas \u00eatre \u00e0 temps partiel, pour le SNUipp-FSU, cette demande est hors cadre r\u00e9glementaire.<\/p>\n<p class=\"spip\"><img decoding=\"async\" src=\"https:\/\/snuipp86.fr\/wp-content\/spip\/cache-vignettes\/L8xH11\/puce-68c92.gif\" width='8' height='11' alt=\"-\" style='height:11px;width:8px;' class='' \/> <strong class=\"spip\">La Grimaudi\u00e8re ou Verger s\/ Dive<\/strong> : le maire de La Grimaudi\u00e8re annonce la fermeture de l&rsquo;\u00e9cole depuis le CTSD. Mais le maire de Mazeuil, l&rsquo;autre commune du RPI, s&rsquo;y oppose car l&rsquo;\u00e9cole de la commune n&rsquo;est pas en capacit\u00e9 d&rsquo;accueillir les enfants de maternelle et il attaque cette d\u00e9cision au tribunal administratif. L&rsquo;IENA indique que le RPI avec Mazeuil n&rsquo;existe pas juridiquement, mais des arr\u00eat\u00e9s municipaux existent pour permettre l&rsquo;\u00e9change d&rsquo;\u00e9l\u00e8ves entre Mazeuil et la Grimaudi\u00e8re. Il indique que La Grimaudi\u00e8re veut aller avec l&rsquo;\u00e9cole de St Jean de Sauves, et qu&rsquo;un rapprochement de Mazeuil avec Cuhon fait partie des hypoth\u00e8ses. Les d\u00e9cisions ne pourront \u00eatre act\u00e9es qu&rsquo;au CTSD du 11 juin &#8230; Le SNUipp-FSU demande que les personnels soient tenus au courant au fur et \u00e0 mesure des \u00e9changes avec les mairies pour pouvoir effectuer des d\u00e9marches au mouvement si n\u00e9cessaire.<\/p>\n<p class=\"spip\"><img decoding=\"async\" src=\"https:\/\/snuipp86.fr\/wp-content\/spip\/cache-vignettes\/L8xH11\/puce-68c92.gif\" width='8' height='11' alt=\"-\" style='height:11px;width:8px;' class='' \/> <strong class=\"spip\">Des nouvelles communes qui n&rsquo;existent pas dans l&rsquo;application :<\/strong> \u00ab\u00a0Boivre la vall\u00e9e\u00a0\u00bb et \u00ab\u00a0Valence en Poitou\u00a0\u00bb n&rsquo;existent pas dans l&rsquo;application donc ce sont les noms des anciennes communes qui sont indiqu\u00e9s, soit respectivement Lavausseau\/Bennassay\/Montreuil-Bonnin\/La chapelle-Montreuil et Couh\u00e9\/ Payr\u00e9.<\/p>\n<p class=\"spip\"><img decoding=\"async\" src=\"https:\/\/snuipp86.fr\/wp-content\/spip\/cache-vignettes\/L8xH11\/puce-68c92.gif\" width='8' height='11' alt=\"-\" style='height:11px;width:8px;' class='' \/> <strong class=\"spip\">Fermetures en IME :<\/strong> Suite aux fermetures de 1.25 dans les IME de Mignaloux Beauvoir et S\u00e8vres Anxaumont, l&rsquo;administration n&rsquo;\u00e9tait pas s\u00fbre de connaitre les coll\u00e8gues touch\u00e9-es par carte scolaire&#8230; l&rsquo;administration doit revoir la situation avec l&rsquo;IEN ASH.<\/p>\n<p class=\"spip\"><i class=\"spip\">pour la FSU\/CGT, V\u00e9ronique Bernier, Fr\u00e9d\u00e9rique Delage, Fabienne La\u00een\u00e9, Matthieu Menaut, Gilles Tabourdeau<\/i><\/p>\n<dl class='spip_document_3926 spip_documents spip_documents_center' >\n<dt><img src='https:\/\/snuipp86.fr\/wp-content\/spip\/cache-vignettes\/L234xH216\/elus-person_slideshow-11-00341.jpg' width='234' height='216' alt='JPEG - 13.4 ko' style='height:216px;width:234px;' class='' \/><\/dt>\n<\/dl>\n<\/div>\n","protected":false},"excerpt":{"rendered":"<p>Groupe de travail CTSD du 29 mars : Mouvement 2019 <br \/>1- Fonctionnement du nouveau logiciel : voeu \u00e9largi, MUG, PA et postes fractionn\u00e9s <br \/>2 &#8211; Indiquez votre intention de participer ! <br \/>3 &#8211; Les autres points Mouvement : nouvelles modifications de bar\u00e8me, ordre des v\u0153ux, permut\u00e9-es, Ulis coll\u00e8ge, Verger s\/ Dive, nouvelles communes, IME <br \/>Note d&rsquo;ambiance : Ce vendredi avait lieu donc un nouveau groupe de travail d\u00e9partemental CTSD sur le mouvement &#8230;. si des nouvelles infos ont \u00e9t\u00e9 (&#8230;)<br \/>\n&#8211;<br \/>\n<a href=\"http:\/\/86.snuipp.fr\/spip.php?rubrique117\" rel=\"directory\">Mouvement des personnels &#8211; <\/a><br \/>\n\/<br \/>\n<a href=\"http:\/\/86.snuipp.fr\/spip.php?mot306\" rel=\"tag\">Mouvement<\/a><\/p>\n","protected":false},"author":1,"featured_media":0,"comment_status":"open","ping_status":"open","sticky":false,"template":"","format":"standard","meta":{"footnotes":""},"categories":[14],"tags":[],"class_list":["post-46","post","type-post","status-publish","format-standard","hentry","category-a-la-une"],"yoast_head":"<!-- This site is optimized with the Yoast SEO plugin v26.6 - https:\/\/yoast.com\/wordpress\/plugins\/seo\/ -->\n<title>Mouvement : compte rendu du groupe de travail CTSD du 29 mars ! - FSU-SNUipp 86<\/title>\n<meta name=\"robots\" content=\"index, follow, max-snippet:-1, max-image-preview:large, max-video-preview:-1\" \/>\n<link rel=\"canonical\" href=\"https:\/\/snuipp86.fr\/index.php\/2019\/04\/03\/mouvement-compte-rendu-du-groupe-de-travail-ctsd-du-29-mars\/\" \/>\n<meta property=\"og:locale\" content=\"fr_FR\" \/>\n<meta property=\"og:type\" content=\"article\" \/>\n<meta property=\"og:title\" content=\"Mouvement : compte rendu du groupe de travail CTSD du 29 mars ! - FSU-SNUipp 86\" \/>\n<meta property=\"og:description\" content=\"Groupe de travail CTSD du 29 mars : Mouvement 2019 1- Fonctionnement du nouveau logiciel : voeu \u00e9largi, MUG, PA et postes fractionn\u00e9s 2 - Indiquez votre intention de participer ! 3 - Les autres points Mouvement : nouvelles modifications de bar\u00e8me, ordre des v\u0153ux, permut\u00e9-es, Ulis coll\u00e8ge, Verger s\/ Dive, nouvelles communes, IME Note d&#039;ambiance : Ce vendredi avait lieu donc un nouveau groupe de travail d\u00e9partemental CTSD sur le mouvement .... si des nouvelles infos ont \u00e9t\u00e9 (...) - Mouvement des personnels - \/ Mouvement\" \/>\n<meta property=\"og:url\" content=\"https:\/\/snuipp86.fr\/index.php\/2019\/04\/03\/mouvement-compte-rendu-du-groupe-de-travail-ctsd-du-29-mars\/\" \/>\n<meta property=\"og:site_name\" content=\"FSU-SNUipp 86\" \/>\n<meta property=\"article:published_time\" content=\"2019-04-03T04:59:30+00:00\" \/>\n<meta property=\"og:image\" content=\"http:\/\/snuipp86.fr\/wp-content\/spip\/IMG\/arton4318.jpg\" \/>\n<meta name=\"author\" content=\"WP86Admin\" \/>\n<meta name=\"twitter:card\" content=\"summary_large_image\" \/>\n<meta name=\"twitter:label1\" content=\"\u00c9crit par\" \/>\n\t<meta name=\"twitter:data1\" content=\"WP86Admin\" \/>\n\t<meta name=\"twitter:label2\" content=\"Dur\u00e9e de lecture estim\u00e9e\" \/>\n\t<meta name=\"twitter:data2\" content=\"10 minutes\" \/>\n<script type=\"application\/ld+json\" class=\"yoast-schema-graph\">{\"@context\":\"https:\/\/schema.org\",\"@graph\":[{\"@type\":\"WebPage\",\"@id\":\"https:\/\/snuipp86.fr\/index.php\/2019\/04\/03\/mouvement-compte-rendu-du-groupe-de-travail-ctsd-du-29-mars\/\",\"url\":\"https:\/\/snuipp86.fr\/index.php\/2019\/04\/03\/mouvement-compte-rendu-du-groupe-de-travail-ctsd-du-29-mars\/\",\"name\":\"Mouvement : compte rendu du groupe de travail CTSD du 29 mars ! - FSU-SNUipp 86\",\"isPartOf\":{\"@id\":\"https:\/\/snuipp86.fr\/#website\"},\"primaryImageOfPage\":{\"@id\":\"https:\/\/snuipp86.fr\/index.php\/2019\/04\/03\/mouvement-compte-rendu-du-groupe-de-travail-ctsd-du-29-mars\/#primaryimage\"},\"image\":{\"@id\":\"https:\/\/snuipp86.fr\/index.php\/2019\/04\/03\/mouvement-compte-rendu-du-groupe-de-travail-ctsd-du-29-mars\/#primaryimage\"},\"thumbnailUrl\":\"http:\/\/snuipp86.fr\/wp-content\/spip\/IMG\/arton4318.jpg\",\"datePublished\":\"2019-04-03T04:59:30+00:00\",\"author\":{\"@id\":\"https:\/\/snuipp86.fr\/#\/schema\/person\/901b28b9ae1c7a63a6a940102e52a7a2\"},\"breadcrumb\":{\"@id\":\"https:\/\/snuipp86.fr\/index.php\/2019\/04\/03\/mouvement-compte-rendu-du-groupe-de-travail-ctsd-du-29-mars\/#breadcrumb\"},\"inLanguage\":\"fr-FR\",\"potentialAction\":[{\"@type\":\"ReadAction\",\"target\":[\"https:\/\/snuipp86.fr\/index.php\/2019\/04\/03\/mouvement-compte-rendu-du-groupe-de-travail-ctsd-du-29-mars\/\"]}]},{\"@type\":\"ImageObject\",\"inLanguage\":\"fr-FR\",\"@id\":\"https:\/\/snuipp86.fr\/index.php\/2019\/04\/03\/mouvement-compte-rendu-du-groupe-de-travail-ctsd-du-29-mars\/#primaryimage\",\"url\":\"http:\/\/snuipp86.fr\/wp-content\/spip\/IMG\/arton4318.jpg\",\"contentUrl\":\"http:\/\/snuipp86.fr\/wp-content\/spip\/IMG\/arton4318.jpg\"},{\"@type\":\"BreadcrumbList\",\"@id\":\"https:\/\/snuipp86.fr\/index.php\/2019\/04\/03\/mouvement-compte-rendu-du-groupe-de-travail-ctsd-du-29-mars\/#breadcrumb\",\"itemListElement\":[{\"@type\":\"ListItem\",\"position\":1,\"name\":\"Accueil\",\"item\":\"https:\/\/snuipp86.fr\/\"},{\"@type\":\"ListItem\",\"position\":2,\"name\":\"Mouvement : compte rendu du groupe de travail CTSD du 29 mars !\"}]},{\"@type\":\"WebSite\",\"@id\":\"https:\/\/snuipp86.fr\/#website\",\"url\":\"https:\/\/snuipp86.fr\/\",\"name\":\"FSU-SNUipp 86\",\"description\":\"Des id\u00e9es qui font l&#039;\u00e9cole\",\"potentialAction\":[{\"@type\":\"SearchAction\",\"target\":{\"@type\":\"EntryPoint\",\"urlTemplate\":\"https:\/\/snuipp86.fr\/?s={search_term_string}\"},\"query-input\":{\"@type\":\"PropertyValueSpecification\",\"valueRequired\":true,\"valueName\":\"search_term_string\"}}],\"inLanguage\":\"fr-FR\"},{\"@type\":\"Person\",\"@id\":\"https:\/\/snuipp86.fr\/#\/schema\/person\/901b28b9ae1c7a63a6a940102e52a7a2\",\"name\":\"WP86Admin\",\"image\":{\"@type\":\"ImageObject\",\"inLanguage\":\"fr-FR\",\"@id\":\"https:\/\/snuipp86.fr\/#\/schema\/person\/image\/\",\"url\":\"https:\/\/secure.gravatar.com\/avatar\/0099845c7ec05dc10d777d8ab4f5142c5ba316283821af2459738ad469a37a1a?s=96&d=mm&r=g\",\"contentUrl\":\"https:\/\/secure.gravatar.com\/avatar\/0099845c7ec05dc10d777d8ab4f5142c5ba316283821af2459738ad469a37a1a?s=96&d=mm&r=g\",\"caption\":\"WP86Admin\"},\"url\":\"https:\/\/snuipp86.fr\/index.php\/author\/wp86admin\/\"}]}<\/script>\n<!-- \/ Yoast SEO plugin. -->","yoast_head_json":{"title":"Mouvement : compte rendu du groupe de travail CTSD du 29 mars ! - FSU-SNUipp 86","robots":{"index":"index","follow":"follow","max-snippet":"max-snippet:-1","max-image-preview":"max-image-preview:large","max-video-preview":"max-video-preview:-1"},"canonical":"https:\/\/snuipp86.fr\/index.php\/2019\/04\/03\/mouvement-compte-rendu-du-groupe-de-travail-ctsd-du-29-mars\/","og_locale":"fr_FR","og_type":"article","og_title":"Mouvement : compte rendu du groupe de travail CTSD du 29 mars ! - FSU-SNUipp 86","og_description":"Groupe de travail CTSD du 29 mars : Mouvement 2019 1- Fonctionnement du nouveau logiciel : voeu \u00e9largi, MUG, PA et postes fractionn\u00e9s 2 - Indiquez votre intention de participer ! 3 - Les autres points Mouvement : nouvelles modifications de bar\u00e8me, ordre des v\u0153ux, permut\u00e9-es, Ulis coll\u00e8ge, Verger s\/ Dive, nouvelles communes, IME Note d'ambiance : Ce vendredi avait lieu donc un nouveau groupe de travail d\u00e9partemental CTSD sur le mouvement .... si des nouvelles infos ont \u00e9t\u00e9 (...) - Mouvement des personnels - \/ Mouvement","og_url":"https:\/\/snuipp86.fr\/index.php\/2019\/04\/03\/mouvement-compte-rendu-du-groupe-de-travail-ctsd-du-29-mars\/","og_site_name":"FSU-SNUipp 86","article_published_time":"2019-04-03T04:59:30+00:00","og_image":[{"url":"http:\/\/snuipp86.fr\/wp-content\/spip\/IMG\/arton4318.jpg","type":"","width":"","height":""}],"author":"WP86Admin","twitter_card":"summary_large_image","twitter_misc":{"\u00c9crit par":"WP86Admin","Dur\u00e9e de lecture estim\u00e9e":"10 minutes"},"schema":{"@context":"https:\/\/schema.org","@graph":[{"@type":"WebPage","@id":"https:\/\/snuipp86.fr\/index.php\/2019\/04\/03\/mouvement-compte-rendu-du-groupe-de-travail-ctsd-du-29-mars\/","url":"https:\/\/snuipp86.fr\/index.php\/2019\/04\/03\/mouvement-compte-rendu-du-groupe-de-travail-ctsd-du-29-mars\/","name":"Mouvement : compte rendu du groupe de travail CTSD du 29 mars ! - FSU-SNUipp 86","isPartOf":{"@id":"https:\/\/snuipp86.fr\/#website"},"primaryImageOfPage":{"@id":"https:\/\/snuipp86.fr\/index.php\/2019\/04\/03\/mouvement-compte-rendu-du-groupe-de-travail-ctsd-du-29-mars\/#primaryimage"},"image":{"@id":"https:\/\/snuipp86.fr\/index.php\/2019\/04\/03\/mouvement-compte-rendu-du-groupe-de-travail-ctsd-du-29-mars\/#primaryimage"},"thumbnailUrl":"http:\/\/snuipp86.fr\/wp-content\/spip\/IMG\/arton4318.jpg","datePublished":"2019-04-03T04:59:30+00:00","author":{"@id":"https:\/\/snuipp86.fr\/#\/schema\/person\/901b28b9ae1c7a63a6a940102e52a7a2"},"breadcrumb":{"@id":"https:\/\/snuipp86.fr\/index.php\/2019\/04\/03\/mouvement-compte-rendu-du-groupe-de-travail-ctsd-du-29-mars\/#breadcrumb"},"inLanguage":"fr-FR","potentialAction":[{"@type":"ReadAction","target":["https:\/\/snuipp86.fr\/index.php\/2019\/04\/03\/mouvement-compte-rendu-du-groupe-de-travail-ctsd-du-29-mars\/"]}]},{"@type":"ImageObject","inLanguage":"fr-FR","@id":"https:\/\/snuipp86.fr\/index.php\/2019\/04\/03\/mouvement-compte-rendu-du-groupe-de-travail-ctsd-du-29-mars\/#primaryimage","url":"http:\/\/snuipp86.fr\/wp-content\/spip\/IMG\/arton4318.jpg","contentUrl":"http:\/\/snuipp86.fr\/wp-content\/spip\/IMG\/arton4318.jpg"},{"@type":"BreadcrumbList","@id":"https:\/\/snuipp86.fr\/index.php\/2019\/04\/03\/mouvement-compte-rendu-du-groupe-de-travail-ctsd-du-29-mars\/#breadcrumb","itemListElement":[{"@type":"ListItem","position":1,"name":"Accueil","item":"https:\/\/snuipp86.fr\/"},{"@type":"ListItem","position":2,"name":"Mouvement : compte rendu du groupe de travail CTSD du 29 mars !"}]},{"@type":"WebSite","@id":"https:\/\/snuipp86.fr\/#website","url":"https:\/\/snuipp86.fr\/","name":"FSU-SNUipp 86","description":"Des id\u00e9es qui font l&#039;\u00e9cole","potentialAction":[{"@type":"SearchAction","target":{"@type":"EntryPoint","urlTemplate":"https:\/\/snuipp86.fr\/?s={search_term_string}"},"query-input":{"@type":"PropertyValueSpecification","valueRequired":true,"valueName":"search_term_string"}}],"inLanguage":"fr-FR"},{"@type":"Person","@id":"https:\/\/snuipp86.fr\/#\/schema\/person\/901b28b9ae1c7a63a6a940102e52a7a2","name":"WP86Admin","image":{"@type":"ImageObject","inLanguage":"fr-FR","@id":"https:\/\/snuipp86.fr\/#\/schema\/person\/image\/","url":"https:\/\/secure.gravatar.com\/avatar\/0099845c7ec05dc10d777d8ab4f5142c5ba316283821af2459738ad469a37a1a?s=96&d=mm&r=g","contentUrl":"https:\/\/secure.gravatar.com\/avatar\/0099845c7ec05dc10d777d8ab4f5142c5ba316283821af2459738ad469a37a1a?s=96&d=mm&r=g","caption":"WP86Admin"},"url":"https:\/\/snuipp86.fr\/index.php\/author\/wp86admin\/"}]}},"_links":{"self":[{"href":"https:\/\/snuipp86.fr\/index.php\/wp-json\/wp\/v2\/posts\/46","targetHints":{"allow":["GET"]}}],"collection":[{"href":"https:\/\/snuipp86.fr\/index.php\/wp-json\/wp\/v2\/posts"}],"about":[{"href":"https:\/\/snuipp86.fr\/index.php\/wp-json\/wp\/v2\/types\/post"}],"author":[{"embeddable":true,"href":"https:\/\/snuipp86.fr\/index.php\/wp-json\/wp\/v2\/users\/1"}],"replies":[{"embeddable":true,"href":"https:\/\/snuipp86.fr\/index.php\/wp-json\/wp\/v2\/comments?post=46"}],"version-history":[{"count":0,"href":"https:\/\/snuipp86.fr\/index.php\/wp-json\/wp\/v2\/posts\/46\/revisions"}],"wp:attachment":[{"href":"https:\/\/snuipp86.fr\/index.php\/wp-json\/wp\/v2\/media?parent=46"}],"wp:term":[{"taxonomy":"category","embeddable":true,"href":"https:\/\/snuipp86.fr\/index.php\/wp-json\/wp\/v2\/categories?post=46"},{"taxonomy":"post_tag","embeddable":true,"href":"https:\/\/snuipp86.fr\/index.php\/wp-json\/wp\/v2\/tags?post=46"}],"curies":[{"name":"wp","href":"https:\/\/api.w.org\/{rel}","templated":true}]}}