{"id":499,"date":"2016-09-26T13:24:15","date_gmt":"2016-09-26T13:24:15","guid":{"rendered":"http:\/\/localhost\/wordpress\/2016\/09\/26\/recrutement-liste-complmentaire-du-nouveau\/"},"modified":"2016-09-26T13:24:15","modified_gmt":"2016-09-26T13:24:15","slug":"recrutement-liste-complmentaire-du-nouveau","status":"publish","type":"post","link":"https:\/\/snuipp86.fr\/index.php\/2016\/09\/26\/recrutement-liste-complmentaire-du-nouveau\/","title":{"rendered":"Recrutement Liste Compl\u00e9mentaire : Du nouveau !"},"content":{"rendered":"<p><img decoding=\"async\" src=\"https:\/\/snuipp86.fr\/wp-content\/spip\/IMG\/arton3135.jpg\" alt=\"\" align=\"right\" width=\"540\" height=\"604\" class=\"spip_logos\" \/><\/p>\n<div class='rss_texte'>\n<p class=\"spip\">Suite aux diff\u00e9rentes interventions du SNUipp-FSU, <a href=\"http:\/\/86.snuipp.fr\/spip.php?article3101&#038;var_mode=calcul\" class=\"spip_out\">\u00e0 sa communication de l&rsquo;\u00e9tat des lieux des d\u00e9partements<\/a>, <a href=\"http:\/\/www.snuipp.fr\/Recrutement-il-faut-utiliser-la\" class=\"spip_out\">\u00e0 la mise en place d&rsquo;une p\u00e9tition et aux actions dans les d\u00e9partements<\/a>, le minist\u00e8re a envoy\u00e9 un courrier aux recteurs vendredi 23 septembre.<\/p>\n<p class=\"spip\">Il demande aux recteurs d&rsquo;\u00e9tablir un \u00e9tat des lieux des besoins et leur donne le feu vert pour un recrutement sur Listes Compl\u00e9mentaires.<\/p>\n<p class=\"spip\">Par ailleurs, nous avons fait part au Cabinet de notre m\u00e9contentement de n&rsquo;avoir \u00e9t\u00e9 inform\u00e9s qu&rsquo;aujourd&rsquo;hui, alors que cette d\u00e9cision faisait suite \u00e0 nos interventions&#8230;<\/p>\n<p class=\"spip\">Les Snuipp de l&rsquo;acad\u00e9mie de Poitiers rencontreront la Rectrice ce jeudi sur plusieurs sujets dont le recrutement sur LC.<\/p>\n<\/div>\n","protected":false},"excerpt":{"rendered":"<p>Suite aux diff\u00e9rentes interventions du SNUipp-FSU, \u00e0 sa communication de l&rsquo;\u00e9tat des lieux des d\u00e9partements, \u00e0 la mise en place d&rsquo;une p\u00e9tition et aux actions dans les d\u00e9partements, le minist\u00e8re a envoy\u00e9 un courrier aux recteurs vendredi 23 septembre. <br \/>Il demande aux recteurs d&rsquo;\u00e9tablir un \u00e9tat des lieux des besoins et leur donne le feu vert pour un recrutement sur Listes Compl\u00e9mentaires. <br \/>Par ailleurs, nous avons fait part au Cabinet de notre m\u00e9contentement de n&rsquo;avoir (&#8230;)<br \/>\n&#8211;<br \/>\n<a href=\"http:\/\/86.snuipp.fr\/spip.php?rubrique209\" rel=\"directory\">Concours Professeur des \u00e9coles<\/a><br \/>\n\/<br \/>\n<a href=\"http:\/\/86.snuipp.fr\/spip.php?mot325\" rel=\"tag\">Concours CRPE<\/a><\/p>\n","protected":false},"author":1,"featured_media":0,"comment_status":"open","ping_status":"open","sticky":false,"template":"","format":"standard","meta":{"footnotes":""},"categories":[14],"tags":[],"class_list":["post-499","post","type-post","status-publish","format-standard","hentry","category-a-la-une"],"yoast_head":"<!-- This site is optimized with the Yoast SEO plugin v26.6 - https:\/\/yoast.com\/wordpress\/plugins\/seo\/ -->\n<title>Recrutement Liste Compl\u00e9mentaire : Du nouveau ! - FSU-SNUipp 86<\/title>\n<meta name=\"robots\" content=\"index, follow, max-snippet:-1, max-image-preview:large, max-video-preview:-1\" \/>\n<link rel=\"canonical\" href=\"https:\/\/snuipp86.fr\/index.php\/2016\/09\/26\/recrutement-liste-complmentaire-du-nouveau\/\" \/>\n<meta property=\"og:locale\" content=\"fr_FR\" \/>\n<meta property=\"og:type\" content=\"article\" \/>\n<meta property=\"og:title\" content=\"Recrutement Liste Compl\u00e9mentaire : Du nouveau ! - FSU-SNUipp 86\" \/>\n<meta property=\"og:description\" content=\"Suite aux diff\u00e9rentes interventions du SNUipp-FSU, \u00e0 sa communication de l&#039;\u00e9tat des lieux des d\u00e9partements, \u00e0 la mise en place d&#039;une p\u00e9tition et aux actions dans les d\u00e9partements, le minist\u00e8re a envoy\u00e9 un courrier aux recteurs vendredi 23 septembre. Il demande aux recteurs d&#039;\u00e9tablir un \u00e9tat des lieux des besoins et leur donne le feu vert pour un recrutement sur Listes Compl\u00e9mentaires. Par ailleurs, nous avons fait part au Cabinet de notre m\u00e9contentement de n&#039;avoir (...) - Concours Professeur des \u00e9coles \/ Concours CRPE\" \/>\n<meta property=\"og:url\" content=\"https:\/\/snuipp86.fr\/index.php\/2016\/09\/26\/recrutement-liste-complmentaire-du-nouveau\/\" \/>\n<meta property=\"og:site_name\" content=\"FSU-SNUipp 86\" \/>\n<meta property=\"article:published_time\" content=\"2016-09-26T13:24:15+00:00\" \/>\n<meta property=\"og:image\" content=\"http:\/\/snuipp86.fr\/wp-content\/spip\/IMG\/arton3135.jpg\" \/>\n<meta name=\"author\" content=\"WP86Admin\" \/>\n<meta name=\"twitter:card\" content=\"summary_large_image\" \/>\n<meta name=\"twitter:label1\" content=\"\u00c9crit par\" \/>\n\t<meta name=\"twitter:data1\" content=\"WP86Admin\" \/>\n\t<meta name=\"twitter:label2\" content=\"Dur\u00e9e de lecture estim\u00e9e\" \/>\n\t<meta name=\"twitter:data2\" content=\"1 minute\" \/>\n<script type=\"application\/ld+json\" class=\"yoast-schema-graph\">{\"@context\":\"https:\/\/schema.org\",\"@graph\":[{\"@type\":\"WebPage\",\"@id\":\"https:\/\/snuipp86.fr\/index.php\/2016\/09\/26\/recrutement-liste-complmentaire-du-nouveau\/\",\"url\":\"https:\/\/snuipp86.fr\/index.php\/2016\/09\/26\/recrutement-liste-complmentaire-du-nouveau\/\",\"name\":\"Recrutement Liste Compl\u00e9mentaire : Du nouveau ! - FSU-SNUipp 86\",\"isPartOf\":{\"@id\":\"https:\/\/snuipp86.fr\/#website\"},\"primaryImageOfPage\":{\"@id\":\"https:\/\/snuipp86.fr\/index.php\/2016\/09\/26\/recrutement-liste-complmentaire-du-nouveau\/#primaryimage\"},\"image\":{\"@id\":\"https:\/\/snuipp86.fr\/index.php\/2016\/09\/26\/recrutement-liste-complmentaire-du-nouveau\/#primaryimage\"},\"thumbnailUrl\":\"http:\/\/snuipp86.fr\/wp-content\/spip\/IMG\/arton3135.jpg\",\"datePublished\":\"2016-09-26T13:24:15+00:00\",\"author\":{\"@id\":\"https:\/\/snuipp86.fr\/#\/schema\/person\/901b28b9ae1c7a63a6a940102e52a7a2\"},\"breadcrumb\":{\"@id\":\"https:\/\/snuipp86.fr\/index.php\/2016\/09\/26\/recrutement-liste-complmentaire-du-nouveau\/#breadcrumb\"},\"inLanguage\":\"fr-FR\",\"potentialAction\":[{\"@type\":\"ReadAction\",\"target\":[\"https:\/\/snuipp86.fr\/index.php\/2016\/09\/26\/recrutement-liste-complmentaire-du-nouveau\/\"]}]},{\"@type\":\"ImageObject\",\"inLanguage\":\"fr-FR\",\"@id\":\"https:\/\/snuipp86.fr\/index.php\/2016\/09\/26\/recrutement-liste-complmentaire-du-nouveau\/#primaryimage\",\"url\":\"http:\/\/snuipp86.fr\/wp-content\/spip\/IMG\/arton3135.jpg\",\"contentUrl\":\"http:\/\/snuipp86.fr\/wp-content\/spip\/IMG\/arton3135.jpg\"},{\"@type\":\"BreadcrumbList\",\"@id\":\"https:\/\/snuipp86.fr\/index.php\/2016\/09\/26\/recrutement-liste-complmentaire-du-nouveau\/#breadcrumb\",\"itemListElement\":[{\"@type\":\"ListItem\",\"position\":1,\"name\":\"Accueil\",\"item\":\"https:\/\/snuipp86.fr\/\"},{\"@type\":\"ListItem\",\"position\":2,\"name\":\"Recrutement Liste Compl\u00e9mentaire : Du nouveau !\"}]},{\"@type\":\"WebSite\",\"@id\":\"https:\/\/snuipp86.fr\/#website\",\"url\":\"https:\/\/snuipp86.fr\/\",\"name\":\"FSU-SNUipp 86\",\"description\":\"Des id\u00e9es qui font l&#039;\u00e9cole\",\"potentialAction\":[{\"@type\":\"SearchAction\",\"target\":{\"@type\":\"EntryPoint\",\"urlTemplate\":\"https:\/\/snuipp86.fr\/?s={search_term_string}\"},\"query-input\":{\"@type\":\"PropertyValueSpecification\",\"valueRequired\":true,\"valueName\":\"search_term_string\"}}],\"inLanguage\":\"fr-FR\"},{\"@type\":\"Person\",\"@id\":\"https:\/\/snuipp86.fr\/#\/schema\/person\/901b28b9ae1c7a63a6a940102e52a7a2\",\"name\":\"WP86Admin\",\"image\":{\"@type\":\"ImageObject\",\"inLanguage\":\"fr-FR\",\"@id\":\"https:\/\/snuipp86.fr\/#\/schema\/person\/image\/\",\"url\":\"https:\/\/secure.gravatar.com\/avatar\/0099845c7ec05dc10d777d8ab4f5142c5ba316283821af2459738ad469a37a1a?s=96&d=mm&r=g\",\"contentUrl\":\"https:\/\/secure.gravatar.com\/avatar\/0099845c7ec05dc10d777d8ab4f5142c5ba316283821af2459738ad469a37a1a?s=96&d=mm&r=g\",\"caption\":\"WP86Admin\"},\"url\":\"https:\/\/snuipp86.fr\/index.php\/author\/wp86admin\/\"}]}<\/script>\n<!-- \/ Yoast SEO plugin. -->","yoast_head_json":{"title":"Recrutement Liste Compl\u00e9mentaire : Du nouveau ! - FSU-SNUipp 86","robots":{"index":"index","follow":"follow","max-snippet":"max-snippet:-1","max-image-preview":"max-image-preview:large","max-video-preview":"max-video-preview:-1"},"canonical":"https:\/\/snuipp86.fr\/index.php\/2016\/09\/26\/recrutement-liste-complmentaire-du-nouveau\/","og_locale":"fr_FR","og_type":"article","og_title":"Recrutement Liste Compl\u00e9mentaire : Du nouveau ! - FSU-SNUipp 86","og_description":"Suite aux diff\u00e9rentes interventions du SNUipp-FSU, \u00e0 sa communication de l'\u00e9tat des lieux des d\u00e9partements, \u00e0 la mise en place d'une p\u00e9tition et aux actions dans les d\u00e9partements, le minist\u00e8re a envoy\u00e9 un courrier aux recteurs vendredi 23 septembre. Il demande aux recteurs d'\u00e9tablir un \u00e9tat des lieux des besoins et leur donne le feu vert pour un recrutement sur Listes Compl\u00e9mentaires. Par ailleurs, nous avons fait part au Cabinet de notre m\u00e9contentement de n'avoir (...) - Concours Professeur des \u00e9coles \/ Concours CRPE","og_url":"https:\/\/snuipp86.fr\/index.php\/2016\/09\/26\/recrutement-liste-complmentaire-du-nouveau\/","og_site_name":"FSU-SNUipp 86","article_published_time":"2016-09-26T13:24:15+00:00","og_image":[{"url":"http:\/\/snuipp86.fr\/wp-content\/spip\/IMG\/arton3135.jpg","type":"","width":"","height":""}],"author":"WP86Admin","twitter_card":"summary_large_image","twitter_misc":{"\u00c9crit par":"WP86Admin","Dur\u00e9e de lecture estim\u00e9e":"1 minute"},"schema":{"@context":"https:\/\/schema.org","@graph":[{"@type":"WebPage","@id":"https:\/\/snuipp86.fr\/index.php\/2016\/09\/26\/recrutement-liste-complmentaire-du-nouveau\/","url":"https:\/\/snuipp86.fr\/index.php\/2016\/09\/26\/recrutement-liste-complmentaire-du-nouveau\/","name":"Recrutement Liste Compl\u00e9mentaire : Du nouveau ! - FSU-SNUipp 86","isPartOf":{"@id":"https:\/\/snuipp86.fr\/#website"},"primaryImageOfPage":{"@id":"https:\/\/snuipp86.fr\/index.php\/2016\/09\/26\/recrutement-liste-complmentaire-du-nouveau\/#primaryimage"},"image":{"@id":"https:\/\/snuipp86.fr\/index.php\/2016\/09\/26\/recrutement-liste-complmentaire-du-nouveau\/#primaryimage"},"thumbnailUrl":"http:\/\/snuipp86.fr\/wp-content\/spip\/IMG\/arton3135.jpg","datePublished":"2016-09-26T13:24:15+00:00","author":{"@id":"https:\/\/snuipp86.fr\/#\/schema\/person\/901b28b9ae1c7a63a6a940102e52a7a2"},"breadcrumb":{"@id":"https:\/\/snuipp86.fr\/index.php\/2016\/09\/26\/recrutement-liste-complmentaire-du-nouveau\/#breadcrumb"},"inLanguage":"fr-FR","potentialAction":[{"@type":"ReadAction","target":["https:\/\/snuipp86.fr\/index.php\/2016\/09\/26\/recrutement-liste-complmentaire-du-nouveau\/"]}]},{"@type":"ImageObject","inLanguage":"fr-FR","@id":"https:\/\/snuipp86.fr\/index.php\/2016\/09\/26\/recrutement-liste-complmentaire-du-nouveau\/#primaryimage","url":"http:\/\/snuipp86.fr\/wp-content\/spip\/IMG\/arton3135.jpg","contentUrl":"http:\/\/snuipp86.fr\/wp-content\/spip\/IMG\/arton3135.jpg"},{"@type":"BreadcrumbList","@id":"https:\/\/snuipp86.fr\/index.php\/2016\/09\/26\/recrutement-liste-complmentaire-du-nouveau\/#breadcrumb","itemListElement":[{"@type":"ListItem","position":1,"name":"Accueil","item":"https:\/\/snuipp86.fr\/"},{"@type":"ListItem","position":2,"name":"Recrutement Liste Compl\u00e9mentaire : Du nouveau !"}]},{"@type":"WebSite","@id":"https:\/\/snuipp86.fr\/#website","url":"https:\/\/snuipp86.fr\/","name":"FSU-SNUipp 86","description":"Des id\u00e9es qui font l&#039;\u00e9cole","potentialAction":[{"@type":"SearchAction","target":{"@type":"EntryPoint","urlTemplate":"https:\/\/snuipp86.fr\/?s={search_term_string}"},"query-input":{"@type":"PropertyValueSpecification","valueRequired":true,"valueName":"search_term_string"}}],"inLanguage":"fr-FR"},{"@type":"Person","@id":"https:\/\/snuipp86.fr\/#\/schema\/person\/901b28b9ae1c7a63a6a940102e52a7a2","name":"WP86Admin","image":{"@type":"ImageObject","inLanguage":"fr-FR","@id":"https:\/\/snuipp86.fr\/#\/schema\/person\/image\/","url":"https:\/\/secure.gravatar.com\/avatar\/0099845c7ec05dc10d777d8ab4f5142c5ba316283821af2459738ad469a37a1a?s=96&d=mm&r=g","contentUrl":"https:\/\/secure.gravatar.com\/avatar\/0099845c7ec05dc10d777d8ab4f5142c5ba316283821af2459738ad469a37a1a?s=96&d=mm&r=g","caption":"WP86Admin"},"url":"https:\/\/snuipp86.fr\/index.php\/author\/wp86admin\/"}]}},"_links":{"self":[{"href":"https:\/\/snuipp86.fr\/index.php\/wp-json\/wp\/v2\/posts\/499","targetHints":{"allow":["GET"]}}],"collection":[{"href":"https:\/\/snuipp86.fr\/index.php\/wp-json\/wp\/v2\/posts"}],"about":[{"href":"https:\/\/snuipp86.fr\/index.php\/wp-json\/wp\/v2\/types\/post"}],"author":[{"embeddable":true,"href":"https:\/\/snuipp86.fr\/index.php\/wp-json\/wp\/v2\/users\/1"}],"replies":[{"embeddable":true,"href":"https:\/\/snuipp86.fr\/index.php\/wp-json\/wp\/v2\/comments?post=499"}],"version-history":[{"count":0,"href":"https:\/\/snuipp86.fr\/index.php\/wp-json\/wp\/v2\/posts\/499\/revisions"}],"wp:attachment":[{"href":"https:\/\/snuipp86.fr\/index.php\/wp-json\/wp\/v2\/media?parent=499"}],"wp:term":[{"taxonomy":"category","embeddable":true,"href":"https:\/\/snuipp86.fr\/index.php\/wp-json\/wp\/v2\/categories?post=499"},{"taxonomy":"post_tag","embeddable":true,"href":"https:\/\/snuipp86.fr\/index.php\/wp-json\/wp\/v2\/tags?post=499"}],"curies":[{"name":"wp","href":"https:\/\/api.w.org\/{rel}","templated":true}]}}