{"id":500,"date":"2016-09-26T12:26:00","date_gmt":"2016-09-26T12:26:00","guid":{"rendered":"http:\/\/localhost\/wordpress\/2016\/09\/26\/vigi-gender-encore-une-offensive-ractionnaire-contre-lducation-lgalit\/"},"modified":"2016-09-26T12:26:00","modified_gmt":"2016-09-26T12:26:00","slug":"vigi-gender-encore-une-offensive-ractionnaire-contre-lducation-lgalit","status":"publish","type":"post","link":"https:\/\/snuipp86.fr\/index.php\/2016\/09\/26\/vigi-gender-encore-une-offensive-ractionnaire-contre-lducation-lgalit\/","title":{"rendered":"\u00ab Vigi-gender \u00bb : encore une offensive r\u00e9actionnaire contre l&rsquo;\u00e9ducation \u00e0 l&rsquo;\u00e9galit\u00e9"},"content":{"rendered":"<p><img decoding=\"async\" src=\"https:\/\/snuipp86.fr\/wp-content\/spip\/IMG\/arton3009.jpg\" alt=\"\" align=\"right\" width=\"196\" height=\"294\" class=\"spip_logos\" \/><\/p>\n<div class='rss_texte'>\n<p class=\"spip\">En ce mois de septembre dans la Vienne, comme ce fut le cas d\u00e9but f\u00e9vrier sur Paris, des \u00e9coles ont re\u00e7u une brochure des vigi-gender intitul\u00e9e \u00ab Le genre en images \u00bb, qui pr\u00e9sente de nouveau leurs mensonges relatifs \u00e0 une pr\u00e9tendue \u00ab th\u00e9orie du genre \u00bb, en une cinquantaine de pages (<a href=\"http:\/\/75.snuipp.fr\/?Egalite-filles-garcons\" class=\"spip_out\">voir lien)<\/a>. Le SNUipp-FSU est d&rsquo;ailleurs cit\u00e9 plusieurs fois, et l&rsquo;\u00e9ducation \u00e0 l&rsquo;\u00e9galit\u00e9 et la lutte contre les discriminations sont de nouveau discr\u00e9dit\u00e9es.<\/p>\n<p class=\"spip\">Nous rappelons ci-apr\u00e8s quelques \u00e9l\u00e9ments d&rsquo;information, au cas o\u00f9 vous devriez faire face \u00e0 cette propagande mensong\u00e8re.<\/p>\n<p class=\"spip\">Vous pouvez t\u00e9l\u00e9charger aussi le suppl\u00e9ment Fen\u00eatre sur Cours du SNUipp : <a href=\"http:\/\/75.snuipp.fr\/IMG\/pdf\/eduquer_contre_l_homophobie.pdf\" class=\"spip_out\">\u00ab\u00a0Eduquer contre l&rsquo;homophobie\u00a0\u00bb<\/a><\/p>\n<h3 class=\"spip\" id=\"outil_sommaire_0\"><a title=\"Sommaire\" href=\"http:\/\/86.snuipp.fr\/spip.php?page=backend&#038;id_rubrique=#outil_sommaire\" class=\"sommaire_ancre\"> <\/a>Une \u00ab th\u00e9orie du genre ? \u00bb<\/h3>\n<p class=\"spip\">Au risque de nous r\u00e9p\u00e9ter, cette th\u00e9orie n&rsquo;existe pas ! Il existe des recherches sur le genre, qui est parfois d\u00e9fini comme un outil d&rsquo;analyse, parfois comme un syst\u00e8me de hi\u00e9rarchisation entre les sexes (les deux d\u00e9finitions ne s&rsquo;excluant pas forc\u00e9ment). Ceux qui s&rsquo;\u00e9l\u00e8vent contre le \u00ab genre \u00bb sont ceux qui en r\u00e9alit\u00e9 en sont les gardiens du temple !<\/p>\n<h3 class=\"spip\" id=\"outil_sommaire_1\"><a title=\"Sommaire\" href=\"http:\/\/86.snuipp.fr\/spip.php?page=backend&#038;id_rubrique=#outil_sommaire\" class=\"sommaire_ancre\"> <\/a>Quelques r\u00e9ponses pour les parents<\/h3>\n<p class=\"spip\">Si l&rsquo;\u00e9cole travaille sur les st\u00e9r\u00e9otypes filles-gar\u00e7ons, c&rsquo;est pour qu&rsquo;ils ne soient pas un carcan pour les enfants, et qu&rsquo;ils ne limitent pas leur \u00e9panouissement personnel de filles ou de gar\u00e7ons. On ne met pas dans la t\u00eate des enfants qu&rsquo;ils pourraient choisir leur sexe ! Leur identit\u00e9 ne sera pas brouill\u00e9e, ils pourront au contraire mieux s&rsquo;affirmer individuellement : on leur montre qu&rsquo;\u00eatre fille ou gar\u00e7on ne doit pas forc\u00e9ment conditionner leurs choix de loisirs, de lectures, de sports, de m\u00e9tiers&#8230;<\/p>\n<p class=\"spip\">La \u00ab compl\u00e9mentarit\u00e9 des sexes \u00bb est un mythe, chaque fille, chaque gar\u00e7on est un \u00eatre unique, et il n&rsquo;existe pas de particularit\u00e9s de go\u00fbt, de caract\u00e8re ou d&rsquo;aptitude qui seraient partag\u00e9es par toutes les filles ou par tous les gar\u00e7ons.<\/p>\n<p class=\"spip\">L&rsquo;\u00e9ducation \u00e0 l&rsquo;\u00e9galit\u00e9 et l&rsquo;\u00e9ducation \u00e0 la sexualit\u00e9 existent depuis longtemps \u00e0 l&rsquo;\u00e9cole, il n&rsquo;y a rien de nouveau. Il ne s&rsquo;agit pas de parler de pratiques sexuelles, encore moins de faire des d\u00e9monstrations ! C&rsquo;est une \u00e9ducation au respect entre les sexes, afin de pr\u00e9venir et d&#8217;emp\u00eacher les violences sexistes et\/ou homophobes et les abus sexuels, doubl\u00e9s de quelques notions de science sur la reproduction animale et humaine.<\/p>\n<p class=\"spip\">Quant \u00e0 faire la promotion de l&rsquo;homosexualit\u00e9, cela ne tient pas : on ne choisit pas d&rsquo;\u00eatre homosexuel-le, ni h\u00e9t\u00e9rosexuel-le d&rsquo;ailleurs. Donc parler de couples homosexuels, c&rsquo;est parler d&rsquo;amour, d&rsquo;affection (et non de pratiques, l\u00e0 encore), et cela n&rsquo;aura pas de cons\u00e9quences sur l&rsquo;orientation sexuelle des enfants. En revanche, cela peut \u00e9viter des suicides pour celles et ceux qui se d\u00e9couvriront homosexuel-les \u00e0 l&rsquo;adolescence.<\/p>\n<h3 class=\"spip\" id=\"outil_sommaire_2\"><a title=\"Sommaire\" href=\"http:\/\/86.snuipp.fr\/spip.php?page=backend&#038;id_rubrique=#outil_sommaire\" class=\"sommaire_ancre\"> <\/a>Qui se cache derri\u00e8re les vigi-gender ?<\/h3>\n<p class=\"spip\">Ces collectifs de parents auto-proclam\u00e9s sont des \u00e9manations de La Manif pour tous, certains ayant aussi des liens avec l&rsquo;Association des Familles Catholiques. Faute d&rsquo;avoir pu emp\u00eacher l&rsquo;ouverture du mariage aux couples de m\u00eame sexe, ils s&rsquo;en sont pris \u00e0 l&rsquo;\u00e9cole publique, d\u00e8s septembre 2013. A l&rsquo;\u00e9poque, leur cible \u00e9tait les ABCD de l&rsquo;\u00e9galit\u00e9.<\/p>\n<p class=\"spip\">Il s&rsquo;agit donc clairement d&rsquo;une offensive de l&rsquo;extr\u00eame droite et des catholiques traditionalistes, visant \u00e0 l&rsquo;ing\u00e9rence des familles par rapport aux contenus d&rsquo;enseignement, jetant la suspicion sur toutes les activit\u00e9s d&rsquo;\u00e9ducation contre les discriminations.<\/p>\n<\/div>\n","protected":false},"excerpt":{"rendered":"<p class=\"spip\">En ce mois de septembre dans la Vienne, comme ce fut le cas d\u00e9but f\u00e9vrier sur Paris, des \u00e9coles ont re\u00e7u une brochure des vigi-gender intitul\u00e9e \u00ab Le genre en images \u00bb, qui pr\u00e9sente de nouveau leurs mensonges relatifs \u00e0 une pr\u00e9tendue \u00ab th\u00e9orie du genre \u00bb, en une cinquantaine de pages (<a href=\"http:\/\/75.snuipp.fr\/?Egalite-filles-garcons\" class=\"spip_out\">voir lien)<\/a>. Le SNUipp-FSU est d&rsquo;ailleurs cit\u00e9 plusieurs fois, et l&rsquo;\u00e9ducation \u00e0 l&rsquo;\u00e9galit\u00e9 et la lutte contre les discriminations sont de nouveau discr\u00e9dit\u00e9es.<\/p>\n<p class=\"spip\">Nous rappelons ci-apr\u00e8s quelques \u00e9l\u00e9ments d&rsquo;information, au cas o\u00f9 vous devriez faire face \u00e0 cette propagande mensong\u00e8re.<\/p>\n<p>&#8211;<br \/>\n<a href=\"http:\/\/86.snuipp.fr\/spip.php?rubrique299\" rel=\"directory\">Actions p\u00e9dagogiques<\/a><\/p>\n","protected":false},"author":1,"featured_media":0,"comment_status":"open","ping_status":"open","sticky":false,"template":"","format":"standard","meta":{"footnotes":""},"categories":[14],"tags":[],"class_list":["post-500","post","type-post","status-publish","format-standard","hentry","category-a-la-une"],"yoast_head":"<!-- This site is optimized with the Yoast SEO plugin v26.6 - https:\/\/yoast.com\/wordpress\/plugins\/seo\/ -->\n<title>\u00ab Vigi-gender \u00bb : encore une offensive r\u00e9actionnaire contre l&#039;\u00e9ducation \u00e0 l&#039;\u00e9galit\u00e9 - FSU-SNUipp 86<\/title>\n<meta name=\"robots\" content=\"index, follow, max-snippet:-1, max-image-preview:large, max-video-preview:-1\" \/>\n<link rel=\"canonical\" href=\"https:\/\/snuipp86.fr\/index.php\/2016\/09\/26\/vigi-gender-encore-une-offensive-ractionnaire-contre-lducation-lgalit\/\" \/>\n<meta property=\"og:locale\" content=\"fr_FR\" \/>\n<meta property=\"og:type\" content=\"article\" \/>\n<meta property=\"og:title\" content=\"\u00ab Vigi-gender \u00bb : encore une offensive r\u00e9actionnaire contre l&#039;\u00e9ducation \u00e0 l&#039;\u00e9galit\u00e9 - FSU-SNUipp 86\" \/>\n<meta property=\"og:description\" content=\"En ce mois de septembre dans la Vienne, comme ce fut le cas d\u00e9but f\u00e9vrier sur Paris, des \u00e9coles ont re\u00e7u une brochure des vigi-gender intitul\u00e9e \u00ab Le genre en images \u00bb, qui pr\u00e9sente de nouveau leurs mensonges relatifs \u00e0 une pr\u00e9tendue \u00ab th\u00e9orie du genre \u00bb, en une cinquantaine de pages (voir lien). Le SNUipp-FSU est d&#039;ailleurs cit\u00e9 plusieurs fois, et l&#039;\u00e9ducation \u00e0 l&#039;\u00e9galit\u00e9 et la lutte contre les discriminations sont de nouveau discr\u00e9dit\u00e9es. Nous rappelons ci-apr\u00e8s quelques \u00e9l\u00e9ments d&#039;information, au cas o\u00f9 vous devriez faire face \u00e0 cette propagande mensong\u00e8re. - Actions p\u00e9dagogiques\" \/>\n<meta property=\"og:url\" content=\"https:\/\/snuipp86.fr\/index.php\/2016\/09\/26\/vigi-gender-encore-une-offensive-ractionnaire-contre-lducation-lgalit\/\" \/>\n<meta property=\"og:site_name\" content=\"FSU-SNUipp 86\" \/>\n<meta property=\"article:published_time\" content=\"2016-09-26T12:26:00+00:00\" \/>\n<meta property=\"og:image\" content=\"http:\/\/snuipp86.fr\/wp-content\/spip\/IMG\/arton3009.jpg\" \/>\n<meta name=\"author\" content=\"WP86Admin\" \/>\n<meta name=\"twitter:card\" content=\"summary_large_image\" \/>\n<meta name=\"twitter:label1\" content=\"\u00c9crit par\" \/>\n\t<meta name=\"twitter:data1\" content=\"WP86Admin\" \/>\n\t<meta name=\"twitter:label2\" content=\"Dur\u00e9e de lecture estim\u00e9e\" \/>\n\t<meta name=\"twitter:data2\" content=\"3 minutes\" \/>\n<script type=\"application\/ld+json\" class=\"yoast-schema-graph\">{\"@context\":\"https:\/\/schema.org\",\"@graph\":[{\"@type\":\"WebPage\",\"@id\":\"https:\/\/snuipp86.fr\/index.php\/2016\/09\/26\/vigi-gender-encore-une-offensive-ractionnaire-contre-lducation-lgalit\/\",\"url\":\"https:\/\/snuipp86.fr\/index.php\/2016\/09\/26\/vigi-gender-encore-une-offensive-ractionnaire-contre-lducation-lgalit\/\",\"name\":\"\u00ab Vigi-gender \u00bb : encore une offensive r\u00e9actionnaire contre l'\u00e9ducation \u00e0 l'\u00e9galit\u00e9 - FSU-SNUipp 86\",\"isPartOf\":{\"@id\":\"https:\/\/snuipp86.fr\/#website\"},\"primaryImageOfPage\":{\"@id\":\"https:\/\/snuipp86.fr\/index.php\/2016\/09\/26\/vigi-gender-encore-une-offensive-ractionnaire-contre-lducation-lgalit\/#primaryimage\"},\"image\":{\"@id\":\"https:\/\/snuipp86.fr\/index.php\/2016\/09\/26\/vigi-gender-encore-une-offensive-ractionnaire-contre-lducation-lgalit\/#primaryimage\"},\"thumbnailUrl\":\"http:\/\/snuipp86.fr\/wp-content\/spip\/IMG\/arton3009.jpg\",\"datePublished\":\"2016-09-26T12:26:00+00:00\",\"author\":{\"@id\":\"https:\/\/snuipp86.fr\/#\/schema\/person\/901b28b9ae1c7a63a6a940102e52a7a2\"},\"breadcrumb\":{\"@id\":\"https:\/\/snuipp86.fr\/index.php\/2016\/09\/26\/vigi-gender-encore-une-offensive-ractionnaire-contre-lducation-lgalit\/#breadcrumb\"},\"inLanguage\":\"fr-FR\",\"potentialAction\":[{\"@type\":\"ReadAction\",\"target\":[\"https:\/\/snuipp86.fr\/index.php\/2016\/09\/26\/vigi-gender-encore-une-offensive-ractionnaire-contre-lducation-lgalit\/\"]}]},{\"@type\":\"ImageObject\",\"inLanguage\":\"fr-FR\",\"@id\":\"https:\/\/snuipp86.fr\/index.php\/2016\/09\/26\/vigi-gender-encore-une-offensive-ractionnaire-contre-lducation-lgalit\/#primaryimage\",\"url\":\"http:\/\/snuipp86.fr\/wp-content\/spip\/IMG\/arton3009.jpg\",\"contentUrl\":\"http:\/\/snuipp86.fr\/wp-content\/spip\/IMG\/arton3009.jpg\"},{\"@type\":\"BreadcrumbList\",\"@id\":\"https:\/\/snuipp86.fr\/index.php\/2016\/09\/26\/vigi-gender-encore-une-offensive-ractionnaire-contre-lducation-lgalit\/#breadcrumb\",\"itemListElement\":[{\"@type\":\"ListItem\",\"position\":1,\"name\":\"Accueil\",\"item\":\"https:\/\/snuipp86.fr\/\"},{\"@type\":\"ListItem\",\"position\":2,\"name\":\"\u00ab Vigi-gender \u00bb : encore une offensive r\u00e9actionnaire contre l&#8217;\u00e9ducation \u00e0 l&#8217;\u00e9galit\u00e9\"}]},{\"@type\":\"WebSite\",\"@id\":\"https:\/\/snuipp86.fr\/#website\",\"url\":\"https:\/\/snuipp86.fr\/\",\"name\":\"FSU-SNUipp 86\",\"description\":\"Des id\u00e9es qui font l&#039;\u00e9cole\",\"potentialAction\":[{\"@type\":\"SearchAction\",\"target\":{\"@type\":\"EntryPoint\",\"urlTemplate\":\"https:\/\/snuipp86.fr\/?s={search_term_string}\"},\"query-input\":{\"@type\":\"PropertyValueSpecification\",\"valueRequired\":true,\"valueName\":\"search_term_string\"}}],\"inLanguage\":\"fr-FR\"},{\"@type\":\"Person\",\"@id\":\"https:\/\/snuipp86.fr\/#\/schema\/person\/901b28b9ae1c7a63a6a940102e52a7a2\",\"name\":\"WP86Admin\",\"image\":{\"@type\":\"ImageObject\",\"inLanguage\":\"fr-FR\",\"@id\":\"https:\/\/snuipp86.fr\/#\/schema\/person\/image\/\",\"url\":\"https:\/\/secure.gravatar.com\/avatar\/0099845c7ec05dc10d777d8ab4f5142c5ba316283821af2459738ad469a37a1a?s=96&d=mm&r=g\",\"contentUrl\":\"https:\/\/secure.gravatar.com\/avatar\/0099845c7ec05dc10d777d8ab4f5142c5ba316283821af2459738ad469a37a1a?s=96&d=mm&r=g\",\"caption\":\"WP86Admin\"},\"url\":\"https:\/\/snuipp86.fr\/index.php\/author\/wp86admin\/\"}]}<\/script>\n<!-- \/ Yoast SEO plugin. -->","yoast_head_json":{"title":"\u00ab Vigi-gender \u00bb : encore une offensive r\u00e9actionnaire contre l'\u00e9ducation \u00e0 l'\u00e9galit\u00e9 - FSU-SNUipp 86","robots":{"index":"index","follow":"follow","max-snippet":"max-snippet:-1","max-image-preview":"max-image-preview:large","max-video-preview":"max-video-preview:-1"},"canonical":"https:\/\/snuipp86.fr\/index.php\/2016\/09\/26\/vigi-gender-encore-une-offensive-ractionnaire-contre-lducation-lgalit\/","og_locale":"fr_FR","og_type":"article","og_title":"\u00ab Vigi-gender \u00bb : encore une offensive r\u00e9actionnaire contre l'\u00e9ducation \u00e0 l'\u00e9galit\u00e9 - FSU-SNUipp 86","og_description":"En ce mois de septembre dans la Vienne, comme ce fut le cas d\u00e9but f\u00e9vrier sur Paris, des \u00e9coles ont re\u00e7u une brochure des vigi-gender intitul\u00e9e \u00ab Le genre en images \u00bb, qui pr\u00e9sente de nouveau leurs mensonges relatifs \u00e0 une pr\u00e9tendue \u00ab th\u00e9orie du genre \u00bb, en une cinquantaine de pages (voir lien). Le SNUipp-FSU est d'ailleurs cit\u00e9 plusieurs fois, et l'\u00e9ducation \u00e0 l'\u00e9galit\u00e9 et la lutte contre les discriminations sont de nouveau discr\u00e9dit\u00e9es. Nous rappelons ci-apr\u00e8s quelques \u00e9l\u00e9ments d'information, au cas o\u00f9 vous devriez faire face \u00e0 cette propagande mensong\u00e8re. - Actions p\u00e9dagogiques","og_url":"https:\/\/snuipp86.fr\/index.php\/2016\/09\/26\/vigi-gender-encore-une-offensive-ractionnaire-contre-lducation-lgalit\/","og_site_name":"FSU-SNUipp 86","article_published_time":"2016-09-26T12:26:00+00:00","og_image":[{"url":"http:\/\/snuipp86.fr\/wp-content\/spip\/IMG\/arton3009.jpg","type":"","width":"","height":""}],"author":"WP86Admin","twitter_card":"summary_large_image","twitter_misc":{"\u00c9crit par":"WP86Admin","Dur\u00e9e de lecture estim\u00e9e":"3 minutes"},"schema":{"@context":"https:\/\/schema.org","@graph":[{"@type":"WebPage","@id":"https:\/\/snuipp86.fr\/index.php\/2016\/09\/26\/vigi-gender-encore-une-offensive-ractionnaire-contre-lducation-lgalit\/","url":"https:\/\/snuipp86.fr\/index.php\/2016\/09\/26\/vigi-gender-encore-une-offensive-ractionnaire-contre-lducation-lgalit\/","name":"\u00ab Vigi-gender \u00bb : encore une offensive r\u00e9actionnaire contre l'\u00e9ducation \u00e0 l'\u00e9galit\u00e9 - FSU-SNUipp 86","isPartOf":{"@id":"https:\/\/snuipp86.fr\/#website"},"primaryImageOfPage":{"@id":"https:\/\/snuipp86.fr\/index.php\/2016\/09\/26\/vigi-gender-encore-une-offensive-ractionnaire-contre-lducation-lgalit\/#primaryimage"},"image":{"@id":"https:\/\/snuipp86.fr\/index.php\/2016\/09\/26\/vigi-gender-encore-une-offensive-ractionnaire-contre-lducation-lgalit\/#primaryimage"},"thumbnailUrl":"http:\/\/snuipp86.fr\/wp-content\/spip\/IMG\/arton3009.jpg","datePublished":"2016-09-26T12:26:00+00:00","author":{"@id":"https:\/\/snuipp86.fr\/#\/schema\/person\/901b28b9ae1c7a63a6a940102e52a7a2"},"breadcrumb":{"@id":"https:\/\/snuipp86.fr\/index.php\/2016\/09\/26\/vigi-gender-encore-une-offensive-ractionnaire-contre-lducation-lgalit\/#breadcrumb"},"inLanguage":"fr-FR","potentialAction":[{"@type":"ReadAction","target":["https:\/\/snuipp86.fr\/index.php\/2016\/09\/26\/vigi-gender-encore-une-offensive-ractionnaire-contre-lducation-lgalit\/"]}]},{"@type":"ImageObject","inLanguage":"fr-FR","@id":"https:\/\/snuipp86.fr\/index.php\/2016\/09\/26\/vigi-gender-encore-une-offensive-ractionnaire-contre-lducation-lgalit\/#primaryimage","url":"http:\/\/snuipp86.fr\/wp-content\/spip\/IMG\/arton3009.jpg","contentUrl":"http:\/\/snuipp86.fr\/wp-content\/spip\/IMG\/arton3009.jpg"},{"@type":"BreadcrumbList","@id":"https:\/\/snuipp86.fr\/index.php\/2016\/09\/26\/vigi-gender-encore-une-offensive-ractionnaire-contre-lducation-lgalit\/#breadcrumb","itemListElement":[{"@type":"ListItem","position":1,"name":"Accueil","item":"https:\/\/snuipp86.fr\/"},{"@type":"ListItem","position":2,"name":"\u00ab Vigi-gender \u00bb : encore une offensive r\u00e9actionnaire contre l&#8217;\u00e9ducation \u00e0 l&#8217;\u00e9galit\u00e9"}]},{"@type":"WebSite","@id":"https:\/\/snuipp86.fr\/#website","url":"https:\/\/snuipp86.fr\/","name":"FSU-SNUipp 86","description":"Des id\u00e9es qui font l&#039;\u00e9cole","potentialAction":[{"@type":"SearchAction","target":{"@type":"EntryPoint","urlTemplate":"https:\/\/snuipp86.fr\/?s={search_term_string}"},"query-input":{"@type":"PropertyValueSpecification","valueRequired":true,"valueName":"search_term_string"}}],"inLanguage":"fr-FR"},{"@type":"Person","@id":"https:\/\/snuipp86.fr\/#\/schema\/person\/901b28b9ae1c7a63a6a940102e52a7a2","name":"WP86Admin","image":{"@type":"ImageObject","inLanguage":"fr-FR","@id":"https:\/\/snuipp86.fr\/#\/schema\/person\/image\/","url":"https:\/\/secure.gravatar.com\/avatar\/0099845c7ec05dc10d777d8ab4f5142c5ba316283821af2459738ad469a37a1a?s=96&d=mm&r=g","contentUrl":"https:\/\/secure.gravatar.com\/avatar\/0099845c7ec05dc10d777d8ab4f5142c5ba316283821af2459738ad469a37a1a?s=96&d=mm&r=g","caption":"WP86Admin"},"url":"https:\/\/snuipp86.fr\/index.php\/author\/wp86admin\/"}]}},"_links":{"self":[{"href":"https:\/\/snuipp86.fr\/index.php\/wp-json\/wp\/v2\/posts\/500","targetHints":{"allow":["GET"]}}],"collection":[{"href":"https:\/\/snuipp86.fr\/index.php\/wp-json\/wp\/v2\/posts"}],"about":[{"href":"https:\/\/snuipp86.fr\/index.php\/wp-json\/wp\/v2\/types\/post"}],"author":[{"embeddable":true,"href":"https:\/\/snuipp86.fr\/index.php\/wp-json\/wp\/v2\/users\/1"}],"replies":[{"embeddable":true,"href":"https:\/\/snuipp86.fr\/index.php\/wp-json\/wp\/v2\/comments?post=500"}],"version-history":[{"count":0,"href":"https:\/\/snuipp86.fr\/index.php\/wp-json\/wp\/v2\/posts\/500\/revisions"}],"wp:attachment":[{"href":"https:\/\/snuipp86.fr\/index.php\/wp-json\/wp\/v2\/media?parent=500"}],"wp:term":[{"taxonomy":"category","embeddable":true,"href":"https:\/\/snuipp86.fr\/index.php\/wp-json\/wp\/v2\/categories?post=500"},{"taxonomy":"post_tag","embeddable":true,"href":"https:\/\/snuipp86.fr\/index.php\/wp-json\/wp\/v2\/tags?post=500"}],"curies":[{"name":"wp","href":"https:\/\/api.w.org\/{rel}","templated":true}]}}