{"id":517,"date":"2016-09-03T08:35:19","date_gmt":"2016-09-03T08:35:19","guid":{"rendered":"http:\/\/localhost\/wordpress\/2016\/09\/03\/capd-du-2-septembre-nominations-de-rentre-ash-lc\/"},"modified":"2016-09-03T08:35:19","modified_gmt":"2016-09-03T08:35:19","slug":"capd-du-2-septembre-nominations-de-rentre-ash-lc","status":"publish","type":"post","link":"https:\/\/snuipp86.fr\/index.php\/2016\/09\/03\/capd-du-2-septembre-nominations-de-rentre-ash-lc\/","title":{"rendered":"CAPD du 2 septembre : nominations de rentr\u00e9e, ASH, LC &#8230;"},"content":{"rendered":"<p><img decoding=\"async\" src=\"https:\/\/snuipp86.fr\/wp-content\/spip\/IMG\/arton3118.jpg\" alt=\"\" align=\"right\" width=\"256\" height=\"197\" class=\"spip_logos\" \/><\/p>\n<div class='rss_texte'>\n<h3 class=\"spip\" id=\"outil_sommaire_0\"><a title=\"Sommaire\" href=\"http:\/\/86.snuipp.fr\/spip.php?page=backend&#038;id_rubrique=#outil_sommaire\" class=\"sommaire_ancre\"> <\/a>CAPD 2 septembre 2016<\/h3>\n<p class=\"spip\"><img decoding=\"async\" src=\"https:\/\/snuipp86.fr\/wp-content\/spip\/cache-vignettes\/L8xH11\/puce-68c92.gif\" width='8' height='11' alt=\"-\" style='height:11px;width:8px;' class='' \/> Affectations de rentr\u00e9e, <br \/><img decoding=\"async\" src=\"https:\/\/snuipp86.fr\/wp-content\/spip\/cache-vignettes\/L8xH11\/puce-68c92.gif\" width='8' height='11' alt=\"-\" style='height:11px;width:8px;' class='' \/> Informations diverses : ineat\/exeat, IEN, ERSEH, appels \u00e0 candidature, <br \/><img decoding=\"async\" src=\"https:\/\/snuipp86.fr\/wp-content\/spip\/cache-vignettes\/L8xH11\/puce-68c92.gif\" width='8' height='11' alt=\"-\" style='height:11px;width:8px;' class='' \/> Questions diverses du SNUipp-FSU : postes adapt\u00e9s, Hors Classe, Formation ASH, CRPE 2016<\/p>\n<dl class='spip_document_2501 spip_documents spip_documents_center' >\n<dt><img src='https:\/\/snuipp86.fr\/wp-content\/spip\/cache-vignettes\/L256xH197\/capd-2-89979.jpg' width='256' height='197' alt='JPEG - 7.9 ko' style='height:197px;width:256px;' class='' \/><\/dt>\n<dt class='spip_doc_titre' style='width:256px;'><strong>capd<\/strong><\/dt>\n<\/dl>\n<p class=\"spip\">Une CAPD qui annonce d&rsquo;ores et d\u00e9j\u00e0 une ann\u00e9e compliqu\u00e9e concernant les remplacements !!! Il n&rsquo;y avait pas assez de personnels pour couvrir tous les postes et donc un certain nombre de brigadiers sont d\u00e9j\u00e0 mobilis\u00e9s \u00e0 l&rsquo;ann\u00e9e ! Le SNUipp-FSU revendique l&rsquo;appel \u00e0 l&rsquo;ensemble de la liste compl\u00e9mentaire.<\/p>\n<h3 class=\"spip\" id=\"outil_sommaire_1\"><a title=\"Sommaire\" href=\"http:\/\/86.snuipp.fr\/spip.php?page=backend&#038;id_rubrique=#outil_sommaire\" class=\"sommaire_ancre\"> <\/a>NOMINATIONS :<\/h3>\n<p class=\"spip\"><a href=\"http:\/\/86.snuipp.fr\/spip.php?article3116\" class=\"spip_out\">retrouvez toutes les nominations sur ce lien http:\/\/86.snuipp.fr\/spip.php ?article3116<\/a><\/p>\n<p class=\"spip\">Il restait 11 enseignant-e-s \u00e0 nommer dont 4 stagiaires \u00e0 mi-temps et 9 postes entiers et 8 supports \u00e0 compl\u00e9ter : l&rsquo;IA a choisi de positionner prioritairement les jeunes coll\u00e8gues \u00e0 temps plein sur les ouvertures suite au CTSD.<\/p>\n<h3 class=\"spip\" id=\"outil_sommaire_2\"><a title=\"Sommaire\" href=\"http:\/\/86.snuipp.fr\/spip.php?page=backend&#038;id_rubrique=#outil_sommaire\" class=\"sommaire_ancre\"> <\/a>INFORMATIONS DIVERSES :<\/h3>\n<p class=\"spip\"><img decoding=\"async\" src=\"https:\/\/snuipp86.fr\/wp-content\/spip\/cache-vignettes\/L8xH11\/puce-68c92.gif\" width='8' height='11' alt=\"-\" style='height:11px;width:8px;' class='' \/> <strong class=\"spip\">Nouveaux IEN :<br \/>\n<\/strong><\/p>\n<ul class=\"spip\">\n<li class=\"spip\"> Nomination de M. ARTAUD, nouvel IENA, pr\u00e9c\u00e9demment IEN \u00e0 Rambouillet, puis au CNED<\/li>\n<li class=\"spip\"> Nomination de M. DESPORT comme IEN de Centre Vienne ASH. L&rsquo;IA a annonc\u00e9 qu&rsquo;il y aurait un \u00ab faisant fonction \u00bb pour cette ann\u00e9e sur le poste d&rsquo;IEN Poitiers Ouest.<\/li>\n<\/ul>\n<p class=\"spip\"><img decoding=\"async\" src=\"https:\/\/snuipp86.fr\/wp-content\/spip\/cache-vignettes\/L8xH11\/puce-68c92.gif\" width='8' height='11' alt=\"-\" style='height:11px;width:8px;' class='' \/> <strong class=\"spip\">Enseignant r\u00e9f\u00e9rent<\/strong> :<\/p>\n<p class=\"spip\">St\u00e9phanie Bouchon est affect\u00e9e provisoirement sur le poste d&rsquo;enseignant r\u00e9f\u00e9rent suite au d\u00e9tachement de St\u00e9phane Bouet (directeur de l&rsquo;EREA de St Aubin dans le 79).<\/p>\n<p class=\"spip\"><img decoding=\"async\" src=\"https:\/\/snuipp86.fr\/wp-content\/spip\/cache-vignettes\/L8xH11\/puce-68c92.gif\" width='8' height='11' alt=\"-\" style='height:11px;width:8px;' class='' \/> <strong class=\"spip\">INEAT \u2013 EXEAT<\/strong> :<\/p>\n<ul class=\"spip\">\n<li class=\"spip\"> 29 demandes pour rapprochements de conjoints : 8 satisfaites<\/li>\n<li class=\"spip\"> 5 demandes raisons m\u00e9dicales : 3 satisfaites<\/li>\n<li class=\"spip\"> 21 demandes raisons personnelles dont 2 satisfaites<\/li>\n<\/ul>\n<p class=\"spip\">Ce sont donc 13 coll\u00e8gues qui sont entr\u00e9s dans le d\u00e9partement.<br \/>\n6 coll\u00e8gues partent du d\u00e9partement.<\/p>\n<p class=\"spip\"><img decoding=\"async\" src=\"https:\/\/snuipp86.fr\/wp-content\/spip\/cache-vignettes\/L8xH11\/puce-68c92.gif\" width='8' height='11' alt=\"-\" style='height:11px;width:8px;' class='' \/> <strong class=\"spip\">Appels \u00e0 candidature<\/strong> :<\/p>\n<ul class=\"spip\">\n<li class=\"spip\"> Psychologue rattach\u00e9 \u00e0 l&rsquo;\u00e9cole Andersen : l&rsquo;appel \u00e0 candidature est rest\u00e9 sans r\u00e9ponse. Il est encore possible d&rsquo;y r\u00e9pondre. Si aucune candidature devait se pr\u00e9senter, l&rsquo;IA envisage soit de r\u00e9organiser avec les autres Rased, soit de recourir \u00e0 un vacataire.<\/li>\n<li class=\"spip\"> Directeur adjoint EREA Mignaloux-Beauvoir : Aucun coll\u00e8gue de la Vienne n&rsquo;avait candidat\u00e9, l&rsquo;IA a trouv\u00e9 une solution externe. Antoine Broch de Charente int\u00e8gre le d\u00e9partement en tant que directeur adjoint de l&rsquo;EREA Mignaloux Beauvoir.<\/li>\n<\/ul>\n<h3 class=\"spip\" id=\"outil_sommaire_3\"><a title=\"Sommaire\" href=\"http:\/\/86.snuipp.fr\/spip.php?page=backend&#038;id_rubrique=#outil_sommaire\" class=\"sommaire_ancre\"> <\/a>QUESTIONS DIVERSES<\/h3>\n<p class=\"spip\"> :<\/p>\n<p class=\"spip\"><img decoding=\"async\" src=\"https:\/\/snuipp86.fr\/wp-content\/spip\/cache-vignettes\/L8xH11\/puce-68c92.gif\" width='8' height='11' alt=\"-\" style='height:11px;width:8px;' class='' \/> <strong class=\"spip\"> Affectation sur Postes adapt\u00e9s<\/strong> :<\/p>\n<p class=\"spip\">Le SNUipp\/FSU a rappel\u00e9 que des situations n&rsquo;\u00e9taient toujours pas r\u00e9gl\u00e9es et a demand\u00e9 \u00e0 ce que l&rsquo;administration propose des solutions adapt\u00e9es \u00e0 ces coll\u00e8gues.<\/p>\n<p class=\"spip\"><img decoding=\"async\" src=\"https:\/\/snuipp86.fr\/wp-content\/spip\/cache-vignettes\/L8xH11\/puce-68c92.gif\" width='8' height='11' alt=\"-\" style='height:11px;width:8px;' class='' \/> <strong class=\"spip\">Passage \u00e0 la Hors classe<\/strong> :<\/p>\n<p class=\"spip\">Suite \u00e0 la derni\u00e8re CAPD, le SNUipp\/FSU avait demand\u00e9 \u00e0 l&rsquo;IA si les personnels changeant de corps pouvaient lib\u00e9rer des opportunit\u00e9s de passage pour les enseignants du 1er degr\u00e9. Cela n&rsquo;est visiblement pas possible d&rsquo;un point de vue juridique.<\/p>\n<p class=\"spip\"><img decoding=\"async\" src=\"https:\/\/snuipp86.fr\/wp-content\/spip\/cache-vignettes\/L8xH11\/puce-68c92.gif\" width='8' height='11' alt=\"-\" style='height:11px;width:8px;' class='' \/> <strong class=\"spip\">Publication des stages ASH modules nationaux :<\/strong><\/p>\n<p class=\"spip\">Suite \u00e0 la demande du SNUipp\/FSU, une annonce sera envoy\u00e9e aux \u00e9coles. Les r\u00e9ponses devront \u00eatre transmises au minist\u00e8re pour le 10 octobre. Retrouvez la liste des formations sur ce lien : <a href=\"http:\/\/www.education.gouv.fr\/pid285\/bulletin_officiel.html?cid_bo=105526\" class=\"spip_out\">http:\/\/www.education.gouv.fr\/pid285\/bulletin_officiel.html ?cid_bo=105526<\/a><\/p>\n<p class=\"spip\"><img decoding=\"async\" src=\"https:\/\/snuipp86.fr\/wp-content\/spip\/cache-vignettes\/L8xH11\/puce-68c92.gif\" width='8' height='11' alt=\"-\" style='height:11px;width:8px;' class='' \/> <strong class=\"spip\"><br \/>\nAppel \u00e0 liste compl\u00e9mentaire<\/strong><\/p>\n<p class=\"spip\">L&rsquo;IA indique que Bercy, c&rsquo;est \u00e0 dire le minist\u00e8re des finances, refuse toujours que le d\u00e9partement fasse appel \u00e0 la liste compl\u00e9mentaire pour augmenter ses effectifs. Pour l&rsquo;instant, 6 personnes de la liste compl\u00e9mentaires ont \u00e9t\u00e9 appel\u00e9s car cela correspondait \u00e0 6 d\u00e9missions ou des postes non pourvus de la liste principale. Une coll\u00e8gue a \u00e9t\u00e9 affect\u00e9e en Vienne par ce dispositif.<\/p>\n<dl class='spip_document_2502 spip_documents spip_documents_center' >\n<dt><img src='https:\/\/snuipp86.fr\/wp-content\/spip\/cache-vignettes\/L234xH216\/elus-person_slideshow-f52aa.jpg' width='234' height='216' alt='JPEG - 13.4 ko' style='height:216px;width:234px;' class='' \/><\/dt>\n<dt class='spip_doc_titre' style='width:234px;'><strong>elus-person_slideshow<\/strong><\/dt>\n<\/dl>\n<p class=\"spip\"><i class=\"spip\"> Les repr\u00e9sentant-e-s des personnels SNUipp86\/FSU : Marieke Brebion &#8211; Philippe Cosson &#8211; Muriel Coirier Fr\u00e9d\u00e9rique Delage &#8211; William Faugeroux &#8211; Fr\u00e9d\u00e9ric Gautreau &#8211; Fabienne La\u00een\u00e9 \u2013 Matthieu Menaut<\/i><\/p>\n<\/div>\n","protected":false},"excerpt":{"rendered":"<p>CAPD 2 septembre 2016 <br \/>Affectations de rentr\u00e9e, <br \/>Informations diverses : ineat\/exeat, IEN, ERSEH, appels \u00e0 candidature, <br \/>Questions diverses du SNUipp-FSU : postes adapt\u00e9s, Hors Classe, Formation ASH, CRPE 2016 <br \/>Une CAPD qui annonce d&rsquo;ores et d\u00e9j\u00e0 une ann\u00e9e compliqu\u00e9e concernant les remplacements !!! Il n&rsquo;y avait pas assez de personnels pour couvrir tous les postes et donc un certain nombre de brigadiers sont d\u00e9j\u00e0 mobilis\u00e9s \u00e0 l&rsquo;ann\u00e9e ! Le SNUipp-FSU revendique (&#8230;)<br \/>\n&#8211;<br \/>\n<a href=\"http:\/\/86.snuipp.fr\/spip.php?rubrique79\" rel=\"directory\">CAPD : Compte-Rendu et D\u00e9clarations du SNUipp<\/a><br \/>\n\/<br \/>\n<a href=\"http:\/\/86.snuipp.fr\/spip.php?mot296\" rel=\"tag\">CAPD<\/a>,<br \/>\n<a href=\"http:\/\/86.snuipp.fr\/spip.php?mot306\" rel=\"tag\">Mouvement<\/a>,<br \/>\n<a href=\"http:\/\/86.snuipp.fr\/spip.php?mot321\" rel=\"tag\">A.S.H<\/a>,<br \/>\n<a href=\"http:\/\/86.snuipp.fr\/spip.php?mot325\" rel=\"tag\">Concours CRPE<\/a><\/p>\n","protected":false},"author":1,"featured_media":0,"comment_status":"open","ping_status":"open","sticky":false,"template":"","format":"standard","meta":{"footnotes":""},"categories":[14],"tags":[],"class_list":["post-517","post","type-post","status-publish","format-standard","hentry","category-a-la-une"],"yoast_head":"<!-- This site is optimized with the Yoast SEO plugin v26.6 - https:\/\/yoast.com\/wordpress\/plugins\/seo\/ -->\n<title>CAPD du 2 septembre : nominations de rentr\u00e9e, ASH, LC ... - FSU-SNUipp 86<\/title>\n<meta name=\"robots\" content=\"index, follow, max-snippet:-1, max-image-preview:large, max-video-preview:-1\" \/>\n<link rel=\"canonical\" href=\"https:\/\/snuipp86.fr\/index.php\/2016\/09\/03\/capd-du-2-septembre-nominations-de-rentre-ash-lc\/\" \/>\n<meta property=\"og:locale\" content=\"fr_FR\" \/>\n<meta property=\"og:type\" content=\"article\" \/>\n<meta property=\"og:title\" content=\"CAPD du 2 septembre : nominations de rentr\u00e9e, ASH, LC ... - FSU-SNUipp 86\" \/>\n<meta property=\"og:description\" content=\"CAPD 2 septembre 2016 Affectations de rentr\u00e9e, Informations diverses : ineat\/exeat, IEN, ERSEH, appels \u00e0 candidature, Questions diverses du SNUipp-FSU : postes adapt\u00e9s, Hors Classe, Formation ASH, CRPE 2016 Une CAPD qui annonce d&#039;ores et d\u00e9j\u00e0 une ann\u00e9e compliqu\u00e9e concernant les remplacements !!! Il n&#039;y avait pas assez de personnels pour couvrir tous les postes et donc un certain nombre de brigadiers sont d\u00e9j\u00e0 mobilis\u00e9s \u00e0 l&#039;ann\u00e9e ! Le SNUipp-FSU revendique (...) - CAPD : Compte-Rendu et D\u00e9clarations du SNUipp \/ CAPD, Mouvement, A.S.H, Concours CRPE\" \/>\n<meta property=\"og:url\" content=\"https:\/\/snuipp86.fr\/index.php\/2016\/09\/03\/capd-du-2-septembre-nominations-de-rentre-ash-lc\/\" \/>\n<meta property=\"og:site_name\" content=\"FSU-SNUipp 86\" \/>\n<meta property=\"article:published_time\" content=\"2016-09-03T08:35:19+00:00\" \/>\n<meta property=\"og:image\" content=\"http:\/\/snuipp86.fr\/wp-content\/spip\/IMG\/arton3118.jpg\" \/>\n<meta name=\"author\" content=\"WP86Admin\" \/>\n<meta name=\"twitter:card\" content=\"summary_large_image\" \/>\n<meta name=\"twitter:label1\" content=\"\u00c9crit par\" \/>\n\t<meta name=\"twitter:data1\" content=\"WP86Admin\" \/>\n\t<meta name=\"twitter:label2\" content=\"Dur\u00e9e de lecture estim\u00e9e\" \/>\n\t<meta name=\"twitter:data2\" content=\"3 minutes\" \/>\n<script type=\"application\/ld+json\" class=\"yoast-schema-graph\">{\"@context\":\"https:\/\/schema.org\",\"@graph\":[{\"@type\":\"WebPage\",\"@id\":\"https:\/\/snuipp86.fr\/index.php\/2016\/09\/03\/capd-du-2-septembre-nominations-de-rentre-ash-lc\/\",\"url\":\"https:\/\/snuipp86.fr\/index.php\/2016\/09\/03\/capd-du-2-septembre-nominations-de-rentre-ash-lc\/\",\"name\":\"CAPD du 2 septembre : nominations de rentr\u00e9e, ASH, LC ... - FSU-SNUipp 86\",\"isPartOf\":{\"@id\":\"https:\/\/snuipp86.fr\/#website\"},\"primaryImageOfPage\":{\"@id\":\"https:\/\/snuipp86.fr\/index.php\/2016\/09\/03\/capd-du-2-septembre-nominations-de-rentre-ash-lc\/#primaryimage\"},\"image\":{\"@id\":\"https:\/\/snuipp86.fr\/index.php\/2016\/09\/03\/capd-du-2-septembre-nominations-de-rentre-ash-lc\/#primaryimage\"},\"thumbnailUrl\":\"http:\/\/snuipp86.fr\/wp-content\/spip\/IMG\/arton3118.jpg\",\"datePublished\":\"2016-09-03T08:35:19+00:00\",\"author\":{\"@id\":\"https:\/\/snuipp86.fr\/#\/schema\/person\/901b28b9ae1c7a63a6a940102e52a7a2\"},\"breadcrumb\":{\"@id\":\"https:\/\/snuipp86.fr\/index.php\/2016\/09\/03\/capd-du-2-septembre-nominations-de-rentre-ash-lc\/#breadcrumb\"},\"inLanguage\":\"fr-FR\",\"potentialAction\":[{\"@type\":\"ReadAction\",\"target\":[\"https:\/\/snuipp86.fr\/index.php\/2016\/09\/03\/capd-du-2-septembre-nominations-de-rentre-ash-lc\/\"]}]},{\"@type\":\"ImageObject\",\"inLanguage\":\"fr-FR\",\"@id\":\"https:\/\/snuipp86.fr\/index.php\/2016\/09\/03\/capd-du-2-septembre-nominations-de-rentre-ash-lc\/#primaryimage\",\"url\":\"http:\/\/snuipp86.fr\/wp-content\/spip\/IMG\/arton3118.jpg\",\"contentUrl\":\"http:\/\/snuipp86.fr\/wp-content\/spip\/IMG\/arton3118.jpg\"},{\"@type\":\"BreadcrumbList\",\"@id\":\"https:\/\/snuipp86.fr\/index.php\/2016\/09\/03\/capd-du-2-septembre-nominations-de-rentre-ash-lc\/#breadcrumb\",\"itemListElement\":[{\"@type\":\"ListItem\",\"position\":1,\"name\":\"Accueil\",\"item\":\"https:\/\/snuipp86.fr\/\"},{\"@type\":\"ListItem\",\"position\":2,\"name\":\"CAPD du 2 septembre : nominations de rentr\u00e9e, ASH, LC &#8230;\"}]},{\"@type\":\"WebSite\",\"@id\":\"https:\/\/snuipp86.fr\/#website\",\"url\":\"https:\/\/snuipp86.fr\/\",\"name\":\"FSU-SNUipp 86\",\"description\":\"Des id\u00e9es qui font l&#039;\u00e9cole\",\"potentialAction\":[{\"@type\":\"SearchAction\",\"target\":{\"@type\":\"EntryPoint\",\"urlTemplate\":\"https:\/\/snuipp86.fr\/?s={search_term_string}\"},\"query-input\":{\"@type\":\"PropertyValueSpecification\",\"valueRequired\":true,\"valueName\":\"search_term_string\"}}],\"inLanguage\":\"fr-FR\"},{\"@type\":\"Person\",\"@id\":\"https:\/\/snuipp86.fr\/#\/schema\/person\/901b28b9ae1c7a63a6a940102e52a7a2\",\"name\":\"WP86Admin\",\"image\":{\"@type\":\"ImageObject\",\"inLanguage\":\"fr-FR\",\"@id\":\"https:\/\/snuipp86.fr\/#\/schema\/person\/image\/\",\"url\":\"https:\/\/secure.gravatar.com\/avatar\/0099845c7ec05dc10d777d8ab4f5142c5ba316283821af2459738ad469a37a1a?s=96&d=mm&r=g\",\"contentUrl\":\"https:\/\/secure.gravatar.com\/avatar\/0099845c7ec05dc10d777d8ab4f5142c5ba316283821af2459738ad469a37a1a?s=96&d=mm&r=g\",\"caption\":\"WP86Admin\"},\"url\":\"https:\/\/snuipp86.fr\/index.php\/author\/wp86admin\/\"}]}<\/script>\n<!-- \/ Yoast SEO plugin. -->","yoast_head_json":{"title":"CAPD du 2 septembre : nominations de rentr\u00e9e, ASH, LC ... - FSU-SNUipp 86","robots":{"index":"index","follow":"follow","max-snippet":"max-snippet:-1","max-image-preview":"max-image-preview:large","max-video-preview":"max-video-preview:-1"},"canonical":"https:\/\/snuipp86.fr\/index.php\/2016\/09\/03\/capd-du-2-septembre-nominations-de-rentre-ash-lc\/","og_locale":"fr_FR","og_type":"article","og_title":"CAPD du 2 septembre : nominations de rentr\u00e9e, ASH, LC ... - FSU-SNUipp 86","og_description":"CAPD 2 septembre 2016 Affectations de rentr\u00e9e, Informations diverses : ineat\/exeat, IEN, ERSEH, appels \u00e0 candidature, Questions diverses du SNUipp-FSU : postes adapt\u00e9s, Hors Classe, Formation ASH, CRPE 2016 Une CAPD qui annonce d'ores et d\u00e9j\u00e0 une ann\u00e9e compliqu\u00e9e concernant les remplacements !!! Il n'y avait pas assez de personnels pour couvrir tous les postes et donc un certain nombre de brigadiers sont d\u00e9j\u00e0 mobilis\u00e9s \u00e0 l'ann\u00e9e ! Le SNUipp-FSU revendique (...) - CAPD : Compte-Rendu et D\u00e9clarations du SNUipp \/ CAPD, Mouvement, A.S.H, Concours CRPE","og_url":"https:\/\/snuipp86.fr\/index.php\/2016\/09\/03\/capd-du-2-septembre-nominations-de-rentre-ash-lc\/","og_site_name":"FSU-SNUipp 86","article_published_time":"2016-09-03T08:35:19+00:00","og_image":[{"url":"http:\/\/snuipp86.fr\/wp-content\/spip\/IMG\/arton3118.jpg","type":"","width":"","height":""}],"author":"WP86Admin","twitter_card":"summary_large_image","twitter_misc":{"\u00c9crit par":"WP86Admin","Dur\u00e9e de lecture estim\u00e9e":"3 minutes"},"schema":{"@context":"https:\/\/schema.org","@graph":[{"@type":"WebPage","@id":"https:\/\/snuipp86.fr\/index.php\/2016\/09\/03\/capd-du-2-septembre-nominations-de-rentre-ash-lc\/","url":"https:\/\/snuipp86.fr\/index.php\/2016\/09\/03\/capd-du-2-septembre-nominations-de-rentre-ash-lc\/","name":"CAPD du 2 septembre : nominations de rentr\u00e9e, ASH, LC ... - FSU-SNUipp 86","isPartOf":{"@id":"https:\/\/snuipp86.fr\/#website"},"primaryImageOfPage":{"@id":"https:\/\/snuipp86.fr\/index.php\/2016\/09\/03\/capd-du-2-septembre-nominations-de-rentre-ash-lc\/#primaryimage"},"image":{"@id":"https:\/\/snuipp86.fr\/index.php\/2016\/09\/03\/capd-du-2-septembre-nominations-de-rentre-ash-lc\/#primaryimage"},"thumbnailUrl":"http:\/\/snuipp86.fr\/wp-content\/spip\/IMG\/arton3118.jpg","datePublished":"2016-09-03T08:35:19+00:00","author":{"@id":"https:\/\/snuipp86.fr\/#\/schema\/person\/901b28b9ae1c7a63a6a940102e52a7a2"},"breadcrumb":{"@id":"https:\/\/snuipp86.fr\/index.php\/2016\/09\/03\/capd-du-2-septembre-nominations-de-rentre-ash-lc\/#breadcrumb"},"inLanguage":"fr-FR","potentialAction":[{"@type":"ReadAction","target":["https:\/\/snuipp86.fr\/index.php\/2016\/09\/03\/capd-du-2-septembre-nominations-de-rentre-ash-lc\/"]}]},{"@type":"ImageObject","inLanguage":"fr-FR","@id":"https:\/\/snuipp86.fr\/index.php\/2016\/09\/03\/capd-du-2-septembre-nominations-de-rentre-ash-lc\/#primaryimage","url":"http:\/\/snuipp86.fr\/wp-content\/spip\/IMG\/arton3118.jpg","contentUrl":"http:\/\/snuipp86.fr\/wp-content\/spip\/IMG\/arton3118.jpg"},{"@type":"BreadcrumbList","@id":"https:\/\/snuipp86.fr\/index.php\/2016\/09\/03\/capd-du-2-septembre-nominations-de-rentre-ash-lc\/#breadcrumb","itemListElement":[{"@type":"ListItem","position":1,"name":"Accueil","item":"https:\/\/snuipp86.fr\/"},{"@type":"ListItem","position":2,"name":"CAPD du 2 septembre : nominations de rentr\u00e9e, ASH, LC &#8230;"}]},{"@type":"WebSite","@id":"https:\/\/snuipp86.fr\/#website","url":"https:\/\/snuipp86.fr\/","name":"FSU-SNUipp 86","description":"Des id\u00e9es qui font l&#039;\u00e9cole","potentialAction":[{"@type":"SearchAction","target":{"@type":"EntryPoint","urlTemplate":"https:\/\/snuipp86.fr\/?s={search_term_string}"},"query-input":{"@type":"PropertyValueSpecification","valueRequired":true,"valueName":"search_term_string"}}],"inLanguage":"fr-FR"},{"@type":"Person","@id":"https:\/\/snuipp86.fr\/#\/schema\/person\/901b28b9ae1c7a63a6a940102e52a7a2","name":"WP86Admin","image":{"@type":"ImageObject","inLanguage":"fr-FR","@id":"https:\/\/snuipp86.fr\/#\/schema\/person\/image\/","url":"https:\/\/secure.gravatar.com\/avatar\/0099845c7ec05dc10d777d8ab4f5142c5ba316283821af2459738ad469a37a1a?s=96&d=mm&r=g","contentUrl":"https:\/\/secure.gravatar.com\/avatar\/0099845c7ec05dc10d777d8ab4f5142c5ba316283821af2459738ad469a37a1a?s=96&d=mm&r=g","caption":"WP86Admin"},"url":"https:\/\/snuipp86.fr\/index.php\/author\/wp86admin\/"}]}},"_links":{"self":[{"href":"https:\/\/snuipp86.fr\/index.php\/wp-json\/wp\/v2\/posts\/517","targetHints":{"allow":["GET"]}}],"collection":[{"href":"https:\/\/snuipp86.fr\/index.php\/wp-json\/wp\/v2\/posts"}],"about":[{"href":"https:\/\/snuipp86.fr\/index.php\/wp-json\/wp\/v2\/types\/post"}],"author":[{"embeddable":true,"href":"https:\/\/snuipp86.fr\/index.php\/wp-json\/wp\/v2\/users\/1"}],"replies":[{"embeddable":true,"href":"https:\/\/snuipp86.fr\/index.php\/wp-json\/wp\/v2\/comments?post=517"}],"version-history":[{"count":0,"href":"https:\/\/snuipp86.fr\/index.php\/wp-json\/wp\/v2\/posts\/517\/revisions"}],"wp:attachment":[{"href":"https:\/\/snuipp86.fr\/index.php\/wp-json\/wp\/v2\/media?parent=517"}],"wp:term":[{"taxonomy":"category","embeddable":true,"href":"https:\/\/snuipp86.fr\/index.php\/wp-json\/wp\/v2\/categories?post=517"},{"taxonomy":"post_tag","embeddable":true,"href":"https:\/\/snuipp86.fr\/index.php\/wp-json\/wp\/v2\/tags?post=517"}],"curies":[{"name":"wp","href":"https:\/\/api.w.org\/{rel}","templated":true}]}}