{"id":52,"date":"2019-03-08T18:48:19","date_gmt":"2019-03-08T18:48:19","guid":{"rendered":"http:\/\/localhost\/wordpress\/2019\/03\/08\/circulaire-mouvement-2019-compte-rendu-du-ctsd-du-8-mars\/"},"modified":"2019-03-08T18:48:19","modified_gmt":"2019-03-08T18:48:19","slug":"circulaire-mouvement-2019-compte-rendu-du-ctsd-du-8-mars","status":"publish","type":"post","link":"https:\/\/snuipp86.fr\/index.php\/2019\/03\/08\/circulaire-mouvement-2019-compte-rendu-du-ctsd-du-8-mars\/","title":{"rendered":"Circulaire mouvement 2019 : compte rendu du CTSD du 8 mars"},"content":{"rendered":"<p><img decoding=\"async\" src=\"https:\/\/snuipp86.fr\/wp-content\/spip\/IMG\/arton4312.png\" alt=\"\" align=\"right\" width=\"120\" height=\"93\" class=\"spip_logos\" \/><\/p>\n<div class='rss_texte'>\n<h3 class=\"spip\" id=\"outil_sommaire_0\"><a title=\"Sommaire\" href=\"http:\/\/86.snuipp.fr\/spip.php?page=backend&#038;id_rubrique=#outil_sommaire\" class=\"sommaire_ancre\"> <\/a>CTSD du 8 mars<br \/>\nCirculaire Mouvement 2019<\/h3>\n<dl class='spip_document_3911 spip_documents spip_documents_center' >\n<dt><img src='https:\/\/snuipp86.fr\/wp-content\/spip\/cache-vignettes\/L120xH93\/rubon79-e8ecc-5-d5179.png' width='120' height='93' alt='PNG - 18.4 ko' style='height:93px;width:120px;' class=' format_png' \/><\/dt>\n<\/dl>\n<p class=\"spip\"><img decoding=\"async\" src=\"https:\/\/snuipp86.fr\/wp-content\/spip\/cache-vignettes\/L8xH11\/puce-68c92.gif\" width='8' height='11' alt=\"-\" style='height:11px;width:8px;' class='' \/> 1- D\u00e9claration liminaire : droits des femmes, carte scolaire, \u00e9valuations, loi Blanquer, fonction publique<\/p>\n<p class=\"spip\"><img decoding=\"async\" src=\"https:\/\/snuipp86.fr\/wp-content\/spip\/cache-vignettes\/L8xH11\/puce-68c92.gif\" width='8' height='11' alt=\"-\" style='height:11px;width:8px;' class='' \/> 2 &#8211; Circulaire mouvement : 2nde phase, voeu \u00e9largi, autres nouveaut\u00e9s, calendrier<\/p>\n<p class=\"spip\"><img decoding=\"async\" src=\"https:\/\/snuipp86.fr\/wp-content\/spip\/cache-vignettes\/L8xH11\/puce-68c92.gif\" width='8' height='11' alt=\"-\" style='height:11px;width:8px;' class='' \/> 3- Questions diverses du SNUipp-FSU 86 : postes en RPI, autisme, PEMF, PES<\/p>\n<p class=\"spip\"><img decoding=\"async\" src=\"https:\/\/snuipp86.fr\/wp-content\/spip\/cache-vignettes\/L8xH11\/puce-68c92.gif\" width='8' height='11' alt=\"-\" style='height:11px;width:8px;' class='' \/> 4 &#8211; Informations diverses ASH : Ulis coll\u00e8ge, Rendez-vous de carri\u00e8re<\/p>\n<hr class=\"spip\" \/>\n<p class=\"spip\"><strong class=\"spip\">Note d&rsquo;ambiance<\/strong> : La circulaire Mouvement a \u00e9t\u00e9 arr\u00eat\u00e9e ce jour en CTSD car le SNALC n&rsquo;a pas vot\u00e9 contre (alors qu&rsquo;ils n&rsquo;ont pas dit un mot lors de ce CTSD) \u2026 mais pourtant, la circulaire n&rsquo;est pas applicable telle quelle !!! En effet, l&rsquo;administration n&rsquo;a pas su r\u00e9pondre \u00e0 plusieurs interrogations du SNUipp-FSU comme le fonctionnement des voeux \u00e9largis, la gestion des priorit\u00e9s d&rsquo;affectation dont on a convaincu l&rsquo;IA de leur utilit\u00e9, mais aussi le contenu de certaines annexes et le d\u00e9roulement des nominations d&rsquo;office. Un nouveau groupe de travail devrait avoir lieu prochainement \u2026 une fois que l&rsquo;administration sera form\u00e9e au nouveau logiciel du mouvement dans les semaines qui viennent !!!! Le SNUipp-FSU est inquiet sur le d\u00e9roulement du mouvement au regard de tout cela car la saisie commence dans 1 mois (12 avril) !<\/p>\n<p class=\"spip\"><strong class=\"spip\"><br \/>\nVote : contre 9 (5 FSU\/CGT, 2 Unsa, 2 Fo) ; abstention 1 Snalc<br \/>\n<\/strong><\/p>\n<p class=\"spip\"><strong class=\"spip\">Pr\u00e9sent-e-s :<\/strong> M. Claverie ( IA) , M. Monlun ( SG) , M. Artaud ( IENA ) , DPE 5 (M. Path\u00e9, Mme Garcia), 4 IEN (Ch\u00e2tellerault, Poitiers Nord, Poitiers Ouest, Poitiers Sud) 5 FSU-CGT, 3 Unsa, 3 FO, 1 Snalc.<\/p>\n<p class=\"spip\">Pour rappel, le SNUipp si\u00e8ge au sein de la d\u00e9l\u00e9gation FSU \/ CGT.<\/p>\n<hr class=\"spip\" \/>\n<h3 class=\"spip\" id=\"outil_sommaire_1\"><a title=\"Sommaire\" href=\"http:\/\/86.snuipp.fr\/spip.php?page=backend&#038;id_rubrique=#outil_sommaire\" class=\"sommaire_ancre\"> <\/a>D\u00e9clarations liminaires : mouvement,mobilisations, AESH, loi Blanque<\/h3>\n<p class=\"spip\">r<\/p>\n<p class=\"spip\"><strong class=\"spip\">1- D\u00e9claration Intersyndicale Mouvement et Mobilisation<\/strong><\/p>\n<p class=\"spip\">Une d\u00e9claration intersyndicale SNUIpp-FSU, Se Unsa et Snudi FO a \u00e9t\u00e9 lue pour d\u00e9noncer les conditions de ce mouvement.<\/p>\n<p class=\"spip\">Afin de r\u00e9clamer le maintien du second mouvement et le retrait du voeu \u00e9largi obligatoire,<\/p>\n<p class=\"spip\">toutes les organisations syndicales organisent des rassemblements dans tous les d\u00e9partements devant les rectorats mercredi 13 mars.<\/p>\n<p class=\"spip\"><span style=\"background-color:yellow;\">A l&rsquo;appel du SNUIpp-FSU, du Se-Unsa, du Snudi-Fo et de Sud Education<\/p>\n<p class=\"spip\">retrouvons nous nombreux-euses \u00e0 14h00 devant le Rectorat de Poitiers. <\/span style=\"background-color:yellow;\"><\/p>\n<p class=\"spip\"><strong class=\"spip\">2- D\u00e9claration FSU \/ CGT :<\/strong><\/p>\n<p class=\"spip\">Le SNUipp-FSU a aussi fait une d\u00e9claration liminaire et a \u00e9voqu\u00e9 :<\/p>\n<p class=\"spip\"><img decoding=\"async\" src=\"https:\/\/snuipp86.fr\/wp-content\/spip\/cache-vignettes\/L8xH11\/puce-68c92.gif\" width='8' height='11' alt=\"-\" style='height:11px;width:8px;' class='' \/> la journ\u00e9e de lutte pour les droits des femmes de ce vendredi 8 mars<\/p>\n<p class=\"spip\"><img decoding=\"async\" src=\"https:\/\/snuipp86.fr\/wp-content\/spip\/cache-vignettes\/L8xH11\/puce-68c92.gif\" width='8' height='11' alt=\"-\" style='height:11px;width:8px;' class='' \/> le soutien aux enseignant-es qui se sont battu-es et qui se battront pour d\u00e9noncer les choix de carte scolaire<\/p>\n<p class=\"spip\"><img decoding=\"async\" src=\"https:\/\/snuipp86.fr\/wp-content\/spip\/cache-vignettes\/L8xH11\/puce-68c92.gif\" width='8' height='11' alt=\"-\" style='height:11px;width:8px;' class='' \/> le soutien aux \u00e9quipes qui ont d\u00e9cid\u00e9 d&rsquo;am\u00e9nager, de ne pas faire passer ou de ne pas faire remonter les \u00e9valuations nationales CP et CE1<\/p>\n<p class=\"spip\"><img decoding=\"async\" src=\"https:\/\/snuipp86.fr\/wp-content\/spip\/cache-vignettes\/L8xH11\/puce-68c92.gif\" width='8' height='11' alt=\"-\" style='height:11px;width:8px;' class='' \/> la loi Blanquer et notre opposition \u00e0 plusieurs articles &#8211; action samedi 30 mars<\/p>\n<p class=\"spip\"><img decoding=\"async\" src=\"https:\/\/snuipp86.fr\/wp-content\/spip\/cache-vignettes\/L8xH11\/puce-68c92.gif\" width='8' height='11' alt=\"-\" style='height:11px;width:8px;' class='' \/> les attaques contre la fonction publique &#8211; la FSU et la CGT appellent \u00e0 la gr\u00e8ve la journ\u00e9e du 19 mars <a href=\"http:\/\/86.snuipp.fr\/spip.php?article4310\" class=\"spip_out\">lien<\/a><\/p>\n<hr class=\"spip\" \/>\n<h3 class=\"spip\" id=\"outil_sommaire_2\"><a title=\"Sommaire\" href=\"http:\/\/86.snuipp.fr\/spip.php?page=backend&#038;id_rubrique=#outil_sommaire\" class=\"sommaire_ancre\"> <\/a>Circulaire mouvement : 2nde phase de voeux, voeu \u00e9largi, autres nouveaut\u00e9s, calendrier<\/h3>\n<p class=\"spip\"><strong class=\"spip\">Les points qui f\u00e2chent<\/strong><\/p>\n<p class=\"spip\"><img decoding=\"async\" src=\"https:\/\/snuipp86.fr\/wp-content\/spip\/cache-vignettes\/L8xH11\/puce-68c92.gif\" width='8' height='11' alt=\"-\" style='height:11px;width:8px;' class='' \/> plus de 2nde Phase de voeux : Le minist\u00e8re n&rsquo;a toujours pas r\u00e9pondu favorablement \u00e0 la demande unitaire des syndicats nationaux de maintenir la 2nde phase de voeux du mouvement, alors que celle-ci est toujours possible dans la circulaire nationale. Cela signifie concr\u00e8tement qu&rsquo;\u00e0 l&rsquo;issue du 1er mouvement, l&rsquo;IA devra nommer d&rsquo;office tou-te-s les coll\u00e8gues sans poste. En 2011, la 2nde phase n&rsquo;existait pas non plus et 170 coll\u00e8gues avaient d\u00fb \u00eatre nomm\u00e9-es d&rsquo;office. Avec la 2nde phase de mouvement, c&rsquo;\u00e9tait seulement une trentaine de coll\u00e8gues qui arrivaient sur des voeux qu&rsquo;ils\/elles n&rsquo;avaient pas choisis. Le SNUipp-FSU s&rsquo;oppose \u00e0 la disparition de la 2nde phase de voeux.<\/p>\n<p class=\"spip\"><img decoding=\"async\" src=\"https:\/\/snuipp86.fr\/wp-content\/spip\/cache-vignettes\/L8xH11\/puce-68c92.gif\" width='8' height='11' alt=\"-\" style='height:11px;width:8px;' class='' \/> un voeu \u00e9largi obligatoire : tou-te-s les coll\u00e8gues sans poste devront faire un voeu zone et\/ou un voeu par cat\u00e9gorie de poste (adjoint, ASH, rempla\u00e7ant, direction 2 \u00e0 7 cl, direction 8 et 9 cl, direction 10 \u00e0 13 cl, direction 14 cl et +). Les nominations sur ces voeux sont \u00e0 titre d\u00e9finitif. Selon l&rsquo;administration, qui n&rsquo;\u00e9tait pas s\u00fbre \u00e0 100% de la faisabilit\u00e9, on pourra associer une zone avec un type de poste et un niveau (mat ou \u00e9l\u00e9m). Exemple : je pourrais faire un voeu adjoint maternelle zone 4 (Lusignan-Vivonne). Les coll\u00e8gues titulaires d&rsquo;un poste n&rsquo;ont aucune obligation de faire un voeu zone. Le SNUipp-FSU s&rsquo;oppose \u00e0 ce voeu zone obligatoire qui nommerait sur un poste non demand\u00e9 \u00e0 titre d\u00e9finitif.<\/p>\n<dl class='spip_document_3910 spip_documents spip_documents_center' >\n<dt><img src='https:\/\/snuipp86.fr\/wp-content\/spip\/IMG\/jpg\/18221863_1931492443748668_4298248285927446439_n.jpg' width='520' height='363' alt='JPEG - 41.4 ko' style='height:363px;width:520px;' class='' \/><\/dt>\n<\/dl>\n<p class=\"spip\"><strong class=\"spip\"><br \/>\nLes nouveaut\u00e9s obtenues par le SNUipp-FSU 86<\/strong><\/p>\n<p class=\"spip\"><img decoding=\"async\" src=\"https:\/\/snuipp86.fr\/wp-content\/spip\/cache-vignettes\/L8xH11\/puce-68c92.gif\" width='8' height='11' alt=\"-\" style='height:11px;width:8px;' class='' \/> 40 voeux possibles au lieu de 30. Le SG a pr\u00e9cis\u00e9 qu&rsquo;il sera aussi possible de faire 40 voeux \u00e9largis\u2026. ce qui fait que les coll\u00e8gues sans poste peuvent faire 80 voeux !<\/p>\n<p class=\"spip\"><img decoding=\"async\" src=\"https:\/\/snuipp86.fr\/wp-content\/spip\/cache-vignettes\/L8xH11\/puce-68c92.gif\" width='8' height='11' alt=\"-\" style='height:11px;width:8px;' class='' \/> Cr\u00e9ation de nouveaux postes fractionn\u00e9s \u00e0 titre d\u00e9finitif d\u00e8s ce mouvement. Rappel : ces postes ont \u00e9t\u00e9 cr\u00e9\u00e9s \u00e0 la seule demande du SNUipp-FSU et leur augmentation en nombre est une de nos revendications chaque ann\u00e9e. L&rsquo;IA a accept\u00e9 car il refuse toujours d&rsquo;accorder les priorit\u00e9s d&rsquo;affectation sur tous les postes fractionn\u00e9s. Les nouveaux postes n&rsquo;ont pas \u00e9t\u00e9 arr\u00eat\u00e9s et l&rsquo;administration a demand\u00e9 aux syndicats de faire des propositions. Faites-nous remonter vos demandes.<\/p>\n<p class=\"spip\"><img decoding=\"async\" src=\"https:\/\/snuipp86.fr\/wp-content\/spip\/cache-vignettes\/L8xH11\/puce-68c92.gif\" width='8' height='11' alt=\"-\" style='height:11px;width:8px;' class='' \/> Maintien des zones de voeux sp\u00e9cifiques Poitiers et Ch\u00e2tellerault avec option \u00e9ducation prioritaire ou pas. Dans le projet de l&rsquo;IA, les villes de Poitiers et Ch\u00e2tellerault \u00e9taient m\u00e9lang\u00e9es aux 12 zones g\u00e9ographiques. De fait, il y aura 16 possibilit\u00e9s de zones.<\/p>\n<p class=\"spip\"><img decoding=\"async\" src=\"https:\/\/snuipp86.fr\/wp-content\/spip\/cache-vignettes\/L8xH11\/puce-68c92.gif\" width='8' height='11' alt=\"-\" style='height:11px;width:8px;' class='' \/> Reconnaissance de la difficult\u00e9 scolaire sur de nouvelles \u00e9coles : Poitiers Mermoz, Ch\u00e2tellerault Haigner\u00e9 Jean Zay et Painlev\u00e9. Avec cette priorit\u00e9, des bonifications de 3 pts au del\u00e0 de 3 ans d&rsquo;exercice s&rsquo;appliquent et cela permet des priorit\u00e9s d&rsquo;affectation sur poste fractionn\u00e9.<\/p>\n<p class=\"spip\"><img decoding=\"async\" src=\"https:\/\/snuipp86.fr\/wp-content\/spip\/cache-vignettes\/L8xH11\/puce-68c92.gif\" width='8' height='11' alt=\"-\" style='height:11px;width:8px;' class='' \/> Mesures pour les Rased et les TR infra avec les changements de circo. L&rsquo;administration a cependant refus\u00e9 la demande du SNUIpp-FSU que tou-te-s les TR infra b\u00e9n\u00e9ficient de 5 points, seul-e celles et ceux de la circonscription de Poitiers Nord pourront en b\u00e9n\u00e9ficier.<\/p>\n<p class=\"spip\"><img decoding=\"async\" src=\"https:\/\/snuipp86.fr\/wp-content\/spip\/cache-vignettes\/L8xH11\/puce-68c92.gif\" width='8' height='11' alt=\"-\" style='height:11px;width:8px;' class='' \/> Reconnaissance des situations de garde altern\u00e9e. 0.5 pts par ann\u00e9e.<\/p>\n<p class=\"spip\"><img decoding=\"async\" src=\"https:\/\/snuipp86.fr\/wp-content\/spip\/cache-vignettes\/L8xH11\/puce-68c92.gif\" width='8' height='11' alt=\"-\" style='height:11px;width:8px;' class='' \/> Affichage des \u00e9coles avec dispositifs particuliers en terme d&rsquo;inclusion<\/p>\n<p class=\"spip\"><img decoding=\"async\" src=\"https:\/\/snuipp86.fr\/wp-content\/spip\/cache-vignettes\/L8xH11\/puce-68c92.gif\" width='8' height='11' alt=\"-\" style='height:11px;width:8px;' class='' \/> M\u00eame traitement des directeurs-trices dans toutes les situations de carte scolaire ( fusion, fermeture \u00e9cole, p\u00f4le \u00e9ducatif, RPI). 15 pts sur les voeux de direction<\/p>\n<p class=\"spip\"><img decoding=\"async\" src=\"https:\/\/snuipp86.fr\/wp-content\/spip\/cache-vignettes\/L8xH11\/puce-68c92.gif\" width='8' height='11' alt=\"-\" style='height:11px;width:8px;' class='' \/> Carte scolaire : les postes en CP et CE1 seront consid\u00e9r\u00e9s comme tous les postes d&rsquo;adjoint-es sans distinction en cas de mesure de carte scolaire sur l&rsquo;\u00e9cole. C&rsquo;est donc le\/la dernier-\u00e8re coll\u00e8gue arriv\u00e9-e dans l&rsquo;\u00e9cole que ce soit sur un poste d&rsquo;adjoint-e, de CP12 ou CE12 qui est touch\u00e9-e par la mesure de carte scolaire. Le SNUipp-FSU a aussi demand\u00e9 que le support de poste de ma\u00eetre suppl\u00e9mentaire soit consid\u00e9r\u00e9 commes les autres postes d&rsquo;adjoint-e en cas de mesure de carte scolaire. L&rsquo;IA a refus\u00e9 \u00e9voquant un blocage administratif &#8230;<\/p>\n<p class=\"spip\"><img decoding=\"async\" src=\"https:\/\/snuipp86.fr\/wp-content\/spip\/cache-vignettes\/L8xH11\/puce-68c92.gif\" width='8' height='11' alt=\"-\" style='height:11px;width:8px;' class='' \/> Carte scolaire : nous avons fait act\u00e9 qu&rsquo;un-e coll\u00e8gue nomm\u00e9-e sur un support ma\u00eetre + puisse faire un \u00e9change avec un adjoint-e pour prendre la mesure de carte scolaire s&rsquo;il\/elle le souhaite.<\/p>\n<p class=\"spip\"><strong class=\"spip\"><\/p>\n<p class=\"spip\">Calendrier :<\/strong><\/p>\n<p class=\"spip\">Le SNUipp-FSU a d\u00e9montr\u00e9 l&rsquo;impossibilit\u00e9 de tenir ce calendrier. La somme de travail \u00e0 effectuer entre les r\u00e9sultats de la 1\u00e8re phase du mouvement et le travail sur les postes fractionn\u00e9s est impossible pour les personnels administratifs comme pour les repr\u00e9sentant-es du personnel. L&rsquo;administration doit \u00e9tudier des modifications &#8230;<\/p>\n<p class=\"spip\"><img decoding=\"async\" src=\"https:\/\/snuipp86.fr\/wp-content\/spip\/cache-vignettes\/L8xH11\/puce-68c92.gif\" width='8' height='11' alt=\"-\" style='height:11px;width:8px;' class='' \/> > renonce de poste \u00e0 envoyer avant le 4 avril et \u00e9tudi\u00e9e \u00e0 la CAPD du 11 avril <br \/><img decoding=\"async\" src=\"https:\/\/snuipp86.fr\/wp-content\/spip\/cache-vignettes\/L8xH11\/puce-68c92.gif\" width='8' height='11' alt=\"-\" style='height:11px;width:8px;' class='' \/> > parution des postes vacants : vendredi 12 avril <br \/><img decoding=\"async\" src=\"https:\/\/snuipp86.fr\/wp-content\/spip\/cache-vignettes\/L8xH11\/puce-68c92.gif\" width='8' height='11' alt=\"-\" style='height:11px;width:8px;' class='' \/> > saisie des voeux sur SIAM : vendredi 12 avril au jeudi 9 mai minuit <br \/><img decoding=\"async\" src=\"https:\/\/snuipp86.fr\/wp-content\/spip\/cache-vignettes\/L8xH11\/puce-68c92.gif\" width='8' height='11' alt=\"-\" style='height:11px;width:8px;' class='' \/> > envoi des accus\u00e9s de r\u00e9ception de bar\u00e8me : mercredi 15 mai <br \/><img decoding=\"async\" src=\"https:\/\/snuipp86.fr\/wp-content\/spip\/cache-vignettes\/L8xH11\/puce-68c92.gif\" width='8' height='11' alt=\"-\" style='height:11px;width:8px;' class='' \/> > date limite de v\u00e9rification des \u00e9l\u00e9ments de bar\u00e8me : mercredi 22 mai <br \/><img decoding=\"async\" src=\"https:\/\/snuipp86.fr\/wp-content\/spip\/cache-vignettes\/L8xH11\/puce-68c92.gif\" width='8' height='11' alt=\"-\" style='height:11px;width:8px;' class='' \/> > CAPD Modifications de bar\u00e8mes et \u00e9tudes des demandes li\u00e9es au Handicap et des situations particuli\u00e8res : lundi 3 juin <br \/><img decoding=\"async\" src=\"https:\/\/snuipp86.fr\/wp-content\/spip\/cache-vignettes\/L8xH11\/puce-68c92.gif\" width='8' height='11' alt=\"-\" style='height:11px;width:8px;' class='' \/> > CAPD Mouvement d\u00e9partemental : jeudi 13 juin <br \/><img decoding=\"async\" src=\"https:\/\/snuipp86.fr\/wp-content\/spip\/cache-vignettes\/L8xH11\/puce-68c92.gif\" width='8' height='11' alt=\"-\" style='height:11px;width:8px;' class='' \/> > groupes de travail postes fractionn\u00e9s : jeudi 20 et vendredi 21 juin <br \/><img decoding=\"async\" src=\"https:\/\/snuipp86.fr\/wp-content\/spip\/cache-vignettes\/L8xH11\/puce-68c92.gif\" width='8' height='11' alt=\"-\" style='height:11px;width:8px;' class='' \/> > CAPD ajustement : jeudi 27 juin <br \/><img decoding=\"async\" src=\"https:\/\/snuipp86.fr\/wp-content\/spip\/cache-vignettes\/L8xH11\/puce-68c92.gif\" width='8' height='11' alt=\"-\" style='height:11px;width:8px;' class='' \/> > CAPD ajustement et r\u00e9vision d&rsquo;affectations : jeudi 4 juillet <br \/><img decoding=\"async\" src=\"https:\/\/snuipp86.fr\/wp-content\/spip\/cache-vignettes\/L8xH11\/puce-68c92.gif\" width='8' height='11' alt=\"-\" style='height:11px;width:8px;' class='' \/> > CAPD affectations de rentr\u00e9e : mardi 3 septembre<\/p>\n<hr class=\"spip\" \/>\n<h3 class=\"spip\" id=\"outil_sommaire_3\"><a title=\"Sommaire\" href=\"http:\/\/86.snuipp.fr\/spip.php?page=backend&#038;id_rubrique=#outil_sommaire\" class=\"sommaire_ancre\"> <\/a>Questions diverses du SNUipp-FSU 86 : postes en RPI, autisme, PEMF, PES, postes fractionn\u00e9s<\/h3>\n<p class=\"spip\"><strong class=\"spip\">Ouvertures et fermetures de postes en RPI : lieu d&rsquo;implantation ?<\/strong><\/p>\n<p class=\"spip\"><img decoding=\"async\" src=\"https:\/\/snuipp86.fr\/wp-content\/spip\/cache-vignettes\/L8xH11\/puce-68c92.gif\" width='8' height='11' alt=\"-\" style='height:11px;width:8px;' class='' \/> Chapelle-Viviers\/leignes sur Fontaine : l&rsquo;IA souhaite suivre la pr\u00e9conisation du conseil de ma\u00eetres en ouvrant sur La Chapelle-Viviers, ce qui g\u00e9n\u00e8re une d\u00e9charge de direction d&rsquo;\u00bc. avec le passage \u00e0 4 classes. L&rsquo;IA attend l&rsquo;avis des communes.<\/p>\n<p class=\"spip\"><img decoding=\"async\" src=\"https:\/\/snuipp86.fr\/wp-content\/spip\/cache-vignettes\/L8xH11\/puce-68c92.gif\" width='8' height='11' alt=\"-\" style='height:11px;width:8px;' class='' \/> Curzay\/Sanxay (Jazeneuil) : Une r\u00e9union publique pour la cr\u00e9ation d&rsquo;un nouveau RPI) doit avoir lieu le 12 mars.<\/p>\n<p class=\"spip\"><img decoding=\"async\" src=\"https:\/\/snuipp86.fr\/wp-content\/spip\/cache-vignettes\/L8xH11\/puce-68c92.gif\" width='8' height='11' alt=\"-\" style='height:11px;width:8px;' class='' \/> Coussay \/Leigne les Bois : la fermeture conditionnelle serait sur Coussay.<\/p>\n<p class=\"spip\"><strong class=\"spip\">La Vienne est-elle concern\u00e9e par la r\u00e9serve de 150 postes mis en \u00ab\u00a0r\u00e9serve\u00a0\u00bb pour la poursuite du plan Autisme, les conventions rurales et d&rsquo;\u00e9ventuelles mesures d&rsquo;ajustement ?<\/strong><\/p>\n<p class=\"spip\">Le poste SESSAD TED a \u00e9t\u00e9 ferm\u00e9 en carte scolaire mais la strat\u00e9gie nationale 2018-2022 sur l&rsquo;Autisme pr\u00e9conise la mise en place d&rsquo;un r\u00e9f\u00e9rent d\u00e9partemental autisme (1 par d\u00e9partement). La Vienne ayant d\u00e9j\u00e0 b\u00e9n\u00e9fici\u00e9 d&rsquo;un poste suppl\u00e9mentaire pour la rentr\u00e9e 2019 (\u00e0 Pablo Neruda \u00e9l\u00e9mentaire), elle devrait disposer d&rsquo;un nouveau moyen en 2020. D&rsquo;ici l\u00e0, cette mission de r\u00e9f\u00e9rent \u201cautisme\u201d sera assur\u00e9e par un enseignant r\u00e9f\u00e9rent dont le poste est cr\u00e9\u00e9 \u00e0 la rentr\u00e9e.<\/p>\n<p class=\"spip\"><strong class=\"spip\">Missions des PEMF \u00e0 l&rsquo;ESPE \/ ISPE : y a-t-il des \u00e9volutions ?<\/strong><\/p>\n<p class=\"spip\">Le ministre souhaite plus de personnels exer\u00e7ant en classe, au sein des futurs ISPE, nouveau nom des ESPE. Cela signifierait que d&rsquo;autres coll\u00e8gues PEMF du 1er degr\u00e9 pourraient avoir une d\u00e9charge suppl\u00e9mentaire. L&rsquo;IENA a indiqu\u00e9 que pour l&rsquo;instant rien n&rsquo;\u00e9tait envisag\u00e9 dans ce sens, car l&rsquo;\u00e9volution de la formation et des missions est toujours en discussion au minist\u00e8re.<\/p>\n<p class=\"spip\"><strong class=\"spip\"> Nombre de PES 2019\/2020 en Vienne ?<\/strong><\/p>\n<p class=\"spip\">Le nombre de PES \u00e0 la rentr\u00e9e devrait \u00eatre sensiblement le m\u00eame que cette ann\u00e9e (58) selon le secr\u00e9taire g\u00e9n\u00e9ral. La confirmation devrait \u00eatre faite au CTA de mardi 12 mars.<\/p>\n<p class=\"spip\">Le SNUipp-FSU a demand\u00e9 que les postes bloqu\u00e9s (environ 33) pour les PES ne le soient pas tous avant le 1er mouvement pour ne pas bloquer le mouvement des titulaires. L&rsquo;IENA est d&rsquo;accord et nous transmettra la liste des postes ult\u00e9rieurement.<\/p>\n<hr class=\"spip\" \/>\n<h3 class=\"spip\" id=\"outil_sommaire_4\"><a title=\"Sommaire\" href=\"http:\/\/86.snuipp.fr\/spip.php?page=backend&#038;id_rubrique=#outil_sommaire\" class=\"sommaire_ancre\"> <\/a>INFORMATIONS ASH<\/h3>\n<p class=\"spip\"><img decoding=\"async\" src=\"https:\/\/snuipp86.fr\/wp-content\/spip\/cache-vignettes\/L8xH11\/puce-68c92.gif\" width='8' height='11' alt=\"-\" style='height:11px;width:8px;' class='' \/> <strong class=\"spip\">ULIS coll\u00e8ge \u00e0 Chauvigny<\/strong> : Une ULIS coll\u00e8ge devrait \u00eatre ouverte au coll\u00e8ge Jean Arnault de Chauvigny \u00e0 la prochaine rentr\u00e9e. Cette ouverture doit encore \u00eatre valid\u00e9e lors du CTA de mardi 12 mars.<\/p>\n<p class=\"spip\"><img decoding=\"async\" src=\"https:\/\/snuipp86.fr\/wp-content\/spip\/cache-vignettes\/L8xH11\/puce-68c92.gif\" width='8' height='11' alt=\"-\" style='height:11px;width:8px;' class='' \/> <strong class=\"spip\"> Rendez-vous de carri\u00e8re ASH<\/strong> : Concernant les \u201crendez-vous carri\u00e8re\u201d des coll\u00e8gues en ULIS \u00e9cole, ils sont d\u00e9sormais tous assur\u00e9s par l&rsquo;IEN de circonscription et non plus par l&rsquo;IEN ASH. L&rsquo;IEN-ASH assure toujours les rendez-vous carri\u00e8re des coll\u00e8gues en \u00c9tablissements M\u00e9dico-sociaux, des SEGPA\/EREA, des ULIS-coll\u00e8ge et lyc\u00e9e pro\u2026 D\u00e9sormais, toutes les ULIS sont rattach\u00e9es \u00e0 leur circonscription.<\/p>\n<p class=\"spip\"><strong class=\"spip\">Prochain CTSD<\/strong> : CTSD d&rsquo;ajustement Carte Scolaire : 11 juin<\/p>\n<p class=\"spip\"><i class=\"spip\">Pour la FSU\/CGT 86, vos repr\u00e9sentant-es des personnels : Fr\u00e9d\u00e9ric Belly, Fr\u00e9d\u00e9rique Delage, Charles Girault, Fabienne La\u00een\u00e9, Julien Mass\u00e9 et Matthieu Menaut <\/i><\/p>\n<dl class='spip_document_3909 spip_documents spip_documents_center' >\n<dt><img src='https:\/\/snuipp86.fr\/wp-content\/spip\/cache-vignettes\/L500xH358\/brizemurmouv-c2083-d820a.jpg' width='500' height='358' alt='JPEG - 57.2 ko' style='height:358px;width:500px;' class='' \/><\/dt>\n<dt class='spip_doc_titre' style='width:350px;'><strong>brizemurmouv-c2083<\/strong><\/dt>\n<\/dl>\n<\/div>\n","protected":false},"excerpt":{"rendered":"<p>CTSD du 8 mars <br \/>Circulaire Mouvement 2019 <br \/>1- D\u00e9claration liminaire : droits des femmes, carte scolaire, \u00e9valuations, loi Blanquer, fonction publique <br \/>2 &#8211; Circulaire mouvement : 2nde phase, voeu \u00e9largi, autres nouveaut\u00e9s, calendrier <br \/>3- Questions diverses du SNUipp-FSU 86 : postes en RPI, autisme, PEMF, PES <br \/>4 &#8211; Informations diverses ASH : Ulis coll\u00e8ge, Rendez-vous de carri\u00e8re <br \/>Note d&rsquo;ambiance : La circulaire Mouvement a \u00e9t\u00e9 arr\u00eat\u00e9e ce jour en CTSD car le SNALC n&rsquo;a pas vot\u00e9 (&#8230;)<br \/>\n&#8211;<br \/>\n<a href=\"http:\/\/86.snuipp.fr\/spip.php?rubrique36\" rel=\"directory\">CTSD<\/a><br \/>\n\/<br \/>\n<a href=\"http:\/\/86.snuipp.fr\/spip.php?mot306\" rel=\"tag\">Mouvement<\/a><\/p>\n","protected":false},"author":1,"featured_media":0,"comment_status":"open","ping_status":"open","sticky":false,"template":"","format":"standard","meta":{"footnotes":""},"categories":[14],"tags":[],"class_list":["post-52","post","type-post","status-publish","format-standard","hentry","category-a-la-une"],"yoast_head":"<!-- This site is optimized with the Yoast SEO plugin v26.6 - https:\/\/yoast.com\/wordpress\/plugins\/seo\/ -->\n<title>Circulaire mouvement 2019 : compte rendu du CTSD du 8 mars - FSU-SNUipp 86<\/title>\n<meta name=\"robots\" content=\"index, follow, max-snippet:-1, max-image-preview:large, max-video-preview:-1\" \/>\n<link rel=\"canonical\" href=\"https:\/\/snuipp86.fr\/index.php\/2019\/03\/08\/circulaire-mouvement-2019-compte-rendu-du-ctsd-du-8-mars\/\" \/>\n<meta property=\"og:locale\" content=\"fr_FR\" \/>\n<meta property=\"og:type\" content=\"article\" \/>\n<meta property=\"og:title\" content=\"Circulaire mouvement 2019 : compte rendu du CTSD du 8 mars - FSU-SNUipp 86\" \/>\n<meta property=\"og:description\" content=\"CTSD du 8 mars Circulaire Mouvement 2019 1- D\u00e9claration liminaire : droits des femmes, carte scolaire, \u00e9valuations, loi Blanquer, fonction publique 2 - Circulaire mouvement : 2nde phase, voeu \u00e9largi, autres nouveaut\u00e9s, calendrier 3- Questions diverses du SNUipp-FSU 86 : postes en RPI, autisme, PEMF, PES 4 - Informations diverses ASH : Ulis coll\u00e8ge, Rendez-vous de carri\u00e8re Note d&#039;ambiance : La circulaire Mouvement a \u00e9t\u00e9 arr\u00eat\u00e9e ce jour en CTSD car le SNALC n&#039;a pas vot\u00e9 (...) - CTSD \/ Mouvement\" \/>\n<meta property=\"og:url\" content=\"https:\/\/snuipp86.fr\/index.php\/2019\/03\/08\/circulaire-mouvement-2019-compte-rendu-du-ctsd-du-8-mars\/\" \/>\n<meta property=\"og:site_name\" content=\"FSU-SNUipp 86\" \/>\n<meta property=\"article:published_time\" content=\"2019-03-08T18:48:19+00:00\" \/>\n<meta property=\"og:image\" content=\"http:\/\/snuipp86.fr\/wp-content\/spip\/IMG\/arton4312.png\" \/>\n<meta name=\"author\" content=\"WP86Admin\" \/>\n<meta name=\"twitter:card\" content=\"summary_large_image\" \/>\n<meta name=\"twitter:label1\" content=\"\u00c9crit par\" \/>\n\t<meta name=\"twitter:data1\" content=\"WP86Admin\" \/>\n\t<meta name=\"twitter:label2\" content=\"Dur\u00e9e de lecture estim\u00e9e\" \/>\n\t<meta name=\"twitter:data2\" content=\"9 minutes\" \/>\n<script type=\"application\/ld+json\" class=\"yoast-schema-graph\">{\"@context\":\"https:\/\/schema.org\",\"@graph\":[{\"@type\":\"WebPage\",\"@id\":\"https:\/\/snuipp86.fr\/index.php\/2019\/03\/08\/circulaire-mouvement-2019-compte-rendu-du-ctsd-du-8-mars\/\",\"url\":\"https:\/\/snuipp86.fr\/index.php\/2019\/03\/08\/circulaire-mouvement-2019-compte-rendu-du-ctsd-du-8-mars\/\",\"name\":\"Circulaire mouvement 2019 : compte rendu du CTSD du 8 mars - FSU-SNUipp 86\",\"isPartOf\":{\"@id\":\"https:\/\/snuipp86.fr\/#website\"},\"primaryImageOfPage\":{\"@id\":\"https:\/\/snuipp86.fr\/index.php\/2019\/03\/08\/circulaire-mouvement-2019-compte-rendu-du-ctsd-du-8-mars\/#primaryimage\"},\"image\":{\"@id\":\"https:\/\/snuipp86.fr\/index.php\/2019\/03\/08\/circulaire-mouvement-2019-compte-rendu-du-ctsd-du-8-mars\/#primaryimage\"},\"thumbnailUrl\":\"http:\/\/snuipp86.fr\/wp-content\/spip\/IMG\/arton4312.png\",\"datePublished\":\"2019-03-08T18:48:19+00:00\",\"author\":{\"@id\":\"https:\/\/snuipp86.fr\/#\/schema\/person\/901b28b9ae1c7a63a6a940102e52a7a2\"},\"breadcrumb\":{\"@id\":\"https:\/\/snuipp86.fr\/index.php\/2019\/03\/08\/circulaire-mouvement-2019-compte-rendu-du-ctsd-du-8-mars\/#breadcrumb\"},\"inLanguage\":\"fr-FR\",\"potentialAction\":[{\"@type\":\"ReadAction\",\"target\":[\"https:\/\/snuipp86.fr\/index.php\/2019\/03\/08\/circulaire-mouvement-2019-compte-rendu-du-ctsd-du-8-mars\/\"]}]},{\"@type\":\"ImageObject\",\"inLanguage\":\"fr-FR\",\"@id\":\"https:\/\/snuipp86.fr\/index.php\/2019\/03\/08\/circulaire-mouvement-2019-compte-rendu-du-ctsd-du-8-mars\/#primaryimage\",\"url\":\"http:\/\/snuipp86.fr\/wp-content\/spip\/IMG\/arton4312.png\",\"contentUrl\":\"http:\/\/snuipp86.fr\/wp-content\/spip\/IMG\/arton4312.png\"},{\"@type\":\"BreadcrumbList\",\"@id\":\"https:\/\/snuipp86.fr\/index.php\/2019\/03\/08\/circulaire-mouvement-2019-compte-rendu-du-ctsd-du-8-mars\/#breadcrumb\",\"itemListElement\":[{\"@type\":\"ListItem\",\"position\":1,\"name\":\"Accueil\",\"item\":\"https:\/\/snuipp86.fr\/\"},{\"@type\":\"ListItem\",\"position\":2,\"name\":\"Circulaire mouvement 2019 : compte rendu du CTSD du 8 mars\"}]},{\"@type\":\"WebSite\",\"@id\":\"https:\/\/snuipp86.fr\/#website\",\"url\":\"https:\/\/snuipp86.fr\/\",\"name\":\"FSU-SNUipp 86\",\"description\":\"Des id\u00e9es qui font l&#039;\u00e9cole\",\"potentialAction\":[{\"@type\":\"SearchAction\",\"target\":{\"@type\":\"EntryPoint\",\"urlTemplate\":\"https:\/\/snuipp86.fr\/?s={search_term_string}\"},\"query-input\":{\"@type\":\"PropertyValueSpecification\",\"valueRequired\":true,\"valueName\":\"search_term_string\"}}],\"inLanguage\":\"fr-FR\"},{\"@type\":\"Person\",\"@id\":\"https:\/\/snuipp86.fr\/#\/schema\/person\/901b28b9ae1c7a63a6a940102e52a7a2\",\"name\":\"WP86Admin\",\"image\":{\"@type\":\"ImageObject\",\"inLanguage\":\"fr-FR\",\"@id\":\"https:\/\/snuipp86.fr\/#\/schema\/person\/image\/\",\"url\":\"https:\/\/secure.gravatar.com\/avatar\/0099845c7ec05dc10d777d8ab4f5142c5ba316283821af2459738ad469a37a1a?s=96&d=mm&r=g\",\"contentUrl\":\"https:\/\/secure.gravatar.com\/avatar\/0099845c7ec05dc10d777d8ab4f5142c5ba316283821af2459738ad469a37a1a?s=96&d=mm&r=g\",\"caption\":\"WP86Admin\"},\"url\":\"https:\/\/snuipp86.fr\/index.php\/author\/wp86admin\/\"}]}<\/script>\n<!-- \/ Yoast SEO plugin. -->","yoast_head_json":{"title":"Circulaire mouvement 2019 : compte rendu du CTSD du 8 mars - FSU-SNUipp 86","robots":{"index":"index","follow":"follow","max-snippet":"max-snippet:-1","max-image-preview":"max-image-preview:large","max-video-preview":"max-video-preview:-1"},"canonical":"https:\/\/snuipp86.fr\/index.php\/2019\/03\/08\/circulaire-mouvement-2019-compte-rendu-du-ctsd-du-8-mars\/","og_locale":"fr_FR","og_type":"article","og_title":"Circulaire mouvement 2019 : compte rendu du CTSD du 8 mars - FSU-SNUipp 86","og_description":"CTSD du 8 mars Circulaire Mouvement 2019 1- D\u00e9claration liminaire : droits des femmes, carte scolaire, \u00e9valuations, loi Blanquer, fonction publique 2 - Circulaire mouvement : 2nde phase, voeu \u00e9largi, autres nouveaut\u00e9s, calendrier 3- Questions diverses du SNUipp-FSU 86 : postes en RPI, autisme, PEMF, PES 4 - Informations diverses ASH : Ulis coll\u00e8ge, Rendez-vous de carri\u00e8re Note d'ambiance : La circulaire Mouvement a \u00e9t\u00e9 arr\u00eat\u00e9e ce jour en CTSD car le SNALC n'a pas vot\u00e9 (...) - CTSD \/ Mouvement","og_url":"https:\/\/snuipp86.fr\/index.php\/2019\/03\/08\/circulaire-mouvement-2019-compte-rendu-du-ctsd-du-8-mars\/","og_site_name":"FSU-SNUipp 86","article_published_time":"2019-03-08T18:48:19+00:00","og_image":[{"url":"http:\/\/snuipp86.fr\/wp-content\/spip\/IMG\/arton4312.png","type":"","width":"","height":""}],"author":"WP86Admin","twitter_card":"summary_large_image","twitter_misc":{"\u00c9crit par":"WP86Admin","Dur\u00e9e de lecture estim\u00e9e":"9 minutes"},"schema":{"@context":"https:\/\/schema.org","@graph":[{"@type":"WebPage","@id":"https:\/\/snuipp86.fr\/index.php\/2019\/03\/08\/circulaire-mouvement-2019-compte-rendu-du-ctsd-du-8-mars\/","url":"https:\/\/snuipp86.fr\/index.php\/2019\/03\/08\/circulaire-mouvement-2019-compte-rendu-du-ctsd-du-8-mars\/","name":"Circulaire mouvement 2019 : compte rendu du CTSD du 8 mars - FSU-SNUipp 86","isPartOf":{"@id":"https:\/\/snuipp86.fr\/#website"},"primaryImageOfPage":{"@id":"https:\/\/snuipp86.fr\/index.php\/2019\/03\/08\/circulaire-mouvement-2019-compte-rendu-du-ctsd-du-8-mars\/#primaryimage"},"image":{"@id":"https:\/\/snuipp86.fr\/index.php\/2019\/03\/08\/circulaire-mouvement-2019-compte-rendu-du-ctsd-du-8-mars\/#primaryimage"},"thumbnailUrl":"http:\/\/snuipp86.fr\/wp-content\/spip\/IMG\/arton4312.png","datePublished":"2019-03-08T18:48:19+00:00","author":{"@id":"https:\/\/snuipp86.fr\/#\/schema\/person\/901b28b9ae1c7a63a6a940102e52a7a2"},"breadcrumb":{"@id":"https:\/\/snuipp86.fr\/index.php\/2019\/03\/08\/circulaire-mouvement-2019-compte-rendu-du-ctsd-du-8-mars\/#breadcrumb"},"inLanguage":"fr-FR","potentialAction":[{"@type":"ReadAction","target":["https:\/\/snuipp86.fr\/index.php\/2019\/03\/08\/circulaire-mouvement-2019-compte-rendu-du-ctsd-du-8-mars\/"]}]},{"@type":"ImageObject","inLanguage":"fr-FR","@id":"https:\/\/snuipp86.fr\/index.php\/2019\/03\/08\/circulaire-mouvement-2019-compte-rendu-du-ctsd-du-8-mars\/#primaryimage","url":"http:\/\/snuipp86.fr\/wp-content\/spip\/IMG\/arton4312.png","contentUrl":"http:\/\/snuipp86.fr\/wp-content\/spip\/IMG\/arton4312.png"},{"@type":"BreadcrumbList","@id":"https:\/\/snuipp86.fr\/index.php\/2019\/03\/08\/circulaire-mouvement-2019-compte-rendu-du-ctsd-du-8-mars\/#breadcrumb","itemListElement":[{"@type":"ListItem","position":1,"name":"Accueil","item":"https:\/\/snuipp86.fr\/"},{"@type":"ListItem","position":2,"name":"Circulaire mouvement 2019 : compte rendu du CTSD du 8 mars"}]},{"@type":"WebSite","@id":"https:\/\/snuipp86.fr\/#website","url":"https:\/\/snuipp86.fr\/","name":"FSU-SNUipp 86","description":"Des id\u00e9es qui font l&#039;\u00e9cole","potentialAction":[{"@type":"SearchAction","target":{"@type":"EntryPoint","urlTemplate":"https:\/\/snuipp86.fr\/?s={search_term_string}"},"query-input":{"@type":"PropertyValueSpecification","valueRequired":true,"valueName":"search_term_string"}}],"inLanguage":"fr-FR"},{"@type":"Person","@id":"https:\/\/snuipp86.fr\/#\/schema\/person\/901b28b9ae1c7a63a6a940102e52a7a2","name":"WP86Admin","image":{"@type":"ImageObject","inLanguage":"fr-FR","@id":"https:\/\/snuipp86.fr\/#\/schema\/person\/image\/","url":"https:\/\/secure.gravatar.com\/avatar\/0099845c7ec05dc10d777d8ab4f5142c5ba316283821af2459738ad469a37a1a?s=96&d=mm&r=g","contentUrl":"https:\/\/secure.gravatar.com\/avatar\/0099845c7ec05dc10d777d8ab4f5142c5ba316283821af2459738ad469a37a1a?s=96&d=mm&r=g","caption":"WP86Admin"},"url":"https:\/\/snuipp86.fr\/index.php\/author\/wp86admin\/"}]}},"_links":{"self":[{"href":"https:\/\/snuipp86.fr\/index.php\/wp-json\/wp\/v2\/posts\/52","targetHints":{"allow":["GET"]}}],"collection":[{"href":"https:\/\/snuipp86.fr\/index.php\/wp-json\/wp\/v2\/posts"}],"about":[{"href":"https:\/\/snuipp86.fr\/index.php\/wp-json\/wp\/v2\/types\/post"}],"author":[{"embeddable":true,"href":"https:\/\/snuipp86.fr\/index.php\/wp-json\/wp\/v2\/users\/1"}],"replies":[{"embeddable":true,"href":"https:\/\/snuipp86.fr\/index.php\/wp-json\/wp\/v2\/comments?post=52"}],"version-history":[{"count":0,"href":"https:\/\/snuipp86.fr\/index.php\/wp-json\/wp\/v2\/posts\/52\/revisions"}],"wp:attachment":[{"href":"https:\/\/snuipp86.fr\/index.php\/wp-json\/wp\/v2\/media?parent=52"}],"wp:term":[{"taxonomy":"category","embeddable":true,"href":"https:\/\/snuipp86.fr\/index.php\/wp-json\/wp\/v2\/categories?post=52"},{"taxonomy":"post_tag","embeddable":true,"href":"https:\/\/snuipp86.fr\/index.php\/wp-json\/wp\/v2\/tags?post=52"}],"curies":[{"name":"wp","href":"https:\/\/api.w.org\/{rel}","templated":true}]}}