{"id":525,"date":"2016-08-25T08:41:55","date_gmt":"2016-08-25T08:41:55","guid":{"rendered":"http:\/\/localhost\/wordpress\/2016\/08\/25\/rpartition-des-horaires-denseignement-en-cycles-2-3\/"},"modified":"2016-08-25T08:41:55","modified_gmt":"2016-08-25T08:41:55","slug":"rpartition-des-horaires-denseignement-en-cycles-2-3","status":"publish","type":"post","link":"https:\/\/snuipp86.fr\/index.php\/2016\/08\/25\/rpartition-des-horaires-denseignement-en-cycles-2-3\/","title":{"rendered":"R\u00e9partition des horaires d&rsquo;enseignement en cycles 2 &#038; 3"},"content":{"rendered":"<p><img decoding=\"async\" src=\"https:\/\/snuipp86.fr\/wp-content\/spip\/IMG\/arton3110.jpg\" alt=\"\" align=\"right\" width=\"175\" height=\"175\" class=\"spip_logos\" \/><\/p>\n<div class='rss_texte'>\n<h3 class=\"spip\" id=\"outil_sommaire_0\"><a title=\"Sommaire\" href=\"http:\/\/86.snuipp.fr\/spip.php?page=backend&#038;id_rubrique=#outil_sommaire\" class=\"sommaire_ancre\"> <\/a><strong class=\"spip\">Horaires d&rsquo;enseignement de l&rsquo;\u00e9cole \u00e9l\u00e9mentaire en vigueur \u00e0 la rentr\u00e9e 2016<\/strong><\/h3>\n<p class=\"spip\"><strong class=\"spip\"><br \/>\nTextes de r\u00e9f\u00e9rence<\/strong><\/p>\n<p class=\"spip\"><img decoding=\"async\" src=\"https:\/\/snuipp86.fr\/wp-content\/spip\/cache-vignettes\/L8xH11\/puce-68c92.gif\" width='8' height='11' alt=\"-\" style='height:11px;width:8px;' class='' \/> <a href=\"http:\/\/www.education.gouv.fr\/pid285\/bulletin_officiel.html?cid_bo=95203\" class=\"spip_out\">Arr\u00eat\u00e9 du 9 novembre 2015<\/a><\/p>\n<p class=\"spip\"><img decoding=\"async\" src=\"https:\/\/snuipp86.fr\/wp-content\/spip\/cache-vignettes\/L8xH11\/puce-68c92.gif\" width='8' height='11' alt=\"-\" style='height:11px;width:8px;' class='' \/> <a href=\"http:\/\/www.education.gouv.fr\/pid285\/bulletin_officiel.html?cid_bo=95116\" class=\"spip_out\">D\u00e9cret 2015-1394 du 2 novembre 2015<\/a><\/p>\n<p class=\"spip\">Les horaires d&rsquo;enseignement \u00e0 l&rsquo;\u00e9cole \u00e9l\u00e9mentaire, qui entreront en application \u00e0 la rentr\u00e9e scolaire 2016, sont r\u00e9partis par domaines disciplinaires comme suit :<\/p>\n<h3 class=\"spip\" id=\"outil_sommaire_1\"><a title=\"Sommaire\" href=\"http:\/\/86.snuipp.fr\/spip.php?page=backend&#038;id_rubrique=#outil_sommaire\" class=\"sommaire_ancre\"> <\/a>Cycle des apprentissages fondamentaux (CP-CE1-CE2)<\/h3>\n<table class=\"spip\">\n<tbody>\n<tr class=\"row_even\">\n<td> DOMAINES DISCIPLINAIRES <\/td>\n<td>\tDUR\u00c9E ANNUELLE <\/td>\n<td> DUR\u00c9E HEBDOMADAIRE MOYENNE<\/td>\n<\/tr>\n<tr class=\"row_odd\">\n<td> Fran\u00e7ais <\/td>\n<td> 360 heures <\/td>\n<td>\t10 heures<\/td>\n<\/tr>\n<tr class=\"row_even\">\n<td> Math\u00e9matiques <\/td>\n<td> 180 heures <\/td>\n<td>\t5 heures<\/td>\n<\/tr>\n<tr class=\"row_odd\">\n<td> EPS <\/td>\n<td>\t108 heures <\/td>\n<td>\t3 heures<\/td>\n<\/tr>\n<tr class=\"row_even\">\n<td> Langue vivante (\u00e9trang\u00e8res ou r\u00e9gionales) <\/td>\n<td>\t54 heures <\/td>\n<td>\t1 h 30 <\/td>\n<\/tr>\n<tr class=\"row_odd\">\n<td> Enseignements artistiques\t<\/td>\n<td> 72 heures <\/td>\n<td>\t2 heures <\/td>\n<\/tr>\n<tr class=\"row_even\">\n<td> Questionner le monde + Enseignement moral et civique ** <\/td>\n<td>\t90 heures <\/td>\n<td>\t2 h 30 <\/td>\n<\/tr>\n<tr class=\"row_odd\">\n<td> TOTAL <\/td>\n<td>\t864 heures <\/td>\n<td>\t24 heures*<\/td>\n<\/tr>\n<\/tbody>\n<\/table>\n<p class=\"spip\">* <i class=\"spip\">10 heures hebdomadaires sont consacr\u00e9es \u00e0 des activit\u00e9s quotidiennes d&rsquo;oral, de lecture et d&rsquo;\u00e9criture qui prennent appui sur l&rsquo;ensemble des champs disciplinaires.<\/i><\/p>\n<p class=\"spip\">** <i class=\"spip\">Enseignement moral et civique : 36 heures annuelles, soit 1 heure hebdomadaire dont 0 h 30 est consacr\u00e9e \u00e0 des situations pratiques favorisant l&rsquo;expression orale.<\/i><\/p>\n<h3 class=\"spip\" id=\"outil_sommaire_2\"><a title=\"Sommaire\" href=\"http:\/\/86.snuipp.fr\/spip.php?page=backend&#038;id_rubrique=#outil_sommaire\" class=\"sommaire_ancre\"> <\/a>Cycle de consolidation (CM1 et CM2)<\/h3>\n<table class=\"spip\">\n<tbody>\n<tr class=\"row_even\">\n<td> DOMAINES DISCIPLINAIRES\t<\/td>\n<td> DUR\u00c9E ANNUELLE <\/td>\n<td>\tDUR\u00c9E HEBDOMADAIRE MOYENNE <\/td>\n<\/tr>\n<tr class=\"row_odd\">\n<td> Fran\u00e7ais <\/td>\n<td> 288 heures <\/td>\n<td>\t8 heures<\/td>\n<\/tr>\n<tr class=\"row_even\">\n<td> Math\u00e9matiques <\/td>\n<td>\t180 heures\t<\/td>\n<td> 5 heures <\/td>\n<\/tr>\n<tr class=\"row_odd\">\n<td> EPS <\/td>\n<td>\t108 heures <\/td>\n<td>\t3 heures <\/td>\n<\/tr>\n<tr class=\"row_even\">\n<td> Langue vivante (\u00e9trang\u00e8res ou r\u00e9gionales)\t<\/td>\n<td> 54 heures <\/td>\n<td>\t1 h 30<\/td>\n<\/tr>\n<tr class=\"row_odd\">\n<td> Sciences et technologie <\/td>\n<td> 72 heures <\/td>\n<td>\t2 heures <\/td>\n<\/tr>\n<tr class=\"row_even\">\n<td> Enseignements artistiques <\/td>\n<td>\t72 heures <\/td>\n<td>\t2 heures <\/td>\n<\/tr>\n<tr class=\"row_odd\">\n<td> Histoire et g\u00e9ographie + Enseignement moral et civique ** <\/td>\n<td>\t90 heures <\/td>\n<td>\t2 h 30<\/td>\n<\/tr>\n<tr class=\"row_even\">\n<td> TOTAL <\/td>\n<td>\t864 heures <\/td>\n<td>\t24 heures*<\/td>\n<\/tr>\n<\/tbody>\n<\/table>\n<p class=\"spip\">* <i class=\"spip\">12 heures hebdomadaires sont consacr\u00e9es \u00e0 des activit\u00e9s quotidiennes d&rsquo;oral, de lecture et d&rsquo;\u00e9criture qui prennent appui sur l&rsquo;ensemble des champs disciplinaires.<\/i><\/p>\n<p class=\"spip\">** <i class=\"spip\">Enseignement moral et civique : 36 heures annuelles, soit 1 heure hebdomadaire dont 0 h 30 est consacr\u00e9e \u00e0 des situations pratiques favorisant l&rsquo;expression orale<\/i><\/p>\n<h3 class=\"spip\" id=\"outil_sommaire_3\"><a title=\"Sommaire\" href=\"http:\/\/86.snuipp.fr\/spip.php?page=backend&#038;id_rubrique=#outil_sommaire\" class=\"sommaire_ancre\"> <\/a>Temps de r\u00e9cr\u00e9ation<\/h3>\n<p class=\"spip\">Les temps de r\u00e9cr\u00e9ation, d&rsquo;environ 15 minutes en \u00e9cole \u00e9l\u00e9mentaire et 30 minutes en \u00e9cole maternelle, sont d\u00e9termin\u00e9s en fonction de la dur\u00e9e effective de la demi-journ\u00e9e d&rsquo;enseignement.<\/p>\n<h3 class=\"spip\" id=\"outil_sommaire_4\"><a title=\"Sommaire\" href=\"http:\/\/86.snuipp.fr\/spip.php?page=backend&#038;id_rubrique=#outil_sommaire\" class=\"sommaire_ancre\"> <\/a>Avis du SNUipp-FSU<\/h3>\n<p class=\"spip\">Cette nouvelle grille fixant les horaires d&rsquo;enseignement voit diminu\u00e9s les horaires en arts ou en sciences (moins 9 heures en arts au C2, moins 6 heures en arts et moins 6 heures en sciences au C3) avec des contenus qui restent lourds. C&rsquo;est pour permettre la mise en place de l&rsquo;EMC, que le minist\u00e8re a tranch\u00e9 en ce sens.<\/p>\n<p class=\"spip\">Au CSE, nous avons vot\u00e9 contre cet arr\u00eat\u00e9 des horaires. Il porte le risque d&rsquo;un programme intenable qui contraindrait les enseignants des \u00e9coles \u00e0 faire des choix, chacun dans leur coin, en laissant de c\u00f4t\u00e9 certains contenus. Cela finira par \u00eatre in\u00e9galitaire pour les \u00e9l\u00e8ves, comme l&rsquo;avait relev\u00e9 l&rsquo;Inspection g\u00e9n\u00e9rale \u00e0 propos des programmes de 2008.<\/p>\n<p class=\"spip\">Le SNUipp-FSU a fait \u00e9voluer le texte, notamment sur les r\u00e9cr\u00e9ations. En effet, la premi\u00e8re version indiquait pour l&rsquo;\u00e9cole primaire que \u00ab le temps hebdomadaire consacr\u00e9 aux r\u00e9cr\u00e9ations ne saurait exc\u00e9der 2 heures. La dur\u00e9e de chaque r\u00e9cr\u00e9ation est \u00e0 moduler en fonction de la dur\u00e9e de la demi-journ\u00e9e. \u00bb. La r\u00e9daction obtenue par le SNUipp-FSU est plus souple et prend en compte la situation particuli\u00e8re de l&rsquo;\u00e9cole maternelle.<\/p>\n<p class=\"spip\"><img decoding=\"async\" src=\"https:\/\/snuipp86.fr\/wp-content\/spip\/cache-vignettes\/L8xH11\/puce-68c92.gif\" width='8' height='11' alt=\"-\" style='height:11px;width:8px;' class='' \/> <strong class=\"spip\"><br \/>\n\u00e0 lire aussi :<\/strong> <a href=\"http:\/\/www.snuipp.fr\/Presentation-du-dossier,14330\" class=\"spip_out\">le dossier de Fen\u00eatre sur cour sur les nouveaux programmes<\/a><\/p>\n<\/div>\n","protected":false},"excerpt":{"rendered":"<p>Horaires d&rsquo;enseignement de l&rsquo;\u00e9cole \u00e9l\u00e9mentaire en vigueur \u00e0 la rentr\u00e9e 2016 <br \/>Textes de r\u00e9f\u00e9rence <br \/>Arr\u00eat\u00e9 du 9 novembre 2015 <br \/>D\u00e9cret 2015-1394 du 2 novembre 2015 <br \/>Les horaires d&rsquo;enseignement \u00e0 l&rsquo;\u00e9cole \u00e9l\u00e9mentaire, qui entreront en application \u00e0 la rentr\u00e9e scolaire 2016, sont r\u00e9partis par domaines disciplinaires comme suit : <br \/>Cycle des apprentissages fondamentaux (CP-CE1-CE2) <br \/>* 10 heures hebdomadaires sont consacr\u00e9es \u00e0 des activit\u00e9s quotidiennes d&rsquo;oral, de (&#8230;)<br \/>\n&#8211;<br \/>\n<a href=\"http:\/\/86.snuipp.fr\/spip.php?rubrique124\" rel=\"directory\"> Programmes<\/a><br \/>\n\/<br \/>\n<a href=\"http:\/\/86.snuipp.fr\/spip.php?mot309\" rel=\"tag\">Les textes disent&#8230;<\/a>,<br \/>\n<a href=\"http:\/\/86.snuipp.fr\/spip.php?mot310\" rel=\"tag\">Les r\u00e9formes<\/a>,<br \/>\n<a href=\"http:\/\/86.snuipp.fr\/spip.php?mot320\" rel=\"tag\">Rythmes scolaires<\/a><\/p>\n","protected":false},"author":1,"featured_media":0,"comment_status":"open","ping_status":"open","sticky":false,"template":"","format":"standard","meta":{"footnotes":""},"categories":[14],"tags":[],"class_list":["post-525","post","type-post","status-publish","format-standard","hentry","category-a-la-une"],"yoast_head":"<!-- This site is optimized with the Yoast SEO plugin v26.6 - https:\/\/yoast.com\/wordpress\/plugins\/seo\/ -->\n<title>R\u00e9partition des horaires d&#039;enseignement en cycles 2 &amp; 3 - FSU-SNUipp 86<\/title>\n<meta name=\"robots\" content=\"index, follow, max-snippet:-1, max-image-preview:large, max-video-preview:-1\" \/>\n<link rel=\"canonical\" href=\"https:\/\/snuipp86.fr\/index.php\/2016\/08\/25\/rpartition-des-horaires-denseignement-en-cycles-2-3\/\" \/>\n<meta property=\"og:locale\" content=\"fr_FR\" \/>\n<meta property=\"og:type\" content=\"article\" \/>\n<meta property=\"og:title\" content=\"R\u00e9partition des horaires d&#039;enseignement en cycles 2 &amp; 3 - FSU-SNUipp 86\" \/>\n<meta property=\"og:description\" content=\"Horaires d&#039;enseignement de l&#039;\u00e9cole \u00e9l\u00e9mentaire en vigueur \u00e0 la rentr\u00e9e 2016 Textes de r\u00e9f\u00e9rence Arr\u00eat\u00e9 du 9 novembre 2015 D\u00e9cret 2015-1394 du 2 novembre 2015 Les horaires d&#039;enseignement \u00e0 l&#039;\u00e9cole \u00e9l\u00e9mentaire, qui entreront en application \u00e0 la rentr\u00e9e scolaire 2016, sont r\u00e9partis par domaines disciplinaires comme suit : Cycle des apprentissages fondamentaux (CP-CE1-CE2) * 10 heures hebdomadaires sont consacr\u00e9es \u00e0 des activit\u00e9s quotidiennes d&#039;oral, de (...) - Programmes \/ Les textes disent..., Les r\u00e9formes, Rythmes scolaires\" \/>\n<meta property=\"og:url\" content=\"https:\/\/snuipp86.fr\/index.php\/2016\/08\/25\/rpartition-des-horaires-denseignement-en-cycles-2-3\/\" \/>\n<meta property=\"og:site_name\" content=\"FSU-SNUipp 86\" \/>\n<meta property=\"article:published_time\" content=\"2016-08-25T08:41:55+00:00\" \/>\n<meta property=\"og:image\" content=\"http:\/\/snuipp86.fr\/wp-content\/spip\/IMG\/arton3110.jpg\" \/>\n<meta name=\"author\" content=\"WP86Admin\" \/>\n<meta name=\"twitter:card\" content=\"summary_large_image\" \/>\n<meta name=\"twitter:label1\" content=\"\u00c9crit par\" \/>\n\t<meta name=\"twitter:data1\" content=\"WP86Admin\" \/>\n\t<meta name=\"twitter:label2\" content=\"Dur\u00e9e de lecture estim\u00e9e\" \/>\n\t<meta name=\"twitter:data2\" content=\"2 minutes\" \/>\n<script type=\"application\/ld+json\" class=\"yoast-schema-graph\">{\"@context\":\"https:\/\/schema.org\",\"@graph\":[{\"@type\":\"WebPage\",\"@id\":\"https:\/\/snuipp86.fr\/index.php\/2016\/08\/25\/rpartition-des-horaires-denseignement-en-cycles-2-3\/\",\"url\":\"https:\/\/snuipp86.fr\/index.php\/2016\/08\/25\/rpartition-des-horaires-denseignement-en-cycles-2-3\/\",\"name\":\"R\u00e9partition des horaires d'enseignement en cycles 2 & 3 - FSU-SNUipp 86\",\"isPartOf\":{\"@id\":\"https:\/\/snuipp86.fr\/#website\"},\"primaryImageOfPage\":{\"@id\":\"https:\/\/snuipp86.fr\/index.php\/2016\/08\/25\/rpartition-des-horaires-denseignement-en-cycles-2-3\/#primaryimage\"},\"image\":{\"@id\":\"https:\/\/snuipp86.fr\/index.php\/2016\/08\/25\/rpartition-des-horaires-denseignement-en-cycles-2-3\/#primaryimage\"},\"thumbnailUrl\":\"http:\/\/snuipp86.fr\/wp-content\/spip\/IMG\/arton3110.jpg\",\"datePublished\":\"2016-08-25T08:41:55+00:00\",\"author\":{\"@id\":\"https:\/\/snuipp86.fr\/#\/schema\/person\/901b28b9ae1c7a63a6a940102e52a7a2\"},\"breadcrumb\":{\"@id\":\"https:\/\/snuipp86.fr\/index.php\/2016\/08\/25\/rpartition-des-horaires-denseignement-en-cycles-2-3\/#breadcrumb\"},\"inLanguage\":\"fr-FR\",\"potentialAction\":[{\"@type\":\"ReadAction\",\"target\":[\"https:\/\/snuipp86.fr\/index.php\/2016\/08\/25\/rpartition-des-horaires-denseignement-en-cycles-2-3\/\"]}]},{\"@type\":\"ImageObject\",\"inLanguage\":\"fr-FR\",\"@id\":\"https:\/\/snuipp86.fr\/index.php\/2016\/08\/25\/rpartition-des-horaires-denseignement-en-cycles-2-3\/#primaryimage\",\"url\":\"http:\/\/snuipp86.fr\/wp-content\/spip\/IMG\/arton3110.jpg\",\"contentUrl\":\"http:\/\/snuipp86.fr\/wp-content\/spip\/IMG\/arton3110.jpg\"},{\"@type\":\"BreadcrumbList\",\"@id\":\"https:\/\/snuipp86.fr\/index.php\/2016\/08\/25\/rpartition-des-horaires-denseignement-en-cycles-2-3\/#breadcrumb\",\"itemListElement\":[{\"@type\":\"ListItem\",\"position\":1,\"name\":\"Accueil\",\"item\":\"https:\/\/snuipp86.fr\/\"},{\"@type\":\"ListItem\",\"position\":2,\"name\":\"R\u00e9partition des horaires d&#8217;enseignement en cycles 2 &#038; 3\"}]},{\"@type\":\"WebSite\",\"@id\":\"https:\/\/snuipp86.fr\/#website\",\"url\":\"https:\/\/snuipp86.fr\/\",\"name\":\"FSU-SNUipp 86\",\"description\":\"Des id\u00e9es qui font l&#039;\u00e9cole\",\"potentialAction\":[{\"@type\":\"SearchAction\",\"target\":{\"@type\":\"EntryPoint\",\"urlTemplate\":\"https:\/\/snuipp86.fr\/?s={search_term_string}\"},\"query-input\":{\"@type\":\"PropertyValueSpecification\",\"valueRequired\":true,\"valueName\":\"search_term_string\"}}],\"inLanguage\":\"fr-FR\"},{\"@type\":\"Person\",\"@id\":\"https:\/\/snuipp86.fr\/#\/schema\/person\/901b28b9ae1c7a63a6a940102e52a7a2\",\"name\":\"WP86Admin\",\"image\":{\"@type\":\"ImageObject\",\"inLanguage\":\"fr-FR\",\"@id\":\"https:\/\/snuipp86.fr\/#\/schema\/person\/image\/\",\"url\":\"https:\/\/secure.gravatar.com\/avatar\/0099845c7ec05dc10d777d8ab4f5142c5ba316283821af2459738ad469a37a1a?s=96&d=mm&r=g\",\"contentUrl\":\"https:\/\/secure.gravatar.com\/avatar\/0099845c7ec05dc10d777d8ab4f5142c5ba316283821af2459738ad469a37a1a?s=96&d=mm&r=g\",\"caption\":\"WP86Admin\"},\"url\":\"https:\/\/snuipp86.fr\/index.php\/author\/wp86admin\/\"}]}<\/script>\n<!-- \/ Yoast SEO plugin. -->","yoast_head_json":{"title":"R\u00e9partition des horaires d'enseignement en cycles 2 & 3 - FSU-SNUipp 86","robots":{"index":"index","follow":"follow","max-snippet":"max-snippet:-1","max-image-preview":"max-image-preview:large","max-video-preview":"max-video-preview:-1"},"canonical":"https:\/\/snuipp86.fr\/index.php\/2016\/08\/25\/rpartition-des-horaires-denseignement-en-cycles-2-3\/","og_locale":"fr_FR","og_type":"article","og_title":"R\u00e9partition des horaires d'enseignement en cycles 2 & 3 - FSU-SNUipp 86","og_description":"Horaires d'enseignement de l'\u00e9cole \u00e9l\u00e9mentaire en vigueur \u00e0 la rentr\u00e9e 2016 Textes de r\u00e9f\u00e9rence Arr\u00eat\u00e9 du 9 novembre 2015 D\u00e9cret 2015-1394 du 2 novembre 2015 Les horaires d'enseignement \u00e0 l'\u00e9cole \u00e9l\u00e9mentaire, qui entreront en application \u00e0 la rentr\u00e9e scolaire 2016, sont r\u00e9partis par domaines disciplinaires comme suit : Cycle des apprentissages fondamentaux (CP-CE1-CE2) * 10 heures hebdomadaires sont consacr\u00e9es \u00e0 des activit\u00e9s quotidiennes d'oral, de (...) - Programmes \/ Les textes disent..., Les r\u00e9formes, Rythmes scolaires","og_url":"https:\/\/snuipp86.fr\/index.php\/2016\/08\/25\/rpartition-des-horaires-denseignement-en-cycles-2-3\/","og_site_name":"FSU-SNUipp 86","article_published_time":"2016-08-25T08:41:55+00:00","og_image":[{"url":"http:\/\/snuipp86.fr\/wp-content\/spip\/IMG\/arton3110.jpg","type":"","width":"","height":""}],"author":"WP86Admin","twitter_card":"summary_large_image","twitter_misc":{"\u00c9crit par":"WP86Admin","Dur\u00e9e de lecture estim\u00e9e":"2 minutes"},"schema":{"@context":"https:\/\/schema.org","@graph":[{"@type":"WebPage","@id":"https:\/\/snuipp86.fr\/index.php\/2016\/08\/25\/rpartition-des-horaires-denseignement-en-cycles-2-3\/","url":"https:\/\/snuipp86.fr\/index.php\/2016\/08\/25\/rpartition-des-horaires-denseignement-en-cycles-2-3\/","name":"R\u00e9partition des horaires d'enseignement en cycles 2 & 3 - FSU-SNUipp 86","isPartOf":{"@id":"https:\/\/snuipp86.fr\/#website"},"primaryImageOfPage":{"@id":"https:\/\/snuipp86.fr\/index.php\/2016\/08\/25\/rpartition-des-horaires-denseignement-en-cycles-2-3\/#primaryimage"},"image":{"@id":"https:\/\/snuipp86.fr\/index.php\/2016\/08\/25\/rpartition-des-horaires-denseignement-en-cycles-2-3\/#primaryimage"},"thumbnailUrl":"http:\/\/snuipp86.fr\/wp-content\/spip\/IMG\/arton3110.jpg","datePublished":"2016-08-25T08:41:55+00:00","author":{"@id":"https:\/\/snuipp86.fr\/#\/schema\/person\/901b28b9ae1c7a63a6a940102e52a7a2"},"breadcrumb":{"@id":"https:\/\/snuipp86.fr\/index.php\/2016\/08\/25\/rpartition-des-horaires-denseignement-en-cycles-2-3\/#breadcrumb"},"inLanguage":"fr-FR","potentialAction":[{"@type":"ReadAction","target":["https:\/\/snuipp86.fr\/index.php\/2016\/08\/25\/rpartition-des-horaires-denseignement-en-cycles-2-3\/"]}]},{"@type":"ImageObject","inLanguage":"fr-FR","@id":"https:\/\/snuipp86.fr\/index.php\/2016\/08\/25\/rpartition-des-horaires-denseignement-en-cycles-2-3\/#primaryimage","url":"http:\/\/snuipp86.fr\/wp-content\/spip\/IMG\/arton3110.jpg","contentUrl":"http:\/\/snuipp86.fr\/wp-content\/spip\/IMG\/arton3110.jpg"},{"@type":"BreadcrumbList","@id":"https:\/\/snuipp86.fr\/index.php\/2016\/08\/25\/rpartition-des-horaires-denseignement-en-cycles-2-3\/#breadcrumb","itemListElement":[{"@type":"ListItem","position":1,"name":"Accueil","item":"https:\/\/snuipp86.fr\/"},{"@type":"ListItem","position":2,"name":"R\u00e9partition des horaires d&#8217;enseignement en cycles 2 &#038; 3"}]},{"@type":"WebSite","@id":"https:\/\/snuipp86.fr\/#website","url":"https:\/\/snuipp86.fr\/","name":"FSU-SNUipp 86","description":"Des id\u00e9es qui font l&#039;\u00e9cole","potentialAction":[{"@type":"SearchAction","target":{"@type":"EntryPoint","urlTemplate":"https:\/\/snuipp86.fr\/?s={search_term_string}"},"query-input":{"@type":"PropertyValueSpecification","valueRequired":true,"valueName":"search_term_string"}}],"inLanguage":"fr-FR"},{"@type":"Person","@id":"https:\/\/snuipp86.fr\/#\/schema\/person\/901b28b9ae1c7a63a6a940102e52a7a2","name":"WP86Admin","image":{"@type":"ImageObject","inLanguage":"fr-FR","@id":"https:\/\/snuipp86.fr\/#\/schema\/person\/image\/","url":"https:\/\/secure.gravatar.com\/avatar\/0099845c7ec05dc10d777d8ab4f5142c5ba316283821af2459738ad469a37a1a?s=96&d=mm&r=g","contentUrl":"https:\/\/secure.gravatar.com\/avatar\/0099845c7ec05dc10d777d8ab4f5142c5ba316283821af2459738ad469a37a1a?s=96&d=mm&r=g","caption":"WP86Admin"},"url":"https:\/\/snuipp86.fr\/index.php\/author\/wp86admin\/"}]}},"_links":{"self":[{"href":"https:\/\/snuipp86.fr\/index.php\/wp-json\/wp\/v2\/posts\/525","targetHints":{"allow":["GET"]}}],"collection":[{"href":"https:\/\/snuipp86.fr\/index.php\/wp-json\/wp\/v2\/posts"}],"about":[{"href":"https:\/\/snuipp86.fr\/index.php\/wp-json\/wp\/v2\/types\/post"}],"author":[{"embeddable":true,"href":"https:\/\/snuipp86.fr\/index.php\/wp-json\/wp\/v2\/users\/1"}],"replies":[{"embeddable":true,"href":"https:\/\/snuipp86.fr\/index.php\/wp-json\/wp\/v2\/comments?post=525"}],"version-history":[{"count":0,"href":"https:\/\/snuipp86.fr\/index.php\/wp-json\/wp\/v2\/posts\/525\/revisions"}],"wp:attachment":[{"href":"https:\/\/snuipp86.fr\/index.php\/wp-json\/wp\/v2\/media?parent=525"}],"wp:term":[{"taxonomy":"category","embeddable":true,"href":"https:\/\/snuipp86.fr\/index.php\/wp-json\/wp\/v2\/categories?post=525"},{"taxonomy":"post_tag","embeddable":true,"href":"https:\/\/snuipp86.fr\/index.php\/wp-json\/wp\/v2\/tags?post=525"}],"curies":[{"name":"wp","href":"https:\/\/api.w.org\/{rel}","templated":true}]}}