{"id":549,"date":"2016-07-01T09:31:14","date_gmt":"2016-07-01T09:31:14","guid":{"rendered":"http:\/\/localhost\/wordpress\/2016\/07\/01\/capd-du-30-juin-mouvement-hors-classe-ineat-exeat\/"},"modified":"2016-07-01T09:31:14","modified_gmt":"2016-07-01T09:31:14","slug":"capd-du-30-juin-mouvement-hors-classe-ineat-exeat","status":"publish","type":"post","link":"https:\/\/snuipp86.fr\/index.php\/2016\/07\/01\/capd-du-30-juin-mouvement-hors-classe-ineat-exeat\/","title":{"rendered":"CAPD du 30 juin : Mouvement, hors classe, INEAT\/EXEAT&#8230;"},"content":{"rendered":"<p><img decoding=\"async\" src=\"https:\/\/snuipp86.fr\/wp-content\/spip\/IMG\/arton3085.jpg\" alt=\"\" align=\"right\" width=\"150\" height=\"116\" class=\"spip_logos\" \/><\/p>\n<div class='rss_texte'>\n<h3 class=\"spip\" id=\"outil_sommaire_0\"><a title=\"Sommaire\" href=\"http:\/\/86.snuipp.fr\/spip.php?page=backend&#038;id_rubrique=#outil_sommaire\" class=\"sommaire_ancre\"> <\/a>Compte rendu CAPD du 30 juin<\/h3>\n<dl class='spip_document_2480 spip_documents spip_documents_center' >\n<dt><img src='https:\/\/snuipp86.fr\/wp-content\/spip\/cache-vignettes\/L150xH116\/rubon6-23522-6-5c1c6.jpg' width='150' height='116' alt='JPEG - 5.8 ko' style='height:116px;width:150px;' class='' \/><\/dt>\n<dt class='spip_doc_titre' style='width:150px;'><strong>rubon6-23522<\/strong><\/dt>\n<\/dl>\n<p class=\"spip\"><img decoding=\"async\" src=\"https:\/\/snuipp86.fr\/wp-content\/spip\/cache-vignettes\/L8xH11\/puce-68c92.gif\" width='8' height='11' alt=\"-\" style='height:11px;width:8px;' class='' \/> D\u00e9claration liminaire : remplacement, besoin de temps !!!!!!, Hors classe<br \/>\n<br \/><img decoding=\"async\" src=\"https:\/\/snuipp86.fr\/wp-content\/spip\/cache-vignettes\/L8xH11\/puce-68c92.gif\" width='8' height='11' alt=\"-\" style='height:11px;width:8px;' class='' \/> Nominations<br \/>\n<br \/><img decoding=\"async\" src=\"https:\/\/snuipp86.fr\/wp-content\/spip\/cache-vignettes\/L8xH11\/puce-68c92.gif\" width='8' height='11' alt=\"-\" style='height:11px;width:8px;' class='' \/> Informations g\u00e9n\u00e9rales CAFIPEMF, CAPA-SH, Postes \u00e0 profil, \u00c9coles accueillant des PES<br \/>\n<br \/><img decoding=\"async\" src=\"https:\/\/snuipp86.fr\/wp-content\/spip\/cache-vignettes\/L8xH11\/puce-68c92.gif\" width='8' height='11' alt=\"-\" style='height:11px;width:8px;' class='' \/> Promotions \u00e0 la Hors classe &#8230; en baisse !!!!<br \/>\n<br \/><img decoding=\"async\" src=\"https:\/\/snuipp86.fr\/wp-content\/spip\/cache-vignettes\/L8xH11\/puce-68c92.gif\" width='8' height='11' alt=\"-\" style='height:11px;width:8px;' class='' \/> 12 INEAT &#8211; 5 EXEAT<\/p>\n<h3 class=\"spip\" id=\"outil_sommaire_1\"><a title=\"Sommaire\" href=\"http:\/\/86.snuipp.fr\/spip.php?page=backend&#038;id_rubrique=#outil_sommaire\" class=\"sommaire_ancre\"> <\/a>D\u00e9claration liminaire<\/h3>\n<dl class='spip_document_2479 spip_documents spip_documents_center' >\n<dt><img src='https:\/\/snuipp86.fr\/wp-content\/spip\/cache-vignettes\/L225xH224\/decla-6-7473a.jpg' width='225' height='224' alt='JPEG - 12.9 ko' style='height:224px;width:225px;' class='' \/><\/dt>\n<dt class='spip_doc_titre' style='width:225px;'><strong>d\u00e9cla<\/strong><\/dt>\n<\/dl>\n<p class=\"spip\">Le SNUipp\/FSU 86 a commenc\u00e9 la CAPD en rendant hommage \u00e0 notre coll\u00e8gue Annie : <i class=\"spip\">\u00ab\u00a0Nous souhaitons commencer cette CAPD en ayant une pens\u00e9e profonde et \u00e9mue envers les ami-e-s, proches, coll\u00e8gues de notre tr\u00e8s appr\u00e9ci\u00e9e coll\u00e8gue, Annie Simmen, directrice de Tony Lain\u00e9 Maternelle, d\u00e9c\u00e9d\u00e9e vendredi dernier<\/i>\u00ab\u00a0.<\/p>\n<p class=\"spip\">Retrouvez la d\u00e9claration du SNUIpp-FSU en pi\u00e8ce jointe. Le SNUIpp-FSU 86 a rapidement fait le bilan de cette ann\u00e9e et d\u00e9noncer encore une fois le probl\u00e8me du remplacement.<\/p>\n<p class=\"spip\">L&rsquo;IA a r\u00e9pondu en expliquant qu&rsquo;il comptait multiplier les fusions d&rsquo;\u00e9cole pour r\u00e9soudre ce probl\u00e8me&#8230; Le SNUipp-FSU s&rsquo;opposera aux fusions, d\u00e9cid\u00e9es sans accord de conseil d &lsquo;\u00e9cole, qui ont pour seul but d&rsquo;\u00e9conomiser des postes, qui fragilisent et remettent en cause la sp\u00e9cificit\u00e9 de l&rsquo;\u00e9cole maternelle ou qui conduisent \u00e0 cr\u00e9er de trop grandes \u00e9coles.<\/p>\n<h3 class=\"spip\" id=\"outil_sommaire_2\"><a title=\"Sommaire\" href=\"http:\/\/86.snuipp.fr\/spip.php?page=backend&#038;id_rubrique=#outil_sommaire\" class=\"sommaire_ancre\"> <\/a>Nominations \u00e0 cette CAPD<\/h3>\n<p class=\"spip\"><img decoding=\"async\" src=\"https:\/\/snuipp86.fr\/wp-content\/spip\/cache-vignettes\/L8xH11\/puce-68c92.gif\" width='8' height='11' alt=\"-\" style='height:11px;width:8px;' class='' \/> <strong class=\"spip\">Phase informatique :<\/strong><\/p>\n<p class=\"spip\">Nombre de participant-e-s \u00e0 la 2nde phase : 181<\/p>\n<ul class=\"spip\">\n<li class=\"spip\"> 117 nominations \u00e0 TP<\/li>\n<li class=\"spip\"> 6 nominations \u00e0 TD sur des postes rest\u00e9s vacants suite au 1er mouvement<\/li>\n<li class=\"spip\"> 5 nominations prioritaires \u00e0 TP<\/li>\n<\/ul>\n<p class=\"spip\"><img decoding=\"async\" src=\"https:\/\/snuipp86.fr\/wp-content\/spip\/cache-vignettes\/L8xH11\/puce-68c92.gif\" width='8' height='11' alt=\"-\" style='height:11px;width:8px;' class='' \/> <strong class=\"spip\">Nominations apr\u00e8s la phase informatique :<\/strong><\/p>\n<ul class=\"spip\">\n<li class=\"spip\"> 40 nominations d&rsquo;office<\/li>\n<li class=\"spip\"> 4 nominations sur des postes \u00e0 profil<\/li>\n<li class=\"spip\"> 3 modifications de compl\u00e9ment de poste suite \u00e0 la CAPD du 13 juin<\/li>\n<li class=\"spip\"> 6 nominations par r\u00e9affectation (coll\u00e8gue ayant un poste \u00e0 TD nomm\u00e9s sur d&rsquo;autres postes \u00e0 TP)<\/li>\n<li class=\"spip\"> 4 nominations de volontaires sur les directions<\/li>\n<\/ul>\n<p class=\"spip\">Il reste 18 coll\u00e8gues sans poste qui seront nomm\u00e9-e-s le 7 juillet et plus probablement le 2 septembre<\/p>\n<p class=\"spip\">Retrouvez toutes<a href=\"http:\/\/86.snuipp.fr\/spip.php?article3084&#038;var_mode=recalcul\" class=\"spip_out\"> les nominations sur ce lien<\/a> : alpha et g\u00e9o<\/p>\n<p class=\"spip\"><img decoding=\"async\" src=\"https:\/\/snuipp86.fr\/wp-content\/spip\/cache-vignettes\/L8xH11\/puce-68c92.gif\" width='8' height='11' alt=\"-\" style='height:11px;width:8px;' class='' \/> <strong class=\"spip\">Nominations d&rsquo;Office :<\/strong><\/p>\n<p class=\"spip\">L&rsquo;IA a nomm\u00e9 les coll\u00e8gues sans poste dans l&rsquo;ordre de leur classement au bar\u00e8me en respectant les donn\u00e9es inscrites sur l&rsquo;annexe 1 \u2026 tant que cela fut possible, car rapidement aucun poste restant ne correspondait \u00e0 la demande des coll\u00e8gues ! Les plus petits bar\u00e8mes, c&rsquo;est-\u00e0-dire les actuels T1 et PES, se retrouvent donc sur les postes les moins attractifs du d\u00e9partement\u2026 comme d&rsquo;habitude quoi ! Le SNUIpp-FSU a fait remonter l&rsquo;ensemble des \u00e9l\u00e9ments que les coll\u00e8gues nous ont fait passer par leur fiche de contr\u00f4le.<\/p>\n<p class=\"spip\"><img decoding=\"async\" src=\"https:\/\/snuipp86.fr\/wp-content\/spip\/cache-vignettes\/L8xH11\/puce-68c92.gif\" width='8' height='11' alt=\"-\" style='height:11px;width:8px;' class='' \/> <strong class=\"spip\">Puis-je refuser ma nomination d&rsquo;office ?<\/strong><\/p>\n<p class=\"spip\">Si vous avez \u00e9t\u00e9 nomm\u00e9-e-s d&rsquo;office par l&rsquo;IA mais que ce poste pour des raisons imp\u00e9ratives ne vous convient pas, vous pouvez demander \u00e0 l&rsquo;IA une r\u00e9vision d&rsquo;affectation. Elle sera \u00e9tudi\u00e9e \u00e0 la CAPD du 7 juillet. Les coll\u00e8gues, ayant obtenu une r\u00e9vision d&rsquo;affectation au mouvement 2015, ont \u00e9t\u00e9 \u00e0 nouveau nomm\u00e9-e-s \u00e0 la CAPD de rentr\u00e9e. Pr\u00e9venir le SNUipp \/FSU et nous envoyer le double du courrier adress\u00e9 \u00e0 l&rsquo;IA. N&rsquo;h\u00e9sitez pas \u00e0 nous appeler si vous avez besoin d&rsquo;aide.<\/p>\n<h3 class=\"spip\" id=\"outil_sommaire_3\"><a title=\"Sommaire\" href=\"http:\/\/86.snuipp.fr\/spip.php?page=backend&#038;id_rubrique=#outil_sommaire\" class=\"sommaire_ancre\"> <\/a>Informations g\u00e9n\u00e9rales<\/h3>\n<p class=\"spip\"><img decoding=\"async\" src=\"https:\/\/snuipp86.fr\/wp-content\/spip\/cache-vignettes\/L8xH11\/puce-68c92.gif\" width='8' height='11' alt=\"-\" style='height:11px;width:8px;' class='' \/> <strong class=\"spip\">R\u00e9sultats du CAFIPEMF<\/strong><\/p>\n<ul class=\"spip\">\n<li class=\"spip\"> 24 Admissibles CAFIPEMF : G\u00e9n\u00e9raliste (13 coll\u00e8gues) Enseignement et num\u00e9rique ( 4) Education Musicale ( 1) Enseignant-e en maternelle (4) Education physique et sportive (2) de la Vienne &#8211; <a href=\"https:\/\/www.intra.ac-poitiers.fr\/medias\/fichier\/liste-admissibles-cafipemf-2016_1465997108923.pdf?INLINE=FALSE\" class=\"spip_out\">retrouvez les r\u00e9sultats sur ce lien<\/a><\/li>\n<li class=\"spip\"> 1 Admise CAFIPEMF en EPS retrouvez les <a href=\"https:\/\/www.intra.ac-poitiers.fr\/medias\/fichier\/liste-admis-cafipemf-2016_1465997143292.pdf?INLINE=FALSE\" class=\"spip_out\">r\u00e9sultats acad\u00e9miques<\/a> sur ce lien. Caroline Heinis est donc nomm\u00e9e \u00e0 TD sur son poste de conseill\u00e8re p\u00e9dagogique EPS.<\/li>\n<\/ul>\n<p class=\"spip\">Les nouvelles modalit\u00e9s de pr\u00e9paration du CAFIPEMF (sur 2 ans, cr\u00e9ation de la sp\u00e9cialit\u00e9 \u00ab\u00a0Maternelle\u00a0\u00bb &#8230; <a href=\"http:\/\/86.snuipp.fr\/spip.php?article2819&#038;var_recherche=cafipemf\" class=\"spip_out\">voir modalit\u00e9s<\/a>) ont attir\u00e9 beaucoup plus de coll\u00e8gues que les ann\u00e9es pr\u00e9c\u00e9dentes. Le SNUipp-FSU a rappel\u00e9 \u00e0 l&rsquo;IA que ces coll\u00e8gues, aussi nombreux qu&rsquo;ils soient, doivent b\u00e9n\u00e9ficier des modalit\u00e9s d&rsquo;accompagnement que pr\u00e9voit le texte en d\u00e9gageant notamment du temps pour les candidats et en assurant leur remplacement.<\/p>\n<p class=\"spip\"><img decoding=\"async\" src=\"https:\/\/snuipp86.fr\/wp-content\/spip\/cache-vignettes\/L8xH11\/puce-68c92.gif\" width='8' height='11' alt=\"-\" style='height:11px;width:8px;' class='' \/> <strong class=\"spip\">R\u00e9sultats du CAPA-SH<\/strong><\/p>\n<p class=\"spip\">10 re\u00e7us sur 14 candidat-e-s<\/p>\n<p class=\"spip\">1 option C, 7 option D , 1 option E, 1 option F <a href=\"http:\/\/www.ac-poitiers.fr\/medias\/fichier\/admis-candidats-capash-2016_1466692337110.pdf?INLINE=FALSE\" class=\"spip_out\">retrouvez les r\u00e9sultats sur ce lien<\/a><\/p>\n<p class=\"spip\">Le SNUipp-FSU a une de fois plus alert\u00e9 l&rsquo;IA sur les 2 postes G qui ne seront pas occup\u00e9s \u00e0 la prochaine rentr\u00e9e (Vouneuil\/Vienne &#8211; Poitiers Est Andersen) et d\u00e9noncer le nombre insuffisant de d\u00e9parts en CAPA-SH ces derni\u00e8res ann\u00e9es. L&rsquo;IA a indiqu\u00e9 qu&rsquo;il avait fait remonter \u00e0 la Rectrice pour les d\u00e9parts en CAPA-SH 2017 un besoin de d\u00e9part plus nombreux, notamment en G&#8230;. \u00e0 suivre !<\/p>\n<p class=\"spip\"><img decoding=\"async\" src=\"https:\/\/snuipp86.fr\/wp-content\/spip\/cache-vignettes\/L8xH11\/puce-68c92.gif\" width='8' height='11' alt=\"-\" style='height:11px;width:8px;' class='' \/> <strong class=\"spip\">Postes \u00e0 profil<\/strong><\/p>\n<ul class=\"spip\">\n<li class=\"spip\"> Enseignant aupr\u00e8s des \u00e9l\u00e8ves sourds \u2013 \u00e9cole \u00e9l\u00e9mentaire P. Blet de Poitiers : 3 candidatures \u2013 1 avis favorable, 2 d\u00e9favorables &#8211; Catherine Cotreau est nomm\u00e9e \u00e0 TD<\/li>\n<li class=\"spip\"> Enseignant en UE pr\u00e9-\u00e9l\u00e9mentaire pour jeunes enfants avec TED \u2013 \u00e9cole primaire T. Lain\u00e9 de Poitiers : 4 candidats, 4 avis favorables, Julie Burbaud est nomm\u00e9e \u00e0 TP<\/li>\n<li class=\"spip\"> Enseignant en UPE2A rattach\u00e9 &#8211; \u00e9cole primaire Jean Mermoz de Poitiers : 6 candidatures, 2 avis favorables, 4 d\u00e9favorables. Rozenn Lanoe est nomm\u00e9e \u00e0 TD<\/li>\n<li class=\"spip\"> Enseignant r\u00e9f\u00e9rent affect\u00e9 sur le secteur 9 : 4 candidatures , 3 avis favorables, 1 avis d\u00e9favorable &#8211; M\u00e9lanie Querrioux est nomm\u00e9e \u00e0 TD<\/li>\n<li class=\"spip\"> Directeur adjoint de la SEGPA du coll\u00e8ge G. Philippe \u00e0 Chauvigny : 1 candidature, avis favorable, Isabelle Douilly est nomm\u00e9e \u00e0 TP<\/li>\n<\/ul>\n<p class=\"spip\"><img decoding=\"async\" src=\"https:\/\/snuipp86.fr\/wp-content\/spip\/cache-vignettes\/L8xH11\/puce-68c92.gif\" width='8' height='11' alt=\"-\" style='height:11px;width:8px;' class='' \/> <strong class=\"spip\">PES : des lieux de stage diff\u00e9rents ?<\/strong><\/p>\n<p class=\"spip\">Suite \u00e0 une intervention du SNUipp-FSU sur les manques de la formation actuelle des PES, l&rsquo;IA a indiqu\u00e9 sa volont\u00e9 l&rsquo;ann\u00e9e prochaine de r\u00e9pondre \u00e0 une de nos demandes : changer les \u00e9coles qui accueillent des PES depuis au moins ces 3 derni\u00e8res ann\u00e9es et qui le demandent. Il a indiqu\u00e9 sa volont\u00e9 d&rsquo;offrir aux stagiaires des postes qui correspondaient plus \u00e0 la r\u00e9alit\u00e9 de notre d\u00e9partement, notamment en ayant des postes en \u00ab\u00a0rural\u00a0\u00bb. \u00e0 suivre&#8230;<\/p>\n<h3 class=\"spip\" id=\"outil_sommaire_4\"><a title=\"Sommaire\" href=\"http:\/\/86.snuipp.fr\/spip.php?page=backend&#038;id_rubrique=#outil_sommaire\" class=\"sommaire_ancre\"> <\/a>Hors classe<\/h3>\n<p class=\"spip\">Le SNUIpp-FSU 86 a d\u00e9nonc\u00e9 les modalit\u00e9s de calcul du nombre de promouvable \u00e0 la Hors Classe utilis\u00e9s par l&rsquo;administration cette ann\u00e9e.<\/p>\n<p class=\"spip\">Les coll\u00e8gues de la Vienne se retrouvent un nombre de promouvables de 73 cette ann\u00e9e, chiffre inf\u00e9rieur \u00e0 l&rsquo;ann\u00e9e derni\u00e8re ( 83 ), alors que le quota de passages \u00e0 la hors classe a augment\u00e9 de 4.5% \u00e0 5% !!!<\/p>\n<p class=\"spip\">Le secr\u00e9taire g\u00e9n\u00e9ral a expliqu\u00e9 qu&rsquo;une note interne du minist\u00e8re avait demand\u00e9 aux acad\u00e9mies de modifier le calcul par rapport \u00e0 la note du service de 2 mars, c&rsquo;est \u00e0 dire de ne pas comptabiliser par d\u00e9partement l&rsquo;ensemble des enseignant-e-s de l&rsquo;\u00e9chelon 7 \u00e0 11, mais uniquement ceux\/celles de l&rsquo;\u00e9chelon 10 et 11. R\u00e9sultat : les coll\u00e8gues la Vienne se retrouvent perdant \u00e0 ce nouveau calcul, contrairement \u00e0 d&rsquo;autres d\u00e9partements de l&rsquo;Acad\u00e9mie !!!<\/p>\n<p class=\"spip\">Le SNUipp-FSU 86 a demand\u00e9 la non application de cette note de service qui p\u00e9nalise 19 coll\u00e8gues de la Vienne selon nos calculs (en passant \u00e0 5%, le chiffre de promouvables aurait du \u00eatre de 92) et dont l&rsquo;application sera encore modifi\u00e9e l&rsquo;ann\u00e9e prochaine avec l&rsquo;application des textes PPCR (<a href=\"http:\/\/86.snuipp.fr\/spip.php?article3030\" class=\"spip_out\">lien<\/a>).<\/p>\n<p class=\"spip\">Pour savoir si vous avez faites partie des 73 promu-es, contactez le SNUIpp-FSU 86.<\/p>\n<p class=\"spip\">Le bar\u00e8me minimal cette ann\u00e9e est de 39. Les \u00e9galit\u00e9s \u00e0 39 ont \u00e9t\u00e9 class\u00e9es par rapport \u00e0 leur anciennet\u00e9 de service (AGS). Retrouvez <a href=\"http:\/\/86.snuipp.fr\/spip.php?article3022&#038;var_recherche=hors%20classe\" class=\"spip_out\">les modalit\u00e9s de calcul sur ce lien.<\/a><\/p>\n<p class=\"spip\">Quelques chiffres li\u00e9es aux modifications de bonification depuis 2015 (REP\/REP+, direction, conseiller p\u00e9da) :<\/p>\n<p class=\"spip\"><img decoding=\"async\" src=\"https:\/\/snuipp86.fr\/wp-content\/spip\/cache-vignettes\/L8xH11\/puce-68c92.gif\" width='8' height='11' alt=\"-\" style='height:11px;width:8px;' class='' \/> 18 directeurs\/trices promues dont 1 en REP<br \/>\n<br \/><img decoding=\"async\" src=\"https:\/\/snuipp86.fr\/wp-content\/spip\/cache-vignettes\/L8xH11\/puce-68c92.gif\" width='8' height='11' alt=\"-\" style='height:11px;width:8px;' class='' \/> 3 conseiller-e-s p\u00e9da<br \/>\n<br \/><img decoding=\"async\" src=\"https:\/\/snuipp86.fr\/wp-content\/spip\/cache-vignettes\/L8xH11\/puce-68c92.gif\" width='8' height='11' alt=\"-\" style='height:11px;width:8px;' class='' \/> 9 adjoint-e-s en REP\/REP+<br \/>\n<br \/><img decoding=\"async\" src=\"https:\/\/snuipp86.fr\/wp-content\/spip\/cache-vignettes\/L8xH11\/puce-68c92.gif\" width='8' height='11' alt=\"-\" style='height:11px;width:8px;' class='' \/> 43 autres coll\u00e8gues<\/p>\n<p class=\"spip\">Le SNUipp-FSU 86 a demand\u00e9 d&rsquo;\u00e9tudier si 2 promotions suppl\u00e9mentaires \u00e9taient possibles, suite \u00e0 l&rsquo;int\u00e9gration de 2 coll\u00e8gues au 1er septembre 2016 dans d&rsquo;autres corps de l&rsquo;\u00e9ducation nationale (IEN et personnel de direction). L&rsquo;Inspection acad\u00e9mique se renseigne aupr\u00e8s de son service juridique.<\/p>\n<h3 class=\"spip\" id=\"outil_sommaire_5\"><a title=\"Sommaire\" href=\"http:\/\/86.snuipp.fr\/spip.php?page=backend&#038;id_rubrique=#outil_sommaire\" class=\"sommaire_ancre\"> <\/a>Ineat-Exeat<\/h3>\n<p class=\"spip\">L&rsquo;administration a fait un point sur les d\u00e9cisions d&rsquo;INEAT &#8211; EXEAT. Des d\u00e9cisions sont toujours en attente et seront \u00e9tudi\u00e9es \u00e0 la CAPD du 7 juillet.<\/p>\n<p class=\"spip\"><img decoding=\"async\" src=\"https:\/\/snuipp86.fr\/wp-content\/spip\/cache-vignettes\/L8xH11\/puce-68c92.gif\" width='8' height='11' alt=\"-\" style='height:11px;width:8px;' class='' \/> EXEAT : 5 coll\u00e8gues de la Vienne ont obtenu leur affectation dans un autre d\u00e9partement sur les 11 qui demandaient \u00e0 partir du d\u00e9partement (3 situations m\u00e9dicales ou sociales, 2 pour convenances personnelles). Concernant les 6 autres demandes, l&rsquo;IA accepte de les laisser partir de la Vienne mais au regard des d\u00e9partements attractifs demand\u00e9s, il indique qu&rsquo;il y a peu de chances que leurs demandes aboutissent ;<br \/>\n<br \/><img decoding=\"async\" src=\"https:\/\/snuipp86.fr\/wp-content\/spip\/cache-vignettes\/L8xH11\/puce-68c92.gif\" width='8' height='11' alt=\"-\" style='height:11px;width:8px;' class='' \/> INEAT : 12 coll\u00e8gues d&rsquo;autres d\u00e9partement ont obtenu leur int\u00e9gration en Vienne (8 rapprochements de conjoints, 2 situations m\u00e9dicales ou sociales, 2 pour convenances personnelles). 24 coll\u00e8gues qui demandaient la Vienne n&rsquo;ont pas re\u00e7u l&rsquo;EXEAT de sortie de leur d\u00e9partement.<\/p>\n<p class=\"spip\">L&rsquo;IA a indiqu\u00e9 sa volont\u00e9 de continuer \u00e0 int\u00e9grer d&rsquo;autres coll\u00e8gues. Il attend encore les d\u00e9cisions des CAPD des autres d\u00e9partements.<\/p>\n<dl class='spip_document_2481 spip_documents spip_documents_center' >\n<dt><img src='https:\/\/snuipp86.fr\/wp-content\/spip\/cache-vignettes\/L300xH277\/representants-7da6e.jpg' width='300' height='277' alt='JPEG - 16.4 ko' style='height:277px;width:300px;' class='' \/><\/dt>\n<dt class='spip_doc_titre' style='width:300px;'><strong>repr\u00e9sentants<\/strong><\/dt>\n<\/dl>\n<p class=\"spip\"><i class=\"spip\"> <i class=\"spip\"> Les repr\u00e9sentant-e-s des personnels SNUipp86\/FSU : Marieke Brebion &#8211; Philippe Cosson &#8211; Muriel Coirier Fr\u00e9d\u00e9rique Delage &#8211; William Faugeroux &#8211; Fr\u00e9d\u00e9ric Gautreau &#8211; Fabienne La\u00een\u00e9<\/i> \u2013 Matthieu Menaut<\/i><\/p>\n<\/div>\n","protected":false},"excerpt":{"rendered":"<p>Compte rendu CAPD du 30 juin <br \/>D\u00e9claration liminaire : remplacement, besoin de temps !!!!!!, Hors classe <br \/>Nominations <br \/>Informations g\u00e9n\u00e9rales CAFIPEMF, CAPA-SH, Postes \u00e0 profil, \u00c9coles accueillant des PES <br \/>Promotions \u00e0 la Hors classe &#8230; en baisse !!!! <br \/>12 INEAT &#8211; 5 EXEAT <br \/>D\u00e9claration liminaire <br \/>Le SNUipp\/FSU 86 a commenc\u00e9 la CAPD en rendant hommage \u00e0 notre coll\u00e8gue Annie : \u00ab\u00a0Nous souhaitons commencer cette CAPD en ayant une pens\u00e9e profonde et \u00e9mue envers les ami-e-s, (&#8230;)<br \/>\n&#8211;<br \/>\n<a href=\"http:\/\/86.snuipp.fr\/spip.php?rubrique79\" rel=\"directory\">CAPD : Compte-Rendu et D\u00e9clarations du SNUipp<\/a><br \/>\n\/<br \/>\n<a href=\"http:\/\/86.snuipp.fr\/spip.php?mot280\" rel=\"tag\">Permutation,.Ineats, ex\u00e9ats .<\/a>,<br \/>\n<a href=\"http:\/\/86.snuipp.fr\/spip.php?mot283\" rel=\"tag\">Promotions<\/a>,<br \/>\n<a href=\"http:\/\/86.snuipp.fr\/spip.php?mot296\" rel=\"tag\">CAPD<\/a>,<br \/>\n<a href=\"http:\/\/86.snuipp.fr\/spip.php?mot313\" rel=\"tag\">Fonctionnaires .Stagiaires .1<\/a><\/p>\n","protected":false},"author":1,"featured_media":0,"comment_status":"open","ping_status":"open","sticky":false,"template":"","format":"standard","meta":{"footnotes":""},"categories":[14],"tags":[],"class_list":["post-549","post","type-post","status-publish","format-standard","hentry","category-a-la-une"],"yoast_head":"<!-- This site is optimized with the Yoast SEO plugin v26.6 - https:\/\/yoast.com\/wordpress\/plugins\/seo\/ -->\n<title>CAPD du 30 juin : Mouvement, hors classe, INEAT\/EXEAT... - FSU-SNUipp 86<\/title>\n<meta name=\"robots\" content=\"index, follow, max-snippet:-1, max-image-preview:large, max-video-preview:-1\" \/>\n<link rel=\"canonical\" href=\"https:\/\/snuipp86.fr\/index.php\/2016\/07\/01\/capd-du-30-juin-mouvement-hors-classe-ineat-exeat\/\" \/>\n<meta property=\"og:locale\" content=\"fr_FR\" \/>\n<meta property=\"og:type\" content=\"article\" \/>\n<meta property=\"og:title\" content=\"CAPD du 30 juin : Mouvement, hors classe, INEAT\/EXEAT... - FSU-SNUipp 86\" \/>\n<meta property=\"og:description\" content=\"Compte rendu CAPD du 30 juin D\u00e9claration liminaire : remplacement, besoin de temps !!!!!!, Hors classe Nominations Informations g\u00e9n\u00e9rales CAFIPEMF, CAPA-SH, Postes \u00e0 profil, \u00c9coles accueillant des PES Promotions \u00e0 la Hors classe ... en baisse !!!! 12 INEAT - 5 EXEAT D\u00e9claration liminaire Le SNUipp\/FSU 86 a commenc\u00e9 la CAPD en rendant hommage \u00e0 notre coll\u00e8gue Annie : &quot;Nous souhaitons commencer cette CAPD en ayant une pens\u00e9e profonde et \u00e9mue envers les ami-e-s, (...) - CAPD : Compte-Rendu et D\u00e9clarations du SNUipp \/ Permutation,.Ineats, ex\u00e9ats ., Promotions, CAPD, Fonctionnaires .Stagiaires .1\" \/>\n<meta property=\"og:url\" content=\"https:\/\/snuipp86.fr\/index.php\/2016\/07\/01\/capd-du-30-juin-mouvement-hors-classe-ineat-exeat\/\" \/>\n<meta property=\"og:site_name\" content=\"FSU-SNUipp 86\" \/>\n<meta property=\"article:published_time\" content=\"2016-07-01T09:31:14+00:00\" \/>\n<meta property=\"og:image\" content=\"http:\/\/snuipp86.fr\/wp-content\/spip\/IMG\/arton3085.jpg\" \/>\n<meta name=\"author\" content=\"WP86Admin\" \/>\n<meta name=\"twitter:card\" content=\"summary_large_image\" \/>\n<meta name=\"twitter:label1\" content=\"\u00c9crit par\" \/>\n\t<meta name=\"twitter:data1\" content=\"WP86Admin\" \/>\n\t<meta name=\"twitter:label2\" content=\"Dur\u00e9e de lecture estim\u00e9e\" \/>\n\t<meta name=\"twitter:data2\" content=\"7 minutes\" \/>\n<script type=\"application\/ld+json\" class=\"yoast-schema-graph\">{\"@context\":\"https:\/\/schema.org\",\"@graph\":[{\"@type\":\"WebPage\",\"@id\":\"https:\/\/snuipp86.fr\/index.php\/2016\/07\/01\/capd-du-30-juin-mouvement-hors-classe-ineat-exeat\/\",\"url\":\"https:\/\/snuipp86.fr\/index.php\/2016\/07\/01\/capd-du-30-juin-mouvement-hors-classe-ineat-exeat\/\",\"name\":\"CAPD du 30 juin : Mouvement, hors classe, INEAT\/EXEAT... - FSU-SNUipp 86\",\"isPartOf\":{\"@id\":\"https:\/\/snuipp86.fr\/#website\"},\"primaryImageOfPage\":{\"@id\":\"https:\/\/snuipp86.fr\/index.php\/2016\/07\/01\/capd-du-30-juin-mouvement-hors-classe-ineat-exeat\/#primaryimage\"},\"image\":{\"@id\":\"https:\/\/snuipp86.fr\/index.php\/2016\/07\/01\/capd-du-30-juin-mouvement-hors-classe-ineat-exeat\/#primaryimage\"},\"thumbnailUrl\":\"http:\/\/snuipp86.fr\/wp-content\/spip\/IMG\/arton3085.jpg\",\"datePublished\":\"2016-07-01T09:31:14+00:00\",\"author\":{\"@id\":\"https:\/\/snuipp86.fr\/#\/schema\/person\/901b28b9ae1c7a63a6a940102e52a7a2\"},\"breadcrumb\":{\"@id\":\"https:\/\/snuipp86.fr\/index.php\/2016\/07\/01\/capd-du-30-juin-mouvement-hors-classe-ineat-exeat\/#breadcrumb\"},\"inLanguage\":\"fr-FR\",\"potentialAction\":[{\"@type\":\"ReadAction\",\"target\":[\"https:\/\/snuipp86.fr\/index.php\/2016\/07\/01\/capd-du-30-juin-mouvement-hors-classe-ineat-exeat\/\"]}]},{\"@type\":\"ImageObject\",\"inLanguage\":\"fr-FR\",\"@id\":\"https:\/\/snuipp86.fr\/index.php\/2016\/07\/01\/capd-du-30-juin-mouvement-hors-classe-ineat-exeat\/#primaryimage\",\"url\":\"http:\/\/snuipp86.fr\/wp-content\/spip\/IMG\/arton3085.jpg\",\"contentUrl\":\"http:\/\/snuipp86.fr\/wp-content\/spip\/IMG\/arton3085.jpg\"},{\"@type\":\"BreadcrumbList\",\"@id\":\"https:\/\/snuipp86.fr\/index.php\/2016\/07\/01\/capd-du-30-juin-mouvement-hors-classe-ineat-exeat\/#breadcrumb\",\"itemListElement\":[{\"@type\":\"ListItem\",\"position\":1,\"name\":\"Accueil\",\"item\":\"https:\/\/snuipp86.fr\/\"},{\"@type\":\"ListItem\",\"position\":2,\"name\":\"CAPD du 30 juin : Mouvement, hors classe, INEAT\/EXEAT&#8230;\"}]},{\"@type\":\"WebSite\",\"@id\":\"https:\/\/snuipp86.fr\/#website\",\"url\":\"https:\/\/snuipp86.fr\/\",\"name\":\"FSU-SNUipp 86\",\"description\":\"Des id\u00e9es qui font l&#039;\u00e9cole\",\"potentialAction\":[{\"@type\":\"SearchAction\",\"target\":{\"@type\":\"EntryPoint\",\"urlTemplate\":\"https:\/\/snuipp86.fr\/?s={search_term_string}\"},\"query-input\":{\"@type\":\"PropertyValueSpecification\",\"valueRequired\":true,\"valueName\":\"search_term_string\"}}],\"inLanguage\":\"fr-FR\"},{\"@type\":\"Person\",\"@id\":\"https:\/\/snuipp86.fr\/#\/schema\/person\/901b28b9ae1c7a63a6a940102e52a7a2\",\"name\":\"WP86Admin\",\"image\":{\"@type\":\"ImageObject\",\"inLanguage\":\"fr-FR\",\"@id\":\"https:\/\/snuipp86.fr\/#\/schema\/person\/image\/\",\"url\":\"https:\/\/secure.gravatar.com\/avatar\/0099845c7ec05dc10d777d8ab4f5142c5ba316283821af2459738ad469a37a1a?s=96&d=mm&r=g\",\"contentUrl\":\"https:\/\/secure.gravatar.com\/avatar\/0099845c7ec05dc10d777d8ab4f5142c5ba316283821af2459738ad469a37a1a?s=96&d=mm&r=g\",\"caption\":\"WP86Admin\"},\"url\":\"https:\/\/snuipp86.fr\/index.php\/author\/wp86admin\/\"}]}<\/script>\n<!-- \/ Yoast SEO plugin. -->","yoast_head_json":{"title":"CAPD du 30 juin : Mouvement, hors classe, INEAT\/EXEAT... - FSU-SNUipp 86","robots":{"index":"index","follow":"follow","max-snippet":"max-snippet:-1","max-image-preview":"max-image-preview:large","max-video-preview":"max-video-preview:-1"},"canonical":"https:\/\/snuipp86.fr\/index.php\/2016\/07\/01\/capd-du-30-juin-mouvement-hors-classe-ineat-exeat\/","og_locale":"fr_FR","og_type":"article","og_title":"CAPD du 30 juin : Mouvement, hors classe, INEAT\/EXEAT... - FSU-SNUipp 86","og_description":"Compte rendu CAPD du 30 juin D\u00e9claration liminaire : remplacement, besoin de temps !!!!!!, Hors classe Nominations Informations g\u00e9n\u00e9rales CAFIPEMF, CAPA-SH, Postes \u00e0 profil, \u00c9coles accueillant des PES Promotions \u00e0 la Hors classe ... en baisse !!!! 12 INEAT - 5 EXEAT D\u00e9claration liminaire Le SNUipp\/FSU 86 a commenc\u00e9 la CAPD en rendant hommage \u00e0 notre coll\u00e8gue Annie : \"Nous souhaitons commencer cette CAPD en ayant une pens\u00e9e profonde et \u00e9mue envers les ami-e-s, (...) - CAPD : Compte-Rendu et D\u00e9clarations du SNUipp \/ Permutation,.Ineats, ex\u00e9ats ., Promotions, CAPD, Fonctionnaires .Stagiaires .1","og_url":"https:\/\/snuipp86.fr\/index.php\/2016\/07\/01\/capd-du-30-juin-mouvement-hors-classe-ineat-exeat\/","og_site_name":"FSU-SNUipp 86","article_published_time":"2016-07-01T09:31:14+00:00","og_image":[{"url":"http:\/\/snuipp86.fr\/wp-content\/spip\/IMG\/arton3085.jpg","type":"","width":"","height":""}],"author":"WP86Admin","twitter_card":"summary_large_image","twitter_misc":{"\u00c9crit par":"WP86Admin","Dur\u00e9e de lecture estim\u00e9e":"7 minutes"},"schema":{"@context":"https:\/\/schema.org","@graph":[{"@type":"WebPage","@id":"https:\/\/snuipp86.fr\/index.php\/2016\/07\/01\/capd-du-30-juin-mouvement-hors-classe-ineat-exeat\/","url":"https:\/\/snuipp86.fr\/index.php\/2016\/07\/01\/capd-du-30-juin-mouvement-hors-classe-ineat-exeat\/","name":"CAPD du 30 juin : Mouvement, hors classe, INEAT\/EXEAT... - FSU-SNUipp 86","isPartOf":{"@id":"https:\/\/snuipp86.fr\/#website"},"primaryImageOfPage":{"@id":"https:\/\/snuipp86.fr\/index.php\/2016\/07\/01\/capd-du-30-juin-mouvement-hors-classe-ineat-exeat\/#primaryimage"},"image":{"@id":"https:\/\/snuipp86.fr\/index.php\/2016\/07\/01\/capd-du-30-juin-mouvement-hors-classe-ineat-exeat\/#primaryimage"},"thumbnailUrl":"http:\/\/snuipp86.fr\/wp-content\/spip\/IMG\/arton3085.jpg","datePublished":"2016-07-01T09:31:14+00:00","author":{"@id":"https:\/\/snuipp86.fr\/#\/schema\/person\/901b28b9ae1c7a63a6a940102e52a7a2"},"breadcrumb":{"@id":"https:\/\/snuipp86.fr\/index.php\/2016\/07\/01\/capd-du-30-juin-mouvement-hors-classe-ineat-exeat\/#breadcrumb"},"inLanguage":"fr-FR","potentialAction":[{"@type":"ReadAction","target":["https:\/\/snuipp86.fr\/index.php\/2016\/07\/01\/capd-du-30-juin-mouvement-hors-classe-ineat-exeat\/"]}]},{"@type":"ImageObject","inLanguage":"fr-FR","@id":"https:\/\/snuipp86.fr\/index.php\/2016\/07\/01\/capd-du-30-juin-mouvement-hors-classe-ineat-exeat\/#primaryimage","url":"http:\/\/snuipp86.fr\/wp-content\/spip\/IMG\/arton3085.jpg","contentUrl":"http:\/\/snuipp86.fr\/wp-content\/spip\/IMG\/arton3085.jpg"},{"@type":"BreadcrumbList","@id":"https:\/\/snuipp86.fr\/index.php\/2016\/07\/01\/capd-du-30-juin-mouvement-hors-classe-ineat-exeat\/#breadcrumb","itemListElement":[{"@type":"ListItem","position":1,"name":"Accueil","item":"https:\/\/snuipp86.fr\/"},{"@type":"ListItem","position":2,"name":"CAPD du 30 juin : Mouvement, hors classe, INEAT\/EXEAT&#8230;"}]},{"@type":"WebSite","@id":"https:\/\/snuipp86.fr\/#website","url":"https:\/\/snuipp86.fr\/","name":"FSU-SNUipp 86","description":"Des id\u00e9es qui font l&#039;\u00e9cole","potentialAction":[{"@type":"SearchAction","target":{"@type":"EntryPoint","urlTemplate":"https:\/\/snuipp86.fr\/?s={search_term_string}"},"query-input":{"@type":"PropertyValueSpecification","valueRequired":true,"valueName":"search_term_string"}}],"inLanguage":"fr-FR"},{"@type":"Person","@id":"https:\/\/snuipp86.fr\/#\/schema\/person\/901b28b9ae1c7a63a6a940102e52a7a2","name":"WP86Admin","image":{"@type":"ImageObject","inLanguage":"fr-FR","@id":"https:\/\/snuipp86.fr\/#\/schema\/person\/image\/","url":"https:\/\/secure.gravatar.com\/avatar\/0099845c7ec05dc10d777d8ab4f5142c5ba316283821af2459738ad469a37a1a?s=96&d=mm&r=g","contentUrl":"https:\/\/secure.gravatar.com\/avatar\/0099845c7ec05dc10d777d8ab4f5142c5ba316283821af2459738ad469a37a1a?s=96&d=mm&r=g","caption":"WP86Admin"},"url":"https:\/\/snuipp86.fr\/index.php\/author\/wp86admin\/"}]}},"_links":{"self":[{"href":"https:\/\/snuipp86.fr\/index.php\/wp-json\/wp\/v2\/posts\/549","targetHints":{"allow":["GET"]}}],"collection":[{"href":"https:\/\/snuipp86.fr\/index.php\/wp-json\/wp\/v2\/posts"}],"about":[{"href":"https:\/\/snuipp86.fr\/index.php\/wp-json\/wp\/v2\/types\/post"}],"author":[{"embeddable":true,"href":"https:\/\/snuipp86.fr\/index.php\/wp-json\/wp\/v2\/users\/1"}],"replies":[{"embeddable":true,"href":"https:\/\/snuipp86.fr\/index.php\/wp-json\/wp\/v2\/comments?post=549"}],"version-history":[{"count":0,"href":"https:\/\/snuipp86.fr\/index.php\/wp-json\/wp\/v2\/posts\/549\/revisions"}],"wp:attachment":[{"href":"https:\/\/snuipp86.fr\/index.php\/wp-json\/wp\/v2\/media?parent=549"}],"wp:term":[{"taxonomy":"category","embeddable":true,"href":"https:\/\/snuipp86.fr\/index.php\/wp-json\/wp\/v2\/categories?post=549"},{"taxonomy":"post_tag","embeddable":true,"href":"https:\/\/snuipp86.fr\/index.php\/wp-json\/wp\/v2\/tags?post=549"}],"curies":[{"name":"wp","href":"https:\/\/api.w.org\/{rel}","templated":true}]}}