{"id":56,"date":"2019-02-21T08:20:50","date_gmt":"2019-02-21T08:20:50","guid":{"rendered":"http:\/\/localhost\/wordpress\/2019\/02\/21\/prime-dactivit-les-textes\/"},"modified":"2019-02-21T08:20:50","modified_gmt":"2019-02-21T08:20:50","slug":"prime-dactivit-les-textes","status":"publish","type":"post","link":"https:\/\/snuipp86.fr\/index.php\/2019\/02\/21\/prime-dactivit-les-textes\/","title":{"rendered":"Prime d&rsquo;Activit\u00e9 : les textes"},"content":{"rendered":"<div class='rss_texte'>\n<p class=\"spip\"><strong class=\"spip\">Les textes<\/strong><\/p>\n<p class=\"spip\">Articles D843-1 et suivants du code de la s\u00e9curit\u00e9 sociale : <a href=\"https:\/\/www.legifrance.gouv.fr\/affichCode.do?idSectionTA=LEGISCTA000031673859&#038;cidTexte=LEGITEXT000006073189\" class=\"spip_out\">https:\/\/www.legifrance.gouv.fr\/affichCode.do ?idSectionTA=LEGISCTA000031673859&#038;cidTexte=LEGITEXT000006073189<\/a><\/p>\n<p class=\"spip\"><strong class=\"spip\">D\u00e9finition<\/strong><\/p>\n<p class=\"spip\">La prime d&rsquo;activit\u00e9 est un compl\u00e9ment de revenu mensuellement vers\u00e9, sous condition de ressources, aux actifs de plus de 18 ans. Ces montants ne sont pas imposables.<\/p>\n<p class=\"spip\"><strong class=\"spip\">D\u00e9p\u00f4t du dossier<\/strong><\/p>\n<p class=\"spip\">La demande de prime d&rsquo;activit\u00e9 se fait via une proc\u00e9dure en ligne aupr\u00e8s de la Caf. En cas d&rsquo;obtention, la prime d&rsquo;activit\u00e9 est activ\u00e9e \u00e0 partir du 1er jour du mois au cours duquel vous avez d\u00e9pos\u00e9 votre demande. Elle est vers\u00e9e \u00e0 terme \u00e9chu et n&rsquo;est due que pour les montants sup\u00e9rieurs \u00e0 15 \u20ac.<br \/>\nChaque trimestre, il faut satisfaire \u00e0 la d\u00e9claration (sur internet) des ressources du foyer des trois mois pr\u00e9c\u00e9dents. Ce sont ces bases qui serviront \u00e0 l&rsquo;ajustement et la poursuite \u00e9ventuelle du versement de la prime d&rsquo;activit\u00e9. Tout changement de situation intervenant entre deux d\u00e9clarations trimestrielles doit \u00eatre signal\u00e9 : r\u00e9sidence, situation familiale, activit\u00e9 professionnelle et\/ou ressources, patrimoine.<\/p>\n<p class=\"spip\"><strong class=\"spip\">Conditions d&rsquo;obtention<\/strong><br \/>\nLe calcul est particuli\u00e8rement complexe, il se fait sur la base d&rsquo;une d\u00e9claration de situation des trois derniers mois pr\u00e9c\u00e9dant la demande. Il d\u00e9pend :<\/p>\n<p class=\"spip\">1. Des ressources du foyer :<br \/>\n<br \/><img decoding=\"async\" src=\"https:\/\/snuipp86.fr\/wp-content\/spip\/cache-vignettes\/L8xH11\/puce-68c92.gif\" width='8' height='11' alt=\"-\" style='height:11px;width:8px;' class='' \/> Revenus professionnels : salaire, compl\u00e9ments de salaire (suppl\u00e9ment familial, \u2026).<br \/>\n<br \/><img decoding=\"async\" src=\"https:\/\/snuipp86.fr\/wp-content\/spip\/cache-vignettes\/L8xH11\/puce-68c92.gif\" width='8' height='11' alt=\"-\" style='height:11px;width:8px;' class='' \/> Revenus imposables annuels de placement ou du patrimoine.<br \/>\n<br \/><img decoding=\"async\" src=\"https:\/\/snuipp86.fr\/wp-content\/spip\/cache-vignettes\/L8xH11\/puce-68c92.gif\" width='8' height='11' alt=\"-\" style='height:11px;width:8px;' class='' \/> Les prestations familiales<\/p>\n<p class=\"spip\">2. De la composition du foyer :<br \/>\n<br \/><img decoding=\"async\" src=\"https:\/\/snuipp86.fr\/wp-content\/spip\/cache-vignettes\/L8xH11\/puce-68c92.gif\" width='8' height='11' alt=\"-\" style='height:11px;width:8px;' class='' \/> C\u00e9libataire, en couple, personne isol\u00e9e.<br \/>\n<br \/><img decoding=\"async\" src=\"https:\/\/snuipp86.fr\/wp-content\/spip\/cache-vignettes\/L8xH11\/puce-68c92.gif\" width='8' height='11' alt=\"-\" style='height:11px;width:8px;' class='' \/> Nombre d&rsquo;enfants.<\/p>\n<p class=\"spip\">Pour estimer ses droits, la Caf met \u00e0 disposition un simulateur. <a href=\"https:\/\/wwwd.caf.fr\/wps\/portal\/caffr\/simulateurpa\/\" class=\"spip_out\">https:\/\/wwwd.caf.fr\/wps\/portal\/caffr\/simulateurpa\/<\/a><\/p>\n<p class=\"spip\">Exemples :<br \/>\n<br \/><img decoding=\"async\" src=\"https:\/\/snuipp86.fr\/wp-content\/spip\/cache-vignettes\/L8xH11\/puce-68c92.gif\" width='8' height='11' alt=\"-\" style='height:11px;width:8px;' class='' \/> 1. C\u00e9libataire sans enfant \u00e0 l&rsquo;\u00e9chelon 1 (salaire 1428 \u20ac net) percevant une allocation logement de 200\u20ac : Prime d&rsquo;activit\u00e9 88 \u20ac\/mois.<br \/>\n<br \/><img decoding=\"async\" src=\"https:\/\/snuipp86.fr\/wp-content\/spip\/cache-vignettes\/L8xH11\/puce-68c92.gif\" width='8' height='11' alt=\"-\" style='height:11px;width:8px;' class='' \/> 2. C\u00e9libataire sans enfant \u00e0 l&rsquo;\u00e9chelon 1 (salaire 1428 \u20ac net) ne percevant pas d&rsquo;allocation logement : Prime d&rsquo;activit\u00e9 154 \u20ac\/mois.<br \/>\n<br \/><img decoding=\"async\" src=\"https:\/\/snuipp86.fr\/wp-content\/spip\/cache-vignettes\/L8xH11\/puce-68c92.gif\" width='8' height='11' alt=\"-\" style='height:11px;width:8px;' class='' \/> 3. C\u00e9libataire sans enfant \u00e0 l&rsquo;\u00e9chelon 2 (salaire 1627 \u20ac net) ne percevant pas d&rsquo;allocation logement : Prime d&rsquo;activit\u00e9 77 \u20ac\/mois.<br \/>\n<br \/><img decoding=\"async\" src=\"https:\/\/snuipp86.fr\/wp-content\/spip\/cache-vignettes\/L8xH11\/puce-68c92.gif\" width='8' height='11' alt=\"-\" style='height:11px;width:8px;' class='' \/> 4. Couple deux enfants, l&rsquo;un \u00e0 l&rsquo;\u00e9chelon 5 : 1740 \u20ac + 169 \u20ac sup. familial, le second : 1300 \u20ac, percevant une allocation logement de 200 \u20ac et allocation familiale de 131 \u20ac. La situation de ce foyer ne donne pas droit \u00e0 l&rsquo;attribution de la prime d&rsquo;activit\u00e9.<\/p>\n<\/div>\n","protected":false},"excerpt":{"rendered":"<p>Les textes <br \/>Articles D843-1 et suivants du code de la s\u00e9curit\u00e9 sociale : https:\/\/www.legifrance.gouv.fr\/affichCode.do ?idSectionTA=LEGISCTA000031673859&#038;cidTexte=LEGITEXT000006073189 <br \/>D\u00e9finition <br \/>La prime d&rsquo;activit\u00e9 est un compl\u00e9ment de revenu mensuellement vers\u00e9, sous condition de ressources, aux actifs de plus de 18 ans. Ces montants ne sont pas imposables. D\u00e9p\u00f4t du dossier <br \/>La demande de prime d&rsquo;activit\u00e9 se fait via une proc\u00e9dure en ligne aupr\u00e8s de la Caf. En cas (&#8230;)<br \/>\n&#8211;<br \/>\n<a href=\"http:\/\/86.snuipp.fr\/spip.php?rubrique86\" rel=\"directory\">Salaires, Indices, Indemnit\u00e9s, Primes, GIPA<\/a><\/p>\n","protected":false},"author":1,"featured_media":0,"comment_status":"open","ping_status":"open","sticky":false,"template":"","format":"standard","meta":{"footnotes":""},"categories":[14],"tags":[],"class_list":["post-56","post","type-post","status-publish","format-standard","hentry","category-a-la-une"],"yoast_head":"<!-- This site is optimized with the Yoast SEO plugin v26.6 - https:\/\/yoast.com\/wordpress\/plugins\/seo\/ -->\n<title>Prime d&#039;Activit\u00e9 : les textes - FSU-SNUipp 86<\/title>\n<meta name=\"robots\" content=\"index, follow, max-snippet:-1, max-image-preview:large, max-video-preview:-1\" \/>\n<link rel=\"canonical\" href=\"https:\/\/snuipp86.fr\/index.php\/2019\/02\/21\/prime-dactivit-les-textes\/\" \/>\n<meta property=\"og:locale\" content=\"fr_FR\" \/>\n<meta property=\"og:type\" content=\"article\" \/>\n<meta property=\"og:title\" content=\"Prime d&#039;Activit\u00e9 : les textes - FSU-SNUipp 86\" \/>\n<meta property=\"og:description\" content=\"Les textes Articles D843-1 et suivants du code de la s\u00e9curit\u00e9 sociale : https:\/\/www.legifrance.gouv.fr\/affichCode.do ?idSectionTA=LEGISCTA000031673859&amp;cidTexte=LEGITEXT000006073189 D\u00e9finition La prime d&#039;activit\u00e9 est un compl\u00e9ment de revenu mensuellement vers\u00e9, sous condition de ressources, aux actifs de plus de 18 ans. Ces montants ne sont pas imposables. D\u00e9p\u00f4t du dossier La demande de prime d&#039;activit\u00e9 se fait via une proc\u00e9dure en ligne aupr\u00e8s de la Caf. En cas (...) - Salaires, Indices, Indemnit\u00e9s, Primes, GIPA\" \/>\n<meta property=\"og:url\" content=\"https:\/\/snuipp86.fr\/index.php\/2019\/02\/21\/prime-dactivit-les-textes\/\" \/>\n<meta property=\"og:site_name\" content=\"FSU-SNUipp 86\" \/>\n<meta property=\"article:published_time\" content=\"2019-02-21T08:20:50+00:00\" \/>\n<meta property=\"og:image\" content=\"http:\/\/snuipp86.fr\/wp-content\/spip\/cache-vignettes\/L8xH11\/puce-68c92.gif\" \/>\n<meta name=\"author\" content=\"WP86Admin\" \/>\n<meta name=\"twitter:card\" content=\"summary_large_image\" \/>\n<meta name=\"twitter:label1\" content=\"\u00c9crit par\" \/>\n\t<meta name=\"twitter:data1\" content=\"WP86Admin\" \/>\n\t<meta name=\"twitter:label2\" content=\"Dur\u00e9e de lecture estim\u00e9e\" \/>\n\t<meta name=\"twitter:data2\" content=\"2 minutes\" \/>\n<script type=\"application\/ld+json\" class=\"yoast-schema-graph\">{\"@context\":\"https:\/\/schema.org\",\"@graph\":[{\"@type\":\"WebPage\",\"@id\":\"https:\/\/snuipp86.fr\/index.php\/2019\/02\/21\/prime-dactivit-les-textes\/\",\"url\":\"https:\/\/snuipp86.fr\/index.php\/2019\/02\/21\/prime-dactivit-les-textes\/\",\"name\":\"Prime d'Activit\u00e9 : les textes - FSU-SNUipp 86\",\"isPartOf\":{\"@id\":\"https:\/\/snuipp86.fr\/#website\"},\"primaryImageOfPage\":{\"@id\":\"https:\/\/snuipp86.fr\/index.php\/2019\/02\/21\/prime-dactivit-les-textes\/#primaryimage\"},\"image\":{\"@id\":\"https:\/\/snuipp86.fr\/index.php\/2019\/02\/21\/prime-dactivit-les-textes\/#primaryimage\"},\"thumbnailUrl\":\"http:\/\/snuipp86.fr\/wp-content\/spip\/cache-vignettes\/L8xH11\/puce-68c92.gif\",\"datePublished\":\"2019-02-21T08:20:50+00:00\",\"author\":{\"@id\":\"https:\/\/snuipp86.fr\/#\/schema\/person\/901b28b9ae1c7a63a6a940102e52a7a2\"},\"breadcrumb\":{\"@id\":\"https:\/\/snuipp86.fr\/index.php\/2019\/02\/21\/prime-dactivit-les-textes\/#breadcrumb\"},\"inLanguage\":\"fr-FR\",\"potentialAction\":[{\"@type\":\"ReadAction\",\"target\":[\"https:\/\/snuipp86.fr\/index.php\/2019\/02\/21\/prime-dactivit-les-textes\/\"]}]},{\"@type\":\"ImageObject\",\"inLanguage\":\"fr-FR\",\"@id\":\"https:\/\/snuipp86.fr\/index.php\/2019\/02\/21\/prime-dactivit-les-textes\/#primaryimage\",\"url\":\"http:\/\/snuipp86.fr\/wp-content\/spip\/cache-vignettes\/L8xH11\/puce-68c92.gif\",\"contentUrl\":\"http:\/\/snuipp86.fr\/wp-content\/spip\/cache-vignettes\/L8xH11\/puce-68c92.gif\"},{\"@type\":\"BreadcrumbList\",\"@id\":\"https:\/\/snuipp86.fr\/index.php\/2019\/02\/21\/prime-dactivit-les-textes\/#breadcrumb\",\"itemListElement\":[{\"@type\":\"ListItem\",\"position\":1,\"name\":\"Accueil\",\"item\":\"https:\/\/snuipp86.fr\/\"},{\"@type\":\"ListItem\",\"position\":2,\"name\":\"Prime d&#8217;Activit\u00e9 : les textes\"}]},{\"@type\":\"WebSite\",\"@id\":\"https:\/\/snuipp86.fr\/#website\",\"url\":\"https:\/\/snuipp86.fr\/\",\"name\":\"FSU-SNUipp 86\",\"description\":\"Des id\u00e9es qui font l&#039;\u00e9cole\",\"potentialAction\":[{\"@type\":\"SearchAction\",\"target\":{\"@type\":\"EntryPoint\",\"urlTemplate\":\"https:\/\/snuipp86.fr\/?s={search_term_string}\"},\"query-input\":{\"@type\":\"PropertyValueSpecification\",\"valueRequired\":true,\"valueName\":\"search_term_string\"}}],\"inLanguage\":\"fr-FR\"},{\"@type\":\"Person\",\"@id\":\"https:\/\/snuipp86.fr\/#\/schema\/person\/901b28b9ae1c7a63a6a940102e52a7a2\",\"name\":\"WP86Admin\",\"image\":{\"@type\":\"ImageObject\",\"inLanguage\":\"fr-FR\",\"@id\":\"https:\/\/snuipp86.fr\/#\/schema\/person\/image\/\",\"url\":\"https:\/\/secure.gravatar.com\/avatar\/0099845c7ec05dc10d777d8ab4f5142c5ba316283821af2459738ad469a37a1a?s=96&d=mm&r=g\",\"contentUrl\":\"https:\/\/secure.gravatar.com\/avatar\/0099845c7ec05dc10d777d8ab4f5142c5ba316283821af2459738ad469a37a1a?s=96&d=mm&r=g\",\"caption\":\"WP86Admin\"},\"url\":\"https:\/\/snuipp86.fr\/index.php\/author\/wp86admin\/\"}]}<\/script>\n<!-- \/ Yoast SEO plugin. -->","yoast_head_json":{"title":"Prime d'Activit\u00e9 : les textes - FSU-SNUipp 86","robots":{"index":"index","follow":"follow","max-snippet":"max-snippet:-1","max-image-preview":"max-image-preview:large","max-video-preview":"max-video-preview:-1"},"canonical":"https:\/\/snuipp86.fr\/index.php\/2019\/02\/21\/prime-dactivit-les-textes\/","og_locale":"fr_FR","og_type":"article","og_title":"Prime d'Activit\u00e9 : les textes - FSU-SNUipp 86","og_description":"Les textes Articles D843-1 et suivants du code de la s\u00e9curit\u00e9 sociale : https:\/\/www.legifrance.gouv.fr\/affichCode.do ?idSectionTA=LEGISCTA000031673859&cidTexte=LEGITEXT000006073189 D\u00e9finition La prime d'activit\u00e9 est un compl\u00e9ment de revenu mensuellement vers\u00e9, sous condition de ressources, aux actifs de plus de 18 ans. Ces montants ne sont pas imposables. D\u00e9p\u00f4t du dossier La demande de prime d'activit\u00e9 se fait via une proc\u00e9dure en ligne aupr\u00e8s de la Caf. En cas (...) - Salaires, Indices, Indemnit\u00e9s, Primes, GIPA","og_url":"https:\/\/snuipp86.fr\/index.php\/2019\/02\/21\/prime-dactivit-les-textes\/","og_site_name":"FSU-SNUipp 86","article_published_time":"2019-02-21T08:20:50+00:00","og_image":[{"url":"http:\/\/snuipp86.fr\/wp-content\/spip\/cache-vignettes\/L8xH11\/puce-68c92.gif","type":"","width":"","height":""}],"author":"WP86Admin","twitter_card":"summary_large_image","twitter_misc":{"\u00c9crit par":"WP86Admin","Dur\u00e9e de lecture estim\u00e9e":"2 minutes"},"schema":{"@context":"https:\/\/schema.org","@graph":[{"@type":"WebPage","@id":"https:\/\/snuipp86.fr\/index.php\/2019\/02\/21\/prime-dactivit-les-textes\/","url":"https:\/\/snuipp86.fr\/index.php\/2019\/02\/21\/prime-dactivit-les-textes\/","name":"Prime d'Activit\u00e9 : les textes - FSU-SNUipp 86","isPartOf":{"@id":"https:\/\/snuipp86.fr\/#website"},"primaryImageOfPage":{"@id":"https:\/\/snuipp86.fr\/index.php\/2019\/02\/21\/prime-dactivit-les-textes\/#primaryimage"},"image":{"@id":"https:\/\/snuipp86.fr\/index.php\/2019\/02\/21\/prime-dactivit-les-textes\/#primaryimage"},"thumbnailUrl":"http:\/\/snuipp86.fr\/wp-content\/spip\/cache-vignettes\/L8xH11\/puce-68c92.gif","datePublished":"2019-02-21T08:20:50+00:00","author":{"@id":"https:\/\/snuipp86.fr\/#\/schema\/person\/901b28b9ae1c7a63a6a940102e52a7a2"},"breadcrumb":{"@id":"https:\/\/snuipp86.fr\/index.php\/2019\/02\/21\/prime-dactivit-les-textes\/#breadcrumb"},"inLanguage":"fr-FR","potentialAction":[{"@type":"ReadAction","target":["https:\/\/snuipp86.fr\/index.php\/2019\/02\/21\/prime-dactivit-les-textes\/"]}]},{"@type":"ImageObject","inLanguage":"fr-FR","@id":"https:\/\/snuipp86.fr\/index.php\/2019\/02\/21\/prime-dactivit-les-textes\/#primaryimage","url":"http:\/\/snuipp86.fr\/wp-content\/spip\/cache-vignettes\/L8xH11\/puce-68c92.gif","contentUrl":"http:\/\/snuipp86.fr\/wp-content\/spip\/cache-vignettes\/L8xH11\/puce-68c92.gif"},{"@type":"BreadcrumbList","@id":"https:\/\/snuipp86.fr\/index.php\/2019\/02\/21\/prime-dactivit-les-textes\/#breadcrumb","itemListElement":[{"@type":"ListItem","position":1,"name":"Accueil","item":"https:\/\/snuipp86.fr\/"},{"@type":"ListItem","position":2,"name":"Prime d&#8217;Activit\u00e9 : les textes"}]},{"@type":"WebSite","@id":"https:\/\/snuipp86.fr\/#website","url":"https:\/\/snuipp86.fr\/","name":"FSU-SNUipp 86","description":"Des id\u00e9es qui font l&#039;\u00e9cole","potentialAction":[{"@type":"SearchAction","target":{"@type":"EntryPoint","urlTemplate":"https:\/\/snuipp86.fr\/?s={search_term_string}"},"query-input":{"@type":"PropertyValueSpecification","valueRequired":true,"valueName":"search_term_string"}}],"inLanguage":"fr-FR"},{"@type":"Person","@id":"https:\/\/snuipp86.fr\/#\/schema\/person\/901b28b9ae1c7a63a6a940102e52a7a2","name":"WP86Admin","image":{"@type":"ImageObject","inLanguage":"fr-FR","@id":"https:\/\/snuipp86.fr\/#\/schema\/person\/image\/","url":"https:\/\/secure.gravatar.com\/avatar\/0099845c7ec05dc10d777d8ab4f5142c5ba316283821af2459738ad469a37a1a?s=96&d=mm&r=g","contentUrl":"https:\/\/secure.gravatar.com\/avatar\/0099845c7ec05dc10d777d8ab4f5142c5ba316283821af2459738ad469a37a1a?s=96&d=mm&r=g","caption":"WP86Admin"},"url":"https:\/\/snuipp86.fr\/index.php\/author\/wp86admin\/"}]}},"_links":{"self":[{"href":"https:\/\/snuipp86.fr\/index.php\/wp-json\/wp\/v2\/posts\/56","targetHints":{"allow":["GET"]}}],"collection":[{"href":"https:\/\/snuipp86.fr\/index.php\/wp-json\/wp\/v2\/posts"}],"about":[{"href":"https:\/\/snuipp86.fr\/index.php\/wp-json\/wp\/v2\/types\/post"}],"author":[{"embeddable":true,"href":"https:\/\/snuipp86.fr\/index.php\/wp-json\/wp\/v2\/users\/1"}],"replies":[{"embeddable":true,"href":"https:\/\/snuipp86.fr\/index.php\/wp-json\/wp\/v2\/comments?post=56"}],"version-history":[{"count":0,"href":"https:\/\/snuipp86.fr\/index.php\/wp-json\/wp\/v2\/posts\/56\/revisions"}],"wp:attachment":[{"href":"https:\/\/snuipp86.fr\/index.php\/wp-json\/wp\/v2\/media?parent=56"}],"wp:term":[{"taxonomy":"category","embeddable":true,"href":"https:\/\/snuipp86.fr\/index.php\/wp-json\/wp\/v2\/categories?post=56"},{"taxonomy":"post_tag","embeddable":true,"href":"https:\/\/snuipp86.fr\/index.php\/wp-json\/wp\/v2\/tags?post=56"}],"curies":[{"name":"wp","href":"https:\/\/api.w.org\/{rel}","templated":true}]}}