{"id":567,"date":"2016-05-26T12:02:00","date_gmt":"2016-05-26T12:02:00","guid":{"rendered":"http:\/\/localhost\/wordpress\/2016\/05\/26\/mouvement-2016-en-vienne-86-les-aides-du-snuipp-fsu\/"},"modified":"2016-05-26T12:02:00","modified_gmt":"2016-05-26T12:02:00","slug":"mouvement-2016-en-vienne-86-les-aides-du-snuipp-fsu","status":"publish","type":"post","link":"https:\/\/snuipp86.fr\/index.php\/2016\/05\/26\/mouvement-2016-en-vienne-86-les-aides-du-snuipp-fsu\/","title":{"rendered":"Mouvement 2016 en Vienne (86) : les aides du SNUipp-FSU"},"content":{"rendered":"<p><img decoding=\"async\" src=\"https:\/\/snuipp86.fr\/wp-content\/spip\/IMG\/arton2807.jpg\" alt=\"\" align=\"right\" width=\"225\" height=\"225\" class=\"spip_logos\" \/><\/p>\n<div class='rss_texte'>\n<p class=\"spip\">La circulaire est parue , retrouvez l\u00e0 <a href=\"https:\/\/www.intra.ac-poitiers.fr\/mes-rubriques\/mouvement-departemental-2016-208353.kjsp?RH=1192696847494\" class=\"spip_out\">sur ce lien<\/a>.<\/p>\n<p class=\"spip\">La saisie des v\u0153ux s&rsquo;effectuera du lundi 4 avril au mercredi 13 avril.<\/p>\n<p class=\"spip\"><img decoding=\"async\" src=\"https:\/\/snuipp86.fr\/wp-content\/spip\/cache-vignettes\/L8xH11\/puce-68c92.gif\" width='8' height='11' alt=\"-\" style='height:11px;width:8px;' class='' \/> Le site e-mouvement<br \/>\n<br \/><img decoding=\"async\" src=\"https:\/\/snuipp86.fr\/wp-content\/spip\/cache-vignettes\/L8xH11\/puce-68c92.gif\" width='8' height='11' alt=\"-\" style='height:11px;width:8px;' class='' \/> Op\u00e9ration transparence<br \/>\n<br \/><img decoding=\"async\" src=\"https:\/\/snuipp86.fr\/wp-content\/spip\/cache-vignettes\/L8xH11\/puce-68c92.gif\" width='8' height='11' alt=\"-\" style='height:11px;width:8px;' class='' \/> Les permanences mouvement<br \/>\n<br \/><img decoding=\"async\" src=\"https:\/\/snuipp86.fr\/wp-content\/spip\/cache-vignettes\/L8xH11\/puce-68c92.gif\" width='8' height='11' alt=\"-\" style='height:11px;width:8px;' class='' \/> Le calendrier<\/p>\n<ul class=\"spip\">\n<li class=\"spip\">\n<h3 class=\"spip\" id=\"outil_sommaire_0\"><a title=\"Sommaire\" href=\"http:\/\/86.snuipp.fr\/spip.php?page=backend&#038;id_rubrique=#outil_sommaire\" class=\"sommaire_ancre\"> <\/a>le site e-mouvement 86<\/h3>\n<\/li>\n<\/ul>\n<p class=\"spip\">Retrouvez sur le lien suivant notre site e-mouvement avec toutes les r\u00e8gles, les circulaires, les r\u00e9sultats des ann\u00e9es pr\u00e9c\u00e9dentes, les adresses des communes, les calendriers, les fiches de contr\u00f4le (aussi en pi\u00e8ce jointe)<\/p>\n<h3 class=\"spip\" id=\"outil_sommaire_1\"><a title=\"Sommaire\" href=\"http:\/\/86.snuipp.fr\/spip.php?page=backend&#038;id_rubrique=#outil_sommaire\" class=\"sommaire_ancre\"> <\/a><a href=\"http:\/\/e-mouvement.snuipp.fr\/86\/accueil\" class=\"spip_out\">http:\/\/e-mouvement.snuipp.fr\/86\/accueil<\/a><\/h3>\n<ul class=\"spip\">\n<li class=\"spip\">\n<h3 class=\"spip\" id=\"outil_sommaire_2\"><a title=\"Sommaire\" href=\"http:\/\/86.snuipp.fr\/spip.php?page=backend&#038;id_rubrique=#outil_sommaire\" class=\"sommaire_ancre\"> <\/a>Op\u00e9ration transparence : publication des postes<\/h3>\n<\/li>\n<\/ul>\n<p class=\"spip\">Les postes vacants pour le mouvement seront publi\u00e9s par l&rsquo;administration le 4 avril. D&rsquo;ici l\u00e0, le SNUipp-FSU 86 propose aux coll\u00e8gues affect\u00e9s \u00e0 TD dans une \u00e9cole d&rsquo;indiquer leur intention de muter. L&rsquo;objectif est bien de dresser ensemble une liste de postes susceptibles d&rsquo;\u00eatre vacants, liste que nous souhaitons \u00eatre la plus fiable possible. C&rsquo;est donc \u00e0 un exercice de solidarit\u00e9 que le SNUipp\/FSU 86, qui n&rsquo;a de cesse de pr\u00e9server le maximum de transparence et d&rsquo;\u00e9quit\u00e9 pour tous, propose aux coll\u00e8gues titulaires d&rsquo;un poste et souhaitant participer au mouvement de s&rsquo;inscrire sur notre site.<\/p>\n<p class=\"spip\">LES POSTES SERONT ANONYMES<\/p>\n<p class=\"spip\">De plus, vous pourrez, si vous le souhaitez, commenter votre poste et donner des indications pratiques sur le passage de votre \u00e9cole dans la r\u00e9forme des rythmes.<\/p>\n<p class=\"spip\">Ainsi, pour publier votre poste, cliquez sur le lien suivant<\/p>\n<h3 class=\"spip\" id=\"outil_sommaire_3\"><a title=\"Sommaire\" href=\"http:\/\/86.snuipp.fr\/spip.php?page=backend&#038;id_rubrique=#outil_sommaire\" class=\"sommaire_ancre\"> <\/a><a href=\"http:\/\/86mouvement.snuipp.fr\/mouvements\" class=\"spip_out\">http:\/\/86mouvement.snuipp.fr\/mouvements<\/a><\/h3>\n<p class=\"spip\"><img decoding=\"async\" src=\"https:\/\/snuipp86.fr\/wp-content\/spip\/cache-vignettes\/L8xH11\/puce-68c92.gif\" width='8' height='11' alt=\"-\" style='height:11px;width:8px;' class='' \/> pour publier : menu publier mon poste<br \/>\n<br \/><img decoding=\"async\" src=\"https:\/\/snuipp86.fr\/wp-content\/spip\/cache-vignettes\/L8xH11\/puce-68c92.gif\" width='8' height='11' alt=\"-\" style='height:11px;width:8px;' class='' \/> pour consulter : menu tableau des postes<\/p>\n<p class=\"spip\"><strong class=\"spip\">Vous pouvez inciter les coll\u00e8gues qui pensent participer au mouvement \u00e0 publier leur poste dans cet outil. Le SNUipp\/FSU86 vous remercie de participer \u00e0 cette initiative.<\/strong><\/p>\n<h3 class=\"spip\" id=\"outil_sommaire_4\"><a title=\"Sommaire\" href=\"http:\/\/86.snuipp.fr\/spip.php?page=backend&#038;id_rubrique=#outil_sommaire\" class=\"sommaire_ancre\"> <\/a>PERMANENCES DU SNUIPP-FSU 86<\/h3>\n<p class=\"spip\"><img decoding=\"async\" src=\"https:\/\/snuipp86.fr\/wp-content\/spip\/cache-vignettes\/L8xH11\/puce-68c92.gif\" width='8' height='11' alt=\"-\" style='height:11px;width:8px;' class='' \/> Sp\u00e9cial PES : \u00e0 l&rsquo;ESPE , Mardi 29 mars de 8h45 \u00e0 10h15, Jeudi 31 mars de 10h30 \u00e0 12h<\/p>\n<p class=\"spip\"><img decoding=\"async\" src=\"https:\/\/snuipp86.fr\/wp-content\/spip\/cache-vignettes\/L8xH11\/puce-68c92.gif\" width='8' height='11' alt=\"-\" style='height:11px;width:8px;' class='' \/> Lundi 4 avril \u00e0 partir de 16h30 \u00e0 la maison syndicale \u00e0 Poitiers<\/p>\n<p class=\"spip\"><img decoding=\"async\" src=\"https:\/\/snuipp86.fr\/wp-content\/spip\/cache-vignettes\/L8xH11\/puce-68c92.gif\" width='8' height='11' alt=\"-\" style='height:11px;width:8px;' class='' \/> Mardi 5 avril<\/p>\n<ul class=\"spip\">\n<li class=\"spip\"> \u00e0 16h30-18h \u00e0 la maison syndicale \u00e0 Poitiers<\/li>\n<li class=\"spip\"> Lencloitre &#8211; \u00e9cole \u00e9l\u00e9m &#8211; 16h<\/li>\n<li class=\"spip\"> Ch\u00e2tellerault &#8211; \u00e9cole Pr\u00e9vert \u00e9l\u00e9m &#8211; 16h30<\/li>\n<\/ul>\n<p class=\"spip\"><img decoding=\"async\" src=\"https:\/\/snuipp86.fr\/wp-content\/spip\/cache-vignettes\/L8xH11\/puce-68c92.gif\" width='8' height='11' alt=\"-\" style='height:11px;width:8px;' class='' \/> Mercredi 6 avril<\/p>\n<ul class=\"spip\">\n<li class=\"spip\"> Poitiers 14h &#8211; 16h<\/li>\n<li class=\"spip\"> Montmorillon &#8211; Ville haute \u00e9l\u00e9m 12h<\/li>\n<\/ul>\n<p class=\"spip\"><img decoding=\"async\" src=\"https:\/\/snuipp86.fr\/wp-content\/spip\/cache-vignettes\/L8xH11\/puce-68c92.gif\" width='8' height='11' alt=\"-\" style='height:11px;width:8px;' class='' \/> Jeudi 7 avril<\/p>\n<ul class=\"spip\">\n<li class=\"spip\"> 17h-19h \u00e0 la maison syndicale \u00e0 Poitiers<\/li>\n<li class=\"spip\"> Chauvigny &#8211; Jean Arnault &#8211; 16h30<\/li>\n<\/ul>\n<p class=\"spip\"><img decoding=\"async\" src=\"https:\/\/snuipp86.fr\/wp-content\/spip\/cache-vignettes\/L8xH11\/puce-68c92.gif\" width='8' height='11' alt=\"-\" style='height:11px;width:8px;' class='' \/> Vendredi 8 avril \u00e0 17h-19h \u00e0 la maison syndicale \u00e0 Poitiers<\/p>\n<p class=\"spip\"><img decoding=\"async\" src=\"https:\/\/snuipp86.fr\/wp-content\/spip\/cache-vignettes\/L8xH11\/puce-68c92.gif\" width='8' height='11' alt=\"-\" style='height:11px;width:8px;' class='' \/> Lundi 11 avril \u00e0 10h-13h \u00e0 la maison syndicale \u00e0 Poitiers<\/p>\n<p class=\"spip\"><img decoding=\"async\" src=\"https:\/\/snuipp86.fr\/wp-content\/spip\/cache-vignettes\/L8xH11\/puce-68c92.gif\" width='8' height='11' alt=\"-\" style='height:11px;width:8px;' class='' \/> Mardi 12 avril \u00e0 10h-13h \u00e0 la maison syndicale \u00e0 Poitiers<\/p>\n<p class=\"spip\"><img decoding=\"async\" src=\"https:\/\/snuipp86.fr\/wp-content\/spip\/cache-vignettes\/L8xH11\/puce-68c92.gif\" width='8' height='11' alt=\"-\" style='height:11px;width:8px;' class='' \/> Mercredi 13 avril \u00e0 10h-13h \u00e0 la maison syndicale \u00e0 Poitiers<\/p>\n<hr class=\"spip\" \/>\n<h3 class=\"spip\" id=\"outil_sommaire_5\"><a title=\"Sommaire\" href=\"http:\/\/86.snuipp.fr\/spip.php?page=backend&#038;id_rubrique=#outil_sommaire\" class=\"sommaire_ancre\"> <\/a>Calendrier du mouvement<\/h3>\n<p class=\"spip\"><img decoding=\"async\" src=\"https:\/\/snuipp86.fr\/wp-content\/spip\/cache-vignettes\/L8xH11\/puce-68c92.gif\" width='8' height='11' alt=\"-\" style='height:11px;width:8px;' class='' \/> Lundi 4 avril 2016 : Publication des listes &#8211; des postes vacants, des postes susceptibles d&rsquo;\u00eatre vacants, des postes \u00e0 conditions particuli\u00e8res d&rsquo;exercice.<\/p>\n<p class=\"spip\"><img decoding=\"async\" src=\"https:\/\/snuipp86.fr\/wp-content\/spip\/cache-vignettes\/L8xH11\/puce-68c92.gif\" width='8' height='11' alt=\"-\" style='height:11px;width:8px;' class='' \/> Du lundi 4 avril matin au mercredi 13 avril \u00e0 minuit : Saisie des voeux sur SIAM<\/p>\n<p class=\"spip\"><img decoding=\"async\" src=\"https:\/\/snuipp86.fr\/wp-content\/spip\/cache-vignettes\/L8xH11\/puce-68c92.gif\" width='8' height='11' alt=\"-\" style='height:11px;width:8px;' class='' \/> Avril &#8211; Mai 2016 : Entretiens pr\u00e9alables pour les postes \u00e0 responsabilit\u00e9s particuli\u00e8res<\/p>\n<p class=\"spip\"><img decoding=\"async\" src=\"https:\/\/snuipp86.fr\/wp-content\/spip\/cache-vignettes\/L8xH11\/puce-68c92.gif\" width='8' height='11' alt=\"-\" style='height:11px;width:8px;' class='' \/> Vendredi 22 avril 2016 : Envoi des accus\u00e9s de r\u00e9ception avec les \u00e9l\u00e9ments de bar\u00e8me<\/p>\n<p class=\"spip\"><img decoding=\"async\" src=\"https:\/\/snuipp86.fr\/wp-content\/spip\/cache-vignettes\/L8xH11\/puce-68c92.gif\" width='8' height='11' alt=\"-\" style='height:11px;width:8px;' class='' \/> Mercredi 27 avril 2016 : Date limite de r\u00e9ception des demandes de v\u00e9rification de bar\u00e8me<\/p>\n<p class=\"spip\"><img decoding=\"async\" src=\"https:\/\/snuipp86.fr\/wp-content\/spip\/cache-vignettes\/L8xH11\/puce-68c92.gif\" width='8' height='11' alt=\"-\" style='height:11px;width:8px;' class='' \/> Mardi 10 mai 2016 : CAPD \u2013 Modifications de bar\u00e8mes &#8211; Etude des situations particuli\u00e8res et des demandes au titre du handicap<\/p>\n<p class=\"spip\"><img decoding=\"async\" src=\"https:\/\/snuipp86.fr\/wp-content\/spip\/cache-vignettes\/L8xH11\/puce-68c92.gif\" width='8' height='11' alt=\"-\" style='height:11px;width:8px;' class='' \/> Jeudi 26 mai 2016 : CAPD 1\u00e8re phase du mouvement d\u00e9partemental<\/p>\n<p class=\"spip\"><img decoding=\"async\" src=\"https:\/\/snuipp86.fr\/wp-content\/spip\/cache-vignettes\/L8xH11\/puce-68c92.gif\" width='8' height='11' alt=\"-\" style='height:11px;width:8px;' class='' \/> Jeudi 9 juin et Vendredi 10 juin 2016 : Groupe de travail : postes fractionn\u00e9s<\/p>\n<p class=\"spip\"><img decoding=\"async\" src=\"https:\/\/snuipp86.fr\/wp-content\/spip\/cache-vignettes\/L8xH11\/puce-68c92.gif\" width='8' height='11' alt=\"-\" style='height:11px;width:8px;' class='' \/> Lundi 13 juin : CAPD interm\u00e9diaire<\/p>\n<p class=\"spip\"><img decoding=\"async\" src=\"https:\/\/snuipp86.fr\/wp-content\/spip\/cache-vignettes\/L8xH11\/puce-68c92.gif\" width='8' height='11' alt=\"-\" style='height:11px;width:8px;' class='' \/> Lundi 20 juin 2016 : Publication de la liste des postes vacants<\/p>\n<p class=\"spip\"><img decoding=\"async\" src=\"https:\/\/snuipp86.fr\/wp-content\/spip\/cache-vignettes\/L8xH11\/puce-68c92.gif\" width='8' height='11' alt=\"-\" style='height:11px;width:8px;' class='' \/> Du lundi 20 juin 2016 au mercredi 22 juin 2015 \u00e0 minuit : Saisie des voeux de mutation sur SIAM<\/p>\n<p class=\"spip\"><img decoding=\"async\" src=\"https:\/\/snuipp86.fr\/wp-content\/spip\/cache-vignettes\/L8xH11\/puce-68c92.gif\" width='8' height='11' alt=\"-\" style='height:11px;width:8px;' class='' \/> Jeudi 30 juin 2016 : CAPD \u2013 2\u00e8me phase du mouvement d\u00e9partemental<\/p>\n<p class=\"spip\"><img decoding=\"async\" src=\"https:\/\/snuipp86.fr\/wp-content\/spip\/cache-vignettes\/L8xH11\/puce-68c92.gif\" width='8' height='11' alt=\"-\" style='height:11px;width:8px;' class='' \/> Jeudi 7 juillet 2016 : CAPD \u2013 phase d&rsquo;ajustement \u2013 R\u00e9visions d&rsquo;affectation \u2013 PES en renouvellement de stage<\/p>\n<p class=\"spip\"><img decoding=\"async\" src=\"https:\/\/snuipp86.fr\/wp-content\/spip\/cache-vignettes\/L8xH11\/puce-68c92.gif\" width='8' height='11' alt=\"-\" style='height:11px;width:8px;' class='' \/> Vendredi 2 septembre : affectations de rentr\u00e9e<\/p>\n<p class=\"spip\"><i class=\"spip\">N&rsquo;h\u00e9sitez pas \u00e0 nous contacter pour toutes questions ou interrogations.<\/p>\n<p class=\"spip\">A bient\u00f4t<\/p>\n<p class=\"spip\">Vos repr\u00e9sentant-e-s du SNUipp-FSU 86<br \/>\n<\/i><\/p>\n<\/div>\n","protected":false},"excerpt":{"rendered":"<p>La circulaire est parue , retrouvez l\u00e0 sur ce lien. <br \/>La saisie des v\u0153ux s&rsquo;effectuera du lundi 4 avril au mercredi 13 avril. <br \/>Le site e-mouvement <br \/>Op\u00e9ration transparence <br \/>Les permanences mouvement <br \/>Le calendrier <br \/>le site e-mouvement 86 <br \/>Retrouvez sur le lien suivant notre site e-mouvement avec toutes les r\u00e8gles, les circulaires, les r\u00e9sultats des ann\u00e9es pr\u00e9c\u00e9dentes, les adresses des communes, les calendriers, les fiches de contr\u00f4le (aussi en pi\u00e8ce jointe) (&#8230;)<br \/>\n&#8211;<br \/>\n<a href=\"http:\/\/86.snuipp.fr\/spip.php?rubrique117\" rel=\"directory\">Mouvement des personnels &#8211; <\/a><br \/>\n\/<br \/>\n<a href=\"http:\/\/86.snuipp.fr\/spip.php?mot306\" rel=\"tag\">Mouvement<\/a><\/p>\n","protected":false},"author":1,"featured_media":0,"comment_status":"open","ping_status":"open","sticky":false,"template":"","format":"standard","meta":{"footnotes":""},"categories":[14],"tags":[],"class_list":["post-567","post","type-post","status-publish","format-standard","hentry","category-a-la-une"],"yoast_head":"<!-- This site is optimized with the Yoast SEO plugin v26.6 - https:\/\/yoast.com\/wordpress\/plugins\/seo\/ -->\n<title>Mouvement 2016 en Vienne (86) : les aides du SNUipp-FSU - FSU-SNUipp 86<\/title>\n<meta name=\"robots\" content=\"index, follow, max-snippet:-1, max-image-preview:large, max-video-preview:-1\" \/>\n<link rel=\"canonical\" href=\"https:\/\/snuipp86.fr\/index.php\/2016\/05\/26\/mouvement-2016-en-vienne-86-les-aides-du-snuipp-fsu\/\" \/>\n<meta property=\"og:locale\" content=\"fr_FR\" \/>\n<meta property=\"og:type\" content=\"article\" \/>\n<meta property=\"og:title\" content=\"Mouvement 2016 en Vienne (86) : les aides du SNUipp-FSU - FSU-SNUipp 86\" \/>\n<meta property=\"og:description\" content=\"La circulaire est parue , retrouvez l\u00e0 sur ce lien. La saisie des v\u0153ux s&#039;effectuera du lundi 4 avril au mercredi 13 avril. Le site e-mouvement Op\u00e9ration transparence Les permanences mouvement Le calendrier le site e-mouvement 86 Retrouvez sur le lien suivant notre site e-mouvement avec toutes les r\u00e8gles, les circulaires, les r\u00e9sultats des ann\u00e9es pr\u00e9c\u00e9dentes, les adresses des communes, les calendriers, les fiches de contr\u00f4le (aussi en pi\u00e8ce jointe) (...) - Mouvement des personnels - \/ Mouvement\" \/>\n<meta property=\"og:url\" content=\"https:\/\/snuipp86.fr\/index.php\/2016\/05\/26\/mouvement-2016-en-vienne-86-les-aides-du-snuipp-fsu\/\" \/>\n<meta property=\"og:site_name\" content=\"FSU-SNUipp 86\" \/>\n<meta property=\"article:published_time\" content=\"2016-05-26T12:02:00+00:00\" \/>\n<meta property=\"og:image\" content=\"http:\/\/snuipp86.fr\/wp-content\/spip\/IMG\/arton2807.jpg\" \/>\n<meta name=\"author\" content=\"WP86Admin\" \/>\n<meta name=\"twitter:card\" content=\"summary_large_image\" \/>\n<meta name=\"twitter:label1\" content=\"\u00c9crit par\" \/>\n\t<meta name=\"twitter:data1\" content=\"WP86Admin\" \/>\n\t<meta name=\"twitter:label2\" content=\"Dur\u00e9e de lecture estim\u00e9e\" \/>\n\t<meta name=\"twitter:data2\" content=\"3 minutes\" \/>\n<script type=\"application\/ld+json\" class=\"yoast-schema-graph\">{\"@context\":\"https:\/\/schema.org\",\"@graph\":[{\"@type\":\"WebPage\",\"@id\":\"https:\/\/snuipp86.fr\/index.php\/2016\/05\/26\/mouvement-2016-en-vienne-86-les-aides-du-snuipp-fsu\/\",\"url\":\"https:\/\/snuipp86.fr\/index.php\/2016\/05\/26\/mouvement-2016-en-vienne-86-les-aides-du-snuipp-fsu\/\",\"name\":\"Mouvement 2016 en Vienne (86) : les aides du SNUipp-FSU - FSU-SNUipp 86\",\"isPartOf\":{\"@id\":\"https:\/\/snuipp86.fr\/#website\"},\"primaryImageOfPage\":{\"@id\":\"https:\/\/snuipp86.fr\/index.php\/2016\/05\/26\/mouvement-2016-en-vienne-86-les-aides-du-snuipp-fsu\/#primaryimage\"},\"image\":{\"@id\":\"https:\/\/snuipp86.fr\/index.php\/2016\/05\/26\/mouvement-2016-en-vienne-86-les-aides-du-snuipp-fsu\/#primaryimage\"},\"thumbnailUrl\":\"http:\/\/snuipp86.fr\/wp-content\/spip\/IMG\/arton2807.jpg\",\"datePublished\":\"2016-05-26T12:02:00+00:00\",\"author\":{\"@id\":\"https:\/\/snuipp86.fr\/#\/schema\/person\/901b28b9ae1c7a63a6a940102e52a7a2\"},\"breadcrumb\":{\"@id\":\"https:\/\/snuipp86.fr\/index.php\/2016\/05\/26\/mouvement-2016-en-vienne-86-les-aides-du-snuipp-fsu\/#breadcrumb\"},\"inLanguage\":\"fr-FR\",\"potentialAction\":[{\"@type\":\"ReadAction\",\"target\":[\"https:\/\/snuipp86.fr\/index.php\/2016\/05\/26\/mouvement-2016-en-vienne-86-les-aides-du-snuipp-fsu\/\"]}]},{\"@type\":\"ImageObject\",\"inLanguage\":\"fr-FR\",\"@id\":\"https:\/\/snuipp86.fr\/index.php\/2016\/05\/26\/mouvement-2016-en-vienne-86-les-aides-du-snuipp-fsu\/#primaryimage\",\"url\":\"http:\/\/snuipp86.fr\/wp-content\/spip\/IMG\/arton2807.jpg\",\"contentUrl\":\"http:\/\/snuipp86.fr\/wp-content\/spip\/IMG\/arton2807.jpg\"},{\"@type\":\"BreadcrumbList\",\"@id\":\"https:\/\/snuipp86.fr\/index.php\/2016\/05\/26\/mouvement-2016-en-vienne-86-les-aides-du-snuipp-fsu\/#breadcrumb\",\"itemListElement\":[{\"@type\":\"ListItem\",\"position\":1,\"name\":\"Accueil\",\"item\":\"https:\/\/snuipp86.fr\/\"},{\"@type\":\"ListItem\",\"position\":2,\"name\":\"Mouvement 2016 en Vienne (86) : les aides du SNUipp-FSU\"}]},{\"@type\":\"WebSite\",\"@id\":\"https:\/\/snuipp86.fr\/#website\",\"url\":\"https:\/\/snuipp86.fr\/\",\"name\":\"FSU-SNUipp 86\",\"description\":\"Des id\u00e9es qui font l&#039;\u00e9cole\",\"potentialAction\":[{\"@type\":\"SearchAction\",\"target\":{\"@type\":\"EntryPoint\",\"urlTemplate\":\"https:\/\/snuipp86.fr\/?s={search_term_string}\"},\"query-input\":{\"@type\":\"PropertyValueSpecification\",\"valueRequired\":true,\"valueName\":\"search_term_string\"}}],\"inLanguage\":\"fr-FR\"},{\"@type\":\"Person\",\"@id\":\"https:\/\/snuipp86.fr\/#\/schema\/person\/901b28b9ae1c7a63a6a940102e52a7a2\",\"name\":\"WP86Admin\",\"image\":{\"@type\":\"ImageObject\",\"inLanguage\":\"fr-FR\",\"@id\":\"https:\/\/snuipp86.fr\/#\/schema\/person\/image\/\",\"url\":\"https:\/\/secure.gravatar.com\/avatar\/0099845c7ec05dc10d777d8ab4f5142c5ba316283821af2459738ad469a37a1a?s=96&d=mm&r=g\",\"contentUrl\":\"https:\/\/secure.gravatar.com\/avatar\/0099845c7ec05dc10d777d8ab4f5142c5ba316283821af2459738ad469a37a1a?s=96&d=mm&r=g\",\"caption\":\"WP86Admin\"},\"url\":\"https:\/\/snuipp86.fr\/index.php\/author\/wp86admin\/\"}]}<\/script>\n<!-- \/ Yoast SEO plugin. -->","yoast_head_json":{"title":"Mouvement 2016 en Vienne (86) : les aides du SNUipp-FSU - FSU-SNUipp 86","robots":{"index":"index","follow":"follow","max-snippet":"max-snippet:-1","max-image-preview":"max-image-preview:large","max-video-preview":"max-video-preview:-1"},"canonical":"https:\/\/snuipp86.fr\/index.php\/2016\/05\/26\/mouvement-2016-en-vienne-86-les-aides-du-snuipp-fsu\/","og_locale":"fr_FR","og_type":"article","og_title":"Mouvement 2016 en Vienne (86) : les aides du SNUipp-FSU - FSU-SNUipp 86","og_description":"La circulaire est parue , retrouvez l\u00e0 sur ce lien. La saisie des v\u0153ux s'effectuera du lundi 4 avril au mercredi 13 avril. Le site e-mouvement Op\u00e9ration transparence Les permanences mouvement Le calendrier le site e-mouvement 86 Retrouvez sur le lien suivant notre site e-mouvement avec toutes les r\u00e8gles, les circulaires, les r\u00e9sultats des ann\u00e9es pr\u00e9c\u00e9dentes, les adresses des communes, les calendriers, les fiches de contr\u00f4le (aussi en pi\u00e8ce jointe) (...) - Mouvement des personnels - \/ Mouvement","og_url":"https:\/\/snuipp86.fr\/index.php\/2016\/05\/26\/mouvement-2016-en-vienne-86-les-aides-du-snuipp-fsu\/","og_site_name":"FSU-SNUipp 86","article_published_time":"2016-05-26T12:02:00+00:00","og_image":[{"url":"http:\/\/snuipp86.fr\/wp-content\/spip\/IMG\/arton2807.jpg","type":"","width":"","height":""}],"author":"WP86Admin","twitter_card":"summary_large_image","twitter_misc":{"\u00c9crit par":"WP86Admin","Dur\u00e9e de lecture estim\u00e9e":"3 minutes"},"schema":{"@context":"https:\/\/schema.org","@graph":[{"@type":"WebPage","@id":"https:\/\/snuipp86.fr\/index.php\/2016\/05\/26\/mouvement-2016-en-vienne-86-les-aides-du-snuipp-fsu\/","url":"https:\/\/snuipp86.fr\/index.php\/2016\/05\/26\/mouvement-2016-en-vienne-86-les-aides-du-snuipp-fsu\/","name":"Mouvement 2016 en Vienne (86) : les aides du SNUipp-FSU - FSU-SNUipp 86","isPartOf":{"@id":"https:\/\/snuipp86.fr\/#website"},"primaryImageOfPage":{"@id":"https:\/\/snuipp86.fr\/index.php\/2016\/05\/26\/mouvement-2016-en-vienne-86-les-aides-du-snuipp-fsu\/#primaryimage"},"image":{"@id":"https:\/\/snuipp86.fr\/index.php\/2016\/05\/26\/mouvement-2016-en-vienne-86-les-aides-du-snuipp-fsu\/#primaryimage"},"thumbnailUrl":"http:\/\/snuipp86.fr\/wp-content\/spip\/IMG\/arton2807.jpg","datePublished":"2016-05-26T12:02:00+00:00","author":{"@id":"https:\/\/snuipp86.fr\/#\/schema\/person\/901b28b9ae1c7a63a6a940102e52a7a2"},"breadcrumb":{"@id":"https:\/\/snuipp86.fr\/index.php\/2016\/05\/26\/mouvement-2016-en-vienne-86-les-aides-du-snuipp-fsu\/#breadcrumb"},"inLanguage":"fr-FR","potentialAction":[{"@type":"ReadAction","target":["https:\/\/snuipp86.fr\/index.php\/2016\/05\/26\/mouvement-2016-en-vienne-86-les-aides-du-snuipp-fsu\/"]}]},{"@type":"ImageObject","inLanguage":"fr-FR","@id":"https:\/\/snuipp86.fr\/index.php\/2016\/05\/26\/mouvement-2016-en-vienne-86-les-aides-du-snuipp-fsu\/#primaryimage","url":"http:\/\/snuipp86.fr\/wp-content\/spip\/IMG\/arton2807.jpg","contentUrl":"http:\/\/snuipp86.fr\/wp-content\/spip\/IMG\/arton2807.jpg"},{"@type":"BreadcrumbList","@id":"https:\/\/snuipp86.fr\/index.php\/2016\/05\/26\/mouvement-2016-en-vienne-86-les-aides-du-snuipp-fsu\/#breadcrumb","itemListElement":[{"@type":"ListItem","position":1,"name":"Accueil","item":"https:\/\/snuipp86.fr\/"},{"@type":"ListItem","position":2,"name":"Mouvement 2016 en Vienne (86) : les aides du SNUipp-FSU"}]},{"@type":"WebSite","@id":"https:\/\/snuipp86.fr\/#website","url":"https:\/\/snuipp86.fr\/","name":"FSU-SNUipp 86","description":"Des id\u00e9es qui font l&#039;\u00e9cole","potentialAction":[{"@type":"SearchAction","target":{"@type":"EntryPoint","urlTemplate":"https:\/\/snuipp86.fr\/?s={search_term_string}"},"query-input":{"@type":"PropertyValueSpecification","valueRequired":true,"valueName":"search_term_string"}}],"inLanguage":"fr-FR"},{"@type":"Person","@id":"https:\/\/snuipp86.fr\/#\/schema\/person\/901b28b9ae1c7a63a6a940102e52a7a2","name":"WP86Admin","image":{"@type":"ImageObject","inLanguage":"fr-FR","@id":"https:\/\/snuipp86.fr\/#\/schema\/person\/image\/","url":"https:\/\/secure.gravatar.com\/avatar\/0099845c7ec05dc10d777d8ab4f5142c5ba316283821af2459738ad469a37a1a?s=96&d=mm&r=g","contentUrl":"https:\/\/secure.gravatar.com\/avatar\/0099845c7ec05dc10d777d8ab4f5142c5ba316283821af2459738ad469a37a1a?s=96&d=mm&r=g","caption":"WP86Admin"},"url":"https:\/\/snuipp86.fr\/index.php\/author\/wp86admin\/"}]}},"_links":{"self":[{"href":"https:\/\/snuipp86.fr\/index.php\/wp-json\/wp\/v2\/posts\/567","targetHints":{"allow":["GET"]}}],"collection":[{"href":"https:\/\/snuipp86.fr\/index.php\/wp-json\/wp\/v2\/posts"}],"about":[{"href":"https:\/\/snuipp86.fr\/index.php\/wp-json\/wp\/v2\/types\/post"}],"author":[{"embeddable":true,"href":"https:\/\/snuipp86.fr\/index.php\/wp-json\/wp\/v2\/users\/1"}],"replies":[{"embeddable":true,"href":"https:\/\/snuipp86.fr\/index.php\/wp-json\/wp\/v2\/comments?post=567"}],"version-history":[{"count":0,"href":"https:\/\/snuipp86.fr\/index.php\/wp-json\/wp\/v2\/posts\/567\/revisions"}],"wp:attachment":[{"href":"https:\/\/snuipp86.fr\/index.php\/wp-json\/wp\/v2\/media?parent=567"}],"wp:term":[{"taxonomy":"category","embeddable":true,"href":"https:\/\/snuipp86.fr\/index.php\/wp-json\/wp\/v2\/categories?post=567"},{"taxonomy":"post_tag","embeddable":true,"href":"https:\/\/snuipp86.fr\/index.php\/wp-json\/wp\/v2\/tags?post=567"}],"curies":[{"name":"wp","href":"https:\/\/api.w.org\/{rel}","templated":true}]}}