{"id":587,"date":"2016-04-14T17:45:00","date_gmt":"2016-04-14T17:45:00","guid":{"rendered":"http:\/\/localhost\/wordpress\/2016\/04\/14\/dclaration-de-revenus-2015\/"},"modified":"2016-04-14T17:45:00","modified_gmt":"2016-04-14T17:45:00","slug":"dclaration-de-revenus-2015","status":"publish","type":"post","link":"https:\/\/snuipp86.fr\/index.php\/2016\/04\/14\/dclaration-de-revenus-2015\/","title":{"rendered":"D\u00e9claration de revenus 2015"},"content":{"rendered":"<p><img decoding=\"async\" src=\"https:\/\/snuipp86.fr\/wp-content\/spip\/IMG\/arton2384.png\" alt=\"\" align=\"right\" width=\"275\" height=\"183\" class=\"spip_logos\" \/><\/p>\n<div class='rss_texte'>\n<p class=\"spip\">Comme chaque ann\u00e9e, le SNUipp-FSU vous apporte quelques pr\u00e9cisions sur votre d\u00e9claration d&rsquo;imp\u00f4ts.<\/p>\n<p class=\"spip\">Plus d&rsquo;infos sur <a href=\"http:\/\/www.impots.gouv.fr\/\" class=\"spip_out\">http:\/\/www.impots.gouv.fr\/<\/a><\/p>\n<h3 class=\"spip\" id=\"outil_sommaire_0\"><a title=\"Sommaire\" href=\"http:\/\/86.snuipp.fr\/spip.php?page=backend&#038;id_rubrique=#outil_sommaire\" class=\"sommaire_ancre\"> <\/a>Calendrier D\u00e9claration<\/h3>\n<p class=\"spip\">La date limite de d\u00e9p\u00f4t de la d\u00e9claration d&rsquo;imp\u00f4ts sur les revenus de 2014 est fix\u00e9e au <strong class=\"spip\">19 mai 2015 \u00e0 minuit pour la version papie<\/strong>r. Un d\u00e9lai suppl\u00e9mentaire par rapport \u00e0 la date de d\u00e9p\u00f4t de la d\u00e9claration papier est accord\u00e9 en cas de t\u00e9l\u00e9-d\u00e9claration par <strong class=\"spip\">internet<\/strong> :<br \/>\n<br \/><img decoding=\"async\" src=\"https:\/\/snuipp86.fr\/wp-content\/spip\/cache-vignettes\/L8xH11\/puce-68c92.gif\" width='8' height='11' alt=\"-\" style='height:11px;width:8px;' class='' \/> jusqu&rsquo;au mardi 26 mai pour les d\u00e9partements num\u00e9rot\u00e9s 1 \u00e0 19 ;<br \/>\n<br \/><img decoding=\"async\" src=\"https:\/\/snuipp86.fr\/wp-content\/spip\/cache-vignettes\/L8xH11\/puce-68c92.gif\" width='8' height='11' alt=\"-\" style='height:11px;width:8px;' class='' \/> jusqu&rsquo;au mardi 2 juin pour les d\u00e9partements num\u00e9rot\u00e9s 20 \u00e0 49 et la Corse ;<br \/>\n<br \/><img decoding=\"async\" src=\"https:\/\/snuipp86.fr\/wp-content\/spip\/cache-vignettes\/L8xH11\/puce-68c92.gif\" width='8' height='11' alt=\"-\" style='height:11px;width:8px;' class='' \/> <strong class=\"spip\"> jusqu&rsquo;au mardi 9 juin pour les d\u00e9partements 50 et suivant<\/strong>s.<\/p>\n<h3 class=\"spip\" id=\"outil_sommaire_1\"><a title=\"Sommaire\" href=\"http:\/\/86.snuipp.fr\/spip.php?page=backend&#038;id_rubrique=#outil_sommaire\" class=\"sommaire_ancre\"> <\/a>Heures d\u00e9fiscalis\u00e9es (voir \u00e9galement plus bas)<\/h3>\n<p class=\"spip\">ATTENTION : le dispositif d&rsquo;heures d\u00e9fiscalis\u00e9es a disparu depuis le 1er septembre 2012.<br \/>\nSeules les heures effectu\u00e9es avant cette date sont d\u00e9fiscalis\u00e9es et ne doivent donc pas \u00eatre d\u00e9clar\u00e9es.*<\/p>\n<p class=\"spip\"><strong class=\"spip\"><br \/>\nCela concerne :<\/strong><\/p>\n<p class=\"spip\"><img decoding=\"async\" src=\"https:\/\/snuipp86.fr\/wp-content\/spip\/cache-vignettes\/L8xH11\/puce-68c92.gif\" width='8' height='11' alt=\"-\" style='height:11px;width:8px;' class='' \/> \u00c9tudes surveill\u00e9es<br \/>\n<br \/><img decoding=\"async\" src=\"https:\/\/snuipp86.fr\/wp-content\/spip\/cache-vignettes\/L8xH11\/puce-68c92.gif\" width='8' height='11' alt=\"-\" style='height:11px;width:8px;' class='' \/> Stages de Remise \u00e0 Niveau<br \/>\n<br \/><img decoding=\"async\" src=\"https:\/\/snuipp86.fr\/wp-content\/spip\/cache-vignettes\/L8xH11\/puce-68c92.gif\" width='8' height='11' alt=\"-\" style='height:11px;width:8px;' class='' \/> Heures effectu\u00e9es pour l&rsquo;accompagnement \u00e9ducatif<\/p>\n<p class=\"spip\">Ces heures ne sont pas soumises \u00e0 l&rsquo;imp\u00f4t sur le revenu<\/p>\n<h3 class=\"spip\" id=\"outil_sommaire_2\"><a title=\"Sommaire\" href=\"http:\/\/86.snuipp.fr\/spip.php?page=backend&#038;id_rubrique=#outil_sommaire\" class=\"sommaire_ancre\"> <\/a>Salaires et traitements :<\/h3>\n<p class=\"spip\">Ces \u00e9l\u00e9ments seront pr\u00e9-remplis \u00e0 partir des montants d\u00e9clar\u00e9s par les employeurs.<\/p>\n<p class=\"spip\"><img decoding=\"async\" src=\"https:\/\/snuipp86.fr\/wp-content\/spip\/cache-vignettes\/L8xH11\/puce-68c92.gif\" width='8' height='11' alt=\"-\" style='height:11px;width:8px;' class='' \/> Sont imposables la totalit\u00e9 des revenus d&rsquo;activit\u00e9 per\u00e7us entre le 1er janvier et le 31 d\u00e9cembre de l&rsquo;ann\u00e9e d&rsquo;imposition, y compris toutes les indemnit\u00e9s ayant un caract\u00e8re de salaire, ainsi que les sommes per\u00e7ues en contrepartie d&rsquo;heures suppl\u00e9mentaires non d\u00e9fiscalis\u00e9es.<br \/>\n<br \/><img decoding=\"async\" src=\"https:\/\/snuipp86.fr\/wp-content\/spip\/cache-vignettes\/L8xH11\/puce-68c92.gif\" width='8' height='11' alt=\"-\" style='height:11px;width:8px;' class='' \/> Par contre, les indemnit\u00e9s correspondant au remboursement de frais engag\u00e9s par le salari\u00e9 ne sont pas imposables (donc l&rsquo; ISSR n&rsquo;est pas imposable, sauf si option de d\u00e9claration aux frais r\u00e9els).<br \/>\n<br \/><img decoding=\"async\" src=\"https:\/\/snuipp86.fr\/wp-content\/spip\/cache-vignettes\/L8xH11\/puce-68c92.gif\" width='8' height='11' alt=\"-\" style='height:11px;width:8px;' class='' \/> En cas de rachat de trimestres pour la retraite (rachat d&rsquo;ann\u00e9es d&rsquo;\u00e9tudes), les sommes vers\u00e9es l&rsquo;ann\u00e9e d&rsquo;imposition sont \u00e0 d\u00e9duire du montant figurant dans la case salaire.<\/p>\n<h3 class=\"spip\" id=\"outil_sommaire_3\"><a title=\"Sommaire\" href=\"http:\/\/86.snuipp.fr\/spip.php?page=backend&#038;id_rubrique=#outil_sommaire\" class=\"sommaire_ancre\"> <\/a>Heures pour les Collectivit\u00e9 Locales :<\/h3>\n<p class=\"spip\"><strong class=\"spip\">A d\u00e9clarer !<\/strong><\/p>\n<p class=\"spip\">Les heures de cantine doivent \u00eatre d\u00e9clar\u00e9es, elles sont soumises \u00e0 l&rsquo;imp\u00f4t sur le revenu.<\/p>\n<p class=\"spip\">Depuis le 1er octobre 2007 (D\u00e9cret n\u00b02007-1430 du 4 octobre 2007) et jusqu&rsquo;au 1er septembre 2012, les heures d&rsquo;\u00e9tudes surveill\u00e9es effectu\u00e9es pour les mairies sont \u00ab d\u00e9fiscalis\u00e9es \u00bb, donc non soumises \u00e0 l&rsquo;imp\u00f4t sur le revenu.<\/p>\n<h3 class=\"spip\" id=\"outil_sommaire_4\"><a title=\"Sommaire\" href=\"http:\/\/86.snuipp.fr\/spip.php?page=backend&#038;id_rubrique=#outil_sommaire\" class=\"sommaire_ancre\"> <\/a>Indemnit\u00e9 Repr\u00e9sentative de Logement :<\/h3>\n<p class=\"spip\"><strong class=\"spip\"><br \/>\nA d\u00e9clarer !<\/strong><\/p>\n<p class=\"spip\">L&rsquo;I.R.L. constitue un avantage en argent soumis \u00e0 l&rsquo;imp\u00f4t sur le revenu au m\u00eame titre que le traitement principal (la majoration familiale de cette indemnit\u00e9 est soumise au m\u00eame r\u00e9gime que l&rsquo;indemnit\u00e9 elle-m\u00eame).<\/p>\n<h3 class=\"spip\" id=\"outil_sommaire_5\"><a title=\"Sommaire\" href=\"http:\/\/86.snuipp.fr\/spip.php?page=backend&#038;id_rubrique=#outil_sommaire\" class=\"sommaire_ancre\"> <\/a>Logement de Fonction :<\/h3>\n<p class=\"spip\"><strong class=\"spip\">A d\u00e9clarer !<\/strong> Le logement de fonction est un avantage en nature constituant un \u00e9l\u00e9ment de la r\u00e9mun\u00e9ration ; la valeur est assujettie \u00e0 la CSG, \u00e0 la CRDS et \u00e0 la RAFP, et donne lieu \u00e0 d\u00e9claration fiscale au titre de l&rsquo;imp\u00f4t sur le revenu.<\/p>\n<p class=\"spip\">L&rsquo;avantage en nature logement est \u00e9valu\u00e9 forfaitairement, soit selon un bar\u00e8me mensuel, soit d&rsquo;apr\u00e8s la valeur locative cadastrale servant de base \u00e0 la taxe d&rsquo;habitation.<\/p>\n<p class=\"spip\">Le choix se fait sur la valeur la plus favorable entre ces deux options.<br \/>\nPlus d&rsquo;infos sur le site de l&rsquo;URSAF : h<a href=\"http:\/\/www.urssaf.fr\/employeurs\/dossiers_reglementaires\/dossiers_reglementaires\/avantages_en_nature_03.html#OG18284\" class=\"spip_out\">ttp :\/\/www.urssaf.fr\/employeurs\/dos&#8230;<\/a><\/p>\n<h3 class=\"spip\" id=\"outil_sommaire_6\"><a title=\"Sommaire\" href=\"http:\/\/86.snuipp.fr\/spip.php?page=backend&#038;id_rubrique=#outil_sommaire\" class=\"sommaire_ancre\"> <\/a>Cotisation Syndicale<\/h3>\n<p class=\"spip\"><strong class=\"spip\">A d\u00e9clarer !<\/strong><\/p>\n<p class=\"spip\">Si vous n&rsquo;avez pas opt\u00e9 pour la d\u00e9duction des frais r\u00e9els, votre cotisation syndicale ouvre droit \u00e0 un cr\u00e9dit d&rsquo;imp\u00f4ts<!-- htmlA --> [<a href=\"http:\/\/86.snuipp.fr\/#nb552-1\" name=\"nh552-1\" id=\"nh552-1\" class=\"spip_note\" title='[1] c'est un progr\u00e8s par rapport \u00e0 la situation ant\u00e9rieure : seul-e-s (...)' >1<\/a>]<!-- htmlB --> \u00e9quivalent \u00e0 66 % de la cotisation annuelle vers\u00e9e, dans la limite de 1 % de votre revenu brut imposable relevant de la cat\u00e9gorie des traitements, salaires, pensions.<\/p>\n<p class=\"spip\"><strong class=\"spip\">Il faut joindre l&rsquo;attestation adress\u00e9e par le SNUipp-FSU 86.(elle sera envoy\u00e9e le 2 mai par papier).<\/strong> En cas de d\u00e9claration par l&rsquo;internet, il n&rsquo;y a pas obligation d&rsquo;envoyer l&rsquo;attestation.<\/p>\n<p class=\"spip\">Si vous avez opt\u00e9 pour la d\u00e9duction des frais r\u00e9els, il faut inclure le montant de la cotisation syndicale dans ceux-ci.<\/p>\n<p class=\"spip\"><strong class=\"spip\">Cette ann\u00e9e, nous envoyons les attestations concernant les adh\u00e9sions de l&rsquo;ann\u00e9e scolaire 2014-2015. Pour les syndiqu\u00e9-e-s de l&rsquo;ann\u00e9e scolaire 2015-2016, l&rsquo;attestation sera envoy\u00e9e l&rsquo;ann\u00e9e prochaine.<br \/>\n<\/strong><\/p>\n<h3 class=\"spip\" id=\"outil_sommaire_7\"><a title=\"Sommaire\" href=\"http:\/\/86.snuipp.fr\/spip.php?page=backend&#038;id_rubrique=#outil_sommaire\" class=\"sommaire_ancre\"> <\/a>Indemnit\u00e9 de Remplacement<\/h3>\n<p class=\"spip\"><strong class=\"spip\">\u00c7a d\u00e9pend !<\/strong><\/p>\n<p class=\"spip\">ISSR des ZIL et brigade. Les indemnit\u00e9s de remplacement (ZIL, brigade) ne sont pas \u00e0 d\u00e9clarer dans le revenu imposable, sauf si vous optez pour la d\u00e9duction des frais r\u00e9els.<\/p>\n<p class=\"spip\">Dans ce cas, ces indemnit\u00e9s sont \u00e0 ajouter aux revenus imposables tandis que les frais de d\u00e9placements sont \u00e0 compter dans les frais r\u00e9els.<\/p>\n<h3 class=\"spip\" id=\"outil_sommaire_8\"><a title=\"Sommaire\" href=\"http:\/\/86.snuipp.fr\/spip.php?page=backend&#038;id_rubrique=#outil_sommaire\" class=\"sommaire_ancre\"> <\/a>Contestation :<\/h3>\n<p class=\"spip\">Les r\u00e9clamations doivent \u00eatre faites au plus tard au 31 d\u00e9cembre de la seconde ann\u00e9e qui suit la mise en recouvrement, soit au 31 d\u00e9cembre 2018 pour l&rsquo;imp\u00f4t sur les revenus de 2015 d\u00e9clar\u00e9s en 2016.<\/p>\n<p class=\"spip\">L&rsquo;administration fiscale a un d\u00e9lai de 6 mois pour communiquer sa d\u00e9cision. Pour avoir toute garantie pour le traitement de la demande, le mieux est de l&rsquo;envoyer par recommand\u00e9 avec accus\u00e9 de r\u00e9ception au chef de service des imp\u00f4ts.<\/p>\n<p class=\"spip\">Au cas o\u00f9 on veut obtenir un sursis de paiement en attente de d\u00e9cision, il faut en faire express\u00e9ment la demande dans le courrier de r\u00e9clamation.<\/p>\n<h3 class=\"spip\" id=\"outil_sommaire_9\"><a title=\"Sommaire\" href=\"http:\/\/86.snuipp.fr\/spip.php?page=backend&#038;id_rubrique=#outil_sommaire\" class=\"sommaire_ancre\"> <\/a>Mariage ou PACS :<\/h3>\n<p class=\"spip\">En cas de mariage ou PACS au cours de l&rsquo;ann\u00e9e d&rsquo;imposition, vous devez d\u00e9poser une seule d\u00e9claration commune. Elle doit comporter l&rsquo;ensemble des revenus et des charges des deux conjoints pour l&rsquo;ann\u00e9e enti\u00e8re.<\/p>\n<p class=\"spip\">Sur option irr\u00e9vocable, uniquement au titre de l&rsquo;ann\u00e9e de votre mariage, vous pouvez choisir l&rsquo;imposition distincte de vos revenus : vous d\u00e9posez une d\u00e9claration par personne avec les revenus et les charges pour l&rsquo;ann\u00e9e enti\u00e8re.<\/p>\n<p class=\"spip\">Pour remplir votre d\u00e9claration commune, vous pouvez utiliser la d\u00e9claration pr\u00e9-remplie re\u00e7ue par l&rsquo;un d&rsquo;entre vous.<\/p>\n<\/div>\n<hr \/>\n<div class='rss_notes'>\n<p class=\"spip_note\"><!-- htmlA -->[<a href=\"http:\/\/86.snuipp.fr\/#nh552-1\" name=\"nb552-1\" class=\"spip_note\" title=\"Notes 552-1\">1<\/a>] <!-- htmlB --> c&rsquo;est un progr\u00e8s par rapport \u00e0 la situation ant\u00e9rieure : seul-e-s les personnes soumises \u00e0 l&rsquo;imp\u00f4t pouvaient d\u00e9duire la cotisation syndicale de leurs revenus<\/p>\n<\/div>\n<div class='rss_ps'>a<\/div>\n","protected":false},"excerpt":{"rendered":"<p>Comme chaque ann\u00e9e, le SNUipp-FSU vous apporte quelques pr\u00e9cisions sur votre d\u00e9claration d&rsquo;imp\u00f4ts. <br \/>Plus d&rsquo;infos sur http:\/\/www.impots.gouv.fr\/ <br \/>Calendrier D\u00e9claration <br \/>La date limite de d\u00e9p\u00f4t de la d\u00e9claration d&rsquo;imp\u00f4ts sur les revenus de 2014 est fix\u00e9e au 19 mai 2015 \u00e0 minuit pour la version papier. Un d\u00e9lai suppl\u00e9mentaire par rapport \u00e0 la date de d\u00e9p\u00f4t de la d\u00e9claration papier est accord\u00e9 en cas de t\u00e9l\u00e9-d\u00e9claration par internet : <br \/>jusqu&rsquo;au mardi 26 mai pour les (&#8230;)<br \/>\n&#8211;<br \/>\n<a href=\"http:\/\/86.snuipp.fr\/spip.php?rubrique86\" rel=\"directory\">Salaires, Indices, Indemnit\u00e9s, Primes, GIPA<\/a><br \/>\n\/<br \/>\n<a href=\"http:\/\/86.snuipp.fr\/spip.php?mot286\" rel=\"tag\">Salaires, indemnit\u00e9s, primes .<\/a><\/p>\n","protected":false},"author":1,"featured_media":0,"comment_status":"open","ping_status":"open","sticky":false,"template":"","format":"standard","meta":{"footnotes":""},"categories":[14],"tags":[],"class_list":["post-587","post","type-post","status-publish","format-standard","hentry","category-a-la-une"],"yoast_head":"<!-- This site is optimized with the Yoast SEO plugin v26.6 - https:\/\/yoast.com\/wordpress\/plugins\/seo\/ -->\n<title>D\u00e9claration de revenus 2015 - FSU-SNUipp 86<\/title>\n<meta name=\"robots\" content=\"index, follow, max-snippet:-1, max-image-preview:large, max-video-preview:-1\" \/>\n<link rel=\"canonical\" href=\"https:\/\/snuipp86.fr\/index.php\/2016\/04\/14\/dclaration-de-revenus-2015\/\" \/>\n<meta property=\"og:locale\" content=\"fr_FR\" \/>\n<meta property=\"og:type\" content=\"article\" \/>\n<meta property=\"og:title\" content=\"D\u00e9claration de revenus 2015 - FSU-SNUipp 86\" \/>\n<meta property=\"og:description\" content=\"Comme chaque ann\u00e9e, le SNUipp-FSU vous apporte quelques pr\u00e9cisions sur votre d\u00e9claration d&#039;imp\u00f4ts. Plus d&#039;infos sur http:\/\/www.impots.gouv.fr\/ Calendrier D\u00e9claration La date limite de d\u00e9p\u00f4t de la d\u00e9claration d&#039;imp\u00f4ts sur les revenus de 2014 est fix\u00e9e au 19 mai 2015 \u00e0 minuit pour la version papier. Un d\u00e9lai suppl\u00e9mentaire par rapport \u00e0 la date de d\u00e9p\u00f4t de la d\u00e9claration papier est accord\u00e9 en cas de t\u00e9l\u00e9-d\u00e9claration par internet : jusqu&#039;au mardi 26 mai pour les (...) - Salaires, Indices, Indemnit\u00e9s, Primes, GIPA \/ Salaires, indemnit\u00e9s, primes .\" \/>\n<meta property=\"og:url\" content=\"https:\/\/snuipp86.fr\/index.php\/2016\/04\/14\/dclaration-de-revenus-2015\/\" \/>\n<meta property=\"og:site_name\" content=\"FSU-SNUipp 86\" \/>\n<meta property=\"article:published_time\" content=\"2016-04-14T17:45:00+00:00\" \/>\n<meta property=\"og:image\" content=\"http:\/\/snuipp86.fr\/wp-content\/spip\/IMG\/arton2384.png\" \/>\n<meta name=\"author\" content=\"WP86Admin\" \/>\n<meta name=\"twitter:card\" content=\"summary_large_image\" \/>\n<meta name=\"twitter:label1\" content=\"\u00c9crit par\" \/>\n\t<meta name=\"twitter:data1\" content=\"WP86Admin\" \/>\n\t<meta name=\"twitter:label2\" content=\"Dur\u00e9e de lecture estim\u00e9e\" \/>\n\t<meta name=\"twitter:data2\" content=\"3 minutes\" \/>\n<script type=\"application\/ld+json\" class=\"yoast-schema-graph\">{\"@context\":\"https:\/\/schema.org\",\"@graph\":[{\"@type\":\"WebPage\",\"@id\":\"https:\/\/snuipp86.fr\/index.php\/2016\/04\/14\/dclaration-de-revenus-2015\/\",\"url\":\"https:\/\/snuipp86.fr\/index.php\/2016\/04\/14\/dclaration-de-revenus-2015\/\",\"name\":\"D\u00e9claration de revenus 2015 - FSU-SNUipp 86\",\"isPartOf\":{\"@id\":\"https:\/\/snuipp86.fr\/#website\"},\"primaryImageOfPage\":{\"@id\":\"https:\/\/snuipp86.fr\/index.php\/2016\/04\/14\/dclaration-de-revenus-2015\/#primaryimage\"},\"image\":{\"@id\":\"https:\/\/snuipp86.fr\/index.php\/2016\/04\/14\/dclaration-de-revenus-2015\/#primaryimage\"},\"thumbnailUrl\":\"http:\/\/snuipp86.fr\/wp-content\/spip\/IMG\/arton2384.png\",\"datePublished\":\"2016-04-14T17:45:00+00:00\",\"author\":{\"@id\":\"https:\/\/snuipp86.fr\/#\/schema\/person\/901b28b9ae1c7a63a6a940102e52a7a2\"},\"breadcrumb\":{\"@id\":\"https:\/\/snuipp86.fr\/index.php\/2016\/04\/14\/dclaration-de-revenus-2015\/#breadcrumb\"},\"inLanguage\":\"fr-FR\",\"potentialAction\":[{\"@type\":\"ReadAction\",\"target\":[\"https:\/\/snuipp86.fr\/index.php\/2016\/04\/14\/dclaration-de-revenus-2015\/\"]}]},{\"@type\":\"ImageObject\",\"inLanguage\":\"fr-FR\",\"@id\":\"https:\/\/snuipp86.fr\/index.php\/2016\/04\/14\/dclaration-de-revenus-2015\/#primaryimage\",\"url\":\"http:\/\/snuipp86.fr\/wp-content\/spip\/IMG\/arton2384.png\",\"contentUrl\":\"http:\/\/snuipp86.fr\/wp-content\/spip\/IMG\/arton2384.png\"},{\"@type\":\"BreadcrumbList\",\"@id\":\"https:\/\/snuipp86.fr\/index.php\/2016\/04\/14\/dclaration-de-revenus-2015\/#breadcrumb\",\"itemListElement\":[{\"@type\":\"ListItem\",\"position\":1,\"name\":\"Accueil\",\"item\":\"https:\/\/snuipp86.fr\/\"},{\"@type\":\"ListItem\",\"position\":2,\"name\":\"D\u00e9claration de revenus 2015\"}]},{\"@type\":\"WebSite\",\"@id\":\"https:\/\/snuipp86.fr\/#website\",\"url\":\"https:\/\/snuipp86.fr\/\",\"name\":\"FSU-SNUipp 86\",\"description\":\"Des id\u00e9es qui font l&#039;\u00e9cole\",\"potentialAction\":[{\"@type\":\"SearchAction\",\"target\":{\"@type\":\"EntryPoint\",\"urlTemplate\":\"https:\/\/snuipp86.fr\/?s={search_term_string}\"},\"query-input\":{\"@type\":\"PropertyValueSpecification\",\"valueRequired\":true,\"valueName\":\"search_term_string\"}}],\"inLanguage\":\"fr-FR\"},{\"@type\":\"Person\",\"@id\":\"https:\/\/snuipp86.fr\/#\/schema\/person\/901b28b9ae1c7a63a6a940102e52a7a2\",\"name\":\"WP86Admin\",\"image\":{\"@type\":\"ImageObject\",\"inLanguage\":\"fr-FR\",\"@id\":\"https:\/\/snuipp86.fr\/#\/schema\/person\/image\/\",\"url\":\"https:\/\/secure.gravatar.com\/avatar\/0099845c7ec05dc10d777d8ab4f5142c5ba316283821af2459738ad469a37a1a?s=96&d=mm&r=g\",\"contentUrl\":\"https:\/\/secure.gravatar.com\/avatar\/0099845c7ec05dc10d777d8ab4f5142c5ba316283821af2459738ad469a37a1a?s=96&d=mm&r=g\",\"caption\":\"WP86Admin\"},\"url\":\"https:\/\/snuipp86.fr\/index.php\/author\/wp86admin\/\"}]}<\/script>\n<!-- \/ Yoast SEO plugin. -->","yoast_head_json":{"title":"D\u00e9claration de revenus 2015 - FSU-SNUipp 86","robots":{"index":"index","follow":"follow","max-snippet":"max-snippet:-1","max-image-preview":"max-image-preview:large","max-video-preview":"max-video-preview:-1"},"canonical":"https:\/\/snuipp86.fr\/index.php\/2016\/04\/14\/dclaration-de-revenus-2015\/","og_locale":"fr_FR","og_type":"article","og_title":"D\u00e9claration de revenus 2015 - FSU-SNUipp 86","og_description":"Comme chaque ann\u00e9e, le SNUipp-FSU vous apporte quelques pr\u00e9cisions sur votre d\u00e9claration d'imp\u00f4ts. Plus d'infos sur http:\/\/www.impots.gouv.fr\/ Calendrier D\u00e9claration La date limite de d\u00e9p\u00f4t de la d\u00e9claration d'imp\u00f4ts sur les revenus de 2014 est fix\u00e9e au 19 mai 2015 \u00e0 minuit pour la version papier. Un d\u00e9lai suppl\u00e9mentaire par rapport \u00e0 la date de d\u00e9p\u00f4t de la d\u00e9claration papier est accord\u00e9 en cas de t\u00e9l\u00e9-d\u00e9claration par internet : jusqu'au mardi 26 mai pour les (...) - Salaires, Indices, Indemnit\u00e9s, Primes, GIPA \/ Salaires, indemnit\u00e9s, primes .","og_url":"https:\/\/snuipp86.fr\/index.php\/2016\/04\/14\/dclaration-de-revenus-2015\/","og_site_name":"FSU-SNUipp 86","article_published_time":"2016-04-14T17:45:00+00:00","og_image":[{"url":"http:\/\/snuipp86.fr\/wp-content\/spip\/IMG\/arton2384.png","type":"","width":"","height":""}],"author":"WP86Admin","twitter_card":"summary_large_image","twitter_misc":{"\u00c9crit par":"WP86Admin","Dur\u00e9e de lecture estim\u00e9e":"3 minutes"},"schema":{"@context":"https:\/\/schema.org","@graph":[{"@type":"WebPage","@id":"https:\/\/snuipp86.fr\/index.php\/2016\/04\/14\/dclaration-de-revenus-2015\/","url":"https:\/\/snuipp86.fr\/index.php\/2016\/04\/14\/dclaration-de-revenus-2015\/","name":"D\u00e9claration de revenus 2015 - FSU-SNUipp 86","isPartOf":{"@id":"https:\/\/snuipp86.fr\/#website"},"primaryImageOfPage":{"@id":"https:\/\/snuipp86.fr\/index.php\/2016\/04\/14\/dclaration-de-revenus-2015\/#primaryimage"},"image":{"@id":"https:\/\/snuipp86.fr\/index.php\/2016\/04\/14\/dclaration-de-revenus-2015\/#primaryimage"},"thumbnailUrl":"http:\/\/snuipp86.fr\/wp-content\/spip\/IMG\/arton2384.png","datePublished":"2016-04-14T17:45:00+00:00","author":{"@id":"https:\/\/snuipp86.fr\/#\/schema\/person\/901b28b9ae1c7a63a6a940102e52a7a2"},"breadcrumb":{"@id":"https:\/\/snuipp86.fr\/index.php\/2016\/04\/14\/dclaration-de-revenus-2015\/#breadcrumb"},"inLanguage":"fr-FR","potentialAction":[{"@type":"ReadAction","target":["https:\/\/snuipp86.fr\/index.php\/2016\/04\/14\/dclaration-de-revenus-2015\/"]}]},{"@type":"ImageObject","inLanguage":"fr-FR","@id":"https:\/\/snuipp86.fr\/index.php\/2016\/04\/14\/dclaration-de-revenus-2015\/#primaryimage","url":"http:\/\/snuipp86.fr\/wp-content\/spip\/IMG\/arton2384.png","contentUrl":"http:\/\/snuipp86.fr\/wp-content\/spip\/IMG\/arton2384.png"},{"@type":"BreadcrumbList","@id":"https:\/\/snuipp86.fr\/index.php\/2016\/04\/14\/dclaration-de-revenus-2015\/#breadcrumb","itemListElement":[{"@type":"ListItem","position":1,"name":"Accueil","item":"https:\/\/snuipp86.fr\/"},{"@type":"ListItem","position":2,"name":"D\u00e9claration de revenus 2015"}]},{"@type":"WebSite","@id":"https:\/\/snuipp86.fr\/#website","url":"https:\/\/snuipp86.fr\/","name":"FSU-SNUipp 86","description":"Des id\u00e9es qui font l&#039;\u00e9cole","potentialAction":[{"@type":"SearchAction","target":{"@type":"EntryPoint","urlTemplate":"https:\/\/snuipp86.fr\/?s={search_term_string}"},"query-input":{"@type":"PropertyValueSpecification","valueRequired":true,"valueName":"search_term_string"}}],"inLanguage":"fr-FR"},{"@type":"Person","@id":"https:\/\/snuipp86.fr\/#\/schema\/person\/901b28b9ae1c7a63a6a940102e52a7a2","name":"WP86Admin","image":{"@type":"ImageObject","inLanguage":"fr-FR","@id":"https:\/\/snuipp86.fr\/#\/schema\/person\/image\/","url":"https:\/\/secure.gravatar.com\/avatar\/0099845c7ec05dc10d777d8ab4f5142c5ba316283821af2459738ad469a37a1a?s=96&d=mm&r=g","contentUrl":"https:\/\/secure.gravatar.com\/avatar\/0099845c7ec05dc10d777d8ab4f5142c5ba316283821af2459738ad469a37a1a?s=96&d=mm&r=g","caption":"WP86Admin"},"url":"https:\/\/snuipp86.fr\/index.php\/author\/wp86admin\/"}]}},"_links":{"self":[{"href":"https:\/\/snuipp86.fr\/index.php\/wp-json\/wp\/v2\/posts\/587","targetHints":{"allow":["GET"]}}],"collection":[{"href":"https:\/\/snuipp86.fr\/index.php\/wp-json\/wp\/v2\/posts"}],"about":[{"href":"https:\/\/snuipp86.fr\/index.php\/wp-json\/wp\/v2\/types\/post"}],"author":[{"embeddable":true,"href":"https:\/\/snuipp86.fr\/index.php\/wp-json\/wp\/v2\/users\/1"}],"replies":[{"embeddable":true,"href":"https:\/\/snuipp86.fr\/index.php\/wp-json\/wp\/v2\/comments?post=587"}],"version-history":[{"count":0,"href":"https:\/\/snuipp86.fr\/index.php\/wp-json\/wp\/v2\/posts\/587\/revisions"}],"wp:attachment":[{"href":"https:\/\/snuipp86.fr\/index.php\/wp-json\/wp\/v2\/media?parent=587"}],"wp:term":[{"taxonomy":"category","embeddable":true,"href":"https:\/\/snuipp86.fr\/index.php\/wp-json\/wp\/v2\/categories?post=587"},{"taxonomy":"post_tag","embeddable":true,"href":"https:\/\/snuipp86.fr\/index.php\/wp-json\/wp\/v2\/tags?post=587"}],"curies":[{"name":"wp","href":"https:\/\/api.w.org\/{rel}","templated":true}]}}