{"id":59,"date":"2019-02-18T09:28:19","date_gmt":"2019-02-18T09:28:19","guid":{"rendered":"http:\/\/localhost\/wordpress\/2019\/02\/18\/26-27-28-juin-2019-rencontres-poitevines-de-psychologie-a-lcole\/"},"modified":"2019-02-18T09:28:19","modified_gmt":"2019-02-18T09:28:19","slug":"26-27-28-juin-2019-rencontres-poitevines-de-psychologie-a-lcole","status":"publish","type":"post","link":"https:\/\/snuipp86.fr\/index.php\/2019\/02\/18\/26-27-28-juin-2019-rencontres-poitevines-de-psychologie-a-lcole\/","title":{"rendered":"26, 27, 28 juin 2019 : RENCONTRES POITEVINES DE PSYCHOLOGIE A L&rsquo;\u00c9COLE"},"content":{"rendered":"<p><img decoding=\"async\" src=\"https:\/\/snuipp86.fr\/wp-content\/spip\/IMG\/arton4296.jpg\" alt=\"\" align=\"right\" width=\"940\" height=\"906\" class=\"spip_logos\" \/><\/p>\n<div class='rss_texte'>\n<h3 class=\"spip\" id=\"outil_sommaire_0\"><a title=\"Sommaire\" href=\"http:\/\/86.snuipp.fr\/spip.php?page=backend&#038;id_rubrique=#outil_sommaire\" class=\"sommaire_ancre\"> <\/a>Les 26, 27, 28 juin 2019<br \/>\nAura lieu la 12\u00e8me \u00e9dition des \u00ab Rencontres Poitevines de Psychologie Scolaire \u00bb rebaptis\u00e9es<br \/>\nRENCONTRES POITEVINES DE PSYCHOLOGIE A L&rsquo;\u00c9COLE<\/h3>\n<p class=\"spip\"><strong class=\"spip\">Organisation<\/strong> : Association des Psychologues de l&rsquo;Education Nationale de la Vienne et Universit\u00e9 de Poitiers<\/p>\n<p class=\"spip\"><strong class=\"spip\">Sur le th\u00e8me :<\/strong><\/p>\n<h3 class=\"spip\" id=\"outil_sommaire_1\"><a title=\"Sommaire\" href=\"http:\/\/86.snuipp.fr\/spip.php?page=backend&#038;id_rubrique=#outil_sommaire\" class=\"sommaire_ancre\"> <\/a>Du stress au trauma<br \/>\nM\u00e9canismes, enjeux, contexte soci\u00e9tal et prise en charge \u00ab psy \u00bb \u00e0 l&rsquo;\u00e9cole<\/h3>\n<p class=\"spip\">L&rsquo;\u00c9ducation Nationale est r\u00e9guli\u00e8rement confront\u00e9e \u00e0 la gestion de situations potentiellement traumatiques comme le d\u00e9c\u00e8s d&rsquo;un \u00e9l\u00e8ve, enseignant ou parent, des faits de harc\u00e8lement ou de violence. Parfois ce sont des faits de plus grande ampleur touchant toute la communaut\u00e9 \u00e9ducative : attentats, accidents, catastrophes climatiques ou autres.<\/p>\n<p class=\"spip\">Quelle que soit l&rsquo;ampleur de l&rsquo;\u00e9v\u00e9nement, les traumatismes psychiques peuvent avoir des incidences importantes sur la vie de l&rsquo;enfant \u00e0 l&rsquo;\u00e9cole, dans son lien social comme dans ses apprentissages. L&rsquo;\u00e9cole se doit d&rsquo;offrir \u00e0 l&rsquo;enfant un environnement facilitant la mise en parole de ses v\u00e9cus traumatiques et lui permettant de retrouver le plaisir de penser. Elle se doit aussi de prendre en consid\u00e9ration le retentissement sur les proches, familles et \u00e9quipes enseignantes.<\/p>\n<p class=\"spip\">Dans ce genre de situation, quelle place le psychologue de l&rsquo;\u00c9ducation Nationale peut-il occuper au c\u00f4t\u00e9 des professionnels de toutes les institutions concern\u00e9es ? Comment fonctionnent les \u00ab Dispositifs acad\u00e9miques d&rsquo;\u00e9coute et de gestion des \u00e9v\u00e9nements graves \u00bb et plus largement les CUMP (Cellules d&rsquo;Urgence M\u00e9dico-Psychologique) ? De quelle supervision et d\u00e9briefing les intervenants, eux-m\u00eames affect\u00e9s par les \u00e9v\u00e9nements, b\u00e9n\u00e9ficient-ils ?<\/p>\n<p class=\"spip\">Psychologues et psychiatres sp\u00e9cialistes du trauma, responsables de CUMP, de cellules d&rsquo;\u00e9coute viendront apporter leur \u00e9clairage et enrichir notre r\u00e9flexion. Des coll\u00e8gues ayant particip\u00e9 \u00e0 la cellule de crise post-Irma aux Antilles viendront apporter leur t\u00e9moignage.<\/p>\n<h3 class=\"spip\" id=\"outil_sommaire_2\"><a title=\"Sommaire\" href=\"http:\/\/86.snuipp.fr\/spip.php?page=backend&#038;id_rubrique=#outil_sommaire\" class=\"sommaire_ancre\"> <\/a>Psychologues Education Nationale : un besoin de formation<\/h3>\n<p class=\"spip\">Initi\u00e9e en 1996, ces Rencontres Poitevines sont devenues au fil du temps une manifestation d&rsquo;ampleur nationale, rassemblant tous les 2 ans entre 300 et 400 professionnels venus de toute la France et de tous horizons : psychologues bien s\u00fbr mais aussi membres des RASED, orthophonistes, m\u00e9decins, \u00e9ducateurs, etc.<br \/>\nA l&rsquo;origine, cette offre de formation venait en compl\u00e9ment de celle propos\u00e9e par l&rsquo;Education Nationale. Puis au fil des ans, l&rsquo;offre institutionnelle a fortement diminu\u00e9 et ce genre d&rsquo;initiative est devenu pour certains un des seuls moyens de se former. Le succ\u00e8s rencontr\u00e9 aujourd&rsquo;hui atteste un besoin criant de formation. Besoin qui n&rsquo;est pas toujours compris par certains d\u00e9partements. Lors de la pr\u00e9c\u00e9dente \u00e9dition, des coll\u00e8gues &#8211; qui par ailleurs paient de leur poche les droits d&rsquo;inscription, sans compter les frais de voyage et d&rsquo;h\u00e9bergement &#8211; ont pein\u00e9 \u00e0 obtenir les autorisations d&rsquo;absence n\u00e9cessaires \u00e0 leur venue \u00e0 Poitiers, quand ils ne se sont pas vu proposer une autorisation sans solde ou opposer un refus pur et simple.<\/p>\n<h3 class=\"spip\" id=\"outil_sommaire_3\"><a title=\"Sommaire\" href=\"http:\/\/86.snuipp.fr\/spip.php?page=backend&#038;id_rubrique=#outil_sommaire\" class=\"sommaire_ancre\"> <\/a>Pratique<\/h3>\n<p class=\"spip\">Pour conna\u00eetre le programme (actuellement en cours de finalisation), les tarifs et s&rsquo;inscrire, rendez-vous sur le site des 12RPPE : <a href=\"http:\/\/rpps86.blogspot.com\/\" class=\"spip_out\">http:\/\/rpps86.blogspot.com\/<\/a><\/p>\n<p class=\"spip\">Pour les enseignants, il sera possible de venir assister aux seules conf\u00e9rences du mercredi apr\u00e8s-midi au tarif de 10 \u20ac.<\/p>\n<p class=\"spip\"><strong class=\"spip\">Renseignements :<\/strong> adpen86@gmail.com<\/p>\n<dl class='spip_document_3900 spip_documents spip_documents_center' >\n<dt><img src='https:\/\/snuipp86.fr\/wp-content\/spip\/cache-vignettes\/L55xH77\/LOGO_ADPEN86_petit-2ac54.jpg' width='55' height='77' alt='JPEG - 1.9 ko' style='height:77px;width:55px;' class='' \/><\/dt>\n<dt class='spip_doc_titre' style='width:120px;'><strong>LOGO ADPEN86 petit<\/strong><\/dt>\n<\/dl>\n<\/div>\n","protected":false},"excerpt":{"rendered":"<p>Les 26, 27, 28 juin 2019 Aura lieu la 12\u00e8me \u00e9dition des \u00ab Rencontres Poitevines de Psychologie Scolaire \u00bb rebaptis\u00e9es RENCONTRES POITEVINES DE PSYCHOLOGIE A L&rsquo;\u00c9COLE <br \/>Organisation : Association des Psychologues de l&rsquo;Education Nationale de la Vienne et Universit\u00e9 de Poitiers <br \/>Sur le th\u00e8me : Du stress au trauma M\u00e9canismes, enjeux, contexte soci\u00e9tal et prise en charge \u00ab psy \u00bb \u00e0 l&rsquo;\u00e9cole <br \/>L&rsquo;\u00c9ducation Nationale est r\u00e9guli\u00e8rement confront\u00e9e \u00e0 la gestion de situations (&#8230;)<br \/>\n&#8211;<br \/>\n<a href=\"http:\/\/86.snuipp.fr\/spip.php?rubrique147\" rel=\"directory\">Psychologie scolaire<\/a><br \/>\n\/<br \/>\n<a href=\"http:\/\/86.snuipp.fr\/spip.php?mot289\" rel=\"tag\">Formation<\/a>,<br \/>\n<a href=\"http:\/\/86.snuipp.fr\/spip.php?mot304\" rel=\"tag\">R.A.S.E.D<\/a><\/p>\n","protected":false},"author":1,"featured_media":0,"comment_status":"open","ping_status":"open","sticky":false,"template":"","format":"standard","meta":{"footnotes":""},"categories":[14],"tags":[],"class_list":["post-59","post","type-post","status-publish","format-standard","hentry","category-a-la-une"],"yoast_head":"<!-- This site is optimized with the Yoast SEO plugin v26.6 - https:\/\/yoast.com\/wordpress\/plugins\/seo\/ -->\n<title>26, 27, 28 juin 2019 : RENCONTRES POITEVINES DE PSYCHOLOGIE A L&#039;\u00c9COLE - FSU-SNUipp 86<\/title>\n<meta name=\"robots\" content=\"index, follow, max-snippet:-1, max-image-preview:large, max-video-preview:-1\" \/>\n<link rel=\"canonical\" href=\"https:\/\/snuipp86.fr\/index.php\/2019\/02\/18\/26-27-28-juin-2019-rencontres-poitevines-de-psychologie-a-lcole\/\" \/>\n<meta property=\"og:locale\" content=\"fr_FR\" \/>\n<meta property=\"og:type\" content=\"article\" \/>\n<meta property=\"og:title\" content=\"26, 27, 28 juin 2019 : RENCONTRES POITEVINES DE PSYCHOLOGIE A L&#039;\u00c9COLE - FSU-SNUipp 86\" \/>\n<meta property=\"og:description\" content=\"Les 26, 27, 28 juin 2019 Aura lieu la 12\u00e8me \u00e9dition des \u00ab Rencontres Poitevines de Psychologie Scolaire \u00bb rebaptis\u00e9es RENCONTRES POITEVINES DE PSYCHOLOGIE A L&#039;\u00c9COLE Organisation : Association des Psychologues de l&#039;Education Nationale de la Vienne et Universit\u00e9 de Poitiers Sur le th\u00e8me : Du stress au trauma M\u00e9canismes, enjeux, contexte soci\u00e9tal et prise en charge \u00ab psy \u00bb \u00e0 l&#039;\u00e9cole L&#039;\u00c9ducation Nationale est r\u00e9guli\u00e8rement confront\u00e9e \u00e0 la gestion de situations (...) - Psychologie scolaire \/ Formation, R.A.S.E.D\" \/>\n<meta property=\"og:url\" content=\"https:\/\/snuipp86.fr\/index.php\/2019\/02\/18\/26-27-28-juin-2019-rencontres-poitevines-de-psychologie-a-lcole\/\" \/>\n<meta property=\"og:site_name\" content=\"FSU-SNUipp 86\" \/>\n<meta property=\"article:published_time\" content=\"2019-02-18T09:28:19+00:00\" \/>\n<meta property=\"og:image\" content=\"http:\/\/snuipp86.fr\/wp-content\/spip\/IMG\/arton4296.jpg\" \/>\n<meta name=\"author\" content=\"WP86Admin\" \/>\n<meta name=\"twitter:card\" content=\"summary_large_image\" \/>\n<meta name=\"twitter:label1\" content=\"\u00c9crit par\" \/>\n\t<meta name=\"twitter:data1\" content=\"WP86Admin\" \/>\n\t<meta name=\"twitter:label2\" content=\"Dur\u00e9e de lecture estim\u00e9e\" \/>\n\t<meta name=\"twitter:data2\" content=\"3 minutes\" \/>\n<script type=\"application\/ld+json\" class=\"yoast-schema-graph\">{\"@context\":\"https:\/\/schema.org\",\"@graph\":[{\"@type\":\"WebPage\",\"@id\":\"https:\/\/snuipp86.fr\/index.php\/2019\/02\/18\/26-27-28-juin-2019-rencontres-poitevines-de-psychologie-a-lcole\/\",\"url\":\"https:\/\/snuipp86.fr\/index.php\/2019\/02\/18\/26-27-28-juin-2019-rencontres-poitevines-de-psychologie-a-lcole\/\",\"name\":\"26, 27, 28 juin 2019 : RENCONTRES POITEVINES DE PSYCHOLOGIE A L'\u00c9COLE - FSU-SNUipp 86\",\"isPartOf\":{\"@id\":\"https:\/\/snuipp86.fr\/#website\"},\"primaryImageOfPage\":{\"@id\":\"https:\/\/snuipp86.fr\/index.php\/2019\/02\/18\/26-27-28-juin-2019-rencontres-poitevines-de-psychologie-a-lcole\/#primaryimage\"},\"image\":{\"@id\":\"https:\/\/snuipp86.fr\/index.php\/2019\/02\/18\/26-27-28-juin-2019-rencontres-poitevines-de-psychologie-a-lcole\/#primaryimage\"},\"thumbnailUrl\":\"http:\/\/snuipp86.fr\/wp-content\/spip\/IMG\/arton4296.jpg\",\"datePublished\":\"2019-02-18T09:28:19+00:00\",\"author\":{\"@id\":\"https:\/\/snuipp86.fr\/#\/schema\/person\/901b28b9ae1c7a63a6a940102e52a7a2\"},\"breadcrumb\":{\"@id\":\"https:\/\/snuipp86.fr\/index.php\/2019\/02\/18\/26-27-28-juin-2019-rencontres-poitevines-de-psychologie-a-lcole\/#breadcrumb\"},\"inLanguage\":\"fr-FR\",\"potentialAction\":[{\"@type\":\"ReadAction\",\"target\":[\"https:\/\/snuipp86.fr\/index.php\/2019\/02\/18\/26-27-28-juin-2019-rencontres-poitevines-de-psychologie-a-lcole\/\"]}]},{\"@type\":\"ImageObject\",\"inLanguage\":\"fr-FR\",\"@id\":\"https:\/\/snuipp86.fr\/index.php\/2019\/02\/18\/26-27-28-juin-2019-rencontres-poitevines-de-psychologie-a-lcole\/#primaryimage\",\"url\":\"http:\/\/snuipp86.fr\/wp-content\/spip\/IMG\/arton4296.jpg\",\"contentUrl\":\"http:\/\/snuipp86.fr\/wp-content\/spip\/IMG\/arton4296.jpg\"},{\"@type\":\"BreadcrumbList\",\"@id\":\"https:\/\/snuipp86.fr\/index.php\/2019\/02\/18\/26-27-28-juin-2019-rencontres-poitevines-de-psychologie-a-lcole\/#breadcrumb\",\"itemListElement\":[{\"@type\":\"ListItem\",\"position\":1,\"name\":\"Accueil\",\"item\":\"https:\/\/snuipp86.fr\/\"},{\"@type\":\"ListItem\",\"position\":2,\"name\":\"26, 27, 28 juin 2019 : RENCONTRES POITEVINES DE PSYCHOLOGIE A L&#8217;\u00c9COLE\"}]},{\"@type\":\"WebSite\",\"@id\":\"https:\/\/snuipp86.fr\/#website\",\"url\":\"https:\/\/snuipp86.fr\/\",\"name\":\"FSU-SNUipp 86\",\"description\":\"Des id\u00e9es qui font l&#039;\u00e9cole\",\"potentialAction\":[{\"@type\":\"SearchAction\",\"target\":{\"@type\":\"EntryPoint\",\"urlTemplate\":\"https:\/\/snuipp86.fr\/?s={search_term_string}\"},\"query-input\":{\"@type\":\"PropertyValueSpecification\",\"valueRequired\":true,\"valueName\":\"search_term_string\"}}],\"inLanguage\":\"fr-FR\"},{\"@type\":\"Person\",\"@id\":\"https:\/\/snuipp86.fr\/#\/schema\/person\/901b28b9ae1c7a63a6a940102e52a7a2\",\"name\":\"WP86Admin\",\"image\":{\"@type\":\"ImageObject\",\"inLanguage\":\"fr-FR\",\"@id\":\"https:\/\/snuipp86.fr\/#\/schema\/person\/image\/\",\"url\":\"https:\/\/secure.gravatar.com\/avatar\/0099845c7ec05dc10d777d8ab4f5142c5ba316283821af2459738ad469a37a1a?s=96&d=mm&r=g\",\"contentUrl\":\"https:\/\/secure.gravatar.com\/avatar\/0099845c7ec05dc10d777d8ab4f5142c5ba316283821af2459738ad469a37a1a?s=96&d=mm&r=g\",\"caption\":\"WP86Admin\"},\"url\":\"https:\/\/snuipp86.fr\/index.php\/author\/wp86admin\/\"}]}<\/script>\n<!-- \/ Yoast SEO plugin. -->","yoast_head_json":{"title":"26, 27, 28 juin 2019 : RENCONTRES POITEVINES DE PSYCHOLOGIE A L'\u00c9COLE - FSU-SNUipp 86","robots":{"index":"index","follow":"follow","max-snippet":"max-snippet:-1","max-image-preview":"max-image-preview:large","max-video-preview":"max-video-preview:-1"},"canonical":"https:\/\/snuipp86.fr\/index.php\/2019\/02\/18\/26-27-28-juin-2019-rencontres-poitevines-de-psychologie-a-lcole\/","og_locale":"fr_FR","og_type":"article","og_title":"26, 27, 28 juin 2019 : RENCONTRES POITEVINES DE PSYCHOLOGIE A L'\u00c9COLE - FSU-SNUipp 86","og_description":"Les 26, 27, 28 juin 2019 Aura lieu la 12\u00e8me \u00e9dition des \u00ab Rencontres Poitevines de Psychologie Scolaire \u00bb rebaptis\u00e9es RENCONTRES POITEVINES DE PSYCHOLOGIE A L'\u00c9COLE Organisation : Association des Psychologues de l'Education Nationale de la Vienne et Universit\u00e9 de Poitiers Sur le th\u00e8me : Du stress au trauma M\u00e9canismes, enjeux, contexte soci\u00e9tal et prise en charge \u00ab psy \u00bb \u00e0 l'\u00e9cole L'\u00c9ducation Nationale est r\u00e9guli\u00e8rement confront\u00e9e \u00e0 la gestion de situations (...) - Psychologie scolaire \/ Formation, R.A.S.E.D","og_url":"https:\/\/snuipp86.fr\/index.php\/2019\/02\/18\/26-27-28-juin-2019-rencontres-poitevines-de-psychologie-a-lcole\/","og_site_name":"FSU-SNUipp 86","article_published_time":"2019-02-18T09:28:19+00:00","og_image":[{"url":"http:\/\/snuipp86.fr\/wp-content\/spip\/IMG\/arton4296.jpg","type":"","width":"","height":""}],"author":"WP86Admin","twitter_card":"summary_large_image","twitter_misc":{"\u00c9crit par":"WP86Admin","Dur\u00e9e de lecture estim\u00e9e":"3 minutes"},"schema":{"@context":"https:\/\/schema.org","@graph":[{"@type":"WebPage","@id":"https:\/\/snuipp86.fr\/index.php\/2019\/02\/18\/26-27-28-juin-2019-rencontres-poitevines-de-psychologie-a-lcole\/","url":"https:\/\/snuipp86.fr\/index.php\/2019\/02\/18\/26-27-28-juin-2019-rencontres-poitevines-de-psychologie-a-lcole\/","name":"26, 27, 28 juin 2019 : RENCONTRES POITEVINES DE PSYCHOLOGIE A L'\u00c9COLE - FSU-SNUipp 86","isPartOf":{"@id":"https:\/\/snuipp86.fr\/#website"},"primaryImageOfPage":{"@id":"https:\/\/snuipp86.fr\/index.php\/2019\/02\/18\/26-27-28-juin-2019-rencontres-poitevines-de-psychologie-a-lcole\/#primaryimage"},"image":{"@id":"https:\/\/snuipp86.fr\/index.php\/2019\/02\/18\/26-27-28-juin-2019-rencontres-poitevines-de-psychologie-a-lcole\/#primaryimage"},"thumbnailUrl":"http:\/\/snuipp86.fr\/wp-content\/spip\/IMG\/arton4296.jpg","datePublished":"2019-02-18T09:28:19+00:00","author":{"@id":"https:\/\/snuipp86.fr\/#\/schema\/person\/901b28b9ae1c7a63a6a940102e52a7a2"},"breadcrumb":{"@id":"https:\/\/snuipp86.fr\/index.php\/2019\/02\/18\/26-27-28-juin-2019-rencontres-poitevines-de-psychologie-a-lcole\/#breadcrumb"},"inLanguage":"fr-FR","potentialAction":[{"@type":"ReadAction","target":["https:\/\/snuipp86.fr\/index.php\/2019\/02\/18\/26-27-28-juin-2019-rencontres-poitevines-de-psychologie-a-lcole\/"]}]},{"@type":"ImageObject","inLanguage":"fr-FR","@id":"https:\/\/snuipp86.fr\/index.php\/2019\/02\/18\/26-27-28-juin-2019-rencontres-poitevines-de-psychologie-a-lcole\/#primaryimage","url":"http:\/\/snuipp86.fr\/wp-content\/spip\/IMG\/arton4296.jpg","contentUrl":"http:\/\/snuipp86.fr\/wp-content\/spip\/IMG\/arton4296.jpg"},{"@type":"BreadcrumbList","@id":"https:\/\/snuipp86.fr\/index.php\/2019\/02\/18\/26-27-28-juin-2019-rencontres-poitevines-de-psychologie-a-lcole\/#breadcrumb","itemListElement":[{"@type":"ListItem","position":1,"name":"Accueil","item":"https:\/\/snuipp86.fr\/"},{"@type":"ListItem","position":2,"name":"26, 27, 28 juin 2019 : RENCONTRES POITEVINES DE PSYCHOLOGIE A L&#8217;\u00c9COLE"}]},{"@type":"WebSite","@id":"https:\/\/snuipp86.fr\/#website","url":"https:\/\/snuipp86.fr\/","name":"FSU-SNUipp 86","description":"Des id\u00e9es qui font l&#039;\u00e9cole","potentialAction":[{"@type":"SearchAction","target":{"@type":"EntryPoint","urlTemplate":"https:\/\/snuipp86.fr\/?s={search_term_string}"},"query-input":{"@type":"PropertyValueSpecification","valueRequired":true,"valueName":"search_term_string"}}],"inLanguage":"fr-FR"},{"@type":"Person","@id":"https:\/\/snuipp86.fr\/#\/schema\/person\/901b28b9ae1c7a63a6a940102e52a7a2","name":"WP86Admin","image":{"@type":"ImageObject","inLanguage":"fr-FR","@id":"https:\/\/snuipp86.fr\/#\/schema\/person\/image\/","url":"https:\/\/secure.gravatar.com\/avatar\/0099845c7ec05dc10d777d8ab4f5142c5ba316283821af2459738ad469a37a1a?s=96&d=mm&r=g","contentUrl":"https:\/\/secure.gravatar.com\/avatar\/0099845c7ec05dc10d777d8ab4f5142c5ba316283821af2459738ad469a37a1a?s=96&d=mm&r=g","caption":"WP86Admin"},"url":"https:\/\/snuipp86.fr\/index.php\/author\/wp86admin\/"}]}},"_links":{"self":[{"href":"https:\/\/snuipp86.fr\/index.php\/wp-json\/wp\/v2\/posts\/59","targetHints":{"allow":["GET"]}}],"collection":[{"href":"https:\/\/snuipp86.fr\/index.php\/wp-json\/wp\/v2\/posts"}],"about":[{"href":"https:\/\/snuipp86.fr\/index.php\/wp-json\/wp\/v2\/types\/post"}],"author":[{"embeddable":true,"href":"https:\/\/snuipp86.fr\/index.php\/wp-json\/wp\/v2\/users\/1"}],"replies":[{"embeddable":true,"href":"https:\/\/snuipp86.fr\/index.php\/wp-json\/wp\/v2\/comments?post=59"}],"version-history":[{"count":0,"href":"https:\/\/snuipp86.fr\/index.php\/wp-json\/wp\/v2\/posts\/59\/revisions"}],"wp:attachment":[{"href":"https:\/\/snuipp86.fr\/index.php\/wp-json\/wp\/v2\/media?parent=59"}],"wp:term":[{"taxonomy":"category","embeddable":true,"href":"https:\/\/snuipp86.fr\/index.php\/wp-json\/wp\/v2\/categories?post=59"},{"taxonomy":"post_tag","embeddable":true,"href":"https:\/\/snuipp86.fr\/index.php\/wp-json\/wp\/v2\/tags?post=59"}],"curies":[{"name":"wp","href":"https:\/\/api.w.org\/{rel}","templated":true}]}}