{"id":600,"date":"2016-03-24T11:57:24","date_gmt":"2016-03-24T11:57:24","guid":{"rendered":"http:\/\/localhost\/wordpress\/2016\/03\/24\/tous-en-grve-jeudi-31-mars-pour-le-retrait-du-projet-de-loi-travail\/"},"modified":"2016-03-24T11:57:24","modified_gmt":"2016-03-24T11:57:24","slug":"tous-en-grve-jeudi-31-mars-pour-le-retrait-du-projet-de-loi-travail","status":"publish","type":"post","link":"https:\/\/snuipp86.fr\/index.php\/2016\/03\/24\/tous-en-grve-jeudi-31-mars-pour-le-retrait-du-projet-de-loi-travail\/","title":{"rendered":"Tous en gr\u00e8ve Jeudi 31 mars pour le retrait du projet de loi \u00ab Travail \u00bb !"},"content":{"rendered":"<p><img decoding=\"async\" src=\"https:\/\/snuipp86.fr\/wp-content\/spip\/IMG\/arton3037.jpg\" alt=\"\" align=\"right\" width=\"110\" height=\"110\" class=\"spip_logos\" \/><\/p>\n<div class='rss_texte'>\n<p class=\"spip\">Dans la Vienne , cet appel est port\u00e9 par CGT, FO, FSU, Union syndicale Solidaires, UNEF, UNL, FIDL.<\/p>\n<h3 class=\"spip\" id=\"outil_sommaire_0\"><a title=\"Sommaire\" href=\"http:\/\/86.snuipp.fr\/spip.php?page=backend&#038;id_rubrique=#outil_sommaire\" class=\"sommaire_ancre\"> <\/a>INTENTION DE FAIRE GREVE A ENVOYER AVANT SAMEDI 26 MARS MINUIT !!!<\/h3>\n<p class=\"spip\">Le texte examin\u00e9 par le conseil des ministres, s&rsquo;il diff\u00e8re du premier avant projet, reste sur la m\u00eame \u00ab philosophie \u00bb. Il s&rsquo;agit, pour le gouvernement, de r\u00e9former le droit du travail au profit des employeurs, d\u00e9gradant sur plusieurs plans les garanties collectives des salari\u00e9-e-s.<\/p>\n<p class=\"spip\">Ce projet, inacceptable en l&rsquo;\u00e9tat, agit aussi comme une goutte d&rsquo;eau faisant d\u00e9border le vase des m\u00e9contentements sociaux : il doit \u00eatre retir\u00e9 !<\/p>\n<p class=\"spip\">\u00c0 la FSU, nous avons la profonde conviction que la loi doit prot\u00e9ger les plus faibles. Ce n&rsquo;est pas la vision de ce gouvernement. Ce dernier, en voulant r\u00e9former le code du travail, s&rsquo;en prend ouvertement aux travailleurs. Les propositions faites vont compl\u00e8tement \u00e0 l&rsquo;encontre de leurs int\u00e9r\u00eats, notamment des plus pr\u00e9caires. La pr\u00e9carit\u00e9 g\u00e9n\u00e9ralis\u00e9e n&rsquo;a jamais permis de r\u00e9duire le ch\u00f4mage. Par contre elle permet toujours de faire cro\u00eetre les taux de pauvret\u00e9 ! Celui-ci \u00e9tait en 2012 (derni\u00e8res donn\u00e9es OCDE disponibles) de 8,1 %. Notre gouvernement communique sur les r\u00e9formes men\u00e9es en Italie ou en Espagne, mais ne dit pas que dans ces pays les taux de pauvret\u00e9 sont de 12,7 % et de 14 %. Comment afficher un tel m\u00e9pris pour ces citoyens laiss\u00e9s pour compte les politiques d&rsquo;aust\u00e9rit\u00e9 ?<\/p>\n<p class=\"spip\">Le mouvement social g\u00e9n\u00e9r\u00e9 par cette politique est d&rsquo;ores et d\u00e9j\u00e0 puissant et va encore se renforcer. Nous demandons le retrait de cette loi dont la philosophie remet en cause l&rsquo;int\u00e9r\u00eat des travailleurs, une l\u00e9g\u00e8re att\u00e9nuation de ses pires aspects ne peut \u00eatre satisfaisante.<\/p>\n<p class=\"spip\">Tout recul du droit des salari\u00e9s du priv\u00e9 aura des r\u00e9percussions tr\u00e8s rapidement pour les fonctionnaires. L&rsquo;exemple des retraites a \u00e9t\u00e9 \u00e9clairant. La jeunesse a besoin de nouveaux droits et en tant qu&rsquo;enseignants nous devons \u00eatre au c\u00f4t\u00e9 des jeunes scolaris\u00e9s ou pr\u00e9caires pour dire qu&rsquo;on vaut mieux que \u00e7a !<\/p>\n<p class=\"spip\">Les enseignants du premier degr\u00e9 directement concern\u00e9s :<br \/>\nSi ce projet de loi vise d&rsquo;abord \u00e0 modifier le code du travail, les enseignants du premier degr\u00e9 sont concern\u00e9s, par solidarit\u00e9 bien s\u00fbr, mais aussi, par la pr\u00e9visible casse des statuts de la fonction publique (obligations r\u00e9glementaires de service, individualisation des carri\u00e8res, perte des garanties collectives\u2026)<br \/>\nD\u00e9j\u00e0 aujourd&rsquo;hui, le recours aux EVS, AVS, AESH, aux contractuels, aux stagiaires\u2026 se d\u00e9veloppe de plus en plus dans les \u00e9coles, entra\u00eenant une pr\u00e9carit\u00e9 de l&#8217;emploi pour des dizaines de milliers de personnels. Or le projet El Khomri favorise le d\u00e9veloppement de cette pr\u00e9carit\u00e9.<br \/>\nLa loi El Khomri affaiblit le pouvoir d&rsquo;achat des salari\u00e9s (nos parents d&rsquo;\u00e9l\u00e8ves), cette logique ne conduit pas \u00e0 envisager des jours meilleurs dans la Fonction Publique (pertes de salaires : 8% depuis 2010).<\/p>\n<p class=\"spip\">C&rsquo;est pourquoi, le SNUipp-FSU et la FSU de la Vienne, avec d&rsquo;autres organisations syndicales (CGT, FO, FSU, Union syndicale Solidaires, UNEF, UNL, FIDL) appellent toutes et tous les coll\u00e8gues \u00e0 la gr\u00e8ve jeudi 31 mars et \u00e0 participer aux manifestations pour le retrait du projet de loi \u00ab Travail \u00bb, pour la d\u00e9fense des statuts et des services publics.<\/p>\n<p class=\"spip\"><strong class=\"spip\">POITIERS<\/strong> :<\/p>\n<p class=\"spip\">d\u00e9part Porte de Paris \u00e0 14 h 00<\/p>\n<p class=\"spip\">Apr\u00e8s manifestation par les boulevards circulaires,<br \/>\nrassemblement populaire Porte de Paris avec prises de parole,<br \/>\nanimations, restauration, etc.<\/p>\n<p class=\"spip\"><strong class=\"spip\"> CHATELLERAULT<\/strong> :<\/p>\n<p class=\"spip\">10 H 00 : Zone Nord, MECAFI, Salari\u00e9s<\/p>\n<p class=\"spip\">10 H 30 : Place de l&rsquo;Europe, Jeunes, Lyc\u00e9ens, Retrait\u00e9s<\/p>\n<p class=\"spip\">Convergence des deux cort\u00e8ges \u00e0 11 H 00, au Kiosque de la Mairie<\/p>\n<p class=\"spip\"><strong class=\"spip\"><br \/>\nMONTMORILLON<\/strong> :<\/p>\n<p class=\"spip\">10 H 00, Place du Mar\u00e9chal Leclerc<\/p>\n<p class=\"spip\">Vous trouverez en pi\u00e8ce jointe et ci dessous un mod\u00e8le d&rsquo;intention de faire gr\u00e8ve \u00e0 transmettre \u00e0 votre IEN (adresse ci-dessous). Cette intention doit \u00eatre envoy\u00e9e samedi minuit au plus tard. R\u00e9flexe syndical<\/p>\n<h3 class=\"spip\" id=\"outil_sommaire_1\"><a title=\"Sommaire\" href=\"http:\/\/86.snuipp.fr\/spip.php?page=backend&#038;id_rubrique=#outil_sommaire\" class=\"sommaire_ancre\"> <\/a>Ayez le r\u00e9flexe syndical<\/h3>\n<p class=\"spip\">, indiquez nous l&rsquo;intention de participation de votre \u00e9cole :<\/p>\n<p class=\"spip\"><img decoding=\"async\" src=\"https:\/\/snuipp86.fr\/wp-content\/spip\/cache-vignettes\/L8xH11\/puce-68c92.gif\" width='8' height='11' alt=\"-\" style='height:11px;width:8px;' class='' \/> Nom de l&rsquo;\u00e9cole :&#8230;&#8230;.<\/p>\n<p class=\"spip\"><img decoding=\"async\" src=\"https:\/\/snuipp86.fr\/wp-content\/spip\/cache-vignettes\/L8xH11\/puce-68c92.gif\" width='8' height='11' alt=\"-\" style='height:11px;width:8px;' class='' \/> Nombre de coll\u00e8gues dans l&rsquo;\u00e9cole :&#8230;.<\/p>\n<p class=\"spip\"><img decoding=\"async\" src=\"https:\/\/snuipp86.fr\/wp-content\/spip\/cache-vignettes\/L8xH11\/puce-68c92.gif\" width='8' height='11' alt=\"-\" style='height:11px;width:8px;' class='' \/> Nombre de gr\u00e9vistes : &#8230;&#8230;&#8230;&#8230;<\/p>\n<h3 class=\"spip\" id=\"outil_sommaire_2\"><a title=\"Sommaire\" href=\"http:\/\/86.snuipp.fr\/spip.php?page=backend&#038;id_rubrique=#outil_sommaire\" class=\"sommaire_ancre\"> <\/a>Qui peut \u00eatre gr\u00e9viste ?<\/h3>\n<p class=\"spip\">C&rsquo;est un appel Fonction Publique, donc l&rsquo;ensemble des personnels des 3 fonctions publiques peuvent y participer. Donc chez nous : adjoint, directeur, conseiller p\u00e9dagogique, PES, Aide \u00e0 la direction, AESH , ATSEM\u2026<\/p>\n<h3 class=\"spip\" id=\"outil_sommaire_3\"><a title=\"Sommaire\" href=\"http:\/\/86.snuipp.fr\/spip.php?page=backend&#038;id_rubrique=#outil_sommaire\" class=\"sommaire_ancre\"> <\/a>Qui dois je informer ?<\/h3>\n<p class=\"spip\">Comme d&rsquo;habitude, on informera les services concern\u00e9s (cantine, \u00e9tude, transport scolaire, piscine, toute activit\u00e9 \u00e0 laquelle participent l&rsquo;enseignant et ses \u00e9l\u00e8ves, etc\u2026)<\/p>\n<p class=\"spip\"><img decoding=\"async\" src=\"https:\/\/snuipp86.fr\/wp-content\/spip\/cache-vignettes\/L8xH11\/puce-68c92.gif\" width='8' height='11' alt=\"-\" style='height:11px;width:8px;' class='' \/> les parents : Les enseignant-e-s gr\u00e9vistes informent par \u00e9crit les familles, si possible au moins 48 heures avant, qu&rsquo;il n&rsquo;y aura pas classe.<\/p>\n<dl class='spip_document_2437 spip_documents spip_documents_center' >\n<dt><a href=\"https:\/\/snuipp86.fr\/wp-content\/spip\/IMG\/doc\/lettre_aux_parents_greve_31_mars-1.doc\" title='Word - 16 ko' type=\"application\/msword\"><img src='https:\/\/snuipp86.fr\/wp-content\/spip\/cache-vignettes\/L52xH52\/doc-50de0.png' width='52' height='52' alt='Word - 16 ko' style='height:52px;width:52px;' class=' format_png' \/><\/a><\/dt>\n<dt class='spip_doc_titre' style='width:120px;'><strong>lettre_aux_parents_greve_31_mars-1<\/strong><\/dt>\n<\/dl>\n<p class=\"spip\"><img decoding=\"async\" src=\"https:\/\/snuipp86.fr\/wp-content\/spip\/cache-vignettes\/L8xH11\/puce-68c92.gif\" width='8' height='11' alt=\"-\" style='height:11px;width:8px;' class='' \/> son IEN avant samedi 26 mars minuit (mod\u00e8le ci-dessous)<\/p>\n<dl class='spip_document_2438 spip_documents spip_documents_center' >\n<dt><a href=\"https:\/\/snuipp86.fr\/wp-content\/spip\/IMG\/pdf\/_greve_declaration_prealable_-3.pdf\" title='PDF - 37.9 ko' type=\"application\/pdf\"><img src='https:\/\/snuipp86.fr\/wp-content\/spip\/cache-vignettes\/L52xH52\/pdf-d7486.png' width='52' height='52' alt='PDF - 37.9 ko' style='height:52px;width:52px;' class=' format_png' \/><\/a><\/dt>\n<dt class='spip_doc_titre' style='width:120px;'><strong>_greve_declaration_prealable_<\/strong><\/dt>\n<\/dl>\n<h3 class=\"spip\" id=\"outil_sommaire_4\"><a title=\"Sommaire\" href=\"http:\/\/86.snuipp.fr\/spip.php?page=backend&#038;id_rubrique=#outil_sommaire\" class=\"sommaire_ancre\"> <\/a>Intention de faire gr\u00e8ve<\/h3>\n<p class=\"spip\">\u00e0 envoyer imp\u00e9rativement avant samedi 26 mars minuit \u00e0 votre IEN depuis votre bo\u00eete mail professionnelle ou par courrier :<\/p>\n<p class=\"spip\"><i class=\"spip\">Monsieur \/Madame l&rsquo;Inspecteur,<\/p>\n<p class=\"spip\">Je vous informe de mon intention de participer au mouvement de gr\u00e8ve du 31 mars \u00e0 partir de 9 heures. Ceci est une d\u00e9claration d&rsquo;intention qui ne pr\u00e9sage en rien de ma participation effective \u00e0 ce mouvement. Conform\u00e9ment \u00e0 la loi, je vous rappelle que cette lettre \u00ab\u00a0est couverte par le secret professionnel et ne peut \u00eatre utilis\u00e9e que pour l&rsquo;organisation du service d&rsquo;accueil\u00a0\u00bb (article L133-5).<\/i><\/p>\n<p class=\"spip\">Le &#8230;..<\/p>\n<p class=\"spip\">Nom :<\/p>\n<p class=\"spip\">Pr\u00e9nom :<\/p>\n<p class=\"spip\">Affectation :<\/p>\n<p class=\"spip\">Adresse des circonscriptions<\/p>\n<p class=\"spip\"><img decoding=\"async\" src=\"https:\/\/snuipp86.fr\/wp-content\/spip\/cache-vignettes\/L8xH11\/puce-68c92.gif\" width='8' height='11' alt=\"-\" style='height:11px;width:8px;' class='' \/> Circonscription Centre Vienne ASH ienp2.ia86@ac-poitiers.fr <br \/><img decoding=\"async\" src=\"https:\/\/snuipp86.fr\/wp-content\/spip\/cache-vignettes\/L8xH11\/puce-68c92.gif\" width='8' height='11' alt=\"-\" style='height:11px;width:8px;' class='' \/> Circonscription de Ch\u00e2tellerault iench.ia86@ac-poitiers.fr <br \/><img decoding=\"async\" src=\"https:\/\/snuipp86.fr\/wp-content\/spip\/cache-vignettes\/L8xH11\/puce-68c92.gif\" width='8' height='11' alt=\"-\" style='height:11px;width:8px;' class='' \/> Circonscription de Lencloitre ienlencloitre@ac-poitiers.fr <br \/><img decoding=\"async\" src=\"https:\/\/snuipp86.fr\/wp-content\/spip\/cache-vignettes\/L8xH11\/puce-68c92.gif\" width='8' height='11' alt=\"-\" style='height:11px;width:8px;' class='' \/> Circonscription de Montmorillon ienmo.ia86@ac-poitiers.fr <br \/><img decoding=\"async\" src=\"https:\/\/snuipp86.fr\/wp-content\/spip\/cache-vignettes\/L8xH11\/puce-68c92.gif\" width='8' height='11' alt=\"-\" style='height:11px;width:8px;' class='' \/> Circonscription de Poitiers Est ienp3.ia86@ac-poitiers.fr <br \/><img decoding=\"async\" src=\"https:\/\/snuipp86.fr\/wp-content\/spip\/cache-vignettes\/L8xH11\/puce-68c92.gif\" width='8' height='11' alt=\"-\" style='height:11px;width:8px;' class='' \/> Circonscription de Poitiers Nord + Mission pr\u00e9-\u00e9l\u00e9mentaire ienpnord@ac-poitiers.fr <br \/><img decoding=\"async\" src=\"https:\/\/snuipp86.fr\/wp-content\/spip\/cache-vignettes\/L8xH11\/puce-68c92.gif\" width='8' height='11' alt=\"-\" style='height:11px;width:8px;' class='' \/> Circonscription de Poitiers Ouest ienp1.ia86@ac-poitiers.fr <br \/><img decoding=\"async\" src=\"https:\/\/snuipp86.fr\/wp-content\/spip\/cache-vignettes\/L8xH11\/puce-68c92.gif\" width='8' height='11' alt=\"-\" style='height:11px;width:8px;' class='' \/> Circonscription de Poitiers Sud-Vienne ienp5.ia86@ac-poitiers.fr<\/p>\n<\/div>\n","protected":false},"excerpt":{"rendered":"<p>Dans la Vienne , cet appel est port\u00e9 par CGT, FO, FSU, Union syndicale Solidaires, UNEF, UNL, FIDL. <br \/>INTENTION DE FAIRE GREVE A ENVOYER AVANT SAMEDI 26 MARS MINUIT !!! <br \/>Le texte examin\u00e9 par le conseil des ministres, s&rsquo;il diff\u00e8re du premier avant projet, reste sur la m\u00eame \u00ab philosophie \u00bb. Il s&rsquo;agit, pour le gouvernement, de r\u00e9former le droit du travail au profit des employeurs, d\u00e9gradant sur plusieurs plans les garanties collectives des salari\u00e9-e-s. <br \/>Ce projet, inacceptable en (&#8230;)<br \/>\n&#8211;<br \/>\n<a href=\"http:\/\/86.snuipp.fr\/spip.php?rubrique312\" rel=\"directory\">Num\u00e9rique<\/a><br \/>\n\/<br \/>\n<a href=\"http:\/\/86.snuipp.fr\/spip.php?mot278\" rel=\"tag\">Gr\u00e8ve<\/a><\/p>\n","protected":false},"author":1,"featured_media":0,"comment_status":"open","ping_status":"open","sticky":false,"template":"","format":"standard","meta":{"footnotes":""},"categories":[14],"tags":[],"class_list":["post-600","post","type-post","status-publish","format-standard","hentry","category-a-la-une"],"yoast_head":"<!-- This site is optimized with the Yoast SEO plugin v26.6 - https:\/\/yoast.com\/wordpress\/plugins\/seo\/ -->\n<title>Tous en gr\u00e8ve Jeudi 31 mars pour le retrait du projet de loi \u00ab Travail \u00bb ! - FSU-SNUipp 86<\/title>\n<meta name=\"robots\" content=\"index, follow, max-snippet:-1, max-image-preview:large, max-video-preview:-1\" \/>\n<link rel=\"canonical\" href=\"https:\/\/snuipp86.fr\/index.php\/2016\/03\/24\/tous-en-grve-jeudi-31-mars-pour-le-retrait-du-projet-de-loi-travail\/\" \/>\n<meta property=\"og:locale\" content=\"fr_FR\" \/>\n<meta property=\"og:type\" content=\"article\" \/>\n<meta property=\"og:title\" content=\"Tous en gr\u00e8ve Jeudi 31 mars pour le retrait du projet de loi \u00ab Travail \u00bb ! - FSU-SNUipp 86\" \/>\n<meta property=\"og:description\" content=\"Dans la Vienne , cet appel est port\u00e9 par CGT, FO, FSU, Union syndicale Solidaires, UNEF, UNL, FIDL. INTENTION DE FAIRE GREVE A ENVOYER AVANT SAMEDI 26 MARS MINUIT !!! Le texte examin\u00e9 par le conseil des ministres, s&#039;il diff\u00e8re du premier avant projet, reste sur la m\u00eame \u00ab philosophie \u00bb. Il s&#039;agit, pour le gouvernement, de r\u00e9former le droit du travail au profit des employeurs, d\u00e9gradant sur plusieurs plans les garanties collectives des salari\u00e9-e-s. Ce projet, inacceptable en (...) - Num\u00e9rique \/ Gr\u00e8ve\" \/>\n<meta property=\"og:url\" content=\"https:\/\/snuipp86.fr\/index.php\/2016\/03\/24\/tous-en-grve-jeudi-31-mars-pour-le-retrait-du-projet-de-loi-travail\/\" \/>\n<meta property=\"og:site_name\" content=\"FSU-SNUipp 86\" \/>\n<meta property=\"article:published_time\" content=\"2016-03-24T11:57:24+00:00\" \/>\n<meta property=\"og:image\" content=\"http:\/\/snuipp86.fr\/wp-content\/spip\/IMG\/arton3037.jpg\" \/>\n<meta name=\"author\" content=\"WP86Admin\" \/>\n<meta name=\"twitter:card\" content=\"summary_large_image\" \/>\n<meta name=\"twitter:label1\" content=\"\u00c9crit par\" \/>\n\t<meta name=\"twitter:data1\" content=\"WP86Admin\" \/>\n\t<meta name=\"twitter:label2\" content=\"Dur\u00e9e de lecture estim\u00e9e\" \/>\n\t<meta name=\"twitter:data2\" content=\"5 minutes\" \/>\n<script type=\"application\/ld+json\" class=\"yoast-schema-graph\">{\"@context\":\"https:\/\/schema.org\",\"@graph\":[{\"@type\":\"WebPage\",\"@id\":\"https:\/\/snuipp86.fr\/index.php\/2016\/03\/24\/tous-en-grve-jeudi-31-mars-pour-le-retrait-du-projet-de-loi-travail\/\",\"url\":\"https:\/\/snuipp86.fr\/index.php\/2016\/03\/24\/tous-en-grve-jeudi-31-mars-pour-le-retrait-du-projet-de-loi-travail\/\",\"name\":\"Tous en gr\u00e8ve Jeudi 31 mars pour le retrait du projet de loi \u00ab Travail \u00bb ! - FSU-SNUipp 86\",\"isPartOf\":{\"@id\":\"https:\/\/snuipp86.fr\/#website\"},\"primaryImageOfPage\":{\"@id\":\"https:\/\/snuipp86.fr\/index.php\/2016\/03\/24\/tous-en-grve-jeudi-31-mars-pour-le-retrait-du-projet-de-loi-travail\/#primaryimage\"},\"image\":{\"@id\":\"https:\/\/snuipp86.fr\/index.php\/2016\/03\/24\/tous-en-grve-jeudi-31-mars-pour-le-retrait-du-projet-de-loi-travail\/#primaryimage\"},\"thumbnailUrl\":\"http:\/\/snuipp86.fr\/wp-content\/spip\/IMG\/arton3037.jpg\",\"datePublished\":\"2016-03-24T11:57:24+00:00\",\"author\":{\"@id\":\"https:\/\/snuipp86.fr\/#\/schema\/person\/901b28b9ae1c7a63a6a940102e52a7a2\"},\"breadcrumb\":{\"@id\":\"https:\/\/snuipp86.fr\/index.php\/2016\/03\/24\/tous-en-grve-jeudi-31-mars-pour-le-retrait-du-projet-de-loi-travail\/#breadcrumb\"},\"inLanguage\":\"fr-FR\",\"potentialAction\":[{\"@type\":\"ReadAction\",\"target\":[\"https:\/\/snuipp86.fr\/index.php\/2016\/03\/24\/tous-en-grve-jeudi-31-mars-pour-le-retrait-du-projet-de-loi-travail\/\"]}]},{\"@type\":\"ImageObject\",\"inLanguage\":\"fr-FR\",\"@id\":\"https:\/\/snuipp86.fr\/index.php\/2016\/03\/24\/tous-en-grve-jeudi-31-mars-pour-le-retrait-du-projet-de-loi-travail\/#primaryimage\",\"url\":\"http:\/\/snuipp86.fr\/wp-content\/spip\/IMG\/arton3037.jpg\",\"contentUrl\":\"http:\/\/snuipp86.fr\/wp-content\/spip\/IMG\/arton3037.jpg\"},{\"@type\":\"BreadcrumbList\",\"@id\":\"https:\/\/snuipp86.fr\/index.php\/2016\/03\/24\/tous-en-grve-jeudi-31-mars-pour-le-retrait-du-projet-de-loi-travail\/#breadcrumb\",\"itemListElement\":[{\"@type\":\"ListItem\",\"position\":1,\"name\":\"Accueil\",\"item\":\"https:\/\/snuipp86.fr\/\"},{\"@type\":\"ListItem\",\"position\":2,\"name\":\"Tous en gr\u00e8ve Jeudi 31 mars pour le retrait du projet de loi \u00ab Travail \u00bb !\"}]},{\"@type\":\"WebSite\",\"@id\":\"https:\/\/snuipp86.fr\/#website\",\"url\":\"https:\/\/snuipp86.fr\/\",\"name\":\"FSU-SNUipp 86\",\"description\":\"Des id\u00e9es qui font l&#039;\u00e9cole\",\"potentialAction\":[{\"@type\":\"SearchAction\",\"target\":{\"@type\":\"EntryPoint\",\"urlTemplate\":\"https:\/\/snuipp86.fr\/?s={search_term_string}\"},\"query-input\":{\"@type\":\"PropertyValueSpecification\",\"valueRequired\":true,\"valueName\":\"search_term_string\"}}],\"inLanguage\":\"fr-FR\"},{\"@type\":\"Person\",\"@id\":\"https:\/\/snuipp86.fr\/#\/schema\/person\/901b28b9ae1c7a63a6a940102e52a7a2\",\"name\":\"WP86Admin\",\"image\":{\"@type\":\"ImageObject\",\"inLanguage\":\"fr-FR\",\"@id\":\"https:\/\/snuipp86.fr\/#\/schema\/person\/image\/\",\"url\":\"https:\/\/secure.gravatar.com\/avatar\/0099845c7ec05dc10d777d8ab4f5142c5ba316283821af2459738ad469a37a1a?s=96&d=mm&r=g\",\"contentUrl\":\"https:\/\/secure.gravatar.com\/avatar\/0099845c7ec05dc10d777d8ab4f5142c5ba316283821af2459738ad469a37a1a?s=96&d=mm&r=g\",\"caption\":\"WP86Admin\"},\"url\":\"https:\/\/snuipp86.fr\/index.php\/author\/wp86admin\/\"}]}<\/script>\n<!-- \/ Yoast SEO plugin. -->","yoast_head_json":{"title":"Tous en gr\u00e8ve Jeudi 31 mars pour le retrait du projet de loi \u00ab Travail \u00bb ! - FSU-SNUipp 86","robots":{"index":"index","follow":"follow","max-snippet":"max-snippet:-1","max-image-preview":"max-image-preview:large","max-video-preview":"max-video-preview:-1"},"canonical":"https:\/\/snuipp86.fr\/index.php\/2016\/03\/24\/tous-en-grve-jeudi-31-mars-pour-le-retrait-du-projet-de-loi-travail\/","og_locale":"fr_FR","og_type":"article","og_title":"Tous en gr\u00e8ve Jeudi 31 mars pour le retrait du projet de loi \u00ab Travail \u00bb ! - FSU-SNUipp 86","og_description":"Dans la Vienne , cet appel est port\u00e9 par CGT, FO, FSU, Union syndicale Solidaires, UNEF, UNL, FIDL. INTENTION DE FAIRE GREVE A ENVOYER AVANT SAMEDI 26 MARS MINUIT !!! Le texte examin\u00e9 par le conseil des ministres, s'il diff\u00e8re du premier avant projet, reste sur la m\u00eame \u00ab philosophie \u00bb. Il s'agit, pour le gouvernement, de r\u00e9former le droit du travail au profit des employeurs, d\u00e9gradant sur plusieurs plans les garanties collectives des salari\u00e9-e-s. Ce projet, inacceptable en (...) - Num\u00e9rique \/ Gr\u00e8ve","og_url":"https:\/\/snuipp86.fr\/index.php\/2016\/03\/24\/tous-en-grve-jeudi-31-mars-pour-le-retrait-du-projet-de-loi-travail\/","og_site_name":"FSU-SNUipp 86","article_published_time":"2016-03-24T11:57:24+00:00","og_image":[{"url":"http:\/\/snuipp86.fr\/wp-content\/spip\/IMG\/arton3037.jpg","type":"","width":"","height":""}],"author":"WP86Admin","twitter_card":"summary_large_image","twitter_misc":{"\u00c9crit par":"WP86Admin","Dur\u00e9e de lecture estim\u00e9e":"5 minutes"},"schema":{"@context":"https:\/\/schema.org","@graph":[{"@type":"WebPage","@id":"https:\/\/snuipp86.fr\/index.php\/2016\/03\/24\/tous-en-grve-jeudi-31-mars-pour-le-retrait-du-projet-de-loi-travail\/","url":"https:\/\/snuipp86.fr\/index.php\/2016\/03\/24\/tous-en-grve-jeudi-31-mars-pour-le-retrait-du-projet-de-loi-travail\/","name":"Tous en gr\u00e8ve Jeudi 31 mars pour le retrait du projet de loi \u00ab Travail \u00bb ! - FSU-SNUipp 86","isPartOf":{"@id":"https:\/\/snuipp86.fr\/#website"},"primaryImageOfPage":{"@id":"https:\/\/snuipp86.fr\/index.php\/2016\/03\/24\/tous-en-grve-jeudi-31-mars-pour-le-retrait-du-projet-de-loi-travail\/#primaryimage"},"image":{"@id":"https:\/\/snuipp86.fr\/index.php\/2016\/03\/24\/tous-en-grve-jeudi-31-mars-pour-le-retrait-du-projet-de-loi-travail\/#primaryimage"},"thumbnailUrl":"http:\/\/snuipp86.fr\/wp-content\/spip\/IMG\/arton3037.jpg","datePublished":"2016-03-24T11:57:24+00:00","author":{"@id":"https:\/\/snuipp86.fr\/#\/schema\/person\/901b28b9ae1c7a63a6a940102e52a7a2"},"breadcrumb":{"@id":"https:\/\/snuipp86.fr\/index.php\/2016\/03\/24\/tous-en-grve-jeudi-31-mars-pour-le-retrait-du-projet-de-loi-travail\/#breadcrumb"},"inLanguage":"fr-FR","potentialAction":[{"@type":"ReadAction","target":["https:\/\/snuipp86.fr\/index.php\/2016\/03\/24\/tous-en-grve-jeudi-31-mars-pour-le-retrait-du-projet-de-loi-travail\/"]}]},{"@type":"ImageObject","inLanguage":"fr-FR","@id":"https:\/\/snuipp86.fr\/index.php\/2016\/03\/24\/tous-en-grve-jeudi-31-mars-pour-le-retrait-du-projet-de-loi-travail\/#primaryimage","url":"http:\/\/snuipp86.fr\/wp-content\/spip\/IMG\/arton3037.jpg","contentUrl":"http:\/\/snuipp86.fr\/wp-content\/spip\/IMG\/arton3037.jpg"},{"@type":"BreadcrumbList","@id":"https:\/\/snuipp86.fr\/index.php\/2016\/03\/24\/tous-en-grve-jeudi-31-mars-pour-le-retrait-du-projet-de-loi-travail\/#breadcrumb","itemListElement":[{"@type":"ListItem","position":1,"name":"Accueil","item":"https:\/\/snuipp86.fr\/"},{"@type":"ListItem","position":2,"name":"Tous en gr\u00e8ve Jeudi 31 mars pour le retrait du projet de loi \u00ab Travail \u00bb !"}]},{"@type":"WebSite","@id":"https:\/\/snuipp86.fr\/#website","url":"https:\/\/snuipp86.fr\/","name":"FSU-SNUipp 86","description":"Des id\u00e9es qui font l&#039;\u00e9cole","potentialAction":[{"@type":"SearchAction","target":{"@type":"EntryPoint","urlTemplate":"https:\/\/snuipp86.fr\/?s={search_term_string}"},"query-input":{"@type":"PropertyValueSpecification","valueRequired":true,"valueName":"search_term_string"}}],"inLanguage":"fr-FR"},{"@type":"Person","@id":"https:\/\/snuipp86.fr\/#\/schema\/person\/901b28b9ae1c7a63a6a940102e52a7a2","name":"WP86Admin","image":{"@type":"ImageObject","inLanguage":"fr-FR","@id":"https:\/\/snuipp86.fr\/#\/schema\/person\/image\/","url":"https:\/\/secure.gravatar.com\/avatar\/0099845c7ec05dc10d777d8ab4f5142c5ba316283821af2459738ad469a37a1a?s=96&d=mm&r=g","contentUrl":"https:\/\/secure.gravatar.com\/avatar\/0099845c7ec05dc10d777d8ab4f5142c5ba316283821af2459738ad469a37a1a?s=96&d=mm&r=g","caption":"WP86Admin"},"url":"https:\/\/snuipp86.fr\/index.php\/author\/wp86admin\/"}]}},"_links":{"self":[{"href":"https:\/\/snuipp86.fr\/index.php\/wp-json\/wp\/v2\/posts\/600","targetHints":{"allow":["GET"]}}],"collection":[{"href":"https:\/\/snuipp86.fr\/index.php\/wp-json\/wp\/v2\/posts"}],"about":[{"href":"https:\/\/snuipp86.fr\/index.php\/wp-json\/wp\/v2\/types\/post"}],"author":[{"embeddable":true,"href":"https:\/\/snuipp86.fr\/index.php\/wp-json\/wp\/v2\/users\/1"}],"replies":[{"embeddable":true,"href":"https:\/\/snuipp86.fr\/index.php\/wp-json\/wp\/v2\/comments?post=600"}],"version-history":[{"count":0,"href":"https:\/\/snuipp86.fr\/index.php\/wp-json\/wp\/v2\/posts\/600\/revisions"}],"wp:attachment":[{"href":"https:\/\/snuipp86.fr\/index.php\/wp-json\/wp\/v2\/media?parent=600"}],"wp:term":[{"taxonomy":"category","embeddable":true,"href":"https:\/\/snuipp86.fr\/index.php\/wp-json\/wp\/v2\/categories?post=600"},{"taxonomy":"post_tag","embeddable":true,"href":"https:\/\/snuipp86.fr\/index.php\/wp-json\/wp\/v2\/tags?post=600"}],"curies":[{"name":"wp","href":"https:\/\/api.w.org\/{rel}","templated":true}]}}