{"id":605,"date":"2016-03-18T15:03:00","date_gmt":"2016-03-18T15:03:00","guid":{"rendered":"http:\/\/localhost\/wordpress\/2016\/03\/18\/capd-du-18-mars-mouvement-capa-sh-postes-adapts-formation\/"},"modified":"2016-03-18T15:03:00","modified_gmt":"2016-03-18T15:03:00","slug":"capd-du-18-mars-mouvement-capa-sh-postes-adapts-formation","status":"publish","type":"post","link":"https:\/\/snuipp86.fr\/index.php\/2016\/03\/18\/capd-du-18-mars-mouvement-capa-sh-postes-adapts-formation\/","title":{"rendered":"CAPD du 18 mars : mouvement, CAPA-SH, postes adapt\u00e9s, formation &#8230;"},"content":{"rendered":"<p><img decoding=\"async\" src=\"https:\/\/snuipp86.fr\/wp-content\/spip\/IMG\/arton3032.jpg\" alt=\"\" align=\"right\" width=\"150\" height=\"116\" class=\"spip_logos\" \/><\/p>\n<div class='rss_texte'>\n<h3 class=\"spip\" id=\"outil_sommaire_0\"><a title=\"Sommaire\" href=\"http:\/\/86.snuipp.fr\/spip.php?page=backend&#038;id_rubrique=#outil_sommaire\" class=\"sommaire_ancre\"> <\/a>CAPD du 18 mars 2016<\/h3>\n<p class=\"spip\"><img decoding=\"async\" src=\"https:\/\/snuipp86.fr\/wp-content\/spip\/cache-vignettes\/L8xH11\/puce-68c92.gif\" width='8' height='11' alt=\"-\" style='height:11px;width:8px;' class='' \/> Liste d&rsquo;aptitude PE, <br \/><img decoding=\"async\" src=\"https:\/\/snuipp86.fr\/wp-content\/spip\/cache-vignettes\/L8xH11\/puce-68c92.gif\" width='8' height='11' alt=\"-\" style='height:11px;width:8px;' class='' \/> D\u00e9tachement, <br \/><img decoding=\"async\" src=\"https:\/\/snuipp86.fr\/wp-content\/spip\/cache-vignettes\/L8xH11\/puce-68c92.gif\" width='8' height='11' alt=\"-\" style='height:11px;width:8px;' class='' \/> Demandes de mise en disponibilit\u00e9 ou de r\u00e9int\u00e9gration, <br \/><img decoding=\"async\" src=\"https:\/\/snuipp86.fr\/wp-content\/spip\/cache-vignettes\/L8xH11\/puce-68c92.gif\" width='8' height='11' alt=\"-\" style='height:11px;width:8px;' class='' \/> \u00c9change intra-acad\u00e9mique des PES, <br \/><img decoding=\"async\" src=\"https:\/\/snuipp86.fr\/wp-content\/spip\/cache-vignettes\/L8xH11\/puce-68c92.gif\" width='8' height='11' alt=\"-\" style='height:11px;width:8px;' class='' \/> Circulaire mouvement<br \/>\n<br \/><img decoding=\"async\" src=\"https:\/\/snuipp86.fr\/wp-content\/spip\/cache-vignettes\/L8xH11\/puce-68c92.gif\" width='8' height='11' alt=\"-\" style='height:11px;width:8px;' class='' \/> Renonce de poste, <br \/><img decoding=\"async\" src=\"https:\/\/snuipp86.fr\/wp-content\/spip\/cache-vignettes\/L8xH11\/puce-68c92.gif\" width='8' height='11' alt=\"-\" style='height:11px;width:8px;' class='' \/> stage CAPA SH<br \/>\n<br \/><img decoding=\"async\" src=\"https:\/\/snuipp86.fr\/wp-content\/spip\/cache-vignettes\/L8xH11\/puce-68c92.gif\" width='8' height='11' alt=\"-\" style='height:11px;width:8px;' class='' \/> Cong\u00e9 de formation professionnelle, <br \/><img decoding=\"async\" src=\"https:\/\/snuipp86.fr\/wp-content\/spip\/cache-vignettes\/L8xH11\/puce-68c92.gif\" width='8' height='11' alt=\"-\" style='height:11px;width:8px;' class='' \/> Dispositif d&rsquo;accompagnement des personnels <br \/><img decoding=\"async\" src=\"https:\/\/snuipp86.fr\/wp-content\/spip\/cache-vignettes\/L8xH11\/puce-68c92.gif\" width='8' height='11' alt=\"-\" style='height:11px;width:8px;' class='' \/> Questions diverses du SNUipp-FSU 86 : recouvrement des trop-per\u00e7us, indemnit\u00e9 408, indemnit\u00e9s \u00e9ducation prioritaire, autorisation d&rsquo;absence, postes bloqu\u00e9s au mouvement<\/p>\n<h3 class=\"spip\" id=\"outil_sommaire_1\"><a title=\"Sommaire\" href=\"http:\/\/86.snuipp.fr\/spip.php?page=backend&#038;id_rubrique=#outil_sommaire\" class=\"sommaire_ancre\"> <\/a>LISTE D&rsquo;APTITUDE PE :<\/h3>\n<p class=\"spip\">Le minist\u00e8re n&rsquo;ayant encore pas communiqu\u00e9 le nombre d&rsquo;int\u00e9gration instituteurs-PE dans notre d\u00e9partement, nous ne sommes pas en mesure de communiquer la liste des coll\u00e8gues concern\u00e9s.<\/p>\n<p class=\"spip\"><i class=\"spip\">Rappel du bar\u00e8me : AGS + Note p\u00e9dagogique x 2 + Dipl\u00f4mes universitaires ( 5 points ) + Dipl\u00f4mes professionnels ( 5 points ) + ZEP (3 points) + Directeur ( 1 point)<\/i><\/p>\n<p class=\"spip\"><strong class=\"spip\">Le SNUipp-FSU 86 a demand\u00e9 que l&rsquo;IA demande au minist\u00e8re une augmentation du contingent d&rsquo;int\u00e9grations afin de r\u00e9pondre \u00e0 l&rsquo;ensemble des demandes si le contingent \u00e9tait insuffisant.<\/strong> Pour Rappel : l&rsquo;int\u00e9gration des instituteurs dans le corps des PE devait se terminer en 2007&#8230;. Et il en reste encore une quinzaine dans notre d\u00e9partement !<\/p>\n<h3 class=\"spip\" id=\"outil_sommaire_2\"><a title=\"Sommaire\" href=\"http:\/\/86.snuipp.fr\/spip.php?page=backend&#038;id_rubrique=#outil_sommaire\" class=\"sommaire_ancre\"> <\/a>ENSEIGNANTS EN DEMANDE DE D\u00c9TACHEMENT<\/h3>\n<p class=\"spip\">45 enseignants sont en d\u00e9tachement, 19 sont en renouvellement, 35 sont en attente de confirmation et 1 en r\u00e9int\u00e9gration.<\/p>\n<h3 class=\"spip\" id=\"outil_sommaire_3\"><a title=\"Sommaire\" href=\"http:\/\/86.snuipp.fr\/spip.php?page=backend&#038;id_rubrique=#outil_sommaire\" class=\"sommaire_ancre\"> <\/a>DEMANDE DE MISE EN DISPONIBILIT\u00c9 OU DE R\u00c9INT\u00c9GRATION<\/h3>\n<p class=\"spip\">Toutes ont \u00e9t\u00e9 accept\u00e9es.<\/p>\n<h3 class=\"spip\" id=\"outil_sommaire_4\"><a title=\"Sommaire\" href=\"http:\/\/86.snuipp.fr\/spip.php?page=backend&#038;id_rubrique=#outil_sommaire\" class=\"sommaire_ancre\"> <\/a>CHANGEMENT DE DEPARTEMENT DES ENSEIGNANTS STAGIAIRES (PES)<\/h3>\n<p class=\"spip\">Les d\u00e9cisions du groupe de travail acad\u00e9mique du 15 mars 2016 ont \u00e9t\u00e9 valid\u00e9es. <a href=\"http:\/\/86.snuipp.fr\/spip.php?article3006&#038;var_recherche=pes\" class=\"spip_out\">Compte rendu sur ce lien<\/a><\/p>\n<p class=\"spip\">La\u00ebtitia LE THOER (de Charente en Vienne) et Marjorie SOULET (de Vienne en Charente)<\/p>\n<p class=\"spip\"><i class=\"spip\"><br \/>\nRappel des priorit\u00e9s : Dossier MDPH ; rapprochement de conjoint class\u00e9 par nombre d&rsquo;enfants ; convenances personnelles,<\/i><\/p>\n<h3 class=\"spip\" id=\"outil_sommaire_5\"><a title=\"Sommaire\" href=\"http:\/\/86.snuipp.fr\/spip.php?page=backend&#038;id_rubrique=#outil_sommaire\" class=\"sommaire_ancre\"> <\/a>CIRCULAIRE MOUVEMENT 2016<\/h3>\n<p class=\"spip\">La circulaire du mouvement 2016 est valid\u00e9e. Il est pr\u00e9vue qu&rsquo;elle soit diffus\u00e9e dans les jours qui viennent.<\/p>\n<p class=\"spip\"><strong class=\"spip\"><br \/>\nLe SNUipp-FSU vous accompagne<\/strong><\/p>\n<p class=\"spip\"><img decoding=\"async\" src=\"https:\/\/snuipp86.fr\/wp-content\/spip\/cache-vignettes\/L8xH11\/puce-68c92.gif\" width='8' height='11' alt=\"-\" style='height:11px;width:8px;' class='' \/> Vous recevrez la semaine prochaine un bulletin avec toutes les r\u00e8gles explicatives du mouvement et l&rsquo;indispensable fiche de contr\u00f4le syndical.<\/p>\n<p class=\"spip\"><img decoding=\"async\" src=\"https:\/\/snuipp86.fr\/wp-content\/spip\/cache-vignettes\/L8xH11\/puce-68c92.gif\" width='8' height='11' alt=\"-\" style='height:11px;width:8px;' class='' \/> Op\u00e9ration transparence : D&rsquo;ores et d\u00e9j\u00e0, si vous souhaitez participer au mouvement et que vous \u00eates titulaire de votre poste, indiquez le sur notre site <a href=\"http:\/\/86mouvement.snuipp.fr\/\" class=\"spip_out\">-http:\/\/86mouvement.snuipp.fr\/<\/a><\/p>\n<p class=\"spip\"><img decoding=\"async\" src=\"https:\/\/snuipp86.fr\/wp-content\/spip\/cache-vignettes\/L8xH11\/puce-68c92.gif\" width='8' height='11' alt=\"-\" style='height:11px;width:8px;' class='' \/> Permanences :<\/p>\n<ul class=\"spip\">\n<li class=\"spip\"> Lundi 4 avril : Poitiers<\/li>\n<\/ul>\n<ul class=\"spip\">\n<li class=\"spip\"> Mardi 5 avril : Ch\u00e2tellerault , Lencloitre, Poitiers<\/li>\n<\/ul>\n<ul class=\"spip\">\n<li class=\"spip\"> Mercredi 6 avril : Montmorillon, Poitiers<\/li>\n<\/ul>\n<ul class=\"spip\">\n<li class=\"spip\"> Jeudi 7 avril : Chauvigny, Poitiers<\/li>\n<\/ul>\n<ul class=\"spip\">\n<li class=\"spip\"> Vendredi 8 avril : Poitiers<\/li>\n<\/ul>\n<ul class=\"spip\">\n<li class=\"spip\"> Du lundi 11 au mercredi 13 avril : Poitiers<\/li>\n<\/ul>\n<h3 class=\"spip\" id=\"outil_sommaire_6\"><a title=\"Sommaire\" href=\"http:\/\/86.snuipp.fr\/spip.php?page=backend&#038;id_rubrique=#outil_sommaire\" class=\"sommaire_ancre\"> <\/a>ENSEIGNANTS SOUHAITANT RENONCER A LEUR POSTE<\/h3>\n<p class=\"spip\">21 enseignants ont demand\u00e9 \u00e0 renoncer \u00e0 leur poste \u00e0 la rentr\u00e9e 2016.<\/p>\n<p class=\"spip\"><strong class=\"spip\">Le SNUipp-FSU 86 a demand\u00e9 \u00e0 ce que toutes les demandes soient accept\u00e9es.<\/strong><br \/>\nToutes les demandes ont \u00e9t\u00e9 accept\u00e9es par l&rsquo;Inspecteur d&rsquo;Acad\u00e9mie.<\/p>\n<p class=\"spip\"><strong class=\"spip\">Le SNUipp-FSU 86 a relev\u00e9 la situation d&rsquo;\u00e9coles, au regard de la difficult\u00e9 d&rsquo;exercice, concentrent un nombre important de renonces de poste.<\/strong><\/p>\n<h3 class=\"spip\" id=\"outil_sommaire_7\"><a title=\"Sommaire\" href=\"http:\/\/86.snuipp.fr\/spip.php?page=backend&#038;id_rubrique=#outil_sommaire\" class=\"sommaire_ancre\"> <\/a>CHOIX DES STAGIAIRES CAPA-SH EN 2016\/2017<\/h3>\n<p class=\"spip\">8 d\u00e9parts<\/p>\n<p class=\"spip\"><img decoding=\"async\" src=\"https:\/\/snuipp86.fr\/wp-content\/spip\/cache-vignettes\/L8xH11\/puce-68c92.gif\" width='8' height='11' alt=\"-\" style='height:11px;width:8px;' class='' \/> option C : Pauline EON (1 seule candidature)<br \/>\n<br \/><img decoding=\"async\" src=\"https:\/\/snuipp86.fr\/wp-content\/spip\/cache-vignettes\/L8xH11\/puce-68c92.gif\" width='8' height='11' alt=\"-\" style='height:11px;width:8px;' class='' \/> option D : Antoine VIDAL, Delphine COTTINEAU, No\u00e9mie MARINE, Am\u00e9lie BRION et Assia OUAZ (sur 9 candidatures)<br \/>\n<br \/><img decoding=\"async\" src=\"https:\/\/snuipp86.fr\/wp-content\/spip\/cache-vignettes\/L8xH11\/puce-68c92.gif\" width='8' height='11' alt=\"-\" style='height:11px;width:8px;' class='' \/> option E : Florence GADAIS-GOUY (sur 3 candidatures)<br \/>\n<br \/><img decoding=\"async\" src=\"https:\/\/snuipp86.fr\/wp-content\/spip\/cache-vignettes\/L8xH11\/puce-68c92.gif\" width='8' height='11' alt=\"-\" style='height:11px;width:8px;' class='' \/> option F : Sandra BRUNET (1 seule candidature)<br \/>\n<br \/><img decoding=\"async\" src=\"https:\/\/snuipp86.fr\/wp-content\/spip\/cache-vignettes\/L8xH11\/puce-68c92.gif\" width='8' height='11' alt=\"-\" style='height:11px;width:8px;' class='' \/> option G : Aucun d\u00e9part (sur 3 candidatures)<\/p>\n<p class=\"spip\">10 coll\u00e8gues pr\u00e9parent actuellement le CAPA-SH en candidats libres.<\/p>\n<p class=\"spip\"><strong class=\"spip\">Le SNUipp-FSU a d\u00e9nonc\u00e9 l&rsquo;insuffisance de d\u00e9parts en CAPA-SH pour notre d\u00e9partement.<\/strong> Sur les 44 d\u00e9parts pr\u00e9vus dans l&rsquo;acad\u00e9mie (DEPS inclus), la Vienne n&rsquo;en dispose que de 9 (dont 1 d\u00e9part DEPS).<strong class=\"spip\"> Nous avons insist\u00e9 notamment sur le CAPA-SH option G o\u00f9 aucun d\u00e9part n&rsquo;est propos\u00e9 alors que 2 coll\u00e8gues partent \u00e0 la retraite l&rsquo;ann\u00e9e prochaine.<\/strong><\/p>\n<h3 class=\"spip\" id=\"outil_sommaire_8\"><a title=\"Sommaire\" href=\"http:\/\/86.snuipp.fr\/spip.php?page=backend&#038;id_rubrique=#outil_sommaire\" class=\"sommaire_ancre\"> <\/a>DEMANDE DE CONG\u00c9S DE FORMATION PROFESSIONNELLE 2016-2017<\/h3>\n<p class=\"spip\">25 mois et 26 jours de cong\u00e9 formation ont \u00e9t\u00e9 demand\u00e9s cette ann\u00e9e par 5 coll\u00e8gues (72 mois et 03 jours demand\u00e9s l&rsquo;an pass\u00e9) . L&rsquo;administration dispose pourtant de 38 mois et 12 jours.<strong class=\"spip\"> Le SNUIpp-FSU a demand\u00e9 lors du groupe de travail de mardi 15 mars qu&rsquo;une relance soit effectu\u00e9e pour que tous les mois soient utilis\u00e9s<\/strong>. L&rsquo;administration a r\u00e9pondu favorablement et vous pouvez retrouver cette relance<a href=\"https:\/\/www.intra.ac-poitiers.fr\/mes-rubriques\/maj-conge-de-formation-professionnelle-2016-2017-197644.kjsp?RH=1180009251924\" class=\"spip_out\"> sur ce lien.<\/a> Demande \u00e0 envoyer avant le vendredi 1er avril.<\/p>\n<p class=\"spip\">Les b\u00e9n\u00e9ficiaires : Solange BRION \u2013 36 jours \/ Ga\u00ebtan BRUZAC &#8211; 6 mois 18 jours \/ C\u00e9line DOSSO &#8211; 5 mois 29 jours\/ Sophie DRYJA-BOUET &#8211; 9 mois 17 jours \/ Patrice POUDEN \u2013 2 mois 16 jours<\/p>\n<p class=\"spip\">Crit\u00e8res pris en compte :<br \/>\n<br \/><img decoding=\"async\" src=\"https:\/\/snuipp86.fr\/wp-content\/spip\/cache-vignettes\/L8xH11\/puce-68c92.gif\" width='8' height='11' alt=\"-\" style='height:11px;width:8px;' class='' \/> Crit\u00e8re prioritaire (Poursuite d&rsquo;un cong\u00e9 de formation d\u00e9j\u00e0 engag\u00e9 sur un m\u00eame dipl\u00f4me)<br \/>\n<br \/><img decoding=\"async\" src=\"https:\/\/snuipp86.fr\/wp-content\/spip\/cache-vignettes\/L8xH11\/puce-68c92.gif\" width='8' height='11' alt=\"-\" style='height:11px;width:8px;' class='' \/> Crit\u00e8res non hi\u00e9rarchis\u00e9s (poursuite d&rsquo;une formation engag\u00e9e -hors cong\u00e9 de formation &#8211; ; pr\u00e9paration de concours, de dipl\u00f4mes ou de qualifications ; dipl\u00f4me de langue ; int\u00e9r\u00eat du service)<\/p>\n<h3 class=\"spip\" id=\"outil_sommaire_9\"><a title=\"Sommaire\" href=\"http:\/\/86.snuipp.fr\/spip.php?page=backend&#038;id_rubrique=#outil_sommaire\" class=\"sommaire_ancre\"> <\/a>DISPOSITIF D&rsquo;ACCOMPAGNEMENT<\/h3>\n<p class=\"spip\">Le dispositif d&rsquo;accompagnement concerne uniquement les coll\u00e8gues dont l&rsquo;\u00e9tat de sant\u00e9 alt\u00e8re l&rsquo;exercice du m\u00e9tier.<\/p>\n<p class=\"spip\">Sur 50 demandes :<br \/>\n<br \/><img decoding=\"async\" src=\"https:\/\/snuipp86.fr\/wp-content\/spip\/cache-vignettes\/L8xH11\/puce-68c92.gif\" width='8' height='11' alt=\"-\" style='height:11px;width:8px;' class='' \/> 20 coll\u00e8gues en all\u00e8gement de service (1\/2j, 1 j ou 3 \u00bd journ\u00e9es par semaine),<br \/>\n<br \/><img decoding=\"async\" src=\"https:\/\/snuipp86.fr\/wp-content\/spip\/cache-vignettes\/L8xH11\/puce-68c92.gif\" width='8' height='11' alt=\"-\" style='height:11px;width:8px;' class='' \/> 11 coll\u00e8gues ont obtenu un PALD ou un PACD<br \/>\n<br \/><img decoding=\"async\" src=\"https:\/\/snuipp86.fr\/wp-content\/spip\/cache-vignettes\/L8xH11\/puce-68c92.gif\" width='8' height='11' alt=\"-\" style='height:11px;width:8px;' class='' \/> 15 coll\u00e8gues n&rsquo;ont pas obtenu ce qu&rsquo;ils demandaient<br \/>\n<br \/><img decoding=\"async\" src=\"https:\/\/snuipp86.fr\/wp-content\/spip\/cache-vignettes\/L8xH11\/puce-68c92.gif\" width='8' height='11' alt=\"-\" style='height:11px;width:8px;' class='' \/> 4 sont en attente d&rsquo;avis m\u00e9dical.<\/p>\n<p class=\"spip\"><strong class=\"spip\"><br \/>\nLe SNUipp\/FSU a vivement alert\u00e9 l&rsquo;inspecteur d&rsquo;acad\u00e9mie sur la non-ad\u00e9quation entre les pr\u00e9conisations du m\u00e9decin de pr\u00e9vention et les demandes des coll\u00e8gues alors que leur situation m\u00e9dicale n&rsquo;a pas \u00e9volu\u00e9 positivement.<\/strong> Il a \u00e9t\u00e9 pr\u00e9conis\u00e9 \u00e0 certains coll\u00e8gues de se mettre \u00e0 temps partiel alors que leur situation justifierait un all\u00e9gement de service. Il n&rsquo;est ni juste et contraire aux demandes du recteur qu&rsquo;un coll\u00e8gue sorte d&rsquo;un dispositif d&rsquo;am\u00e9nagement du travail sans avoir vu un m\u00e9decin du rectorat.<\/p>\n<p class=\"spip\"><strong class=\"spip\">Le SNUIPP fait part de son exasp\u00e9ration face \u00e0 une administration qui n&rsquo;\u00e9volue pas, d&rsquo;ann\u00e9e en ann\u00e9e, dans sa mani\u00e8re de traiter ces situations difficiles.<\/strong><\/p>\n<h3 class=\"spip\" id=\"outil_sommaire_10\"><a title=\"Sommaire\" href=\"http:\/\/86.snuipp.fr\/spip.php?page=backend&#038;id_rubrique=#outil_sommaire\" class=\"sommaire_ancre\"> <\/a>Questions diverses<\/h3>\n<p class=\"spip\"><img decoding=\"async\" src=\"https:\/\/snuipp86.fr\/wp-content\/spip\/cache-vignettes\/L8xH11\/puce-68c92.gif\" width='8' height='11' alt=\"-\" style='height:11px;width:8px;' class='' \/> <strong class=\"spip\">Modalit\u00e9s de recouvrement des trop per\u00e7us :<\/strong><\/p>\n<p class=\"spip\">L<strong class=\"spip\">e SNUIPP demande \u00e0 ce que les coll\u00e8gues concern\u00e9s soient pr\u00e9venus en amont et qu&rsquo;il soit possible d&rsquo;\u00e9taler les remboursements.<\/strong> L&rsquo;administration s&rsquo;engage \u00e0 les avertir pr\u00e9alablement mais elle pr\u00e9cise que l&rsquo;\u00e9talement doit \u00eatre demand\u00e9 par les int\u00e9ress\u00e9s aupr\u00e8s du service de gestion des salaires \u00e0 Limoges.<\/p>\n<p class=\"spip\"><img decoding=\"async\" src=\"https:\/\/snuipp86.fr\/wp-content\/spip\/cache-vignettes\/L8xH11\/puce-68c92.gif\" width='8' height='11' alt=\"-\" style='height:11px;width:8px;' class='' \/> <strong class=\"spip\">Indemnit\u00e9 408 et brigade (dans la cadre de l&rsquo;ASH)<\/strong> :<\/p>\n<p class=\"spip\">Toujours pas de r\u00e9ponse du minist\u00e8re. <strong class=\"spip\">Suite aux demandes r\u00e9p\u00e9t\u00e9es du SNUIPP, le secr\u00e9taire g\u00e9n\u00e9ral indique que l&rsquo;indemnit\u00e9 sera vers\u00e9e aux brigadiers poss\u00e9dant le CAPA-SH tout au long de l&rsquo;ann\u00e9e.<\/strong> Seuls les jours hors ASH seront d\u00e9compt\u00e9s.<\/p>\n<p class=\"spip\"><img decoding=\"async\" src=\"https:\/\/snuipp86.fr\/wp-content\/spip\/cache-vignettes\/L8xH11\/puce-68c92.gif\" width='8' height='11' alt=\"-\" style='height:11px;width:8px;' class='' \/> <strong class=\"spip\">Indemnit\u00e9s REP, REP+ et ECLAIR<\/strong> :<\/p>\n<p class=\"spip\"><strong class=\"spip\">Le SNUIPP-FSU a demand\u00e9 que toutes ces indemnit\u00e9s en retard soit enfin r\u00e9gl\u00e9es<\/strong>. L&rsquo;administration indique que, pour les Rased exer\u00e7ant en REP et REP+, toutes les situations seraient r\u00e9gl\u00e9es sur la paye de mars. Pour la part variable du dispositif ECLAIR 2014\/15, l&rsquo;administration indique que l&rsquo;indemnit\u00e9 va \u00eatre vers\u00e9e au prorata du temps de service.<\/p>\n<p class=\"spip\"><img decoding=\"async\" src=\"https:\/\/snuipp86.fr\/wp-content\/spip\/cache-vignettes\/L8xH11\/puce-68c92.gif\" width='8' height='11' alt=\"-\" style='height:11px;width:8px;' class='' \/> <strong class=\"spip\"> Traitement des autorisations d&rsquo;absence<\/strong> :<\/p>\n<p class=\"spip\"><strong class=\"spip\">Le SNUipp-FSU a d\u00e9nonc\u00e9 le caract\u00e8re inhumain de l&rsquo;administration concernant certaines autorisations d&rsquo;absence refus\u00e9es : enterrement, rendez-vous m\u00e9dicaux &#8230;<\/strong> L&rsquo;IA indique qu&rsquo;il a demand\u00e9 aux IEN de respecter les textes (ascendants et descendants).<strong class=\"spip\"> Le SNUipp-FSU a rappel\u00e9 que tous les jours les enseignants palliaient le manque de remplacement et que cela avait l&rsquo;air de moins pr\u00e9occuper l&rsquo;administration. Le SNUipp-FSU a demand\u00e9 et obtenu que les arrangements dans les \u00e9coles soient possibles pour les absences exceptionnelles et qu&rsquo;il fallait montrer de la confiance vers les enseignants.<\/strong><\/p>\n<p class=\"spip\"><img decoding=\"async\" src=\"https:\/\/snuipp86.fr\/wp-content\/spip\/cache-vignettes\/L8xH11\/puce-68c92.gif\" width='8' height='11' alt=\"-\" style='height:11px;width:8px;' class='' \/> <strong class=\"spip\">Mouvement : postes bloqu\u00e9s<\/strong> \u2013<\/p>\n<p class=\"spip\">La liste des postes r\u00e9serv\u00e9s pour les PES sera fournie apr\u00e8s le CTSD du 22 mars. Il devrait y avoir 45 PES issus du CRPE 2016.<strong class=\"spip\"> Le SNUIpp-FSU a rappel\u00e9 qu&rsquo;en cas de fermeture de classe dans une \u00e9cole poss\u00e9dant un poste \u00ab PES \u00bb, c&rsquo;est celui-ci qui doit \u00eatre ferm\u00e9.<\/strong> L&rsquo;IA a donn\u00e9 son accord.<\/p>\n<p class=\"spip\"><strong class=\"spip\"> <strong class=\"spip\">Le SNUIPP a remis en cause les conditions de formation \u00e0 mi-temps hebdomadaires des stagiaires.<\/strong> <\/strong> Il a fait des propositions permettant de lier formation des PES et formation continue pr\u00e9sentielle des enseignants avec des stages mass\u00e9s. Une demande au niveau acad\u00e9mique a d\u00e9j\u00e0 \u00e9t\u00e9 effectu\u00e9e dans ce sens. L&rsquo;administration rappelle que l&rsquo;organisation de la formation d\u00e9pend aussi de l&rsquo;ESPE.<\/p>\n<\/div>\n","protected":false},"excerpt":{"rendered":"<p>CAPD du 18 mars 2016 <br \/>Liste d&rsquo;aptitude PE, <br \/>D\u00e9tachement, <br \/>Demandes de mise en disponibilit\u00e9 ou de r\u00e9int\u00e9gration, <br \/>\u00c9change intra-acad\u00e9mique des PES, <br \/>Circulaire mouvement <br \/>Renonce de poste, <br \/>stage CAPA SH <br \/>Cong\u00e9 de formation professionnelle, <br \/>Dispositif d&rsquo;accompagnement des personnels <br \/>Questions diverses du SNUipp-FSU 86 : recouvrement des trop-per\u00e7us, indemnit\u00e9 408, indemnit\u00e9s \u00e9ducation prioritaire, autorisation d&rsquo;absence, postes bloqu\u00e9s au mouvement <br \/>LISTE D&rsquo;APTITUDE PE : (&#8230;)<br \/>\n&#8211;<br \/>\n<a href=\"http:\/\/86.snuipp.fr\/spip.php?rubrique79\" rel=\"directory\">CAPD : Compte-Rendu et D\u00e9clarations du SNUipp<\/a><br \/>\n\/<br \/>\n<a href=\"http:\/\/86.snuipp.fr\/spip.php?mot296\" rel=\"tag\">CAPD<\/a><\/p>\n","protected":false},"author":1,"featured_media":0,"comment_status":"open","ping_status":"open","sticky":false,"template":"","format":"standard","meta":{"footnotes":""},"categories":[14],"tags":[],"class_list":["post-605","post","type-post","status-publish","format-standard","hentry","category-a-la-une"],"yoast_head":"<!-- This site is optimized with the Yoast SEO plugin v26.6 - https:\/\/yoast.com\/wordpress\/plugins\/seo\/ -->\n<title>CAPD du 18 mars : mouvement, CAPA-SH, postes adapt\u00e9s, formation ... - FSU-SNUipp 86<\/title>\n<meta name=\"robots\" content=\"index, follow, max-snippet:-1, max-image-preview:large, max-video-preview:-1\" \/>\n<link rel=\"canonical\" href=\"https:\/\/snuipp86.fr\/index.php\/2016\/03\/18\/capd-du-18-mars-mouvement-capa-sh-postes-adapts-formation\/\" \/>\n<meta property=\"og:locale\" content=\"fr_FR\" \/>\n<meta property=\"og:type\" content=\"article\" \/>\n<meta property=\"og:title\" content=\"CAPD du 18 mars : mouvement, CAPA-SH, postes adapt\u00e9s, formation ... - FSU-SNUipp 86\" \/>\n<meta property=\"og:description\" content=\"CAPD du 18 mars 2016 Liste d&#039;aptitude PE, D\u00e9tachement, Demandes de mise en disponibilit\u00e9 ou de r\u00e9int\u00e9gration, \u00c9change intra-acad\u00e9mique des PES, Circulaire mouvement Renonce de poste, stage CAPA SH Cong\u00e9 de formation professionnelle, Dispositif d&#039;accompagnement des personnels Questions diverses du SNUipp-FSU 86 : recouvrement des trop-per\u00e7us, indemnit\u00e9 408, indemnit\u00e9s \u00e9ducation prioritaire, autorisation d&#039;absence, postes bloqu\u00e9s au mouvement LISTE D&#039;APTITUDE PE : (...) - CAPD : Compte-Rendu et D\u00e9clarations du SNUipp \/ CAPD\" \/>\n<meta property=\"og:url\" content=\"https:\/\/snuipp86.fr\/index.php\/2016\/03\/18\/capd-du-18-mars-mouvement-capa-sh-postes-adapts-formation\/\" \/>\n<meta property=\"og:site_name\" content=\"FSU-SNUipp 86\" \/>\n<meta property=\"article:published_time\" content=\"2016-03-18T15:03:00+00:00\" \/>\n<meta property=\"og:image\" content=\"http:\/\/snuipp86.fr\/wp-content\/spip\/IMG\/arton3032.jpg\" \/>\n<meta name=\"author\" content=\"WP86Admin\" \/>\n<meta name=\"twitter:card\" content=\"summary_large_image\" \/>\n<meta name=\"twitter:label1\" content=\"\u00c9crit par\" \/>\n\t<meta name=\"twitter:data1\" content=\"WP86Admin\" \/>\n\t<meta name=\"twitter:label2\" content=\"Dur\u00e9e de lecture estim\u00e9e\" \/>\n\t<meta name=\"twitter:data2\" content=\"7 minutes\" \/>\n<script type=\"application\/ld+json\" class=\"yoast-schema-graph\">{\"@context\":\"https:\/\/schema.org\",\"@graph\":[{\"@type\":\"WebPage\",\"@id\":\"https:\/\/snuipp86.fr\/index.php\/2016\/03\/18\/capd-du-18-mars-mouvement-capa-sh-postes-adapts-formation\/\",\"url\":\"https:\/\/snuipp86.fr\/index.php\/2016\/03\/18\/capd-du-18-mars-mouvement-capa-sh-postes-adapts-formation\/\",\"name\":\"CAPD du 18 mars : mouvement, CAPA-SH, postes adapt\u00e9s, formation ... - FSU-SNUipp 86\",\"isPartOf\":{\"@id\":\"https:\/\/snuipp86.fr\/#website\"},\"primaryImageOfPage\":{\"@id\":\"https:\/\/snuipp86.fr\/index.php\/2016\/03\/18\/capd-du-18-mars-mouvement-capa-sh-postes-adapts-formation\/#primaryimage\"},\"image\":{\"@id\":\"https:\/\/snuipp86.fr\/index.php\/2016\/03\/18\/capd-du-18-mars-mouvement-capa-sh-postes-adapts-formation\/#primaryimage\"},\"thumbnailUrl\":\"http:\/\/snuipp86.fr\/wp-content\/spip\/IMG\/arton3032.jpg\",\"datePublished\":\"2016-03-18T15:03:00+00:00\",\"author\":{\"@id\":\"https:\/\/snuipp86.fr\/#\/schema\/person\/901b28b9ae1c7a63a6a940102e52a7a2\"},\"breadcrumb\":{\"@id\":\"https:\/\/snuipp86.fr\/index.php\/2016\/03\/18\/capd-du-18-mars-mouvement-capa-sh-postes-adapts-formation\/#breadcrumb\"},\"inLanguage\":\"fr-FR\",\"potentialAction\":[{\"@type\":\"ReadAction\",\"target\":[\"https:\/\/snuipp86.fr\/index.php\/2016\/03\/18\/capd-du-18-mars-mouvement-capa-sh-postes-adapts-formation\/\"]}]},{\"@type\":\"ImageObject\",\"inLanguage\":\"fr-FR\",\"@id\":\"https:\/\/snuipp86.fr\/index.php\/2016\/03\/18\/capd-du-18-mars-mouvement-capa-sh-postes-adapts-formation\/#primaryimage\",\"url\":\"http:\/\/snuipp86.fr\/wp-content\/spip\/IMG\/arton3032.jpg\",\"contentUrl\":\"http:\/\/snuipp86.fr\/wp-content\/spip\/IMG\/arton3032.jpg\"},{\"@type\":\"BreadcrumbList\",\"@id\":\"https:\/\/snuipp86.fr\/index.php\/2016\/03\/18\/capd-du-18-mars-mouvement-capa-sh-postes-adapts-formation\/#breadcrumb\",\"itemListElement\":[{\"@type\":\"ListItem\",\"position\":1,\"name\":\"Accueil\",\"item\":\"https:\/\/snuipp86.fr\/\"},{\"@type\":\"ListItem\",\"position\":2,\"name\":\"CAPD du 18 mars : mouvement, CAPA-SH, postes adapt\u00e9s, formation &#8230;\"}]},{\"@type\":\"WebSite\",\"@id\":\"https:\/\/snuipp86.fr\/#website\",\"url\":\"https:\/\/snuipp86.fr\/\",\"name\":\"FSU-SNUipp 86\",\"description\":\"Des id\u00e9es qui font l&#039;\u00e9cole\",\"potentialAction\":[{\"@type\":\"SearchAction\",\"target\":{\"@type\":\"EntryPoint\",\"urlTemplate\":\"https:\/\/snuipp86.fr\/?s={search_term_string}\"},\"query-input\":{\"@type\":\"PropertyValueSpecification\",\"valueRequired\":true,\"valueName\":\"search_term_string\"}}],\"inLanguage\":\"fr-FR\"},{\"@type\":\"Person\",\"@id\":\"https:\/\/snuipp86.fr\/#\/schema\/person\/901b28b9ae1c7a63a6a940102e52a7a2\",\"name\":\"WP86Admin\",\"image\":{\"@type\":\"ImageObject\",\"inLanguage\":\"fr-FR\",\"@id\":\"https:\/\/snuipp86.fr\/#\/schema\/person\/image\/\",\"url\":\"https:\/\/secure.gravatar.com\/avatar\/0099845c7ec05dc10d777d8ab4f5142c5ba316283821af2459738ad469a37a1a?s=96&d=mm&r=g\",\"contentUrl\":\"https:\/\/secure.gravatar.com\/avatar\/0099845c7ec05dc10d777d8ab4f5142c5ba316283821af2459738ad469a37a1a?s=96&d=mm&r=g\",\"caption\":\"WP86Admin\"},\"url\":\"https:\/\/snuipp86.fr\/index.php\/author\/wp86admin\/\"}]}<\/script>\n<!-- \/ Yoast SEO plugin. -->","yoast_head_json":{"title":"CAPD du 18 mars : mouvement, CAPA-SH, postes adapt\u00e9s, formation ... - FSU-SNUipp 86","robots":{"index":"index","follow":"follow","max-snippet":"max-snippet:-1","max-image-preview":"max-image-preview:large","max-video-preview":"max-video-preview:-1"},"canonical":"https:\/\/snuipp86.fr\/index.php\/2016\/03\/18\/capd-du-18-mars-mouvement-capa-sh-postes-adapts-formation\/","og_locale":"fr_FR","og_type":"article","og_title":"CAPD du 18 mars : mouvement, CAPA-SH, postes adapt\u00e9s, formation ... - FSU-SNUipp 86","og_description":"CAPD du 18 mars 2016 Liste d'aptitude PE, D\u00e9tachement, Demandes de mise en disponibilit\u00e9 ou de r\u00e9int\u00e9gration, \u00c9change intra-acad\u00e9mique des PES, Circulaire mouvement Renonce de poste, stage CAPA SH Cong\u00e9 de formation professionnelle, Dispositif d'accompagnement des personnels Questions diverses du SNUipp-FSU 86 : recouvrement des trop-per\u00e7us, indemnit\u00e9 408, indemnit\u00e9s \u00e9ducation prioritaire, autorisation d'absence, postes bloqu\u00e9s au mouvement LISTE D'APTITUDE PE : (...) - CAPD : Compte-Rendu et D\u00e9clarations du SNUipp \/ CAPD","og_url":"https:\/\/snuipp86.fr\/index.php\/2016\/03\/18\/capd-du-18-mars-mouvement-capa-sh-postes-adapts-formation\/","og_site_name":"FSU-SNUipp 86","article_published_time":"2016-03-18T15:03:00+00:00","og_image":[{"url":"http:\/\/snuipp86.fr\/wp-content\/spip\/IMG\/arton3032.jpg","type":"","width":"","height":""}],"author":"WP86Admin","twitter_card":"summary_large_image","twitter_misc":{"\u00c9crit par":"WP86Admin","Dur\u00e9e de lecture estim\u00e9e":"7 minutes"},"schema":{"@context":"https:\/\/schema.org","@graph":[{"@type":"WebPage","@id":"https:\/\/snuipp86.fr\/index.php\/2016\/03\/18\/capd-du-18-mars-mouvement-capa-sh-postes-adapts-formation\/","url":"https:\/\/snuipp86.fr\/index.php\/2016\/03\/18\/capd-du-18-mars-mouvement-capa-sh-postes-adapts-formation\/","name":"CAPD du 18 mars : mouvement, CAPA-SH, postes adapt\u00e9s, formation ... - FSU-SNUipp 86","isPartOf":{"@id":"https:\/\/snuipp86.fr\/#website"},"primaryImageOfPage":{"@id":"https:\/\/snuipp86.fr\/index.php\/2016\/03\/18\/capd-du-18-mars-mouvement-capa-sh-postes-adapts-formation\/#primaryimage"},"image":{"@id":"https:\/\/snuipp86.fr\/index.php\/2016\/03\/18\/capd-du-18-mars-mouvement-capa-sh-postes-adapts-formation\/#primaryimage"},"thumbnailUrl":"http:\/\/snuipp86.fr\/wp-content\/spip\/IMG\/arton3032.jpg","datePublished":"2016-03-18T15:03:00+00:00","author":{"@id":"https:\/\/snuipp86.fr\/#\/schema\/person\/901b28b9ae1c7a63a6a940102e52a7a2"},"breadcrumb":{"@id":"https:\/\/snuipp86.fr\/index.php\/2016\/03\/18\/capd-du-18-mars-mouvement-capa-sh-postes-adapts-formation\/#breadcrumb"},"inLanguage":"fr-FR","potentialAction":[{"@type":"ReadAction","target":["https:\/\/snuipp86.fr\/index.php\/2016\/03\/18\/capd-du-18-mars-mouvement-capa-sh-postes-adapts-formation\/"]}]},{"@type":"ImageObject","inLanguage":"fr-FR","@id":"https:\/\/snuipp86.fr\/index.php\/2016\/03\/18\/capd-du-18-mars-mouvement-capa-sh-postes-adapts-formation\/#primaryimage","url":"http:\/\/snuipp86.fr\/wp-content\/spip\/IMG\/arton3032.jpg","contentUrl":"http:\/\/snuipp86.fr\/wp-content\/spip\/IMG\/arton3032.jpg"},{"@type":"BreadcrumbList","@id":"https:\/\/snuipp86.fr\/index.php\/2016\/03\/18\/capd-du-18-mars-mouvement-capa-sh-postes-adapts-formation\/#breadcrumb","itemListElement":[{"@type":"ListItem","position":1,"name":"Accueil","item":"https:\/\/snuipp86.fr\/"},{"@type":"ListItem","position":2,"name":"CAPD du 18 mars : mouvement, CAPA-SH, postes adapt\u00e9s, formation &#8230;"}]},{"@type":"WebSite","@id":"https:\/\/snuipp86.fr\/#website","url":"https:\/\/snuipp86.fr\/","name":"FSU-SNUipp 86","description":"Des id\u00e9es qui font l&#039;\u00e9cole","potentialAction":[{"@type":"SearchAction","target":{"@type":"EntryPoint","urlTemplate":"https:\/\/snuipp86.fr\/?s={search_term_string}"},"query-input":{"@type":"PropertyValueSpecification","valueRequired":true,"valueName":"search_term_string"}}],"inLanguage":"fr-FR"},{"@type":"Person","@id":"https:\/\/snuipp86.fr\/#\/schema\/person\/901b28b9ae1c7a63a6a940102e52a7a2","name":"WP86Admin","image":{"@type":"ImageObject","inLanguage":"fr-FR","@id":"https:\/\/snuipp86.fr\/#\/schema\/person\/image\/","url":"https:\/\/secure.gravatar.com\/avatar\/0099845c7ec05dc10d777d8ab4f5142c5ba316283821af2459738ad469a37a1a?s=96&d=mm&r=g","contentUrl":"https:\/\/secure.gravatar.com\/avatar\/0099845c7ec05dc10d777d8ab4f5142c5ba316283821af2459738ad469a37a1a?s=96&d=mm&r=g","caption":"WP86Admin"},"url":"https:\/\/snuipp86.fr\/index.php\/author\/wp86admin\/"}]}},"_links":{"self":[{"href":"https:\/\/snuipp86.fr\/index.php\/wp-json\/wp\/v2\/posts\/605","targetHints":{"allow":["GET"]}}],"collection":[{"href":"https:\/\/snuipp86.fr\/index.php\/wp-json\/wp\/v2\/posts"}],"about":[{"href":"https:\/\/snuipp86.fr\/index.php\/wp-json\/wp\/v2\/types\/post"}],"author":[{"embeddable":true,"href":"https:\/\/snuipp86.fr\/index.php\/wp-json\/wp\/v2\/users\/1"}],"replies":[{"embeddable":true,"href":"https:\/\/snuipp86.fr\/index.php\/wp-json\/wp\/v2\/comments?post=605"}],"version-history":[{"count":0,"href":"https:\/\/snuipp86.fr\/index.php\/wp-json\/wp\/v2\/posts\/605\/revisions"}],"wp:attachment":[{"href":"https:\/\/snuipp86.fr\/index.php\/wp-json\/wp\/v2\/media?parent=605"}],"wp:term":[{"taxonomy":"category","embeddable":true,"href":"https:\/\/snuipp86.fr\/index.php\/wp-json\/wp\/v2\/categories?post=605"},{"taxonomy":"post_tag","embeddable":true,"href":"https:\/\/snuipp86.fr\/index.php\/wp-json\/wp\/v2\/tags?post=605"}],"curies":[{"name":"wp","href":"https:\/\/api.w.org\/{rel}","templated":true}]}}