{"id":608,"date":"2016-03-15T16:34:00","date_gmt":"2016-03-15T16:34:00","guid":{"rendered":"http:\/\/localhost\/wordpress\/2016\/03\/15\/propositions-de-lia-douvertures-et-fermetures-en-vienne\/"},"modified":"2016-03-15T16:34:00","modified_gmt":"2016-03-15T16:34:00","slug":"propositions-de-lia-douvertures-et-fermetures-en-vienne","status":"publish","type":"post","link":"https:\/\/snuipp86.fr\/index.php\/2016\/03\/15\/propositions-de-lia-douvertures-et-fermetures-en-vienne\/","title":{"rendered":"Propositions de l&rsquo;IA d&rsquo;ouvertures et fermetures en Vienne"},"content":{"rendered":"<p><img decoding=\"async\" src=\"https:\/\/snuipp86.fr\/wp-content\/spip\/IMG\/arton3029.png\" alt=\"\" align=\"right\" width=\"142\" height=\"142\" class=\"spip_logos\" \/><\/p>\n<div class='rss_texte'>\n<p class=\"spip\">Aujourd&rsquo;hui a eu lieu un groupe de travail o\u00f9 ont \u00e9t\u00e9 \u00e9tudi\u00e9es les ouvertures et fermetures propos\u00e9es par l&rsquo;IA (liste ci-dessous).<br \/>\nCe groupe de travail s&rsquo;est tenu sans l&rsquo;IA et l&rsquo;IENA.<br \/>\nNous avons relay\u00e9 toutes les demandes d&rsquo;ouvertures et avons d\u00e9fendu toutes les situations.<br \/>\nNous avons contact\u00e9 les \u00e9coles concern\u00e9es pour donner les informations.<br \/>\nFaites nous parvenir toutes informations, arguments, pour d\u00e9fendre au mieux votre situation lors du CTSD du mardi 22 mars \u00e0 partir de 14h.<\/p>\n<h3 class=\"spip\" id=\"outil_sommaire_0\"><a title=\"Sommaire\" href=\"http:\/\/86.snuipp.fr\/spip.php?page=backend&#038;id_rubrique=#outil_sommaire\" class=\"sommaire_ancre\"> <\/a>FERMETURES (23)<\/h3>\n<h3 class=\"spip\" id=\"outil_sommaire_1\"><a title=\"Sommaire\" href=\"http:\/\/86.snuipp.fr\/spip.php?page=backend&#038;id_rubrique=#outil_sommaire\" class=\"sommaire_ancre\"> <\/a>Fermetures classes 17<\/h3>\n<p class=\"spip\"><img decoding=\"async\" src=\"https:\/\/snuipp86.fr\/wp-content\/spip\/cache-vignettes\/L8xH11\/puce-68c92.gif\" width='8' height='11' alt=\"-\" style='height:11px;width:8px;' class='' \/> <strong class=\"spip\">Classes en Maternelle : &#8211; 7<\/strong><\/p>\n<p class=\"spip\">Biard<\/p>\n<p class=\"spip\">Buxerolles Bourg<\/p>\n<p class=\"spip\">Cenon sur Vienne M. Ribbe<\/p>\n<p class=\"spip\">Dang\u00e9 Saint Romain A. Souch\u00e9<\/p>\n<p class=\"spip\">Latill\u00e9<\/p>\n<p class=\"spip\">Mign\u00e9 Auxances La R\u00e9publique<\/p>\n<p class=\"spip\">Les Roches Pr\u00e9marie<\/p>\n<p class=\"spip\"><img decoding=\"async\" src=\"https:\/\/snuipp86.fr\/wp-content\/spip\/cache-vignettes\/L8xH11\/puce-68c92.gif\" width='8' height='11' alt=\"-\" style='height:11px;width:8px;' class='' \/> <strong class=\"spip\">Classes en El\u00e9mentaire : &#8211; 7<\/strong><\/p>\n<p class=\"spip\">Naintr\u00e9 P. Neruda<\/p>\n<p class=\"spip\">Nouaill\u00e9 Maupertuis<\/p>\n<p class=\"spip\">Poitiers T. Lain\u00e9<\/p>\n<p class=\"spip\">Poitiers Saint Exup\u00e9ry<\/p>\n<p class=\"spip\">Saint Benoit Ermitage<\/p>\n<p class=\"spip\">Scorb\u00e9 Clairvaux<\/p>\n<p class=\"spip\">La Villedieu du Clain<\/p>\n<p class=\"spip\"><img decoding=\"async\" src=\"https:\/\/snuipp86.fr\/wp-content\/spip\/cache-vignettes\/L8xH11\/puce-68c92.gif\" width='8' height='11' alt=\"-\" style='height:11px;width:8px;' class='' \/> <strong class=\"spip\"> Classes en primaires ou en RPI : &#8211; 3<\/strong><\/p>\n<p class=\"spip\">Bonneuil Matours M. Fombeure<\/p>\n<p class=\"spip\">RPI Leign\u00e9 sur Usseau &#8211; Usseau &#8211; V\u00e9ll\u00e8ches<\/p>\n<p class=\"spip\">RPI L\u00e9signy &#8211; Mair\u00e9 &#8211; Barrou (37)<\/p>\n<p class=\"spip\">RPI Saint Macoux \u2013 Saint Saviol<\/p>\n<h3 class=\"spip\" id=\"outil_sommaire_2\"><a title=\"Sommaire\" href=\"http:\/\/86.snuipp.fr\/spip.php?page=backend&#038;id_rubrique=#outil_sommaire\" class=\"sommaire_ancre\"> <\/a>Fermetures d&rsquo;Ecoles : &#8211; 4<\/h3>\n<p class=\"spip\"><img decoding=\"async\" src=\"https:\/\/snuipp86.fr\/wp-content\/spip\/cache-vignettes\/L8xH11\/puce-68c92.gif\" width='8' height='11' alt=\"-\" style='height:11px;width:8px;' class='' \/> <strong class=\"spip\">Ch\u00e2tellerault :<\/strong><\/p>\n<ul class=\"spip\">\n<li class=\"spip\"> Fermeture (-2 postes)<\/li>\n<\/ul>\n<p class=\"spip\">Ch\u00e2tellerault Les Minimes mat<\/p>\n<ul class=\"spip\">\n<li class=\"spip\"> Ouverture (+2postes) <\/li>\n<\/ul>\n<p class=\"spip\">Ch\u00e2tellerault M. Carpantier mat<\/p>\n<p class=\"spip\">Ch\u00e2tellerault Cl. Haigner\u00e9 primaire<\/p>\n<p class=\"spip\"><img decoding=\"async\" src=\"https:\/\/snuipp86.fr\/wp-content\/spip\/cache-vignettes\/L8xH11\/puce-68c92.gif\" width='8' height='11' alt=\"-\" style='height:11px;width:8px;' class='' \/> <strong class=\"spip\">Chauvigny : &#8211; 3<\/strong><\/p>\n<ul class=\"spip\">\n<li class=\"spip\"> Fermetures (- 9postes)<\/li>\n<\/ul>\n<p class=\"spip\">o Chauvigny L. Michel mat (3 postes)<\/p>\n<p class=\"spip\">o Chauvigny Saint Martial \u00e9l\u00e9m (2 postes)<\/p>\n<p class=\"spip\">o Chauvigny Saint Pierre les Eglises \u00e9l\u00e9m (4 postes)<\/p>\n<ul class=\"spip\">\n<li class=\"spip\"> Ouvertures (+ 6postes)<\/li>\n<\/ul>\n<p class=\"spip\">o Chauvigny Varenne mat<\/p>\n<p class=\"spip\">o Chauvigny Les Guiraudi\u00e8res \u00e9l\u00e9m<\/p>\n<p class=\"spip\">o Chauvigny J. Arnault \u00e9l\u00e9m (4 postes)<\/p>\n<p class=\"spip\"><img decoding=\"async\" src=\"https:\/\/snuipp86.fr\/wp-content\/spip\/cache-vignettes\/L8xH11\/puce-68c92.gif\" width='8' height='11' alt=\"-\" style='height:11px;width:8px;' class='' \/> <strong class=\"spip\">Millac : -1 poste<\/strong><\/p>\n<p class=\"spip\">Fermeture Millac primaire classe unique<\/p>\n<p class=\"spip\"><img decoding=\"async\" src=\"https:\/\/snuipp86.fr\/wp-content\/spip\/cache-vignettes\/L8xH11\/puce-68c92.gif\" width='8' height='11' alt=\"-\" style='height:11px;width:8px;' class='' \/> <strong class=\"spip\">Montmorillon :<\/strong><\/p>\n<ul class=\"spip\">\n<li class=\"spip\"> Fermetures (- 5 postes)<\/li>\n<\/ul>\n<p class=\"spip\">o Montmorillon Ville Haute mat (2 postes)<\/p>\n<p class=\"spip\">o Montmorillon Ville Haute (3 postes) + 1 poste de ZIL<\/p>\n<ul class=\"spip\">\n<li class=\"spip\"> Ouvertures (+ 5 postes)<\/li>\n<\/ul>\n<p class=\"spip\">o Montmorillon Saint Nicolas mat<\/p>\n<p class=\"spip\">o Montmorillon Ville Basse mat<\/p>\n<p class=\"spip\">o Montmorillon Ville Basse \u00e9l\u00e9m<\/p>\n<p class=\"spip\">o Montmorillon Saint Nicolas (2 postes) + 1 poste de ZIL<\/p>\n<h3 class=\"spip\" id=\"outil_sommaire_3\"><a title=\"Sommaire\" href=\"http:\/\/86.snuipp.fr\/spip.php?page=backend&#038;id_rubrique=#outil_sommaire\" class=\"sommaire_ancre\"> <\/a>Restructurations : RPI, fusion \u2026 -1poste<\/h3>\n<p class=\"spip\"><img decoding=\"async\" src=\"https:\/\/snuipp86.fr\/wp-content\/spip\/cache-vignettes\/L8xH11\/puce-68c92.gif\" width='8' height='11' alt=\"-\" style='height:11px;width:8px;' class='' \/> <strong class=\"spip\">Benassay \u2013 Lavausseau<\/strong> : &#8211; 1<\/p>\n<p class=\"spip\">Cr\u00e9ation d&rsquo;un RPI et modification de r\u00e9partition p\u00e9dagogique<\/p>\n<ul class=\"spip\">\n<li class=\"spip\"> Fermeture : o Benassay J. Pr\u00e9vert prim<\/li>\n<\/ul>\n<p class=\"spip\"><img decoding=\"async\" src=\"https:\/\/snuipp86.fr\/wp-content\/spip\/cache-vignettes\/L8xH11\/puce-68c92.gif\" width='8' height='11' alt=\"-\" style='height:11px;width:8px;' class='' \/> <strong class=\"spip\">Champigny &#8211; Le Rochereau :<\/strong><\/p>\n<p class=\"spip\">Modification de r\u00e9partition p\u00e9dagogique (cycle 1 au Rochereau)<\/p>\n<ul class=\"spip\">\n<li class=\"spip\"> Fermeture :<\/li>\n<\/ul>\n<p class=\"spip\">o Champigny prim<\/p>\n<ul class=\"spip\">\n<li class=\"spip\"> Ouverture :<\/li>\n<\/ul>\n<p class=\"spip\">o Le Rochereau mat<\/p>\n<p class=\"spip\"><strong class=\"spip\">St Savin-St Germain- Antigny- Nalliers :<\/strong><\/p>\n<p class=\"spip\">Les discutions entre les 4 communes ne cessent d&rsquo;\u00e9voluer donc la majorit\u00e9 des mesures sont en conditionnelles<\/p>\n<ul class=\"spip\">\n<li class=\"spip\"> Ouvertures :<\/li>\n<\/ul>\n<p class=\"spip\">o Saint Germain mat ( mesure conditionnelle)<\/p>\n<p class=\"spip\">o Nalliers (mesure conditionnelle)<\/p>\n<ul class=\"spip\">\n<li class=\"spip\"> Fermetures<\/li>\n<\/ul>\n<p class=\"spip\">o Saint Savin mat (mesure conditionnelle)<\/p>\n<p class=\"spip\">o Antigny primaire<\/p>\n<p class=\"spip\"><strong class=\"spip\">Thur\u00e9 :<\/strong><\/p>\n<p class=\"spip\">Fusion d&rsquo;\u00e9coles<\/p>\n<ul class=\"spip\">\n<li class=\"spip\"> Fermetures<\/li>\n<\/ul>\n<p class=\"spip\">o Thur\u00e9 A. Frank maternelle : 2 postes<\/p>\n<p class=\"spip\">o Thur\u00e9 A. Frank \u00e9l\u00e9mentaire : 4 postes<\/p>\n<ul class=\"spip\">\n<li class=\"spip\"> Ouvertures :<\/li>\n<\/ul>\n<p class=\"spip\">o Thur\u00e9 A. Frank primaire : 6 postes<\/p>\n<h3 class=\"spip\" id=\"outil_sommaire_4\"><a title=\"Sommaire\" href=\"http:\/\/86.snuipp.fr\/spip.php?page=backend&#038;id_rubrique=#outil_sommaire\" class=\"sommaire_ancre\"> <\/a>OUVERTURES (21.75)<\/h3>\n<p class=\"spip\"><img decoding=\"async\" src=\"https:\/\/snuipp86.fr\/wp-content\/spip\/cache-vignettes\/L8xH11\/puce-68c92.gif\" width='8' height='11' alt=\"-\" style='height:11px;width:8px;' class='' \/> <strong class=\"spip\">Classes en Maternelle : +3<\/strong><\/p>\n<p class=\"spip\">Poitiers A. Daudet mat<\/p>\n<p class=\"spip\">Poitiers P. Neruda mat<\/p>\n<p class=\"spip\">Vouneuil sous Biard J.Y. Cousteau mat<\/p>\n<p class=\"spip\"><img decoding=\"async\" src=\"https:\/\/snuipp86.fr\/wp-content\/spip\/cache-vignettes\/L8xH11\/puce-68c92.gif\" width='8' height='11' alt=\"-\" style='height:11px;width:8px;' class='' \/> <strong class=\"spip\">Classes en El\u00e9mentaire : +4<\/strong><\/p>\n<p class=\"spip\">Biard J. Boriaud \u00e9l\u00e9m<\/p>\n<p class=\"spip\">Jaunay Clan P. Eluard \u00e9l\u00e9m<\/p>\n<p class=\"spip\">Poitiers J. Brel \u00e9l\u00e9m<\/p>\n<p class=\"spip\">Les Roches Pr\u00e9marie \u00e9l\u00e9m<\/p>\n<p class=\"spip\"><img decoding=\"async\" src=\"https:\/\/snuipp86.fr\/wp-content\/spip\/cache-vignettes\/L8xH11\/puce-68c92.gif\" width='8' height='11' alt=\"-\" style='height:11px;width:8px;' class='' \/> <strong class=\"spip\">Classes en primaires ou en RPI : +2 <\/strong><\/p>\n<p class=\"spip\">Saint Maurice la Clou\u00e8re Les Tilleuls primaire<\/p>\n<p class=\"spip\">RPI Ch\u00e2teau Larcher &#8211; Marnay<\/p>\n<p class=\"spip\"><img decoding=\"async\" src=\"https:\/\/snuipp86.fr\/wp-content\/spip\/cache-vignettes\/L8xH11\/puce-68c92.gif\" width='8' height='11' alt=\"-\" style='height:11px;width:8px;' class='' \/> <strong class=\"spip\">Remplacement : +5.25 postes<\/strong><\/p>\n<ul class=\"spip\">\n<li class=\"spip\"> Brigades :<\/li>\n<\/ul>\n<p class=\"spip\">Ouvertures :<\/p>\n<p class=\"spip\">o Lencloitre \u00e9l\u00e9m<\/p>\n<p class=\"spip\">o Poitiers T. Lain\u00e9 \u00e9l\u00e9m<\/p>\n<p class=\"spip\">o Poitiers Saint Exup\u00e9ry \u00e9l\u00e9m<\/p>\n<ul class=\"spip\">\n<li class=\"spip\"> ZIL :<\/li>\n<\/ul>\n<p class=\"spip\">Ouverture<\/p>\n<p class=\"spip\">o Poitiers Daudet \u00e9l\u00e9m<\/p>\n<p class=\"spip\">Montmorillon st nicolas<\/p>\n<p class=\"spip\">All\u00e9gement en REP+ : + 3,25 ( ZIL Car\u00e8me prim , ZIL Pr\u00e9vert \u00e9l\u00e9m , 1,25 ((5 x 0,25) ZIL dans des postes fractionn\u00e9s sur Ch\u00e2tellerault<\/p>\n<p class=\"spip\">Fermetures)<\/p>\n<p class=\"spip\">Chauvigny J. Arnault \u00e9l\u00e9m<\/p>\n<p class=\"spip\">Ch\u00e2tellerault Painlev\u00e9 \u00e9l\u00e9m<\/p>\n<p class=\"spip\">Montmorillon ville haute<\/p>\n<p class=\"spip\"><img decoding=\"async\" src=\"https:\/\/snuipp86.fr\/wp-content\/spip\/cache-vignettes\/L8xH11\/puce-68c92.gif\" width='8' height='11' alt=\"-\" style='height:11px;width:8px;' class='' \/> <strong class=\"spip\">Postes \u00ab nouveaux dispositifs \u00bb : + 3<\/strong><\/p>\n<ul class=\"spip\">\n<li class=\"spip\"> Dispositif Moins de 3 ans : + 2<\/li>\n<\/ul>\n<p class=\"spip\">Poitiers T. Lain\u00e9 maternelle<\/p>\n<p class=\"spip\">Poitiers Ch. Perrault primaire<\/p>\n<ul class=\"spip\">\n<li class=\"spip\"> Dispositif \u00ab Plus de maitres que de classes \u00bb PDMQDC : +1<\/li>\n<\/ul>\n<p class=\"spip\">Buxerolles Le Planty \u00e9l\u00e9mentaire<\/p>\n<p class=\"spip\"><img decoding=\"async\" src=\"https:\/\/snuipp86.fr\/wp-content\/spip\/cache-vignettes\/L8xH11\/puce-68c92.gif\" width='8' height='11' alt=\"-\" style='height:11px;width:8px;' class='' \/> <strong class=\"spip\">ASH : + 4.5<\/strong><\/p>\n<ul class=\"spip\">\n<li class=\"spip\"> Unit\u00e9 Autisme maternelle : +1<\/li>\n<\/ul>\n<p class=\"spip\">Poitiers T. Lain\u00e9 maternelle<\/p>\n<ul class=\"spip\">\n<li class=\"spip\"> ULIS Ecole : +2<\/li>\n<\/ul>\n<p class=\"spip\">1 ULIS Ecole Saint Jean de Sauves R. Mabilleau prim<\/p>\n<p class=\"spip\">1 ULIS Ecole Vouill\u00e9 Petit Bois \u00e9l\u00e9mentaire<\/p>\n<ul class=\"spip\">\n<li class=\"spip\"> Hors classe : + 2<\/li>\n<\/ul>\n<p class=\"spip\">1 enseignant r\u00e9f\u00e9rent<\/p>\n<p class=\"spip\">1 conseiller p\u00e9dagogique ASH<\/p>\n<ul class=\"spip\">\n<li class=\"spip\"> Transformation d&rsquo;un poste de direction (DETS) en coordination p\u00e9dagogique (CPUE) : &#8211; 0.5<\/li>\n<\/ul>\n<p class=\"spip\">IME P. Garnier Mignaloux Beauvoir : poste de direction d\u00e9charg\u00e9e \u00e0 100% remplac\u00e9 par un poste de coordination \u00e0 50%<\/p>\n<h3 class=\"spip\" id=\"outil_sommaire_5\"><a title=\"Sommaire\" href=\"http:\/\/86.snuipp.fr\/spip.php?page=backend&#038;id_rubrique=#outil_sommaire\" class=\"sommaire_ancre\"> <\/a>OUVERTURES PROPOS\u00c9ES PAR LE SNU :<\/h3>\n<p class=\"spip\"><img decoding=\"async\" src=\"https:\/\/snuipp86.fr\/wp-content\/spip\/cache-vignettes\/L8xH11\/puce-68c92.gif\" width='8' height='11' alt=\"-\" style='height:11px;width:8px;' class='' \/> <strong class=\"spip\">Ecoles maternelles<\/strong> :<\/p>\n<p class=\"spip\">Poitiers MicroMegas<\/p>\n<p class=\"spip\">Ciss\u00e9<\/p>\n<p class=\"spip\">Nieuil l&rsquo;Espoir<\/p>\n<p class=\"spip\">Saint Gervais les 3 clochers<\/p>\n<p class=\"spip\"><img decoding=\"async\" src=\"https:\/\/snuipp86.fr\/wp-content\/spip\/cache-vignettes\/L8xH11\/puce-68c92.gif\" width='8' height='11' alt=\"-\" style='height:11px;width:8px;' class='' \/> <strong class=\"spip\">Ecoles \u00e9l\u00e9mentaires<\/strong> :<\/p>\n<p class=\"spip\">Buxerolles Planty<\/p>\n<p class=\"spip\">Couh\u00e9<\/p>\n<p class=\"spip\">Lusignan<\/p>\n<p class=\"spip\">Poitiers \u00ab\u00a0la grange St pierre\u00a0\u00bb<\/p>\n<p class=\"spip\">Fontaine le Comte<\/p>\n<p class=\"spip\">Poitiers Allard Ferry<\/p>\n<p class=\"spip\">Poitiers Bouloux<\/p>\n<p class=\"spip\">Poitiers Andersen<\/p>\n<p class=\"spip\"><img decoding=\"async\" src=\"https:\/\/snuipp86.fr\/wp-content\/spip\/cache-vignettes\/L8xH11\/puce-68c92.gif\" width='8' height='11' alt=\"-\" style='height:11px;width:8px;' class='' \/> <strong class=\"spip\">Ecoles primaires<\/strong> :<\/p>\n<p class=\"spip\">Valdivienne<\/p>\n<p class=\"spip\">Dienn\u00e9<\/p>\n<p class=\"spip\">Chabournay<\/p>\n<p class=\"spip\"><img decoding=\"async\" src=\"https:\/\/snuipp86.fr\/wp-content\/spip\/cache-vignettes\/L8xH11\/puce-68c92.gif\" width='8' height='11' alt=\"-\" style='height:11px;width:8px;' class='' \/> Ecoles RPI ;<\/p>\n<p class=\"spip\">Mazeuil &#8211; Verger s\/Dive<\/p>\n<p class=\"spip\">Gouex-Queaux-Persac<\/p>\n<p class=\"spip\">Savigny S\/Faye &#8211; Orches &#8211; Doussay<\/p>\n<p class=\"spip\">Vernon &#8211; Gizay<\/p>\n<p class=\"spip\">Maill\u00e9 &#8211; Chalandray &#8211; Ayron<\/p>\n<p class=\"spip\"><img decoding=\"async\" src=\"https:\/\/snuipp86.fr\/wp-content\/spip\/cache-vignettes\/L8xH11\/puce-68c92.gif\" width='8' height='11' alt=\"-\" style='height:11px;width:8px;' class='' \/> Plus de Maitres<\/p>\n<p class=\"spip\">Mirebeau<\/p>\n<p class=\"spip\"><img decoding=\"async\" src=\"https:\/\/snuipp86.fr\/wp-content\/spip\/cache-vignettes\/L8xH11\/puce-68c92.gif\" width='8' height='11' alt=\"-\" style='height:11px;width:8px;' class='' \/> Scolarisation des moins de 3ans<\/p>\n<p class=\"spip\">Chatellerault Pr\u00e9vert<\/p>\n<\/div>\n","protected":false},"excerpt":{"rendered":"<p>Aujourd&rsquo;hui a eu lieu un groupe de travail o\u00f9 ont \u00e9t\u00e9 \u00e9tudi\u00e9es les ouvertures et fermetures propos\u00e9es par l&rsquo;IA (liste ci-dessous). Ce groupe de travail s&rsquo;est tenu sans l&rsquo;IA et l&rsquo;IENA. Nous avons relay\u00e9 toutes les demandes d&rsquo;ouvertures et avons d\u00e9fendu toutes les situations. Nous avons contact\u00e9 les \u00e9coles concern\u00e9es pour donner les informations. Faites nous parvenir toutes informations, arguments, pour d\u00e9fendre au mieux votre situation lors du CTSD du mardi 22 mars \u00e0 partir de 14h. (&#8230;)<br \/>\n&#8211;<br \/>\n<a href=\"http:\/\/86.snuipp.fr\/spip.php?rubrique159\" rel=\"directory\">Carte scolaire<\/a><br \/>\n\/<br \/>\n<a href=\"http:\/\/86.snuipp.fr\/spip.php?mot293\" rel=\"tag\">Carte scolaire<\/a><\/p>\n","protected":false},"author":1,"featured_media":0,"comment_status":"open","ping_status":"open","sticky":false,"template":"","format":"standard","meta":{"footnotes":""},"categories":[14],"tags":[],"class_list":["post-608","post","type-post","status-publish","format-standard","hentry","category-a-la-une"],"yoast_head":"<!-- This site is optimized with the Yoast SEO plugin v26.6 - https:\/\/yoast.com\/wordpress\/plugins\/seo\/ -->\n<title>Propositions de l&#039;IA d&#039;ouvertures et fermetures en Vienne - FSU-SNUipp 86<\/title>\n<meta name=\"robots\" content=\"index, follow, max-snippet:-1, max-image-preview:large, max-video-preview:-1\" \/>\n<link rel=\"canonical\" href=\"https:\/\/snuipp86.fr\/index.php\/2016\/03\/15\/propositions-de-lia-douvertures-et-fermetures-en-vienne\/\" \/>\n<meta property=\"og:locale\" content=\"fr_FR\" \/>\n<meta property=\"og:type\" content=\"article\" \/>\n<meta property=\"og:title\" content=\"Propositions de l&#039;IA d&#039;ouvertures et fermetures en Vienne - FSU-SNUipp 86\" \/>\n<meta property=\"og:description\" content=\"Aujourd&#039;hui a eu lieu un groupe de travail o\u00f9 ont \u00e9t\u00e9 \u00e9tudi\u00e9es les ouvertures et fermetures propos\u00e9es par l&#039;IA (liste ci-dessous). Ce groupe de travail s&#039;est tenu sans l&#039;IA et l&#039;IENA. Nous avons relay\u00e9 toutes les demandes d&#039;ouvertures et avons d\u00e9fendu toutes les situations. Nous avons contact\u00e9 les \u00e9coles concern\u00e9es pour donner les informations. Faites nous parvenir toutes informations, arguments, pour d\u00e9fendre au mieux votre situation lors du CTSD du mardi 22 mars \u00e0 partir de 14h. (...) - Carte scolaire \/ Carte scolaire\" \/>\n<meta property=\"og:url\" content=\"https:\/\/snuipp86.fr\/index.php\/2016\/03\/15\/propositions-de-lia-douvertures-et-fermetures-en-vienne\/\" \/>\n<meta property=\"og:site_name\" content=\"FSU-SNUipp 86\" \/>\n<meta property=\"article:published_time\" content=\"2016-03-15T16:34:00+00:00\" \/>\n<meta property=\"og:image\" content=\"http:\/\/snuipp86.fr\/wp-content\/spip\/IMG\/arton3029.png\" \/>\n<meta name=\"author\" content=\"WP86Admin\" \/>\n<meta name=\"twitter:card\" content=\"summary_large_image\" \/>\n<meta name=\"twitter:label1\" content=\"\u00c9crit par\" \/>\n\t<meta name=\"twitter:data1\" content=\"WP86Admin\" \/>\n\t<meta name=\"twitter:label2\" content=\"Dur\u00e9e de lecture estim\u00e9e\" \/>\n\t<meta name=\"twitter:data2\" content=\"4 minutes\" \/>\n<script type=\"application\/ld+json\" class=\"yoast-schema-graph\">{\"@context\":\"https:\/\/schema.org\",\"@graph\":[{\"@type\":\"WebPage\",\"@id\":\"https:\/\/snuipp86.fr\/index.php\/2016\/03\/15\/propositions-de-lia-douvertures-et-fermetures-en-vienne\/\",\"url\":\"https:\/\/snuipp86.fr\/index.php\/2016\/03\/15\/propositions-de-lia-douvertures-et-fermetures-en-vienne\/\",\"name\":\"Propositions de l'IA d'ouvertures et fermetures en Vienne - FSU-SNUipp 86\",\"isPartOf\":{\"@id\":\"https:\/\/snuipp86.fr\/#website\"},\"primaryImageOfPage\":{\"@id\":\"https:\/\/snuipp86.fr\/index.php\/2016\/03\/15\/propositions-de-lia-douvertures-et-fermetures-en-vienne\/#primaryimage\"},\"image\":{\"@id\":\"https:\/\/snuipp86.fr\/index.php\/2016\/03\/15\/propositions-de-lia-douvertures-et-fermetures-en-vienne\/#primaryimage\"},\"thumbnailUrl\":\"http:\/\/snuipp86.fr\/wp-content\/spip\/IMG\/arton3029.png\",\"datePublished\":\"2016-03-15T16:34:00+00:00\",\"author\":{\"@id\":\"https:\/\/snuipp86.fr\/#\/schema\/person\/901b28b9ae1c7a63a6a940102e52a7a2\"},\"breadcrumb\":{\"@id\":\"https:\/\/snuipp86.fr\/index.php\/2016\/03\/15\/propositions-de-lia-douvertures-et-fermetures-en-vienne\/#breadcrumb\"},\"inLanguage\":\"fr-FR\",\"potentialAction\":[{\"@type\":\"ReadAction\",\"target\":[\"https:\/\/snuipp86.fr\/index.php\/2016\/03\/15\/propositions-de-lia-douvertures-et-fermetures-en-vienne\/\"]}]},{\"@type\":\"ImageObject\",\"inLanguage\":\"fr-FR\",\"@id\":\"https:\/\/snuipp86.fr\/index.php\/2016\/03\/15\/propositions-de-lia-douvertures-et-fermetures-en-vienne\/#primaryimage\",\"url\":\"http:\/\/snuipp86.fr\/wp-content\/spip\/IMG\/arton3029.png\",\"contentUrl\":\"http:\/\/snuipp86.fr\/wp-content\/spip\/IMG\/arton3029.png\"},{\"@type\":\"BreadcrumbList\",\"@id\":\"https:\/\/snuipp86.fr\/index.php\/2016\/03\/15\/propositions-de-lia-douvertures-et-fermetures-en-vienne\/#breadcrumb\",\"itemListElement\":[{\"@type\":\"ListItem\",\"position\":1,\"name\":\"Accueil\",\"item\":\"https:\/\/snuipp86.fr\/\"},{\"@type\":\"ListItem\",\"position\":2,\"name\":\"Propositions de l&#8217;IA d&#8217;ouvertures et fermetures en Vienne\"}]},{\"@type\":\"WebSite\",\"@id\":\"https:\/\/snuipp86.fr\/#website\",\"url\":\"https:\/\/snuipp86.fr\/\",\"name\":\"FSU-SNUipp 86\",\"description\":\"Des id\u00e9es qui font l&#039;\u00e9cole\",\"potentialAction\":[{\"@type\":\"SearchAction\",\"target\":{\"@type\":\"EntryPoint\",\"urlTemplate\":\"https:\/\/snuipp86.fr\/?s={search_term_string}\"},\"query-input\":{\"@type\":\"PropertyValueSpecification\",\"valueRequired\":true,\"valueName\":\"search_term_string\"}}],\"inLanguage\":\"fr-FR\"},{\"@type\":\"Person\",\"@id\":\"https:\/\/snuipp86.fr\/#\/schema\/person\/901b28b9ae1c7a63a6a940102e52a7a2\",\"name\":\"WP86Admin\",\"image\":{\"@type\":\"ImageObject\",\"inLanguage\":\"fr-FR\",\"@id\":\"https:\/\/snuipp86.fr\/#\/schema\/person\/image\/\",\"url\":\"https:\/\/secure.gravatar.com\/avatar\/0099845c7ec05dc10d777d8ab4f5142c5ba316283821af2459738ad469a37a1a?s=96&d=mm&r=g\",\"contentUrl\":\"https:\/\/secure.gravatar.com\/avatar\/0099845c7ec05dc10d777d8ab4f5142c5ba316283821af2459738ad469a37a1a?s=96&d=mm&r=g\",\"caption\":\"WP86Admin\"},\"url\":\"https:\/\/snuipp86.fr\/index.php\/author\/wp86admin\/\"}]}<\/script>\n<!-- \/ Yoast SEO plugin. -->","yoast_head_json":{"title":"Propositions de l'IA d'ouvertures et fermetures en Vienne - FSU-SNUipp 86","robots":{"index":"index","follow":"follow","max-snippet":"max-snippet:-1","max-image-preview":"max-image-preview:large","max-video-preview":"max-video-preview:-1"},"canonical":"https:\/\/snuipp86.fr\/index.php\/2016\/03\/15\/propositions-de-lia-douvertures-et-fermetures-en-vienne\/","og_locale":"fr_FR","og_type":"article","og_title":"Propositions de l'IA d'ouvertures et fermetures en Vienne - FSU-SNUipp 86","og_description":"Aujourd'hui a eu lieu un groupe de travail o\u00f9 ont \u00e9t\u00e9 \u00e9tudi\u00e9es les ouvertures et fermetures propos\u00e9es par l'IA (liste ci-dessous). Ce groupe de travail s'est tenu sans l'IA et l'IENA. Nous avons relay\u00e9 toutes les demandes d'ouvertures et avons d\u00e9fendu toutes les situations. Nous avons contact\u00e9 les \u00e9coles concern\u00e9es pour donner les informations. Faites nous parvenir toutes informations, arguments, pour d\u00e9fendre au mieux votre situation lors du CTSD du mardi 22 mars \u00e0 partir de 14h. (...) - Carte scolaire \/ Carte scolaire","og_url":"https:\/\/snuipp86.fr\/index.php\/2016\/03\/15\/propositions-de-lia-douvertures-et-fermetures-en-vienne\/","og_site_name":"FSU-SNUipp 86","article_published_time":"2016-03-15T16:34:00+00:00","og_image":[{"url":"http:\/\/snuipp86.fr\/wp-content\/spip\/IMG\/arton3029.png","type":"","width":"","height":""}],"author":"WP86Admin","twitter_card":"summary_large_image","twitter_misc":{"\u00c9crit par":"WP86Admin","Dur\u00e9e de lecture estim\u00e9e":"4 minutes"},"schema":{"@context":"https:\/\/schema.org","@graph":[{"@type":"WebPage","@id":"https:\/\/snuipp86.fr\/index.php\/2016\/03\/15\/propositions-de-lia-douvertures-et-fermetures-en-vienne\/","url":"https:\/\/snuipp86.fr\/index.php\/2016\/03\/15\/propositions-de-lia-douvertures-et-fermetures-en-vienne\/","name":"Propositions de l'IA d'ouvertures et fermetures en Vienne - FSU-SNUipp 86","isPartOf":{"@id":"https:\/\/snuipp86.fr\/#website"},"primaryImageOfPage":{"@id":"https:\/\/snuipp86.fr\/index.php\/2016\/03\/15\/propositions-de-lia-douvertures-et-fermetures-en-vienne\/#primaryimage"},"image":{"@id":"https:\/\/snuipp86.fr\/index.php\/2016\/03\/15\/propositions-de-lia-douvertures-et-fermetures-en-vienne\/#primaryimage"},"thumbnailUrl":"http:\/\/snuipp86.fr\/wp-content\/spip\/IMG\/arton3029.png","datePublished":"2016-03-15T16:34:00+00:00","author":{"@id":"https:\/\/snuipp86.fr\/#\/schema\/person\/901b28b9ae1c7a63a6a940102e52a7a2"},"breadcrumb":{"@id":"https:\/\/snuipp86.fr\/index.php\/2016\/03\/15\/propositions-de-lia-douvertures-et-fermetures-en-vienne\/#breadcrumb"},"inLanguage":"fr-FR","potentialAction":[{"@type":"ReadAction","target":["https:\/\/snuipp86.fr\/index.php\/2016\/03\/15\/propositions-de-lia-douvertures-et-fermetures-en-vienne\/"]}]},{"@type":"ImageObject","inLanguage":"fr-FR","@id":"https:\/\/snuipp86.fr\/index.php\/2016\/03\/15\/propositions-de-lia-douvertures-et-fermetures-en-vienne\/#primaryimage","url":"http:\/\/snuipp86.fr\/wp-content\/spip\/IMG\/arton3029.png","contentUrl":"http:\/\/snuipp86.fr\/wp-content\/spip\/IMG\/arton3029.png"},{"@type":"BreadcrumbList","@id":"https:\/\/snuipp86.fr\/index.php\/2016\/03\/15\/propositions-de-lia-douvertures-et-fermetures-en-vienne\/#breadcrumb","itemListElement":[{"@type":"ListItem","position":1,"name":"Accueil","item":"https:\/\/snuipp86.fr\/"},{"@type":"ListItem","position":2,"name":"Propositions de l&#8217;IA d&#8217;ouvertures et fermetures en Vienne"}]},{"@type":"WebSite","@id":"https:\/\/snuipp86.fr\/#website","url":"https:\/\/snuipp86.fr\/","name":"FSU-SNUipp 86","description":"Des id\u00e9es qui font l&#039;\u00e9cole","potentialAction":[{"@type":"SearchAction","target":{"@type":"EntryPoint","urlTemplate":"https:\/\/snuipp86.fr\/?s={search_term_string}"},"query-input":{"@type":"PropertyValueSpecification","valueRequired":true,"valueName":"search_term_string"}}],"inLanguage":"fr-FR"},{"@type":"Person","@id":"https:\/\/snuipp86.fr\/#\/schema\/person\/901b28b9ae1c7a63a6a940102e52a7a2","name":"WP86Admin","image":{"@type":"ImageObject","inLanguage":"fr-FR","@id":"https:\/\/snuipp86.fr\/#\/schema\/person\/image\/","url":"https:\/\/secure.gravatar.com\/avatar\/0099845c7ec05dc10d777d8ab4f5142c5ba316283821af2459738ad469a37a1a?s=96&d=mm&r=g","contentUrl":"https:\/\/secure.gravatar.com\/avatar\/0099845c7ec05dc10d777d8ab4f5142c5ba316283821af2459738ad469a37a1a?s=96&d=mm&r=g","caption":"WP86Admin"},"url":"https:\/\/snuipp86.fr\/index.php\/author\/wp86admin\/"}]}},"_links":{"self":[{"href":"https:\/\/snuipp86.fr\/index.php\/wp-json\/wp\/v2\/posts\/608","targetHints":{"allow":["GET"]}}],"collection":[{"href":"https:\/\/snuipp86.fr\/index.php\/wp-json\/wp\/v2\/posts"}],"about":[{"href":"https:\/\/snuipp86.fr\/index.php\/wp-json\/wp\/v2\/types\/post"}],"author":[{"embeddable":true,"href":"https:\/\/snuipp86.fr\/index.php\/wp-json\/wp\/v2\/users\/1"}],"replies":[{"embeddable":true,"href":"https:\/\/snuipp86.fr\/index.php\/wp-json\/wp\/v2\/comments?post=608"}],"version-history":[{"count":0,"href":"https:\/\/snuipp86.fr\/index.php\/wp-json\/wp\/v2\/posts\/608\/revisions"}],"wp:attachment":[{"href":"https:\/\/snuipp86.fr\/index.php\/wp-json\/wp\/v2\/media?parent=608"}],"wp:term":[{"taxonomy":"category","embeddable":true,"href":"https:\/\/snuipp86.fr\/index.php\/wp-json\/wp\/v2\/categories?post=608"},{"taxonomy":"post_tag","embeddable":true,"href":"https:\/\/snuipp86.fr\/index.php\/wp-json\/wp\/v2\/tags?post=608"}],"curies":[{"name":"wp","href":"https:\/\/api.w.org\/{rel}","templated":true}]}}