{"id":618,"date":"2016-03-02T19:21:46","date_gmt":"2016-03-02T19:21:46","guid":{"rendered":"http:\/\/localhost\/wordpress\/2016\/03\/02\/appel-un-8-mars-de-lutte-pour-lgalit-femmes-hommes-au-travail-et-dans-la-vie\/"},"modified":"2016-03-02T19:21:46","modified_gmt":"2016-03-02T19:21:46","slug":"appel-un-8-mars-de-lutte-pour-lgalit-femmes-hommes-au-travail-et-dans-la-vie","status":"publish","type":"post","link":"https:\/\/snuipp86.fr\/index.php\/2016\/03\/02\/appel-un-8-mars-de-lutte-pour-lgalit-femmes-hommes-au-travail-et-dans-la-vie\/","title":{"rendered":"Appel \u00e0 un 8 mars de lutte pour l&rsquo;\u00e9galit\u00e9 femmes\/hommes au travail et dans la vie !"},"content":{"rendered":"<div class='rss_texte'>\n<p class=\"spip\">Le 8 mars, c&rsquo;est la journ\u00e9e internationale de luttes pour les droits des femmes du monde entier !<\/p>\n<p class=\"spip\">A Poitiers, une soir\u00e9e est propos\u00e9e par le collectif 8 mars (pour le droit des femmes) en association avec le <strong class=\"spip\">TAP Castille, le soir du 8 mars. 20h Projection du film \u00a0\u00bb No Land&rsquo;s song \u00a0\u00bb suivi d&rsquo;un d\u00e9bat. <\/strong><\/p>\n<p class=\"spip\">D\u00e9claration unitaire dans le cadre de la journ\u00e9e internationale de lutte pour le droit des femmes<\/p>\n<p class=\"spip\">CFE-CGC \u2013 CGT \u2013 FSU \u2013 Solidaires \u2013 UNSA<\/p>\n<h3 class=\"spip\">\nFaisons de l&rsquo;\u00e9galit\u00e9 une r\u00e9alit\u00e9 !<\/h3>\n<p class=\"spip\">En 2016, alors que les femmes sont plus dipl\u00f4m\u00e9es que les hommes, que 6 lois successives et de nombreux accords ont affirm\u00e9 le principe de l&rsquo;\u00e9galit\u00e9 salariale, il y a toujours 27 % d&rsquo;\u00e9cart de r\u00e9mun\u00e9ration entre les femmes et les hommes. Alors que l&rsquo;acc\u00e8s \u00e0 l&#8217;emploi est un moyen d&rsquo;\u00e9mancipation et d&rsquo;autonomie d\u00e9terminant pour les femmes, seules 66 % d&rsquo;entre elles sont en emploi, contre 75 % pour les hommes. Les femmes sont d&rsquo;avantage touch\u00e9es par la pr\u00e9carit\u00e9 : 11,6 % sont en CDD (7,6 % des hommes) et elles repr\u00e9sentent 80% des salari\u00e9-es \u00e0 temps partiel Elles sont 80% \u00e0 d\u00e9clarer \u00eatre r\u00e9guli\u00e8rement confront\u00e9es \u00e0 des attitudes ou comportements sexistes au travail. Ce sont encore elles qui assument l&rsquo;essentiel des responsabilit\u00e9s familiales et qui sont directement p\u00e9nalis\u00e9es par l&rsquo;insuffisance des services publics de prise en charge de la petite enfance mais aussi de la d\u00e9pendance.<\/p>\n<p class=\"spip\">Seule une action volontariste et d\u00e9termin\u00e9e permettra de faire reculer ces in\u00e9galit\u00e9s.<\/p>\n<p class=\"spip\">Or, les signaux que nous observons vont dans le sens contraire et nous inqui\u00e8tent : d\u00e9sengagement des pouvoirs publics sur l&rsquo;\u00e9galit\u00e9, suppression du minist\u00e8re d\u00e9di\u00e9 au droit des femmes, promesses de cr\u00e9ation de places en cr\u00e8che non tenues, sanctions insuffisantes des entreprises qui discriminent\u2026Dans la fonction publique, le protocole d&rsquo;accord pour l&rsquo;\u00e9galit\u00e9 F\/H sign\u00e9 il y a deux ans par toutes les organisations syndicales reste tr\u00e8s insuffisamment appliqu\u00e9. Nous regrettons le blocage du patronat sur les questions d&rsquo;\u00e9galit\u00e9 professionnelle : difficult\u00e9 de mise en \u0153uvre des accords par manque d&rsquo;\u00e9valuation et de sanction, pas de n\u00e9gociation sur les classifications\u2026<\/p>\n<p class=\"spip\">Nous nous inqui\u00e9tons, en France et en Europe, de la mont\u00e9e des discours r\u00e9actionnaires et des remises en cause du droit des femmes \u00e0 disposer de leur corps (acc\u00e8s \u00e0 la contraception, \u00e0 l&rsquo;IVG\u2026)<\/p>\n<p class=\"spip\">Plus que jamais, nous pensons n\u00e9cessaire de continuer notre action pour faire de l&rsquo;\u00e9galit\u00e9 une r\u00e9alit\u00e9. Sur le terrain, nous travaillons pour que les IRP garantissent une juste repr\u00e9sentation des salari\u00e9s et fassent progresser la mixit\u00e9.<\/p>\n<p class=\"spip\">Nous nous engageons ensemble dans les territoires, les branches, les entreprises et la fonction publique \u00e0 travailler pour :<\/p>\n<p class=\"spip\">\u2022 Supprimer les \u00e9carts de r\u00e9mun\u00e9ration entre les femmes et les hommes et mettre fin aux m\u00e9canismes qui renforcent les in\u00e9galit\u00e9s (part variable, m\u00e9canismes indemnitaires).<\/p>\n<p class=\"spip\">\u2022 Limiter le recours aux contrats \u00e0 temps partiels, en le rendant financi\u00e8rement dissuasif pour les employeurs et en am\u00e9liorant la protection sociale des salari\u00e9-es.<\/p>\n<p class=\"spip\">\u2022 Promouvoir la mixit\u00e9 des m\u00e9tiers et des fili\u00e8res scolaires et universitaires. A l&rsquo;\u00e9cole, dans les entreprises, lutter contre les st\u00e9r\u00e9otypes de genre, notamment par des formations d\u00e9di\u00e9es.<\/p>\n<p class=\"spip\">\u2022 Agir pour la revalorisation des m\u00e9tiers \u00e0 pr\u00e9dominance f\u00e9minine et pour une juste reconnaissance des comp\u00e9tences et des qualifications<\/p>\n<p class=\"spip\">\u2022 Lutter contre les in\u00e9galit\u00e9s de carri\u00e8re, identifier et supprimer les m\u00e9canismes du plafond de verre pour permettre l&rsquo;acc\u00e8s des femmes \u00e0 toutes les fonctions d&rsquo;encadrement et de direction, dans l&rsquo;entreprise comme dans la fonction publique<\/p>\n<p class=\"spip\">\u2022 Garantir la prise en compte des risques et de la p\u00e9nibilit\u00e9 des m\u00e9tiers \u00e0 pr\u00e9dominance f\u00e9minine.<\/p>\n<p class=\"spip\">\u2022 Lutter contre les in\u00e9galit\u00e9s de retraite<\/p>\n<p class=\"spip\">\u2022 Mettre en place un temps de travail et une organisation du travail permettant \u00e0 toutes et tous de une bonne articulation de leur vie personnelle et professionnelle. Le cong\u00e9 parental doit \u00eatre revaloris\u00e9 pour permettre une parentalit\u00e9 partag\u00e9e.<\/p>\n<p class=\"spip\">\u2022 Lutter contre les violences sexistes et sexuelles en renfor\u00e7ant la pr\u00e9vention sur les lieux de travail et la protection des victimes.<\/p>\n<p class=\"spip\">\u2022 D\u00e9velopper les lieux d&rsquo;accueil pour la petite enfance, r\u00e9pondre aux probl\u00e8mes li\u00e9s \u00e0 la perte d&rsquo;autonomie, renforcer les services publics appuy\u00e9s sur des emplois stables et favoriser une politique familiale compatible avec ces objectifs.<\/p>\n<p class=\"spip\">A l&rsquo;occasion du 8 mars, journ\u00e9e internationale de lutte pour les droit des femmes, nous appelons les femmes et les hommes \u00e0 se mobiliser sur leurs lieux de travail pour faire cesser ces discriminations inacceptables et pour faire de l&rsquo;\u00e9galit\u00e9 une r\u00e9alit\u00e9. Les pouvoirs publics doivent mener et \u00e9valuer l&rsquo;ensemble des politiques publiques \u00e0 l&rsquo;aune de l&rsquo;\u00e9galit\u00e9. Les employeurs du priv\u00e9 comme du public doivent mettre fin aux in\u00e9galit\u00e9s salariales et professionnelles, \u00e0 la pr\u00e9carit\u00e9 et se donner les moyens de mieux combattre les violences sexistes et sexuelles au travail \u00bb.<\/p>\n<\/div>\n","protected":false},"excerpt":{"rendered":"<p>Le 8 mars, c&rsquo;est la journ\u00e9e internationale de luttes pour les droits des femmes du monde entier ! <br \/>A Poitiers, une soir\u00e9e est propos\u00e9e par le collectif 8 mars (pour le droit des femmes) en association avec le TAP Castille, le soir du 8 mars. 20h Projection du film \u00a0\u00bb No Land&rsquo;s song \u00a0\u00bb suivi d&rsquo;un d\u00e9bat. <br \/>D\u00e9claration unitaire dans le cadre de la journ\u00e9e internationale de lutte pour le droit des femmes <br \/>CFE-CGC \u2013 CGT \u2013 FSU \u2013 Solidaires \u2013 UNSA <br \/>Faisons de (&#8230;)<br \/>\n&#8211;<br \/>\n<a href=\"http:\/\/86.snuipp.fr\/spip.php?rubrique294\" rel=\"directory\">Gr\u00e8ves- Actions<\/a><\/p>\n","protected":false},"author":1,"featured_media":0,"comment_status":"open","ping_status":"open","sticky":false,"template":"","format":"standard","meta":{"footnotes":""},"categories":[14],"tags":[],"class_list":["post-618","post","type-post","status-publish","format-standard","hentry","category-a-la-une"],"yoast_head":"<!-- This site is optimized with the Yoast SEO plugin v26.6 - https:\/\/yoast.com\/wordpress\/plugins\/seo\/ -->\n<title>Appel \u00e0 un 8 mars de lutte pour l&#039;\u00e9galit\u00e9 femmes\/hommes au travail et dans la vie ! - FSU-SNUipp 86<\/title>\n<meta name=\"robots\" content=\"index, follow, max-snippet:-1, max-image-preview:large, max-video-preview:-1\" \/>\n<link rel=\"canonical\" href=\"https:\/\/snuipp86.fr\/index.php\/2016\/03\/02\/appel-un-8-mars-de-lutte-pour-lgalit-femmes-hommes-au-travail-et-dans-la-vie\/\" \/>\n<meta property=\"og:locale\" content=\"fr_FR\" \/>\n<meta property=\"og:type\" content=\"article\" \/>\n<meta property=\"og:title\" content=\"Appel \u00e0 un 8 mars de lutte pour l&#039;\u00e9galit\u00e9 femmes\/hommes au travail et dans la vie ! - FSU-SNUipp 86\" \/>\n<meta property=\"og:description\" content=\"Le 8 mars, c&#039;est la journ\u00e9e internationale de luttes pour les droits des femmes du monde entier ! A Poitiers, une soir\u00e9e est propos\u00e9e par le collectif 8 mars (pour le droit des femmes) en association avec le TAP Castille, le soir du 8 mars. 20h Projection du film &quot; No Land&#039;s song &quot; suivi d&#039;un d\u00e9bat. D\u00e9claration unitaire dans le cadre de la journ\u00e9e internationale de lutte pour le droit des femmes CFE-CGC \u2013 CGT \u2013 FSU \u2013 Solidaires \u2013 UNSA Faisons de (...) - Gr\u00e8ves- Actions\" \/>\n<meta property=\"og:url\" content=\"https:\/\/snuipp86.fr\/index.php\/2016\/03\/02\/appel-un-8-mars-de-lutte-pour-lgalit-femmes-hommes-au-travail-et-dans-la-vie\/\" \/>\n<meta property=\"og:site_name\" content=\"FSU-SNUipp 86\" \/>\n<meta property=\"article:published_time\" content=\"2016-03-02T19:21:46+00:00\" \/>\n<meta name=\"author\" content=\"WP86Admin\" \/>\n<meta name=\"twitter:card\" content=\"summary_large_image\" \/>\n<meta name=\"twitter:label1\" content=\"\u00c9crit par\" \/>\n\t<meta name=\"twitter:data1\" content=\"WP86Admin\" \/>\n\t<meta name=\"twitter:label2\" content=\"Dur\u00e9e de lecture estim\u00e9e\" \/>\n\t<meta name=\"twitter:data2\" content=\"4 minutes\" \/>\n<script type=\"application\/ld+json\" class=\"yoast-schema-graph\">{\"@context\":\"https:\/\/schema.org\",\"@graph\":[{\"@type\":\"WebPage\",\"@id\":\"https:\/\/snuipp86.fr\/index.php\/2016\/03\/02\/appel-un-8-mars-de-lutte-pour-lgalit-femmes-hommes-au-travail-et-dans-la-vie\/\",\"url\":\"https:\/\/snuipp86.fr\/index.php\/2016\/03\/02\/appel-un-8-mars-de-lutte-pour-lgalit-femmes-hommes-au-travail-et-dans-la-vie\/\",\"name\":\"Appel \u00e0 un 8 mars de lutte pour l'\u00e9galit\u00e9 femmes\/hommes au travail et dans la vie ! - FSU-SNUipp 86\",\"isPartOf\":{\"@id\":\"https:\/\/snuipp86.fr\/#website\"},\"datePublished\":\"2016-03-02T19:21:46+00:00\",\"author\":{\"@id\":\"https:\/\/snuipp86.fr\/#\/schema\/person\/901b28b9ae1c7a63a6a940102e52a7a2\"},\"breadcrumb\":{\"@id\":\"https:\/\/snuipp86.fr\/index.php\/2016\/03\/02\/appel-un-8-mars-de-lutte-pour-lgalit-femmes-hommes-au-travail-et-dans-la-vie\/#breadcrumb\"},\"inLanguage\":\"fr-FR\",\"potentialAction\":[{\"@type\":\"ReadAction\",\"target\":[\"https:\/\/snuipp86.fr\/index.php\/2016\/03\/02\/appel-un-8-mars-de-lutte-pour-lgalit-femmes-hommes-au-travail-et-dans-la-vie\/\"]}]},{\"@type\":\"BreadcrumbList\",\"@id\":\"https:\/\/snuipp86.fr\/index.php\/2016\/03\/02\/appel-un-8-mars-de-lutte-pour-lgalit-femmes-hommes-au-travail-et-dans-la-vie\/#breadcrumb\",\"itemListElement\":[{\"@type\":\"ListItem\",\"position\":1,\"name\":\"Accueil\",\"item\":\"https:\/\/snuipp86.fr\/\"},{\"@type\":\"ListItem\",\"position\":2,\"name\":\"Appel \u00e0 un 8 mars de lutte pour l&#8217;\u00e9galit\u00e9 femmes\/hommes au travail et dans la vie !\"}]},{\"@type\":\"WebSite\",\"@id\":\"https:\/\/snuipp86.fr\/#website\",\"url\":\"https:\/\/snuipp86.fr\/\",\"name\":\"FSU-SNUipp 86\",\"description\":\"Des id\u00e9es qui font l&#039;\u00e9cole\",\"potentialAction\":[{\"@type\":\"SearchAction\",\"target\":{\"@type\":\"EntryPoint\",\"urlTemplate\":\"https:\/\/snuipp86.fr\/?s={search_term_string}\"},\"query-input\":{\"@type\":\"PropertyValueSpecification\",\"valueRequired\":true,\"valueName\":\"search_term_string\"}}],\"inLanguage\":\"fr-FR\"},{\"@type\":\"Person\",\"@id\":\"https:\/\/snuipp86.fr\/#\/schema\/person\/901b28b9ae1c7a63a6a940102e52a7a2\",\"name\":\"WP86Admin\",\"image\":{\"@type\":\"ImageObject\",\"inLanguage\":\"fr-FR\",\"@id\":\"https:\/\/snuipp86.fr\/#\/schema\/person\/image\/\",\"url\":\"https:\/\/secure.gravatar.com\/avatar\/0099845c7ec05dc10d777d8ab4f5142c5ba316283821af2459738ad469a37a1a?s=96&d=mm&r=g\",\"contentUrl\":\"https:\/\/secure.gravatar.com\/avatar\/0099845c7ec05dc10d777d8ab4f5142c5ba316283821af2459738ad469a37a1a?s=96&d=mm&r=g\",\"caption\":\"WP86Admin\"},\"url\":\"https:\/\/snuipp86.fr\/index.php\/author\/wp86admin\/\"}]}<\/script>\n<!-- \/ Yoast SEO plugin. -->","yoast_head_json":{"title":"Appel \u00e0 un 8 mars de lutte pour l'\u00e9galit\u00e9 femmes\/hommes au travail et dans la vie ! - FSU-SNUipp 86","robots":{"index":"index","follow":"follow","max-snippet":"max-snippet:-1","max-image-preview":"max-image-preview:large","max-video-preview":"max-video-preview:-1"},"canonical":"https:\/\/snuipp86.fr\/index.php\/2016\/03\/02\/appel-un-8-mars-de-lutte-pour-lgalit-femmes-hommes-au-travail-et-dans-la-vie\/","og_locale":"fr_FR","og_type":"article","og_title":"Appel \u00e0 un 8 mars de lutte pour l'\u00e9galit\u00e9 femmes\/hommes au travail et dans la vie ! - FSU-SNUipp 86","og_description":"Le 8 mars, c'est la journ\u00e9e internationale de luttes pour les droits des femmes du monde entier ! A Poitiers, une soir\u00e9e est propos\u00e9e par le collectif 8 mars (pour le droit des femmes) en association avec le TAP Castille, le soir du 8 mars. 20h Projection du film \" No Land's song \" suivi d'un d\u00e9bat. D\u00e9claration unitaire dans le cadre de la journ\u00e9e internationale de lutte pour le droit des femmes CFE-CGC \u2013 CGT \u2013 FSU \u2013 Solidaires \u2013 UNSA Faisons de (...) - Gr\u00e8ves- Actions","og_url":"https:\/\/snuipp86.fr\/index.php\/2016\/03\/02\/appel-un-8-mars-de-lutte-pour-lgalit-femmes-hommes-au-travail-et-dans-la-vie\/","og_site_name":"FSU-SNUipp 86","article_published_time":"2016-03-02T19:21:46+00:00","author":"WP86Admin","twitter_card":"summary_large_image","twitter_misc":{"\u00c9crit par":"WP86Admin","Dur\u00e9e de lecture estim\u00e9e":"4 minutes"},"schema":{"@context":"https:\/\/schema.org","@graph":[{"@type":"WebPage","@id":"https:\/\/snuipp86.fr\/index.php\/2016\/03\/02\/appel-un-8-mars-de-lutte-pour-lgalit-femmes-hommes-au-travail-et-dans-la-vie\/","url":"https:\/\/snuipp86.fr\/index.php\/2016\/03\/02\/appel-un-8-mars-de-lutte-pour-lgalit-femmes-hommes-au-travail-et-dans-la-vie\/","name":"Appel \u00e0 un 8 mars de lutte pour l'\u00e9galit\u00e9 femmes\/hommes au travail et dans la vie ! - FSU-SNUipp 86","isPartOf":{"@id":"https:\/\/snuipp86.fr\/#website"},"datePublished":"2016-03-02T19:21:46+00:00","author":{"@id":"https:\/\/snuipp86.fr\/#\/schema\/person\/901b28b9ae1c7a63a6a940102e52a7a2"},"breadcrumb":{"@id":"https:\/\/snuipp86.fr\/index.php\/2016\/03\/02\/appel-un-8-mars-de-lutte-pour-lgalit-femmes-hommes-au-travail-et-dans-la-vie\/#breadcrumb"},"inLanguage":"fr-FR","potentialAction":[{"@type":"ReadAction","target":["https:\/\/snuipp86.fr\/index.php\/2016\/03\/02\/appel-un-8-mars-de-lutte-pour-lgalit-femmes-hommes-au-travail-et-dans-la-vie\/"]}]},{"@type":"BreadcrumbList","@id":"https:\/\/snuipp86.fr\/index.php\/2016\/03\/02\/appel-un-8-mars-de-lutte-pour-lgalit-femmes-hommes-au-travail-et-dans-la-vie\/#breadcrumb","itemListElement":[{"@type":"ListItem","position":1,"name":"Accueil","item":"https:\/\/snuipp86.fr\/"},{"@type":"ListItem","position":2,"name":"Appel \u00e0 un 8 mars de lutte pour l&#8217;\u00e9galit\u00e9 femmes\/hommes au travail et dans la vie !"}]},{"@type":"WebSite","@id":"https:\/\/snuipp86.fr\/#website","url":"https:\/\/snuipp86.fr\/","name":"FSU-SNUipp 86","description":"Des id\u00e9es qui font l&#039;\u00e9cole","potentialAction":[{"@type":"SearchAction","target":{"@type":"EntryPoint","urlTemplate":"https:\/\/snuipp86.fr\/?s={search_term_string}"},"query-input":{"@type":"PropertyValueSpecification","valueRequired":true,"valueName":"search_term_string"}}],"inLanguage":"fr-FR"},{"@type":"Person","@id":"https:\/\/snuipp86.fr\/#\/schema\/person\/901b28b9ae1c7a63a6a940102e52a7a2","name":"WP86Admin","image":{"@type":"ImageObject","inLanguage":"fr-FR","@id":"https:\/\/snuipp86.fr\/#\/schema\/person\/image\/","url":"https:\/\/secure.gravatar.com\/avatar\/0099845c7ec05dc10d777d8ab4f5142c5ba316283821af2459738ad469a37a1a?s=96&d=mm&r=g","contentUrl":"https:\/\/secure.gravatar.com\/avatar\/0099845c7ec05dc10d777d8ab4f5142c5ba316283821af2459738ad469a37a1a?s=96&d=mm&r=g","caption":"WP86Admin"},"url":"https:\/\/snuipp86.fr\/index.php\/author\/wp86admin\/"}]}},"_links":{"self":[{"href":"https:\/\/snuipp86.fr\/index.php\/wp-json\/wp\/v2\/posts\/618","targetHints":{"allow":["GET"]}}],"collection":[{"href":"https:\/\/snuipp86.fr\/index.php\/wp-json\/wp\/v2\/posts"}],"about":[{"href":"https:\/\/snuipp86.fr\/index.php\/wp-json\/wp\/v2\/types\/post"}],"author":[{"embeddable":true,"href":"https:\/\/snuipp86.fr\/index.php\/wp-json\/wp\/v2\/users\/1"}],"replies":[{"embeddable":true,"href":"https:\/\/snuipp86.fr\/index.php\/wp-json\/wp\/v2\/comments?post=618"}],"version-history":[{"count":0,"href":"https:\/\/snuipp86.fr\/index.php\/wp-json\/wp\/v2\/posts\/618\/revisions"}],"wp:attachment":[{"href":"https:\/\/snuipp86.fr\/index.php\/wp-json\/wp\/v2\/media?parent=618"}],"wp:term":[{"taxonomy":"category","embeddable":true,"href":"https:\/\/snuipp86.fr\/index.php\/wp-json\/wp\/v2\/categories?post=618"},{"taxonomy":"post_tag","embeddable":true,"href":"https:\/\/snuipp86.fr\/index.php\/wp-json\/wp\/v2\/tags?post=618"}],"curies":[{"name":"wp","href":"https:\/\/api.w.org\/{rel}","templated":true}]}}