{"id":631,"date":"2016-02-10T17:33:33","date_gmt":"2016-02-10T17:33:33","guid":{"rendered":"http:\/\/localhost\/wordpress\/2016\/02\/10\/mise-en-application-de-la-nouvelle-circulaire-segpa-la-rentre-2016-les-points-de-vigilance\/"},"modified":"2016-02-10T17:33:33","modified_gmt":"2016-02-10T17:33:33","slug":"mise-en-application-de-la-nouvelle-circulaire-segpa-la-rentre-2016-les-points-de-vigilance","status":"publish","type":"post","link":"https:\/\/snuipp86.fr\/index.php\/2016\/02\/10\/mise-en-application-de-la-nouvelle-circulaire-segpa-la-rentre-2016-les-points-de-vigilance\/","title":{"rendered":"Mise en application de la nouvelle circulaire SEGPA \u00e0 la rentr\u00e9e 2016 : les points de vigilance"},"content":{"rendered":"<p><img decoding=\"async\" src=\"https:\/\/snuipp86.fr\/wp-content\/spip\/IMG\/arton3005.jpg\" alt=\"\" align=\"right\" width=\"265\" height=\"190\" class=\"spip_logos\" \/><\/p>\n<div class='rss_texte'>\n<p class=\"spip\">Actuellement, dans certains d\u00e9partements et certains \u00e9tablissements, la nouvelle circulaire SEGPA parue en octobre dernier pour la pr\u00e9paration de la rentr\u00e9e prochaine donne lieu \u00e0 des interpr\u00e9tations erron\u00e9es. Aucune organisation ne doit \u00eatre impos\u00e9e d&rsquo;en haut et aucun moyen ne doit \u00eatre supprim\u00e9. En p\u00e9riode de carte scolaire (r\u00e9partition des moyens et heures et en postes), le SNUipp-FSU d\u00e9fend la structure SEGPA, ses enseignants et ses \u00e9l\u00e8ves qui sont des coll\u00e9giens \u00e0 part enti\u00e8re.<\/p>\n<h3 class=\"spip\" id=\"outil_sommaire_0\"><a title=\"Sommaire\" href=\"http:\/\/86.snuipp.fr\/spip.php?page=backend&#038;id_rubrique=#outil_sommaire\" class=\"sommaire_ancre\"> <\/a>Ce que dit r\u00e9ellement la circulaire<\/h3>\n<p class=\"spip\"><img decoding=\"async\" src=\"https:\/\/snuipp86.fr\/wp-content\/spip\/cache-vignettes\/L8xH11\/puce-68c92.gif\" width='8' height='11' alt=\"-\" style='height:11px;width:8px;' class='' \/> <strong class=\"spip\">Le public concern\u00e9<\/strong><\/p>\n<p class=\"spip\">La SEGPA accueille des \u00e9l\u00e8ves \u00ab pr\u00e9sentant des difficult\u00e9s scolaires graves et persistantes auxquelles n&rsquo;ont pu rem\u00e9dier les actions de pr\u00e9vention, d&rsquo;aide et de soutien. \u00bb Par ailleurs, \u00ab La SEGPA n&rsquo;a pas vocation \u00e0 accueillir des \u00e9l\u00e8ves au seul titre de troubles du comportement ou de difficult\u00e9s directement li\u00e9es \u00e0 la compr\u00e9hension de la langue fran\u00e7aise. \u00bb<\/p>\n<p class=\"spip\"><strong class=\"spip\">L&rsquo;orientation<\/strong><\/p>\n<p class=\"spip\">La circulaire introduit un nouveau dispositif : la pr\u00e9-orientation. Le dossier est constitu\u00e9 durant la deuxi\u00e8me ann\u00e9e du cycle de consolidation (CM2), en suivant les \u00e9tapes suivantes : bilan psychologique, conseil des ma\u00eetres, IEN et Commission d\u00e9partementale d&rsquo;orientation vers les enseignements adapt\u00e9s du second degr\u00e9 (CDOEA). Le redoublement n&rsquo;est plus une condition n\u00e9cessaire et obligatoire.<\/p>\n<p class=\"spip\">L&rsquo;orientation en cours de coll\u00e8ge concerne les \u00e9l\u00e8ves pr\u00e9-orient\u00e9s, dont le dossier peut \u00eatre compl\u00e9t\u00e9, ainsi que les \u00e9l\u00e8ves de 6\u00e8me dont les difficult\u00e9s sont \u00ab telles qu&rsquo;elles risquent de ne pouvoir \u00eatre r\u00e9solues dans un dispositif d&rsquo;aide \u00bb. Le conseil de classe peut alors proposer une orientation en SEGPA. \u00ab Le dossier d&rsquo;orientation est constitu\u00e9 en tenant compte de la proc\u00e9dure d&rsquo;orientation adapt\u00e9e (CDOEA) \u00bb.<\/p>\n<p class=\"spip\">A noter que les \u00e9l\u00e8ves en situation de handicap peuvent \u00e9galement \u00eatre orient\u00e9s en SEGPA par la Commission des droits et de l&rsquo;autonomie des personnes handicap\u00e9es (CDAPH) de la MDPH.<\/p>\n<p class=\"spip\"><strong class=\"spip\">L&rsquo;inscription<\/strong><\/p>\n<p class=\"spip\">L&rsquo;article 3 du texte pr\u00e9cise que \u00ab Les \u00e9l\u00e8ves ayant fait l&rsquo;objet d&rsquo;une d\u00e9cision de pr\u00e9-orientation ou d&rsquo;orientation sont inscrits en SEGPA. \u00bb La classe de 6\u00e8me SEGPA est donc maintenue au sein d&rsquo;un coll\u00e8ge o\u00f9 \u00ab la SEGPA doit avoir une taille minimale de quatre divisions (de la sixi\u00e8me \u00e0 la troisi\u00e8me) pour permettre aux \u00e9l\u00e8ves d&rsquo;accomplir un cursus complet dans un m\u00eame coll\u00e8ge. \u00bb<\/p>\n<p class=\"spip\"><strong class=\"spip\">La dotation<\/strong><\/p>\n<p class=\"spip\">\u00ab Les enseignements en SEGPA b\u00e9n\u00e9ficient d&rsquo;une dotation horaire, fl\u00e9ch\u00e9e et identifi\u00e9e au sein de la dotation horaire globale du coll\u00e8ge, affect\u00e9e sp\u00e9cifiquement \u00e0 la SEGPA. \u00bb Celle-ci doit permettre de \u00ab couvrir les heures d&rsquo;enseignement dues aux \u00e9l\u00e8ves de SEGPA \u00bb et \u00ab favoriser les pratiques p\u00e9dagogiques innovantes \u00bb.<\/p>\n<p class=\"spip\">Attention : le minist\u00e8re a confirm\u00e9 que les SEGPA \u00e9taient concern\u00e9es par l&rsquo;article 7 de l&rsquo;arr\u00eat\u00e9 coll\u00e8ge qui attribue les marges horaires suppl\u00e9mentaires (2,45h par division \u2013 y compris celles de SEGPA &#8211; pour la rentr\u00e9e 2016). Pourtant, la majorit\u00e9 des \u00e9tablissements comportant des classes SEGPA ne b\u00e9n\u00e9ficient pas de cette dotation. Dans d&rsquo;autres, elle est r\u00e9cup\u00e9r\u00e9e pour la mise en \u0153uvre de la r\u00e9forme du coll\u00e8ge. Ces situations ne sont pas acceptables. Une SEGPA plus int\u00e9gr\u00e9e au coll\u00e8ge doit b\u00e9n\u00e9ficier des moyens pour la r\u00e9ussite des \u00e9l\u00e8ves<\/p>\n<h3 class=\"spip\" id=\"outil_sommaire_1\"><a title=\"Sommaire\" href=\"http:\/\/86.snuipp.fr\/spip.php?page=backend&#038;id_rubrique=#outil_sommaire\" class=\"sommaire_ancre\"> <\/a>L&rsquo;organisation p\u00e9dagogique<\/h3>\n<p class=\"spip\"><strong class=\"spip\">Quid de l&rsquo;inclusion ?<\/strong><\/p>\n<p class=\"spip\">L&rsquo;article 1 de la circulaire pr\u00e9cise que \u00ab L&rsquo;inclusion peut favoriser l&rsquo;\u00e9volution des comp\u00e9tences et influer sur le comportement des \u00e9l\u00e8ves qui en b\u00e9n\u00e9ficient. \u00bb Cette affirmation n&rsquo;est cependant pas assortie de l&rsquo;obligation de mettre en place des dispositifs particuliers autres que ceux d\u00e9j\u00e0 largement pratiqu\u00e9s, et il est m\u00eame r\u00e9affirm\u00e9 que la SEGPA, \u00ab au sein d&rsquo;un coll\u00e8ge plus inclusif \u00bb, est \u00ab bien identifi\u00e9e comme structure \u00bb. De m\u00eame, il est rappel\u00e9 que \u00ab les \u00e9l\u00e8ves b\u00e9n\u00e9ficiant de la SEGPA participent \u00e0 la vie de l&rsquo;\u00e9tablissement et aux activit\u00e9s communes du coll\u00e8ge : centre de documentation et d&rsquo;information, clubs, foyer socio-\u00e9ducatif, association sportive, comit\u00e9 d&rsquo;\u00e9ducation \u00e0 la sant\u00e9 et \u00e0 la citoyennet\u00e9, travaux des d\u00e9l\u00e9gu\u00e9s, voyages scolaires, etc. \u00bb<\/p>\n<p class=\"spip\"><strong class=\"spip\">Une organisation p\u00e9dagogique en fonction des besoins<\/strong><\/p>\n<p class=\"spip\">Il faut avancer en fonction des besoins des \u00e9l\u00e8ves. C&rsquo;est le sens de la circulaire avec \u00ab une organisation sp\u00e9cifique de la scolarisation des \u00e9l\u00e8ves du coll\u00e8ge qui b\u00e9n\u00e9ficient de la SEGPA est mise en place avec, \u00e0 la fois, un enseignement au sein de la SEGPA, des s\u00e9quences d&rsquo;apprentissage avec les \u00e9l\u00e8ves des autres classes et la mise en \u0153uvre de projets communs entre les classes de SEGPA et les classes de coll\u00e8ge \u00bb.<\/p>\n<p class=\"spip\"><strong class=\"spip\"><br \/>\nUne organisation p\u00e9dagogique construite par les enseignants<\/strong><\/p>\n<p class=\"spip\">\u00ab Les professeurs des \u00e9coles sp\u00e9cialis\u00e9s (option F), ainsi que leurs coll\u00e8gues professeurs de coll\u00e8ge et professeurs de lyc\u00e9e professionnel, sont garants de la qualit\u00e9 des enseignements dispens\u00e9s aux \u00e9l\u00e8ves de SEGPA. Ils construisent les progressions et les projets d&rsquo;enseignement adapt\u00e9s aux besoins des \u00e9l\u00e8ves. \u00bb<\/p>\n<p class=\"spip\">L\u00e0 aussi, aucune ambigu\u00eft\u00e9 : l&rsquo;organisation p\u00e9dagogique doit \u00eatre construite par les \u00e9quipes enseignantes qui connaissent les besoins de leurs \u00e9l\u00e8ves. Rien ne peut \u00eatre impos\u00e9 d&rsquo;en haut dans une logique bureaucratique ou comptable. C&rsquo;est \u00e0 ces conditions d&rsquo;adh\u00e9sion et d&rsquo;\u00e9laboration par les enseignants que \u00ab des situations d&rsquo;enseignement conjointes avec des \u00e9l\u00e8ves qui b\u00e9n\u00e9ficient de la SEGPA et d&rsquo;autres \u00e9l\u00e8ves du coll\u00e8ge seront, \u00e0 chaque fois que c&rsquo;est possible, recherch\u00e9es. \u00bb<\/p>\n<p class=\"spip\">Lire aussi : <br \/><img decoding=\"async\" src=\"https:\/\/snuipp86.fr\/wp-content\/spip\/cache-vignettes\/L8xH11\/puce-68c92.gif\" width='8' height='11' alt=\"-\" style='height:11px;width:8px;' class='' \/> <a href=\"http:\/\/www.snuipp.fr\/Preparation-de-la-rentree-2016\" class=\"spip_out\">Pr\u00e9paration de la rentr\u00e9e 2016 pour les SEGPA : Les r\u00e9ponses du minist\u00e8re<\/a><\/p>\n<\/div>\n","protected":false},"excerpt":{"rendered":"<p>Le SNUipp-FSU propose un d\u00e9cryptage de la nouvelle circulaire SEGPA qui doit entrer en application \u00e0 la rentr\u00e9e 2016 et donne lieu dans certains d\u00e9partements \u00e0 des interpr\u00e9tations erron\u00e9es de la part de l&rsquo;administration.<br \/>\n&#8211;<br \/>\n<a href=\"http:\/\/86.snuipp.fr\/spip.php?rubrique296\" rel=\"directory\">Directions d&rsquo;\u00e9coles<\/a><br \/>\n\/<br \/>\n<a href=\"http:\/\/86.snuipp.fr\/spip.php?mot309\" rel=\"tag\">Les textes disent&#8230;<\/a>,<br \/>\n<a href=\"http:\/\/86.snuipp.fr\/spip.php?mot310\" rel=\"tag\">Les r\u00e9formes<\/a>,<br \/>\n<a href=\"http:\/\/86.snuipp.fr\/spip.php?mot321\" rel=\"tag\">A.S.H<\/a><\/p>\n","protected":false},"author":1,"featured_media":0,"comment_status":"open","ping_status":"open","sticky":false,"template":"","format":"standard","meta":{"footnotes":""},"categories":[14],"tags":[],"class_list":["post-631","post","type-post","status-publish","format-standard","hentry","category-a-la-une"],"yoast_head":"<!-- This site is optimized with the Yoast SEO plugin v26.6 - https:\/\/yoast.com\/wordpress\/plugins\/seo\/ -->\n<title>Mise en application de la nouvelle circulaire SEGPA \u00e0 la rentr\u00e9e 2016 : les points de vigilance - FSU-SNUipp 86<\/title>\n<meta name=\"robots\" content=\"index, follow, max-snippet:-1, max-image-preview:large, max-video-preview:-1\" \/>\n<link rel=\"canonical\" href=\"https:\/\/snuipp86.fr\/index.php\/2016\/02\/10\/mise-en-application-de-la-nouvelle-circulaire-segpa-la-rentre-2016-les-points-de-vigilance\/\" \/>\n<meta property=\"og:locale\" content=\"fr_FR\" \/>\n<meta property=\"og:type\" content=\"article\" \/>\n<meta property=\"og:title\" content=\"Mise en application de la nouvelle circulaire SEGPA \u00e0 la rentr\u00e9e 2016 : les points de vigilance - FSU-SNUipp 86\" \/>\n<meta property=\"og:description\" content=\"Le SNUipp-FSU propose un d\u00e9cryptage de la nouvelle circulaire SEGPA qui doit entrer en application \u00e0 la rentr\u00e9e 2016 et donne lieu dans certains d\u00e9partements \u00e0 des interpr\u00e9tations erron\u00e9es de la part de l&#039;administration. - Directions d&#039;\u00e9coles \/ Les textes disent..., Les r\u00e9formes, A.S.H\" \/>\n<meta property=\"og:url\" content=\"https:\/\/snuipp86.fr\/index.php\/2016\/02\/10\/mise-en-application-de-la-nouvelle-circulaire-segpa-la-rentre-2016-les-points-de-vigilance\/\" \/>\n<meta property=\"og:site_name\" content=\"FSU-SNUipp 86\" \/>\n<meta property=\"article:published_time\" content=\"2016-02-10T17:33:33+00:00\" \/>\n<meta property=\"og:image\" content=\"http:\/\/snuipp86.fr\/wp-content\/spip\/IMG\/arton3005.jpg\" \/>\n<meta name=\"author\" content=\"WP86Admin\" \/>\n<meta name=\"twitter:card\" content=\"summary_large_image\" \/>\n<meta name=\"twitter:label1\" content=\"\u00c9crit par\" \/>\n\t<meta name=\"twitter:data1\" content=\"WP86Admin\" \/>\n\t<meta name=\"twitter:label2\" content=\"Dur\u00e9e de lecture estim\u00e9e\" \/>\n\t<meta name=\"twitter:data2\" content=\"5 minutes\" \/>\n<script type=\"application\/ld+json\" class=\"yoast-schema-graph\">{\"@context\":\"https:\/\/schema.org\",\"@graph\":[{\"@type\":\"WebPage\",\"@id\":\"https:\/\/snuipp86.fr\/index.php\/2016\/02\/10\/mise-en-application-de-la-nouvelle-circulaire-segpa-la-rentre-2016-les-points-de-vigilance\/\",\"url\":\"https:\/\/snuipp86.fr\/index.php\/2016\/02\/10\/mise-en-application-de-la-nouvelle-circulaire-segpa-la-rentre-2016-les-points-de-vigilance\/\",\"name\":\"Mise en application de la nouvelle circulaire SEGPA \u00e0 la rentr\u00e9e 2016 : les points de vigilance - FSU-SNUipp 86\",\"isPartOf\":{\"@id\":\"https:\/\/snuipp86.fr\/#website\"},\"primaryImageOfPage\":{\"@id\":\"https:\/\/snuipp86.fr\/index.php\/2016\/02\/10\/mise-en-application-de-la-nouvelle-circulaire-segpa-la-rentre-2016-les-points-de-vigilance\/#primaryimage\"},\"image\":{\"@id\":\"https:\/\/snuipp86.fr\/index.php\/2016\/02\/10\/mise-en-application-de-la-nouvelle-circulaire-segpa-la-rentre-2016-les-points-de-vigilance\/#primaryimage\"},\"thumbnailUrl\":\"http:\/\/snuipp86.fr\/wp-content\/spip\/IMG\/arton3005.jpg\",\"datePublished\":\"2016-02-10T17:33:33+00:00\",\"author\":{\"@id\":\"https:\/\/snuipp86.fr\/#\/schema\/person\/901b28b9ae1c7a63a6a940102e52a7a2\"},\"breadcrumb\":{\"@id\":\"https:\/\/snuipp86.fr\/index.php\/2016\/02\/10\/mise-en-application-de-la-nouvelle-circulaire-segpa-la-rentre-2016-les-points-de-vigilance\/#breadcrumb\"},\"inLanguage\":\"fr-FR\",\"potentialAction\":[{\"@type\":\"ReadAction\",\"target\":[\"https:\/\/snuipp86.fr\/index.php\/2016\/02\/10\/mise-en-application-de-la-nouvelle-circulaire-segpa-la-rentre-2016-les-points-de-vigilance\/\"]}]},{\"@type\":\"ImageObject\",\"inLanguage\":\"fr-FR\",\"@id\":\"https:\/\/snuipp86.fr\/index.php\/2016\/02\/10\/mise-en-application-de-la-nouvelle-circulaire-segpa-la-rentre-2016-les-points-de-vigilance\/#primaryimage\",\"url\":\"http:\/\/snuipp86.fr\/wp-content\/spip\/IMG\/arton3005.jpg\",\"contentUrl\":\"http:\/\/snuipp86.fr\/wp-content\/spip\/IMG\/arton3005.jpg\"},{\"@type\":\"BreadcrumbList\",\"@id\":\"https:\/\/snuipp86.fr\/index.php\/2016\/02\/10\/mise-en-application-de-la-nouvelle-circulaire-segpa-la-rentre-2016-les-points-de-vigilance\/#breadcrumb\",\"itemListElement\":[{\"@type\":\"ListItem\",\"position\":1,\"name\":\"Accueil\",\"item\":\"https:\/\/snuipp86.fr\/\"},{\"@type\":\"ListItem\",\"position\":2,\"name\":\"Mise en application de la nouvelle circulaire SEGPA \u00e0 la rentr\u00e9e 2016 : les points de vigilance\"}]},{\"@type\":\"WebSite\",\"@id\":\"https:\/\/snuipp86.fr\/#website\",\"url\":\"https:\/\/snuipp86.fr\/\",\"name\":\"FSU-SNUipp 86\",\"description\":\"Des id\u00e9es qui font l&#039;\u00e9cole\",\"potentialAction\":[{\"@type\":\"SearchAction\",\"target\":{\"@type\":\"EntryPoint\",\"urlTemplate\":\"https:\/\/snuipp86.fr\/?s={search_term_string}\"},\"query-input\":{\"@type\":\"PropertyValueSpecification\",\"valueRequired\":true,\"valueName\":\"search_term_string\"}}],\"inLanguage\":\"fr-FR\"},{\"@type\":\"Person\",\"@id\":\"https:\/\/snuipp86.fr\/#\/schema\/person\/901b28b9ae1c7a63a6a940102e52a7a2\",\"name\":\"WP86Admin\",\"image\":{\"@type\":\"ImageObject\",\"inLanguage\":\"fr-FR\",\"@id\":\"https:\/\/snuipp86.fr\/#\/schema\/person\/image\/\",\"url\":\"https:\/\/secure.gravatar.com\/avatar\/0099845c7ec05dc10d777d8ab4f5142c5ba316283821af2459738ad469a37a1a?s=96&d=mm&r=g\",\"contentUrl\":\"https:\/\/secure.gravatar.com\/avatar\/0099845c7ec05dc10d777d8ab4f5142c5ba316283821af2459738ad469a37a1a?s=96&d=mm&r=g\",\"caption\":\"WP86Admin\"},\"url\":\"https:\/\/snuipp86.fr\/index.php\/author\/wp86admin\/\"}]}<\/script>\n<!-- \/ Yoast SEO plugin. -->","yoast_head_json":{"title":"Mise en application de la nouvelle circulaire SEGPA \u00e0 la rentr\u00e9e 2016 : les points de vigilance - FSU-SNUipp 86","robots":{"index":"index","follow":"follow","max-snippet":"max-snippet:-1","max-image-preview":"max-image-preview:large","max-video-preview":"max-video-preview:-1"},"canonical":"https:\/\/snuipp86.fr\/index.php\/2016\/02\/10\/mise-en-application-de-la-nouvelle-circulaire-segpa-la-rentre-2016-les-points-de-vigilance\/","og_locale":"fr_FR","og_type":"article","og_title":"Mise en application de la nouvelle circulaire SEGPA \u00e0 la rentr\u00e9e 2016 : les points de vigilance - FSU-SNUipp 86","og_description":"Le SNUipp-FSU propose un d\u00e9cryptage de la nouvelle circulaire SEGPA qui doit entrer en application \u00e0 la rentr\u00e9e 2016 et donne lieu dans certains d\u00e9partements \u00e0 des interpr\u00e9tations erron\u00e9es de la part de l'administration. - Directions d'\u00e9coles \/ Les textes disent..., Les r\u00e9formes, A.S.H","og_url":"https:\/\/snuipp86.fr\/index.php\/2016\/02\/10\/mise-en-application-de-la-nouvelle-circulaire-segpa-la-rentre-2016-les-points-de-vigilance\/","og_site_name":"FSU-SNUipp 86","article_published_time":"2016-02-10T17:33:33+00:00","og_image":[{"url":"http:\/\/snuipp86.fr\/wp-content\/spip\/IMG\/arton3005.jpg","type":"","width":"","height":""}],"author":"WP86Admin","twitter_card":"summary_large_image","twitter_misc":{"\u00c9crit par":"WP86Admin","Dur\u00e9e de lecture estim\u00e9e":"5 minutes"},"schema":{"@context":"https:\/\/schema.org","@graph":[{"@type":"WebPage","@id":"https:\/\/snuipp86.fr\/index.php\/2016\/02\/10\/mise-en-application-de-la-nouvelle-circulaire-segpa-la-rentre-2016-les-points-de-vigilance\/","url":"https:\/\/snuipp86.fr\/index.php\/2016\/02\/10\/mise-en-application-de-la-nouvelle-circulaire-segpa-la-rentre-2016-les-points-de-vigilance\/","name":"Mise en application de la nouvelle circulaire SEGPA \u00e0 la rentr\u00e9e 2016 : les points de vigilance - FSU-SNUipp 86","isPartOf":{"@id":"https:\/\/snuipp86.fr\/#website"},"primaryImageOfPage":{"@id":"https:\/\/snuipp86.fr\/index.php\/2016\/02\/10\/mise-en-application-de-la-nouvelle-circulaire-segpa-la-rentre-2016-les-points-de-vigilance\/#primaryimage"},"image":{"@id":"https:\/\/snuipp86.fr\/index.php\/2016\/02\/10\/mise-en-application-de-la-nouvelle-circulaire-segpa-la-rentre-2016-les-points-de-vigilance\/#primaryimage"},"thumbnailUrl":"http:\/\/snuipp86.fr\/wp-content\/spip\/IMG\/arton3005.jpg","datePublished":"2016-02-10T17:33:33+00:00","author":{"@id":"https:\/\/snuipp86.fr\/#\/schema\/person\/901b28b9ae1c7a63a6a940102e52a7a2"},"breadcrumb":{"@id":"https:\/\/snuipp86.fr\/index.php\/2016\/02\/10\/mise-en-application-de-la-nouvelle-circulaire-segpa-la-rentre-2016-les-points-de-vigilance\/#breadcrumb"},"inLanguage":"fr-FR","potentialAction":[{"@type":"ReadAction","target":["https:\/\/snuipp86.fr\/index.php\/2016\/02\/10\/mise-en-application-de-la-nouvelle-circulaire-segpa-la-rentre-2016-les-points-de-vigilance\/"]}]},{"@type":"ImageObject","inLanguage":"fr-FR","@id":"https:\/\/snuipp86.fr\/index.php\/2016\/02\/10\/mise-en-application-de-la-nouvelle-circulaire-segpa-la-rentre-2016-les-points-de-vigilance\/#primaryimage","url":"http:\/\/snuipp86.fr\/wp-content\/spip\/IMG\/arton3005.jpg","contentUrl":"http:\/\/snuipp86.fr\/wp-content\/spip\/IMG\/arton3005.jpg"},{"@type":"BreadcrumbList","@id":"https:\/\/snuipp86.fr\/index.php\/2016\/02\/10\/mise-en-application-de-la-nouvelle-circulaire-segpa-la-rentre-2016-les-points-de-vigilance\/#breadcrumb","itemListElement":[{"@type":"ListItem","position":1,"name":"Accueil","item":"https:\/\/snuipp86.fr\/"},{"@type":"ListItem","position":2,"name":"Mise en application de la nouvelle circulaire SEGPA \u00e0 la rentr\u00e9e 2016 : les points de vigilance"}]},{"@type":"WebSite","@id":"https:\/\/snuipp86.fr\/#website","url":"https:\/\/snuipp86.fr\/","name":"FSU-SNUipp 86","description":"Des id\u00e9es qui font l&#039;\u00e9cole","potentialAction":[{"@type":"SearchAction","target":{"@type":"EntryPoint","urlTemplate":"https:\/\/snuipp86.fr\/?s={search_term_string}"},"query-input":{"@type":"PropertyValueSpecification","valueRequired":true,"valueName":"search_term_string"}}],"inLanguage":"fr-FR"},{"@type":"Person","@id":"https:\/\/snuipp86.fr\/#\/schema\/person\/901b28b9ae1c7a63a6a940102e52a7a2","name":"WP86Admin","image":{"@type":"ImageObject","inLanguage":"fr-FR","@id":"https:\/\/snuipp86.fr\/#\/schema\/person\/image\/","url":"https:\/\/secure.gravatar.com\/avatar\/0099845c7ec05dc10d777d8ab4f5142c5ba316283821af2459738ad469a37a1a?s=96&d=mm&r=g","contentUrl":"https:\/\/secure.gravatar.com\/avatar\/0099845c7ec05dc10d777d8ab4f5142c5ba316283821af2459738ad469a37a1a?s=96&d=mm&r=g","caption":"WP86Admin"},"url":"https:\/\/snuipp86.fr\/index.php\/author\/wp86admin\/"}]}},"_links":{"self":[{"href":"https:\/\/snuipp86.fr\/index.php\/wp-json\/wp\/v2\/posts\/631","targetHints":{"allow":["GET"]}}],"collection":[{"href":"https:\/\/snuipp86.fr\/index.php\/wp-json\/wp\/v2\/posts"}],"about":[{"href":"https:\/\/snuipp86.fr\/index.php\/wp-json\/wp\/v2\/types\/post"}],"author":[{"embeddable":true,"href":"https:\/\/snuipp86.fr\/index.php\/wp-json\/wp\/v2\/users\/1"}],"replies":[{"embeddable":true,"href":"https:\/\/snuipp86.fr\/index.php\/wp-json\/wp\/v2\/comments?post=631"}],"version-history":[{"count":0,"href":"https:\/\/snuipp86.fr\/index.php\/wp-json\/wp\/v2\/posts\/631\/revisions"}],"wp:attachment":[{"href":"https:\/\/snuipp86.fr\/index.php\/wp-json\/wp\/v2\/media?parent=631"}],"wp:term":[{"taxonomy":"category","embeddable":true,"href":"https:\/\/snuipp86.fr\/index.php\/wp-json\/wp\/v2\/categories?post=631"},{"taxonomy":"post_tag","embeddable":true,"href":"https:\/\/snuipp86.fr\/index.php\/wp-json\/wp\/v2\/tags?post=631"}],"curies":[{"name":"wp","href":"https:\/\/api.w.org\/{rel}","templated":true}]}}