{"id":64,"date":"2019-02-10T14:37:58","date_gmt":"2019-02-10T14:37:58","guid":{"rendered":"http:\/\/localhost\/wordpress\/2019\/02\/10\/aesh-86-journe-daction-du-6-fvrier-2019\/"},"modified":"2019-02-10T14:37:58","modified_gmt":"2019-02-10T14:37:58","slug":"aesh-86-journe-daction-du-6-fvrier-2019","status":"publish","type":"post","link":"https:\/\/snuipp86.fr\/index.php\/2019\/02\/10\/aesh-86-journe-daction-du-6-fvrier-2019\/","title":{"rendered":"AESH 86 : journ\u00e9e d&rsquo;action du 6 f\u00e9vrier 2019"},"content":{"rendered":"<p><img decoding=\"async\" src=\"https:\/\/snuipp86.fr\/wp-content\/spip\/IMG\/arton4276.jpg\" alt=\"\" align=\"right\" width=\"695\" height=\"600\" class=\"spip_logos\" \/><\/p>\n<div class='rss_texte'>\n<dl class='spip_document_3882 spip_documents spip_documents_center' >\n<dt><img src='https:\/\/snuipp86.fr\/wp-content\/spip\/IMG\/jpg\/10_octobre_rouge-2.jpg' width='520' height='520' alt='JPEG - 54.2 ko' style='height:520px;width:520px;' class='' \/><\/dt>\n<\/dl>\n<p class=\"spip\">Comme partout en France ce 6 f\u00e9vrier, 5 jours avant les annonces du minist\u00e8re, les Accompagnant-es des El\u00e8ves en Situation de Handicap (AESH) de la Vienne \u00e9taient mobilis\u00e9-es \u00e0 l&rsquo;appel de 10 organisations syndicales (<strong class=\"spip\">SNUipp-FSU<\/strong>, SNES-FSU, SNEP-FSU, SNUEP-FSU, SNPI-FSU, CGT Educ&rsquo;action, SE-UNSA, SGEN-CFDT, FNEP-FP-FO et SUD Education) Un rassemblement a eu lieu devant le rectorat et une d\u00e9l\u00e9gation compos\u00e9e de 3 AESH et de 3 repr\u00e9sentant-es syndicaux ont \u00e9t\u00e9 re\u00e7u-es. L&rsquo;audience a dur\u00e9 1 heure et des sujets nationaux et locaux ont pu \u00eatre abord\u00e9s avec les 3 secr\u00e9taires g\u00e9n\u00e9raux adjoints de l&rsquo;Acad\u00e9mie et le Directeur Acad\u00e9mie de la Vienne. Si le sentiment a \u00e9t\u00e9 d&rsquo;avoir une \u00e9coute attentive avec une r\u00e9elle compr\u00e9hension, voire une g\u00e8ne, face aux difficult\u00e9s que rencontrent les AESH dans leur vie professionnelle et quotidienne, peu de r\u00e9ponses concr\u00e8tes ont \u00e9t\u00e9 apport\u00e9es. Soit parce que les r\u00e9ponses sont au niveau national comme la demande de cr\u00e9ation d&rsquo;un v\u00e9ritable statut de fonction publique ou d&rsquo;une une titularisation au bout de 2 ans de CDD, soit parce que les r\u00e9ponses qui peuvent \u00eatre fournies localement doivent avoir l&rsquo;accord du recteur :<\/p>\n<p class=\"spip\">Au niveau du Rectorat, nous avons demand\u00e9 :<br \/>\n<br \/><img decoding=\"async\" src=\"https:\/\/snuipp86.fr\/wp-content\/spip\/cache-vignettes\/L8xH11\/puce-68c92.gif\" width='8' height='11' alt=\"-\" style='height:11px;width:8px;' class='' \/> \u2022 Une revalorisation financi\u00e8re et des perspectives d&rsquo;\u00e9volution financi\u00e8re. Le rectorat proposera une nouvelle grille salariale en mars avec un avancement aff\u00e9rent&#8230; soit enfin le respect de la circulaire datant de 2014 a rappel\u00e9 la d\u00e9l\u00e9gation. Les demandes concernant la demande d&rsquo;une prime dite \u00ab Macron \u00bb pour les AESH et le rel\u00e8vement du niveau des \u00e9chelons sont \u00e0 arbitrer par le Recteur. Il a \u00e9t\u00e9 annonc\u00e9 que suite \u00e0 l&rsquo;augmentation du SMIC, cela augmenterait automatiquement pour tous les AESH de 5 pts d&rsquo;indice : en CDD \u00e0 l&rsquo;indice 325, CDI \u00e0 330. Les avenants sont en cours de r\u00e9daction. La d\u00e9l\u00e9gation a aussi d\u00e9nonc\u00e9 la perte pour certain-es AESH de l&rsquo;indemnit\u00e9 compensatrice de la CSG et rappel\u00e9 lors du CTMEN du 30 janvier, que le minist\u00e8re a r\u00e9pondu que les AESH (ou AED) qui n&rsquo;auront pas de rupture entre deux contrats aupr\u00e8s d&rsquo;un m\u00eame employeur b\u00e9n\u00e9ficieront de l&rsquo;indemnit\u00e9 compensatrice.<br \/>\n<br \/><img decoding=\"async\" src=\"https:\/\/snuipp86.fr\/wp-content\/spip\/cache-vignettes\/L8xH11\/puce-68c92.gif\" width='8' height='11' alt=\"-\" style='height:11px;width:8px;' class='' \/> \u2022 Une d\u00e9finition du temps de travail hebdomadaire qui prend en compte le temps de pr\u00e9paration, de r\u00e9union \u2026 ainsi pour une prise en charge \u00e9l\u00e8ve de 24h, un minimum de 26 ou 27h est n\u00e9cessaire. Cela ferait passer les 60% actuels \u00e0 70%.<br \/>\n<br \/><img decoding=\"async\" src=\"https:\/\/snuipp86.fr\/wp-content\/spip\/cache-vignettes\/L8xH11\/puce-68c92.gif\" width='8' height='11' alt=\"-\" style='height:11px;width:8px;' class='' \/> \u2022 Une am\u00e9lioration des formations pour que cela soit des r\u00e9elles formations sp\u00e9cialis\u00e9es et non des informations. La demande est de b\u00e9n\u00e9ficier de formations plus sp\u00e9cifiques aux handicaps des \u00e9l\u00e8ves suivis.<br \/>\n<br \/><img decoding=\"async\" src=\"https:\/\/snuipp86.fr\/wp-content\/spip\/cache-vignettes\/L8xH11\/puce-68c92.gif\" width='8' height='11' alt=\"-\" style='height:11px;width:8px;' class='' \/> \u2022 Une am\u00e9lioration de l&rsquo;information aux AESH sur leurs conditions d&rsquo;exercice (contrats), sur leurs droits (action sociale, CPF \u2026), sur les modalit\u00e9s des d\u00e9marches \u00e0 effectuer \u2026 Un Vademecum\/guide de l&rsquo;AESH a \u00e9t\u00e9 \u00e9voqu\u00e9 et une lettre d&rsquo;info en ligne avec les derni\u00e8res publications sur l&rsquo;intranet pouvant concerner les AESH.<br \/>\n<br \/><img decoding=\"async\" src=\"https:\/\/snuipp86.fr\/wp-content\/spip\/cache-vignettes\/L8xH11\/puce-68c92.gif\" width='8' height='11' alt=\"-\" style='height:11px;width:8px;' class='' \/> \u2022 Une am\u00e9lioration de leur suivi de gestion personnelle : r\u00e9actualisation d&rsquo;indice, demandes de SFT \u2026 Faites remonter vos dossiers en souffrance aux organisations syndicales pour tenter de faire acc\u00e9l\u00e9rer les proc\u00e9dures. <br \/><img decoding=\"async\" src=\"https:\/\/snuipp86.fr\/wp-content\/spip\/cache-vignettes\/L8xH11\/puce-68c92.gif\" width='8' height='11' alt=\"-\" style='height:11px;width:8px;' class='' \/> \u2022 Une augmentation du nombre d&rsquo;AESH sur la Vienne, dont le nombre est proportionnellement inf\u00e9rieur \u00e0 ceux des autres d\u00e9partements de l&rsquo;acad\u00e9mie. L&rsquo;IA de la Vienne a expliqu\u00e9 que le diff\u00e9rentiel provenait de la MDPH qui pr\u00e9conisait moins d&rsquo;AESH en Vienne que dans les autres d\u00e9partements \u2026 La d\u00e9l\u00e9gation a quand m\u00eame indiqu\u00e9 le manque d&rsquo;AESH rempla\u00e7ant pour compenser les absences.<\/p>\n<p class=\"spip\">La d\u00e9l\u00e9gation a aussi exprim\u00e9 son avis sur les projets nationaux en cours :<br \/>\n<br \/><img decoding=\"async\" src=\"https:\/\/snuipp86.fr\/wp-content\/spip\/cache-vignettes\/L8xH11\/puce-68c92.gif\" width='8' height='11' alt=\"-\" style='height:11px;width:8px;' class='' \/> \u2022 Mise en place de 2 CDD de 3 ans avant le CDI d\u00e9crit par le gouvernement comme \u00ab un contrat de travail beaucoup plus valorisant \u00bb : la d\u00e9l\u00e9gation a d\u00e9nonc\u00e9 cette annonce qui continue \u00e0 laisser pendant 6 ans des personnels \u00e0 l&rsquo;essai, en situation pr\u00e9caire <br \/><img decoding=\"async\" src=\"https:\/\/snuipp86.fr\/wp-content\/spip\/cache-vignettes\/L8xH11\/puce-68c92.gif\" width='8' height='11' alt=\"-\" style='height:11px;width:8px;' class='' \/> \u2022 Cumul emploi en scolaire et p\u00e9riscolaire : la d\u00e9l\u00e9gation a montr\u00e9 la difficult\u00e9 de la t\u00e2che en terme d&#8217;emplois du temps, de contrats, d&rsquo;\u00e9puisement \u2026 et que le cumul de 2 emplois pr\u00e9caires n&rsquo;a jamais permis la construction d&rsquo;un contrat satisfaisant<br \/>\n<br \/><img decoding=\"async\" src=\"https:\/\/snuipp86.fr\/wp-content\/spip\/cache-vignettes\/L8xH11\/puce-68c92.gif\" width='8' height='11' alt=\"-\" style='height:11px;width:8px;' class='' \/> \u2022 La mise en place des PIAL (P\u00f4les Inclusifs d&rsquo;Accompagnement Localis\u00e9s). L&rsquo;IA a \u00e9t\u00e9 tr\u00e8s positif sur ces nouveaux dispositifs qui peuvent permettre d&rsquo;assurer un temps plein et une continuit\u00e9 sur un site aux AESH. La d\u00e9l\u00e9gation a exprim\u00e9 beaucoup de doutes sur la r\u00e9alit\u00e9 de l&rsquo;exercice au sein de ces structures o\u00f9 aucun garde-fou n&rsquo;existera (comme les pr\u00e9conisations MDPH) en terme de gestion d&#8217;emploi du temps, du nombre d&rsquo;\u00e9l\u00e8ves suivis ou de la multiplications d&rsquo;handicaps diff\u00e9rents \u00e0 appr\u00e9hender.<\/p>\n<dl class='spip_document_3878 spip_documents spip_documents_center' >\n<dt><img src='https:\/\/snuipp86.fr\/wp-content\/spip\/cache-vignettes\/L520xH271\/safe_image-f490c.jpg' width='520' height='271' alt='JPEG - 36.2 ko' style='height:271px;width:520px;' class='' \/><\/dt>\n<dt class='spip_doc_titre' style='width:350px;'><strong>rassemblement Rectorat<\/strong><\/dt>\n<\/dl>\n<p class=\"spip\">image de la Nouvelle R\u00e9publique Vienne <a href=\"https:\/\/www.lanouvellerepublique.fr\/poitiers\/poitiers-les-auxiliaires-de-vie-en-colere?fbclid=IwAR19enkkM9o7yEFp8Dt9hNs9EX-rdHMtnOvfd4RbtD57JTgtLXm3knq0iOs\" class=\"spip_out\">https:\/\/www.lanouvellerepublique.fr\/poitiers\/poitiers-les-auxiliaires-de-vie-en-colere ?fbclid=IwAR19enkkM9o7yEFp8Dt9hNs9EX-rdHMtnOvfd4RbtD57JTgtLXm3knq0iOs<\/a><\/p>\n<dl class='spip_document_3880 spip_documents spip_documents_center' >\n<dt><img src='https:\/\/snuipp86.fr\/wp-content\/spip\/cache-vignettes\/L214xH256\/arton2874-1ee0f.jpg' width='214' height='256' alt='JPEG - 17.2 ko' style='height:256px;width:214px;' class='' \/><\/dt>\n<dt class='spip_doc_titre' style='width:214px;'><strong>arton2874<\/strong><\/dt>\n<\/dl>\n<\/div>\n","protected":false},"excerpt":{"rendered":"<p>Comme partout en France ce 6 f\u00e9vrier, 5 jours avant les annonces du minist\u00e8re, les Accompagnant-es des El\u00e8ves en Situation de Handicap (AESH) de la Vienne \u00e9taient mobilis\u00e9-es \u00e0 l&rsquo;appel de 10 organisations syndicales (SNUipp-FSU, SNES-FSU, SNEP-FSU, SNUEP-FSU, SNPI-FSU, CGT Educ&rsquo;action, SE-UNSA, SGEN-CFDT, FNEP-FP-FO et SUD Education) Un rassemblement a eu lieu devant le rectorat et une d\u00e9l\u00e9gation compos\u00e9e de 3 AESH et de 3 repr\u00e9sentant-es syndicaux ont \u00e9t\u00e9 re\u00e7u-es. (&#8230;)<br \/>\n&#8211;<br \/>\n<a href=\"http:\/\/86.snuipp.fr\/spip.php?rubrique195\" rel=\"directory\">.Assistants d&rsquo;Education : AVS<\/a><\/p>\n","protected":false},"author":1,"featured_media":0,"comment_status":"open","ping_status":"open","sticky":false,"template":"","format":"standard","meta":{"footnotes":""},"categories":[14],"tags":[],"class_list":["post-64","post","type-post","status-publish","format-standard","hentry","category-a-la-une"],"yoast_head":"<!-- This site is optimized with the Yoast SEO plugin v26.6 - https:\/\/yoast.com\/wordpress\/plugins\/seo\/ -->\n<title>AESH 86 : journ\u00e9e d&#039;action du 6 f\u00e9vrier 2019 - FSU-SNUipp 86<\/title>\n<meta name=\"robots\" content=\"index, follow, max-snippet:-1, max-image-preview:large, max-video-preview:-1\" \/>\n<link rel=\"canonical\" href=\"https:\/\/snuipp86.fr\/index.php\/2019\/02\/10\/aesh-86-journe-daction-du-6-fvrier-2019\/\" \/>\n<meta property=\"og:locale\" content=\"fr_FR\" \/>\n<meta property=\"og:type\" content=\"article\" \/>\n<meta property=\"og:title\" content=\"AESH 86 : journ\u00e9e d&#039;action du 6 f\u00e9vrier 2019 - FSU-SNUipp 86\" \/>\n<meta property=\"og:description\" content=\"Comme partout en France ce 6 f\u00e9vrier, 5 jours avant les annonces du minist\u00e8re, les Accompagnant-es des El\u00e8ves en Situation de Handicap (AESH) de la Vienne \u00e9taient mobilis\u00e9-es \u00e0 l&#039;appel de 10 organisations syndicales (SNUipp-FSU, SNES-FSU, SNEP-FSU, SNUEP-FSU, SNPI-FSU, CGT Educ&#039;action, SE-UNSA, SGEN-CFDT, FNEP-FP-FO et SUD Education) Un rassemblement a eu lieu devant le rectorat et une d\u00e9l\u00e9gation compos\u00e9e de 3 AESH et de 3 repr\u00e9sentant-es syndicaux ont \u00e9t\u00e9 re\u00e7u-es. (...) - .Assistants d&#039;Education : AVS\" \/>\n<meta property=\"og:url\" content=\"https:\/\/snuipp86.fr\/index.php\/2019\/02\/10\/aesh-86-journe-daction-du-6-fvrier-2019\/\" \/>\n<meta property=\"og:site_name\" content=\"FSU-SNUipp 86\" \/>\n<meta property=\"article:published_time\" content=\"2019-02-10T14:37:58+00:00\" \/>\n<meta property=\"og:image\" content=\"http:\/\/snuipp86.fr\/wp-content\/spip\/IMG\/arton4276.jpg\" \/>\n<meta name=\"author\" content=\"WP86Admin\" \/>\n<meta name=\"twitter:card\" content=\"summary_large_image\" \/>\n<meta name=\"twitter:label1\" content=\"\u00c9crit par\" \/>\n\t<meta name=\"twitter:data1\" content=\"WP86Admin\" \/>\n\t<meta name=\"twitter:label2\" content=\"Dur\u00e9e de lecture estim\u00e9e\" \/>\n\t<meta name=\"twitter:data2\" content=\"4 minutes\" \/>\n<script type=\"application\/ld+json\" class=\"yoast-schema-graph\">{\"@context\":\"https:\/\/schema.org\",\"@graph\":[{\"@type\":\"WebPage\",\"@id\":\"https:\/\/snuipp86.fr\/index.php\/2019\/02\/10\/aesh-86-journe-daction-du-6-fvrier-2019\/\",\"url\":\"https:\/\/snuipp86.fr\/index.php\/2019\/02\/10\/aesh-86-journe-daction-du-6-fvrier-2019\/\",\"name\":\"AESH 86 : journ\u00e9e d'action du 6 f\u00e9vrier 2019 - FSU-SNUipp 86\",\"isPartOf\":{\"@id\":\"https:\/\/snuipp86.fr\/#website\"},\"primaryImageOfPage\":{\"@id\":\"https:\/\/snuipp86.fr\/index.php\/2019\/02\/10\/aesh-86-journe-daction-du-6-fvrier-2019\/#primaryimage\"},\"image\":{\"@id\":\"https:\/\/snuipp86.fr\/index.php\/2019\/02\/10\/aesh-86-journe-daction-du-6-fvrier-2019\/#primaryimage\"},\"thumbnailUrl\":\"http:\/\/snuipp86.fr\/wp-content\/spip\/IMG\/arton4276.jpg\",\"datePublished\":\"2019-02-10T14:37:58+00:00\",\"author\":{\"@id\":\"https:\/\/snuipp86.fr\/#\/schema\/person\/901b28b9ae1c7a63a6a940102e52a7a2\"},\"breadcrumb\":{\"@id\":\"https:\/\/snuipp86.fr\/index.php\/2019\/02\/10\/aesh-86-journe-daction-du-6-fvrier-2019\/#breadcrumb\"},\"inLanguage\":\"fr-FR\",\"potentialAction\":[{\"@type\":\"ReadAction\",\"target\":[\"https:\/\/snuipp86.fr\/index.php\/2019\/02\/10\/aesh-86-journe-daction-du-6-fvrier-2019\/\"]}]},{\"@type\":\"ImageObject\",\"inLanguage\":\"fr-FR\",\"@id\":\"https:\/\/snuipp86.fr\/index.php\/2019\/02\/10\/aesh-86-journe-daction-du-6-fvrier-2019\/#primaryimage\",\"url\":\"http:\/\/snuipp86.fr\/wp-content\/spip\/IMG\/arton4276.jpg\",\"contentUrl\":\"http:\/\/snuipp86.fr\/wp-content\/spip\/IMG\/arton4276.jpg\"},{\"@type\":\"BreadcrumbList\",\"@id\":\"https:\/\/snuipp86.fr\/index.php\/2019\/02\/10\/aesh-86-journe-daction-du-6-fvrier-2019\/#breadcrumb\",\"itemListElement\":[{\"@type\":\"ListItem\",\"position\":1,\"name\":\"Accueil\",\"item\":\"https:\/\/snuipp86.fr\/\"},{\"@type\":\"ListItem\",\"position\":2,\"name\":\"AESH 86 : journ\u00e9e d&#8217;action du 6 f\u00e9vrier 2019\"}]},{\"@type\":\"WebSite\",\"@id\":\"https:\/\/snuipp86.fr\/#website\",\"url\":\"https:\/\/snuipp86.fr\/\",\"name\":\"FSU-SNUipp 86\",\"description\":\"Des id\u00e9es qui font l&#039;\u00e9cole\",\"potentialAction\":[{\"@type\":\"SearchAction\",\"target\":{\"@type\":\"EntryPoint\",\"urlTemplate\":\"https:\/\/snuipp86.fr\/?s={search_term_string}\"},\"query-input\":{\"@type\":\"PropertyValueSpecification\",\"valueRequired\":true,\"valueName\":\"search_term_string\"}}],\"inLanguage\":\"fr-FR\"},{\"@type\":\"Person\",\"@id\":\"https:\/\/snuipp86.fr\/#\/schema\/person\/901b28b9ae1c7a63a6a940102e52a7a2\",\"name\":\"WP86Admin\",\"image\":{\"@type\":\"ImageObject\",\"inLanguage\":\"fr-FR\",\"@id\":\"https:\/\/snuipp86.fr\/#\/schema\/person\/image\/\",\"url\":\"https:\/\/secure.gravatar.com\/avatar\/0099845c7ec05dc10d777d8ab4f5142c5ba316283821af2459738ad469a37a1a?s=96&d=mm&r=g\",\"contentUrl\":\"https:\/\/secure.gravatar.com\/avatar\/0099845c7ec05dc10d777d8ab4f5142c5ba316283821af2459738ad469a37a1a?s=96&d=mm&r=g\",\"caption\":\"WP86Admin\"},\"url\":\"https:\/\/snuipp86.fr\/index.php\/author\/wp86admin\/\"}]}<\/script>\n<!-- \/ Yoast SEO plugin. -->","yoast_head_json":{"title":"AESH 86 : journ\u00e9e d'action du 6 f\u00e9vrier 2019 - FSU-SNUipp 86","robots":{"index":"index","follow":"follow","max-snippet":"max-snippet:-1","max-image-preview":"max-image-preview:large","max-video-preview":"max-video-preview:-1"},"canonical":"https:\/\/snuipp86.fr\/index.php\/2019\/02\/10\/aesh-86-journe-daction-du-6-fvrier-2019\/","og_locale":"fr_FR","og_type":"article","og_title":"AESH 86 : journ\u00e9e d'action du 6 f\u00e9vrier 2019 - FSU-SNUipp 86","og_description":"Comme partout en France ce 6 f\u00e9vrier, 5 jours avant les annonces du minist\u00e8re, les Accompagnant-es des El\u00e8ves en Situation de Handicap (AESH) de la Vienne \u00e9taient mobilis\u00e9-es \u00e0 l'appel de 10 organisations syndicales (SNUipp-FSU, SNES-FSU, SNEP-FSU, SNUEP-FSU, SNPI-FSU, CGT Educ'action, SE-UNSA, SGEN-CFDT, FNEP-FP-FO et SUD Education) Un rassemblement a eu lieu devant le rectorat et une d\u00e9l\u00e9gation compos\u00e9e de 3 AESH et de 3 repr\u00e9sentant-es syndicaux ont \u00e9t\u00e9 re\u00e7u-es. (...) - .Assistants d'Education : AVS","og_url":"https:\/\/snuipp86.fr\/index.php\/2019\/02\/10\/aesh-86-journe-daction-du-6-fvrier-2019\/","og_site_name":"FSU-SNUipp 86","article_published_time":"2019-02-10T14:37:58+00:00","og_image":[{"url":"http:\/\/snuipp86.fr\/wp-content\/spip\/IMG\/arton4276.jpg","type":"","width":"","height":""}],"author":"WP86Admin","twitter_card":"summary_large_image","twitter_misc":{"\u00c9crit par":"WP86Admin","Dur\u00e9e de lecture estim\u00e9e":"4 minutes"},"schema":{"@context":"https:\/\/schema.org","@graph":[{"@type":"WebPage","@id":"https:\/\/snuipp86.fr\/index.php\/2019\/02\/10\/aesh-86-journe-daction-du-6-fvrier-2019\/","url":"https:\/\/snuipp86.fr\/index.php\/2019\/02\/10\/aesh-86-journe-daction-du-6-fvrier-2019\/","name":"AESH 86 : journ\u00e9e d'action du 6 f\u00e9vrier 2019 - FSU-SNUipp 86","isPartOf":{"@id":"https:\/\/snuipp86.fr\/#website"},"primaryImageOfPage":{"@id":"https:\/\/snuipp86.fr\/index.php\/2019\/02\/10\/aesh-86-journe-daction-du-6-fvrier-2019\/#primaryimage"},"image":{"@id":"https:\/\/snuipp86.fr\/index.php\/2019\/02\/10\/aesh-86-journe-daction-du-6-fvrier-2019\/#primaryimage"},"thumbnailUrl":"http:\/\/snuipp86.fr\/wp-content\/spip\/IMG\/arton4276.jpg","datePublished":"2019-02-10T14:37:58+00:00","author":{"@id":"https:\/\/snuipp86.fr\/#\/schema\/person\/901b28b9ae1c7a63a6a940102e52a7a2"},"breadcrumb":{"@id":"https:\/\/snuipp86.fr\/index.php\/2019\/02\/10\/aesh-86-journe-daction-du-6-fvrier-2019\/#breadcrumb"},"inLanguage":"fr-FR","potentialAction":[{"@type":"ReadAction","target":["https:\/\/snuipp86.fr\/index.php\/2019\/02\/10\/aesh-86-journe-daction-du-6-fvrier-2019\/"]}]},{"@type":"ImageObject","inLanguage":"fr-FR","@id":"https:\/\/snuipp86.fr\/index.php\/2019\/02\/10\/aesh-86-journe-daction-du-6-fvrier-2019\/#primaryimage","url":"http:\/\/snuipp86.fr\/wp-content\/spip\/IMG\/arton4276.jpg","contentUrl":"http:\/\/snuipp86.fr\/wp-content\/spip\/IMG\/arton4276.jpg"},{"@type":"BreadcrumbList","@id":"https:\/\/snuipp86.fr\/index.php\/2019\/02\/10\/aesh-86-journe-daction-du-6-fvrier-2019\/#breadcrumb","itemListElement":[{"@type":"ListItem","position":1,"name":"Accueil","item":"https:\/\/snuipp86.fr\/"},{"@type":"ListItem","position":2,"name":"AESH 86 : journ\u00e9e d&#8217;action du 6 f\u00e9vrier 2019"}]},{"@type":"WebSite","@id":"https:\/\/snuipp86.fr\/#website","url":"https:\/\/snuipp86.fr\/","name":"FSU-SNUipp 86","description":"Des id\u00e9es qui font l&#039;\u00e9cole","potentialAction":[{"@type":"SearchAction","target":{"@type":"EntryPoint","urlTemplate":"https:\/\/snuipp86.fr\/?s={search_term_string}"},"query-input":{"@type":"PropertyValueSpecification","valueRequired":true,"valueName":"search_term_string"}}],"inLanguage":"fr-FR"},{"@type":"Person","@id":"https:\/\/snuipp86.fr\/#\/schema\/person\/901b28b9ae1c7a63a6a940102e52a7a2","name":"WP86Admin","image":{"@type":"ImageObject","inLanguage":"fr-FR","@id":"https:\/\/snuipp86.fr\/#\/schema\/person\/image\/","url":"https:\/\/secure.gravatar.com\/avatar\/0099845c7ec05dc10d777d8ab4f5142c5ba316283821af2459738ad469a37a1a?s=96&d=mm&r=g","contentUrl":"https:\/\/secure.gravatar.com\/avatar\/0099845c7ec05dc10d777d8ab4f5142c5ba316283821af2459738ad469a37a1a?s=96&d=mm&r=g","caption":"WP86Admin"},"url":"https:\/\/snuipp86.fr\/index.php\/author\/wp86admin\/"}]}},"_links":{"self":[{"href":"https:\/\/snuipp86.fr\/index.php\/wp-json\/wp\/v2\/posts\/64","targetHints":{"allow":["GET"]}}],"collection":[{"href":"https:\/\/snuipp86.fr\/index.php\/wp-json\/wp\/v2\/posts"}],"about":[{"href":"https:\/\/snuipp86.fr\/index.php\/wp-json\/wp\/v2\/types\/post"}],"author":[{"embeddable":true,"href":"https:\/\/snuipp86.fr\/index.php\/wp-json\/wp\/v2\/users\/1"}],"replies":[{"embeddable":true,"href":"https:\/\/snuipp86.fr\/index.php\/wp-json\/wp\/v2\/comments?post=64"}],"version-history":[{"count":0,"href":"https:\/\/snuipp86.fr\/index.php\/wp-json\/wp\/v2\/posts\/64\/revisions"}],"wp:attachment":[{"href":"https:\/\/snuipp86.fr\/index.php\/wp-json\/wp\/v2\/media?parent=64"}],"wp:term":[{"taxonomy":"category","embeddable":true,"href":"https:\/\/snuipp86.fr\/index.php\/wp-json\/wp\/v2\/categories?post=64"},{"taxonomy":"post_tag","embeddable":true,"href":"https:\/\/snuipp86.fr\/index.php\/wp-json\/wp\/v2\/tags?post=64"}],"curies":[{"name":"wp","href":"https:\/\/api.w.org\/{rel}","templated":true}]}}