{"id":643,"date":"2016-01-15T14:03:40","date_gmt":"2016-01-15T14:03:40","guid":{"rendered":"http:\/\/localhost\/wordpress\/2016\/01\/15\/condamnation-des-8-syndicalistes-de-goodyear-indigne-et-inacceptable\/"},"modified":"2016-01-15T14:03:40","modified_gmt":"2016-01-15T14:03:40","slug":"condamnation-des-8-syndicalistes-de-goodyear-indigne-et-inacceptable","status":"publish","type":"post","link":"https:\/\/snuipp86.fr\/index.php\/2016\/01\/15\/condamnation-des-8-syndicalistes-de-goodyear-indigne-et-inacceptable\/","title":{"rendered":"Condamnation des 8 syndicalistes de Goodyear : INDIGNE et INACCEPTABLE !"},"content":{"rendered":"<p><img decoding=\"async\" src=\"https:\/\/snuipp86.fr\/wp-content\/spip\/IMG\/arton2992.jpg\" alt=\"\" align=\"right\" width=\"1280\" height=\"800\" class=\"spip_logos\" \/><\/p>\n<div class='rss_texte'>\n<p class=\"spip\">Le tribunal correctionnel d&rsquo;Amiens, sur r\u00e9quisition du parquet alors que les plaintes avaient \u00e9t\u00e9 retir\u00e9es, vient de condamner huit anciens salari\u00e9s de l&rsquo;usine Goodyear \u00e0 vingt-quatre mois de prison, dont neuf fermes, avec cinq ann\u00e9es de mise \u00e0 l&rsquo;\u00e9preuve, pour \u00ab s\u00e9questration \u00bb.<\/p>\n<p class=\"spip\">Les faits poursuivis : la \u00ab retenue \u00bb, durant trente heures, entre le 6 et le 7 janvier 2014, du DRH et du directeur de la production, pour protester contre la fermeture de l&rsquo;usine, intervenue quelques jours plus tard.<\/p>\n<p class=\"spip\"><strong class=\"spip\">D\u00e9fendre les int\u00e9r\u00eats des salari\u00e9s devient donc un d\u00e9lit !<\/strong><\/p>\n<p class=\"spip\">A force de criminaliser le mouvement syndical, d&rsquo;amalgamer luttes syndicales et d\u00e9linquance, on ne permet pas de redonner aux citoyens confiance en notre justice et surtout on m\u00e9prise la d\u00e9tresse sociale, le cri d&rsquo;alarme que lancent ces salari\u00e9s qui veulent juste sauver l&#8217;emploi !<\/p>\n<p class=\"spip\">Et cela cr\u00e9e encore un peu plus de col\u00e8re, de d\u00e9fiance envers le pouvoir.<\/p>\n<p class=\"spip\"><strong class=\"spip\"><br \/>\nLa FSU soutient ces huit militants<\/strong>. Elle appelle \u00e0 signer la p\u00e9tition <a href=\"https:\/\/www.change.org\/p\/fran%C3%A7ois-hollande-l-appel-des-goodyear\" class=\"spip_out\">https:\/\/www.change.org\/p\/fran%C3%A7ois-hollande-l-appel-des\u2026<\/a> et \u00e0 participer \u00e0 toutes initiatives demandant la r\u00e9vision de ce jugement.<\/p>\n<\/div>\n","protected":false},"excerpt":{"rendered":"<p>Le tribunal correctionnel d&rsquo;Amiens, sur r\u00e9quisition du parquet alors que les plaintes avaient \u00e9t\u00e9 retir\u00e9es, vient de condamner huit anciens salari\u00e9s de l&rsquo;usine Goodyear \u00e0 vingt-quatre mois de prison, dont neuf fermes, avec cinq ann\u00e9es de mise \u00e0 l&rsquo;\u00e9preuve, pour \u00ab s\u00e9questration \u00bb. <br \/>Les faits poursuivis : la \u00ab retenue \u00bb, durant trente heures, entre le 6 et le 7 janvier 2014, du DRH et du directeur de la production, pour protester contre la fermeture de l&rsquo;usine, intervenue (&#8230;)<br \/>\n&#8211;<br \/>\n<a href=\"http:\/\/86.snuipp.fr\/spip.php?rubrique294\" rel=\"directory\">Gr\u00e8ves- Actions<\/a><\/p>\n","protected":false},"author":1,"featured_media":0,"comment_status":"open","ping_status":"open","sticky":false,"template":"","format":"standard","meta":{"footnotes":""},"categories":[14],"tags":[],"class_list":["post-643","post","type-post","status-publish","format-standard","hentry","category-a-la-une"],"yoast_head":"<!-- This site is optimized with the Yoast SEO plugin v26.6 - https:\/\/yoast.com\/wordpress\/plugins\/seo\/ -->\n<title>Condamnation des 8 syndicalistes de Goodyear : INDIGNE et INACCEPTABLE ! - FSU-SNUipp 86<\/title>\n<meta name=\"robots\" content=\"index, follow, max-snippet:-1, max-image-preview:large, max-video-preview:-1\" \/>\n<link rel=\"canonical\" href=\"https:\/\/snuipp86.fr\/index.php\/2016\/01\/15\/condamnation-des-8-syndicalistes-de-goodyear-indigne-et-inacceptable\/\" \/>\n<meta property=\"og:locale\" content=\"fr_FR\" \/>\n<meta property=\"og:type\" content=\"article\" \/>\n<meta property=\"og:title\" content=\"Condamnation des 8 syndicalistes de Goodyear : INDIGNE et INACCEPTABLE ! - FSU-SNUipp 86\" \/>\n<meta property=\"og:description\" content=\"Le tribunal correctionnel d&#039;Amiens, sur r\u00e9quisition du parquet alors que les plaintes avaient \u00e9t\u00e9 retir\u00e9es, vient de condamner huit anciens salari\u00e9s de l&#039;usine Goodyear \u00e0 vingt-quatre mois de prison, dont neuf fermes, avec cinq ann\u00e9es de mise \u00e0 l&#039;\u00e9preuve, pour \u00ab s\u00e9questration \u00bb. Les faits poursuivis : la \u00ab retenue \u00bb, durant trente heures, entre le 6 et le 7 janvier 2014, du DRH et du directeur de la production, pour protester contre la fermeture de l&#039;usine, intervenue (...) - Gr\u00e8ves- Actions\" \/>\n<meta property=\"og:url\" content=\"https:\/\/snuipp86.fr\/index.php\/2016\/01\/15\/condamnation-des-8-syndicalistes-de-goodyear-indigne-et-inacceptable\/\" \/>\n<meta property=\"og:site_name\" content=\"FSU-SNUipp 86\" \/>\n<meta property=\"article:published_time\" content=\"2016-01-15T14:03:40+00:00\" \/>\n<meta property=\"og:image\" content=\"http:\/\/snuipp86.fr\/wp-content\/spip\/IMG\/arton2992.jpg\" \/>\n<meta name=\"author\" content=\"WP86Admin\" \/>\n<meta name=\"twitter:card\" content=\"summary_large_image\" \/>\n<meta name=\"twitter:label1\" content=\"\u00c9crit par\" \/>\n\t<meta name=\"twitter:data1\" content=\"WP86Admin\" \/>\n\t<meta name=\"twitter:label2\" content=\"Dur\u00e9e de lecture estim\u00e9e\" \/>\n\t<meta name=\"twitter:data2\" content=\"1 minute\" \/>\n<script type=\"application\/ld+json\" class=\"yoast-schema-graph\">{\"@context\":\"https:\/\/schema.org\",\"@graph\":[{\"@type\":\"WebPage\",\"@id\":\"https:\/\/snuipp86.fr\/index.php\/2016\/01\/15\/condamnation-des-8-syndicalistes-de-goodyear-indigne-et-inacceptable\/\",\"url\":\"https:\/\/snuipp86.fr\/index.php\/2016\/01\/15\/condamnation-des-8-syndicalistes-de-goodyear-indigne-et-inacceptable\/\",\"name\":\"Condamnation des 8 syndicalistes de Goodyear : INDIGNE et INACCEPTABLE ! - FSU-SNUipp 86\",\"isPartOf\":{\"@id\":\"https:\/\/snuipp86.fr\/#website\"},\"primaryImageOfPage\":{\"@id\":\"https:\/\/snuipp86.fr\/index.php\/2016\/01\/15\/condamnation-des-8-syndicalistes-de-goodyear-indigne-et-inacceptable\/#primaryimage\"},\"image\":{\"@id\":\"https:\/\/snuipp86.fr\/index.php\/2016\/01\/15\/condamnation-des-8-syndicalistes-de-goodyear-indigne-et-inacceptable\/#primaryimage\"},\"thumbnailUrl\":\"http:\/\/snuipp86.fr\/wp-content\/spip\/IMG\/arton2992.jpg\",\"datePublished\":\"2016-01-15T14:03:40+00:00\",\"author\":{\"@id\":\"https:\/\/snuipp86.fr\/#\/schema\/person\/901b28b9ae1c7a63a6a940102e52a7a2\"},\"breadcrumb\":{\"@id\":\"https:\/\/snuipp86.fr\/index.php\/2016\/01\/15\/condamnation-des-8-syndicalistes-de-goodyear-indigne-et-inacceptable\/#breadcrumb\"},\"inLanguage\":\"fr-FR\",\"potentialAction\":[{\"@type\":\"ReadAction\",\"target\":[\"https:\/\/snuipp86.fr\/index.php\/2016\/01\/15\/condamnation-des-8-syndicalistes-de-goodyear-indigne-et-inacceptable\/\"]}]},{\"@type\":\"ImageObject\",\"inLanguage\":\"fr-FR\",\"@id\":\"https:\/\/snuipp86.fr\/index.php\/2016\/01\/15\/condamnation-des-8-syndicalistes-de-goodyear-indigne-et-inacceptable\/#primaryimage\",\"url\":\"http:\/\/snuipp86.fr\/wp-content\/spip\/IMG\/arton2992.jpg\",\"contentUrl\":\"http:\/\/snuipp86.fr\/wp-content\/spip\/IMG\/arton2992.jpg\"},{\"@type\":\"BreadcrumbList\",\"@id\":\"https:\/\/snuipp86.fr\/index.php\/2016\/01\/15\/condamnation-des-8-syndicalistes-de-goodyear-indigne-et-inacceptable\/#breadcrumb\",\"itemListElement\":[{\"@type\":\"ListItem\",\"position\":1,\"name\":\"Accueil\",\"item\":\"https:\/\/snuipp86.fr\/\"},{\"@type\":\"ListItem\",\"position\":2,\"name\":\"Condamnation des 8 syndicalistes de Goodyear : INDIGNE et INACCEPTABLE !\"}]},{\"@type\":\"WebSite\",\"@id\":\"https:\/\/snuipp86.fr\/#website\",\"url\":\"https:\/\/snuipp86.fr\/\",\"name\":\"FSU-SNUipp 86\",\"description\":\"Des id\u00e9es qui font l&#039;\u00e9cole\",\"potentialAction\":[{\"@type\":\"SearchAction\",\"target\":{\"@type\":\"EntryPoint\",\"urlTemplate\":\"https:\/\/snuipp86.fr\/?s={search_term_string}\"},\"query-input\":{\"@type\":\"PropertyValueSpecification\",\"valueRequired\":true,\"valueName\":\"search_term_string\"}}],\"inLanguage\":\"fr-FR\"},{\"@type\":\"Person\",\"@id\":\"https:\/\/snuipp86.fr\/#\/schema\/person\/901b28b9ae1c7a63a6a940102e52a7a2\",\"name\":\"WP86Admin\",\"image\":{\"@type\":\"ImageObject\",\"inLanguage\":\"fr-FR\",\"@id\":\"https:\/\/snuipp86.fr\/#\/schema\/person\/image\/\",\"url\":\"https:\/\/secure.gravatar.com\/avatar\/0099845c7ec05dc10d777d8ab4f5142c5ba316283821af2459738ad469a37a1a?s=96&d=mm&r=g\",\"contentUrl\":\"https:\/\/secure.gravatar.com\/avatar\/0099845c7ec05dc10d777d8ab4f5142c5ba316283821af2459738ad469a37a1a?s=96&d=mm&r=g\",\"caption\":\"WP86Admin\"},\"url\":\"https:\/\/snuipp86.fr\/index.php\/author\/wp86admin\/\"}]}<\/script>\n<!-- \/ Yoast SEO plugin. -->","yoast_head_json":{"title":"Condamnation des 8 syndicalistes de Goodyear : INDIGNE et INACCEPTABLE ! - FSU-SNUipp 86","robots":{"index":"index","follow":"follow","max-snippet":"max-snippet:-1","max-image-preview":"max-image-preview:large","max-video-preview":"max-video-preview:-1"},"canonical":"https:\/\/snuipp86.fr\/index.php\/2016\/01\/15\/condamnation-des-8-syndicalistes-de-goodyear-indigne-et-inacceptable\/","og_locale":"fr_FR","og_type":"article","og_title":"Condamnation des 8 syndicalistes de Goodyear : INDIGNE et INACCEPTABLE ! - FSU-SNUipp 86","og_description":"Le tribunal correctionnel d'Amiens, sur r\u00e9quisition du parquet alors que les plaintes avaient \u00e9t\u00e9 retir\u00e9es, vient de condamner huit anciens salari\u00e9s de l'usine Goodyear \u00e0 vingt-quatre mois de prison, dont neuf fermes, avec cinq ann\u00e9es de mise \u00e0 l'\u00e9preuve, pour \u00ab s\u00e9questration \u00bb. Les faits poursuivis : la \u00ab retenue \u00bb, durant trente heures, entre le 6 et le 7 janvier 2014, du DRH et du directeur de la production, pour protester contre la fermeture de l'usine, intervenue (...) - Gr\u00e8ves- Actions","og_url":"https:\/\/snuipp86.fr\/index.php\/2016\/01\/15\/condamnation-des-8-syndicalistes-de-goodyear-indigne-et-inacceptable\/","og_site_name":"FSU-SNUipp 86","article_published_time":"2016-01-15T14:03:40+00:00","og_image":[{"url":"http:\/\/snuipp86.fr\/wp-content\/spip\/IMG\/arton2992.jpg","type":"","width":"","height":""}],"author":"WP86Admin","twitter_card":"summary_large_image","twitter_misc":{"\u00c9crit par":"WP86Admin","Dur\u00e9e de lecture estim\u00e9e":"1 minute"},"schema":{"@context":"https:\/\/schema.org","@graph":[{"@type":"WebPage","@id":"https:\/\/snuipp86.fr\/index.php\/2016\/01\/15\/condamnation-des-8-syndicalistes-de-goodyear-indigne-et-inacceptable\/","url":"https:\/\/snuipp86.fr\/index.php\/2016\/01\/15\/condamnation-des-8-syndicalistes-de-goodyear-indigne-et-inacceptable\/","name":"Condamnation des 8 syndicalistes de Goodyear : INDIGNE et INACCEPTABLE ! - FSU-SNUipp 86","isPartOf":{"@id":"https:\/\/snuipp86.fr\/#website"},"primaryImageOfPage":{"@id":"https:\/\/snuipp86.fr\/index.php\/2016\/01\/15\/condamnation-des-8-syndicalistes-de-goodyear-indigne-et-inacceptable\/#primaryimage"},"image":{"@id":"https:\/\/snuipp86.fr\/index.php\/2016\/01\/15\/condamnation-des-8-syndicalistes-de-goodyear-indigne-et-inacceptable\/#primaryimage"},"thumbnailUrl":"http:\/\/snuipp86.fr\/wp-content\/spip\/IMG\/arton2992.jpg","datePublished":"2016-01-15T14:03:40+00:00","author":{"@id":"https:\/\/snuipp86.fr\/#\/schema\/person\/901b28b9ae1c7a63a6a940102e52a7a2"},"breadcrumb":{"@id":"https:\/\/snuipp86.fr\/index.php\/2016\/01\/15\/condamnation-des-8-syndicalistes-de-goodyear-indigne-et-inacceptable\/#breadcrumb"},"inLanguage":"fr-FR","potentialAction":[{"@type":"ReadAction","target":["https:\/\/snuipp86.fr\/index.php\/2016\/01\/15\/condamnation-des-8-syndicalistes-de-goodyear-indigne-et-inacceptable\/"]}]},{"@type":"ImageObject","inLanguage":"fr-FR","@id":"https:\/\/snuipp86.fr\/index.php\/2016\/01\/15\/condamnation-des-8-syndicalistes-de-goodyear-indigne-et-inacceptable\/#primaryimage","url":"http:\/\/snuipp86.fr\/wp-content\/spip\/IMG\/arton2992.jpg","contentUrl":"http:\/\/snuipp86.fr\/wp-content\/spip\/IMG\/arton2992.jpg"},{"@type":"BreadcrumbList","@id":"https:\/\/snuipp86.fr\/index.php\/2016\/01\/15\/condamnation-des-8-syndicalistes-de-goodyear-indigne-et-inacceptable\/#breadcrumb","itemListElement":[{"@type":"ListItem","position":1,"name":"Accueil","item":"https:\/\/snuipp86.fr\/"},{"@type":"ListItem","position":2,"name":"Condamnation des 8 syndicalistes de Goodyear : INDIGNE et INACCEPTABLE !"}]},{"@type":"WebSite","@id":"https:\/\/snuipp86.fr\/#website","url":"https:\/\/snuipp86.fr\/","name":"FSU-SNUipp 86","description":"Des id\u00e9es qui font l&#039;\u00e9cole","potentialAction":[{"@type":"SearchAction","target":{"@type":"EntryPoint","urlTemplate":"https:\/\/snuipp86.fr\/?s={search_term_string}"},"query-input":{"@type":"PropertyValueSpecification","valueRequired":true,"valueName":"search_term_string"}}],"inLanguage":"fr-FR"},{"@type":"Person","@id":"https:\/\/snuipp86.fr\/#\/schema\/person\/901b28b9ae1c7a63a6a940102e52a7a2","name":"WP86Admin","image":{"@type":"ImageObject","inLanguage":"fr-FR","@id":"https:\/\/snuipp86.fr\/#\/schema\/person\/image\/","url":"https:\/\/secure.gravatar.com\/avatar\/0099845c7ec05dc10d777d8ab4f5142c5ba316283821af2459738ad469a37a1a?s=96&d=mm&r=g","contentUrl":"https:\/\/secure.gravatar.com\/avatar\/0099845c7ec05dc10d777d8ab4f5142c5ba316283821af2459738ad469a37a1a?s=96&d=mm&r=g","caption":"WP86Admin"},"url":"https:\/\/snuipp86.fr\/index.php\/author\/wp86admin\/"}]}},"_links":{"self":[{"href":"https:\/\/snuipp86.fr\/index.php\/wp-json\/wp\/v2\/posts\/643","targetHints":{"allow":["GET"]}}],"collection":[{"href":"https:\/\/snuipp86.fr\/index.php\/wp-json\/wp\/v2\/posts"}],"about":[{"href":"https:\/\/snuipp86.fr\/index.php\/wp-json\/wp\/v2\/types\/post"}],"author":[{"embeddable":true,"href":"https:\/\/snuipp86.fr\/index.php\/wp-json\/wp\/v2\/users\/1"}],"replies":[{"embeddable":true,"href":"https:\/\/snuipp86.fr\/index.php\/wp-json\/wp\/v2\/comments?post=643"}],"version-history":[{"count":0,"href":"https:\/\/snuipp86.fr\/index.php\/wp-json\/wp\/v2\/posts\/643\/revisions"}],"wp:attachment":[{"href":"https:\/\/snuipp86.fr\/index.php\/wp-json\/wp\/v2\/media?parent=643"}],"wp:term":[{"taxonomy":"category","embeddable":true,"href":"https:\/\/snuipp86.fr\/index.php\/wp-json\/wp\/v2\/categories?post=643"},{"taxonomy":"post_tag","embeddable":true,"href":"https:\/\/snuipp86.fr\/index.php\/wp-json\/wp\/v2\/tags?post=643"}],"curies":[{"name":"wp","href":"https:\/\/api.w.org\/{rel}","templated":true}]}}