{"id":65,"date":"2019-02-10T14:27:58","date_gmt":"2019-02-10T14:27:58","guid":{"rendered":"http:\/\/localhost\/wordpress\/2019\/02\/10\/temps-partiels-2019-2020-en-vienne-la-fiche-de-contrle-du-snuipp-fsu-86\/"},"modified":"2019-02-10T14:27:58","modified_gmt":"2019-02-10T14:27:58","slug":"temps-partiels-2019-2020-en-vienne-la-fiche-de-contrle-du-snuipp-fsu-86","status":"publish","type":"post","link":"https:\/\/snuipp86.fr\/index.php\/2019\/02\/10\/temps-partiels-2019-2020-en-vienne-la-fiche-de-contrle-du-snuipp-fsu-86\/","title":{"rendered":"Temps partiels 2019\/2020 en Vienne : la fiche de contr\u00f4le du SNUipp-FSU 86"},"content":{"rendered":"<p><img decoding=\"async\" src=\"https:\/\/snuipp86.fr\/wp-content\/spip\/IMG\/arton4274.jpg\" alt=\"\" align=\"right\" width=\"194\" height=\"219\" class=\"spip_logos\" \/><\/p>\n<div class='rss_texte'>\n<dl class='spip_document_3876 spip_documents spip_documents_center' >\n<dt><img src='https:\/\/snuipp86.fr\/wp-content\/spip\/cache-vignettes\/L300xH277\/elus-person-informent-2-4-22-5723f.jpg' width='300' height='277' alt='JPEG - 27.6 ko' style='height:277px;width:300px;' class='' \/><\/dt>\n<\/dl>\n<p class=\"spip\">La circulaire temps partiels est paruele 1er f\u00e9vrier. Retrouvez-la sur ce lien : <a href=\"https:\/\/www.intra.ac-poitiers.fr\/mes-rubriques\/note-de-service-exercice-a-temps-partiel-ou-reintegration-a-temps-complet-enseignants-du-premier-degre-public-de-la-vienne-annee-2019-2020-259005.kjsp?RH=1192696847494\" class=\"spip_out\">https:\/\/www.intra.ac-poitiers.fr\/mes-rubriques\/note-de-service-exercice-a-temps-partiel-ou-reintegration-a-temps-complet-enseignants-du-premier-degre-public-de-la-vienne-annee-2019-2020-259005.kjsp ?RH=1192696847494<\/a><\/p>\n<p class=\"spip\">La date limite pour les retours est l<strong class=\"spip\">e dimanche 31 mars 2019.<\/strong> \u00c9videmment, pour les temps partiels de droit (naissance d&rsquo;un enfant, reconnaissance handicap ou situation de sant\u00e9), les d\u00e9marches pourront \u00eatre effectu\u00e9es encore apr\u00e8s. Attention !<strong class=\"spip\"> L&rsquo;ann\u00e9e derni\u00e8re, l&rsquo;IA avait refus\u00e9 les demandes et renouvellement hors d\u00e9lai.<\/strong> Le SNUipp-FSU 86 \u00e9tait intervenu et avait fait permis la prise en compte de certaines de ces demandes &#8230; mais pas pour toutes !<\/p>\n<p class=\"spip\"><strong class=\"spip\">Nouveaut\u00e9s :<\/strong> Les demandes sont \u00e0 envoyer directement \u00e0 la DPE5 en version papier. Adresse : Rectorat de l&rsquo;acad\u00e9mie de Poitiers &#8211; DSDEN de la Vienne &#8211; Bureau DPE5 &#8211; 22 rue Guillaume VII le Troubadour &#8211; CS 40625 &#8211; 86022 Poitiers Cedex. C&rsquo;est Mme Poustis en charge du dossier \u00e0 la DPE5 emmanuelle.poustis@ac-poitiers.fr 05.16.52.62.98<\/p>\n<p class=\"spip\">Les demandes de renouvellement doivent obligatoirement aussi faire l&rsquo;objet d&rsquo;un envoi papier \u00e0 la DPE5 avec l&rsquo;annexe 2.<\/p>\n<p class=\"spip\">Chaque ann\u00e9e il y a des probl\u00e8mes sur certaines demandes : envoyez le double de l&rsquo;annexe accompagn\u00e9e de notre fiche de contr\u00f4le ( en pi\u00e8ce jointe) par mail snu86@snuipp.fr ou par courrier 16 AV DU PARC D&rsquo;ARTILLERIE &#8211; 86034 POITIERS CEDEX<\/p>\n<dl class='spip_document_3874 spip_documents spip_documents_center' >\n<dt><a href=\"https:\/\/snuipp86.fr\/wp-content\/spip\/IMG\/odt\/FICHE_SNUipp_TEMPS_PARTIELS_2019.odt\" title='opendocument text - 55.6 ko' type=\"application\/vnd.oasis.opendocument.text\"><img src='https:\/\/snuipp86.fr\/wp-content\/spip\/cache-vignettes\/L52xH52\/odt-1746c.png' width='52' height='52' alt='opendocument text - 55.6 ko' style='height:52px;width:52px;' class=' format_png' \/><\/a><\/dt>\n<dt class='spip_doc_titre' style='width:120px;'><strong>FICHE SNUipp TEMPS PARTIELS 2019<\/strong><\/dt>\n<\/dl>\n<\/div>\n","protected":false},"excerpt":{"rendered":"<p>La circulaire temps partiels est paruele 1er f\u00e9vrier. Retrouvez-la sur ce lien : https:\/\/www.intra.ac-poitiers.fr\/mes-rubriques\/note-de-service-exercice-a-temps-partiel-ou-reintegration-a-temps-complet-enseignants-du-premier-degre-public-de-la-vienne-annee-2019-2020-259005.kjsp ?RH=1192696847494 <br \/>La date limite pour les retours est le dimanche 31 mars 2019. \u00c9videmment, pour les temps partiels de droit (naissance d&rsquo;un enfant, reconnaissance handicap ou situation de sant\u00e9), les d\u00e9marches (&#8230;)<br \/>\n&#8211;<br \/>\n<a href=\"http:\/\/86.snuipp.fr\/spip.php?rubrique133\" rel=\"directory\">Temps partiels<\/a><br \/>\n\/<br \/>\n<a href=\"http:\/\/86.snuipp.fr\/spip.php?mot296\" rel=\"tag\">CAPD<\/a><\/p>\n","protected":false},"author":1,"featured_media":0,"comment_status":"open","ping_status":"open","sticky":false,"template":"","format":"standard","meta":{"footnotes":""},"categories":[14],"tags":[],"class_list":["post-65","post","type-post","status-publish","format-standard","hentry","category-a-la-une"],"yoast_head":"<!-- This site is optimized with the Yoast SEO plugin v26.6 - https:\/\/yoast.com\/wordpress\/plugins\/seo\/ -->\n<title>Temps partiels 2019\/2020 en Vienne : la fiche de contr\u00f4le du SNUipp-FSU 86 - FSU-SNUipp 86<\/title>\n<meta name=\"robots\" content=\"index, follow, max-snippet:-1, max-image-preview:large, max-video-preview:-1\" \/>\n<link rel=\"canonical\" href=\"https:\/\/snuipp86.fr\/index.php\/2019\/02\/10\/temps-partiels-2019-2020-en-vienne-la-fiche-de-contrle-du-snuipp-fsu-86\/\" \/>\n<meta property=\"og:locale\" content=\"fr_FR\" \/>\n<meta property=\"og:type\" content=\"article\" \/>\n<meta property=\"og:title\" content=\"Temps partiels 2019\/2020 en Vienne : la fiche de contr\u00f4le du SNUipp-FSU 86 - FSU-SNUipp 86\" \/>\n<meta property=\"og:description\" content=\"La circulaire temps partiels est paruele 1er f\u00e9vrier. Retrouvez-la sur ce lien : https:\/\/www.intra.ac-poitiers.fr\/mes-rubriques\/note-de-service-exercice-a-temps-partiel-ou-reintegration-a-temps-complet-enseignants-du-premier-degre-public-de-la-vienne-annee-2019-2020-259005.kjsp ?RH=1192696847494 La date limite pour les retours est le dimanche 31 mars 2019. \u00c9videmment, pour les temps partiels de droit (naissance d&#039;un enfant, reconnaissance handicap ou situation de sant\u00e9), les d\u00e9marches (...) - Temps partiels \/ CAPD\" \/>\n<meta property=\"og:url\" content=\"https:\/\/snuipp86.fr\/index.php\/2019\/02\/10\/temps-partiels-2019-2020-en-vienne-la-fiche-de-contrle-du-snuipp-fsu-86\/\" \/>\n<meta property=\"og:site_name\" content=\"FSU-SNUipp 86\" \/>\n<meta property=\"article:published_time\" content=\"2019-02-10T14:27:58+00:00\" \/>\n<meta property=\"og:image\" content=\"http:\/\/snuipp86.fr\/wp-content\/spip\/IMG\/arton4274.jpg\" \/>\n<meta name=\"author\" content=\"WP86Admin\" \/>\n<meta name=\"twitter:card\" content=\"summary_large_image\" \/>\n<meta name=\"twitter:label1\" content=\"\u00c9crit par\" \/>\n\t<meta name=\"twitter:data1\" content=\"WP86Admin\" \/>\n\t<meta name=\"twitter:label2\" content=\"Dur\u00e9e de lecture estim\u00e9e\" \/>\n\t<meta name=\"twitter:data2\" content=\"1 minute\" \/>\n<script type=\"application\/ld+json\" class=\"yoast-schema-graph\">{\"@context\":\"https:\/\/schema.org\",\"@graph\":[{\"@type\":\"WebPage\",\"@id\":\"https:\/\/snuipp86.fr\/index.php\/2019\/02\/10\/temps-partiels-2019-2020-en-vienne-la-fiche-de-contrle-du-snuipp-fsu-86\/\",\"url\":\"https:\/\/snuipp86.fr\/index.php\/2019\/02\/10\/temps-partiels-2019-2020-en-vienne-la-fiche-de-contrle-du-snuipp-fsu-86\/\",\"name\":\"Temps partiels 2019\/2020 en Vienne : la fiche de contr\u00f4le du SNUipp-FSU 86 - FSU-SNUipp 86\",\"isPartOf\":{\"@id\":\"https:\/\/snuipp86.fr\/#website\"},\"primaryImageOfPage\":{\"@id\":\"https:\/\/snuipp86.fr\/index.php\/2019\/02\/10\/temps-partiels-2019-2020-en-vienne-la-fiche-de-contrle-du-snuipp-fsu-86\/#primaryimage\"},\"image\":{\"@id\":\"https:\/\/snuipp86.fr\/index.php\/2019\/02\/10\/temps-partiels-2019-2020-en-vienne-la-fiche-de-contrle-du-snuipp-fsu-86\/#primaryimage\"},\"thumbnailUrl\":\"http:\/\/snuipp86.fr\/wp-content\/spip\/IMG\/arton4274.jpg\",\"datePublished\":\"2019-02-10T14:27:58+00:00\",\"author\":{\"@id\":\"https:\/\/snuipp86.fr\/#\/schema\/person\/901b28b9ae1c7a63a6a940102e52a7a2\"},\"breadcrumb\":{\"@id\":\"https:\/\/snuipp86.fr\/index.php\/2019\/02\/10\/temps-partiels-2019-2020-en-vienne-la-fiche-de-contrle-du-snuipp-fsu-86\/#breadcrumb\"},\"inLanguage\":\"fr-FR\",\"potentialAction\":[{\"@type\":\"ReadAction\",\"target\":[\"https:\/\/snuipp86.fr\/index.php\/2019\/02\/10\/temps-partiels-2019-2020-en-vienne-la-fiche-de-contrle-du-snuipp-fsu-86\/\"]}]},{\"@type\":\"ImageObject\",\"inLanguage\":\"fr-FR\",\"@id\":\"https:\/\/snuipp86.fr\/index.php\/2019\/02\/10\/temps-partiels-2019-2020-en-vienne-la-fiche-de-contrle-du-snuipp-fsu-86\/#primaryimage\",\"url\":\"http:\/\/snuipp86.fr\/wp-content\/spip\/IMG\/arton4274.jpg\",\"contentUrl\":\"http:\/\/snuipp86.fr\/wp-content\/spip\/IMG\/arton4274.jpg\"},{\"@type\":\"BreadcrumbList\",\"@id\":\"https:\/\/snuipp86.fr\/index.php\/2019\/02\/10\/temps-partiels-2019-2020-en-vienne-la-fiche-de-contrle-du-snuipp-fsu-86\/#breadcrumb\",\"itemListElement\":[{\"@type\":\"ListItem\",\"position\":1,\"name\":\"Accueil\",\"item\":\"https:\/\/snuipp86.fr\/\"},{\"@type\":\"ListItem\",\"position\":2,\"name\":\"Temps partiels 2019\/2020 en Vienne : la fiche de contr\u00f4le du SNUipp-FSU 86\"}]},{\"@type\":\"WebSite\",\"@id\":\"https:\/\/snuipp86.fr\/#website\",\"url\":\"https:\/\/snuipp86.fr\/\",\"name\":\"FSU-SNUipp 86\",\"description\":\"Des id\u00e9es qui font l&#039;\u00e9cole\",\"potentialAction\":[{\"@type\":\"SearchAction\",\"target\":{\"@type\":\"EntryPoint\",\"urlTemplate\":\"https:\/\/snuipp86.fr\/?s={search_term_string}\"},\"query-input\":{\"@type\":\"PropertyValueSpecification\",\"valueRequired\":true,\"valueName\":\"search_term_string\"}}],\"inLanguage\":\"fr-FR\"},{\"@type\":\"Person\",\"@id\":\"https:\/\/snuipp86.fr\/#\/schema\/person\/901b28b9ae1c7a63a6a940102e52a7a2\",\"name\":\"WP86Admin\",\"image\":{\"@type\":\"ImageObject\",\"inLanguage\":\"fr-FR\",\"@id\":\"https:\/\/snuipp86.fr\/#\/schema\/person\/image\/\",\"url\":\"https:\/\/secure.gravatar.com\/avatar\/0099845c7ec05dc10d777d8ab4f5142c5ba316283821af2459738ad469a37a1a?s=96&d=mm&r=g\",\"contentUrl\":\"https:\/\/secure.gravatar.com\/avatar\/0099845c7ec05dc10d777d8ab4f5142c5ba316283821af2459738ad469a37a1a?s=96&d=mm&r=g\",\"caption\":\"WP86Admin\"},\"url\":\"https:\/\/snuipp86.fr\/index.php\/author\/wp86admin\/\"}]}<\/script>\n<!-- \/ Yoast SEO plugin. -->","yoast_head_json":{"title":"Temps partiels 2019\/2020 en Vienne : la fiche de contr\u00f4le du SNUipp-FSU 86 - FSU-SNUipp 86","robots":{"index":"index","follow":"follow","max-snippet":"max-snippet:-1","max-image-preview":"max-image-preview:large","max-video-preview":"max-video-preview:-1"},"canonical":"https:\/\/snuipp86.fr\/index.php\/2019\/02\/10\/temps-partiels-2019-2020-en-vienne-la-fiche-de-contrle-du-snuipp-fsu-86\/","og_locale":"fr_FR","og_type":"article","og_title":"Temps partiels 2019\/2020 en Vienne : la fiche de contr\u00f4le du SNUipp-FSU 86 - FSU-SNUipp 86","og_description":"La circulaire temps partiels est paruele 1er f\u00e9vrier. Retrouvez-la sur ce lien : https:\/\/www.intra.ac-poitiers.fr\/mes-rubriques\/note-de-service-exercice-a-temps-partiel-ou-reintegration-a-temps-complet-enseignants-du-premier-degre-public-de-la-vienne-annee-2019-2020-259005.kjsp ?RH=1192696847494 La date limite pour les retours est le dimanche 31 mars 2019. \u00c9videmment, pour les temps partiels de droit (naissance d'un enfant, reconnaissance handicap ou situation de sant\u00e9), les d\u00e9marches (...) - Temps partiels \/ CAPD","og_url":"https:\/\/snuipp86.fr\/index.php\/2019\/02\/10\/temps-partiels-2019-2020-en-vienne-la-fiche-de-contrle-du-snuipp-fsu-86\/","og_site_name":"FSU-SNUipp 86","article_published_time":"2019-02-10T14:27:58+00:00","og_image":[{"url":"http:\/\/snuipp86.fr\/wp-content\/spip\/IMG\/arton4274.jpg","type":"","width":"","height":""}],"author":"WP86Admin","twitter_card":"summary_large_image","twitter_misc":{"\u00c9crit par":"WP86Admin","Dur\u00e9e de lecture estim\u00e9e":"1 minute"},"schema":{"@context":"https:\/\/schema.org","@graph":[{"@type":"WebPage","@id":"https:\/\/snuipp86.fr\/index.php\/2019\/02\/10\/temps-partiels-2019-2020-en-vienne-la-fiche-de-contrle-du-snuipp-fsu-86\/","url":"https:\/\/snuipp86.fr\/index.php\/2019\/02\/10\/temps-partiels-2019-2020-en-vienne-la-fiche-de-contrle-du-snuipp-fsu-86\/","name":"Temps partiels 2019\/2020 en Vienne : la fiche de contr\u00f4le du SNUipp-FSU 86 - FSU-SNUipp 86","isPartOf":{"@id":"https:\/\/snuipp86.fr\/#website"},"primaryImageOfPage":{"@id":"https:\/\/snuipp86.fr\/index.php\/2019\/02\/10\/temps-partiels-2019-2020-en-vienne-la-fiche-de-contrle-du-snuipp-fsu-86\/#primaryimage"},"image":{"@id":"https:\/\/snuipp86.fr\/index.php\/2019\/02\/10\/temps-partiels-2019-2020-en-vienne-la-fiche-de-contrle-du-snuipp-fsu-86\/#primaryimage"},"thumbnailUrl":"http:\/\/snuipp86.fr\/wp-content\/spip\/IMG\/arton4274.jpg","datePublished":"2019-02-10T14:27:58+00:00","author":{"@id":"https:\/\/snuipp86.fr\/#\/schema\/person\/901b28b9ae1c7a63a6a940102e52a7a2"},"breadcrumb":{"@id":"https:\/\/snuipp86.fr\/index.php\/2019\/02\/10\/temps-partiels-2019-2020-en-vienne-la-fiche-de-contrle-du-snuipp-fsu-86\/#breadcrumb"},"inLanguage":"fr-FR","potentialAction":[{"@type":"ReadAction","target":["https:\/\/snuipp86.fr\/index.php\/2019\/02\/10\/temps-partiels-2019-2020-en-vienne-la-fiche-de-contrle-du-snuipp-fsu-86\/"]}]},{"@type":"ImageObject","inLanguage":"fr-FR","@id":"https:\/\/snuipp86.fr\/index.php\/2019\/02\/10\/temps-partiels-2019-2020-en-vienne-la-fiche-de-contrle-du-snuipp-fsu-86\/#primaryimage","url":"http:\/\/snuipp86.fr\/wp-content\/spip\/IMG\/arton4274.jpg","contentUrl":"http:\/\/snuipp86.fr\/wp-content\/spip\/IMG\/arton4274.jpg"},{"@type":"BreadcrumbList","@id":"https:\/\/snuipp86.fr\/index.php\/2019\/02\/10\/temps-partiels-2019-2020-en-vienne-la-fiche-de-contrle-du-snuipp-fsu-86\/#breadcrumb","itemListElement":[{"@type":"ListItem","position":1,"name":"Accueil","item":"https:\/\/snuipp86.fr\/"},{"@type":"ListItem","position":2,"name":"Temps partiels 2019\/2020 en Vienne : la fiche de contr\u00f4le du SNUipp-FSU 86"}]},{"@type":"WebSite","@id":"https:\/\/snuipp86.fr\/#website","url":"https:\/\/snuipp86.fr\/","name":"FSU-SNUipp 86","description":"Des id\u00e9es qui font l&#039;\u00e9cole","potentialAction":[{"@type":"SearchAction","target":{"@type":"EntryPoint","urlTemplate":"https:\/\/snuipp86.fr\/?s={search_term_string}"},"query-input":{"@type":"PropertyValueSpecification","valueRequired":true,"valueName":"search_term_string"}}],"inLanguage":"fr-FR"},{"@type":"Person","@id":"https:\/\/snuipp86.fr\/#\/schema\/person\/901b28b9ae1c7a63a6a940102e52a7a2","name":"WP86Admin","image":{"@type":"ImageObject","inLanguage":"fr-FR","@id":"https:\/\/snuipp86.fr\/#\/schema\/person\/image\/","url":"https:\/\/secure.gravatar.com\/avatar\/0099845c7ec05dc10d777d8ab4f5142c5ba316283821af2459738ad469a37a1a?s=96&d=mm&r=g","contentUrl":"https:\/\/secure.gravatar.com\/avatar\/0099845c7ec05dc10d777d8ab4f5142c5ba316283821af2459738ad469a37a1a?s=96&d=mm&r=g","caption":"WP86Admin"},"url":"https:\/\/snuipp86.fr\/index.php\/author\/wp86admin\/"}]}},"_links":{"self":[{"href":"https:\/\/snuipp86.fr\/index.php\/wp-json\/wp\/v2\/posts\/65","targetHints":{"allow":["GET"]}}],"collection":[{"href":"https:\/\/snuipp86.fr\/index.php\/wp-json\/wp\/v2\/posts"}],"about":[{"href":"https:\/\/snuipp86.fr\/index.php\/wp-json\/wp\/v2\/types\/post"}],"author":[{"embeddable":true,"href":"https:\/\/snuipp86.fr\/index.php\/wp-json\/wp\/v2\/users\/1"}],"replies":[{"embeddable":true,"href":"https:\/\/snuipp86.fr\/index.php\/wp-json\/wp\/v2\/comments?post=65"}],"version-history":[{"count":0,"href":"https:\/\/snuipp86.fr\/index.php\/wp-json\/wp\/v2\/posts\/65\/revisions"}],"wp:attachment":[{"href":"https:\/\/snuipp86.fr\/index.php\/wp-json\/wp\/v2\/media?parent=65"}],"wp:term":[{"taxonomy":"category","embeddable":true,"href":"https:\/\/snuipp86.fr\/index.php\/wp-json\/wp\/v2\/categories?post=65"},{"taxonomy":"post_tag","embeddable":true,"href":"https:\/\/snuipp86.fr\/index.php\/wp-json\/wp\/v2\/tags?post=65"}],"curies":[{"name":"wp","href":"https:\/\/api.w.org\/{rel}","templated":true}]}}