{"id":709,"date":"2015-10-12T16:12:17","date_gmt":"2015-10-12T16:12:17","guid":{"rendered":"http:\/\/localhost\/wordpress\/2015\/10\/12\/tudiant-apprenti-professeur-ni-avenir-ni-apprentissage\/"},"modified":"2015-10-12T16:12:17","modified_gmt":"2015-10-12T16:12:17","slug":"tudiant-apprenti-professeur-ni-avenir-ni-apprentissage","status":"publish","type":"post","link":"https:\/\/snuipp86.fr\/index.php\/2015\/10\/12\/tudiant-apprenti-professeur-ni-avenir-ni-apprentissage\/","title":{"rendered":"\u201c\u00c9tudiant-Apprenti-Professeur\u201d : ni avenir, ni apprentissage"},"content":{"rendered":"<p><img decoding=\"async\" src=\"https:\/\/snuipp86.fr\/wp-content\/spip\/IMG\/arton2924.jpg\" alt=\"\" align=\"right\" width=\"540\" height=\"604\" class=\"spip_logos\" \/><\/p>\n<div class='rss_texte'>\n<p class=\"spip\">Le minist\u00e8re vient de pr\u00e9senter le dispositif \u201c\u00c9tudiant-Apprenti-Professeur\u201d qui se substitue \u00e0 cette rentr\u00e9e aux \u00ab Emploi-Avenir-Professeur \u00bb dont aucun bilan n&rsquo;a \u00e9t\u00e9 tir\u00e9. Contrairement aux objectifs affich\u00e9s, les conditions de ce dispositif ne permettront pas de d\u00e9mocratiser l&rsquo;acc\u00e8s aux m\u00e9tiers d&rsquo;enseignants, ni de pr\u00e9parer efficacement aux concours de recrutement. En effet, les \u00e9tudiants boursiers, pour qui ce dispositif est d&rsquo;abord destin\u00e9, perdent le b\u00e9n\u00e9fice des bourses et des droits aff\u00e9rents. La pr\u00e9sence en \u00e9cole ou en \u00e9tablissement ne s&rsquo;articule pas \u00e0 la formation universitaire, ce qui ne permet pas de construire une formation professionnalisante. Quant \u00e0 la pr\u00e9paration aux concours, elle est compromise. En effet, les apprentis en licence devant \u00eatre deux demi-journ\u00e9es sur le terrain, seront priv\u00e9s d&rsquo;une partie importante de la formation puisqu&rsquo;aucune universit\u00e9 n&rsquo;est en mesure de construire des emplois du temps int\u00e9grant une telle contrainte. Pire, les \u00e9tudiants se verront proposer ensuite, l&rsquo;ann\u00e9e du concours, le M1 alternance, avec une responsabilit\u00e9 de classes et toujours moins de formation.<\/p>\n<p class=\"spip\">Amputant gravement les horaires universitaires, ce dispositif d\u00e9porte donc la formation vers un mim\u00e9tisme des gestes professionnels. Il remet en cause le fait que les enseignants et CPE sont concepteurs de leur m\u00e9tier. Par ailleurs, l&rsquo;\u00c9tat utilise syst\u00e9matiquement ainsi le salariat \u00e9tudiant et pr\u00e9carise l&rsquo;entr\u00e9e dans le m\u00e9tier.<\/p>\n<p class=\"spip\">La FSU ne peut approuver un tel dispositif inadapt\u00e9 \u00e0 l&rsquo;objectif de d\u00e9mocratisation tout comme \u00e0 celui d&rsquo;enrayer la crise du recrutement. La FSU sera aux c\u00f4t\u00e9s des \u00e9tudiants qui s&rsquo;engageront dans le dispositif \u00c9tudiants Apprentis Professeur pour les informer, les d\u00e9fendre et exiger qu&rsquo;ils gardent le b\u00e9n\u00e9fice de leur bourse et que leur formation universitaire ne soit pas amput\u00e9e. La FSU r\u00e9affirme la n\u00e9cessit\u00e9 de revaloriser les bourses jusqu&rsquo;\u00e0 l&rsquo;allocation d&rsquo;autonomie pour permettre \u00e0 tous les \u00e9tudiants d&rsquo;acc\u00e9der au master, et de mettre en place des pr\u00e9-recrutements pour rendre attractifs nos m\u00e9tiers et les d\u00e9mocratiser.<\/p>\n<dl class='spip_document_2391 spip_documents spip_documents_center' >\n<dt><img src='https:\/\/snuipp86.fr\/wp-content\/spip\/cache-vignettes\/L300xH290\/formation2-2-9a1b2-c55d3.jpg' width='300' height='290' alt='JPEG - 24.8 ko' style='height:290px;width:300px;' class='' \/><\/dt>\n<dt class='spip_doc_titre' style='width:300px;'><strong>formation2-2-9a1b2<\/strong><\/dt>\n<\/dl>\n<\/div>\n","protected":false},"excerpt":{"rendered":"<p>Le minist\u00e8re vient de pr\u00e9senter le dispositif \u201c\u00c9tudiant-Apprenti-Professeur\u201d qui se substitue \u00e0 cette rentr\u00e9e aux \u00ab Emploi-Avenir-Professeur \u00bb dont aucun bilan n&rsquo;a \u00e9t\u00e9 tir\u00e9. Contrairement aux objectifs affich\u00e9s, les conditions de ce dispositif ne permettront pas de d\u00e9mocratiser l&rsquo;acc\u00e8s aux m\u00e9tiers d&rsquo;enseignants, ni de pr\u00e9parer efficacement aux concours de recrutement. En effet, les \u00e9tudiants boursiers, pour qui ce dispositif est d&rsquo;abord destin\u00e9, perdent le b\u00e9n\u00e9fice des (&#8230;)<br \/>\n&#8211;<br \/>\n<a href=\"http:\/\/86.snuipp.fr\/spip.php?rubrique209\" rel=\"directory\">Concours Professeur des \u00e9coles<\/a><br \/>\n\/<br \/>\n<a href=\"http:\/\/86.snuipp.fr\/spip.php?mot325\" rel=\"tag\">Concours CRPE<\/a><\/p>\n","protected":false},"author":1,"featured_media":0,"comment_status":"open","ping_status":"open","sticky":false,"template":"","format":"standard","meta":{"footnotes":""},"categories":[14],"tags":[],"class_list":["post-709","post","type-post","status-publish","format-standard","hentry","category-a-la-une"],"yoast_head":"<!-- This site is optimized with the Yoast SEO plugin v26.6 - https:\/\/yoast.com\/wordpress\/plugins\/seo\/ -->\n<title>\u201c\u00c9tudiant-Apprenti-Professeur\u201d : ni avenir, ni apprentissage - FSU-SNUipp 86<\/title>\n<meta name=\"robots\" content=\"index, follow, max-snippet:-1, max-image-preview:large, max-video-preview:-1\" \/>\n<link rel=\"canonical\" href=\"https:\/\/snuipp86.fr\/index.php\/2015\/10\/12\/tudiant-apprenti-professeur-ni-avenir-ni-apprentissage\/\" \/>\n<meta property=\"og:locale\" content=\"fr_FR\" \/>\n<meta property=\"og:type\" content=\"article\" \/>\n<meta property=\"og:title\" content=\"\u201c\u00c9tudiant-Apprenti-Professeur\u201d : ni avenir, ni apprentissage - FSU-SNUipp 86\" \/>\n<meta property=\"og:description\" content=\"Le minist\u00e8re vient de pr\u00e9senter le dispositif \u201c\u00c9tudiant-Apprenti-Professeur\u201d qui se substitue \u00e0 cette rentr\u00e9e aux \u00ab Emploi-Avenir-Professeur \u00bb dont aucun bilan n&#039;a \u00e9t\u00e9 tir\u00e9. Contrairement aux objectifs affich\u00e9s, les conditions de ce dispositif ne permettront pas de d\u00e9mocratiser l&#039;acc\u00e8s aux m\u00e9tiers d&#039;enseignants, ni de pr\u00e9parer efficacement aux concours de recrutement. En effet, les \u00e9tudiants boursiers, pour qui ce dispositif est d&#039;abord destin\u00e9, perdent le b\u00e9n\u00e9fice des (...) - Concours Professeur des \u00e9coles \/ Concours CRPE\" \/>\n<meta property=\"og:url\" content=\"https:\/\/snuipp86.fr\/index.php\/2015\/10\/12\/tudiant-apprenti-professeur-ni-avenir-ni-apprentissage\/\" \/>\n<meta property=\"og:site_name\" content=\"FSU-SNUipp 86\" \/>\n<meta property=\"article:published_time\" content=\"2015-10-12T16:12:17+00:00\" \/>\n<meta property=\"og:image\" content=\"http:\/\/snuipp86.fr\/wp-content\/spip\/IMG\/arton2924.jpg\" \/>\n<meta name=\"author\" content=\"WP86Admin\" \/>\n<meta name=\"twitter:card\" content=\"summary_large_image\" \/>\n<meta name=\"twitter:label1\" content=\"\u00c9crit par\" \/>\n\t<meta name=\"twitter:data1\" content=\"WP86Admin\" \/>\n\t<meta name=\"twitter:label2\" content=\"Dur\u00e9e de lecture estim\u00e9e\" \/>\n\t<meta name=\"twitter:data2\" content=\"2 minutes\" \/>\n<script type=\"application\/ld+json\" class=\"yoast-schema-graph\">{\"@context\":\"https:\/\/schema.org\",\"@graph\":[{\"@type\":\"WebPage\",\"@id\":\"https:\/\/snuipp86.fr\/index.php\/2015\/10\/12\/tudiant-apprenti-professeur-ni-avenir-ni-apprentissage\/\",\"url\":\"https:\/\/snuipp86.fr\/index.php\/2015\/10\/12\/tudiant-apprenti-professeur-ni-avenir-ni-apprentissage\/\",\"name\":\"\u201c\u00c9tudiant-Apprenti-Professeur\u201d : ni avenir, ni apprentissage - FSU-SNUipp 86\",\"isPartOf\":{\"@id\":\"https:\/\/snuipp86.fr\/#website\"},\"primaryImageOfPage\":{\"@id\":\"https:\/\/snuipp86.fr\/index.php\/2015\/10\/12\/tudiant-apprenti-professeur-ni-avenir-ni-apprentissage\/#primaryimage\"},\"image\":{\"@id\":\"https:\/\/snuipp86.fr\/index.php\/2015\/10\/12\/tudiant-apprenti-professeur-ni-avenir-ni-apprentissage\/#primaryimage\"},\"thumbnailUrl\":\"http:\/\/snuipp86.fr\/wp-content\/spip\/IMG\/arton2924.jpg\",\"datePublished\":\"2015-10-12T16:12:17+00:00\",\"author\":{\"@id\":\"https:\/\/snuipp86.fr\/#\/schema\/person\/901b28b9ae1c7a63a6a940102e52a7a2\"},\"breadcrumb\":{\"@id\":\"https:\/\/snuipp86.fr\/index.php\/2015\/10\/12\/tudiant-apprenti-professeur-ni-avenir-ni-apprentissage\/#breadcrumb\"},\"inLanguage\":\"fr-FR\",\"potentialAction\":[{\"@type\":\"ReadAction\",\"target\":[\"https:\/\/snuipp86.fr\/index.php\/2015\/10\/12\/tudiant-apprenti-professeur-ni-avenir-ni-apprentissage\/\"]}]},{\"@type\":\"ImageObject\",\"inLanguage\":\"fr-FR\",\"@id\":\"https:\/\/snuipp86.fr\/index.php\/2015\/10\/12\/tudiant-apprenti-professeur-ni-avenir-ni-apprentissage\/#primaryimage\",\"url\":\"http:\/\/snuipp86.fr\/wp-content\/spip\/IMG\/arton2924.jpg\",\"contentUrl\":\"http:\/\/snuipp86.fr\/wp-content\/spip\/IMG\/arton2924.jpg\"},{\"@type\":\"BreadcrumbList\",\"@id\":\"https:\/\/snuipp86.fr\/index.php\/2015\/10\/12\/tudiant-apprenti-professeur-ni-avenir-ni-apprentissage\/#breadcrumb\",\"itemListElement\":[{\"@type\":\"ListItem\",\"position\":1,\"name\":\"Accueil\",\"item\":\"https:\/\/snuipp86.fr\/\"},{\"@type\":\"ListItem\",\"position\":2,\"name\":\"\u201c\u00c9tudiant-Apprenti-Professeur\u201d : ni avenir, ni apprentissage\"}]},{\"@type\":\"WebSite\",\"@id\":\"https:\/\/snuipp86.fr\/#website\",\"url\":\"https:\/\/snuipp86.fr\/\",\"name\":\"FSU-SNUipp 86\",\"description\":\"Des id\u00e9es qui font l&#039;\u00e9cole\",\"potentialAction\":[{\"@type\":\"SearchAction\",\"target\":{\"@type\":\"EntryPoint\",\"urlTemplate\":\"https:\/\/snuipp86.fr\/?s={search_term_string}\"},\"query-input\":{\"@type\":\"PropertyValueSpecification\",\"valueRequired\":true,\"valueName\":\"search_term_string\"}}],\"inLanguage\":\"fr-FR\"},{\"@type\":\"Person\",\"@id\":\"https:\/\/snuipp86.fr\/#\/schema\/person\/901b28b9ae1c7a63a6a940102e52a7a2\",\"name\":\"WP86Admin\",\"image\":{\"@type\":\"ImageObject\",\"inLanguage\":\"fr-FR\",\"@id\":\"https:\/\/snuipp86.fr\/#\/schema\/person\/image\/\",\"url\":\"https:\/\/secure.gravatar.com\/avatar\/0099845c7ec05dc10d777d8ab4f5142c5ba316283821af2459738ad469a37a1a?s=96&d=mm&r=g\",\"contentUrl\":\"https:\/\/secure.gravatar.com\/avatar\/0099845c7ec05dc10d777d8ab4f5142c5ba316283821af2459738ad469a37a1a?s=96&d=mm&r=g\",\"caption\":\"WP86Admin\"},\"url\":\"https:\/\/snuipp86.fr\/index.php\/author\/wp86admin\/\"}]}<\/script>\n<!-- \/ Yoast SEO plugin. -->","yoast_head_json":{"title":"\u201c\u00c9tudiant-Apprenti-Professeur\u201d : ni avenir, ni apprentissage - FSU-SNUipp 86","robots":{"index":"index","follow":"follow","max-snippet":"max-snippet:-1","max-image-preview":"max-image-preview:large","max-video-preview":"max-video-preview:-1"},"canonical":"https:\/\/snuipp86.fr\/index.php\/2015\/10\/12\/tudiant-apprenti-professeur-ni-avenir-ni-apprentissage\/","og_locale":"fr_FR","og_type":"article","og_title":"\u201c\u00c9tudiant-Apprenti-Professeur\u201d : ni avenir, ni apprentissage - FSU-SNUipp 86","og_description":"Le minist\u00e8re vient de pr\u00e9senter le dispositif \u201c\u00c9tudiant-Apprenti-Professeur\u201d qui se substitue \u00e0 cette rentr\u00e9e aux \u00ab Emploi-Avenir-Professeur \u00bb dont aucun bilan n'a \u00e9t\u00e9 tir\u00e9. Contrairement aux objectifs affich\u00e9s, les conditions de ce dispositif ne permettront pas de d\u00e9mocratiser l'acc\u00e8s aux m\u00e9tiers d'enseignants, ni de pr\u00e9parer efficacement aux concours de recrutement. En effet, les \u00e9tudiants boursiers, pour qui ce dispositif est d'abord destin\u00e9, perdent le b\u00e9n\u00e9fice des (...) - Concours Professeur des \u00e9coles \/ Concours CRPE","og_url":"https:\/\/snuipp86.fr\/index.php\/2015\/10\/12\/tudiant-apprenti-professeur-ni-avenir-ni-apprentissage\/","og_site_name":"FSU-SNUipp 86","article_published_time":"2015-10-12T16:12:17+00:00","og_image":[{"url":"http:\/\/snuipp86.fr\/wp-content\/spip\/IMG\/arton2924.jpg","type":"","width":"","height":""}],"author":"WP86Admin","twitter_card":"summary_large_image","twitter_misc":{"\u00c9crit par":"WP86Admin","Dur\u00e9e de lecture estim\u00e9e":"2 minutes"},"schema":{"@context":"https:\/\/schema.org","@graph":[{"@type":"WebPage","@id":"https:\/\/snuipp86.fr\/index.php\/2015\/10\/12\/tudiant-apprenti-professeur-ni-avenir-ni-apprentissage\/","url":"https:\/\/snuipp86.fr\/index.php\/2015\/10\/12\/tudiant-apprenti-professeur-ni-avenir-ni-apprentissage\/","name":"\u201c\u00c9tudiant-Apprenti-Professeur\u201d : ni avenir, ni apprentissage - FSU-SNUipp 86","isPartOf":{"@id":"https:\/\/snuipp86.fr\/#website"},"primaryImageOfPage":{"@id":"https:\/\/snuipp86.fr\/index.php\/2015\/10\/12\/tudiant-apprenti-professeur-ni-avenir-ni-apprentissage\/#primaryimage"},"image":{"@id":"https:\/\/snuipp86.fr\/index.php\/2015\/10\/12\/tudiant-apprenti-professeur-ni-avenir-ni-apprentissage\/#primaryimage"},"thumbnailUrl":"http:\/\/snuipp86.fr\/wp-content\/spip\/IMG\/arton2924.jpg","datePublished":"2015-10-12T16:12:17+00:00","author":{"@id":"https:\/\/snuipp86.fr\/#\/schema\/person\/901b28b9ae1c7a63a6a940102e52a7a2"},"breadcrumb":{"@id":"https:\/\/snuipp86.fr\/index.php\/2015\/10\/12\/tudiant-apprenti-professeur-ni-avenir-ni-apprentissage\/#breadcrumb"},"inLanguage":"fr-FR","potentialAction":[{"@type":"ReadAction","target":["https:\/\/snuipp86.fr\/index.php\/2015\/10\/12\/tudiant-apprenti-professeur-ni-avenir-ni-apprentissage\/"]}]},{"@type":"ImageObject","inLanguage":"fr-FR","@id":"https:\/\/snuipp86.fr\/index.php\/2015\/10\/12\/tudiant-apprenti-professeur-ni-avenir-ni-apprentissage\/#primaryimage","url":"http:\/\/snuipp86.fr\/wp-content\/spip\/IMG\/arton2924.jpg","contentUrl":"http:\/\/snuipp86.fr\/wp-content\/spip\/IMG\/arton2924.jpg"},{"@type":"BreadcrumbList","@id":"https:\/\/snuipp86.fr\/index.php\/2015\/10\/12\/tudiant-apprenti-professeur-ni-avenir-ni-apprentissage\/#breadcrumb","itemListElement":[{"@type":"ListItem","position":1,"name":"Accueil","item":"https:\/\/snuipp86.fr\/"},{"@type":"ListItem","position":2,"name":"\u201c\u00c9tudiant-Apprenti-Professeur\u201d : ni avenir, ni apprentissage"}]},{"@type":"WebSite","@id":"https:\/\/snuipp86.fr\/#website","url":"https:\/\/snuipp86.fr\/","name":"FSU-SNUipp 86","description":"Des id\u00e9es qui font l&#039;\u00e9cole","potentialAction":[{"@type":"SearchAction","target":{"@type":"EntryPoint","urlTemplate":"https:\/\/snuipp86.fr\/?s={search_term_string}"},"query-input":{"@type":"PropertyValueSpecification","valueRequired":true,"valueName":"search_term_string"}}],"inLanguage":"fr-FR"},{"@type":"Person","@id":"https:\/\/snuipp86.fr\/#\/schema\/person\/901b28b9ae1c7a63a6a940102e52a7a2","name":"WP86Admin","image":{"@type":"ImageObject","inLanguage":"fr-FR","@id":"https:\/\/snuipp86.fr\/#\/schema\/person\/image\/","url":"https:\/\/secure.gravatar.com\/avatar\/0099845c7ec05dc10d777d8ab4f5142c5ba316283821af2459738ad469a37a1a?s=96&d=mm&r=g","contentUrl":"https:\/\/secure.gravatar.com\/avatar\/0099845c7ec05dc10d777d8ab4f5142c5ba316283821af2459738ad469a37a1a?s=96&d=mm&r=g","caption":"WP86Admin"},"url":"https:\/\/snuipp86.fr\/index.php\/author\/wp86admin\/"}]}},"_links":{"self":[{"href":"https:\/\/snuipp86.fr\/index.php\/wp-json\/wp\/v2\/posts\/709","targetHints":{"allow":["GET"]}}],"collection":[{"href":"https:\/\/snuipp86.fr\/index.php\/wp-json\/wp\/v2\/posts"}],"about":[{"href":"https:\/\/snuipp86.fr\/index.php\/wp-json\/wp\/v2\/types\/post"}],"author":[{"embeddable":true,"href":"https:\/\/snuipp86.fr\/index.php\/wp-json\/wp\/v2\/users\/1"}],"replies":[{"embeddable":true,"href":"https:\/\/snuipp86.fr\/index.php\/wp-json\/wp\/v2\/comments?post=709"}],"version-history":[{"count":0,"href":"https:\/\/snuipp86.fr\/index.php\/wp-json\/wp\/v2\/posts\/709\/revisions"}],"wp:attachment":[{"href":"https:\/\/snuipp86.fr\/index.php\/wp-json\/wp\/v2\/media?parent=709"}],"wp:term":[{"taxonomy":"category","embeddable":true,"href":"https:\/\/snuipp86.fr\/index.php\/wp-json\/wp\/v2\/categories?post=709"},{"taxonomy":"post_tag","embeddable":true,"href":"https:\/\/snuipp86.fr\/index.php\/wp-json\/wp\/v2\/tags?post=709"}],"curies":[{"name":"wp","href":"https:\/\/api.w.org\/{rel}","templated":true}]}}