{"id":712,"date":"2015-10-04T15:48:17","date_gmt":"2015-10-04T15:48:17","guid":{"rendered":"http:\/\/localhost\/wordpress\/2015\/10\/04\/les-retraits-lelyse-dnoncent-la-poursuite-de-laustrit\/"},"modified":"2015-10-04T15:48:17","modified_gmt":"2015-10-04T15:48:17","slug":"les-retraits-lelyse-dnoncent-la-poursuite-de-laustrit","status":"publish","type":"post","link":"https:\/\/snuipp86.fr\/index.php\/2015\/10\/04\/les-retraits-lelyse-dnoncent-la-poursuite-de-laustrit\/","title":{"rendered":"Les retrait\u00e9s \u00e0 l&rsquo;Elys\u00e9e d\u00e9noncent la poursuite de l&rsquo;aust\u00e9rit\u00e9"},"content":{"rendered":"<p><img decoding=\"async\" src=\"https:\/\/snuipp86.fr\/wp-content\/spip\/IMG\/arton2918.jpg\" alt=\"\" align=\"right\" width=\"266\" height=\"189\" class=\"spip_logos\" \/><\/p>\n<div class='rss_texte'>\n<p class=\"spip\">Les neuf organisations de retrait\u00e9s (UCR-FO, UCR-CGT, UNAR-CFTC, UNIR CFE-CGC, <strong class=\"spip\">FSU-Retrait\u00e9s<\/strong>, UNIRS-Solidaires, FGR-FP, Ensemble et Solidaires-UNRPA et LSR) ont \u00e9t\u00e9 re\u00e7ues par le conseiller social du Pr\u00e9sident de R\u00e9publique, Monsieur Michel Yahiel.<\/p>\n<dl class='spip_document_2387 spip_documents spip_documents_center' >\n<dt><img src='https:\/\/snuipp86.fr\/wp-content\/spip\/cache-vignettes\/L64xH64\/yahiel-8eeef.jpg' width='64' height='64' alt='JPEG - 2.5 ko' style='height:64px;width:64px;' class='' \/><\/dt>\n<dt class='spip_doc_titre' style='width:120px;'><strong>yahiel<\/strong><\/dt>\n<\/dl>\n<p class=\"spip\">Elles lui ont remis les cartes postales-p\u00e9titions sign\u00e9es par 92776 personnes auxquelles il faut ajouter 3178 autres signatures en ligne, sachant qu&rsquo;en outre, des milliers d&rsquo;autres ont \u00e9t\u00e9 d\u00e9pos\u00e9es dans les pr\u00e9fectures sur tout le territoire national le m\u00eame jour.<\/p>\n<p class=\"spip\">Elles ont rappel\u00e9 leurs revendications touchant au pouvoir d&rsquo;achat en demandant l&rsquo;arr\u00eat du gel des pensions et des retraites, l&rsquo;abrogation des mesures fiscales qui frappent les retrait\u00e9s, l&rsquo;am\u00e9lioration du pouvoir d&rsquo;achat et le retour \u00e0 une indexation au 1er janvier calcul\u00e9e sur l&rsquo;\u00e9volution des salaires et non des prix.<\/p>\n<p class=\"spip\">Le conseiller a indiqu\u00e9 que <strong class=\"spip\">la loi de financement en pr\u00e9paration changerait le mode de calcul des revalorisations<\/strong>. Elles seraient d\u00e9sormais calcul\u00e9es sur l&rsquo;\u00e9volution des prix des douze mois pr\u00e9c\u00e9dant et non plus en fonction d&rsquo;une pr\u00e9vision qui aurait conduit, certaines ann\u00e9es, \u00e0 une \u00e9volution n\u00e9gative des retraites.<\/p>\n<p class=\"spip\">Mais il a confirm\u00e9 que <strong class=\"spip\">la date de revalorisation resterait au 1er octobre<\/strong> et ne serait pas ramen\u00e9e au 1er avril, comme toutes les autres prestations (cela entrainera des dates de revalorisations diff\u00e9rentes pour l&rsquo;ASPA (minimum vieillesse) et le minimum contributif).<\/p>\n<p class=\"spip\">Les retrait\u00e9s se sont \u00e9tonn\u00e9s qu&rsquo;aucune annonce n&rsquo;ait \u00e9t\u00e9 faite au 1er octobre ce qui confirmerait la poursuite du gel des pensions en vigueur depuis le 1er avril 2013. Le Conseiller social a indiqu\u00e9 que l&rsquo;annonce viendrait bient\u00f4t. Mais le rapport de la Commission des comptes de la S\u00e9curit\u00e9 sociale, pr\u00e9voit que<strong class=\"spip\"> les pensions de retraite devraient \u00eatre revaloris\u00e9es de 0,1 % au 1er octobre<\/strong> (ce qui repr\u00e9senterait environ 1 euro de revalorisation par mois sur une pension moyenne !).<\/p>\n<p class=\"spip\">Le conseiller social a reconnu que les mesures fiscales avaient touch\u00e9 les retrait\u00e9s mais a estim\u00e9 que les mesures r\u00e9centes (la suppression de la 1ere tranche d&rsquo;imposition sur le revenu) vont all\u00e9ger la pression fiscale pour une partie d&rsquo;entre eux !<\/p>\n<p class=\"spip\">S&rsquo;agissant du<strong class=\"spip\"> projet de loi d&rsquo;adaptation de la soci\u00e9t\u00e9 au vieillissement<\/strong> (ASV), les 9 organisations de retrait\u00e9s ont rappel\u00e9 leur demande de participation aux instances de consultation, tant au niveau national que local. Le conseiller social a confirm\u00e9 la publication de la loi au 1er janvier 2016 et relaiera la demande des organisations de retrait\u00e9s d&rsquo;\u00eatre consult\u00e9es r\u00e9guli\u00e8rement, reconnaissant ainsi que la repr\u00e9sentation des retrait\u00e9s devra \u00eatre assur\u00e9e dans le cadre de la nouvelle organisation.<\/p>\n<p class=\"spip\">Au final, c&rsquo;est bien la poursuite de l&rsquo;aust\u00e9rit\u00e9 qui a \u00e9t\u00e9 confirm\u00e9e, faute de mesures concr\u00e8tes pour am\u00e9liorer les retraites. Les organisations r\u00e9unies ce jour rappellent que 10 % des retrait\u00e9s vivent sous le seuil de pauvret\u00e9.<br \/>\nLes organisations de retrait\u00e9s ont d\u00e9cid\u00e9 de poursuivre la campagne d&rsquo;information et de mobilisation et envisagent de construire une nouvelle journ\u00e9e de mobilisations le 24 novembre 2015. <strong class=\"spip\">La baisse du niveau de vie des retrait\u00e9s n&rsquo;est ni acceptable, ni in\u00e9luctable.<\/strong><\/p>\n<p class=\"spip\">Paris, le 2 octobre 2015.<\/p>\n<\/div>\n","protected":false},"excerpt":{"rendered":"<p>Les neuf organisations de retrait\u00e9s (UCR-FO, UCR-CGT, UNAR-CFTC, UNIR CFE-CGC, FSU-Retrait\u00e9s, UNIRS-Solidaires, FGR-FP, Ensemble et Solidaires-UNRPA et LSR) ont \u00e9t\u00e9 re\u00e7ues par le conseiller social du Pr\u00e9sident de R\u00e9publique, Monsieur Michel Yahiel. <br \/>Elles lui ont remis les cartes postales-p\u00e9titions sign\u00e9es par 92776 personnes auxquelles il faut ajouter 3178 autres signatures en ligne, sachant qu&rsquo;en outre, des milliers d&rsquo;autres ont \u00e9t\u00e9 d\u00e9pos\u00e9es dans les pr\u00e9fectures sur tout le (&#8230;)<br \/>\n&#8211;<br \/>\n<a href=\"http:\/\/86.snuipp.fr\/spip.php?rubrique157\" rel=\"directory\">Retraites<\/a><br \/>\n\/<br \/>\n<a href=\"http:\/\/86.snuipp.fr\/spip.php?mot305\" rel=\"tag\">Retraites<\/a><\/p>\n","protected":false},"author":1,"featured_media":0,"comment_status":"open","ping_status":"open","sticky":false,"template":"","format":"standard","meta":{"footnotes":""},"categories":[14],"tags":[],"class_list":["post-712","post","type-post","status-publish","format-standard","hentry","category-a-la-une"],"yoast_head":"<!-- This site is optimized with the Yoast SEO plugin v26.6 - https:\/\/yoast.com\/wordpress\/plugins\/seo\/ -->\n<title>Les retrait\u00e9s \u00e0 l&#039;Elys\u00e9e d\u00e9noncent la poursuite de l&#039;aust\u00e9rit\u00e9 - FSU-SNUipp 86<\/title>\n<meta name=\"robots\" content=\"index, follow, max-snippet:-1, max-image-preview:large, max-video-preview:-1\" \/>\n<link rel=\"canonical\" href=\"https:\/\/snuipp86.fr\/index.php\/2015\/10\/04\/les-retraits-lelyse-dnoncent-la-poursuite-de-laustrit\/\" \/>\n<meta property=\"og:locale\" content=\"fr_FR\" \/>\n<meta property=\"og:type\" content=\"article\" \/>\n<meta property=\"og:title\" content=\"Les retrait\u00e9s \u00e0 l&#039;Elys\u00e9e d\u00e9noncent la poursuite de l&#039;aust\u00e9rit\u00e9 - FSU-SNUipp 86\" \/>\n<meta property=\"og:description\" content=\"Les neuf organisations de retrait\u00e9s (UCR-FO, UCR-CGT, UNAR-CFTC, UNIR CFE-CGC, FSU-Retrait\u00e9s, UNIRS-Solidaires, FGR-FP, Ensemble et Solidaires-UNRPA et LSR) ont \u00e9t\u00e9 re\u00e7ues par le conseiller social du Pr\u00e9sident de R\u00e9publique, Monsieur Michel Yahiel. Elles lui ont remis les cartes postales-p\u00e9titions sign\u00e9es par 92776 personnes auxquelles il faut ajouter 3178 autres signatures en ligne, sachant qu&#039;en outre, des milliers d&#039;autres ont \u00e9t\u00e9 d\u00e9pos\u00e9es dans les pr\u00e9fectures sur tout le (...) - Retraites \/ Retraites\" \/>\n<meta property=\"og:url\" content=\"https:\/\/snuipp86.fr\/index.php\/2015\/10\/04\/les-retraits-lelyse-dnoncent-la-poursuite-de-laustrit\/\" \/>\n<meta property=\"og:site_name\" content=\"FSU-SNUipp 86\" \/>\n<meta property=\"article:published_time\" content=\"2015-10-04T15:48:17+00:00\" \/>\n<meta property=\"og:image\" content=\"http:\/\/snuipp86.fr\/wp-content\/spip\/IMG\/arton2918.jpg\" \/>\n<meta name=\"author\" content=\"WP86Admin\" \/>\n<meta name=\"twitter:card\" content=\"summary_large_image\" \/>\n<meta name=\"twitter:label1\" content=\"\u00c9crit par\" \/>\n\t<meta name=\"twitter:data1\" content=\"WP86Admin\" \/>\n\t<meta name=\"twitter:label2\" content=\"Dur\u00e9e de lecture estim\u00e9e\" \/>\n\t<meta name=\"twitter:data2\" content=\"3 minutes\" \/>\n<script type=\"application\/ld+json\" class=\"yoast-schema-graph\">{\"@context\":\"https:\/\/schema.org\",\"@graph\":[{\"@type\":\"WebPage\",\"@id\":\"https:\/\/snuipp86.fr\/index.php\/2015\/10\/04\/les-retraits-lelyse-dnoncent-la-poursuite-de-laustrit\/\",\"url\":\"https:\/\/snuipp86.fr\/index.php\/2015\/10\/04\/les-retraits-lelyse-dnoncent-la-poursuite-de-laustrit\/\",\"name\":\"Les retrait\u00e9s \u00e0 l'Elys\u00e9e d\u00e9noncent la poursuite de l'aust\u00e9rit\u00e9 - FSU-SNUipp 86\",\"isPartOf\":{\"@id\":\"https:\/\/snuipp86.fr\/#website\"},\"primaryImageOfPage\":{\"@id\":\"https:\/\/snuipp86.fr\/index.php\/2015\/10\/04\/les-retraits-lelyse-dnoncent-la-poursuite-de-laustrit\/#primaryimage\"},\"image\":{\"@id\":\"https:\/\/snuipp86.fr\/index.php\/2015\/10\/04\/les-retraits-lelyse-dnoncent-la-poursuite-de-laustrit\/#primaryimage\"},\"thumbnailUrl\":\"http:\/\/snuipp86.fr\/wp-content\/spip\/IMG\/arton2918.jpg\",\"datePublished\":\"2015-10-04T15:48:17+00:00\",\"author\":{\"@id\":\"https:\/\/snuipp86.fr\/#\/schema\/person\/901b28b9ae1c7a63a6a940102e52a7a2\"},\"breadcrumb\":{\"@id\":\"https:\/\/snuipp86.fr\/index.php\/2015\/10\/04\/les-retraits-lelyse-dnoncent-la-poursuite-de-laustrit\/#breadcrumb\"},\"inLanguage\":\"fr-FR\",\"potentialAction\":[{\"@type\":\"ReadAction\",\"target\":[\"https:\/\/snuipp86.fr\/index.php\/2015\/10\/04\/les-retraits-lelyse-dnoncent-la-poursuite-de-laustrit\/\"]}]},{\"@type\":\"ImageObject\",\"inLanguage\":\"fr-FR\",\"@id\":\"https:\/\/snuipp86.fr\/index.php\/2015\/10\/04\/les-retraits-lelyse-dnoncent-la-poursuite-de-laustrit\/#primaryimage\",\"url\":\"http:\/\/snuipp86.fr\/wp-content\/spip\/IMG\/arton2918.jpg\",\"contentUrl\":\"http:\/\/snuipp86.fr\/wp-content\/spip\/IMG\/arton2918.jpg\"},{\"@type\":\"BreadcrumbList\",\"@id\":\"https:\/\/snuipp86.fr\/index.php\/2015\/10\/04\/les-retraits-lelyse-dnoncent-la-poursuite-de-laustrit\/#breadcrumb\",\"itemListElement\":[{\"@type\":\"ListItem\",\"position\":1,\"name\":\"Accueil\",\"item\":\"https:\/\/snuipp86.fr\/\"},{\"@type\":\"ListItem\",\"position\":2,\"name\":\"Les retrait\u00e9s \u00e0 l&#8217;Elys\u00e9e d\u00e9noncent la poursuite de l&#8217;aust\u00e9rit\u00e9\"}]},{\"@type\":\"WebSite\",\"@id\":\"https:\/\/snuipp86.fr\/#website\",\"url\":\"https:\/\/snuipp86.fr\/\",\"name\":\"FSU-SNUipp 86\",\"description\":\"Des id\u00e9es qui font l&#039;\u00e9cole\",\"potentialAction\":[{\"@type\":\"SearchAction\",\"target\":{\"@type\":\"EntryPoint\",\"urlTemplate\":\"https:\/\/snuipp86.fr\/?s={search_term_string}\"},\"query-input\":{\"@type\":\"PropertyValueSpecification\",\"valueRequired\":true,\"valueName\":\"search_term_string\"}}],\"inLanguage\":\"fr-FR\"},{\"@type\":\"Person\",\"@id\":\"https:\/\/snuipp86.fr\/#\/schema\/person\/901b28b9ae1c7a63a6a940102e52a7a2\",\"name\":\"WP86Admin\",\"image\":{\"@type\":\"ImageObject\",\"inLanguage\":\"fr-FR\",\"@id\":\"https:\/\/snuipp86.fr\/#\/schema\/person\/image\/\",\"url\":\"https:\/\/secure.gravatar.com\/avatar\/0099845c7ec05dc10d777d8ab4f5142c5ba316283821af2459738ad469a37a1a?s=96&d=mm&r=g\",\"contentUrl\":\"https:\/\/secure.gravatar.com\/avatar\/0099845c7ec05dc10d777d8ab4f5142c5ba316283821af2459738ad469a37a1a?s=96&d=mm&r=g\",\"caption\":\"WP86Admin\"},\"url\":\"https:\/\/snuipp86.fr\/index.php\/author\/wp86admin\/\"}]}<\/script>\n<!-- \/ Yoast SEO plugin. -->","yoast_head_json":{"title":"Les retrait\u00e9s \u00e0 l'Elys\u00e9e d\u00e9noncent la poursuite de l'aust\u00e9rit\u00e9 - FSU-SNUipp 86","robots":{"index":"index","follow":"follow","max-snippet":"max-snippet:-1","max-image-preview":"max-image-preview:large","max-video-preview":"max-video-preview:-1"},"canonical":"https:\/\/snuipp86.fr\/index.php\/2015\/10\/04\/les-retraits-lelyse-dnoncent-la-poursuite-de-laustrit\/","og_locale":"fr_FR","og_type":"article","og_title":"Les retrait\u00e9s \u00e0 l'Elys\u00e9e d\u00e9noncent la poursuite de l'aust\u00e9rit\u00e9 - FSU-SNUipp 86","og_description":"Les neuf organisations de retrait\u00e9s (UCR-FO, UCR-CGT, UNAR-CFTC, UNIR CFE-CGC, FSU-Retrait\u00e9s, UNIRS-Solidaires, FGR-FP, Ensemble et Solidaires-UNRPA et LSR) ont \u00e9t\u00e9 re\u00e7ues par le conseiller social du Pr\u00e9sident de R\u00e9publique, Monsieur Michel Yahiel. Elles lui ont remis les cartes postales-p\u00e9titions sign\u00e9es par 92776 personnes auxquelles il faut ajouter 3178 autres signatures en ligne, sachant qu'en outre, des milliers d'autres ont \u00e9t\u00e9 d\u00e9pos\u00e9es dans les pr\u00e9fectures sur tout le (...) - Retraites \/ Retraites","og_url":"https:\/\/snuipp86.fr\/index.php\/2015\/10\/04\/les-retraits-lelyse-dnoncent-la-poursuite-de-laustrit\/","og_site_name":"FSU-SNUipp 86","article_published_time":"2015-10-04T15:48:17+00:00","og_image":[{"url":"http:\/\/snuipp86.fr\/wp-content\/spip\/IMG\/arton2918.jpg","type":"","width":"","height":""}],"author":"WP86Admin","twitter_card":"summary_large_image","twitter_misc":{"\u00c9crit par":"WP86Admin","Dur\u00e9e de lecture estim\u00e9e":"3 minutes"},"schema":{"@context":"https:\/\/schema.org","@graph":[{"@type":"WebPage","@id":"https:\/\/snuipp86.fr\/index.php\/2015\/10\/04\/les-retraits-lelyse-dnoncent-la-poursuite-de-laustrit\/","url":"https:\/\/snuipp86.fr\/index.php\/2015\/10\/04\/les-retraits-lelyse-dnoncent-la-poursuite-de-laustrit\/","name":"Les retrait\u00e9s \u00e0 l'Elys\u00e9e d\u00e9noncent la poursuite de l'aust\u00e9rit\u00e9 - FSU-SNUipp 86","isPartOf":{"@id":"https:\/\/snuipp86.fr\/#website"},"primaryImageOfPage":{"@id":"https:\/\/snuipp86.fr\/index.php\/2015\/10\/04\/les-retraits-lelyse-dnoncent-la-poursuite-de-laustrit\/#primaryimage"},"image":{"@id":"https:\/\/snuipp86.fr\/index.php\/2015\/10\/04\/les-retraits-lelyse-dnoncent-la-poursuite-de-laustrit\/#primaryimage"},"thumbnailUrl":"http:\/\/snuipp86.fr\/wp-content\/spip\/IMG\/arton2918.jpg","datePublished":"2015-10-04T15:48:17+00:00","author":{"@id":"https:\/\/snuipp86.fr\/#\/schema\/person\/901b28b9ae1c7a63a6a940102e52a7a2"},"breadcrumb":{"@id":"https:\/\/snuipp86.fr\/index.php\/2015\/10\/04\/les-retraits-lelyse-dnoncent-la-poursuite-de-laustrit\/#breadcrumb"},"inLanguage":"fr-FR","potentialAction":[{"@type":"ReadAction","target":["https:\/\/snuipp86.fr\/index.php\/2015\/10\/04\/les-retraits-lelyse-dnoncent-la-poursuite-de-laustrit\/"]}]},{"@type":"ImageObject","inLanguage":"fr-FR","@id":"https:\/\/snuipp86.fr\/index.php\/2015\/10\/04\/les-retraits-lelyse-dnoncent-la-poursuite-de-laustrit\/#primaryimage","url":"http:\/\/snuipp86.fr\/wp-content\/spip\/IMG\/arton2918.jpg","contentUrl":"http:\/\/snuipp86.fr\/wp-content\/spip\/IMG\/arton2918.jpg"},{"@type":"BreadcrumbList","@id":"https:\/\/snuipp86.fr\/index.php\/2015\/10\/04\/les-retraits-lelyse-dnoncent-la-poursuite-de-laustrit\/#breadcrumb","itemListElement":[{"@type":"ListItem","position":1,"name":"Accueil","item":"https:\/\/snuipp86.fr\/"},{"@type":"ListItem","position":2,"name":"Les retrait\u00e9s \u00e0 l&#8217;Elys\u00e9e d\u00e9noncent la poursuite de l&#8217;aust\u00e9rit\u00e9"}]},{"@type":"WebSite","@id":"https:\/\/snuipp86.fr\/#website","url":"https:\/\/snuipp86.fr\/","name":"FSU-SNUipp 86","description":"Des id\u00e9es qui font l&#039;\u00e9cole","potentialAction":[{"@type":"SearchAction","target":{"@type":"EntryPoint","urlTemplate":"https:\/\/snuipp86.fr\/?s={search_term_string}"},"query-input":{"@type":"PropertyValueSpecification","valueRequired":true,"valueName":"search_term_string"}}],"inLanguage":"fr-FR"},{"@type":"Person","@id":"https:\/\/snuipp86.fr\/#\/schema\/person\/901b28b9ae1c7a63a6a940102e52a7a2","name":"WP86Admin","image":{"@type":"ImageObject","inLanguage":"fr-FR","@id":"https:\/\/snuipp86.fr\/#\/schema\/person\/image\/","url":"https:\/\/secure.gravatar.com\/avatar\/0099845c7ec05dc10d777d8ab4f5142c5ba316283821af2459738ad469a37a1a?s=96&d=mm&r=g","contentUrl":"https:\/\/secure.gravatar.com\/avatar\/0099845c7ec05dc10d777d8ab4f5142c5ba316283821af2459738ad469a37a1a?s=96&d=mm&r=g","caption":"WP86Admin"},"url":"https:\/\/snuipp86.fr\/index.php\/author\/wp86admin\/"}]}},"_links":{"self":[{"href":"https:\/\/snuipp86.fr\/index.php\/wp-json\/wp\/v2\/posts\/712","targetHints":{"allow":["GET"]}}],"collection":[{"href":"https:\/\/snuipp86.fr\/index.php\/wp-json\/wp\/v2\/posts"}],"about":[{"href":"https:\/\/snuipp86.fr\/index.php\/wp-json\/wp\/v2\/types\/post"}],"author":[{"embeddable":true,"href":"https:\/\/snuipp86.fr\/index.php\/wp-json\/wp\/v2\/users\/1"}],"replies":[{"embeddable":true,"href":"https:\/\/snuipp86.fr\/index.php\/wp-json\/wp\/v2\/comments?post=712"}],"version-history":[{"count":0,"href":"https:\/\/snuipp86.fr\/index.php\/wp-json\/wp\/v2\/posts\/712\/revisions"}],"wp:attachment":[{"href":"https:\/\/snuipp86.fr\/index.php\/wp-json\/wp\/v2\/media?parent=712"}],"wp:term":[{"taxonomy":"category","embeddable":true,"href":"https:\/\/snuipp86.fr\/index.php\/wp-json\/wp\/v2\/categories?post=712"},{"taxonomy":"post_tag","embeddable":true,"href":"https:\/\/snuipp86.fr\/index.php\/wp-json\/wp\/v2\/tags?post=712"}],"curies":[{"name":"wp","href":"https:\/\/api.w.org\/{rel}","templated":true}]}}