{"id":716,"date":"2015-10-01T16:29:00","date_gmt":"2015-10-01T16:29:00","guid":{"rendered":"http:\/\/localhost\/wordpress\/2015\/10\/01\/attac-infos-dans-la-vienne-n41-octobre-2015\/"},"modified":"2015-10-01T16:29:00","modified_gmt":"2015-10-01T16:29:00","slug":"attac-infos-dans-la-vienne-n41-octobre-2015","status":"publish","type":"post","link":"https:\/\/snuipp86.fr\/index.php\/2015\/10\/01\/attac-infos-dans-la-vienne-n41-octobre-2015\/","title":{"rendered":"Attac Infos dans la Vienne n\u00b041 &#8211; Octobre 2015"},"content":{"rendered":"<p><img decoding=\"async\" src=\"https:\/\/snuipp86.fr\/wp-content\/spip\/IMG\/arton2921.jpg\" alt=\"\" align=\"right\" width=\"494\" height=\"434\" class=\"spip_logos\" \/><\/p>\n<div class='rss_texte'>\n<h3 class=\"spip\" id=\"outil_sommaire_0\"><a title=\"Sommaire\" href=\"http:\/\/86.snuipp.fr\/spip.php?page=backend&#038;id_rubrique=#outil_sommaire\" class=\"sommaire_ancre\"> <\/a>1. A mettre dans votre agenda :<\/h3>\n<p class=\"spip\"><img decoding=\"async\" src=\"https:\/\/snuipp86.fr\/wp-content\/spip\/cache-vignettes\/L8xH11\/puce-68c92.gif\" width='8' height='11' alt=\"-\" style='height:11px;width:8px;' class='' \/> dimanche 4 octobre : journ\u00e9e \u00ab\u00a0Cultivons la biodiversit\u00e9 (affiche ci-joint) \u00e0 Senill\u00e9 \u00e0 c\u00f4t\u00e9 de Ch\u00e2tellerault.<\/p>\n<p class=\"spip\">Un peu de retard \u00e0 l&rsquo;allumage pour la \u00ab\u00a0rentr\u00e9e\u00a0\u00bb du collectif local TAFTA\/GMT. Prochaine r\u00e9union : <br \/><img decoding=\"async\" src=\"https:\/\/snuipp86.fr\/wp-content\/spip\/cache-vignettes\/L8xH11\/puce-68c92.gif\" width='8' height='11' alt=\"-\" style='height:11px;width:8px;' class='' \/> lundi 5 octobre \u00e0 20 h dans les locaux de la FSU \u00e0 Poitiers. A l&rsquo;ordre du jour : Etat des motions vot\u00e9es par les communes de l&rsquo;agglo de Poitiers, envisager de nouvelles prises de contact (Sud-Vienne ?) et relancer l&rsquo;id\u00e9e d&rsquo;une formation TAFTA en novembre. A suivre donc.<\/p>\n<p class=\"spip\"><img decoding=\"async\" src=\"https:\/\/snuipp86.fr\/wp-content\/spip\/cache-vignettes\/L8xH11\/puce-68c92.gif\" width='8' height='11' alt=\"-\" style='height:11px;width:8px;' class='' \/> lundi 5 octobre \u00e0 20 h 15 : r\u00e9union du comit\u00e9 de soutien au peuple grec dans les locaux de la Ligue de l&rsquo;enseignement, rue de la brouette du vinaigrier.<\/p>\n<p class=\"spip\"><img decoding=\"async\" src=\"https:\/\/snuipp86.fr\/wp-content\/spip\/cache-vignettes\/L8xH11\/puce-68c92.gif\" width='8' height='11' alt=\"-\" style='height:11px;width:8px;' class='' \/> mardi 6 octobre \u00e0 20 h : prochaine r\u00e9union du collectif contre le d\u00e9r\u00e8glement climatique \u00e0 la maison syndicale de la FSU (rue du Parc d&rsquo;Artillerie).<br \/>\nA l&rsquo;ordre du jour : une initiative sur la Vienne en octobre-novembre (un village Alternatiba ? Une v\u00e9lorution ?), la mont\u00e9e \u00e0 Paris en d\u00e9cembre pour la grande manifestation nationale ?<\/p>\n<h3 class=\"spip\" id=\"outil_sommaire_1\"><a title=\"Sommaire\" href=\"http:\/\/86.snuipp.fr\/spip.php?page=backend&#038;id_rubrique=#outil_sommaire\" class=\"sommaire_ancre\"> <\/a>2. ICE : signez la p\u00e9tition europ\u00e9enne !<\/h3>\n<p class=\"spip\">La date limite de l&rsquo;ICE contre TAFTA et CETA est mardi 6 octobre (inclus)<br \/>\nLa Pologne est le 24 \u00e8me \u00e9tat \u00e0 avoir atteint son quorum !<br \/>\nDu absolument jamais vu ! (il n&rsquo;est pas encore exclu que le Portugal soit in extremis le 25\u00e8me)<\/p>\n<p class=\"spip\">MAIS, il manque encore 25.000 signatures pour atteindre le cap symbolique des 3 millions de signataires<br \/>\n=> faites encore signer, par exemple autour des repas de famille etc. ce week end ou lundi aupr\u00e8s de vos coll\u00e8gues de travail !<\/p>\n<p class=\"spip\"><a href=\"https:\/\/www.collectifstoptafta.org\/agir\/article\/signez-l-ice-auto-organisee\" class=\"spip_out\">https:\/\/www.collectifstoptafta.org\/agir\/article\/signez-l-ice-auto-organisee<\/a><\/p>\n<h3 class=\"spip\" id=\"outil_sommaire_2\"><a title=\"Sommaire\" href=\"http:\/\/86.snuipp.fr\/spip.php?page=backend&#038;id_rubrique=#outil_sommaire\" class=\"sommaire_ancre\"> <\/a>3. Attac sur le net :<\/h3>\n<p class=\"spip\">R\u00e9guli\u00e8rement actualis\u00e9, le site d&rsquo;Attac 86 : <a href=\"http:\/\/attacpoitiers.hautetfort.com\/\" class=\"spip_out\">http:\/\/attacpoitiers.hautetfort.com\/<\/a><\/p>\n<h3 class=\"spip\" id=\"outil_sommaire_3\"><a title=\"Sommaire\" href=\"http:\/\/86.snuipp.fr\/spip.php?page=backend&#038;id_rubrique=#outil_sommaire\" class=\"sommaire_ancre\"> <\/a>4. Adh\u00e9sion \u00e0 Attac<\/h3>\n<p class=\"spip\">Il n&rsquo;est pas trop tard pour adh\u00e9rer \u00e0 Attac et c&rsquo;est m\u00eame n\u00e9cessaire pour faire vivre l&rsquo;association !<\/p>\n<\/div>\n","protected":false},"excerpt":{"rendered":"<p>1. A mettre dans votre agenda : <br \/>dimanche 4 octobre : journ\u00e9e \u00ab\u00a0Cultivons la biodiversit\u00e9 (affiche ci-joint) \u00e0 Senill\u00e9 \u00e0 c\u00f4t\u00e9 de Ch\u00e2tellerault. <br \/>Un peu de retard \u00e0 l&rsquo;allumage pour la \u00ab\u00a0rentr\u00e9e\u00a0\u00bb du collectif local TAFTA\/GMT. Prochaine r\u00e9union : <br \/>lundi 5 octobre \u00e0 20 h dans les locaux de la FSU \u00e0 Poitiers. A l&rsquo;ordre du jour : Etat des motions vot\u00e9es par les communes de l&rsquo;agglo de Poitiers, envisager de nouvelles prises de contact (Sud-Vienne ?) et relancer l&rsquo;id\u00e9e d&rsquo;une formation TAFTA en (&#8230;)<br \/>\n&#8211;<br \/>\n<a href=\"http:\/\/86.snuipp.fr\/spip.php?rubrique249\" rel=\"directory\">L&rsquo;ACTUALIT\u00c9<\/a><\/p>\n","protected":false},"author":1,"featured_media":0,"comment_status":"open","ping_status":"open","sticky":false,"template":"","format":"standard","meta":{"footnotes":""},"categories":[14],"tags":[],"class_list":["post-716","post","type-post","status-publish","format-standard","hentry","category-a-la-une"],"yoast_head":"<!-- This site is optimized with the Yoast SEO plugin v26.6 - https:\/\/yoast.com\/wordpress\/plugins\/seo\/ -->\n<title>Attac Infos dans la Vienne n\u00b041 - Octobre 2015 - FSU-SNUipp 86<\/title>\n<meta name=\"robots\" content=\"index, follow, max-snippet:-1, max-image-preview:large, max-video-preview:-1\" \/>\n<link rel=\"canonical\" href=\"https:\/\/snuipp86.fr\/index.php\/2015\/10\/01\/attac-infos-dans-la-vienne-n41-octobre-2015\/\" \/>\n<meta property=\"og:locale\" content=\"fr_FR\" \/>\n<meta property=\"og:type\" content=\"article\" \/>\n<meta property=\"og:title\" content=\"Attac Infos dans la Vienne n\u00b041 - Octobre 2015 - FSU-SNUipp 86\" \/>\n<meta property=\"og:description\" content=\"1. A mettre dans votre agenda : dimanche 4 octobre : journ\u00e9e &quot;Cultivons la biodiversit\u00e9 (affiche ci-joint) \u00e0 Senill\u00e9 \u00e0 c\u00f4t\u00e9 de Ch\u00e2tellerault. Un peu de retard \u00e0 l&#039;allumage pour la &quot;rentr\u00e9e&quot; du collectif local TAFTA\/GMT. Prochaine r\u00e9union : lundi 5 octobre \u00e0 20 h dans les locaux de la FSU \u00e0 Poitiers. A l&#039;ordre du jour : Etat des motions vot\u00e9es par les communes de l&#039;agglo de Poitiers, envisager de nouvelles prises de contact (Sud-Vienne ?) et relancer l&#039;id\u00e9e d&#039;une formation TAFTA en (...) - L&#039;ACTUALIT\u00c9\" \/>\n<meta property=\"og:url\" content=\"https:\/\/snuipp86.fr\/index.php\/2015\/10\/01\/attac-infos-dans-la-vienne-n41-octobre-2015\/\" \/>\n<meta property=\"og:site_name\" content=\"FSU-SNUipp 86\" \/>\n<meta property=\"article:published_time\" content=\"2015-10-01T16:29:00+00:00\" \/>\n<meta property=\"og:image\" content=\"http:\/\/snuipp86.fr\/wp-content\/spip\/IMG\/arton2921.jpg\" \/>\n<meta name=\"author\" content=\"WP86Admin\" \/>\n<meta name=\"twitter:card\" content=\"summary_large_image\" \/>\n<meta name=\"twitter:label1\" content=\"\u00c9crit par\" \/>\n\t<meta name=\"twitter:data1\" content=\"WP86Admin\" \/>\n\t<meta name=\"twitter:label2\" content=\"Dur\u00e9e de lecture estim\u00e9e\" \/>\n\t<meta name=\"twitter:data2\" content=\"1 minute\" \/>\n<script type=\"application\/ld+json\" class=\"yoast-schema-graph\">{\"@context\":\"https:\/\/schema.org\",\"@graph\":[{\"@type\":\"WebPage\",\"@id\":\"https:\/\/snuipp86.fr\/index.php\/2015\/10\/01\/attac-infos-dans-la-vienne-n41-octobre-2015\/\",\"url\":\"https:\/\/snuipp86.fr\/index.php\/2015\/10\/01\/attac-infos-dans-la-vienne-n41-octobre-2015\/\",\"name\":\"Attac Infos dans la Vienne n\u00b041 - Octobre 2015 - FSU-SNUipp 86\",\"isPartOf\":{\"@id\":\"https:\/\/snuipp86.fr\/#website\"},\"primaryImageOfPage\":{\"@id\":\"https:\/\/snuipp86.fr\/index.php\/2015\/10\/01\/attac-infos-dans-la-vienne-n41-octobre-2015\/#primaryimage\"},\"image\":{\"@id\":\"https:\/\/snuipp86.fr\/index.php\/2015\/10\/01\/attac-infos-dans-la-vienne-n41-octobre-2015\/#primaryimage\"},\"thumbnailUrl\":\"http:\/\/snuipp86.fr\/wp-content\/spip\/IMG\/arton2921.jpg\",\"datePublished\":\"2015-10-01T16:29:00+00:00\",\"author\":{\"@id\":\"https:\/\/snuipp86.fr\/#\/schema\/person\/901b28b9ae1c7a63a6a940102e52a7a2\"},\"breadcrumb\":{\"@id\":\"https:\/\/snuipp86.fr\/index.php\/2015\/10\/01\/attac-infos-dans-la-vienne-n41-octobre-2015\/#breadcrumb\"},\"inLanguage\":\"fr-FR\",\"potentialAction\":[{\"@type\":\"ReadAction\",\"target\":[\"https:\/\/snuipp86.fr\/index.php\/2015\/10\/01\/attac-infos-dans-la-vienne-n41-octobre-2015\/\"]}]},{\"@type\":\"ImageObject\",\"inLanguage\":\"fr-FR\",\"@id\":\"https:\/\/snuipp86.fr\/index.php\/2015\/10\/01\/attac-infos-dans-la-vienne-n41-octobre-2015\/#primaryimage\",\"url\":\"http:\/\/snuipp86.fr\/wp-content\/spip\/IMG\/arton2921.jpg\",\"contentUrl\":\"http:\/\/snuipp86.fr\/wp-content\/spip\/IMG\/arton2921.jpg\"},{\"@type\":\"BreadcrumbList\",\"@id\":\"https:\/\/snuipp86.fr\/index.php\/2015\/10\/01\/attac-infos-dans-la-vienne-n41-octobre-2015\/#breadcrumb\",\"itemListElement\":[{\"@type\":\"ListItem\",\"position\":1,\"name\":\"Accueil\",\"item\":\"https:\/\/snuipp86.fr\/\"},{\"@type\":\"ListItem\",\"position\":2,\"name\":\"Attac Infos dans la Vienne n\u00b041 &#8211; Octobre 2015\"}]},{\"@type\":\"WebSite\",\"@id\":\"https:\/\/snuipp86.fr\/#website\",\"url\":\"https:\/\/snuipp86.fr\/\",\"name\":\"FSU-SNUipp 86\",\"description\":\"Des id\u00e9es qui font l&#039;\u00e9cole\",\"potentialAction\":[{\"@type\":\"SearchAction\",\"target\":{\"@type\":\"EntryPoint\",\"urlTemplate\":\"https:\/\/snuipp86.fr\/?s={search_term_string}\"},\"query-input\":{\"@type\":\"PropertyValueSpecification\",\"valueRequired\":true,\"valueName\":\"search_term_string\"}}],\"inLanguage\":\"fr-FR\"},{\"@type\":\"Person\",\"@id\":\"https:\/\/snuipp86.fr\/#\/schema\/person\/901b28b9ae1c7a63a6a940102e52a7a2\",\"name\":\"WP86Admin\",\"image\":{\"@type\":\"ImageObject\",\"inLanguage\":\"fr-FR\",\"@id\":\"https:\/\/snuipp86.fr\/#\/schema\/person\/image\/\",\"url\":\"https:\/\/secure.gravatar.com\/avatar\/0099845c7ec05dc10d777d8ab4f5142c5ba316283821af2459738ad469a37a1a?s=96&d=mm&r=g\",\"contentUrl\":\"https:\/\/secure.gravatar.com\/avatar\/0099845c7ec05dc10d777d8ab4f5142c5ba316283821af2459738ad469a37a1a?s=96&d=mm&r=g\",\"caption\":\"WP86Admin\"},\"url\":\"https:\/\/snuipp86.fr\/index.php\/author\/wp86admin\/\"}]}<\/script>\n<!-- \/ Yoast SEO plugin. -->","yoast_head_json":{"title":"Attac Infos dans la Vienne n\u00b041 - Octobre 2015 - FSU-SNUipp 86","robots":{"index":"index","follow":"follow","max-snippet":"max-snippet:-1","max-image-preview":"max-image-preview:large","max-video-preview":"max-video-preview:-1"},"canonical":"https:\/\/snuipp86.fr\/index.php\/2015\/10\/01\/attac-infos-dans-la-vienne-n41-octobre-2015\/","og_locale":"fr_FR","og_type":"article","og_title":"Attac Infos dans la Vienne n\u00b041 - Octobre 2015 - FSU-SNUipp 86","og_description":"1. A mettre dans votre agenda : dimanche 4 octobre : journ\u00e9e \"Cultivons la biodiversit\u00e9 (affiche ci-joint) \u00e0 Senill\u00e9 \u00e0 c\u00f4t\u00e9 de Ch\u00e2tellerault. Un peu de retard \u00e0 l'allumage pour la \"rentr\u00e9e\" du collectif local TAFTA\/GMT. Prochaine r\u00e9union : lundi 5 octobre \u00e0 20 h dans les locaux de la FSU \u00e0 Poitiers. A l'ordre du jour : Etat des motions vot\u00e9es par les communes de l'agglo de Poitiers, envisager de nouvelles prises de contact (Sud-Vienne ?) et relancer l'id\u00e9e d'une formation TAFTA en (...) - L'ACTUALIT\u00c9","og_url":"https:\/\/snuipp86.fr\/index.php\/2015\/10\/01\/attac-infos-dans-la-vienne-n41-octobre-2015\/","og_site_name":"FSU-SNUipp 86","article_published_time":"2015-10-01T16:29:00+00:00","og_image":[{"url":"http:\/\/snuipp86.fr\/wp-content\/spip\/IMG\/arton2921.jpg","type":"","width":"","height":""}],"author":"WP86Admin","twitter_card":"summary_large_image","twitter_misc":{"\u00c9crit par":"WP86Admin","Dur\u00e9e de lecture estim\u00e9e":"1 minute"},"schema":{"@context":"https:\/\/schema.org","@graph":[{"@type":"WebPage","@id":"https:\/\/snuipp86.fr\/index.php\/2015\/10\/01\/attac-infos-dans-la-vienne-n41-octobre-2015\/","url":"https:\/\/snuipp86.fr\/index.php\/2015\/10\/01\/attac-infos-dans-la-vienne-n41-octobre-2015\/","name":"Attac Infos dans la Vienne n\u00b041 - Octobre 2015 - FSU-SNUipp 86","isPartOf":{"@id":"https:\/\/snuipp86.fr\/#website"},"primaryImageOfPage":{"@id":"https:\/\/snuipp86.fr\/index.php\/2015\/10\/01\/attac-infos-dans-la-vienne-n41-octobre-2015\/#primaryimage"},"image":{"@id":"https:\/\/snuipp86.fr\/index.php\/2015\/10\/01\/attac-infos-dans-la-vienne-n41-octobre-2015\/#primaryimage"},"thumbnailUrl":"http:\/\/snuipp86.fr\/wp-content\/spip\/IMG\/arton2921.jpg","datePublished":"2015-10-01T16:29:00+00:00","author":{"@id":"https:\/\/snuipp86.fr\/#\/schema\/person\/901b28b9ae1c7a63a6a940102e52a7a2"},"breadcrumb":{"@id":"https:\/\/snuipp86.fr\/index.php\/2015\/10\/01\/attac-infos-dans-la-vienne-n41-octobre-2015\/#breadcrumb"},"inLanguage":"fr-FR","potentialAction":[{"@type":"ReadAction","target":["https:\/\/snuipp86.fr\/index.php\/2015\/10\/01\/attac-infos-dans-la-vienne-n41-octobre-2015\/"]}]},{"@type":"ImageObject","inLanguage":"fr-FR","@id":"https:\/\/snuipp86.fr\/index.php\/2015\/10\/01\/attac-infos-dans-la-vienne-n41-octobre-2015\/#primaryimage","url":"http:\/\/snuipp86.fr\/wp-content\/spip\/IMG\/arton2921.jpg","contentUrl":"http:\/\/snuipp86.fr\/wp-content\/spip\/IMG\/arton2921.jpg"},{"@type":"BreadcrumbList","@id":"https:\/\/snuipp86.fr\/index.php\/2015\/10\/01\/attac-infos-dans-la-vienne-n41-octobre-2015\/#breadcrumb","itemListElement":[{"@type":"ListItem","position":1,"name":"Accueil","item":"https:\/\/snuipp86.fr\/"},{"@type":"ListItem","position":2,"name":"Attac Infos dans la Vienne n\u00b041 &#8211; Octobre 2015"}]},{"@type":"WebSite","@id":"https:\/\/snuipp86.fr\/#website","url":"https:\/\/snuipp86.fr\/","name":"FSU-SNUipp 86","description":"Des id\u00e9es qui font l&#039;\u00e9cole","potentialAction":[{"@type":"SearchAction","target":{"@type":"EntryPoint","urlTemplate":"https:\/\/snuipp86.fr\/?s={search_term_string}"},"query-input":{"@type":"PropertyValueSpecification","valueRequired":true,"valueName":"search_term_string"}}],"inLanguage":"fr-FR"},{"@type":"Person","@id":"https:\/\/snuipp86.fr\/#\/schema\/person\/901b28b9ae1c7a63a6a940102e52a7a2","name":"WP86Admin","image":{"@type":"ImageObject","inLanguage":"fr-FR","@id":"https:\/\/snuipp86.fr\/#\/schema\/person\/image\/","url":"https:\/\/secure.gravatar.com\/avatar\/0099845c7ec05dc10d777d8ab4f5142c5ba316283821af2459738ad469a37a1a?s=96&d=mm&r=g","contentUrl":"https:\/\/secure.gravatar.com\/avatar\/0099845c7ec05dc10d777d8ab4f5142c5ba316283821af2459738ad469a37a1a?s=96&d=mm&r=g","caption":"WP86Admin"},"url":"https:\/\/snuipp86.fr\/index.php\/author\/wp86admin\/"}]}},"_links":{"self":[{"href":"https:\/\/snuipp86.fr\/index.php\/wp-json\/wp\/v2\/posts\/716","targetHints":{"allow":["GET"]}}],"collection":[{"href":"https:\/\/snuipp86.fr\/index.php\/wp-json\/wp\/v2\/posts"}],"about":[{"href":"https:\/\/snuipp86.fr\/index.php\/wp-json\/wp\/v2\/types\/post"}],"author":[{"embeddable":true,"href":"https:\/\/snuipp86.fr\/index.php\/wp-json\/wp\/v2\/users\/1"}],"replies":[{"embeddable":true,"href":"https:\/\/snuipp86.fr\/index.php\/wp-json\/wp\/v2\/comments?post=716"}],"version-history":[{"count":0,"href":"https:\/\/snuipp86.fr\/index.php\/wp-json\/wp\/v2\/posts\/716\/revisions"}],"wp:attachment":[{"href":"https:\/\/snuipp86.fr\/index.php\/wp-json\/wp\/v2\/media?parent=716"}],"wp:term":[{"taxonomy":"category","embeddable":true,"href":"https:\/\/snuipp86.fr\/index.php\/wp-json\/wp\/v2\/categories?post=716"},{"taxonomy":"post_tag","embeddable":true,"href":"https:\/\/snuipp86.fr\/index.php\/wp-json\/wp\/v2\/tags?post=716"}],"curies":[{"name":"wp","href":"https:\/\/api.w.org\/{rel}","templated":true}]}}