{"id":722,"date":"2015-09-23T10:22:35","date_gmt":"2015-09-23T10:22:35","guid":{"rendered":"http:\/\/localhost\/wordpress\/2015\/09\/23\/aides-la-direction-en-vienne-courriers-demandes-renouvellement\/"},"modified":"2015-09-23T10:22:35","modified_gmt":"2015-09-23T10:22:35","slug":"aides-la-direction-en-vienne-courriers-demandes-renouvellement","status":"publish","type":"post","link":"https:\/\/snuipp86.fr\/index.php\/2015\/09\/23\/aides-la-direction-en-vienne-courriers-demandes-renouvellement\/","title":{"rendered":"Aides \u00e0 la direction en Vienne : courriers, demandes, renouvellement&#8230;"},"content":{"rendered":"<p><img decoding=\"async\" src=\"https:\/\/snuipp86.fr\/wp-content\/spip\/IMG\/arton2910.jpg\" alt=\"\" align=\"right\" width=\"300\" height=\"245\" class=\"spip_logos\" \/><\/p>\n<div class='rss_texte'>\n<p class=\"spip\">Le SNUipp-FSU 86 vient de s&rsquo;adresser \u00e0 l&rsquo;IA-Dasen de la Vienne sur la cr\u00e9ation et le renouvellement des emplois d&rsquo;aides \u00e0 la direction.<\/p>\n<p class=\"spip\">Retrouvez ci-dessous :<br \/>\n<br \/><img decoding=\"async\" src=\"https:\/\/snuipp86.fr\/wp-content\/spip\/cache-vignettes\/L8xH11\/puce-68c92.gif\" width='8' height='11' alt=\"-\" style='height:11px;width:8px;' class='' \/> le courrier du SNUipp-FSU 86<br \/>\n<br \/><img decoding=\"async\" src=\"https:\/\/snuipp86.fr\/wp-content\/spip\/cache-vignettes\/L8xH11\/puce-68c92.gif\" width='8' height='11' alt=\"-\" style='height:11px;width:8px;' class='' \/> les mod\u00e8les de lettres \u00e0 envoyer \u00e0 votre IEN.<\/p>\n<dl class='spip_document_2384 spip_documents spip_documents_center' >\n<dt><img src='https:\/\/snuipp86.fr\/wp-content\/spip\/cache-vignettes\/L400xH303\/rubon8-20efc.png' width='400' height='303' alt='PNG - 178.1 ko' style='height:303px;width:400px;' class=' format_png' \/><\/dt>\n<dt class='spip_doc_titre' style='width:350px;'><strong>rubon8<\/strong><\/dt>\n<\/dl>\n<h3 class=\"spip\" id=\"outil_sommaire_0\"><a title=\"Sommaire\" href=\"http:\/\/86.snuipp.fr\/spip.php?page=backend&#038;id_rubrique=#outil_sommaire\" class=\"sommaire_ancre\"> <\/a>Le courrier du SNUIpp-FSU 86 \u00e0 l&rsquo;IA-Dasen de la Vienne<\/h3>\n<p class=\"spip\"><i class=\"spip\"><br \/>\nMonsieur l&rsquo;Inspecteur d&rsquo;Acad\u00e9mie,<\/p>\n<p class=\"spip\">Les \u00e9coles nous sollicitent de plus en plus sur le renouvellement ou la cr\u00e9ation des postes des Emplois Vie Scolaire remplissant des misions d&rsquo;aides administratives aupr\u00e8s des directeurs et directrices d&rsquo;\u00e9cole.<br \/>\nEn effet, la majorit\u00e9 des contrats actuels se terminent en ce d\u00e9but d&rsquo;ann\u00e9e scolaire 2015\/2016 et les \u00e9quipes s&rsquo;interrogent \u00e0 la fois sur la p\u00e9rennit\u00e9 de cette mission au sein de leur \u00e9cole et sur le devenir des personnels qui y \u00e9taient affect\u00e9s. De plus, un nombre important d&rsquo;\u00e9quipes souhaiteraient pouvoir disposer de cette mission au sein de leur \u00e9cole et conna\u00eetre les proc\u00e9dures pour se porter candidates.<\/p>\n<p class=\"spip\">La ventilation par acad\u00e9mie des CUI \u00e9tant connue depuis le 19 juin 2015, avec une augmentation de 1853 \u00e0 1956 emplois pour notre acad\u00e9mie, il nous semble primordial de communiquer aupr\u00e8s des \u00e9coles sur les 2 points que nous vous pr\u00e9sentons au-dessus.<\/p>\n<p class=\"spip\">Nous avons connu dans ce d\u00e9partement des groupes de travail pour traiter de ce sujet, nous serions preneurs d&rsquo;un tel \u00e9change pour porter \u00e0 votre connaissance les demandes des \u00e9quipes d&rsquo;\u00e9coles.<\/p>\n<p class=\"spip\">Pour le SNUipp-FSU, l&rsquo;aide \u00e0 la direction, comme l&rsquo;accompagnement des enfants en situation de handicap, sont indispensables au bon fonctionnement des \u00e9coles. Pour notre syndicat, ces dispositifs doivent \u00eatre p\u00e9rennis\u00e9s et donner lieu \u00e0 la cr\u00e9ation de nouveaux m\u00e9tiers statutaires.<\/p>\n<p class=\"spip\">Veuillez recevoir, Monsieur l&rsquo;Inspecteur d&rsquo;Acad\u00e9mie, mes respectueuses salutations<\/p>\n<p class=\"spip\">Matthieu MENAUT, secr\u00e9taire d\u00e9partemental du SNUipp-FSU 86<\/i><\/p>\n<h3 class=\"spip\" id=\"outil_sommaire_1\"><a title=\"Sommaire\" href=\"http:\/\/86.snuipp.fr\/spip.php?page=backend&#038;id_rubrique=#outil_sommaire\" class=\"sommaire_ancre\"> <\/a>Mod\u00e8les de courrier \u00e0 envoyer \u00e0 votre IEN &#8230; avec copie au SNUipp-FSU 86 (snu86@snuipp.fr)<\/h3>\n<p class=\"spip\"><img decoding=\"async\" src=\"https:\/\/snuipp86.fr\/wp-content\/spip\/cache-vignettes\/L8xH11\/puce-68c92.gif\" width='8' height='11' alt=\"-\" style='height:11px;width:8px;' class='' \/> <strong class=\"spip\"> pour le renouvellement de l&#8217;emploi<\/strong><\/p>\n<dl class='spip_document_2383 spip_documents spip_documents_center' >\n<dt><img src='https:\/\/snuipp86.fr\/wp-content\/spip\/cache-vignettes\/L261xH193\/arton1637-9ada6.jpg' width='261' height='193' alt='JPEG - 17.5 ko' style='height:193px;width:261px;' class='' \/><\/dt>\n<dt class='spip_doc_titre' style='width:261px;'><strong>arton1637<\/strong><\/dt>\n<\/dl>\n<p class=\"spip\"><i class=\"spip\"><br \/>\nMonsieur l&rsquo;Inspecteur d&rsquo;Acad\u00e9mie,<\/p>\n<p class=\"spip\">Soucieux du bon fonctionnement de notre \u00e9cole et afin de r\u00e9pondre aux demandes croissantes de l&rsquo;administration, des diff\u00e9rents interlocuteurs (parents, municipalit\u00e9, \u2026) nous demandons le renouvellement de l&#8217;emploi d&rsquo;aide administrative (possibilit\u00e9 de nommer la personne concern\u00e9e en cas de possibilit\u00e9 de renouvellement)<\/p>\n<p class=\"spip\">( Possibilit\u00e9 d&rsquo;argumenter ) L&rsquo;\u00e9cole de __________ tient \u00e0 vous rappeler ses besoins et ses sp\u00e9cificit\u00e9s qui nous am\u00e8nent \u00e0 formuler cette demande : &#8230;&#8230;&#8230;&#8230;&#8230;..<\/p>\n<p class=\"spip\">La situation v\u00e9cue aujourd&rsquo;hui concernant l&rsquo;aide administrative montre que cette mission ne peut se satisfaire d&#8217;emplois pr\u00e9caires. A terme, nous demandons la cr\u00e9ation d&rsquo;un m\u00e9tier qualifi\u00e9 et p\u00e9renne.<\/p>\n<p class=\"spip\">En vous remerciant de donner suite \u00e0 cette demande, veuillez agr\u00e9er, Monsieur l&rsquo;Inspecteur d&rsquo;Acad\u00e9mie, nos respectueuses salutations.<\/p>\n<p class=\"spip\">L&rsquo;\u00e9quipe p\u00e9dagogique de l&rsquo;\u00e9cole &#8230;.<br \/>\n<\/i><\/p>\n<p class=\"spip\"><img decoding=\"async\" src=\"https:\/\/snuipp86.fr\/wp-content\/spip\/cache-vignettes\/L8xH11\/puce-68c92.gif\" width='8' height='11' alt=\"-\" style='height:11px;width:8px;' class='' \/> <strong class=\"spip\">pour la cr\u00e9ation d&rsquo;un emploi<\/strong><\/p>\n<p class=\"spip\"><i class=\"spip\">Monsieur l&rsquo;Inspecteur d&rsquo;Acad\u00e9mie,<\/p>\n<p class=\"spip\">Soucieux du bon fonctionnement de notre \u00e9cole et afin de r\u00e9pondre aux demandes croissantes de l&rsquo;administration, des diff\u00e9rents interlocuteurs (parents, municipalit\u00e9, \u2026) nous demandons la cr\u00e9ation d&rsquo;un emploi d&rsquo;aide administrative.<\/p>\n<p class=\"spip\">( Possibilit\u00e9 d&rsquo;argumenter ) L&rsquo;\u00e9cole de __________ tient \u00e0 vous rappeler ses besoins et ses sp\u00e9cificit\u00e9s qui nous am\u00e8nent \u00e0 formuler cette demande : &#8230;&#8230;&#8230;&#8230;&#8230;..<\/p>\n<p class=\"spip\">La situation v\u00e9cue aujourd&rsquo;hui concernant l&rsquo;aide administrative montre que cette mission ne peut se satisfaire d&#8217;emplois pr\u00e9caires. A terme, nous demandons la cr\u00e9ation d&rsquo;un m\u00e9tier qualifi\u00e9 et p\u00e9renne.<\/p>\n<p class=\"spip\">En vous remerciant de donner suite \u00e0 cette demande, veuillez agr\u00e9er, Monsieur l&rsquo;Inspecteur d&rsquo;Acad\u00e9mie, nos respectueuses salutations.<\/p>\n<p class=\"spip\">L&rsquo;\u00e9quipe p\u00e9dagogique de l&rsquo;\u00e9cole &#8230;.<\/i><\/p>\n<\/div>\n","protected":false},"excerpt":{"rendered":"<p>Le SNUipp-FSU 86 vient de s&rsquo;adresser \u00e0 l&rsquo;IA-Dasen de la Vienne sur la cr\u00e9ation et le renouvellement des emplois d&rsquo;aides \u00e0 la direction. <br \/>Retrouvez ci-dessous : <br \/>le courrier du SNUipp-FSU 86 <br \/>les mod\u00e8les de lettres \u00e0 envoyer \u00e0 votre IEN. <br \/>Le courrier du SNUIpp-FSU 86 \u00e0 l&rsquo;IA-Dasen de la Vienne <br \/>Monsieur l&rsquo;Inspecteur d&rsquo;Acad\u00e9mie, <br \/>Les \u00e9coles nous sollicitent de plus en plus sur le renouvellement ou la cr\u00e9ation des postes des Emplois Vie Scolaire remplissant des misions d&rsquo;aides administratives (&#8230;)<br \/>\n&#8211;<br \/>\n<a href=\"http:\/\/86.snuipp.fr\/spip.php?rubrique296\" rel=\"directory\">Directions d&rsquo;\u00e9coles<\/a><br \/>\n\/<br \/>\n<a href=\"http:\/\/86.snuipp.fr\/spip.php?mot303\" rel=\"tag\">Directions d&rsquo;\u00e9coles<\/a>,<br \/>\n<a href=\"http:\/\/86.snuipp.fr\/spip.php?mot307\" rel=\"tag\">A.V.S<\/a><\/p>\n","protected":false},"author":1,"featured_media":0,"comment_status":"open","ping_status":"open","sticky":false,"template":"","format":"standard","meta":{"footnotes":""},"categories":[14],"tags":[],"class_list":["post-722","post","type-post","status-publish","format-standard","hentry","category-a-la-une"],"yoast_head":"<!-- This site is optimized with the Yoast SEO plugin v26.6 - https:\/\/yoast.com\/wordpress\/plugins\/seo\/ -->\n<title>Aides \u00e0 la direction en Vienne : courriers, demandes, renouvellement... - FSU-SNUipp 86<\/title>\n<meta name=\"robots\" content=\"index, follow, max-snippet:-1, max-image-preview:large, max-video-preview:-1\" \/>\n<link rel=\"canonical\" href=\"https:\/\/snuipp86.fr\/index.php\/2015\/09\/23\/aides-la-direction-en-vienne-courriers-demandes-renouvellement\/\" \/>\n<meta property=\"og:locale\" content=\"fr_FR\" \/>\n<meta property=\"og:type\" content=\"article\" \/>\n<meta property=\"og:title\" content=\"Aides \u00e0 la direction en Vienne : courriers, demandes, renouvellement... - FSU-SNUipp 86\" \/>\n<meta property=\"og:description\" content=\"Le SNUipp-FSU 86 vient de s&#039;adresser \u00e0 l&#039;IA-Dasen de la Vienne sur la cr\u00e9ation et le renouvellement des emplois d&#039;aides \u00e0 la direction. Retrouvez ci-dessous : le courrier du SNUipp-FSU 86 les mod\u00e8les de lettres \u00e0 envoyer \u00e0 votre IEN. Le courrier du SNUIpp-FSU 86 \u00e0 l&#039;IA-Dasen de la Vienne Monsieur l&#039;Inspecteur d&#039;Acad\u00e9mie, Les \u00e9coles nous sollicitent de plus en plus sur le renouvellement ou la cr\u00e9ation des postes des Emplois Vie Scolaire remplissant des misions d&#039;aides administratives (...) - Directions d&#039;\u00e9coles \/ Directions d&#039;\u00e9coles, A.V.S\" \/>\n<meta property=\"og:url\" content=\"https:\/\/snuipp86.fr\/index.php\/2015\/09\/23\/aides-la-direction-en-vienne-courriers-demandes-renouvellement\/\" \/>\n<meta property=\"og:site_name\" content=\"FSU-SNUipp 86\" \/>\n<meta property=\"article:published_time\" content=\"2015-09-23T10:22:35+00:00\" \/>\n<meta property=\"og:image\" content=\"http:\/\/snuipp86.fr\/wp-content\/spip\/IMG\/arton2910.jpg\" \/>\n<meta name=\"author\" content=\"WP86Admin\" \/>\n<meta name=\"twitter:card\" content=\"summary_large_image\" \/>\n<meta name=\"twitter:label1\" content=\"\u00c9crit par\" \/>\n\t<meta name=\"twitter:data1\" content=\"WP86Admin\" \/>\n\t<meta name=\"twitter:label2\" content=\"Dur\u00e9e de lecture estim\u00e9e\" \/>\n\t<meta name=\"twitter:data2\" content=\"3 minutes\" \/>\n<script type=\"application\/ld+json\" class=\"yoast-schema-graph\">{\"@context\":\"https:\/\/schema.org\",\"@graph\":[{\"@type\":\"WebPage\",\"@id\":\"https:\/\/snuipp86.fr\/index.php\/2015\/09\/23\/aides-la-direction-en-vienne-courriers-demandes-renouvellement\/\",\"url\":\"https:\/\/snuipp86.fr\/index.php\/2015\/09\/23\/aides-la-direction-en-vienne-courriers-demandes-renouvellement\/\",\"name\":\"Aides \u00e0 la direction en Vienne : courriers, demandes, renouvellement... - FSU-SNUipp 86\",\"isPartOf\":{\"@id\":\"https:\/\/snuipp86.fr\/#website\"},\"primaryImageOfPage\":{\"@id\":\"https:\/\/snuipp86.fr\/index.php\/2015\/09\/23\/aides-la-direction-en-vienne-courriers-demandes-renouvellement\/#primaryimage\"},\"image\":{\"@id\":\"https:\/\/snuipp86.fr\/index.php\/2015\/09\/23\/aides-la-direction-en-vienne-courriers-demandes-renouvellement\/#primaryimage\"},\"thumbnailUrl\":\"http:\/\/snuipp86.fr\/wp-content\/spip\/IMG\/arton2910.jpg\",\"datePublished\":\"2015-09-23T10:22:35+00:00\",\"author\":{\"@id\":\"https:\/\/snuipp86.fr\/#\/schema\/person\/901b28b9ae1c7a63a6a940102e52a7a2\"},\"breadcrumb\":{\"@id\":\"https:\/\/snuipp86.fr\/index.php\/2015\/09\/23\/aides-la-direction-en-vienne-courriers-demandes-renouvellement\/#breadcrumb\"},\"inLanguage\":\"fr-FR\",\"potentialAction\":[{\"@type\":\"ReadAction\",\"target\":[\"https:\/\/snuipp86.fr\/index.php\/2015\/09\/23\/aides-la-direction-en-vienne-courriers-demandes-renouvellement\/\"]}]},{\"@type\":\"ImageObject\",\"inLanguage\":\"fr-FR\",\"@id\":\"https:\/\/snuipp86.fr\/index.php\/2015\/09\/23\/aides-la-direction-en-vienne-courriers-demandes-renouvellement\/#primaryimage\",\"url\":\"http:\/\/snuipp86.fr\/wp-content\/spip\/IMG\/arton2910.jpg\",\"contentUrl\":\"http:\/\/snuipp86.fr\/wp-content\/spip\/IMG\/arton2910.jpg\"},{\"@type\":\"BreadcrumbList\",\"@id\":\"https:\/\/snuipp86.fr\/index.php\/2015\/09\/23\/aides-la-direction-en-vienne-courriers-demandes-renouvellement\/#breadcrumb\",\"itemListElement\":[{\"@type\":\"ListItem\",\"position\":1,\"name\":\"Accueil\",\"item\":\"https:\/\/snuipp86.fr\/\"},{\"@type\":\"ListItem\",\"position\":2,\"name\":\"Aides \u00e0 la direction en Vienne : courriers, demandes, renouvellement&#8230;\"}]},{\"@type\":\"WebSite\",\"@id\":\"https:\/\/snuipp86.fr\/#website\",\"url\":\"https:\/\/snuipp86.fr\/\",\"name\":\"FSU-SNUipp 86\",\"description\":\"Des id\u00e9es qui font l&#039;\u00e9cole\",\"potentialAction\":[{\"@type\":\"SearchAction\",\"target\":{\"@type\":\"EntryPoint\",\"urlTemplate\":\"https:\/\/snuipp86.fr\/?s={search_term_string}\"},\"query-input\":{\"@type\":\"PropertyValueSpecification\",\"valueRequired\":true,\"valueName\":\"search_term_string\"}}],\"inLanguage\":\"fr-FR\"},{\"@type\":\"Person\",\"@id\":\"https:\/\/snuipp86.fr\/#\/schema\/person\/901b28b9ae1c7a63a6a940102e52a7a2\",\"name\":\"WP86Admin\",\"image\":{\"@type\":\"ImageObject\",\"inLanguage\":\"fr-FR\",\"@id\":\"https:\/\/snuipp86.fr\/#\/schema\/person\/image\/\",\"url\":\"https:\/\/secure.gravatar.com\/avatar\/0099845c7ec05dc10d777d8ab4f5142c5ba316283821af2459738ad469a37a1a?s=96&d=mm&r=g\",\"contentUrl\":\"https:\/\/secure.gravatar.com\/avatar\/0099845c7ec05dc10d777d8ab4f5142c5ba316283821af2459738ad469a37a1a?s=96&d=mm&r=g\",\"caption\":\"WP86Admin\"},\"url\":\"https:\/\/snuipp86.fr\/index.php\/author\/wp86admin\/\"}]}<\/script>\n<!-- \/ Yoast SEO plugin. -->","yoast_head_json":{"title":"Aides \u00e0 la direction en Vienne : courriers, demandes, renouvellement... - FSU-SNUipp 86","robots":{"index":"index","follow":"follow","max-snippet":"max-snippet:-1","max-image-preview":"max-image-preview:large","max-video-preview":"max-video-preview:-1"},"canonical":"https:\/\/snuipp86.fr\/index.php\/2015\/09\/23\/aides-la-direction-en-vienne-courriers-demandes-renouvellement\/","og_locale":"fr_FR","og_type":"article","og_title":"Aides \u00e0 la direction en Vienne : courriers, demandes, renouvellement... - FSU-SNUipp 86","og_description":"Le SNUipp-FSU 86 vient de s'adresser \u00e0 l'IA-Dasen de la Vienne sur la cr\u00e9ation et le renouvellement des emplois d'aides \u00e0 la direction. Retrouvez ci-dessous : le courrier du SNUipp-FSU 86 les mod\u00e8les de lettres \u00e0 envoyer \u00e0 votre IEN. Le courrier du SNUIpp-FSU 86 \u00e0 l'IA-Dasen de la Vienne Monsieur l'Inspecteur d'Acad\u00e9mie, Les \u00e9coles nous sollicitent de plus en plus sur le renouvellement ou la cr\u00e9ation des postes des Emplois Vie Scolaire remplissant des misions d'aides administratives (...) - Directions d'\u00e9coles \/ Directions d'\u00e9coles, A.V.S","og_url":"https:\/\/snuipp86.fr\/index.php\/2015\/09\/23\/aides-la-direction-en-vienne-courriers-demandes-renouvellement\/","og_site_name":"FSU-SNUipp 86","article_published_time":"2015-09-23T10:22:35+00:00","og_image":[{"url":"http:\/\/snuipp86.fr\/wp-content\/spip\/IMG\/arton2910.jpg","type":"","width":"","height":""}],"author":"WP86Admin","twitter_card":"summary_large_image","twitter_misc":{"\u00c9crit par":"WP86Admin","Dur\u00e9e de lecture estim\u00e9e":"3 minutes"},"schema":{"@context":"https:\/\/schema.org","@graph":[{"@type":"WebPage","@id":"https:\/\/snuipp86.fr\/index.php\/2015\/09\/23\/aides-la-direction-en-vienne-courriers-demandes-renouvellement\/","url":"https:\/\/snuipp86.fr\/index.php\/2015\/09\/23\/aides-la-direction-en-vienne-courriers-demandes-renouvellement\/","name":"Aides \u00e0 la direction en Vienne : courriers, demandes, renouvellement... - FSU-SNUipp 86","isPartOf":{"@id":"https:\/\/snuipp86.fr\/#website"},"primaryImageOfPage":{"@id":"https:\/\/snuipp86.fr\/index.php\/2015\/09\/23\/aides-la-direction-en-vienne-courriers-demandes-renouvellement\/#primaryimage"},"image":{"@id":"https:\/\/snuipp86.fr\/index.php\/2015\/09\/23\/aides-la-direction-en-vienne-courriers-demandes-renouvellement\/#primaryimage"},"thumbnailUrl":"http:\/\/snuipp86.fr\/wp-content\/spip\/IMG\/arton2910.jpg","datePublished":"2015-09-23T10:22:35+00:00","author":{"@id":"https:\/\/snuipp86.fr\/#\/schema\/person\/901b28b9ae1c7a63a6a940102e52a7a2"},"breadcrumb":{"@id":"https:\/\/snuipp86.fr\/index.php\/2015\/09\/23\/aides-la-direction-en-vienne-courriers-demandes-renouvellement\/#breadcrumb"},"inLanguage":"fr-FR","potentialAction":[{"@type":"ReadAction","target":["https:\/\/snuipp86.fr\/index.php\/2015\/09\/23\/aides-la-direction-en-vienne-courriers-demandes-renouvellement\/"]}]},{"@type":"ImageObject","inLanguage":"fr-FR","@id":"https:\/\/snuipp86.fr\/index.php\/2015\/09\/23\/aides-la-direction-en-vienne-courriers-demandes-renouvellement\/#primaryimage","url":"http:\/\/snuipp86.fr\/wp-content\/spip\/IMG\/arton2910.jpg","contentUrl":"http:\/\/snuipp86.fr\/wp-content\/spip\/IMG\/arton2910.jpg"},{"@type":"BreadcrumbList","@id":"https:\/\/snuipp86.fr\/index.php\/2015\/09\/23\/aides-la-direction-en-vienne-courriers-demandes-renouvellement\/#breadcrumb","itemListElement":[{"@type":"ListItem","position":1,"name":"Accueil","item":"https:\/\/snuipp86.fr\/"},{"@type":"ListItem","position":2,"name":"Aides \u00e0 la direction en Vienne : courriers, demandes, renouvellement&#8230;"}]},{"@type":"WebSite","@id":"https:\/\/snuipp86.fr\/#website","url":"https:\/\/snuipp86.fr\/","name":"FSU-SNUipp 86","description":"Des id\u00e9es qui font l&#039;\u00e9cole","potentialAction":[{"@type":"SearchAction","target":{"@type":"EntryPoint","urlTemplate":"https:\/\/snuipp86.fr\/?s={search_term_string}"},"query-input":{"@type":"PropertyValueSpecification","valueRequired":true,"valueName":"search_term_string"}}],"inLanguage":"fr-FR"},{"@type":"Person","@id":"https:\/\/snuipp86.fr\/#\/schema\/person\/901b28b9ae1c7a63a6a940102e52a7a2","name":"WP86Admin","image":{"@type":"ImageObject","inLanguage":"fr-FR","@id":"https:\/\/snuipp86.fr\/#\/schema\/person\/image\/","url":"https:\/\/secure.gravatar.com\/avatar\/0099845c7ec05dc10d777d8ab4f5142c5ba316283821af2459738ad469a37a1a?s=96&d=mm&r=g","contentUrl":"https:\/\/secure.gravatar.com\/avatar\/0099845c7ec05dc10d777d8ab4f5142c5ba316283821af2459738ad469a37a1a?s=96&d=mm&r=g","caption":"WP86Admin"},"url":"https:\/\/snuipp86.fr\/index.php\/author\/wp86admin\/"}]}},"_links":{"self":[{"href":"https:\/\/snuipp86.fr\/index.php\/wp-json\/wp\/v2\/posts\/722","targetHints":{"allow":["GET"]}}],"collection":[{"href":"https:\/\/snuipp86.fr\/index.php\/wp-json\/wp\/v2\/posts"}],"about":[{"href":"https:\/\/snuipp86.fr\/index.php\/wp-json\/wp\/v2\/types\/post"}],"author":[{"embeddable":true,"href":"https:\/\/snuipp86.fr\/index.php\/wp-json\/wp\/v2\/users\/1"}],"replies":[{"embeddable":true,"href":"https:\/\/snuipp86.fr\/index.php\/wp-json\/wp\/v2\/comments?post=722"}],"version-history":[{"count":0,"href":"https:\/\/snuipp86.fr\/index.php\/wp-json\/wp\/v2\/posts\/722\/revisions"}],"wp:attachment":[{"href":"https:\/\/snuipp86.fr\/index.php\/wp-json\/wp\/v2\/media?parent=722"}],"wp:term":[{"taxonomy":"category","embeddable":true,"href":"https:\/\/snuipp86.fr\/index.php\/wp-json\/wp\/v2\/categories?post=722"},{"taxonomy":"post_tag","embeddable":true,"href":"https:\/\/snuipp86.fr\/index.php\/wp-json\/wp\/v2\/tags?post=722"}],"curies":[{"name":"wp","href":"https:\/\/api.w.org\/{rel}","templated":true}]}}