{"id":725,"date":"2015-09-18T12:47:45","date_gmt":"2015-09-18T12:47:45","guid":{"rendered":"http:\/\/localhost\/wordpress\/2015\/09\/18\/prcisions-versement-des-indemnits-rep-et-rep\/"},"modified":"2015-09-18T12:47:45","modified_gmt":"2015-09-18T12:47:45","slug":"prcisions-versement-des-indemnits-rep-et-rep","status":"publish","type":"post","link":"https:\/\/snuipp86.fr\/index.php\/2015\/09\/18\/prcisions-versement-des-indemnits-rep-et-rep\/","title":{"rendered":"Pr\u00e9cisions versement des indemnit\u00e9s REP et REP+"},"content":{"rendered":"<p><img decoding=\"async\" src=\"https:\/\/snuipp86.fr\/wp-content\/spip\/IMG\/arton2906.png\" alt=\"\" align=\"right\" width=\"157\" height=\"157\" class=\"spip_logos\" \/><\/p>\n<div class='rss_texte'>\n<p class=\"spip\">Textes de r\u00e9f\u00e9rence<\/p>\n<p class=\"spip\"><img decoding=\"async\" src=\"https:\/\/snuipp86.fr\/wp-content\/spip\/cache-vignettes\/L8xH11\/puce-68c92.gif\" width='8' height='11' alt=\"-\" style='height:11px;width:8px;' class='' \/> D\u00e9cret n\u00b0 2015-1087 du 28 ao\u00fbt 2015<br \/>\n<br \/><img decoding=\"async\" src=\"https:\/\/snuipp86.fr\/wp-content\/spip\/cache-vignettes\/L8xH11\/puce-68c92.gif\" width='8' height='11' alt=\"-\" style='height:11px;width:8px;' class='' \/> D\u00e9cret n\u00b02015-1088 du 28 ao\u00fbt 2015<br \/>\n<br \/><img decoding=\"async\" src=\"https:\/\/snuipp86.fr\/wp-content\/spip\/cache-vignettes\/L8xH11\/puce-68c92.gif\" width='8' height='11' alt=\"-\" style='height:11px;width:8px;' class='' \/> Arr\u00eat\u00e9s du 28 ao\u00fbt 2015<\/p>\n<h3 class=\"spip\" id=\"outil_sommaire_0\"><a title=\"Sommaire\" href=\"http:\/\/86.snuipp.fr\/spip.php?page=backend&#038;id_rubrique=#outil_sommaire\" class=\"sommaire_ancre\"> <\/a><strong class=\"spip\"><br \/>\nDate de versement<\/strong><\/h3>\n<p class=\"spip\">Ce n&rsquo;est que sur la paye du mois d&rsquo;octobre, ou au plus tard sur celle de novembre, que seront vers\u00e9es les nouvelles indemnit\u00e9s REP\/REP+. En cause, l&rsquo;administration qui n&rsquo;avait pas cr\u00e9\u00e9 \u00e0 temps les codes informatiques n\u00e9cessaires au versement de ces indemnit\u00e9s a expliqu\u00e9 le minist\u00e8re. Pour m\u00e9moire, leur montant doit \u00eatre major\u00e9 de 50% en REP et de 100% en REP + compar\u00e9 \u00e0 celles vers\u00e9es dans les ex ZEP et Eclair. L&rsquo;arri\u00e9r\u00e9 de septembre sera lui aussi vers\u00e9 en octobre.<\/p>\n<h3 class=\"spip\" id=\"outil_sommaire_1\"><a title=\"Sommaire\" href=\"http:\/\/86.snuipp.fr\/spip.php?page=backend&#038;id_rubrique=#outil_sommaire\" class=\"sommaire_ancre\"> <\/a>I &#8211; Qui per\u00e7oit les indemnit\u00e9s REP et REP+<\/h3>\n<p class=\"spip\">L&rsquo;attribution des indemnit\u00e9s REP et REP+ est subordonn\u00e9e \u00e0 l&rsquo;exercice effectif des fonctions dans une \u00e9cole ou un \u00e9tablissement y ouvrant droit. Les enseignants stagiaires ainsi que les enseignants contractuels remplissant les conditions per\u00e7oivent ces indemnit\u00e9s.<\/p>\n<p class=\"spip\"><strong class=\"spip\">Enseignants percevant les indemnit\u00e9s au prorata de l&rsquo;exercice de leur fonction dans les \u00e9tablissements REP\/REP+.<\/strong><\/p>\n<p class=\"spip\"><img decoding=\"async\" src=\"https:\/\/snuipp86.fr\/wp-content\/spip\/cache-vignettes\/L8xH11\/puce-68c92.gif\" width='8' height='11' alt=\"-\" style='height:11px;width:8px;' class='' \/> RASED ;<br \/>\n<br \/><img decoding=\"async\" src=\"https:\/\/snuipp86.fr\/wp-content\/spip\/cache-vignettes\/L8xH11\/puce-68c92.gif\" width='8' height='11' alt=\"-\" style='height:11px;width:8px;' class='' \/> titulaires rempla\u00e7ants ;<br \/>\n<br \/><img decoding=\"async\" src=\"https:\/\/snuipp86.fr\/wp-content\/spip\/cache-vignettes\/L8xH11\/puce-68c92.gif\" width='8' height='11' alt=\"-\" style='height:11px;width:8px;' class='' \/> postes fractionn\u00e9s ;<br \/>\n<br \/><img decoding=\"async\" src=\"https:\/\/snuipp86.fr\/wp-content\/spip\/cache-vignettes\/L8xH11\/puce-68c92.gif\" width='8' height='11' alt=\"-\" style='height:11px;width:8px;' class='' \/> Les enseignants \u00e0 temps partiels.<\/p>\n<p class=\"spip\"><strong class=\"spip\"><br \/>\nPer\u00e7oivent les indemnit\u00e9s \u00e0 taux plein sous r\u00e9serve d&rsquo;exercer dans une \u00e9cole ou un \u00e9tablissement y ouvrant droit :<\/strong><\/p>\n<p class=\"spip\"><img decoding=\"async\" src=\"https:\/\/snuipp86.fr\/wp-content\/spip\/cache-vignettes\/L8xH11\/puce-68c92.gif\" width='8' height='11' alt=\"-\" style='height:11px;width:8px;' class='' \/> les coordonnateurs de r\u00e9seaux d&rsquo;\u00e9ducation prioritaire (b\u00e9n\u00e9ficient d&rsquo;une NBI de 30 points cumulable avec les indemnit\u00e9s REP\/REP+) ;<br \/>\nles ma\u00eetres formateurs ;<br \/>\n<br \/><img decoding=\"async\" src=\"https:\/\/snuipp86.fr\/wp-content\/spip\/cache-vignettes\/L8xH11\/puce-68c92.gif\" width='8' height='11' alt=\"-\" style='height:11px;width:8px;' class='' \/> les enseignants partiellement d\u00e9charg\u00e9s de service d&rsquo;enseignement d\u00e9sign\u00e9s pour prendre en charge des activit\u00e9s de formation au b\u00e9n\u00e9fice des enseignants des premier et second degr\u00e9s ;<br \/>\n<br \/><img decoding=\"async\" src=\"https:\/\/snuipp86.fr\/wp-content\/spip\/cache-vignettes\/L8xH11\/puce-68c92.gif\" width='8' height='11' alt=\"-\" style='height:11px;width:8px;' class='' \/> les enseignants exer\u00e7ant dans le cadre de mission de lutte contre le d\u00e9crochage ;<br \/>\n<br \/><img decoding=\"async\" src=\"https:\/\/snuipp86.fr\/wp-content\/spip\/cache-vignettes\/L8xH11\/puce-68c92.gif\" width='8' height='11' alt=\"-\" style='height:11px;width:8px;' class='' \/> les enseignants faisant l&rsquo;objet d&rsquo;un am\u00e9nagement d&rsquo;horaire dans le cadre d&rsquo;un all\u00e8gement de service ;<br \/>\n<br \/><img decoding=\"async\" src=\"https:\/\/snuipp86.fr\/wp-content\/spip\/cache-vignettes\/L8xH11\/puce-68c92.gif\" width='8' height='11' alt=\"-\" style='height:11px;width:8px;' class='' \/> les enseignants b\u00e9n\u00e9ficiant d&rsquo;une d\u00e9charge, partielle ou totale pour l&rsquo;exercice d&rsquo;un mandat syndical.<\/p>\n<p class=\"spip\">Les SEGPA rattach\u00e9es \u00e0 un \u00e9tablissement REP ou REP+ ouvrent droit aux indemnit\u00e9s correspondantes.<\/p>\n<p class=\"spip\">Les AED et les AESH ne per\u00e7oivent pas ces indemnit\u00e9s.<\/p>\n<h3 class=\"spip\" id=\"outil_sommaire_2\"><a title=\"Sommaire\" href=\"http:\/\/86.snuipp.fr\/spip.php?page=backend&#038;id_rubrique=#outil_sommaire\" class=\"sommaire_ancre\"> <\/a>II &#8211; Les situations de cumul<\/h3>\n<p class=\"spip\"><strong class=\"spip\"><br \/>\nREP ou REP+ et zone sensible<\/strong><\/p>\n<p class=\"spip\">Les enseignants exer\u00e7ant dans une \u00e9cole class\u00e9e \u00e0 la fois zone sensible et REP conservent la NBI de 30 points (1667\u20ac) plus favorable compte tenu des droits \u00e0 pension qu&rsquo;elle conf\u00e8re.<br \/>\nLes enseignants exer\u00e7ant dans une \u00e9cole class\u00e9e \u00e0 la fois sensible et REP+ b\u00e9n\u00e9ficient de l&rsquo;indemnit\u00e9 REP+<\/p>\n<p class=\"spip\"><strong class=\"spip\">Cas de service partag\u00e9<\/strong><\/p>\n<p class=\"spip\"><img decoding=\"async\" src=\"https:\/\/snuipp86.fr\/wp-content\/spip\/cache-vignettes\/L8xH11\/puce-68c92.gif\" width='8' height='11' alt=\"-\" style='height:11px;width:8px;' class='' \/> <strong class=\"spip\">Entre une \u00e9cole REP ou REP+ et une \u00e9cole class\u00e9e sensible<\/strong>.<br \/>\nL&rsquo;enseignant b\u00e9n\u00e9ficie des 2 r\u00e9gimes indemnitaires associ\u00e9s dans les conditions suivantes : indemnit\u00e9s REP ou REP+ au prorata de la dur\u00e9e d&rsquo;exercice dans l&rsquo;\u00e9cole REP ou REP+, et NBI vers\u00e9e \u00e0 taux plein s&rsquo;il effectue au moins 50% de ses obligations de service dans une \u00e9cole class\u00e9e sensible, en de\u00e7\u00e0 des 50%, il ne per\u00e7oit pas du tout la NBI.<\/p>\n<p class=\"spip\"><img decoding=\"async\" src=\"https:\/\/snuipp86.fr\/wp-content\/spip\/cache-vignettes\/L8xH11\/puce-68c92.gif\" width='8' height='11' alt=\"-\" style='height:11px;width:8px;' class='' \/> <strong class=\"spip\">Entre une \u00e9cole REP ou REP+ et une \u00e9cole ou un \u00e9tablissement relevant de la politique de la ville<\/strong>, les avantages per\u00e7us au titre de chaque \u00e9tablissement sont cumulables.<\/p>\n<p class=\"spip\"><img decoding=\"async\" src=\"https:\/\/snuipp86.fr\/wp-content\/spip\/cache-vignettes\/L8xH11\/puce-68c92.gif\" width='8' height='11' alt=\"-\" style='height:11px;width:8px;' class='' \/> <strong class=\"spip\">Entre une \u00e9cole ou un \u00e9tablissement REP+ et une \u00e9cole ou un \u00e9tablissement REP<\/strong>, l&rsquo;enseignant b\u00e9n\u00e9ficie des indemnit\u00e9s de suj\u00e9tion REP+ et REP au prorata de la dur\u00e9e d&rsquo;exercice des fonctions dans les \u00e9coles ou \u00e9tablissements y ouvrant droit.<\/p>\n<p class=\"spip\"><img decoding=\"async\" src=\"https:\/\/snuipp86.fr\/wp-content\/spip\/cache-vignettes\/L8xH11\/puce-68c92.gif\" width='8' height='11' alt=\"-\" style='height:11px;width:8px;' class='' \/> <strong class=\"spip\">Entre une \u00e9cole REP ou REP+ et une \u00e9cole ne relevant pas de l&rsquo;EP<\/strong>, il b\u00e9n\u00e9ficie des indemnit\u00e9s au prorata de la dur\u00e9e d&rsquo;exercice des fonctions dans l&rsquo;\u00e9cole y ouvrant droit.<\/p>\n<p class=\"spip\">Les b\u00e9n\u00e9ficiaires de la clause de sauvegarde transitoire ISS ZEP ou ISS ECLAIR en service partag\u00e9 entre une \u00e9cole REP ou REP+ et une \u00e9cole ouvrant droit \u00e0 la dite clause per\u00e7oivent les indemnit\u00e9s REP ou REP+ ainsi que l&rsquo;ISS ZEP ou ECLAIR au prorata de la dur\u00e9e d&rsquo;exercice effectu\u00e9 dans chacune des \u00e9coles.<\/p>\n<p class=\"spip\">Ces indemnit\u00e9s seront vers\u00e9es ou r\u00e9gularis\u00e9es \u00e0 partir du <strong class=\"spip\">mois d&rsquo;octobre.<\/strong><\/p>\n<\/div>\n","protected":false},"excerpt":{"rendered":"<p>Textes de r\u00e9f\u00e9rence <br \/>D\u00e9cret n\u00b0 2015-1087 du 28 ao\u00fbt 2015 <br \/>D\u00e9cret n\u00b02015-1088 du 28 ao\u00fbt 2015 <br \/>Arr\u00eat\u00e9s du 28 ao\u00fbt 2015 <br \/>Date de versement <br \/>Ce n&rsquo;est que sur la paye du mois d&rsquo;octobre, ou au plus tard sur celle de novembre, que seront vers\u00e9es les nouvelles indemnit\u00e9s REP\/REP+. En cause, l&rsquo;administration qui n&rsquo;avait pas cr\u00e9\u00e9 \u00e0 temps les codes informatiques n\u00e9cessaires au versement de ces indemnit\u00e9s a expliqu\u00e9 le minist\u00e8re. Pour m\u00e9moire, leur montant doit \u00eatre major\u00e9 (&#8230;)<br \/>\n&#8211;<br \/>\n<a href=\"http:\/\/86.snuipp.fr\/spip.php?rubrique86\" rel=\"directory\">Salaires, Indices, Indemnit\u00e9s, Primes, GIPA<\/a><br \/>\n\/<br \/>\n<a href=\"http:\/\/86.snuipp.fr\/spip.php?mot286\" rel=\"tag\">Salaires, indemnit\u00e9s, primes .<\/a><\/p>\n","protected":false},"author":1,"featured_media":0,"comment_status":"open","ping_status":"open","sticky":false,"template":"","format":"standard","meta":{"footnotes":""},"categories":[14],"tags":[],"class_list":["post-725","post","type-post","status-publish","format-standard","hentry","category-a-la-une"],"yoast_head":"<!-- This site is optimized with the Yoast SEO plugin v26.6 - https:\/\/yoast.com\/wordpress\/plugins\/seo\/ -->\n<title>Pr\u00e9cisions versement des indemnit\u00e9s REP et REP+ - FSU-SNUipp 86<\/title>\n<meta name=\"robots\" content=\"index, follow, max-snippet:-1, max-image-preview:large, max-video-preview:-1\" \/>\n<link rel=\"canonical\" href=\"https:\/\/snuipp86.fr\/index.php\/2015\/09\/18\/prcisions-versement-des-indemnits-rep-et-rep\/\" \/>\n<meta property=\"og:locale\" content=\"fr_FR\" \/>\n<meta property=\"og:type\" content=\"article\" \/>\n<meta property=\"og:title\" content=\"Pr\u00e9cisions versement des indemnit\u00e9s REP et REP+ - FSU-SNUipp 86\" \/>\n<meta property=\"og:description\" content=\"Textes de r\u00e9f\u00e9rence D\u00e9cret n\u00b0 2015-1087 du 28 ao\u00fbt 2015 D\u00e9cret n\u00b02015-1088 du 28 ao\u00fbt 2015 Arr\u00eat\u00e9s du 28 ao\u00fbt 2015 Date de versement Ce n&#039;est que sur la paye du mois d&#039;octobre, ou au plus tard sur celle de novembre, que seront vers\u00e9es les nouvelles indemnit\u00e9s REP\/REP+. En cause, l&#039;administration qui n&#039;avait pas cr\u00e9\u00e9 \u00e0 temps les codes informatiques n\u00e9cessaires au versement de ces indemnit\u00e9s a expliqu\u00e9 le minist\u00e8re. Pour m\u00e9moire, leur montant doit \u00eatre major\u00e9 (...) - Salaires, Indices, Indemnit\u00e9s, Primes, GIPA \/ Salaires, indemnit\u00e9s, primes .\" \/>\n<meta property=\"og:url\" content=\"https:\/\/snuipp86.fr\/index.php\/2015\/09\/18\/prcisions-versement-des-indemnits-rep-et-rep\/\" \/>\n<meta property=\"og:site_name\" content=\"FSU-SNUipp 86\" \/>\n<meta property=\"article:published_time\" content=\"2015-09-18T12:47:45+00:00\" \/>\n<meta property=\"og:image\" content=\"http:\/\/snuipp86.fr\/wp-content\/spip\/IMG\/arton2906.png\" \/>\n<meta name=\"author\" content=\"WP86Admin\" \/>\n<meta name=\"twitter:card\" content=\"summary_large_image\" \/>\n<meta name=\"twitter:label1\" content=\"\u00c9crit par\" \/>\n\t<meta name=\"twitter:data1\" content=\"WP86Admin\" \/>\n\t<meta name=\"twitter:label2\" content=\"Dur\u00e9e de lecture estim\u00e9e\" \/>\n\t<meta name=\"twitter:data2\" content=\"3 minutes\" \/>\n<script type=\"application\/ld+json\" class=\"yoast-schema-graph\">{\"@context\":\"https:\/\/schema.org\",\"@graph\":[{\"@type\":\"WebPage\",\"@id\":\"https:\/\/snuipp86.fr\/index.php\/2015\/09\/18\/prcisions-versement-des-indemnits-rep-et-rep\/\",\"url\":\"https:\/\/snuipp86.fr\/index.php\/2015\/09\/18\/prcisions-versement-des-indemnits-rep-et-rep\/\",\"name\":\"Pr\u00e9cisions versement des indemnit\u00e9s REP et REP+ - FSU-SNUipp 86\",\"isPartOf\":{\"@id\":\"https:\/\/snuipp86.fr\/#website\"},\"primaryImageOfPage\":{\"@id\":\"https:\/\/snuipp86.fr\/index.php\/2015\/09\/18\/prcisions-versement-des-indemnits-rep-et-rep\/#primaryimage\"},\"image\":{\"@id\":\"https:\/\/snuipp86.fr\/index.php\/2015\/09\/18\/prcisions-versement-des-indemnits-rep-et-rep\/#primaryimage\"},\"thumbnailUrl\":\"http:\/\/snuipp86.fr\/wp-content\/spip\/IMG\/arton2906.png\",\"datePublished\":\"2015-09-18T12:47:45+00:00\",\"author\":{\"@id\":\"https:\/\/snuipp86.fr\/#\/schema\/person\/901b28b9ae1c7a63a6a940102e52a7a2\"},\"breadcrumb\":{\"@id\":\"https:\/\/snuipp86.fr\/index.php\/2015\/09\/18\/prcisions-versement-des-indemnits-rep-et-rep\/#breadcrumb\"},\"inLanguage\":\"fr-FR\",\"potentialAction\":[{\"@type\":\"ReadAction\",\"target\":[\"https:\/\/snuipp86.fr\/index.php\/2015\/09\/18\/prcisions-versement-des-indemnits-rep-et-rep\/\"]}]},{\"@type\":\"ImageObject\",\"inLanguage\":\"fr-FR\",\"@id\":\"https:\/\/snuipp86.fr\/index.php\/2015\/09\/18\/prcisions-versement-des-indemnits-rep-et-rep\/#primaryimage\",\"url\":\"http:\/\/snuipp86.fr\/wp-content\/spip\/IMG\/arton2906.png\",\"contentUrl\":\"http:\/\/snuipp86.fr\/wp-content\/spip\/IMG\/arton2906.png\"},{\"@type\":\"BreadcrumbList\",\"@id\":\"https:\/\/snuipp86.fr\/index.php\/2015\/09\/18\/prcisions-versement-des-indemnits-rep-et-rep\/#breadcrumb\",\"itemListElement\":[{\"@type\":\"ListItem\",\"position\":1,\"name\":\"Accueil\",\"item\":\"https:\/\/snuipp86.fr\/\"},{\"@type\":\"ListItem\",\"position\":2,\"name\":\"Pr\u00e9cisions versement des indemnit\u00e9s REP et REP+\"}]},{\"@type\":\"WebSite\",\"@id\":\"https:\/\/snuipp86.fr\/#website\",\"url\":\"https:\/\/snuipp86.fr\/\",\"name\":\"FSU-SNUipp 86\",\"description\":\"Des id\u00e9es qui font l&#039;\u00e9cole\",\"potentialAction\":[{\"@type\":\"SearchAction\",\"target\":{\"@type\":\"EntryPoint\",\"urlTemplate\":\"https:\/\/snuipp86.fr\/?s={search_term_string}\"},\"query-input\":{\"@type\":\"PropertyValueSpecification\",\"valueRequired\":true,\"valueName\":\"search_term_string\"}}],\"inLanguage\":\"fr-FR\"},{\"@type\":\"Person\",\"@id\":\"https:\/\/snuipp86.fr\/#\/schema\/person\/901b28b9ae1c7a63a6a940102e52a7a2\",\"name\":\"WP86Admin\",\"image\":{\"@type\":\"ImageObject\",\"inLanguage\":\"fr-FR\",\"@id\":\"https:\/\/snuipp86.fr\/#\/schema\/person\/image\/\",\"url\":\"https:\/\/secure.gravatar.com\/avatar\/0099845c7ec05dc10d777d8ab4f5142c5ba316283821af2459738ad469a37a1a?s=96&d=mm&r=g\",\"contentUrl\":\"https:\/\/secure.gravatar.com\/avatar\/0099845c7ec05dc10d777d8ab4f5142c5ba316283821af2459738ad469a37a1a?s=96&d=mm&r=g\",\"caption\":\"WP86Admin\"},\"url\":\"https:\/\/snuipp86.fr\/index.php\/author\/wp86admin\/\"}]}<\/script>\n<!-- \/ Yoast SEO plugin. -->","yoast_head_json":{"title":"Pr\u00e9cisions versement des indemnit\u00e9s REP et REP+ - FSU-SNUipp 86","robots":{"index":"index","follow":"follow","max-snippet":"max-snippet:-1","max-image-preview":"max-image-preview:large","max-video-preview":"max-video-preview:-1"},"canonical":"https:\/\/snuipp86.fr\/index.php\/2015\/09\/18\/prcisions-versement-des-indemnits-rep-et-rep\/","og_locale":"fr_FR","og_type":"article","og_title":"Pr\u00e9cisions versement des indemnit\u00e9s REP et REP+ - FSU-SNUipp 86","og_description":"Textes de r\u00e9f\u00e9rence D\u00e9cret n\u00b0 2015-1087 du 28 ao\u00fbt 2015 D\u00e9cret n\u00b02015-1088 du 28 ao\u00fbt 2015 Arr\u00eat\u00e9s du 28 ao\u00fbt 2015 Date de versement Ce n'est que sur la paye du mois d'octobre, ou au plus tard sur celle de novembre, que seront vers\u00e9es les nouvelles indemnit\u00e9s REP\/REP+. En cause, l'administration qui n'avait pas cr\u00e9\u00e9 \u00e0 temps les codes informatiques n\u00e9cessaires au versement de ces indemnit\u00e9s a expliqu\u00e9 le minist\u00e8re. Pour m\u00e9moire, leur montant doit \u00eatre major\u00e9 (...) - Salaires, Indices, Indemnit\u00e9s, Primes, GIPA \/ Salaires, indemnit\u00e9s, primes .","og_url":"https:\/\/snuipp86.fr\/index.php\/2015\/09\/18\/prcisions-versement-des-indemnits-rep-et-rep\/","og_site_name":"FSU-SNUipp 86","article_published_time":"2015-09-18T12:47:45+00:00","og_image":[{"url":"http:\/\/snuipp86.fr\/wp-content\/spip\/IMG\/arton2906.png","type":"","width":"","height":""}],"author":"WP86Admin","twitter_card":"summary_large_image","twitter_misc":{"\u00c9crit par":"WP86Admin","Dur\u00e9e de lecture estim\u00e9e":"3 minutes"},"schema":{"@context":"https:\/\/schema.org","@graph":[{"@type":"WebPage","@id":"https:\/\/snuipp86.fr\/index.php\/2015\/09\/18\/prcisions-versement-des-indemnits-rep-et-rep\/","url":"https:\/\/snuipp86.fr\/index.php\/2015\/09\/18\/prcisions-versement-des-indemnits-rep-et-rep\/","name":"Pr\u00e9cisions versement des indemnit\u00e9s REP et REP+ - FSU-SNUipp 86","isPartOf":{"@id":"https:\/\/snuipp86.fr\/#website"},"primaryImageOfPage":{"@id":"https:\/\/snuipp86.fr\/index.php\/2015\/09\/18\/prcisions-versement-des-indemnits-rep-et-rep\/#primaryimage"},"image":{"@id":"https:\/\/snuipp86.fr\/index.php\/2015\/09\/18\/prcisions-versement-des-indemnits-rep-et-rep\/#primaryimage"},"thumbnailUrl":"http:\/\/snuipp86.fr\/wp-content\/spip\/IMG\/arton2906.png","datePublished":"2015-09-18T12:47:45+00:00","author":{"@id":"https:\/\/snuipp86.fr\/#\/schema\/person\/901b28b9ae1c7a63a6a940102e52a7a2"},"breadcrumb":{"@id":"https:\/\/snuipp86.fr\/index.php\/2015\/09\/18\/prcisions-versement-des-indemnits-rep-et-rep\/#breadcrumb"},"inLanguage":"fr-FR","potentialAction":[{"@type":"ReadAction","target":["https:\/\/snuipp86.fr\/index.php\/2015\/09\/18\/prcisions-versement-des-indemnits-rep-et-rep\/"]}]},{"@type":"ImageObject","inLanguage":"fr-FR","@id":"https:\/\/snuipp86.fr\/index.php\/2015\/09\/18\/prcisions-versement-des-indemnits-rep-et-rep\/#primaryimage","url":"http:\/\/snuipp86.fr\/wp-content\/spip\/IMG\/arton2906.png","contentUrl":"http:\/\/snuipp86.fr\/wp-content\/spip\/IMG\/arton2906.png"},{"@type":"BreadcrumbList","@id":"https:\/\/snuipp86.fr\/index.php\/2015\/09\/18\/prcisions-versement-des-indemnits-rep-et-rep\/#breadcrumb","itemListElement":[{"@type":"ListItem","position":1,"name":"Accueil","item":"https:\/\/snuipp86.fr\/"},{"@type":"ListItem","position":2,"name":"Pr\u00e9cisions versement des indemnit\u00e9s REP et REP+"}]},{"@type":"WebSite","@id":"https:\/\/snuipp86.fr\/#website","url":"https:\/\/snuipp86.fr\/","name":"FSU-SNUipp 86","description":"Des id\u00e9es qui font l&#039;\u00e9cole","potentialAction":[{"@type":"SearchAction","target":{"@type":"EntryPoint","urlTemplate":"https:\/\/snuipp86.fr\/?s={search_term_string}"},"query-input":{"@type":"PropertyValueSpecification","valueRequired":true,"valueName":"search_term_string"}}],"inLanguage":"fr-FR"},{"@type":"Person","@id":"https:\/\/snuipp86.fr\/#\/schema\/person\/901b28b9ae1c7a63a6a940102e52a7a2","name":"WP86Admin","image":{"@type":"ImageObject","inLanguage":"fr-FR","@id":"https:\/\/snuipp86.fr\/#\/schema\/person\/image\/","url":"https:\/\/secure.gravatar.com\/avatar\/0099845c7ec05dc10d777d8ab4f5142c5ba316283821af2459738ad469a37a1a?s=96&d=mm&r=g","contentUrl":"https:\/\/secure.gravatar.com\/avatar\/0099845c7ec05dc10d777d8ab4f5142c5ba316283821af2459738ad469a37a1a?s=96&d=mm&r=g","caption":"WP86Admin"},"url":"https:\/\/snuipp86.fr\/index.php\/author\/wp86admin\/"}]}},"_links":{"self":[{"href":"https:\/\/snuipp86.fr\/index.php\/wp-json\/wp\/v2\/posts\/725","targetHints":{"allow":["GET"]}}],"collection":[{"href":"https:\/\/snuipp86.fr\/index.php\/wp-json\/wp\/v2\/posts"}],"about":[{"href":"https:\/\/snuipp86.fr\/index.php\/wp-json\/wp\/v2\/types\/post"}],"author":[{"embeddable":true,"href":"https:\/\/snuipp86.fr\/index.php\/wp-json\/wp\/v2\/users\/1"}],"replies":[{"embeddable":true,"href":"https:\/\/snuipp86.fr\/index.php\/wp-json\/wp\/v2\/comments?post=725"}],"version-history":[{"count":0,"href":"https:\/\/snuipp86.fr\/index.php\/wp-json\/wp\/v2\/posts\/725\/revisions"}],"wp:attachment":[{"href":"https:\/\/snuipp86.fr\/index.php\/wp-json\/wp\/v2\/media?parent=725"}],"wp:term":[{"taxonomy":"category","embeddable":true,"href":"https:\/\/snuipp86.fr\/index.php\/wp-json\/wp\/v2\/categories?post=725"},{"taxonomy":"post_tag","embeddable":true,"href":"https:\/\/snuipp86.fr\/index.php\/wp-json\/wp\/v2\/tags?post=725"}],"curies":[{"name":"wp","href":"https:\/\/api.w.org\/{rel}","templated":true}]}}